{"id":20921,"date":"2023-12-26T19:21:00","date_gmt":"2023-12-26T22:21:00","guid":{"rendered":"https:\/\/noticiasribeiraopreto.com.br\/index.php\/2023\/12\/26\/governo-divulga-calendario-de-pagamentos-do-bolsa-familia-para-2024-meu-valor-digital\/"},"modified":"2023-12-26T19:21:00","modified_gmt":"2023-12-26T22:21:00","slug":"governo-divulga-calendario-de-pagamentos-do-bolsa-familia-para-2024-meu-valor-digital","status":"publish","type":"post","link":"https:\/\/noticiasribeiraopreto.com.br\/index.php\/2023\/12\/26\/governo-divulga-calendario-de-pagamentos-do-bolsa-familia-para-2024-meu-valor-digital\/","title":{"rendered":"Governo divulga calend\u00e1rio de pagamentos do Bolsa Fam\u00edlia para 2024 &#8211; Meu Valor Digital"},"content":{"rendered":"<div class='code-block code-block-1' style='margin: 8px 0 8px auto; text-align: right; display: block; clear: both;'>\n<p><a href=\"https:\/\/wa.link\/vpicfd\"><img data-recalc-dims=\"1\" class=\"wp-image-4922\" style=\"aspect-ratio: 2.0253164556962027; width: 561px; height: auto;\" src=\"https:\/\/i0.wp.com\/ismaelcolosi.com.br\/wp-content\/uploads\/2023\/11\/grupo-de-empregos-whatsapp-e-facebook-ismael-colosi-vagas.jpg?ssl=1\" alt=\"\" \/><\/a><\/p>\n<!-- \/wp:image -->\n<\/div>\n<p> <br \/>\n<\/p>\n<div> <!--<![endif]--><br \/>\n<head><meta charset=\"UTF-8\"\/><br \/>\n<meta http-equiv=\"X-UA-Compatible\" content=\"IE=edge\"\/><br \/>\n<meta name=\"viewport\" content=\"width=device-width, initial-scale=1.0\"\/>\n<link rel=\"pingback\" href=\"https:\/\/meuvalordigital.com.br\/xmlrpc.php\"\/>\n<meta name=\"robots\" content=\"index, follow, max-image-preview:large, max-snippet:-1, max-video-preview:-1\"\/><\/p>\n<p><title>Governo divulga calend\u00e1rio de pagamentos do Bolsa Fam\u00edlia para 2024 &#8211; Meu Valor Digital &#8211; Not\u00edcias atualizadas<\/title><br \/>\n<meta name=\"description\" content=\"O governo federal informou que j\u00e1 est\u00e1 dispon\u00edvel o calend\u00e1rio de pagamentos do Programa Bolsa Fam\u00edlia para o ano de 2024.\u00a0\"\/>\n<link rel=\"canonical\" href=\"https:\/\/meuvalordigital.com.br\/governo-divulga-calendario-de-pagamentos-do-bolsa-familia-para-2024\/\"\/>\n<meta property=\"og:locale\" content=\"pt_BR\"\/><br \/>\n<meta property=\"og:type\" content=\"article\"\/><br \/>\n<meta property=\"og:title\" content=\"Governo divulga calend\u00e1rio de pagamentos do Bolsa Fam\u00edlia para 2024\"\/><br \/>\n<meta property=\"og:description\" content=\"O governo federal informou que j\u00e1 est\u00e1 dispon\u00edvel o calend\u00e1rio de pagamentos do Programa Bolsa Fam\u00edlia para o ano de 2024.\u00a0\"\/><br \/>\n<meta property=\"og:url\" content=\"https:\/\/meuvalordigital.com.br\/governo-divulga-calendario-de-pagamentos-do-bolsa-familia-para-2024\/\"\/><br \/>\n<meta property=\"og:site_name\" content=\"Meu Valor Digital - Not\u00edcias atualizadas\"\/><br \/>\n<meta property=\"article:publisher\" content=\"https:\/\/www.facebook.com\/meuvalordigital\/\"\/><br \/>\n<meta property=\"article:published_time\" content=\"2023-12-26T22:00:44+00:00\"\/><br \/>\n<meta property=\"article:modified_time\" content=\"2023-12-26T22:04:47+00:00\"\/><br \/>\n<meta property=\"og:image\" content=\"https:\/\/meuvalordigital.com.br\/wp-content\/uploads\/2023\/12\/Bolsa-Familia-1.jpg\"\/><br \/>\n<meta property=\"og:image:width\" content=\"1242\"\/><br \/>\n<meta property=\"og:image:height\" content=\"800\"\/><br \/>\n<meta property=\"og:image:type\" content=\"image\/jpeg\"\/><br \/>\n<meta name=\"author\" content=\"Jorge Roberto Wright\"\/><br \/>\n<meta name=\"twitter:card\" content=\"summary_large_image\"\/><br \/>\n<meta name=\"twitter:creator\" content=\"@meuvalordigital\"\/><br \/>\n<meta name=\"twitter:site\" content=\"@meuvalordigital\"\/><br \/>\n<meta name=\"twitter:label1\" content=\"Escrito por\"\/><br \/>\n<meta name=\"twitter:data1\" content=\"Jorge Roberto Wright\"\/><br \/>\n<meta name=\"twitter:label2\" content=\"Est. tempo de leitura\"\/><br \/>\n<meta name=\"twitter:data2\" content=\"2 minutos\"\/><\/p>\n<link rel=\"amphtml\" href=\"https:\/\/meuvalordigital.com.br\/governo-divulga-calendario-de-pagamentos-do-bolsa-familia-para-2024\/amp\/\"\/><meta name=\"generator\" content=\"AMP for WP 1.0.85\"\/><link rel=\"dns-prefetch\" href=\"https:\/\/www.googletagmanager.com\"\/>\n<link rel=\"dns-prefetch\" href=\"https:\/\/pagead2.googlesyndication.com\"\/>\n<link rel=\"alternate\" type=\"application\/rss+xml\" title=\"Feed para Meu Valor Digital - Not\u00edcias atualizadas \u00bb\" href=\"https:\/\/meuvalordigital.com.br\/feed\/\"\/>\n<link rel=\"alternate\" type=\"application\/rss+xml\" title=\"Feed de coment\u00e1rios para Meu Valor Digital - Not\u00edcias atualizadas \u00bb\" href=\"https:\/\/meuvalordigital.com.br\/comments\/feed\/\"\/>\n<link rel=\"alternate\" type=\"application\/rss+xml\" title=\"Feed de Meu Valor Digital - Not\u00edcias atualizadas \u00bb Story\" href=\"https:\/\/meuvalordigital.com.br\/web-stories\/feed\/\"\/>\n<p><!--[if lt IE 9]>\n\n<![endif]--><br \/>\n<!--[if lt IE 9]>\n\n<![endif]-->\n<link rel=\"https:\/\/api.w.org\/\" href=\"https:\/\/meuvalordigital.com.br\/wp-json\/\"\/><link rel=\"alternate\" type=\"application\/json\" href=\"https:\/\/meuvalordigital.com.br\/wp-json\/wp\/v2\/posts\/35760\"\/><link rel=\"EditURI\" type=\"application\/rsd+xml\" title=\"RSD\" href=\"https:\/\/meuvalordigital.com.br\/xmlrpc.php?rsd\"\/>\n<meta name=\"generator\" content=\"WordPress 6.4.2\"\/>\n<link rel=\"shortlink\" href=\"https:\/\/meuvalordigital.com.br\/?p=35760\"\/>\n<link rel=\"alternate\" type=\"application\/json+oembed\" href=\"https:\/\/meuvalordigital.com.br\/wp-json\/oembed\/1.0\/embed?url=https%3A%2F%2Fmeuvalordigital.com.br%2Fgoverno-divulga-calendario-de-pagamentos-do-bolsa-familia-para-2024%2F\"\/>\n<link rel=\"alternate\" type=\"text\/xml+oembed\" href=\"https:\/\/meuvalordigital.com.br\/wp-json\/oembed\/1.0\/embed?url=https%3A%2F%2Fmeuvalordigital.com.br%2Fgoverno-divulga-calendario-de-pagamentos-do-bolsa-familia-para-2024%2F&amp;format=xml\"\/>\n<p><meta name=\"generator\" content=\"Site Kit by Google 1.111.1\"\/><\/p>\n<p><meta name=\"google-adsense-platform-account\" content=\"ca-host-pub-2644536267352236\"\/><br \/>\n<meta name=\"google-adsense-platform-domain\" content=\"sitekit.withgoogle.com\"\/><\/p>\n<p><meta name=\"generator\" content=\"Powered by WPBakery Page Builder - drag and drop page builder for WordPress.\"\/><\/p>\n<link rel=\"icon\" href=\"https:\/\/meuvalordigital.com.br\/wp-content\/uploads\/2020\/10\/cropped-pequena-1-32x32.png\" sizes=\"32x32\"\/>\n<link rel=\"icon\" href=\"https:\/\/meuvalordigital.com.br\/wp-content\/uploads\/2020\/10\/cropped-pequena-1-192x192.png\" sizes=\"192x192\"\/>\n<link rel=\"apple-touch-icon\" href=\"https:\/\/meuvalordigital.com.br\/wp-content\/uploads\/2020\/10\/cropped-pequena-1-180x180.png\"\/>\n<meta name=\"msapplication-TileImage\" content=\"https:\/\/meuvalordigital.com.br\/wp-content\/uploads\/2020\/10\/cropped-pequena-1-270x270.png\"\/><\/p>\n<p><noscript\/><br \/>\n<noscript\/> <\/head><br \/>\n<body data-rsssl=\"1\" class=\"post-template-default single single-post postid-35760 single-format-standard bs-theme bs-publisher bs-publisher-magly active-light-box active-top-line ltr close-rh page-layout-2-col page-layout-2-col-right full-width main-menu-sticky-smart main-menu-stretched active-ajax-search single-prim-cat-75 single-cat-75 single-cat-2473  wpb-js-composer js-comp-ver-6.7.0 vc_responsive bs-ll-d\" dir=\"ltr\" id=\"wp_automatic_ReadabilityBody\"><\/p>\n<div class=\"main-wrap content-main-wrap\">\n<nav role=\"navigation\" aria-label=\"Breadcrumbs\" class=\"bf-breadcrumb clearfix bc-top-style\">\n<div class=\"container bf-breadcrumb-container\">\n<ul class=\"bf-breadcrumb-items\"><meta name=\"numberOfItems\" content=\"3\"\/><meta name=\"itemListOrder\" content=\"Ascending\"\/><\/p>\n<li class=\"bf-breadcrumb-item bf-breadcrumb-begin\"><a href=\"https:\/\/meuvalordigital.com.br\" rel=\"home\"><span>In\u00edcio<\/span><\/a><meta content=\"1\"\/><\/li>\n<li class=\"bf-breadcrumb-item\"><a href=\"https:\/\/meuvalordigital.com.br\/category\/chamadas\/\"><span>Chamadas<\/span><\/a><meta content=\"2\"\/><\/li>\n<li class=\"bf-breadcrumb-item bf-breadcrumb-end\"><span>Governo divulga calend\u00e1rio de pagamentos do Bolsa Fam\u00edlia para 2024<\/span><meta content=\"https:\/\/meuvalordigital.com.br\/governo-divulga-calendario-de-pagamentos-do-bolsa-familia-para-2024\/\"\/><meta content=\"3\"\/><\/li>\n<\/ul>\n<\/div>\n<\/nav>\n<\/div>\n<p><span class=\"back-top\"><i class=\"fa fa-arrow-up\"\/><\/span><\/p>\n<p><noscript><iframe loading=\"lazy\" src=\"https:\/\/www.googletagmanager.com\/ns.html?id=GTM-M2RVST6\" height=\"0\" width=\"0\" style=\"display:none;visibility:hidden\" aria-hidden=\"true\"><\/iframe><\/noscript><\/p>\n<p><\/body>\n<\/div>\n<p><br \/>\n<br \/><a href=\"https:\/\/meuvalordigital.com.br\/governo-divulga-calendario-de-pagamentos-do-bolsa-familia-para-2024\/\">Source link <\/a><\/p>\n<!-- CONTENT END 1 -->\n","protected":false},"excerpt":{"rendered":"<p>Governo divulga calend\u00e1rio de pagamentos do Bolsa Fam\u00edlia para 2024 &#8211; Meu Valor Digital &#8211; Not\u00edcias atualizadas In\u00edcio Chamadas Governo divulga calend\u00e1rio de pagamentos do&#8230;<\/p>\n","protected":false},"author":1,"featured_media":20922,"comment_status":"open","ping_status":"open","sticky":false,"template":"","format":"standard","meta":{"advanced_seo_description":"","jetpack_seo_html_title":"","jetpack_seo_noindex":false,"jetpack_post_was_ever_published":false,"_jetpack_newsletter_access":"","_jetpack_dont_email_post_to_subs":false,"_jetpack_newsletter_tier_id":0,"_jetpack_memberships_contains_paywalled_content":false,"_jetpack_memberships_contains_paid_content":false,"footnotes":"","jetpack_publicize_message":"","jetpack_publicize_feature_enabled":true,"jetpack_social_post_already_shared":true,"jetpack_social_options":{"image_generator_settings":{"template":"highway","default_image_id":0,"font":"","enabled":false},"version":2}},"categories":[7],"tags":[],"class_list":["post-20921","post","type-post","status-publish","format-standard","has-post-thumbnail","hentry","category-vagas-de-empregos-em-ribeirao-preto-regiao-brasil"],"jetpack_publicize_connections":[],"jetpack_featured_media_url":"https:\/\/i0.wp.com\/noticiasribeiraopreto.com.br\/wp-content\/uploads\/2023\/12\/1703629263_Bolsa-Familia-1.jpg?fit=1242%2C800&ssl=1","jetpack-related-posts":[{"id":20729,"url":"https:\/\/noticiasribeiraopreto.com.br\/index.php\/2023\/12\/26\/governo-divulga-calendario-de-pagamentos-do-bolsa-familia-para-2024\/","url_meta":{"origin":20921,"position":0},"title":"Governo divulga calend\u00e1rio de pagamentos do Bolsa Fam\u00edlia para 2024","author":"noticiasribeiraopreto.com.br","date":"26 de December de 2023","format":false,"excerpt":"J\u00e1 est\u00e1 dispon\u00edvel o calend\u00e1rio de pagamentos do Programa Bolsa Fam\u00edlia para o ano de 2024. As datas foram definidas pelo Minist\u00e9rio do Desenvolvimento e Assist\u00eancia Social, Fam\u00edlia e Combate \u00e0 Fome (MDS), respons\u00e1vel pela gest\u00e3o do programa, e pela Caixa Econ\u00f4mica Federal, que executa os pagamentos. Cr\u00e9ditos: Ag\u00eancia Brasil\/Marcelo\u2026","rel":"","context":"In &quot;Variedades&quot;","block_context":{"text":"Variedades","link":"https:\/\/noticiasribeiraopreto.com.br\/index.php\/category\/variedades\/"},"img":{"alt_text":"","src":"https:\/\/i0.wp.com\/noticiasribeiraopreto.com.br\/wp-content\/uploads\/2023\/12\/1703602524_bolsa-familia-a-noticia-mais-esperada-de-setembro-acaba-de-chegar.jpg?fit=1200%2C638&ssl=1&resize=350%2C200","width":350,"height":200,"srcset":"https:\/\/i0.wp.com\/noticiasribeiraopreto.com.br\/wp-content\/uploads\/2023\/12\/1703602524_bolsa-familia-a-noticia-mais-esperada-de-setembro-acaba-de-chegar.jpg?fit=1200%2C638&ssl=1&resize=350%2C200 1x, https:\/\/i0.wp.com\/noticiasribeiraopreto.com.br\/wp-content\/uploads\/2023\/12\/1703602524_bolsa-familia-a-noticia-mais-esperada-de-setembro-acaba-de-chegar.jpg?fit=1200%2C638&ssl=1&resize=525%2C300 1.5x, https:\/\/i0.wp.com\/noticiasribeiraopreto.com.br\/wp-content\/uploads\/2023\/12\/1703602524_bolsa-familia-a-noticia-mais-esperada-de-setembro-acaba-de-chegar.jpg?fit=1200%2C638&ssl=1&resize=700%2C400 2x, https:\/\/i0.wp.com\/noticiasribeiraopreto.com.br\/wp-content\/uploads\/2023\/12\/1703602524_bolsa-familia-a-noticia-mais-esperada-de-setembro-acaba-de-chegar.jpg?fit=1200%2C638&ssl=1&resize=1050%2C600 3x"},"classes":[]},{"id":55616,"url":"https:\/\/noticiasribeiraopreto.com.br\/index.php\/2024\/08\/03\/atencao-beneficiarios-bolsa-familia-divulga-calendario-do-mes-de-agosto-para-os-nis-1-2-3-4-5-6-7-8-9-e-0-confira-as-datas-de-pagamento-2\/","url_meta":{"origin":20921,"position":1},"title":"Aten\u00e7\u00e3o benefici\u00e1rios! Bolsa fam\u00edlia divulga calend\u00e1rio do m\u00eas de Agosto para os NIS 1, 2, 3, 4, 5, 6, 7, 8, 9 e 0; Confira as datas de pagamento","author":"noticiasribeiraopreto.com.br","date":"3 de August de 2024","format":false,"excerpt":"O Bolsa Fam\u00edlia, programa de transfer\u00eancia de renda do governo federal brasileiro, continua sendo uma ferramenta importante para milh\u00f5es de fam\u00edlias em situa\u00e7\u00e3o de vulnerabilidade econ\u00f4mica. Para fornecer assist\u00eancia financeira mensal, o programa prev\u00ea pagamentos de acordo com um calend\u00e1rio espec\u00edfico, que inclui benef\u00edcios adicionais em determinadas ocasi\u00f5es. Para receber\u2026","rel":"","context":"In &quot;Dinheiro e Investimento&quot;","block_context":{"text":"Dinheiro e Investimento","link":"https:\/\/noticiasribeiraopreto.com.br\/index.php\/category\/dinheiro-e-investimento-como-fazer-como-ganhar\/"},"img":{"alt_text":"","src":"https:\/\/i0.wp.com\/noticiasribeiraopreto.com.br\/wp-content\/uploads\/2024\/07\/reuniao-semanal-equipe-borcelle.webp.webp?fit=1200%2C630&ssl=1&resize=350%2C200","width":350,"height":200,"srcset":"https:\/\/i0.wp.com\/noticiasribeiraopreto.com.br\/wp-content\/uploads\/2024\/07\/reuniao-semanal-equipe-borcelle.webp.webp?fit=1200%2C630&ssl=1&resize=350%2C200 1x, https:\/\/i0.wp.com\/noticiasribeiraopreto.com.br\/wp-content\/uploads\/2024\/07\/reuniao-semanal-equipe-borcelle.webp.webp?fit=1200%2C630&ssl=1&resize=525%2C300 1.5x, https:\/\/i0.wp.com\/noticiasribeiraopreto.com.br\/wp-content\/uploads\/2024\/07\/reuniao-semanal-equipe-borcelle.webp.webp?fit=1200%2C630&ssl=1&resize=700%2C400 2x, https:\/\/i0.wp.com\/noticiasribeiraopreto.com.br\/wp-content\/uploads\/2024\/07\/reuniao-semanal-equipe-borcelle.webp.webp?fit=1200%2C630&ssl=1&resize=1050%2C600 3x"},"classes":[]},{"id":47242,"url":"https:\/\/noticiasribeiraopreto.com.br\/index.php\/2024\/04\/25\/bolsa-familia-governo-divulga-nova-lista-nis-de-contemplados-para-receber-r-800-em-maio-confira-calendario\/","url_meta":{"origin":20921,"position":2},"title":"Bolsa Fam\u00edlia: Governo divulga nova lista NIS de contemplados para receber R$ 800 em MAIO; Confira calend\u00e1rio","author":"noticiasribeiraopreto.com.br","date":"25 de April de 2024","format":false,"excerpt":"O programa Bolsa Fam\u00edlia, que j\u00e1 se tornou parte importante do apoio socioecon\u00f4mico a milhares de fam\u00edlias no Brasil, apresenta novos pagamentos e benef\u00edcios adicionais que ter\u00e3o in\u00edcio no pr\u00f3ximo m\u00eas. Entenda agora como \u00e9 o pagamento e quais s\u00e3o os novos benef\u00edcios para os benefici\u00e1rios. 1. Quando come\u00e7am os\u2026","rel":"","context":"In &quot;Dinheiro e Investimento&quot;","block_context":{"text":"Dinheiro e Investimento","link":"https:\/\/noticiasribeiraopreto.com.br\/index.php\/category\/dinheiro-e-investimento-como-fazer-como-ganhar\/"},"img":{"alt_text":"","src":"https:\/\/i0.wp.com\/noticiasribeiraopreto.com.br\/wp-content\/uploads\/2024\/04\/STARTUP-2.webp.webp?fit=1200%2C630&ssl=1&resize=350%2C200","width":350,"height":200,"srcset":"https:\/\/i0.wp.com\/noticiasribeiraopreto.com.br\/wp-content\/uploads\/2024\/04\/STARTUP-2.webp.webp?fit=1200%2C630&ssl=1&resize=350%2C200 1x, https:\/\/i0.wp.com\/noticiasribeiraopreto.com.br\/wp-content\/uploads\/2024\/04\/STARTUP-2.webp.webp?fit=1200%2C630&ssl=1&resize=525%2C300 1.5x, https:\/\/i0.wp.com\/noticiasribeiraopreto.com.br\/wp-content\/uploads\/2024\/04\/STARTUP-2.webp.webp?fit=1200%2C630&ssl=1&resize=700%2C400 2x, https:\/\/i0.wp.com\/noticiasribeiraopreto.com.br\/wp-content\/uploads\/2024\/04\/STARTUP-2.webp.webp?fit=1200%2C630&ssl=1&resize=1050%2C600 3x"},"classes":[]},{"id":55276,"url":"https:\/\/noticiasribeiraopreto.com.br\/index.php\/2024\/07\/31\/atencao-beneficiarios-bolsa-familia-divulga-calendario-do-mes-de-agosto-para-os-nis-1-2-3-4-5-6-7-8-9-e-0-confira-as-datas-de-pagamento\/","url_meta":{"origin":20921,"position":3},"title":"Aten\u00e7\u00e3o benefici\u00e1rios! Bolsa fam\u00edlia divulga calend\u00e1rio do m\u00eas de Agosto para os NIS 1, 2, 3, 4, 5, 6, 7, 8, 9 e 0; Confira as datas de pagamento","author":"noticiasribeiraopreto.com.br","date":"31 de July de 2024","format":false,"excerpt":"O Bolsa Fam\u00edlia, programa de transfer\u00eancia de renda do governo federal brasileiro, continua sendo uma ferramenta importante para milh\u00f5es de fam\u00edlias em situa\u00e7\u00e3o de vulnerabilidade econ\u00f4mica. Para fornecer assist\u00eancia financeira mensal, o programa prev\u00ea pagamentos de acordo com um calend\u00e1rio espec\u00edfico, que inclui benef\u00edcios adicionais em determinadas ocasi\u00f5es. Para receber\u2026","rel":"","context":"In &quot;Dinheiro e Investimento&quot;","block_context":{"text":"Dinheiro e Investimento","link":"https:\/\/noticiasribeiraopreto.com.br\/index.php\/category\/dinheiro-e-investimento-como-fazer-como-ganhar\/"},"img":{"alt_text":"","src":"https:\/\/i0.wp.com\/noticiasribeiraopreto.com.br\/wp-content\/uploads\/2024\/07\/reuniao-semanal-equipe-borcelle.webp.webp?fit=1200%2C630&ssl=1&resize=350%2C200","width":350,"height":200,"srcset":"https:\/\/i0.wp.com\/noticiasribeiraopreto.com.br\/wp-content\/uploads\/2024\/07\/reuniao-semanal-equipe-borcelle.webp.webp?fit=1200%2C630&ssl=1&resize=350%2C200 1x, https:\/\/i0.wp.com\/noticiasribeiraopreto.com.br\/wp-content\/uploads\/2024\/07\/reuniao-semanal-equipe-borcelle.webp.webp?fit=1200%2C630&ssl=1&resize=525%2C300 1.5x, https:\/\/i0.wp.com\/noticiasribeiraopreto.com.br\/wp-content\/uploads\/2024\/07\/reuniao-semanal-equipe-borcelle.webp.webp?fit=1200%2C630&ssl=1&resize=700%2C400 2x, https:\/\/i0.wp.com\/noticiasribeiraopreto.com.br\/wp-content\/uploads\/2024\/07\/reuniao-semanal-equipe-borcelle.webp.webp?fit=1200%2C630&ssl=1&resize=1050%2C600 3x"},"classes":[]},{"id":20776,"url":"https:\/\/noticiasribeiraopreto.com.br\/index.php\/2023\/12\/26\/confirmado-governo-federal-divulga-novo-calendario-do-bolsa-familia-para-2024-2\/","url_meta":{"origin":20921,"position":4},"title":"Confirmado! Governo Federal divulga NOVO calend\u00e1rio do Bolsa Fam\u00edlia para 2024","author":"noticiasribeiraopreto.com.br","date":"26 de December de 2023","format":false,"excerpt":"O governo federal divulgou nesta ter\u00e7a-feira (26) novas datas do calend\u00e1rio doBolsa Fam\u00edlia para o ano de 2024. Os dias de pagamento foram definidos pelo Minist\u00e9rio do Desenvolvimento e Assist\u00eancia Social, Fam\u00edlia e Combate \u00e0 Fome (MDS), respons\u00e1vel pela gest\u00e3o do programa, e pela Caixa Econ\u00f4mica Federal, que executa os\u2026","rel":"","context":"In &quot;Vagas de Emprego em Ribeir\u00e3o Preto-SP&quot;","block_context":{"text":"Vagas de Emprego em Ribeir\u00e3o Preto-SP","link":"https:\/\/noticiasribeiraopreto.com.br\/index.php\/category\/empregos-classificados-vagas-trabalho\/vagas-de-empregos-em-ribeirao-preto-regiao-brasil\/"},"img":{"alt_text":"","src":"https:\/\/i0.wp.com\/noticiasribeiraopreto.com.br\/wp-content\/uploads\/2023\/12\/100b2d57-2be0-4e76-a4d7-3a2048496436.png?fit=801%2C1200&ssl=1&resize=350%2C200","width":350,"height":200,"srcset":"https:\/\/i0.wp.com\/noticiasribeiraopreto.com.br\/wp-content\/uploads\/2023\/12\/100b2d57-2be0-4e76-a4d7-3a2048496436.png?fit=801%2C1200&ssl=1&resize=350%2C200 1x, https:\/\/i0.wp.com\/noticiasribeiraopreto.com.br\/wp-content\/uploads\/2023\/12\/100b2d57-2be0-4e76-a4d7-3a2048496436.png?fit=801%2C1200&ssl=1&resize=525%2C300 1.5x, https:\/\/i0.wp.com\/noticiasribeiraopreto.com.br\/wp-content\/uploads\/2023\/12\/100b2d57-2be0-4e76-a4d7-3a2048496436.png?fit=801%2C1200&ssl=1&resize=700%2C400 2x"},"classes":[]},{"id":41429,"url":"https:\/\/noticiasribeiraopreto.com.br\/index.php\/2024\/03\/08\/saiu-governo-divulga-calendario-do-vale-gas-de-abril-veja-as-datas-de-pagamento\/","url_meta":{"origin":20921,"position":5},"title":"SAIU! Governo divulga calend\u00e1rio do vale g\u00e1s de ABRIL; Veja as datas de pagamento","author":"noticiasribeiraopreto.com.br","date":"8 de March de 2024","format":false,"excerpt":"O programa Vale G\u00e1s \u00e9 uma iniciativa Federal para apoiar fam\u00edlias em situa\u00e7\u00e3o de vulnerabilidade social e econ\u00f4mica e garantir o acesso ao g\u00e1s de cozinha. A Secretaria de Cidadania j\u00e1 anunciou o cronograma de pagamento para abril de 2024, indicando a data em que os benefici\u00e1rios poder\u00e3o receber o\u2026","rel":"","context":"In &quot;Dinheiro e Investimento&quot;","block_context":{"text":"Dinheiro e Investimento","link":"https:\/\/noticiasribeiraopreto.com.br\/index.php\/category\/dinheiro-e-investimento-como-fazer-como-ganhar\/"},"img":{"alt_text":"","src":"https:\/\/i0.wp.com\/noticiasribeiraopreto.com.br\/wp-content\/uploads\/2024\/03\/emprestimo.webp.jpeg?fit=1200%2C630&ssl=1&resize=350%2C200","width":350,"height":200,"srcset":"https:\/\/i0.wp.com\/noticiasribeiraopreto.com.br\/wp-content\/uploads\/2024\/03\/emprestimo.webp.jpeg?fit=1200%2C630&ssl=1&resize=350%2C200 1x, https:\/\/i0.wp.com\/noticiasribeiraopreto.com.br\/wp-content\/uploads\/2024\/03\/emprestimo.webp.jpeg?fit=1200%2C630&ssl=1&resize=525%2C300 1.5x, https:\/\/i0.wp.com\/noticiasribeiraopreto.com.br\/wp-content\/uploads\/2024\/03\/emprestimo.webp.jpeg?fit=1200%2C630&ssl=1&resize=700%2C400 2x, https:\/\/i0.wp.com\/noticiasribeiraopreto.com.br\/wp-content\/uploads\/2024\/03\/emprestimo.webp.jpeg?fit=1200%2C630&ssl=1&resize=1050%2C600 3x"},"classes":[]}],"jetpack_sharing_enabled":true,"jetpack_shortlink":"https:\/\/wp.me\/peQAOb-5rr","_links":{"self":[{"href":"https:\/\/noticiasribeiraopreto.com.br\/index.php\/wp-json\/wp\/v2\/posts\/20921","targetHints":{"allow":["GET"]}}],"collection":[{"href":"https:\/\/noticiasribeiraopreto.com.br\/index.php\/wp-json\/wp\/v2\/posts"}],"about":[{"href":"https:\/\/noticiasribeiraopreto.com.br\/index.php\/wp-json\/wp\/v2\/types\/post"}],"author":[{"embeddable":true,"href":"https:\/\/noticiasribeiraopreto.com.br\/index.php\/wp-json\/wp\/v2\/users\/1"}],"replies":[{"embeddable":true,"href":"https:\/\/noticiasribeiraopreto.com.br\/index.php\/wp-json\/wp\/v2\/comments?post=20921"}],"version-history":[{"count":0,"href":"https:\/\/noticiasribeiraopreto.com.br\/index.php\/wp-json\/wp\/v2\/posts\/20921\/revisions"}],"wp:featuredmedia":[{"embeddable":true,"href":"https:\/\/noticiasribeiraopreto.com.br\/index.php\/wp-json\/wp\/v2\/media\/20922"}],"wp:attachment":[{"href":"https:\/\/noticiasribeiraopreto.com.br\/index.php\/wp-json\/wp\/v2\/media?parent=20921"}],"wp:term":[{"taxonomy":"category","embeddable":true,"href":"https:\/\/noticiasribeiraopreto.com.br\/index.php\/wp-json\/wp\/v2\/categories?post=20921"},{"taxonomy":"post_tag","embeddable":true,"href":"https:\/\/noticiasribeiraopreto.com.br\/index.php\/wp-json\/wp\/v2\/tags?post=20921"}],"curies":[{"name":"wp","href":"https:\/\/api.w.org\/{rel}","templated":true}]}}