{"id":20927,"date":"2023-12-26T19:30:49","date_gmt":"2023-12-26T22:30:49","guid":{"rendered":"https:\/\/noticiasribeiraopreto.com.br\/index.php\/2023\/12\/26\/a-reoneracao-do-diesel-vem-ai-sera-que-o-preco-vai-subir-de-novo-haddad-responde\/"},"modified":"2023-12-26T19:30:49","modified_gmt":"2023-12-26T22:30:49","slug":"a-reoneracao-do-diesel-vem-ai-sera-que-o-preco-vai-subir-de-novo-haddad-responde","status":"publish","type":"post","link":"https:\/\/noticiasribeiraopreto.com.br\/index.php\/2023\/12\/26\/a-reoneracao-do-diesel-vem-ai-sera-que-o-preco-vai-subir-de-novo-haddad-responde\/","title":{"rendered":"A reonera\u00e7\u00e3o do diesel vem a\u00ed \u2014 ser\u00e1 que o pre\u00e7o vai subir de novo? Haddad responde"},"content":{"rendered":"<div class='code-block code-block-1' style='margin: 8px 0 8px auto; text-align: right; display: block; clear: both;'>\n<p><a href=\"https:\/\/wa.link\/vpicfd\"><img data-recalc-dims=\"1\" class=\"wp-image-4922\" style=\"aspect-ratio: 2.0253164556962027; width: 561px; height: auto;\" src=\"https:\/\/i0.wp.com\/ismaelcolosi.com.br\/wp-content\/uploads\/2023\/11\/grupo-de-empregos-whatsapp-e-facebook-ismael-colosi-vagas.jpg?ssl=1\" alt=\"\" \/><\/a><\/p>\n<!-- \/wp:image -->\n<\/div>\n<p> <br \/>\n<\/p>\n<div id=\"js-first-letter\">\n<p>A <strong>Petrobras (PETR4)<\/strong> nem bem <a href=\"https:\/\/www.seudinheiro.com\/2023\/empresas\/petrobras-petr4-anuncia-outro-corte-nos-precos-do-diesel-e-acao-sobe-na-b3-veja-o-novo-valor-do-combustivel-miql\/\">anunciou um corte do pre\u00e7o do diesel<\/a> e o ministro da Fazenda, Fernando Haddad, confirmou, horas depois, que o combust\u00edvel ser\u00e1 reonerado a partir de 1 de janeiro de 2024.<\/p>\n<p>Haddad, no entanto, disse que n\u00e3o h\u00e1 motivos para que haja um aumento nos pre\u00e7os. Segundo ele, poderia haver at\u00e9 mesmo uma redu\u00e7\u00e3o, uma vez que a Petrobras anunciou corte nos valores do combust\u00edvel a partir de amanh\u00e3 (27).<\/p>\n<p>O tema, segundo o ministro, foi discutido nesta tarde em reuni\u00e3o com o ministro da Ind\u00fastria e Com\u00e9rcio e vice-presidente, Geraldo Alckmin.<\/p>\n<p>&#8220;Essa reonera\u00e7\u00e3o vai ser feita, mas o impacto da reonera\u00e7\u00e3o \u00e9 de pouco mais de R$ 0,30 e o impacto da redu\u00e7\u00e3o do pre\u00e7o j\u00e1 anunciado pela Petrobras no m\u00eas de dezembro \u00e9 de mais de 50%&#8221;, explicou ap\u00f3s a reuni\u00e3o.\u00a0<\/p>\n<p>&#8220;A partir do dia 1 de janeiro, se comparar o pre\u00e7o do diesel com o dia 1 dezembro de 2023, voc\u00ea tem uma queda do pre\u00e7o da Petrobras mesmo com a reonera\u00e7\u00e3o. N\u00e3o tem raz\u00f5es para aumentar, tem raz\u00f5es para diminuir&#8221;, acrescentou.<\/p>\n<p>Segundo ele, o pre\u00e7o praticado pela Petrobras em 1 de janeiro, com a reonera\u00e7\u00e3o, \u00e9 menos do que a empresa cobrou em 1\u00ba de dezembro de 2023 sem os impostos.\u00a0<\/p>\n<p>&#8220;A Petrobras hoje anunciou o segundo corte no m\u00eas de dezembro, que mais do que compensa a reonera\u00e7\u00e3o de 1\u00ba de janeiro. N\u00e3o h\u00e1 nenhuma raz\u00e3o para ter impacto&#8221;, disse.\u00a0<\/p>\n<h2 class=\"wp-block-heading\" id=\"h-depreciacao-acelerada\"><strong>Deprecia\u00e7\u00e3o acelerada<\/strong><\/h2>\n<p>Os ministros ainda trataram durante a reuni\u00e3o sobre o programa sobre &#8220;Deprecia\u00e7\u00e3o Acelerada&#8221;, a ser lan\u00e7ado ainda nesta semana.\u00a0<\/p>\n<p>Segundo Haddad, a medida \u00e9 um compromisso com a Ind\u00fastria para permitir que empres\u00e1rios possam abater do imposto de renda a deprecia\u00e7\u00e3o de forma mais acelerada do que o permitido na legisla\u00e7\u00e3o atualmente.<\/p>\n<p>&#8220;Isso fortalece muito a atualiza\u00e7\u00e3o do equipamento. Os empres\u00e1rios v\u00e3o ter um est\u00edmulo a mais para adquirir m\u00e1quinas mais modernas para aumentar a produtividade da economia brasileira&#8221;, disse.<\/p>\n<h3 class=\"wp-block-heading\" id=\"h-aposentadoria-com-previdencia-privada-ou-renda-qual-o-melhor-investimento-para-se-aposentar-bem\"><a href=\"https:\/\/www.youtube.com\/watch?v=U8vxYEvu6Ok\" target=\"_blank\" rel=\"noreferrer noopener\">APOSENTADORIA COM PREVID\u00caNCIA PRIVADA OU RENDA+:<\/a> QUAL O MELHOR INVESTIMENTO PARA SE APOSENTAR BEM?<\/h3>\n<figure class=\"wp-block-embed is-type-video is-provider-youtube wp-block-embed-youtube wp-embed-aspect-16-9 wp-has-aspect-ratio\">\n<p>\n<iframe loading=\"lazy\" title=\"APOSENTADORIA COM PREVID\u00caNCIA PRIVADA OU RENDA+: QUAL O MELHOR INVESTIMENTO PARA SE APOSENTAR BEM?\" width=\"500\" height=\"281\" src=\"https:\/\/www.youtube.com\/embed\/U8vxYEvu6Ok?feature=oembed\" frameborder=\"0\" allow=\"accelerometer; autoplay; clipboard-write; encrypted-media; gyroscope; picture-in-picture; web-share\" referrerpolicy=\"strict-origin-when-cross-origin\" allowfullscreen><\/iframe>\n<\/p>\n<\/figure>\n<h2 class=\"wp-block-heading\" id=\"h-e-a-desoneracao-da-folha-haddad\"><strong>E a desonera\u00e7\u00e3o da folha, Haddad?<\/strong><\/h2>\n<p>O ministro da Fazenda afirmou tamb\u00e9m que \u00e9 prov\u00e1vel que at\u00e9 quinta-feira (28), a alternativa do governo <a href=\"https:\/\/www.seudinheiro.com\/2023\/politica\/haddad-lula-desoneracao-folha-de-pagamento-deficit-zero-rens\/\" target=\"_blank\" rel=\"noreferrer noopener\">para a desonera\u00e7\u00e3o da folha de pagamento<\/a> e o conjunto de medidas compensat\u00f3rias sejam encaminhadas ao Congresso.\u00a0<\/p>\n<p>Ele disse que esse conjunto de a\u00e7\u00f5es precisa ser endere\u00e7ado ainda em 2023 e que aguarda o aval da Casa Civil para as propostas.<\/p>\n<p>Segundo Haddad, quando as medidas estiverem acertadas na Casa Civil e &#8220;tudo bonitinho para ser publicado&#8221;, as medidas ser\u00e3o anunciadas.\u00a0<\/p>\n<p>&#8220;Quando isso acontecer, eu chamo voc\u00eas pra explicar as medidas muito prudentes, muito bem pensadas para que n\u00f3s possamos pensar em ter um Or\u00e7amento mais equilibrado dentro do que tivermos esse ano&#8221;, disse a jornalistas.<\/p>\n<p>&#8220;Eu n\u00e3o posso anunciar uma coisa da Fazenda sem passar pelos tr\u00e2mites competentes. Tenho de aguardar uma valida\u00e7\u00e3o da Casa Civil, o que deve acontecer nas pr\u00f3ximas horas&#8221;, refor\u00e7ou.<\/p>\n<p>Questionado sobre se al\u00e9m do conjunto de medidas a serem mandadas para o Congresso sobre a desonera\u00e7\u00e3o tamb\u00e9m haveria alguma a\u00e7\u00e3o no Supremo Tribunal Federal (STF), por causa da tese de inconstitucionalidade da medida, o ministro disse que o que ser\u00e1 encaminhado &#8220;sana esse v\u00edcio&#8221;.<\/p>\n<p>&#8220;N\u00f3s n\u00e3o teremos dificuldade e vamos ter tempo de negociar com o Congresso Nacional, abrindo, como n\u00f3s fizemos com todas as medidas durante o ano todo, os dados, tem o acompanhamento eventual do TCU, checa os dados da Receita Federal, demonstra o impacto que vai ter pra economia, sobre o emprego, faz tudo bem feito pra que n\u00e3o haja d\u00favida&#8221;, garantiu.<\/p>\n<\/div>\n<p><br \/>\n<br \/><a href=\"https:\/\/www.seudinheiro.com\/2023\/economia\/a-reoneracao-do-diesel-vem-ai-sera-que-o-preco-vai-subir-de-novo-haddad-responde-ccgg\/\">Source link <\/a><\/p>\n<!-- CONTENT END 1 -->\n","protected":false},"excerpt":{"rendered":"<p>A Petrobras (PETR4) nem bem anunciou um corte do pre\u00e7o do diesel e o ministro da Fazenda, Fernando Haddad, confirmou, horas depois, que o combust\u00edvel&#8230;<\/p>\n","protected":false},"author":1,"featured_media":20928,"comment_status":"open","ping_status":"open","sticky":false,"template":"","format":"standard","meta":{"advanced_seo_description":"","jetpack_seo_html_title":"","jetpack_seo_noindex":false,"jetpack_post_was_ever_published":false,"_jetpack_newsletter_access":"","_jetpack_dont_email_post_to_subs":false,"_jetpack_newsletter_tier_id":0,"_jetpack_memberships_contains_paywalled_content":false,"_jetpack_memberships_contains_paid_content":false,"footnotes":"","jetpack_publicize_message":"","jetpack_publicize_feature_enabled":true,"jetpack_social_post_already_shared":true,"jetpack_social_options":{"image_generator_settings":{"template":"highway","default_image_id":0,"font":"","enabled":false},"version":2}},"categories":[1235],"tags":[],"class_list":["post-20927","post","type-post","status-publish","format-standard","has-post-thumbnail","hentry","category-dinheiro-e-investimento-como-fazer-como-ganhar"],"jetpack_publicize_connections":[],"jetpack_featured_media_url":"https:\/\/i0.wp.com\/noticiasribeiraopreto.com.br\/wp-content\/uploads\/2023\/12\/Fernando-Haddad-3-715x402.jpg?fit=715%2C402&ssl=1","jetpack-related-posts":[{"id":23081,"url":"https:\/\/noticiasribeiraopreto.com.br\/index.php\/2024\/01\/01\/reoneracao-integral-do-diesel-retorna-nesta-segunda\/","url_meta":{"origin":20927,"position":0},"title":"Reonera\u00e7\u00e3o integral do diesel retorna nesta segunda","author":"noticiasribeiraopreto.com.br","date":"1 de January de 2024","format":false,"excerpt":"1 de janeiro de 2024 | 9:0031 de dezembro de 2023 | 14:35 0A partir desta segunda-feira (1\u00ba), o governo federal retoma a cobran\u00e7a integral do PIS\/Cofins sobre o diesel. O imposto estava zerado desde 2021, mas parte do recolhimento foi antecipada j\u00e1 em setembro deste ano. A partir de\u2026","rel":"","context":"In &quot;Not\u00edcias de Ribeir\u00e3o Preto-SP e Regi\u00e3o&quot;","block_context":{"text":"Not\u00edcias de Ribeir\u00e3o Preto-SP e Regi\u00e3o","link":"https:\/\/noticiasribeiraopreto.com.br\/index.php\/category\/noticias-de-ribeirao-preto-sp-e-regiao-ismael-colosi\/"},"img":{"alt_text":"","src":"https:\/\/i0.wp.com\/noticiasribeiraopreto.com.br\/wp-content\/uploads\/2024\/01\/8b462844-1f08-4a05-b377-fe2b0fe7ef1d-scaled.jpg?fit=1000%2C598&ssl=1&resize=350%2C200","width":350,"height":200,"srcset":"https:\/\/i0.wp.com\/noticiasribeiraopreto.com.br\/wp-content\/uploads\/2024\/01\/8b462844-1f08-4a05-b377-fe2b0fe7ef1d-scaled.jpg?fit=1000%2C598&ssl=1&resize=350%2C200 1x, https:\/\/i0.wp.com\/noticiasribeiraopreto.com.br\/wp-content\/uploads\/2024\/01\/8b462844-1f08-4a05-b377-fe2b0fe7ef1d-scaled.jpg?fit=1000%2C598&ssl=1&resize=525%2C300 1.5x, https:\/\/i0.wp.com\/noticiasribeiraopreto.com.br\/wp-content\/uploads\/2024\/01\/8b462844-1f08-4a05-b377-fe2b0fe7ef1d-scaled.jpg?fit=1000%2C598&ssl=1&resize=700%2C400 2x"},"classes":[]},{"id":22148,"url":"https:\/\/noticiasribeiraopreto.com.br\/index.php\/2023\/12\/29\/diesel-vai-ficar-mais-caro-em-2024-presidente-da-petrobras-responde\/","url_meta":{"origin":20927,"position":1},"title":"Diesel vai ficar mais caro em 2024? Presidente da Petrobras responde","author":"noticiasribeiraopreto.com.br","date":"29 de December de 2023","format":false,"excerpt":"Nesta semana, muitos brasileiros ficaram confusos em rela\u00e7\u00e3o aos an\u00fancios do governo federal sobre o pre\u00e7o do diesel. Primeiro, a Petrobras anunciou um corte de 7,9% no litro. Horas depois, o ministro da Fazenda, Fernando Haddad (PT), anunciou que vai cobrar mais impostos sobre este combust\u00edvel a partir de janeiro.\u2026","rel":"","context":"In &quot;Vagas de Emprego em Ribeir\u00e3o Preto-SP&quot;","block_context":{"text":"Vagas de Emprego em Ribeir\u00e3o Preto-SP","link":"https:\/\/noticiasribeiraopreto.com.br\/index.php\/category\/empregos-classificados-vagas-trabalho\/vagas-de-empregos-em-ribeirao-preto-regiao-brasil\/"},"img":{"alt_text":"","src":"https:\/\/i0.wp.com\/noticiasribeiraopreto.com.br\/wp-content\/uploads\/2023\/12\/noticiasconcursos.com_.br-diesel-vai-ficar-mais-caro-em-2024-presidente-da-petrobras-responde-nc-01.webp.webp?fit=1170%2C700&ssl=1&resize=350%2C200","width":350,"height":200,"srcset":"https:\/\/i0.wp.com\/noticiasribeiraopreto.com.br\/wp-content\/uploads\/2023\/12\/noticiasconcursos.com_.br-diesel-vai-ficar-mais-caro-em-2024-presidente-da-petrobras-responde-nc-01.webp.webp?fit=1170%2C700&ssl=1&resize=350%2C200 1x, https:\/\/i0.wp.com\/noticiasribeiraopreto.com.br\/wp-content\/uploads\/2023\/12\/noticiasconcursos.com_.br-diesel-vai-ficar-mais-caro-em-2024-presidente-da-petrobras-responde-nc-01.webp.webp?fit=1170%2C700&ssl=1&resize=525%2C300 1.5x, https:\/\/i0.wp.com\/noticiasribeiraopreto.com.br\/wp-content\/uploads\/2023\/12\/noticiasconcursos.com_.br-diesel-vai-ficar-mais-caro-em-2024-presidente-da-petrobras-responde-nc-01.webp.webp?fit=1170%2C700&ssl=1&resize=700%2C400 2x, https:\/\/i0.wp.com\/noticiasribeiraopreto.com.br\/wp-content\/uploads\/2023\/12\/noticiasconcursos.com_.br-diesel-vai-ficar-mais-caro-em-2024-presidente-da-petrobras-responde-nc-01.webp.webp?fit=1170%2C700&ssl=1&resize=1050%2C600 3x"},"classes":[]},{"id":23601,"url":"https:\/\/noticiasribeiraopreto.com.br\/index.php\/2024\/01\/02\/novo-aumento-no-preco-do-combustivel-em-2024-saiba-as-mudancas-a-partir-deste-momento\/","url_meta":{"origin":20927,"position":2},"title":"Novo aumento no pre\u00e7o do combust\u00edvel em 2024: saiba as mudan\u00e7as a partir deste momento","author":"noticiasribeiraopreto.com.br","date":"2 de January de 2024","format":false,"excerpt":"Com a chegada do novo ano, os cidad\u00e3os brasileiros devem se atentar aos pagamentos de v\u00e1rias contas que precisar\u00e3o ser saldadas no in\u00edcio de 2024. Os motoristas tamb\u00e9m devem estar cientes do aumento planejado no pre\u00e7o do combust\u00edvel, que ser\u00e1 ajustado novamente neste per\u00edodo. Neste ano, um imposto crucial ser\u00e1\u2026","rel":"","context":"In &quot;Vagas de Emprego em Ribeir\u00e3o Preto-SP&quot;","block_context":{"text":"Vagas de Emprego em Ribeir\u00e3o Preto-SP","link":"https:\/\/noticiasribeiraopreto.com.br\/index.php\/category\/empregos-classificados-vagas-trabalho\/vagas-de-empregos-em-ribeirao-preto-regiao-brasil\/"},"img":{"alt_text":"","src":"","width":0,"height":0},"classes":[]},{"id":20796,"url":"https:\/\/noticiasribeiraopreto.com.br\/index.php\/2023\/12\/26\/petrobras-petr4-anuncia-outro-corte-nos-precos-do-diesel-e-acao-sobe-na-b3-veja-o-novo-valor-do-combustivel\/","url_meta":{"origin":20927,"position":3},"title":"Petrobras (PETR4) anuncia outro corte nos pre\u00e7os do diesel e a\u00e7\u00e3o sobe na B3; veja o novo valor do combust\u00edvel","author":"noticiasribeiraopreto.com.br","date":"26 de December de 2023","format":false,"excerpt":"A Petrobras (PETR4) anunciou nesta ter\u00e7a-feira (26) um novo reajuste nos pre\u00e7os do diesel \u2014 no segundo corte no combust\u00edvel s\u00f3 em dezembro. A partir de amanh\u00e3 (27), o combust\u00edvel vai ficar R$ 0,30 por litro mais barato, com o pre\u00e7o m\u00e9dio de venda de diesel A para as distribuidoras\u2026","rel":"","context":"In &quot;Dinheiro e Investimento&quot;","block_context":{"text":"Dinheiro e Investimento","link":"https:\/\/noticiasribeiraopreto.com.br\/index.php\/category\/dinheiro-e-investimento-como-fazer-como-ganhar\/"},"img":{"alt_text":"","src":"https:\/\/i0.wp.com\/noticiasribeiraopreto.com.br\/wp-content\/uploads\/2023\/12\/1703612208_Petrobras-PETR3-PETR4-fachada-715x402.jpg?fit=715%2C402&ssl=1&resize=350%2C200","width":350,"height":200,"srcset":"https:\/\/i0.wp.com\/noticiasribeiraopreto.com.br\/wp-content\/uploads\/2023\/12\/1703612208_Petrobras-PETR3-PETR4-fachada-715x402.jpg?fit=715%2C402&ssl=1&resize=350%2C200 1x, https:\/\/i0.wp.com\/noticiasribeiraopreto.com.br\/wp-content\/uploads\/2023\/12\/1703612208_Petrobras-PETR3-PETR4-fachada-715x402.jpg?fit=715%2C402&ssl=1&resize=525%2C300 1.5x, https:\/\/i0.wp.com\/noticiasribeiraopreto.com.br\/wp-content\/uploads\/2023\/12\/1703612208_Petrobras-PETR3-PETR4-fachada-715x402.jpg?fit=715%2C402&ssl=1&resize=700%2C400 2x"},"classes":[]},{"id":12100,"url":"https:\/\/noticiasribeiraopreto.com.br\/index.php\/2023\/12\/07\/petrobras-petr4-anuncia-queda-no-preco-do-diesel-veja-quanto-custara-o-combustivel-a-partir-de-amanha\/","url_meta":{"origin":20927,"position":4},"title":"Petrobras (PETR4) anuncia queda no pre\u00e7o do diesel; veja quanto custar\u00e1 o combust\u00edvel a partir de amanh\u00e3","author":"noticiasribeiraopreto.com.br","date":"7 de December de 2023","format":false,"excerpt":"Quem tem um ve\u00edculo movido a diesel recebeu uma boa not\u00edcia nesta quinta-feira (7): a Petrobras (PETR4) acaba de anunciar uma redu\u00e7\u00e3o de R$ 0,27 por litro no pre\u00e7o m\u00e9dio de venda do combust\u00edvel tipo A, que passar\u00e1 a custar R$ 3,78 para as distribuidoras. A queda, que equivale a\u2026","rel":"","context":"In &quot;Dinheiro e Investimento&quot;","block_context":{"text":"Dinheiro e Investimento","link":"https:\/\/noticiasribeiraopreto.com.br\/index.php\/category\/dinheiro-e-investimento-como-fazer-como-ganhar\/"},"img":{"alt_text":"","src":"https:\/\/i0.wp.com\/noticiasribeiraopreto.com.br\/wp-content\/uploads\/2023\/12\/petrobras-combustiveis-renuncia-CAPA-SD-628x353.png?fit=628%2C353&ssl=1&resize=350%2C200","width":350,"height":200,"srcset":"https:\/\/i0.wp.com\/noticiasribeiraopreto.com.br\/wp-content\/uploads\/2023\/12\/petrobras-combustiveis-renuncia-CAPA-SD-628x353.png?fit=628%2C353&ssl=1&resize=350%2C200 1x, https:\/\/i0.wp.com\/noticiasribeiraopreto.com.br\/wp-content\/uploads\/2023\/12\/petrobras-combustiveis-renuncia-CAPA-SD-628x353.png?fit=628%2C353&ssl=1&resize=525%2C300 1.5x"},"classes":[]},{"id":63035,"url":"https:\/\/noticiasribeiraopreto.com.br\/index.php\/2025\/01\/31\/petrobras-aumenta-preco-do-diesel-a-partir-deste-sabado-veja-os-valores\/","url_meta":{"origin":20927,"position":5},"title":"Petrobras aumenta pre\u00e7o do diesel a partir deste s\u00e1bado; Veja os valores","author":"noticiasribeiraopreto.com.br","date":"31 de January de 2025","format":false,"excerpt":"A Petrobras anunciou nesta sexta-feira (31) que o diesel vai ficar mais caro a partir deste s\u00e1bado (1\u00ba de fevereiro). Com isso, o pre\u00e7o de venda do combust\u00edvel para as distribuidoras passar\u00e1 a ser, em m\u00e9dia, de R$ 3,72 por litro, um aumento de R$ 0,22 por litro. Considerando a\u2026","rel":"","context":"In &quot;Not\u00edcias de Ribeir\u00e3o Preto-SP e Regi\u00e3o&quot;","block_context":{"text":"Not\u00edcias de Ribeir\u00e3o Preto-SP e Regi\u00e3o","link":"https:\/\/noticiasribeiraopreto.com.br\/index.php\/category\/noticias-de-ribeirao-preto-sp-e-regiao-ismael-colosi\/"},"img":{"alt_text":"","src":"https:\/\/i0.wp.com\/noticiasribeiraopreto.com.br\/wp-content\/uploads\/2025\/01\/diesel.jpg?fit=754%2C503&ssl=1&resize=350%2C200","width":350,"height":200,"srcset":"https:\/\/i0.wp.com\/noticiasribeiraopreto.com.br\/wp-content\/uploads\/2025\/01\/diesel.jpg?fit=754%2C503&ssl=1&resize=350%2C200 1x, https:\/\/i0.wp.com\/noticiasribeiraopreto.com.br\/wp-content\/uploads\/2025\/01\/diesel.jpg?fit=754%2C503&ssl=1&resize=525%2C300 1.5x, https:\/\/i0.wp.com\/noticiasribeiraopreto.com.br\/wp-content\/uploads\/2025\/01\/diesel.jpg?fit=754%2C503&ssl=1&resize=700%2C400 2x"},"classes":[]}],"jetpack_sharing_enabled":true,"jetpack_shortlink":"https:\/\/wp.me\/peQAOb-5rx","_links":{"self":[{"href":"https:\/\/noticiasribeiraopreto.com.br\/index.php\/wp-json\/wp\/v2\/posts\/20927","targetHints":{"allow":["GET"]}}],"collection":[{"href":"https:\/\/noticiasribeiraopreto.com.br\/index.php\/wp-json\/wp\/v2\/posts"}],"about":[{"href":"https:\/\/noticiasribeiraopreto.com.br\/index.php\/wp-json\/wp\/v2\/types\/post"}],"author":[{"embeddable":true,"href":"https:\/\/noticiasribeiraopreto.com.br\/index.php\/wp-json\/wp\/v2\/users\/1"}],"replies":[{"embeddable":true,"href":"https:\/\/noticiasribeiraopreto.com.br\/index.php\/wp-json\/wp\/v2\/comments?post=20927"}],"version-history":[{"count":0,"href":"https:\/\/noticiasribeiraopreto.com.br\/index.php\/wp-json\/wp\/v2\/posts\/20927\/revisions"}],"wp:featuredmedia":[{"embeddable":true,"href":"https:\/\/noticiasribeiraopreto.com.br\/index.php\/wp-json\/wp\/v2\/media\/20928"}],"wp:attachment":[{"href":"https:\/\/noticiasribeiraopreto.com.br\/index.php\/wp-json\/wp\/v2\/media?parent=20927"}],"wp:term":[{"taxonomy":"category","embeddable":true,"href":"https:\/\/noticiasribeiraopreto.com.br\/index.php\/wp-json\/wp\/v2\/categories?post=20927"},{"taxonomy":"post_tag","embeddable":true,"href":"https:\/\/noticiasribeiraopreto.com.br\/index.php\/wp-json\/wp\/v2\/tags?post=20927"}],"curies":[{"name":"wp","href":"https:\/\/api.w.org\/{rel}","templated":true}]}}