{"id":20931,"date":"2023-12-26T19:38:28","date_gmt":"2023-12-26T22:38:28","guid":{"rendered":"https:\/\/noticiasribeiraopreto.com.br\/index.php\/2023\/12\/26\/seduc-am-adia-abertura-de-inscricao-de-processo-seletivo-para-professor\/"},"modified":"2023-12-26T19:38:28","modified_gmt":"2023-12-26T22:38:28","slug":"seduc-am-adia-abertura-de-inscricao-de-processo-seletivo-para-professor","status":"publish","type":"post","link":"https:\/\/noticiasribeiraopreto.com.br\/index.php\/2023\/12\/26\/seduc-am-adia-abertura-de-inscricao-de-processo-seletivo-para-professor\/","title":{"rendered":"Seduc AM adia abertura de inscri\u00e7\u00e3o de processo seletivo para professor"},"content":{"rendered":"<div class='code-block code-block-1' style='margin: 8px 0 8px auto; text-align: right; display: block; clear: both;'>\n<p><a href=\"https:\/\/wa.link\/vpicfd\"><img data-recalc-dims=\"1\" class=\"wp-image-4922\" style=\"aspect-ratio: 2.0253164556962027; width: 561px; height: auto;\" src=\"https:\/\/i0.wp.com\/ismaelcolosi.com.br\/wp-content\/uploads\/2023\/11\/grupo-de-empregos-whatsapp-e-facebook-ismael-colosi-vagas.jpg?ssl=1\" alt=\"\" \/><\/a><\/p>\n<!-- \/wp:image -->\n<\/div>\n<p> <br \/>\n<\/p>\n<div>\n<p>De acordo com <a href=\"http:\/\/www.seduc.am.gov.br\/comunicado-pss-professores-2024\/\" rel=\"noopener\" target=\"_blank\">comunicado publicado no Portal da Seduc AM<\/a> (Secretaria de Estado de Educa\u00e7\u00e3o e Desporto Escolar), as inscri\u00e7\u00f5es do <strong><a href=\"https:\/\/jcconcursos.com.br\/concurso\/concurso-seduc-am-78177\" rel=\"noopener\" target=\"_blank\">processo seletivo da Seduc AM<\/a><\/strong> para professor da capital\/interior foram adiadas devido a problemas t\u00e9cnicos no sistema de inscri\u00e7\u00e3o da Comiss\u00e3o Permanente de Concurso (Copec\/Cetam). Agora, o prazo ter\u00e1 in\u00edcio \u00e0s 10h de amanh\u00e3, dia 27 de dezembro, e se encerrar\u00e1 \u00e0s 16h de 1\u00ba de janeiro.<\/p>\n<p>Ao todo, s\u00e3o dois editais que somam 3.658 vagas imediatas para tempor\u00e1rios e forma\u00e7\u00e3o de cadastro de reserva.\u00a0Vale lembrar que as inscri\u00e7\u00f5es para professor ind\u00edgena ser\u00e3o abertas somente no dia 2 de janeiro.<\/p>\n<p>O edital n\u00ba 01\/2023 re\u00fane 2.767 vagas para a carreira de professor nos ensinos regular, especial, mediado por tecnologia e sistema prisional, para lota\u00e7\u00e3o na capital e interior do estado do Amazonas. Para concorrer a uma das chances o candidato deve possuir <a href=\"https:\/\/jcconcursos.com.br\/concursos\/nivel-escolar\/superior\" rel=\"noopener\" target=\"_blank\">forma\u00e7\u00e3o de ensino superior<\/a>.<\/p>\n<p>Para professor de educa\u00e7\u00e3o especial, os componentes curriculares s\u00e3o os seguintes: educa\u00e7\u00e3o f\u00edsica, int\u00e9rprete de libras, libras, profissional de apoio ao escolar e sala de recursos multifuncionais.<\/p>\n<p>Professor de ensino regular tem ofertas nos componentes curriculares de artes, biologia, ciclo, ci\u00eancias naturais, ci\u00eancias naturais \u2013 l\u00edngua espanhola, ci\u00eancias naturais \u2013 l\u00edngua francesa, ci\u00eancias naturais \u2013 l\u00edngua japonesa, ci\u00eancias naturais \u2013 bilingue \u2013 l\u00edngua japonesa, educa\u00e7\u00e3o f\u00edsica, ensino religioso, filosofia, f\u00edsica, geografia, hist\u00f3ria, l\u00edngua espanhola, l\u00edngua inglesa, l\u00edngua japonesa, l\u00edngua portuguesa, matem\u00e1tica, matem\u00e1tica \u2013 l\u00edngua espanhola, matem\u00e1tica \u2013 l\u00edngua francesa, matem\u00e1tica \u2013 l\u00edngua japonesa, matem\u00e1tica \u2013 bilingue \u2013 l\u00edngua japonesa, qu\u00edmica e sociologia.<\/p>\n<p>J\u00e1 o edital n\u00ba 02\/2023 oferece 891 vagas para a fun\u00e7\u00e3o de professor ind\u00edgena nos ensinos regular e mediado por tecnologia. O candidato deve possuir <a href=\"https:\/\/jcconcursos.com.br\/concursos\/nivel-escolar\/medio\" rel=\"noopener\" target=\"_blank\">escolaridade m\u00ednima de ensino m\u00e9dio<\/a> para disputar uma das chances. A lota\u00e7\u00e3o ocorrer\u00e1 nos munic\u00edpios de Alvar\u00e3es, Anam\u00e3, Amatur\u00e1, Atalaia do Norte, Autazes, Barcelos, Barreirinha, Benjamin Constant, Beruri, Boca do Acre, Borba, Careiro, Coari, Eirunep\u00e9, Fonte Boa, Humait\u00e1, Ipixuna, Itacoatiara, Itamarati, Japur\u00e1, Juta\u00ed, L\u00e1brea, Manaquiri, Manicor\u00e9, Mara\u00e3, Mau\u00e9s, Mau\u00e9s, Nhamund\u00e1, Novo Air\u00e3o, Parintins, Pauini, Santa Isabel do Rio Negro, Santo Ant\u00f4nio do I\u00e7\u00e1, S\u00e3o Gabriel da Cachoeira, S\u00e3o Paulo de Oliven\u00e7a, Tabatinga, Tef\u00e9, Tonantins, Uarini e Urucar\u00e1.<\/p>\n<h2>Inscri\u00e7\u00e3o e avalia\u00e7\u00f5es<\/h2>\n<p>Gratuitas, as inscri\u00e7\u00f5es dever\u00e3o ser realizadas atrav\u00e9s do site do Centro de Educa\u00e7\u00e3o Tecnol\u00f3gica do Amazonas \u2013 CETAM, atrav\u00e9s da Comiss\u00e3o Permanente de Concursos \u2013 COPEC, nos seguintes links: <a href=\"https:\/\/www.concursoscopec.com.br\/182-pss-seduc\/concurso\/exibir.html\" rel=\"noopener\" target=\"_blank\">professor<\/a> e <a href=\"https:\/\/www.concursoscopec.com.br\/183-pss-indigena\/concurso\/exibir.html\" rel=\"noopener\" target=\"_blank\">professor ind\u00edgena<\/a>. O candidato deve ficar atento aos prazos das inscri\u00e7\u00f5es, especificados abaixo:<\/p>\n<ul>\n<li>professor: inscri\u00e7\u00f5es das 10h do dia 27 de dezembro de 2023 \u00e0s 16h de 1\u00ba de janeiro de 2024; e<\/li>\n<li>professor ind\u00edgena: inscri\u00e7\u00f5es das 10h do dia 2 de janeiro \u00e0s 16h de 6 de janeiro de 2024.<\/li>\n<\/ul>\n<p>O processo seletivo da <a href=\"http:\/\/www.seduc.am.gov.br\/\" rel=\"noopener\" target=\"_blank\">Seduc AM<\/a> consistir\u00e1 em an\u00e1lise dos documentos do candidato, dividida em duas fases:<\/p>\n<ol style=\"list-style-type: upper-roman;\">\n<li>exame dos documentos enviados pelo candidato, a fim de constatar o cumprimento e a veracidade dos requisitos b\u00e1sicos, em car\u00e1ter eliminat\u00f3rio; e<\/li>\n<li>an\u00e1lise dos documentos encaminhados via upload, para comprova\u00e7\u00e3o dos t\u00edtulos e da experi\u00eancia profissional, em car\u00e1ter classificat\u00f3rio.<\/li>\n<\/ol>\n<p>Vale ressaltar que somente participar\u00e3o da segunda fase os candidatos considerados aprovados na primeira fase.<\/p>\n<p>+ O JC Concursos disponibiliza mais detalhes sobre o edital na <a href=\"https:\/\/jcconcursos.com.br\/concurso\/concurso-seduc-am-78177\" rel=\"noopener\" target=\"_blank\">p\u00e1gina do processo seletivo da Seduc AM<\/a>.<\/p>\n<p><em>* Not\u00edcia \u00fatil para o Estado do Amazonas. Confira <a href=\"https:\/\/jcconcursos.com.br\/concursos\/am\" rel=\"noopener\" target=\"_blank\">mais informa\u00e7\u00f5es sobre a regi\u00e3o aqui<\/a>.<\/em><\/p>\n<p><a id=\"gnews_btn\" href=\"https:\/\/news.google.com\/publications\/CAAqBwgKMOixlQswuZWrAw\" target=\"_blank\" class=\"border_jc_blue link_hover_bg_jc_blue font_85 d-block d-md-inline-block px-2 py-1 mr-0 mr-md-2 mb-3 w-100 text-center\" rel=\"noopener\"><span class=\"text_jc_blue\">Siga o <strong>JC Concursos no Google News<\/strong><\/span><\/a><span id=\"resumo\" class=\"anchor_link\"\/><a href=\"https:\/\/jcconcursos.com.br\/\" class=\"badge badge-light\">concursos publicos<\/a><a href=\"https:\/\/jcconcursos.com.br\/concursos\/am\" class=\"badge badge-light\">concursos am (amazonas)<\/a><a href=\"https:\/\/jcconcursos.com.br\/concursos\/inscricoes-abertas\" class=\"badge badge-light\">concursos abertos<\/a><a href=\"https:\/\/jcconcursos.com.br\/provas\/por-orgao\" class=\"badge badge-light\">provas anteriores<\/a><\/p>\n<\/div>\n<p><br \/>\n<br \/><a href=\"https:\/\/ismaelcolosi.com.br\/seduc-am-adia-abertura-de-inscricao-de-processo-seletivo-para-professor\/\">Source link <\/a><\/p>\n<!-- CONTENT END 1 -->\n","protected":false},"excerpt":{"rendered":"<p>De acordo com comunicado publicado no Portal da Seduc AM (Secretaria de Estado de Educa\u00e7\u00e3o e Desporto Escolar), as inscri\u00e7\u00f5es do processo seletivo da Seduc&#8230;<\/p>\n","protected":false},"author":1,"featured_media":20932,"comment_status":"open","ping_status":"open","sticky":false,"template":"","format":"standard","meta":{"advanced_seo_description":"","jetpack_seo_html_title":"","jetpack_seo_noindex":false,"jetpack_post_was_ever_published":false,"_jetpack_newsletter_access":"","_jetpack_dont_email_post_to_subs":false,"_jetpack_newsletter_tier_id":0,"_jetpack_memberships_contains_paywalled_content":false,"_jetpack_memberships_contains_paid_content":false,"footnotes":"","jetpack_publicize_message":"","jetpack_publicize_feature_enabled":true,"jetpack_social_post_already_shared":true,"jetpack_social_options":{"image_generator_settings":{"template":"highway","default_image_id":0,"font":"","enabled":false},"version":2}},"categories":[7],"tags":[],"class_list":["post-20931","post","type-post","status-publish","format-standard","has-post-thumbnail","hentry","category-vagas-de-empregos-em-ribeirao-preto-regiao-brasil"],"jetpack_publicize_connections":[],"jetpack_featured_media_url":"https:\/\/i0.wp.com\/noticiasribeiraopreto.com.br\/wp-content\/uploads\/2023\/12\/seduc_am_novoo.jpg?fit=1920%2C1080&ssl=1","jetpack-related-posts":[{"id":21028,"url":"https:\/\/noticiasribeiraopreto.com.br\/index.php\/2023\/12\/27\/secretaria-de-educacao-anuncia-editais-com-3-658-vagas-para-professor\/","url_meta":{"origin":20931,"position":0},"title":"Secretaria de Educa\u00e7\u00e3o anuncia editais com 3.658 vagas para professor","author":"noticiasribeiraopreto.com.br","date":"27 de December de 2023","format":false,"excerpt":"Saiba sobre os sal\u00e1rios ofertados e vagas Mais vagas para educa\u00e7\u00e3o. S\u00e3o quase 4 mil chances para professor. Se voc\u00ea busca uma oportunidade, esta pode ser a sua chance. Ficou interessado? Veja como se inscrever. Vagas para professor A Secretaria de Educa\u00e7\u00e3o e Desporto Escolar do Amazonas (Seduc AM) anunciou\u2026","rel":"","context":"In &quot;Vagas de Emprego em Ribeir\u00e3o Preto-SP&quot;","block_context":{"text":"Vagas de Emprego em Ribeir\u00e3o Preto-SP","link":"https:\/\/noticiasribeiraopreto.com.br\/index.php\/category\/empregos-classificados-vagas-trabalho\/vagas-de-empregos-em-ribeirao-preto-regiao-brasil\/"},"img":{"alt_text":"","src":"https:\/\/i0.wp.com\/noticiasribeiraopreto.com.br\/wp-content\/uploads\/2023\/12\/noticiasconcursos.com_.br-secretaria-de-educacao-anuncia-editais-com-3-658-vagas-para-professor-pexels-jeshootscom-834897-7.jpg?fit=1200%2C800&ssl=1&resize=350%2C200","width":350,"height":200,"srcset":"https:\/\/i0.wp.com\/noticiasribeiraopreto.com.br\/wp-content\/uploads\/2023\/12\/noticiasconcursos.com_.br-secretaria-de-educacao-anuncia-editais-com-3-658-vagas-para-professor-pexels-jeshootscom-834897-7.jpg?fit=1200%2C800&ssl=1&resize=350%2C200 1x, https:\/\/i0.wp.com\/noticiasribeiraopreto.com.br\/wp-content\/uploads\/2023\/12\/noticiasconcursos.com_.br-secretaria-de-educacao-anuncia-editais-com-3-658-vagas-para-professor-pexels-jeshootscom-834897-7.jpg?fit=1200%2C800&ssl=1&resize=525%2C300 1.5x, https:\/\/i0.wp.com\/noticiasribeiraopreto.com.br\/wp-content\/uploads\/2023\/12\/noticiasconcursos.com_.br-secretaria-de-educacao-anuncia-editais-com-3-658-vagas-para-professor-pexels-jeshootscom-834897-7.jpg?fit=1200%2C800&ssl=1&resize=700%2C400 2x, https:\/\/i0.wp.com\/noticiasribeiraopreto.com.br\/wp-content\/uploads\/2023\/12\/noticiasconcursos.com_.br-secretaria-de-educacao-anuncia-editais-com-3-658-vagas-para-professor-pexels-jeshootscom-834897-7.jpg?fit=1200%2C800&ssl=1&resize=1050%2C600 3x"},"classes":[]},{"id":21352,"url":"https:\/\/noticiasribeiraopreto.com.br\/index.php\/2023\/12\/27\/cronograma-e-novamente-retificado-veja-datas-2\/","url_meta":{"origin":20931,"position":1},"title":"cronograma \u00e9 novamente retificado; veja datas","author":"noticiasribeiraopreto.com.br","date":"27 de December de 2023","format":false,"excerpt":"Foram novamente adiadas as inscri\u00e7\u00f5es do processo seletivo da Seduc AM (Secretaria de Estado de Educa\u00e7\u00e3o e Desporto Escolar) para professor da capital\/interior. Consta na p\u00e1gina dedicada a sele\u00e7\u00e3o que o novo prazo se iniciar\u00e1 \u00e0s 10h do dia 2 de janeiro e terminar\u00e1 \u00e0s 16h de 6 de janeiro.\u2026","rel":"","context":"In &quot;Vagas de Emprego em Ribeir\u00e3o Preto-SP&quot;","block_context":{"text":"Vagas de Emprego em Ribeir\u00e3o Preto-SP","link":"https:\/\/noticiasribeiraopreto.com.br\/index.php\/category\/empregos-classificados-vagas-trabalho\/vagas-de-empregos-em-ribeirao-preto-regiao-brasil\/"},"img":{"alt_text":"","src":"https:\/\/i0.wp.com\/noticiasribeiraopreto.com.br\/wp-content\/uploads\/2023\/12\/1703704573_seduc_am_novoo.jpg?fit=1200%2C675&ssl=1&resize=350%2C200","width":350,"height":200,"srcset":"https:\/\/i0.wp.com\/noticiasribeiraopreto.com.br\/wp-content\/uploads\/2023\/12\/1703704573_seduc_am_novoo.jpg?fit=1200%2C675&ssl=1&resize=350%2C200 1x, https:\/\/i0.wp.com\/noticiasribeiraopreto.com.br\/wp-content\/uploads\/2023\/12\/1703704573_seduc_am_novoo.jpg?fit=1200%2C675&ssl=1&resize=525%2C300 1.5x, https:\/\/i0.wp.com\/noticiasribeiraopreto.com.br\/wp-content\/uploads\/2023\/12\/1703704573_seduc_am_novoo.jpg?fit=1200%2C675&ssl=1&resize=700%2C400 2x, https:\/\/i0.wp.com\/noticiasribeiraopreto.com.br\/wp-content\/uploads\/2023\/12\/1703704573_seduc_am_novoo.jpg?fit=1200%2C675&ssl=1&resize=1050%2C600 3x"},"classes":[]},{"id":74918,"url":"https:\/\/noticiasribeiraopreto.com.br\/index.php\/2025\/07\/31\/sp-abre-5-mil-vagas-para-professor\/","url_meta":{"origin":20931,"position":2},"title":"SP abre 5 mil vagas para professor","author":"noticiasribeiraopreto.com.br","date":"31 de July de 2025","format":false,"excerpt":"O per\u00edodo de inscri\u00e7\u00f5es do processo seletivo simplificado para cadastro de cerca de cinco mil vagas para professores dos cursos do itiner\u00e1rio de forma\u00e7\u00e3o t\u00e9cnica e profissional do ensino m\u00e9dio para 2026 est\u00e1 aberto at\u00e9 o dia 11 de agosto. A inscri\u00e7\u00e3o acontece exclusivamente pelo site da Funda\u00e7\u00e3o Get\u00falio Vargas\u2026","rel":"","context":"In &quot;Not\u00edcias de Ribeir\u00e3o Preto-SP e Regi\u00e3o&quot;","block_context":{"text":"Not\u00edcias de Ribeir\u00e3o Preto-SP e Regi\u00e3o","link":"https:\/\/noticiasribeiraopreto.com.br\/index.php\/category\/noticias-de-ribeirao-preto-sp-e-regiao-ismael-colosi\/"},"img":{"alt_text":"","src":"https:\/\/i0.wp.com\/noticiasribeiraopreto.com.br\/wp-content\/uploads\/2025\/07\/EducaSP-Governo-de-Sao-Paulo.jpg?fit=700%2C480&ssl=1&resize=350%2C200","width":350,"height":200,"srcset":"https:\/\/i0.wp.com\/noticiasribeiraopreto.com.br\/wp-content\/uploads\/2025\/07\/EducaSP-Governo-de-Sao-Paulo.jpg?fit=700%2C480&ssl=1&resize=350%2C200 1x, https:\/\/i0.wp.com\/noticiasribeiraopreto.com.br\/wp-content\/uploads\/2025\/07\/EducaSP-Governo-de-Sao-Paulo.jpg?fit=700%2C480&ssl=1&resize=525%2C300 1.5x, https:\/\/i0.wp.com\/noticiasribeiraopreto.com.br\/wp-content\/uploads\/2025\/07\/EducaSP-Governo-de-Sao-Paulo.jpg?fit=700%2C480&ssl=1&resize=700%2C400 2x"},"classes":[]},{"id":55288,"url":"https:\/\/noticiasribeiraopreto.com.br\/index.php\/2024\/07\/31\/educacao-de-sp-tem-processo-seletivo-com-130-vagas-na-regiao-de-ribeirao-preto\/","url_meta":{"origin":20931,"position":3},"title":"Educa\u00e7\u00e3o de SP tem processo seletivo com 130 vagas na regi\u00e3o de Ribeir\u00e3o Preto","author":"noticiasribeiraopreto.com.br","date":"31 de July de 2024","format":false,"excerpt":"A Secretaria da Educa\u00e7\u00e3o do Estado de S\u00e3o Paulo abriu processo seletivo com 130 vagas para professores no ensino t\u00e9cnico. Os sal\u00e1rios para o cargo s\u00e3o de R$ 5.300 para jornada de 40h semanais e de R$ 3.312,50 para jornada de 25h semanais. As vagas dispon\u00edveis s\u00e3o nas seguintes \u00e1reas:\u2026","rel":"","context":"In &quot;Not\u00edcias de Ribeir\u00e3o Preto-SP e Regi\u00e3o&quot;","block_context":{"text":"Not\u00edcias de Ribeir\u00e3o Preto-SP e Regi\u00e3o","link":"https:\/\/noticiasribeiraopreto.com.br\/index.php\/category\/noticias-de-ribeirao-preto-sp-e-regiao-ismael-colosi\/"},"img":{"alt_text":"","src":"https:\/\/i0.wp.com\/noticiasribeiraopreto.com.br\/wp-content\/uploads\/2024\/07\/processo-seletivo-1_2024-07-31_17-43-46_jpg_2024-07-31_17-43-46.webp.webp?fit=1200%2C800&ssl=1&resize=350%2C200","width":350,"height":200,"srcset":"https:\/\/i0.wp.com\/noticiasribeiraopreto.com.br\/wp-content\/uploads\/2024\/07\/processo-seletivo-1_2024-07-31_17-43-46_jpg_2024-07-31_17-43-46.webp.webp?fit=1200%2C800&ssl=1&resize=350%2C200 1x, https:\/\/i0.wp.com\/noticiasribeiraopreto.com.br\/wp-content\/uploads\/2024\/07\/processo-seletivo-1_2024-07-31_17-43-46_jpg_2024-07-31_17-43-46.webp.webp?fit=1200%2C800&ssl=1&resize=525%2C300 1.5x, https:\/\/i0.wp.com\/noticiasribeiraopreto.com.br\/wp-content\/uploads\/2024\/07\/processo-seletivo-1_2024-07-31_17-43-46_jpg_2024-07-31_17-43-46.webp.webp?fit=1200%2C800&ssl=1&resize=700%2C400 2x, https:\/\/i0.wp.com\/noticiasribeiraopreto.com.br\/wp-content\/uploads\/2024\/07\/processo-seletivo-1_2024-07-31_17-43-46_jpg_2024-07-31_17-43-46.webp.webp?fit=1200%2C800&ssl=1&resize=1050%2C600 3x"},"classes":[]},{"id":74200,"url":"https:\/\/noticiasribeiraopreto.com.br\/index.php\/2025\/07\/17\/processo-seletivo-para-professores-conta-com-salarios-de-r-55-mil-veja-como-participar\/","url_meta":{"origin":20931,"position":4},"title":"Processo seletivo para professores conta com sal\u00e1rios de R$ 5,5 mil; Veja como participar","author":"noticiasribeiraopreto.com.br","date":"17 de July de 2025","format":false,"excerpt":"As inscri\u00e7\u00f5es para o processo seletivo para o cadastro de professores do ensino t\u00e9cnico de S\u00e3o Paulo, com 5 mil vagas, come\u00e7am nesta quinta-feira (17). Os sal\u00e1rios s\u00e3o de R$ 5.565,00 para carga de 40 horas semanais, com possibilidade de jornada proporcional. A contrata\u00e7\u00e3o \u00e9 por tempo determinado. O prazo\u2026","rel":"","context":"In &quot;Not\u00edcias de Ribeir\u00e3o Preto-SP e Regi\u00e3o&quot;","block_context":{"text":"Not\u00edcias de Ribeir\u00e3o Preto-SP e Regi\u00e3o","link":"https:\/\/noticiasribeiraopreto.com.br\/index.php\/category\/noticias-de-ribeirao-preto-sp-e-regiao-ismael-colosi\/"},"img":{"alt_text":"","src":"https:\/\/i0.wp.com\/noticiasribeiraopreto.com.br\/wp-content\/uploads\/2025\/07\/Copia-de-Copia-de-TAMANHO-EXATO-PARA-FOTOS-NO-SISTEMA-NOVO-21_2024-07-24_17-48-57_jpg_2024-07-24_17-48-57.webp.webp?fit=1200%2C675&ssl=1&resize=350%2C200","width":350,"height":200,"srcset":"https:\/\/i0.wp.com\/noticiasribeiraopreto.com.br\/wp-content\/uploads\/2025\/07\/Copia-de-Copia-de-TAMANHO-EXATO-PARA-FOTOS-NO-SISTEMA-NOVO-21_2024-07-24_17-48-57_jpg_2024-07-24_17-48-57.webp.webp?fit=1200%2C675&ssl=1&resize=350%2C200 1x, https:\/\/i0.wp.com\/noticiasribeiraopreto.com.br\/wp-content\/uploads\/2025\/07\/Copia-de-Copia-de-TAMANHO-EXATO-PARA-FOTOS-NO-SISTEMA-NOVO-21_2024-07-24_17-48-57_jpg_2024-07-24_17-48-57.webp.webp?fit=1200%2C675&ssl=1&resize=525%2C300 1.5x, https:\/\/i0.wp.com\/noticiasribeiraopreto.com.br\/wp-content\/uploads\/2025\/07\/Copia-de-Copia-de-TAMANHO-EXATO-PARA-FOTOS-NO-SISTEMA-NOVO-21_2024-07-24_17-48-57_jpg_2024-07-24_17-48-57.webp.webp?fit=1200%2C675&ssl=1&resize=700%2C400 2x, https:\/\/i0.wp.com\/noticiasribeiraopreto.com.br\/wp-content\/uploads\/2025\/07\/Copia-de-Copia-de-TAMANHO-EXATO-PARA-FOTOS-NO-SISTEMA-NOVO-21_2024-07-24_17-48-57_jpg_2024-07-24_17-48-57.webp.webp?fit=1200%2C675&ssl=1&resize=1050%2C600 3x"},"classes":[]},{"id":13913,"url":"https:\/\/noticiasribeiraopreto.com.br\/index.php\/2023\/12\/11\/prefeitura-de-ubatuba-sp-abre-inscricao-de-processo-seletivo-com-330-vagas\/","url_meta":{"origin":20931,"position":5},"title":"Prefeitura de Ubatuba SP abre inscri\u00e7\u00e3o de processo seletivo com 330 vagas","author":"noticiasribeiraopreto.com.br","date":"11 de December de 2023","format":false,"excerpt":"No litoral paulista, foram abertas as inscri\u00e7\u00f5es do novo processo seletivo da Prefeitura de Ubatuba para contrata\u00e7\u00e3o de tempor\u00e1rios. A sele\u00e7\u00e3o preencher\u00e1 330 vagas, sendo 14 reservadas a pessoas com defici\u00eancia e 65 para os negros, ind\u00edgenas ou quilombolas. Haver\u00e1, ainda, forma\u00e7\u00e3o de cadastro reserva (CR). Candidatos que conclu\u00edram o\u2026","rel":"","context":"In &quot;Vagas de Emprego em Ribeir\u00e3o Preto-SP&quot;","block_context":{"text":"Vagas de Emprego em Ribeir\u00e3o Preto-SP","link":"https:\/\/noticiasribeiraopreto.com.br\/index.php\/category\/empregos-classificados-vagas-trabalho\/vagas-de-empregos-em-ribeirao-preto-regiao-brasil\/"},"img":{"alt_text":"","src":"https:\/\/i0.wp.com\/noticiasribeiraopreto.com.br\/wp-content\/uploads\/2023\/12\/concurso-prefeitura-ubatuba-sp-maps.jpg?fit=1200%2C675&ssl=1&resize=350%2C200","width":350,"height":200,"srcset":"https:\/\/i0.wp.com\/noticiasribeiraopreto.com.br\/wp-content\/uploads\/2023\/12\/concurso-prefeitura-ubatuba-sp-maps.jpg?fit=1200%2C675&ssl=1&resize=350%2C200 1x, https:\/\/i0.wp.com\/noticiasribeiraopreto.com.br\/wp-content\/uploads\/2023\/12\/concurso-prefeitura-ubatuba-sp-maps.jpg?fit=1200%2C675&ssl=1&resize=525%2C300 1.5x, https:\/\/i0.wp.com\/noticiasribeiraopreto.com.br\/wp-content\/uploads\/2023\/12\/concurso-prefeitura-ubatuba-sp-maps.jpg?fit=1200%2C675&ssl=1&resize=700%2C400 2x, https:\/\/i0.wp.com\/noticiasribeiraopreto.com.br\/wp-content\/uploads\/2023\/12\/concurso-prefeitura-ubatuba-sp-maps.jpg?fit=1200%2C675&ssl=1&resize=1050%2C600 3x"},"classes":[]}],"jetpack_sharing_enabled":true,"jetpack_shortlink":"https:\/\/wp.me\/peQAOb-5rB","_links":{"self":[{"href":"https:\/\/noticiasribeiraopreto.com.br\/index.php\/wp-json\/wp\/v2\/posts\/20931","targetHints":{"allow":["GET"]}}],"collection":[{"href":"https:\/\/noticiasribeiraopreto.com.br\/index.php\/wp-json\/wp\/v2\/posts"}],"about":[{"href":"https:\/\/noticiasribeiraopreto.com.br\/index.php\/wp-json\/wp\/v2\/types\/post"}],"author":[{"embeddable":true,"href":"https:\/\/noticiasribeiraopreto.com.br\/index.php\/wp-json\/wp\/v2\/users\/1"}],"replies":[{"embeddable":true,"href":"https:\/\/noticiasribeiraopreto.com.br\/index.php\/wp-json\/wp\/v2\/comments?post=20931"}],"version-history":[{"count":0,"href":"https:\/\/noticiasribeiraopreto.com.br\/index.php\/wp-json\/wp\/v2\/posts\/20931\/revisions"}],"wp:featuredmedia":[{"embeddable":true,"href":"https:\/\/noticiasribeiraopreto.com.br\/index.php\/wp-json\/wp\/v2\/media\/20932"}],"wp:attachment":[{"href":"https:\/\/noticiasribeiraopreto.com.br\/index.php\/wp-json\/wp\/v2\/media?parent=20931"}],"wp:term":[{"taxonomy":"category","embeddable":true,"href":"https:\/\/noticiasribeiraopreto.com.br\/index.php\/wp-json\/wp\/v2\/categories?post=20931"},{"taxonomy":"post_tag","embeddable":true,"href":"https:\/\/noticiasribeiraopreto.com.br\/index.php\/wp-json\/wp\/v2\/tags?post=20931"}],"curies":[{"name":"wp","href":"https:\/\/api.w.org\/{rel}","templated":true}]}}