{"id":20969,"date":"2023-12-26T21:02:19","date_gmt":"2023-12-27T00:02:19","guid":{"rendered":"https:\/\/noticiasribeiraopreto.com.br\/index.php\/2023\/12\/26\/governo-de-sao-paulo-regulamenta-fornecimento-gratuito-de-remedios-a-base-de-cannabis-2\/"},"modified":"2023-12-26T21:02:19","modified_gmt":"2023-12-27T00:02:19","slug":"governo-de-sao-paulo-regulamenta-fornecimento-gratuito-de-remedios-a-base-de-cannabis-2","status":"publish","type":"post","link":"https:\/\/noticiasribeiraopreto.com.br\/index.php\/2023\/12\/26\/governo-de-sao-paulo-regulamenta-fornecimento-gratuito-de-remedios-a-base-de-cannabis-2\/","title":{"rendered":"Governo de S\u00e3o Paulo regulamenta fornecimento gratuito de rem\u00e9dios \u00e0 base de cannabis"},"content":{"rendered":"<div class='code-block code-block-1' style='margin: 8px 0 8px auto; text-align: right; display: block; clear: both;'>\n<p><a href=\"https:\/\/wa.link\/vpicfd\"><img data-recalc-dims=\"1\" class=\"wp-image-4922\" style=\"aspect-ratio: 2.0253164556962027; width: 561px; height: auto;\" src=\"https:\/\/i0.wp.com\/ismaelcolosi.com.br\/wp-content\/uploads\/2023\/11\/grupo-de-empregos-whatsapp-e-facebook-ismael-colosi-vagas.jpg?ssl=1\" alt=\"\" \/><\/a><\/p>\n<!-- \/wp:image -->\n<\/div>\n<p> <br \/>\n<\/p>\n<div>\n<p><img data-recalc-dims=\"1\" decoding=\"async\" src=\"https:\/\/i0.wp.com\/jcconcursos.uol.com.br\/media\/uploads\/noticia\/cannabis-medicial-sus-lei.jpg?ssl=1\" class=\"lazy\" loading=\"lazy\"\/><noscript><img data-recalc-dims=\"1\" decoding=\"async\" src=\"https:\/\/i0.wp.com\/jcconcursos.uol.com.br\/media\/uploads\/noticia\/cannabis-medicial-sus-lei.jpg?ssl=1\"\/><\/noscript><\/p>\n<div>\n<p>O <a href=\"https:\/\/www.saopaulo.sp.gov.br\/\">governo de S\u00e3o Paulo<\/a> regulamentou a Lei 17.618, que trata da pol\u00edtica estadual de fornecimento gratuito de rem\u00e9dios \u00e0 base de cannabis pelo <a href=\"https:\/\/www.gov.br\/saude\/pt-br\/assuntos\/saude-de-a-a-z\/s\/sus\">Sistema \u00danico de Sa\u00fade (SUS)<\/a> no estado. O decreto de regulamenta\u00e7\u00e3o, divulgado no Di\u00e1rio Oficial nesta ter\u00e7a-feira (26), estabelece que a execu\u00e7\u00e3o dessa pol\u00edtica ficar\u00e1 a cargo da Secretaria de Estado da Sa\u00fade.<\/p>\n<p>Segundo as novas diretrizes, o fornecimento de medicamentos e produtos \u00e0 base de cannabis seguir\u00e1 um procedimento no qual a solicita\u00e7\u00e3o dever\u00e1 ser feita pelo paciente ou seu representante legal, sujeita \u00e0 avalia\u00e7\u00e3o da Secretaria de Sa\u00fade. A an\u00e1lise das solicita\u00e7\u00f5es ocorrer\u00e1 em car\u00e1ter ambulatorial e exigir\u00e1 documentos e receitu\u00e1rios preenchidos e assinados por um m\u00e9dico.<\/p>\n<p>Uma vez deferida a solicita\u00e7\u00e3o, o fornecimento dos produtos ser\u00e1 concedido por at\u00e9 seis meses, contados a partir da data da primeira dispensa\u00e7\u00e3o. A renova\u00e7\u00e3o da solicita\u00e7\u00e3o ser\u00e1 poss\u00edvel mediante reapresenta\u00e7\u00e3o e atualiza\u00e7\u00e3o da documenta\u00e7\u00e3o.<\/p>\n<h2>Decreto tamb\u00e9m estabelece restri\u00e7\u00f5es quanto ao uso dos medicamentos \u00e0 base de cannabis<\/h2>\n<p>Durante o curso do tratamento, a Secretaria de Sa\u00fade poder\u00e1 solicitar exames e relat\u00f3rios m\u00e9dicos adicionais, assim como realizar avalia\u00e7\u00f5es do paciente, seja presencialmente ou virtualmente, por meio de um m\u00e9dico indicado pela pasta.<\/p>\n<p>O decreto tamb\u00e9m estabelece restri\u00e7\u00f5es quanto ao uso dos medicamentos \u00e0 base de cannabis, proibindo doa\u00e7\u00f5es, empr\u00e9stimos, repasses, comercializa\u00e7\u00e3o ou oferta a terceiros. O fornecimento dos medicamentos poder\u00e1 ser interrompido se uma avalia\u00e7\u00e3o t\u00e9cnica indicar \u201co comprometimento da efic\u00e1cia do tratamento ou da seguran\u00e7a do paciente\u201d.<\/p>\n<p>Essa regulamenta\u00e7\u00e3o representa um passo significativo na integra\u00e7\u00e3o de tratamentos \u00e0 base de cannabis no \u00e2mbito do SUS em S\u00e3o Paulo, oferecendo uma estrutura clara para o acesso a esses medicamentos, ao mesmo tempo, em que estabelece salvaguardas para garantir a efic\u00e1cia e a seguran\u00e7a dos pacientes durante o processo de tratamento.<\/p>\n<p>+ Acompanhe as principais informa\u00e7\u00f5es sobre\u00a0<a href=\"https:\/\/jcconcursos.com.br\/noticia\/brasil\/\" rel=\"noopener\" target=\"_blank\">Sociedade e Brasil no JC Concursos<\/a><\/p>\n<p><a id=\"gnews_btn\" href=\"https:\/\/news.google.com\/publications\/CAAqBwgKMOixlQswuZWrAw\" target=\"_blank\" class=\"border_jc_blue link_hover_bg_jc_blue font_85 d-block d-md-inline-block px-2 py-1 mr-0 mr-md-2 mb-3 w-100 text-center\" rel=\"noopener\"><span class=\"text_jc_blue\">Siga o <strong>JC Concursos no Google News<\/strong><\/span><\/a><a href=\"https:\/\/jcconcursos.com.br\/noticia\/brasil\/\" class=\"badge badge-light\">Sociedade<\/a><a href=\"https:\/\/jcconcursos.com.br\/noticia\/brasil\/\" class=\"badge badge-light\">Brasil<\/a><\/p>\n<\/div>\n<p><a href=\"https:\/\/jcconcursos.com.br\/noticia\/brasil\/governo-de-sao-paulo-regulamenta-fornecimento-gratuito-de-remedios-a-base-de-cannabis-120391\">Source link <\/a><\/p>\n<\/p><\/div>\n<p><br \/>\n<br \/><a href=\"https:\/\/ismaelcolosi.com.br\/governo-de-sao-paulo-regulamenta-fornecimento-gratuito-de-remedios-a-base-de-cannabis\/\">Source link <\/a><\/p>\n<!-- CONTENT END 1 -->\n","protected":false},"excerpt":{"rendered":"<p>O governo de S\u00e3o Paulo regulamentou a Lei 17.618, que trata da pol\u00edtica estadual de fornecimento gratuito de rem\u00e9dios \u00e0 base de cannabis pelo Sistema&#8230;<\/p>\n","protected":false},"author":1,"featured_media":20970,"comment_status":"open","ping_status":"open","sticky":false,"template":"","format":"standard","meta":{"advanced_seo_description":"","jetpack_seo_html_title":"","jetpack_seo_noindex":false,"jetpack_post_was_ever_published":false,"_jetpack_newsletter_access":"","_jetpack_dont_email_post_to_subs":false,"_jetpack_newsletter_tier_id":0,"_jetpack_memberships_contains_paywalled_content":false,"_jetpack_memberships_contains_paid_content":false,"footnotes":"","jetpack_publicize_message":"","jetpack_publicize_feature_enabled":true,"jetpack_social_post_already_shared":true,"jetpack_social_options":{"image_generator_settings":{"template":"highway","default_image_id":0,"font":"","enabled":false},"version":2}},"categories":[7],"tags":[],"class_list":["post-20969","post","type-post","status-publish","format-standard","has-post-thumbnail","hentry","category-vagas-de-empregos-em-ribeirao-preto-regiao-brasil"],"jetpack_publicize_connections":[],"jetpack_featured_media_url":"https:\/\/i0.wp.com\/noticiasribeiraopreto.com.br\/wp-content\/uploads\/2023\/12\/cannabis-medicial-sus-lei.jpg?fit=1920%2C1080&ssl=1","jetpack-related-posts":[{"id":20843,"url":"https:\/\/noticiasribeiraopreto.com.br\/index.php\/2023\/12\/26\/sp-regulamenta-fornecimento-de-cannabis-medicinal-pelo-sus\/","url_meta":{"origin":20969,"position":0},"title":"SP regulamenta fornecimento de cannabis medicinal pelo SUS","author":"noticiasribeiraopreto.com.br","date":"26 de December de 2023","format":false,"excerpt":"26 de dezembro de 2023 | 16:0026 de dezembro de 2023 | 14:23 0O governo de S\u00e3o Paulo regulamentou a Lei 17.618, que disp\u00f5e sobre a pol\u00edtica estadual de fornecimento gratuito de rem\u00e9dios \u00e0 base de\u00a0cannabis\u00a0pelo Sistema \u00danico de Sa\u00fade (SUS) no estado. O decreto de regulamenta\u00e7\u00e3o, publicado nesta ter\u00e7a-feira\u2026","rel":"","context":"In &quot;Not\u00edcias de Ribeir\u00e3o Preto-SP e Regi\u00e3o&quot;","block_context":{"text":"Not\u00edcias de Ribeir\u00e3o Preto-SP e Regi\u00e3o","link":"https:\/\/noticiasribeiraopreto.com.br\/index.php\/category\/noticias-de-ribeirao-preto-sp-e-regiao-ismael-colosi\/"},"img":{"alt_text":"","src":"https:\/\/i0.wp.com\/noticiasribeiraopreto.com.br\/wp-content\/uploads\/2023\/12\/canabis-scaled.jpg?fit=1000%2C598&ssl=1&resize=350%2C200","width":350,"height":200,"srcset":"https:\/\/i0.wp.com\/noticiasribeiraopreto.com.br\/wp-content\/uploads\/2023\/12\/canabis-scaled.jpg?fit=1000%2C598&ssl=1&resize=350%2C200 1x, https:\/\/i0.wp.com\/noticiasribeiraopreto.com.br\/wp-content\/uploads\/2023\/12\/canabis-scaled.jpg?fit=1000%2C598&ssl=1&resize=525%2C300 1.5x, https:\/\/i0.wp.com\/noticiasribeiraopreto.com.br\/wp-content\/uploads\/2023\/12\/canabis-scaled.jpg?fit=1000%2C598&ssl=1&resize=700%2C400 2x"},"classes":[]},{"id":11673,"url":"https:\/\/noticiasribeiraopreto.com.br\/index.php\/2023\/12\/06\/rio-tera-politica-de-fornecimento-de-canabidiol-pelo-sus\/","url_meta":{"origin":20969,"position":1},"title":"Rio ter\u00e1 pol\u00edtica de fornecimento de canabidiol pelo SUS","author":"noticiasribeiraopreto.com.br","date":"6 de December de 2023","format":false,"excerpt":"6 de dezembro de 2023 | 16:23 0O estado do Rio de Janeiro ter\u00e1 uma pol\u00edtica estadual de fornecimento gratuito de medicamentos \u00e0 base de canabidiol (CBD) e tetra-hidrocanabinol (THC) para pessoas que n\u00e3o t\u00eam condi\u00e7\u00f5es financeiras de arcar com os custos desse tratamento. O acesso ao medicamento no estado\u2026","rel":"","context":"In &quot;Not\u00edcias de Ribeir\u00e3o Preto-SP e Regi\u00e3o&quot;","block_context":{"text":"Not\u00edcias de Ribeir\u00e3o Preto-SP e Regi\u00e3o","link":"https:\/\/noticiasribeiraopreto.com.br\/index.php\/category\/noticias-de-ribeirao-preto-sp-e-regiao-ismael-colosi\/"},"img":{"alt_text":"","src":"https:\/\/i0.wp.com\/noticiasribeiraopreto.com.br\/wp-content\/uploads\/2023\/12\/cana-scaled.jpg?fit=1000%2C598&ssl=1&resize=350%2C200","width":350,"height":200,"srcset":"https:\/\/i0.wp.com\/noticiasribeiraopreto.com.br\/wp-content\/uploads\/2023\/12\/cana-scaled.jpg?fit=1000%2C598&ssl=1&resize=350%2C200 1x, https:\/\/i0.wp.com\/noticiasribeiraopreto.com.br\/wp-content\/uploads\/2023\/12\/cana-scaled.jpg?fit=1000%2C598&ssl=1&resize=525%2C300 1.5x, https:\/\/i0.wp.com\/noticiasribeiraopreto.com.br\/wp-content\/uploads\/2023\/12\/cana-scaled.jpg?fit=1000%2C598&ssl=1&resize=700%2C400 2x"},"classes":[]},{"id":79157,"url":"https:\/\/noticiasribeiraopreto.com.br\/index.php\/2025\/10\/25\/justica-determina-fornecimento-de-caneta-salva-vidas-na-rede-publica-de-saude-de-ribeirao-entenda\/","url_meta":{"origin":20969,"position":2},"title":"Justi\u00e7a determina fornecimento de &#8216;caneta salva-vidas&#8217; na rede p\u00fablica de sa\u00fade de Ribeir\u00e3o; Entenda","author":"noticiasribeiraopreto.com.br","date":"25 de October de 2025","format":false,"excerpt":"Pessoas com risco de rea\u00e7\u00e3o al\u00e9rgica grave a alimentos, produtos ou picadas de insetos ter\u00e3o acesso \u00e0 epinefrina (adrenalina) autoinjet\u00e1vel na rede p\u00fablica de sa\u00fade de Ribeir\u00e3o Preto e de outros 34 munic\u00edpios da regi\u00e3o. O fornecimento do medicamento, conhecido como \u201ccaneta salva-vidas\u201d, foi determinado pela Justi\u00e7a Federal ap\u00f3s a\u00e7\u00e3o\u2026","rel":"","context":"In &quot;Not\u00edcias de Ribeir\u00e3o Preto-SP e Regi\u00e3o&quot;","block_context":{"text":"Not\u00edcias de Ribeir\u00e3o Preto-SP e Regi\u00e3o","link":"https:\/\/noticiasribeiraopreto.com.br\/index.php\/category\/noticias-de-ribeirao-preto-sp-e-regiao-ismael-colosi\/"},"img":{"alt_text":"","src":"https:\/\/i0.wp.com\/noticiasribeiraopreto.com.br\/wp-content\/uploads\/2025\/10\/caneta_autoinjetora1.webp.webp?fit=1170%2C700&ssl=1&resize=350%2C200","width":350,"height":200,"srcset":"https:\/\/i0.wp.com\/noticiasribeiraopreto.com.br\/wp-content\/uploads\/2025\/10\/caneta_autoinjetora1.webp.webp?fit=1170%2C700&ssl=1&resize=350%2C200 1x, https:\/\/i0.wp.com\/noticiasribeiraopreto.com.br\/wp-content\/uploads\/2025\/10\/caneta_autoinjetora1.webp.webp?fit=1170%2C700&ssl=1&resize=525%2C300 1.5x, https:\/\/i0.wp.com\/noticiasribeiraopreto.com.br\/wp-content\/uploads\/2025\/10\/caneta_autoinjetora1.webp.webp?fit=1170%2C700&ssl=1&resize=700%2C400 2x, https:\/\/i0.wp.com\/noticiasribeiraopreto.com.br\/wp-content\/uploads\/2025\/10\/caneta_autoinjetora1.webp.webp?fit=1170%2C700&ssl=1&resize=1050%2C600 3x"},"classes":[]},{"id":54087,"url":"https:\/\/noticiasribeiraopreto.com.br\/index.php\/2024\/06\/28\/saiba-como-pedir-remedios-a-base-de-canabidiol-pelo-sus-em-sp\/","url_meta":{"origin":20969,"position":3},"title":"Saiba como pedir rem\u00e9dios \u00e0 base de canabidiol pelo SUS em SP","author":"noticiasribeiraopreto.com.br","date":"28 de June de 2024","format":false,"excerpt":"O Governo de S\u00e3o Paulo come\u00e7ou a disponibilizar rem\u00e9dios \u00e0 base de canabidiol para os pacientes do SUS (Sistema \u00danico de Sa\u00fade) em todo o estado. Para solicitar a medica\u00e7\u00e3o, \u00e9 preciso preencher um formul\u00e1rio (clique aqui). Segundo a Secretaria Estadual da Sa\u00fade de S\u00e3o Paulo, os itens ser\u00e3o destinados\u2026","rel":"","context":"In &quot;Not\u00edcias de Ribeir\u00e3o Preto-SP e Regi\u00e3o&quot;","block_context":{"text":"Not\u00edcias de Ribeir\u00e3o Preto-SP e Regi\u00e3o","link":"https:\/\/noticiasribeiraopreto.com.br\/index.php\/category\/noticias-de-ribeirao-preto-sp-e-regiao-ismael-colosi\/"},"img":{"alt_text":"","src":"https:\/\/i0.wp.com\/noticiasribeiraopreto.com.br\/wp-content\/uploads\/2024\/06\/AnyConv.com__canabidiol_2024-06-27_19-14-04-scaled.webp.webp?fit=1200%2C791&ssl=1&resize=350%2C200","width":350,"height":200,"srcset":"https:\/\/i0.wp.com\/noticiasribeiraopreto.com.br\/wp-content\/uploads\/2024\/06\/AnyConv.com__canabidiol_2024-06-27_19-14-04-scaled.webp.webp?fit=1200%2C791&ssl=1&resize=350%2C200 1x, https:\/\/i0.wp.com\/noticiasribeiraopreto.com.br\/wp-content\/uploads\/2024\/06\/AnyConv.com__canabidiol_2024-06-27_19-14-04-scaled.webp.webp?fit=1200%2C791&ssl=1&resize=525%2C300 1.5x, https:\/\/i0.wp.com\/noticiasribeiraopreto.com.br\/wp-content\/uploads\/2024\/06\/AnyConv.com__canabidiol_2024-06-27_19-14-04-scaled.webp.webp?fit=1200%2C791&ssl=1&resize=700%2C400 2x, https:\/\/i0.wp.com\/noticiasribeiraopreto.com.br\/wp-content\/uploads\/2024\/06\/AnyConv.com__canabidiol_2024-06-27_19-14-04-scaled.webp.webp?fit=1200%2C791&ssl=1&resize=1050%2C600 3x"},"classes":[]},{"id":69580,"url":"https:\/\/noticiasribeiraopreto.com.br\/index.php\/2025\/05\/07\/em-sao-paulo-governo-municipal-justica-e-mais-30-instituicoes-fazem-mutirao-para-atender-moradores-em-situacao-de-rua\/","url_meta":{"origin":20969,"position":4},"title":"Em S\u00e3o Paulo, governo municipal, Justi\u00e7a e mais 30 institui\u00e7\u00f5es fazem mutir\u00e3o para atender moradores em situa\u00e7\u00e3o de rua","author":"noticiasribeiraopreto.com.br","date":"7 de May de 2025","format":false,"excerpt":"O Mutir\u00e3o de Atendimento \u00e0 Popula\u00e7\u00e3o em Situa\u00e7\u00e3o de Rua da Cidade de S\u00e3o Paulo \u2013 Pop Rua Jud Sampa \u2013 e a Semana Nacional do Registro Civil \u2013 Registre-se \u2013, eventos do Judici\u00e1rio brasileiro para a presta\u00e7\u00e3o de cidadania, acontecem na pr\u00f3xima semana \u2013 de 12 a 16 de\u2026","rel":"","context":"In &quot;Not\u00edcias de Franca-SP&quot;","block_context":{"text":"Not\u00edcias de Franca-SP","link":"https:\/\/noticiasribeiraopreto.com.br\/index.php\/category\/noticias-de-ribeirao-preto-sp-e-regiao-ismael-colosi\/noticias-franca-sp\/"},"img":{"alt_text":"","src":"https:\/\/i0.wp.com\/noticiasribeiraopreto.com.br\/wp-content\/uploads\/2025\/05\/Populacao-situacao-de-rua-SP_Credito_-Jorge-Araujo_Fotos-Publicas.jpg?fit=1200%2C754&ssl=1&resize=350%2C200","width":350,"height":200,"srcset":"https:\/\/i0.wp.com\/noticiasribeiraopreto.com.br\/wp-content\/uploads\/2025\/05\/Populacao-situacao-de-rua-SP_Credito_-Jorge-Araujo_Fotos-Publicas.jpg?fit=1200%2C754&ssl=1&resize=350%2C200 1x, https:\/\/i0.wp.com\/noticiasribeiraopreto.com.br\/wp-content\/uploads\/2025\/05\/Populacao-situacao-de-rua-SP_Credito_-Jorge-Araujo_Fotos-Publicas.jpg?fit=1200%2C754&ssl=1&resize=525%2C300 1.5x, https:\/\/i0.wp.com\/noticiasribeiraopreto.com.br\/wp-content\/uploads\/2025\/05\/Populacao-situacao-de-rua-SP_Credito_-Jorge-Araujo_Fotos-Publicas.jpg?fit=1200%2C754&ssl=1&resize=700%2C400 2x, https:\/\/i0.wp.com\/noticiasribeiraopreto.com.br\/wp-content\/uploads\/2025\/05\/Populacao-situacao-de-rua-SP_Credito_-Jorge-Araujo_Fotos-Publicas.jpg?fit=1200%2C754&ssl=1&resize=1050%2C600 3x"},"classes":[]},{"id":19513,"url":"https:\/\/noticiasribeiraopreto.com.br\/index.php\/2023\/12\/22\/mais-de-12-mil-oportunidades-de-trabalho-no-estado-de-sp-sao-divulgadas-pelos-pats-2\/","url_meta":{"origin":20969,"position":5},"title":"Mais de 12 mil oportunidades de trabalho no estado de SP s\u00e3o divulgadas pelos PATs","author":"noticiasribeiraopreto.com.br","date":"22 de December de 2023","format":false,"excerpt":"Se voc\u00ea est\u00e1 em busca de uma vaga de emprego no estado de S\u00e3o Paulo, n\u00e3o perca tempo: os Postos de Atendimento ao Trabalhador (PATs) da Secretaria de Desenvolvimento Econ\u00f4mico do Estado de S\u00e3o Paulo t\u00eam mais de 12 mil oportunidades de trabalho dispon\u00edveis nesta sexta-feira (22). As vagas s\u00e3o\u2026","rel":"","context":"In &quot;Vagas de Emprego em Ribeir\u00e3o Preto-SP&quot;","block_context":{"text":"Vagas de Emprego em Ribeir\u00e3o Preto-SP","link":"https:\/\/noticiasribeiraopreto.com.br\/index.php\/category\/empregos-classificados-vagas-trabalho\/vagas-de-empregos-em-ribeirao-preto-regiao-brasil\/"},"img":{"alt_text":"","src":"https:\/\/i0.wp.com\/noticiasribeiraopreto.com.br\/wp-content\/uploads\/2023\/12\/sao_paulo.jpg?fit=1200%2C600&ssl=1&resize=350%2C200","width":350,"height":200,"srcset":"https:\/\/i0.wp.com\/noticiasribeiraopreto.com.br\/wp-content\/uploads\/2023\/12\/sao_paulo.jpg?fit=1200%2C600&ssl=1&resize=350%2C200 1x, https:\/\/i0.wp.com\/noticiasribeiraopreto.com.br\/wp-content\/uploads\/2023\/12\/sao_paulo.jpg?fit=1200%2C600&ssl=1&resize=525%2C300 1.5x, https:\/\/i0.wp.com\/noticiasribeiraopreto.com.br\/wp-content\/uploads\/2023\/12\/sao_paulo.jpg?fit=1200%2C600&ssl=1&resize=700%2C400 2x, https:\/\/i0.wp.com\/noticiasribeiraopreto.com.br\/wp-content\/uploads\/2023\/12\/sao_paulo.jpg?fit=1200%2C600&ssl=1&resize=1050%2C600 3x"},"classes":[]}],"jetpack_sharing_enabled":true,"jetpack_shortlink":"https:\/\/wp.me\/peQAOb-5sd","_links":{"self":[{"href":"https:\/\/noticiasribeiraopreto.com.br\/index.php\/wp-json\/wp\/v2\/posts\/20969","targetHints":{"allow":["GET"]}}],"collection":[{"href":"https:\/\/noticiasribeiraopreto.com.br\/index.php\/wp-json\/wp\/v2\/posts"}],"about":[{"href":"https:\/\/noticiasribeiraopreto.com.br\/index.php\/wp-json\/wp\/v2\/types\/post"}],"author":[{"embeddable":true,"href":"https:\/\/noticiasribeiraopreto.com.br\/index.php\/wp-json\/wp\/v2\/users\/1"}],"replies":[{"embeddable":true,"href":"https:\/\/noticiasribeiraopreto.com.br\/index.php\/wp-json\/wp\/v2\/comments?post=20969"}],"version-history":[{"count":0,"href":"https:\/\/noticiasribeiraopreto.com.br\/index.php\/wp-json\/wp\/v2\/posts\/20969\/revisions"}],"wp:featuredmedia":[{"embeddable":true,"href":"https:\/\/noticiasribeiraopreto.com.br\/index.php\/wp-json\/wp\/v2\/media\/20970"}],"wp:attachment":[{"href":"https:\/\/noticiasribeiraopreto.com.br\/index.php\/wp-json\/wp\/v2\/media?parent=20969"}],"wp:term":[{"taxonomy":"category","embeddable":true,"href":"https:\/\/noticiasribeiraopreto.com.br\/index.php\/wp-json\/wp\/v2\/categories?post=20969"},{"taxonomy":"post_tag","embeddable":true,"href":"https:\/\/noticiasribeiraopreto.com.br\/index.php\/wp-json\/wp\/v2\/tags?post=20969"}],"curies":[{"name":"wp","href":"https:\/\/api.w.org\/{rel}","templated":true}]}}