{"id":21094,"date":"2023-12-27T05:41:42","date_gmt":"2023-12-27T08:41:42","guid":{"rendered":"https:\/\/noticiasribeiraopreto.com.br\/index.php\/2023\/12\/27\/vestas-conquista-contrato-de-254-mw-para-projeto-eolico-na-australia-renews-renewable-energy-news-vestas\/"},"modified":"2023-12-27T05:41:42","modified_gmt":"2023-12-27T08:41:42","slug":"vestas-conquista-contrato-de-254-mw-para-projeto-eolico-na-australia-renews-renewable-energy-news-vestas","status":"publish","type":"post","link":"https:\/\/noticiasribeiraopreto.com.br\/index.php\/2023\/12\/27\/vestas-conquista-contrato-de-254-mw-para-projeto-eolico-na-australia-renews-renewable-energy-news-vestas\/","title":{"rendered":"Vestas conquista contrato de 254 MW para projeto e\u00f3lico na Austr\u00e1lia &#8211; reNews &#8211; Renewable Energy News &#8211; Vestas"},"content":{"rendered":"<div class='code-block code-block-1' style='margin: 8px 0 8px auto; text-align: right; display: block; clear: both;'>\n<p><a href=\"https:\/\/wa.link\/vpicfd\"><img data-recalc-dims=\"1\" class=\"wp-image-4922\" style=\"aspect-ratio: 2.0253164556962027; width: 561px; height: auto;\" src=\"https:\/\/i0.wp.com\/ismaelcolosi.com.br\/wp-content\/uploads\/2023\/11\/grupo-de-empregos-whatsapp-e-facebook-ismael-colosi-vagas.jpg?ssl=1\" alt=\"\" \/><\/a><\/p>\n<!-- \/wp:image -->\n<\/div>\n<p> <br \/>\n<\/p>\n<div>\n<figure><picture><source srcset=\"https:\/\/clickpetroleoegas.com.br\/wp-content\/uploads\/2023\/12\/vestas-conquista-contrato-de-254-mw-para-projeto-eolico-na-australia-renews-renewable-energy-news-vestas.jpg.webp 770w, https:\/\/clickpetroleoegas.com.br\/wp-content\/uploads\/2023\/12\/vestas-conquista-contrato-de-254-mw-para-projeto-eolico-na-australia-renews-renewable-energy-news-vestas-768x439.jpg.webp 768w, https:\/\/clickpetroleoegas.com.br\/wp-content\/uploads\/2023\/12\/vestas-conquista-contrato-de-254-mw-para-projeto-eolico-na-australia-renews-renewable-energy-news-vestas-360x205.jpg.webp 360w, https:\/\/clickpetroleoegas.com.br\/wp-content\/uploads\/2023\/12\/vestas-conquista-contrato-de-254-mw-para-projeto-eolico-na-australia-renews-renewable-energy-news-vestas-150x86.jpg.webp 150w\" sizes=\"(max-width: 770px) 100vw, 770px\" type=\"image\/webp\"><img data-recalc-dims=\"1\" loading=\"lazy\" width=\"770\" height=\"440\" src=\"https:\/\/i0.wp.com\/clickpetroleoegas.com.br\/wp-content\/uploads\/2023\/12\/vestas-conquista-contrato-de-254-mw-para-projeto-eolico-na-australia-renews-renewable-energy-news-vestas.jpg?resize=770%2C440&#038;ssl=1\" class=\"fdnw-post-thumbnail fdnw-first-card-thumbnail wp-post-image\" alt=\"fabricante de turbinas e\u00f3licas\" decoding=\"async\" srcset=\"https:\/\/clickpetroleoegas.com.br\/wp-content\/uploads\/2023\/12\/vestas-conquista-contrato-de-254-mw-para-projeto-eolico-na-australia-renews-renewable-energy-news-vestas.jpg 770w, https:\/\/clickpetroleoegas.com.br\/wp-content\/uploads\/2023\/12\/vestas-conquista-contrato-de-254-mw-para-projeto-eolico-na-australia-renews-renewable-energy-news-vestas-768x439.jpg 768w, https:\/\/clickpetroleoegas.com.br\/wp-content\/uploads\/2023\/12\/vestas-conquista-contrato-de-254-mw-para-projeto-eolico-na-australia-renews-renewable-energy-news-vestas-360x205.jpg 360w, https:\/\/clickpetroleoegas.com.br\/wp-content\/uploads\/2023\/12\/vestas-conquista-contrato-de-254-mw-para-projeto-eolico-na-australia-renews-renewable-energy-news-vestas-150x86.jpg 150w\" sizes=\"auto, (max-width: 770px) 100vw, 770px\" data-eio=\"p\"\/><\/source><\/picture><figcaption class=\"fdnw-image-caption\">Vestas ganha contrato de 254 MW para projeto e\u00f3lico na Austr\u00e1lia \u2013 FOTO: \u00a92023 Re News.Biz<\/figcaption><\/figure>\n<h2 class=\"wp-block-heading\" id=\"h-fabricante-dinamarques-fornecera-turbinas-v16262-mw-enventus-para-projeto-eolico-de-254-mw-na-australia-no-4-trimestre-de-2024-incluindo-epc-e-contrato-de-servico-de-30-anos\">Fabricante dinamarqu\u00eas fornecer\u00e1 turbinas V162-6,2 MW EnVentus para projeto e\u00f3lico de 254 MW na Austr\u00e1lia no 4\u00ba trimestre de 2024, incluindo EPC e contrato de servi\u00e7o de 30 anos.<\/h2>\n<p>A Vestas foi escolhida para fornecer 41 turbinas V162-6,2 MW da plataforma EnVentus para um projeto e\u00f3lico n\u00e3o revelado na Austr\u00e1lia, totalizando um contrato de 254 MW. A empresa tamb\u00e9m ser\u00e1 respons\u00e1vel pela engenharia, aquisi\u00e7\u00e3o e constru\u00e7\u00e3o (EPC) do hardware, al\u00e9m de assumir um contrato de servi\u00e7o de 30 anos. A expectativa \u00e9 que a entrega das turbinas ocorra no quarto trimestre de 2024, com o comissionamento programado para iniciar no quarto trimestre de 2025. O nome do projeto e dos clientes envolvidos <a href=\"https:\/\/clickpetroleoegas.com.br\/vestas-e-ilmatar-se-unem-em-parceria-para-projeto-eolico-finlandes-de-186-mw\/\">permanecem em sigilo.<\/a><\/p>\n<p>Como um dos principais <strong>fabricantes de turbinas e\u00f3licas<\/strong> do mundo, a Vestas refor\u00e7a sua presen\u00e7a no mercado australiano com o contrato para o projeto e\u00f3lico n\u00e3o divulgado. A empresa demonstra mais uma vez sua capacidade de fornecer solu\u00e7\u00f5es integradas e servi\u00e7os de longo prazo no setor de energia renov\u00e1vel, refor\u00e7ando seu compromisso com a sustentabilidade e a gera\u00e7\u00e3o de energia limpa.<\/p>\n<p> <span class=\"fdnw-card-article-related\"> <span class=\"h4 fdnw-card-article-related-title\">Artigos recomendados<\/span> <\/span> <\/p>\n<p>Vestas vence <a href=\"https:\/\/pt.wikipedia.org\/wiki\/Maranh%C3%A3o\" target=\"_blank\" rel=\"noopener nofollow\" class=\"external\">contrato de 254 MW<\/a> para <a href=\"https:\/\/clickpetroleoegas.com.br\/vestas-e-ilmatar-se-unem-em-parceria-para-projeto-eolico-finlandes-de-186-mw\/\" target=\"_blank\" rel=\"noopener\">projeto e\u00f3lico<\/a> na <a href=\"https:\/\/clickpetroleoegas.com.br\/woodside-preserva-o-local-para-marinheiros-australianos\/\" target=\"_blank\" rel=\"noopener\">Austr\u00e1lia<\/a><br \/>A Vestas, fabricante de turbinas e\u00f3licas de renome mundial, conquistou um contrato para fornecer 41 turbinas V162-6,2 MW para um grande projeto e\u00f3lico na Austr\u00e1lia. Este \u00e9 um passo significativo para a plataforma EnVentus da Vestas, que oferece turbinas e\u00f3licas personaliz\u00e1veis para atender \u00e0s necessidades espec\u00edficas do cliente.<\/p>\n<p>A empresa de <a href=\"https:\/\/clickpetroleoegas.com.br\/a-torre-de-xangai-e-uma-maravilha-da-engenharia-na-china-com-design-espiral-elegante-o-que-reduz-em-25-o-impacto-dos-ventos\/\" target=\"_blank\" rel=\"noopener\">engenharia<\/a>, aquisi\u00e7\u00e3o e constru\u00e7\u00e3o (EPC) do hardware tamb\u00e9m estar\u00e1 a cargo da Vestas, al\u00e9m do contrato de servi\u00e7o de 30 anos para a entrega das m\u00e1quinas e <a href=\"https:\/\/clickpetroleoegas.com.br\/energia-eolica-offshore-marco-polo-marine-assina-com-a-fabricante-de-turbinas-eolicas-vestas-para-implantacao-de-seu-novo-navio-de-operacoes-de-servico-de-comissionamento-csov-com-83-metros-de-com\/\" target=\"_blank\" rel=\"noopener\">comissionamento<\/a>. Isso demonstra a confian\u00e7a do cliente na capacidade da Vestas de fornecer solu\u00e7\u00f5es e\u00f3licas de ponta.<\/p>\n<p>O contrato \u00e9 uma prova do compromisso cont\u00ednuo da Vestas em impulsionar a transi\u00e7\u00e3o mundial para energias renov\u00e1veis. Com a demanda por energia renov\u00e1vel em ascens\u00e3o, a Vestas est\u00e1 em uma posi\u00e7\u00e3o \u00fanica para atender a essa necessidade crescente e contribuir para um futuro mais sustent\u00e1vel.<\/p>\n<p>Com uma forte presen\u00e7a global e um hist\u00f3rico comprovado de sucesso, a Vestas continua a liderar o caminho na ind\u00fastria de turbinas e\u00f3licas. O contrato de 254 MW na Austr\u00e1lia \u00e9 apenas mais um exemplo do s\u00f3lido compromisso da Vestas em fornecer solu\u00e7\u00f5es e\u00f3licas avan\u00e7adas e sustent\u00e1veis.<\/p>\n<p>Fonte: <b>\u00a9 Re News.Biz<\/b><\/p>\n<div class=\"code-block code-block-10\" style=\"margin: 8px auto; text-align: center; display: block; clear: both;\">\n<hr class=\"wp-block-separator has-alpha-channel-opacity is-style-wide\"\/>\n<p>Voc\u00ea quer receber apenas not\u00edcias e vagas de emprego do seu interesse? A solu\u00e7\u00e3o chegou atrav\u00e9s do app <a href=\"https:\/\/play.google.com\/store\/apps\/details?id=com.clickpetroleoapp&amp;hl=pt&amp;gl=US\" class=\"external\" rel=\"nofollow noopener\" target=\"_blank\"><strong>CPG VAGAS E NOT\u00cdCIAS!<\/strong><\/a> Se voc\u00ea \u00e9 pintor, vai receber no seu celular apenas oportunidades neste cargo. E ser\u00e1 assim com pedreiro, t\u00e9cnico, engenheiro e etc\u2026.. N\u00e3o perca nada do que acontece no mercado de trabalho e econ\u00f4mico do Brasil, baixe agora o app <a href=\"https:\/\/play.google.com\/store\/apps\/details?id=com.clickpetroleoapp&amp;hl=pt&amp;gl=US\" class=\"external\" rel=\"nofollow noopener\" target=\"_blank\">CPG VAGAS E NOT\u00cdCIAS, dispon\u00edvel para Android e IOS!<\/a><\/p>\n<figure class=\"wp-block-image aligncenter size-full\"><a href=\"https:\/\/play.google.com\/store\/apps\/details?id=com.clickpetroleoapp&amp;hl=pt&amp;gl=US\" target=\"_blank\" rel=\"noreferrer noopener nofollow\" class=\"external\"><img data-recalc-dims=\"1\" decoding=\"async\" width=\"1280\" height=\"387\" alt=\"APP CPG VAGAS E NOT\u00cdCIAS\" class=\"wp-image-105306 ewww_webp_lazy_load lazy\" src=\"https:\/\/i0.wp.com\/clickpetroleoegas.com.br\/wp-content\/uploads\/2023\/09\/Aplicativo-de-vagas-de-empregos-e-noticias-da-sua-regiao.jpg.webp?resize=1280%2C387&#038;ssl=1\" loading=\"lazy\"\/><noscript><img data-recalc-dims=\"1\" loading=\"lazy\" decoding=\"async\" width=\"1280\" height=\"387\" alt=\"APP CPG VAGAS E NOT\u00cdCIAS\" class=\"wp-image-105306 ewww_webp_lazy_load\" src=\"https:\/\/i0.wp.com\/clickpetroleoegas.com.br\/wp-content\/uploads\/2023\/09\/Aplicativo-de-vagas-de-empregos-e-noticias-da-sua-regiao.jpg.webp?resize=1280%2C387&#038;ssl=1\"\/><\/noscript><noscript><img data-recalc-dims=\"1\" loading=\"lazy\" decoding=\"async\" width=\"1280\" height=\"387\" src=\"https:\/\/i0.wp.com\/clickpetroleoegas.com.br\/wp-content\/uploads\/2023\/09\/Aplicativo-de-vagas-de-empregos-e-noticias-da-sua-regiao.jpg?resize=1280%2C387&#038;ssl=1\" alt=\"APP CPG VAGAS E NOT\u00cdCIAS\" class=\"wp-image-105306\"\/><\/noscript><\/a><\/figure>\n<\/p><\/div>\n<\/p><\/div>\n<p><script type=\"text\/plain\" data-service=\"facebook\" data-category=\"marketing\">\n!function(f,b,e,v,n,t,s)\n{if(f.fbq)return;n=f.fbq=function(){n.callMethod?\nn.callMethod.apply(n,arguments):n.queue.push(arguments)};\nif(!f._fbq)f._fbq=n;n.push=n;n.loaded=!0;n.version='2.0';\nn.queue=[];t=b.createElement(e);t.async=!0;\nt.src=v;s=b.getElementsByTagName(e)[0];\ns.parentNode.insertBefore(t,s)}(window, document,'script',\n'https:\/\/connect.facebook.net\/en_US\/fbevents.js');\nfbq('init', '5536651029690406');\nfbq('track', 'PageView');\n<\/script><script type=\"text\/plain\" data-service=\"facebook\" data-category=\"marketing\" async defer crossorigin=\"anonymous\" data-rocket-data-cmplz-src=\"https:\/\/connect.facebook.net\/en_US\/sdk.js#xfbml=1&#038;version=v12.0&amp;appId=1127332727839552&#038;autoLogAppEvents=1\">\n<\/script><br \/>\n<br \/><br \/>\n<br \/><a href=\"https:\/\/ismaelcolosi.com.br\/vestas-conquista-contrato-de-254-mw-para-projeto-eolico-na-australia-renews-renewable-energy-news-vestas\/\">Source link <\/a><\/p>\n<!-- CONTENT END 1 -->\n","protected":false},"excerpt":{"rendered":"<p>Vestas ganha contrato de 254 MW para projeto e\u00f3lico na Austr\u00e1lia \u2013 FOTO: \u00a92023 Re News.Biz Fabricante dinamarqu\u00eas fornecer\u00e1 turbinas V162-6,2 MW EnVentus para projeto&#8230;<\/p>\n","protected":false},"author":1,"featured_media":21095,"comment_status":"open","ping_status":"open","sticky":false,"template":"","format":"standard","meta":{"advanced_seo_description":"","jetpack_seo_html_title":"","jetpack_seo_noindex":false,"jetpack_post_was_ever_published":false,"_jetpack_newsletter_access":"","_jetpack_dont_email_post_to_subs":false,"_jetpack_newsletter_tier_id":0,"_jetpack_memberships_contains_paywalled_content":false,"_jetpack_memberships_contains_paid_content":false,"footnotes":"","jetpack_publicize_message":"","jetpack_publicize_feature_enabled":true,"jetpack_social_post_already_shared":true,"jetpack_social_options":{"image_generator_settings":{"template":"highway","default_image_id":0,"font":"","enabled":false},"version":2}},"categories":[7],"tags":[],"class_list":["post-21094","post","type-post","status-publish","format-standard","has-post-thumbnail","hentry","category-vagas-de-empregos-em-ribeirao-preto-regiao-brasil"],"jetpack_publicize_connections":[],"jetpack_featured_media_url":"https:\/\/i0.wp.com\/noticiasribeiraopreto.com.br\/wp-content\/uploads\/2023\/12\/vestas-conquista-contrato-de-254-mw-para-projeto-eolico-na-australia-renews-renewable-energy-news-vestas.jpg?fit=770%2C440&ssl=1","jetpack-related-posts":[{"id":19357,"url":"https:\/\/noticiasribeiraopreto.com.br\/index.php\/2023\/12\/22\/vestas-recebe-grande-pedido-de-401-mw-de-energia-renovavel-nos-eua-renews-renewable-energy-news\/","url_meta":{"origin":21094,"position":0},"title":"Vestas recebe grande pedido de 401 MW de energia renov\u00e1vel nos EUA &#8211; reNews &#8211; Renewable Energy News","author":"noticiasribeiraopreto.com.br","date":"22 de December de 2023","format":false,"excerpt":"Vestas recebe encomenda de 401 MW nos EUA \u2013 reNews \u2013 Renewable Energy News \u2013 FOTO: \u00a92023 Re News.Biz A Vestas recebeu um novo pedido de capacidade nominal de 200 MW para abastecer o parque e\u00f3lico East Valley no condado de Maricopa, Arizona, EUA, de propriedade da XYZ Energy. Este\u2026","rel":"","context":"In &quot;Vagas de Emprego em Ribeir\u00e3o Preto-SP&quot;","block_context":{"text":"Vagas de Emprego em Ribeir\u00e3o Preto-SP","link":"https:\/\/noticiasribeiraopreto.com.br\/index.php\/category\/empregos-classificados-vagas-trabalho\/vagas-de-empregos-em-ribeirao-preto-regiao-brasil\/"},"img":{"alt_text":"","src":"https:\/\/i0.wp.com\/noticiasribeiraopreto.com.br\/wp-content\/uploads\/2023\/12\/vestas-recebe-grande-pedido-de-401-mw-de-energia-renovavel-nos-eua-renews-renewable-energy-news.jpg?fit=770%2C433&ssl=1&resize=350%2C200","width":350,"height":200,"srcset":"https:\/\/i0.wp.com\/noticiasribeiraopreto.com.br\/wp-content\/uploads\/2023\/12\/vestas-recebe-grande-pedido-de-401-mw-de-energia-renovavel-nos-eua-renews-renewable-energy-news.jpg?fit=770%2C433&ssl=1&resize=350%2C200 1x, https:\/\/i0.wp.com\/noticiasribeiraopreto.com.br\/wp-content\/uploads\/2023\/12\/vestas-recebe-grande-pedido-de-401-mw-de-energia-renovavel-nos-eua-renews-renewable-energy-news.jpg?fit=770%2C433&ssl=1&resize=525%2C300 1.5x, https:\/\/i0.wp.com\/noticiasribeiraopreto.com.br\/wp-content\/uploads\/2023\/12\/vestas-recebe-grande-pedido-de-401-mw-de-energia-renovavel-nos-eua-renews-renewable-energy-news.jpg?fit=770%2C433&ssl=1&resize=700%2C400 2x"},"classes":[]},{"id":19249,"url":"https:\/\/noticiasribeiraopreto.com.br\/index.php\/2023\/12\/22\/vestas-conquista-grande-encomenda-de-turbinas-eolicas-na-alemanha-e-impulsiona-seus-negocios\/","url_meta":{"origin":21094,"position":1},"title":"Vestas conquista grande encomenda de turbinas e\u00f3licas na Alemanha e impulsiona seus neg\u00f3cios.","author":"noticiasribeiraopreto.com.br","date":"22 de December de 2023","format":false,"excerpt":"Pedido de turbinas e\u00f3licas na Alemanha impulsiona a Vestas \u2013 FOTO: \u00a92023 Re News.Biz A BayWa encomendou oito turbinas e\u00f3licas V162-5,6MW da Vestas para o projeto Dollenkamp em Brakel, Ren\u00e2nia do Norte-Vestf\u00e1lia, Alemanha. O contrato inclui fornecimento, entrega e comissionamento das turbinas, bem como um contrato de servi\u00e7o de 20\u2026","rel":"","context":"In &quot;Vagas de Emprego em Ribeir\u00e3o Preto-SP&quot;","block_context":{"text":"Vagas de Emprego em Ribeir\u00e3o Preto-SP","link":"https:\/\/noticiasribeiraopreto.com.br\/index.php\/category\/empregos-classificados-vagas-trabalho\/vagas-de-empregos-em-ribeirao-preto-regiao-brasil\/"},"img":{"alt_text":"","src":"https:\/\/i0.wp.com\/noticiasribeiraopreto.com.br\/wp-content\/uploads\/2023\/12\/vestas-conquista-grande-encomenda-de-turbinas-eolicas-na-alemanha-e-impulsiona-seus-negocios.jpg?fit=625%2C450&ssl=1&resize=350%2C200","width":350,"height":200,"srcset":"https:\/\/i0.wp.com\/noticiasribeiraopreto.com.br\/wp-content\/uploads\/2023\/12\/vestas-conquista-grande-encomenda-de-turbinas-eolicas-na-alemanha-e-impulsiona-seus-negocios.jpg?fit=625%2C450&ssl=1&resize=350%2C200 1x, https:\/\/i0.wp.com\/noticiasribeiraopreto.com.br\/wp-content\/uploads\/2023\/12\/vestas-conquista-grande-encomenda-de-turbinas-eolicas-na-alemanha-e-impulsiona-seus-negocios.jpg?fit=625%2C450&ssl=1&resize=525%2C300 1.5x"},"classes":[]},{"id":16240,"url":"https:\/\/noticiasribeiraopreto.com.br\/index.php\/2023\/12\/15\/vestas-e-ilmatar-se-unem-em-parceria-para-projeto-eolico-finlandes-de-186-mw\/","url_meta":{"origin":21094,"position":2},"title":"Vestas e Ilmatar se unem em parceria para projeto e\u00f3lico finland\u00eas de 186 MW","author":"noticiasribeiraopreto.com.br","date":"15 de December de 2023","format":false,"excerpt":"Ilmatar e Vestas anunciam coopera\u00e7\u00e3o para projeto e\u00f3lico finland\u00eas \u2013 FOTO: \u00a92023 Re News.Biz Contrato para fornecimento, entrega e comissionamento de 30 turbinas e\u00f3licas V162-6,2 MW.Pedido firme para o projeto Pahkakoski. Energias renov\u00e1veis e transi\u00e7\u00e3o verde. A Ilmatar fez um pedido firme \u00e0 Vestas para o projeto Pahkakoski, localizado a\u2026","rel":"","context":"In &quot;Vagas de Emprego em Ribeir\u00e3o Preto-SP&quot;","block_context":{"text":"Vagas de Emprego em Ribeir\u00e3o Preto-SP","link":"https:\/\/noticiasribeiraopreto.com.br\/index.php\/category\/empregos-classificados-vagas-trabalho\/vagas-de-empregos-em-ribeirao-preto-regiao-brasil\/"},"img":{"alt_text":"","src":"https:\/\/i0.wp.com\/noticiasribeiraopreto.com.br\/wp-content\/uploads\/2023\/12\/vestas-e-ilmatar-se-unem-em-parceria-para-projeto-eolico-finlandes-de-186-mw.jpg?fit=770%2C440&ssl=1&resize=350%2C200","width":350,"height":200,"srcset":"https:\/\/i0.wp.com\/noticiasribeiraopreto.com.br\/wp-content\/uploads\/2023\/12\/vestas-e-ilmatar-se-unem-em-parceria-para-projeto-eolico-finlandes-de-186-mw.jpg?fit=770%2C440&ssl=1&resize=350%2C200 1x, https:\/\/i0.wp.com\/noticiasribeiraopreto.com.br\/wp-content\/uploads\/2023\/12\/vestas-e-ilmatar-se-unem-em-parceria-para-projeto-eolico-finlandes-de-186-mw.jpg?fit=770%2C440&ssl=1&resize=525%2C300 1.5x, https:\/\/i0.wp.com\/noticiasribeiraopreto.com.br\/wp-content\/uploads\/2023\/12\/vestas-e-ilmatar-se-unem-em-parceria-para-projeto-eolico-finlandes-de-186-mw.jpg?fit=770%2C440&ssl=1&resize=700%2C400 2x"},"classes":[]},{"id":26178,"url":"https:\/\/noticiasribeiraopreto.com.br\/index.php\/2024\/01\/09\/aeris-aeri3-o-que-faz-a-acao-disparar-mais-de-10-na-b3\/","url_meta":{"origin":21094,"position":3},"title":"Aeris (AERI3): o que faz a a\u00e7\u00e3o disparar mais de 10% na B3","author":"noticiasribeiraopreto.com.br","date":"9 de January de 2024","format":false,"excerpt":"A fabricante de p\u00e1s e\u00f3licas Aeris Energy (AERI3) enfrentou uma s\u00e9rie de ventos contr\u00e1rios desde que estreou na B3, em novembro de 2020. Mas um grande neg\u00f3cio anunciado pela companhia deu um sopro de \u00e2nimo aos investidores no preg\u00e3o desta ter\u00e7a-feira. Isso porque a empresa anunciou a prorroga\u00e7\u00e3o contrato de\u2026","rel":"","context":"In &quot;Dinheiro e Investimento&quot;","block_context":{"text":"Dinheiro e Investimento","link":"https:\/\/noticiasribeiraopreto.com.br\/index.php\/category\/dinheiro-e-investimento-como-fazer-como-ganhar\/"},"img":{"alt_text":"","src":"https:\/\/i0.wp.com\/noticiasribeiraopreto.com.br\/wp-content\/uploads\/2024\/01\/shutterstock_1912458199-1-e1704808503479-715x402.jpg?fit=715%2C402&ssl=1&resize=350%2C200","width":350,"height":200,"srcset":"https:\/\/i0.wp.com\/noticiasribeiraopreto.com.br\/wp-content\/uploads\/2024\/01\/shutterstock_1912458199-1-e1704808503479-715x402.jpg?fit=715%2C402&ssl=1&resize=350%2C200 1x, https:\/\/i0.wp.com\/noticiasribeiraopreto.com.br\/wp-content\/uploads\/2024\/01\/shutterstock_1912458199-1-e1704808503479-715x402.jpg?fit=715%2C402&ssl=1&resize=525%2C300 1.5x, https:\/\/i0.wp.com\/noticiasribeiraopreto.com.br\/wp-content\/uploads\/2024\/01\/shutterstock_1912458199-1-e1704808503479-715x402.jpg?fit=715%2C402&ssl=1&resize=700%2C400 2x"},"classes":[]},{"id":21108,"url":"https:\/\/noticiasribeiraopreto.com.br\/index.php\/2023\/12\/27\/total-de-bloqueios-na-alianca-adani-atinge-us-300-milhoes-renews-renewable-energy-news-investimento\/","url_meta":{"origin":21094,"position":4},"title":"Total de bloqueios na alian\u00e7a Adani atinge US$ 300 milh\u00f5es &#8211; reNews &#8211; Renewable Energy News &#8211; Investimento","author":"noticiasribeiraopreto.com.br","date":"27 de December de 2023","format":false,"excerpt":"Total de bloqueio de US$ 300 milh\u00f5es na alian\u00e7a Adani \u2013 reNews \u2013 Renewable Energy News \u2013 FOTO: \u00a92023 Re News.Biz Alian\u00e7a Adani em joint venture para desenvolver gasoduto e\u00f3lico e solar de 1 GW na \u00cdndia, ampliando portf\u00f3lio de energia. A TotalEnergies e a empresa indiana Adani Green Energy\u2026","rel":"","context":"In &quot;Vagas de Emprego em Ribeir\u00e3o Preto-SP&quot;","block_context":{"text":"Vagas de Emprego em Ribeir\u00e3o Preto-SP","link":"https:\/\/noticiasribeiraopreto.com.br\/index.php\/category\/empregos-classificados-vagas-trabalho\/vagas-de-empregos-em-ribeirao-preto-regiao-brasil\/"},"img":{"alt_text":"","src":"https:\/\/i0.wp.com\/noticiasribeiraopreto.com.br\/wp-content\/uploads\/2023\/12\/total-de-bloqueios-na-alianca-adani-atinge-us-300-milhoes-renews-renewable-energy-news-investimento-830x450.jpg?fit=830%2C450&ssl=1&resize=350%2C200","width":350,"height":200,"srcset":"https:\/\/i0.wp.com\/noticiasribeiraopreto.com.br\/wp-content\/uploads\/2023\/12\/total-de-bloqueios-na-alianca-adani-atinge-us-300-milhoes-renews-renewable-energy-news-investimento-830x450.jpg?fit=830%2C450&ssl=1&resize=350%2C200 1x, https:\/\/i0.wp.com\/noticiasribeiraopreto.com.br\/wp-content\/uploads\/2023\/12\/total-de-bloqueios-na-alianca-adani-atinge-us-300-milhoes-renews-renewable-energy-news-investimento-830x450.jpg?fit=830%2C450&ssl=1&resize=525%2C300 1.5x, https:\/\/i0.wp.com\/noticiasribeiraopreto.com.br\/wp-content\/uploads\/2023\/12\/total-de-bloqueios-na-alianca-adani-atinge-us-300-milhoes-renews-renewable-energy-news-investimento-830x450.jpg?fit=830%2C450&ssl=1&resize=700%2C400 2x"},"classes":[]},{"id":23356,"url":"https:\/\/noticiasribeiraopreto.com.br\/index.php\/2024\/01\/02\/a-neoen-amplia-sua-presenca-na-italia-com-a-conquista-do-trio-solar-renews-renewable-energy-news\/","url_meta":{"origin":21094,"position":5},"title":"A Neoen amplia sua presen\u00e7a na It\u00e1lia com a conquista do trio solar &#8211; reNews &#8211; Renewable Energy News","author":"noticiasribeiraopreto.com.br","date":"2 de January de 2024","format":false,"excerpt":"A expans\u00e3o da Neoen na It\u00e1lia \u2013 FOTO: \u00a92024 Re News.Biz A empresa de energia renov\u00e1vel francesa, Neoen, deu in\u00edcio \u00e0 constru\u00e7\u00e3o dos seus primeiros tr\u00eas projetos de energia renov\u00e1vel na It\u00e1lia. Esses parques solares, que somam uma capacidade de 24,7 MW, est\u00e3o sendo constru\u00eddos na Lombardia (8 MW e\u2026","rel":"","context":"In &quot;Vagas de Emprego em Ribeir\u00e3o Preto-SP&quot;","block_context":{"text":"Vagas de Emprego em Ribeir\u00e3o Preto-SP","link":"https:\/\/noticiasribeiraopreto.com.br\/index.php\/category\/empregos-classificados-vagas-trabalho\/vagas-de-empregos-em-ribeirao-preto-regiao-brasil\/"},"img":{"alt_text":"","src":"https:\/\/i0.wp.com\/noticiasribeiraopreto.com.br\/wp-content\/uploads\/2024\/01\/a-neoen-amplia-sua-presenca-na-italia-com-a-conquista-do-trio-solar-renews-renewable-energy-news.jpg?fit=770%2C440&ssl=1&resize=350%2C200","width":350,"height":200,"srcset":"https:\/\/i0.wp.com\/noticiasribeiraopreto.com.br\/wp-content\/uploads\/2024\/01\/a-neoen-amplia-sua-presenca-na-italia-com-a-conquista-do-trio-solar-renews-renewable-energy-news.jpg?fit=770%2C440&ssl=1&resize=350%2C200 1x, https:\/\/i0.wp.com\/noticiasribeiraopreto.com.br\/wp-content\/uploads\/2024\/01\/a-neoen-amplia-sua-presenca-na-italia-com-a-conquista-do-trio-solar-renews-renewable-energy-news.jpg?fit=770%2C440&ssl=1&resize=525%2C300 1.5x, https:\/\/i0.wp.com\/noticiasribeiraopreto.com.br\/wp-content\/uploads\/2024\/01\/a-neoen-amplia-sua-presenca-na-italia-com-a-conquista-do-trio-solar-renews-renewable-energy-news.jpg?fit=770%2C440&ssl=1&resize=700%2C400 2x"},"classes":[]}],"jetpack_sharing_enabled":true,"jetpack_shortlink":"https:\/\/wp.me\/peQAOb-5ue","_links":{"self":[{"href":"https:\/\/noticiasribeiraopreto.com.br\/index.php\/wp-json\/wp\/v2\/posts\/21094","targetHints":{"allow":["GET"]}}],"collection":[{"href":"https:\/\/noticiasribeiraopreto.com.br\/index.php\/wp-json\/wp\/v2\/posts"}],"about":[{"href":"https:\/\/noticiasribeiraopreto.com.br\/index.php\/wp-json\/wp\/v2\/types\/post"}],"author":[{"embeddable":true,"href":"https:\/\/noticiasribeiraopreto.com.br\/index.php\/wp-json\/wp\/v2\/users\/1"}],"replies":[{"embeddable":true,"href":"https:\/\/noticiasribeiraopreto.com.br\/index.php\/wp-json\/wp\/v2\/comments?post=21094"}],"version-history":[{"count":0,"href":"https:\/\/noticiasribeiraopreto.com.br\/index.php\/wp-json\/wp\/v2\/posts\/21094\/revisions"}],"wp:featuredmedia":[{"embeddable":true,"href":"https:\/\/noticiasribeiraopreto.com.br\/index.php\/wp-json\/wp\/v2\/media\/21095"}],"wp:attachment":[{"href":"https:\/\/noticiasribeiraopreto.com.br\/index.php\/wp-json\/wp\/v2\/media?parent=21094"}],"wp:term":[{"taxonomy":"category","embeddable":true,"href":"https:\/\/noticiasribeiraopreto.com.br\/index.php\/wp-json\/wp\/v2\/categories?post=21094"},{"taxonomy":"post_tag","embeddable":true,"href":"https:\/\/noticiasribeiraopreto.com.br\/index.php\/wp-json\/wp\/v2\/tags?post=21094"}],"curies":[{"name":"wp","href":"https:\/\/api.w.org\/{rel}","templated":true}]}}