{"id":21096,"date":"2023-12-27T05:52:10","date_gmt":"2023-12-27T08:52:10","guid":{"rendered":"https:\/\/noticiasribeiraopreto.com.br\/index.php\/2023\/12\/27\/saiba-o-que-pode-e-o-que-nao-pode-na-hora-de-trocar-presentes\/"},"modified":"2023-12-27T05:52:10","modified_gmt":"2023-12-27T08:52:10","slug":"saiba-o-que-pode-e-o-que-nao-pode-na-hora-de-trocar-presentes","status":"publish","type":"post","link":"https:\/\/noticiasribeiraopreto.com.br\/index.php\/2023\/12\/27\/saiba-o-que-pode-e-o-que-nao-pode-na-hora-de-trocar-presentes\/","title":{"rendered":"saiba o que pode e o que n\u00e3o pode na hora de trocar presentes"},"content":{"rendered":"<div class='code-block code-block-1' style='margin: 8px 0 8px auto; text-align: right; display: block; clear: both;'>\n<p><a href=\"https:\/\/wa.link\/vpicfd\"><img data-recalc-dims=\"1\" class=\"wp-image-4922\" style=\"aspect-ratio: 2.0253164556962027; width: 561px; height: auto;\" src=\"https:\/\/i0.wp.com\/ismaelcolosi.com.br\/wp-content\/uploads\/2023\/11\/grupo-de-empregos-whatsapp-e-facebook-ismael-colosi-vagas.jpg?ssl=1\" alt=\"\" \/><\/a><\/p>\n<!-- \/wp:image -->\n<\/div>\n<p> <br \/>\n<\/p>\n<div>\n<p>O <a href=\"https:\/\/catracalivre.com.br\/tag\/natal\/\">Natal<\/a> passou, mas ficaram aqueles <a href=\"https:\/\/catracalivre.com.br\/carreira\/sugestoes-de-produtos-do-bem-para-presentear-no-natal\/\">presentes<\/a> que as pessoas ganham muitas vezes na cor errada, fora do gosto ou do tamanho.<\/p>\n<div id=\"attachment_2290089\" class=\"wp-caption aligncenter\">\n<div class=\"d-flex justify-content-center\" data-attachment-id=\"2290089\">\n<div class=\"position-relative d-inline-block\"><img data-recalc-dims=\"1\" data-portal-copyright=\"Fernando Fraz\u00e3o\/Ag\u00eancia Brasil\" fetchpriority=\"high\" decoding=\"async\" class=\"size-large wp-image-2290089\" src=\"https:\/\/i0.wp.com\/catracalivre.com.br\/wp-content\/uploads\/2023\/08\/so-compre-presente-de-dia-dos-pais-apos-ler-esta-noticia-910x544.jpg?resize=910%2C544&#038;ssl=1\" alt=\"Natal: saiba o que pode e o que n\u00e3o pode na hora de trocar presentes\" width=\"910\" height=\"544\" srcset=\"https:\/\/catracalivre.com.br\/wp-content\/uploads\/2023\/08\/so-compre-presente-de-dia-dos-pais-apos-ler-esta-noticia-910x544.jpg 910w, https:\/\/catracalivre.com.br\/wp-content\/uploads\/2023\/08\/so-compre-presente-de-dia-dos-pais-apos-ler-esta-noticia-450x269.jpg 450w, https:\/\/catracalivre.com.br\/wp-content\/uploads\/2023\/08\/so-compre-presente-de-dia-dos-pais-apos-ler-esta-noticia-768x459.jpg 768w\" sizes=\"(max-width: 910px) 100vw, 910px\"\/><\/p>\n<p>Cr\u00e9ditos: Fernando Fraz\u00e3o\/Ag\u00eancia Brasil<\/p>\n<\/div>\n<\/div>\n<p><span class=\"post-imagem__legenda\">Natal: saiba o que pode e o que n\u00e3o pode na hora de trocar presentes<\/span><\/p>\n<\/div>\n<p>O <a href=\"https:\/\/catracalivre.com.br\/economize\/black-friday-procon-lista-78-sites-onde-nao-comprar\/\">Procon<\/a> lembra, no entanto, que nenhuma loja \u00e9 obrigada a trocar o produto se esse n\u00e3o apresenta nenhum tipo de defeito de qualidade ou quantidade.<\/p>\n<p>De acordo com o <a href=\"https:\/\/www.planalto.gov.br\/ccivil_03\/leis\/l8078compilado.htm\" target=\"_blank\" rel=\"noopener\">C\u00f3digo de Defesa do Consumidor<\/a>, o cliente s\u00f3 tem direito \u00e0 troca do produto se n\u00e3o for poss\u00edvel a substitui\u00e7\u00e3o das partes defeituosas ou se o v\u00edcio n\u00e3o for sanado no prazo m\u00e1ximo de 30 dias.<\/p>\n<p>Nesse caso, o consumidor poder\u00e1 escolher entre a substitui\u00e7\u00e3o do produto por outro em perfeitas condi\u00e7\u00f5es, receber o dinheiro de volta ou, ainda, obter o abatimento proporcional do pre\u00e7o.<\/p>\n<p>Entretanto, apesar de saber que n\u00e3o h\u00e1 obrigatoriedade na realiza\u00e7\u00e3o de <a href=\"https:\/\/catracalivre.com.br\/economize\/conheca-seus-direitos-para-realizar-a-troca-dos-presentes-de-natal\/\">trocas<\/a> apenas por gosto ou tamanho, muitas lojas, para n\u00e3o gerar decep\u00e7\u00e3o e fidelizar o cliente, oferecem esse benef\u00edcio em sua pol\u00edtica de troca, que precisa, por\u00e9m, estar exposta ao consumidor de forma clara, com todas as condi\u00e7\u00f5es necess\u00e1rias para utiliza\u00e7\u00e3o desse benef\u00edcio.<\/p>\n<h2>Nota fiscal<\/h2>\n<p>O Procon adverte que mesmo nas compras de presentes, a nota fiscal deve ser entregue ao comprador, porque constitui o documento oficial que comprova a data, o local e o objeto da compra.<\/p>\n<p>Caso o produto apresente qualquer problema, ela \u00e9 a garantia do consumidor. A nota fiscal de compra pode ser eletr\u00f4nica ou impressa. De qualquer forma, ela deve ser entregue ao consumidor obrigatoriamente, inclusive nas compras feitas pela internet.<\/p>\n<p>Muitas lojas que oferecem troca de presentes entregam tamb\u00e9m um comprovante, sem o pre\u00e7o da mercadoria, que poder\u00e1 ser usado pelo presenteado, caso o produto n\u00e3o agrade. Por isso, esse documento deve ser colocado junto ao pacote.<\/p>\n<h2>Compras online<\/h2>\n<p>Nas <a href=\"https:\/\/catracalivre.com.br\/educacao\/5-dicas-para-economizar-dinheiro-na-hora-das-compras\/\">compras online<\/a>, o artigo 49 do C\u00f3digo de Defesa do Consumidor define que caso o comprador se arrependa da compra efetuada por qualquer motivo, ele poder\u00e1 cancel\u00e1-la em at\u00e9 7 dias, contados a partir do recebimento do produto ou da assinatura do contrato.<\/p>\n<p>Desse modo, ele ter\u00e1 a devolu\u00e7\u00e3o integral dos valores pagos, inclusive frete, se for o caso. O Procon destaca, entretanto, que essa opera\u00e7\u00e3o n\u00e3o constitui troca mas, sim, arrependimento.<\/p>\n<p>A troca de produtos nas lojas virtuais segue as mesmas regras das lojas f\u00edsicas.<\/p>\n<p>Caso o cliente queira fazer uma reclama\u00e7\u00e3o, o Procon disponibiliza seus canais de atendimento online no site do \u00f3rg\u00e3o de seu estado.<\/p>\n<\/div>\n<p><script>\n\t\t! function(f, b, e, v, n, t, s) {\n\t\t\tif (f.fbq) return;\n\t\t\tn = f.fbq = function() {\n\t\t\t\tn.callMethod ?\n\t\t\t\t\tn.callMethod.apply(n, arguments) : n.queue.push(arguments)\n\t\t\t};\n\t\t\tif (!f._fbq) f._fbq = n;\n\t\t\tn.push = n;\n\t\t\tn.loaded = !0;\n\t\t\tn.version = '2.0';\n\t\t\tn.queue = [];\n\t\t\tt = b.createElement(e);\n\t\t\tt.async = !0;\n\t\t\tt.src = v;\n\t\t\ts = b.getElementsByTagName(e)[0];\n\t\t\ts.parentNode.insertBefore(t, s)\n\t\t}(window, document, 'script',\n\t\t\t'https:\/\/connect.facebook.net\/en_US\/fbevents.js');\n\t\tfbq('init', '338315473262380');\n\t\tfbq('track', 'PageView');\n\t<\/script><br \/>\n<br \/><br \/>\n<br \/><a href=\"https:\/\/catracalivre.com.br\/cidadania\/natal-saiba-o-que-pode-e-o-que-nao-pode-na-hora-de-trocar-presentes\/\">Source link <\/a><\/p>\n<!-- CONTENT END 1 -->\n","protected":false},"excerpt":{"rendered":"<p>O Natal passou, mas ficaram aqueles presentes que as pessoas ganham muitas vezes na cor errada, fora do gosto ou do tamanho. Cr\u00e9ditos: Fernando Fraz\u00e3o\/Ag\u00eancia&#8230;<\/p>\n","protected":false},"author":1,"featured_media":21097,"comment_status":"open","ping_status":"open","sticky":false,"template":"","format":"standard","meta":{"advanced_seo_description":"","jetpack_seo_html_title":"","jetpack_seo_noindex":false,"jetpack_post_was_ever_published":false,"_jetpack_newsletter_access":"","_jetpack_dont_email_post_to_subs":false,"_jetpack_newsletter_tier_id":0,"_jetpack_memberships_contains_paywalled_content":false,"_jetpack_memberships_contains_paid_content":false,"footnotes":"","jetpack_publicize_message":"","jetpack_publicize_feature_enabled":true,"jetpack_social_post_already_shared":true,"jetpack_social_options":{"image_generator_settings":{"template":"highway","default_image_id":0,"font":"","enabled":false},"version":2}},"categories":[19],"tags":[],"class_list":["post-21096","post","type-post","status-publish","format-standard","has-post-thumbnail","hentry","category-variedades"],"jetpack_publicize_connections":[],"jetpack_featured_media_url":"https:\/\/i0.wp.com\/noticiasribeiraopreto.com.br\/wp-content\/uploads\/2023\/12\/so-compre-presente-de-dia-dos-pais-apos-ler-esta-noticia.jpg?fit=1200%2C638&ssl=1","jetpack-related-posts":[{"id":13557,"url":"https:\/\/noticiasribeiraopreto.com.br\/index.php\/2023\/12\/10\/presentes-de-natal-7-dicas-para-economizar-nas-compras\/","url_meta":{"origin":21096,"position":0},"title":"Presentes de Natal: 7 dicas para economizar nas compras","author":"noticiasribeiraopreto.com.br","date":"10 de December de 2023","format":false,"excerpt":"Fim do ano est\u00e1 chegando e voc\u00ea j\u00e1 est\u00e1 pensando nos presentes de Natal para as pessoas que ama? O Natal \u00e9 uma \u00e9poca de alegria, celebra\u00e7\u00e3o e confraterniza\u00e7\u00e3o. Mas tamb\u00e9m \u00e9 uma \u00e9poca de muitos gastos, que podem comprometer o or\u00e7amento e causar estresse. Por isso, \u00e9 importante planejar\u2026","rel":"","context":"In &quot;Vagas de Emprego em Ribeir\u00e3o Preto-SP&quot;","block_context":{"text":"Vagas de Emprego em Ribeir\u00e3o Preto-SP","link":"https:\/\/noticiasribeiraopreto.com.br\/index.php\/category\/empregos-classificados-vagas-trabalho\/vagas-de-empregos-em-ribeirao-preto-regiao-brasil\/"},"img":{"alt_text":"","src":"https:\/\/i0.wp.com\/noticiasribeiraopreto.com.br\/wp-content\/uploads\/2023\/12\/noticiasconcursos.com_.br-presentes-de-natal-7-dicas-para-economizar-nas-compras-reproducao-canva-9.jpg?fit=1200%2C800&ssl=1&resize=350%2C200","width":350,"height":200,"srcset":"https:\/\/i0.wp.com\/noticiasribeiraopreto.com.br\/wp-content\/uploads\/2023\/12\/noticiasconcursos.com_.br-presentes-de-natal-7-dicas-para-economizar-nas-compras-reproducao-canva-9.jpg?fit=1200%2C800&ssl=1&resize=350%2C200 1x, https:\/\/i0.wp.com\/noticiasribeiraopreto.com.br\/wp-content\/uploads\/2023\/12\/noticiasconcursos.com_.br-presentes-de-natal-7-dicas-para-economizar-nas-compras-reproducao-canva-9.jpg?fit=1200%2C800&ssl=1&resize=525%2C300 1.5x, https:\/\/i0.wp.com\/noticiasribeiraopreto.com.br\/wp-content\/uploads\/2023\/12\/noticiasconcursos.com_.br-presentes-de-natal-7-dicas-para-economizar-nas-compras-reproducao-canva-9.jpg?fit=1200%2C800&ssl=1&resize=700%2C400 2x, https:\/\/i0.wp.com\/noticiasribeiraopreto.com.br\/wp-content\/uploads\/2023\/12\/noticiasconcursos.com_.br-presentes-de-natal-7-dicas-para-economizar-nas-compras-reproducao-canva-9.jpg?fit=1200%2C800&ssl=1&resize=1050%2C600 3x"},"classes":[]},{"id":38836,"url":"https:\/\/noticiasribeiraopreto.com.br\/index.php\/2024\/02\/21\/cuidado-voce-pode-ter-a-ver-mais\/","url_meta":{"origin":21096,"position":1},"title":"&#8220;CUIDADO! Voc\u00ea pode ter a&#8230;Ver mais","author":"noticiasribeiraopreto.com.br","date":"21 de February de 2024","format":false,"excerpt":"Nesta quarta-feira (3), o cantor sertanejo Jo\u00e3o Carreiro acabou falecendo por uma complica\u00e7\u00e3o card\u00edaca chamada prolapso da v\u00e1lvula mitral (PVM), causando um grande pesar na ind\u00fastria sertaneja do pa\u00eds. Com apenas 41 anos de idade o cantor se submeteu a uma cirurgia que iria inserir uma esp\u00e9cie de v\u00e1lvula card\u00edaca\u2026","rel":"","context":"In &quot;Variedades&quot;","block_context":{"text":"Variedades","link":"https:\/\/noticiasribeiraopreto.com.br\/index.php\/category\/variedades\/"},"img":{"alt_text":"","src":"https:\/\/i0.wp.com\/noticiasribeiraopreto.com.br\/wp-content\/uploads\/2024\/02\/Apresentacao-sem-titulo-27.png?fit=960%2C540&ssl=1&resize=350%2C200","width":350,"height":200,"srcset":"https:\/\/i0.wp.com\/noticiasribeiraopreto.com.br\/wp-content\/uploads\/2024\/02\/Apresentacao-sem-titulo-27.png?fit=960%2C540&ssl=1&resize=350%2C200 1x, https:\/\/i0.wp.com\/noticiasribeiraopreto.com.br\/wp-content\/uploads\/2024\/02\/Apresentacao-sem-titulo-27.png?fit=960%2C540&ssl=1&resize=525%2C300 1.5x, https:\/\/i0.wp.com\/noticiasribeiraopreto.com.br\/wp-content\/uploads\/2024\/02\/Apresentacao-sem-titulo-27.png?fit=960%2C540&ssl=1&resize=700%2C400 2x"},"classes":[]},{"id":9302,"url":"https:\/\/noticiasribeiraopreto.com.br\/index.php\/2023\/12\/01\/estudo-descobre-alimento-que-reduz-risco-de-cancer-de-intestino\/","url_meta":{"origin":21096,"position":2},"title":"Estudo descobre alimento que reduz risco de c\u00e2ncer de intestino","author":"noticiasribeiraopreto.com.br","date":"1 de December de 2023","format":false,"excerpt":"Existem alimentos naturais que seriam capazes proteger o intestino contra o desenvolvimento de c\u00e2ncer. A descoberta \u00e9 de um estudo da\u00a0Escola de Sa\u00fade P\u00fablica\u00a0do Imperial College London. De acordo com os pesquisadores, as pessoas poderiam reduzir em 7% as chances de ter a doen\u00e7a de consumissem mais folhas verdes, como\u2026","rel":"","context":"In &quot;Variedades&quot;","block_context":{"text":"Variedades","link":"https:\/\/noticiasribeiraopreto.com.br\/index.php\/category\/variedades\/"},"img":{"alt_text":"","src":"https:\/\/i0.wp.com\/noticiasribeiraopreto.com.br\/wp-content\/uploads\/2023\/12\/istock-965541350.jpg?fit=1200%2C638&ssl=1&resize=350%2C200","width":350,"height":200,"srcset":"https:\/\/i0.wp.com\/noticiasribeiraopreto.com.br\/wp-content\/uploads\/2023\/12\/istock-965541350.jpg?fit=1200%2C638&ssl=1&resize=350%2C200 1x, https:\/\/i0.wp.com\/noticiasribeiraopreto.com.br\/wp-content\/uploads\/2023\/12\/istock-965541350.jpg?fit=1200%2C638&ssl=1&resize=525%2C300 1.5x, https:\/\/i0.wp.com\/noticiasribeiraopreto.com.br\/wp-content\/uploads\/2023\/12\/istock-965541350.jpg?fit=1200%2C638&ssl=1&resize=700%2C400 2x, https:\/\/i0.wp.com\/noticiasribeiraopreto.com.br\/wp-content\/uploads\/2023\/12\/istock-965541350.jpg?fit=1200%2C638&ssl=1&resize=1050%2C600 3x"},"classes":[]},{"id":66351,"url":"https:\/\/noticiasribeiraopreto.com.br\/index.php\/2025\/03\/31\/jornal-da-franca-pascoa-sem-gastar-muito-confira-5-dicas-para-economizar-nas-compras\/","url_meta":{"origin":21096,"position":3},"title":"Jornal da Franca &#8211; P\u00e1scoa sem gastar muito! Confira 5 dicas para economizar nas compras","author":"noticiasribeiraopreto.com.br","date":"31 de March de 2025","format":false,"excerpt":"compartilhar no whatsapp compartilhar no telegram compartilhar no facebook compartilhar no linkedin Para alguns, a P\u00e1scoa \u00e9 um momento de muitos gastos com chocolates, mas d\u00e1 para economizar nas suas compras Ovos de P\u00e1scoa est\u00e3o mais caros em 2025, mas d\u00e1 para economizar \u2013 foto Arquivo \u00a0 Os ovos de\u2026","rel":"","context":"In &quot;Not\u00edcias de Franca-SP&quot;","block_context":{"text":"Not\u00edcias de Franca-SP","link":"https:\/\/noticiasribeiraopreto.com.br\/index.php\/category\/noticias-de-ribeirao-preto-sp-e-regiao-ismael-colosi\/noticias-franca-sp\/"},"img":{"alt_text":"","src":"https:\/\/i0.wp.com\/noticiasribeiraopreto.com.br\/wp-content\/uploads\/2025\/03\/ovos-de-pascoa-supermercado.jpg?fit=1200%2C800&ssl=1&resize=350%2C200","width":350,"height":200,"srcset":"https:\/\/i0.wp.com\/noticiasribeiraopreto.com.br\/wp-content\/uploads\/2025\/03\/ovos-de-pascoa-supermercado.jpg?fit=1200%2C800&ssl=1&resize=350%2C200 1x, https:\/\/i0.wp.com\/noticiasribeiraopreto.com.br\/wp-content\/uploads\/2025\/03\/ovos-de-pascoa-supermercado.jpg?fit=1200%2C800&ssl=1&resize=525%2C300 1.5x, https:\/\/i0.wp.com\/noticiasribeiraopreto.com.br\/wp-content\/uploads\/2025\/03\/ovos-de-pascoa-supermercado.jpg?fit=1200%2C800&ssl=1&resize=700%2C400 2x, https:\/\/i0.wp.com\/noticiasribeiraopreto.com.br\/wp-content\/uploads\/2025\/03\/ovos-de-pascoa-supermercado.jpg?fit=1200%2C800&ssl=1&resize=1050%2C600 3x"},"classes":[]},{"id":9666,"url":"https:\/\/noticiasribeiraopreto.com.br\/index.php\/2023\/12\/02\/4-bons-motivos-para-adotar-o-vinagre-de-maca-na-sua-rotina\/","url_meta":{"origin":21096,"position":4},"title":"4 bons motivos para adotar o vinagre de ma\u00e7\u00e3 na sua rotina","author":"noticiasribeiraopreto.com.br","date":"2 de December de 2023","format":false,"excerpt":"Cr\u00e9ditos: Getty Images\/iStockphotoFeito atrav\u00e9s da fermenta\u00e7\u00e3o do suco de ma\u00e7\u00e3, o vinagre cont\u00e9m uma riqueza de compostos ben\u00e9ficos \u2013 iStock\/Getty Images Usado h\u00e1 s\u00e9culos como um rem\u00e9dio natural para uma s\u00e9rie de condi\u00e7\u00f5es de sa\u00fade, o vinagre de ma\u00e7\u00e3 cont\u00e9m uma riqueza de compostos que incluem o \u00e1cido ac\u00e9tico, enzimas,\u2026","rel":"","context":"In &quot;Variedades&quot;","block_context":{"text":"Variedades","link":"https:\/\/noticiasribeiraopreto.com.br\/index.php\/category\/variedades\/"},"img":{"alt_text":"","src":"https:\/\/i0.wp.com\/noticiasribeiraopreto.com.br\/wp-content\/uploads\/2023\/12\/istock-827612488.jpg?fit=1200%2C638&ssl=1&resize=350%2C200","width":350,"height":200,"srcset":"https:\/\/i0.wp.com\/noticiasribeiraopreto.com.br\/wp-content\/uploads\/2023\/12\/istock-827612488.jpg?fit=1200%2C638&ssl=1&resize=350%2C200 1x, https:\/\/i0.wp.com\/noticiasribeiraopreto.com.br\/wp-content\/uploads\/2023\/12\/istock-827612488.jpg?fit=1200%2C638&ssl=1&resize=525%2C300 1.5x, https:\/\/i0.wp.com\/noticiasribeiraopreto.com.br\/wp-content\/uploads\/2023\/12\/istock-827612488.jpg?fit=1200%2C638&ssl=1&resize=700%2C400 2x, https:\/\/i0.wp.com\/noticiasribeiraopreto.com.br\/wp-content\/uploads\/2023\/12\/istock-827612488.jpg?fit=1200%2C638&ssl=1&resize=1050%2C600 3x"},"classes":[]},{"id":69113,"url":"https:\/\/noticiasribeiraopreto.com.br\/index.php\/2025\/05\/02\/jornal-da-franca-chiclete-todo-dia-faz-mal-conheca-os-beneficios-e-riscos-de-mascar-diariamente\/","url_meta":{"origin":21096,"position":5},"title":"Jornal da Franca &#8211; Chiclete todo dia faz mal? Conhe\u00e7a os benef\u00edcios e riscos de mascar diariamente","author":"noticiasribeiraopreto.com.br","date":"2 de May de 2025","format":false,"excerpt":"compartilhar no whatsapp compartilhar no telegram compartilhar no facebook compartilhar no linkedin Pesquisas sugerem que mascar chiclete pode melhorar a aten\u00e7\u00e3o e a mem\u00f3ria de curto prazo, mas a escolha do produto \u00e9 essencial Mascar chiclete pode influenciar positivamente at\u00e9 a sa\u00fade mental \u2013 foto Freepik \u00a0 Mascar chiclete \u00e9\u2026","rel":"","context":"In &quot;Not\u00edcias de Franca-SP&quot;","block_context":{"text":"Not\u00edcias de Franca-SP","link":"https:\/\/noticiasribeiraopreto.com.br\/index.php\/category\/noticias-de-ribeirao-preto-sp-e-regiao-ismael-colosi\/noticias-franca-sp\/"},"img":{"alt_text":"","src":"https:\/\/i0.wp.com\/noticiasribeiraopreto.com.br\/wp-content\/uploads\/2025\/05\/chiclete-scaled.jpg?fit=1200%2C675&ssl=1&resize=350%2C200","width":350,"height":200,"srcset":"https:\/\/i0.wp.com\/noticiasribeiraopreto.com.br\/wp-content\/uploads\/2025\/05\/chiclete-scaled.jpg?fit=1200%2C675&ssl=1&resize=350%2C200 1x, https:\/\/i0.wp.com\/noticiasribeiraopreto.com.br\/wp-content\/uploads\/2025\/05\/chiclete-scaled.jpg?fit=1200%2C675&ssl=1&resize=525%2C300 1.5x, https:\/\/i0.wp.com\/noticiasribeiraopreto.com.br\/wp-content\/uploads\/2025\/05\/chiclete-scaled.jpg?fit=1200%2C675&ssl=1&resize=700%2C400 2x, https:\/\/i0.wp.com\/noticiasribeiraopreto.com.br\/wp-content\/uploads\/2025\/05\/chiclete-scaled.jpg?fit=1200%2C675&ssl=1&resize=1050%2C600 3x"},"classes":[]}],"jetpack_sharing_enabled":true,"jetpack_shortlink":"https:\/\/wp.me\/peQAOb-5ug","_links":{"self":[{"href":"https:\/\/noticiasribeiraopreto.com.br\/index.php\/wp-json\/wp\/v2\/posts\/21096","targetHints":{"allow":["GET"]}}],"collection":[{"href":"https:\/\/noticiasribeiraopreto.com.br\/index.php\/wp-json\/wp\/v2\/posts"}],"about":[{"href":"https:\/\/noticiasribeiraopreto.com.br\/index.php\/wp-json\/wp\/v2\/types\/post"}],"author":[{"embeddable":true,"href":"https:\/\/noticiasribeiraopreto.com.br\/index.php\/wp-json\/wp\/v2\/users\/1"}],"replies":[{"embeddable":true,"href":"https:\/\/noticiasribeiraopreto.com.br\/index.php\/wp-json\/wp\/v2\/comments?post=21096"}],"version-history":[{"count":0,"href":"https:\/\/noticiasribeiraopreto.com.br\/index.php\/wp-json\/wp\/v2\/posts\/21096\/revisions"}],"wp:featuredmedia":[{"embeddable":true,"href":"https:\/\/noticiasribeiraopreto.com.br\/index.php\/wp-json\/wp\/v2\/media\/21097"}],"wp:attachment":[{"href":"https:\/\/noticiasribeiraopreto.com.br\/index.php\/wp-json\/wp\/v2\/media?parent=21096"}],"wp:term":[{"taxonomy":"category","embeddable":true,"href":"https:\/\/noticiasribeiraopreto.com.br\/index.php\/wp-json\/wp\/v2\/categories?post=21096"},{"taxonomy":"post_tag","embeddable":true,"href":"https:\/\/noticiasribeiraopreto.com.br\/index.php\/wp-json\/wp\/v2\/tags?post=21096"}],"curies":[{"name":"wp","href":"https:\/\/api.w.org\/{rel}","templated":true}]}}