{"id":21100,"date":"2023-12-27T06:11:25","date_gmt":"2023-12-27T09:11:25","guid":{"rendered":"https:\/\/noticiasribeiraopreto.com.br\/index.php\/2023\/12\/27\/air-europa-oferece-stopover-gratuito-em-madri-veja-como-funciona\/"},"modified":"2023-12-27T06:11:25","modified_gmt":"2023-12-27T09:11:25","slug":"air-europa-oferece-stopover-gratuito-em-madri-veja-como-funciona","status":"publish","type":"post","link":"https:\/\/noticiasribeiraopreto.com.br\/index.php\/2023\/12\/27\/air-europa-oferece-stopover-gratuito-em-madri-veja-como-funciona\/","title":{"rendered":"Air Europa oferece stopover gratuito em Madri; veja como funciona"},"content":{"rendered":"<div class='code-block code-block-1' style='margin: 8px 0 8px auto; text-align: right; display: block; clear: both;'>\n<p><a href=\"https:\/\/wa.link\/vpicfd\"><img data-recalc-dims=\"1\" class=\"wp-image-4922\" style=\"aspect-ratio: 2.0253164556962027; width: 561px; height: auto;\" src=\"https:\/\/i0.wp.com\/ismaelcolosi.com.br\/wp-content\/uploads\/2023\/11\/grupo-de-empregos-whatsapp-e-facebook-ismael-colosi-vagas.jpg?ssl=1\" alt=\"\" \/><\/a><\/p>\n<!-- \/wp:image -->\n<\/div>\n<p> <br \/>\n<\/p>\n<div>\n<p>Dois destinos numa mesma viagem! A Air Europa oferece programa de stopover gratuito em Madri (Espanha), permitindo aos brasileiros que possam voar at\u00e9 outra cidade europeia, saindo do Brasil, e fazendo uma parada de alguns dias na <a href=\"https:\/\/catracalivre.com.br\/viagem-livre\/roteiro-2-dias-em-madri\/\">capital espanhola<\/a>.<\/p>\n<p>O recurso tamb\u00e9m pode ser utilizado na viagem de volta do Brasil.<\/p>\n<div id=\"attachment_2174875\" class=\"wp-caption aligncenter\">\n<div class=\"d-flex justify-content-center\" data-attachment-id=\"2174875\">\n<div class=\"position-relative d-inline-block\"><img data-recalc-dims=\"1\" data-portal-copyright=\"Divulga\u00e7\u00e3o\/Syldavia\" fetchpriority=\"high\" decoding=\"async\" class=\"wp-image-2174875 size-large\" src=\"https:\/\/i0.wp.com\/catracalivre.com.br\/wp-content\/uploads\/2021\/08\/espanha-libera-entrada-de-brasileiros-vacinados-910x606.jpg?resize=910%2C606&#038;ssl=1\" alt=\"Stopover da Air Europa permite conhecer Madri de forma gratuita\" width=\"910\" height=\"606\" srcset=\"https:\/\/catracalivre.com.br\/wp-content\/uploads\/2021\/08\/espanha-libera-entrada-de-brasileiros-vacinados-910x606.jpg 910w, https:\/\/catracalivre.com.br\/wp-content\/uploads\/2021\/08\/espanha-libera-entrada-de-brasileiros-vacinados-450x299.jpg 450w, https:\/\/catracalivre.com.br\/wp-content\/uploads\/2021\/08\/espanha-libera-entrada-de-brasileiros-vacinados-768x511.jpg 768w\" sizes=\"(max-width: 910px) 100vw, 910px\"\/><\/p>\n<p>Cr\u00e9ditos: Divulga\u00e7\u00e3o\/Syldavia<\/p>\n<\/div>\n<\/div>\n<p><span class=\"post-imagem__legenda\">Stopover da Air Europa permite conhecer Madri de forma gratuita<\/span><\/p>\n<\/div>\n<p>O stopover pode ser adquirido durante a compra da passagem ainda no Brasil.<\/p>\n<p>Ao fazer a reserva de um voo da companhia, os passageiros podem escolher a op\u00e7\u00e3o no momento da compra. Dessa forma, eles t\u00eam a oportunidade de permanecer na cidade por at\u00e9 tr\u00eas noites antes de continuar a sua jornada.<\/p>\n<p>Algumas das cidades mais buscadas pelos passageiros s\u00e3o Barcelona (Espanha), Roma (It\u00e1lia), Frankfurt (Alemanha), Amsterd\u00e3 (Holanda), Londres (Inglaterra) e Porto (Portugal).<\/p>\n<p>A Air Europa tamb\u00e9m permite que os passageiros possam parar em outros destinos, a um pre\u00e7o de US$ 100 cada.<\/p>\n<p>Os interessados em adquirir as passagens podem compr\u00e1-las pelo site da Air Europa.<\/p>\n<h2>Voos da Air Europa para o Brasil<\/h2>\n<p>No Brasil, a Air Europa opera com voos di\u00e1rios saindo do aeroporto de Guarulhos (S\u00e3o Paulo) at\u00e9 Madri, e com duas frequ\u00eancias semanais decolando do aeroporto de Salvador, tamb\u00e9m em dire\u00e7\u00e3o \u00e0 capital espanhola.<\/p>\n<p>\u201cO stopover \u00e9 uma forma de os passageiros conhecerem dois destinos, pagando apenas por um. Nesses casos, geralmente, os viajantes ficam em torno de dois a tr\u00eas dias em Madri e depois continuam a viagem\u201d, destaca o diretor-geral da Air Europa, Gonzalo Romero.<\/p>\n<p>Tamb\u00e9m \u00e9 poss\u00edvel fazer a parada na volta da viagem, j\u00e1 que todos os voos que saem ou t\u00eam como destino o Brasil fazem conex\u00f5es com a capital espanhola.<\/p>\n<\/div>\n<p><script>\n\t\t! function(f, b, e, v, n, t, s) {\n\t\t\tif (f.fbq) return;\n\t\t\tn = f.fbq = function() {\n\t\t\t\tn.callMethod ?\n\t\t\t\t\tn.callMethod.apply(n, arguments) : n.queue.push(arguments)\n\t\t\t};\n\t\t\tif (!f._fbq) f._fbq = n;\n\t\t\tn.push = n;\n\t\t\tn.loaded = !0;\n\t\t\tn.version = '2.0';\n\t\t\tn.queue = [];\n\t\t\tt = b.createElement(e);\n\t\t\tt.async = !0;\n\t\t\tt.src = v;\n\t\t\ts = b.getElementsByTagName(e)[0];\n\t\t\ts.parentNode.insertBefore(t, s)\n\t\t}(window, document, 'script',\n\t\t\t'https:\/\/connect.facebook.net\/en_US\/fbevents.js');\n\t\tfbq('init', '338315473262380');\n\t\tfbq('track', 'PageView');\n\t<\/script><br \/>\n<br \/><br \/>\n<br \/><a href=\"https:\/\/catracalivre.com.br\/viagem-livre\/air-europa-oferece-stopover-gratuito-em-madri-veja-como-funciona\/\">Source link <\/a><\/p>\n<!-- CONTENT END 1 -->\n","protected":false},"excerpt":{"rendered":"<p>Dois destinos numa mesma viagem! A Air Europa oferece programa de stopover gratuito em Madri (Espanha), permitindo aos brasileiros que possam voar at\u00e9 outra cidade&#8230;<\/p>\n","protected":false},"author":1,"featured_media":21101,"comment_status":"open","ping_status":"open","sticky":false,"template":"","format":"standard","meta":{"advanced_seo_description":"","jetpack_seo_html_title":"","jetpack_seo_noindex":false,"jetpack_post_was_ever_published":false,"_jetpack_newsletter_access":"","_jetpack_dont_email_post_to_subs":false,"_jetpack_newsletter_tier_id":0,"_jetpack_memberships_contains_paywalled_content":false,"_jetpack_memberships_contains_paid_content":false,"footnotes":"","jetpack_publicize_message":"","jetpack_publicize_feature_enabled":true,"jetpack_social_post_already_shared":true,"jetpack_social_options":{"image_generator_settings":{"template":"highway","default_image_id":0,"font":"","enabled":false},"version":2}},"categories":[19],"tags":[],"class_list":["post-21100","post","type-post","status-publish","format-standard","has-post-thumbnail","hentry","category-variedades"],"jetpack_publicize_connections":[],"jetpack_featured_media_url":"https:\/\/i0.wp.com\/noticiasribeiraopreto.com.br\/wp-content\/uploads\/2023\/12\/madri-stopover-air-europa-scaled.jpg?fit=1200%2C638&ssl=1","jetpack-related-posts":[{"id":22773,"url":"https:\/\/noticiasribeiraopreto.com.br\/index.php\/2023\/12\/30\/fuja-do-calor-do-verao-e-curta-destinos-de-neve-na-europa\/","url_meta":{"origin":21100,"position":0},"title":"Fuja do calor do ver\u00e3o e curta destinos de neve na Europa","author":"noticiasribeiraopreto.com.br","date":"30 de December de 2023","format":false,"excerpt":"A esta\u00e7\u00e3o mais aguardada pela maioria dos brasileiros chegou. Este ser\u00e1 o primeiro ver\u00e3o sob influ\u00eancia do El Ni\u00f1o em anos no Brasil. Segundo a meteorologia, a probabilidade do pa\u00eds ter ondas de calor \u00e9 menor ao registrado na primavera, mas a temperatura m\u00e9dia do ver\u00e3o deve aumentar. Cr\u00e9ditos: tawatchaiprakobkit\/iStockAlpes\u2026","rel":"","context":"In &quot;Variedades&quot;","block_context":{"text":"Variedades","link":"https:\/\/noticiasribeiraopreto.com.br\/index.php\/category\/variedades\/"},"img":{"alt_text":"","src":"https:\/\/i0.wp.com\/noticiasribeiraopreto.com.br\/wp-content\/uploads\/2023\/12\/istock-1756451543.jpg?fit=1200%2C638&ssl=1&resize=350%2C200","width":350,"height":200,"srcset":"https:\/\/i0.wp.com\/noticiasribeiraopreto.com.br\/wp-content\/uploads\/2023\/12\/istock-1756451543.jpg?fit=1200%2C638&ssl=1&resize=350%2C200 1x, https:\/\/i0.wp.com\/noticiasribeiraopreto.com.br\/wp-content\/uploads\/2023\/12\/istock-1756451543.jpg?fit=1200%2C638&ssl=1&resize=525%2C300 1.5x, https:\/\/i0.wp.com\/noticiasribeiraopreto.com.br\/wp-content\/uploads\/2023\/12\/istock-1756451543.jpg?fit=1200%2C638&ssl=1&resize=700%2C400 2x, https:\/\/i0.wp.com\/noticiasribeiraopreto.com.br\/wp-content\/uploads\/2023\/12\/istock-1756451543.jpg?fit=1200%2C638&ssl=1&resize=1050%2C600 3x"},"classes":[]},{"id":84689,"url":"https:\/\/noticiasribeiraopreto.com.br\/index.php\/2026\/04\/14\/nova-versao-do-desenrola-sera-lancada-apos-viagem-de-lula-diz-durigan\/","url_meta":{"origin":21100,"position":1},"title":"Nova vers\u00e3o do Desenrola ser\u00e1 lan\u00e7ada ap\u00f3s viagem de Lula, diz Durigan","author":"noticiasribeiraopreto.com.br","date":"14 de April de 2026","format":false,"excerpt":"\r \r \r 14 de abril de 2026 14:0014 de abril de 2026 08:03 \r Compartilhar0 A nova vers\u00e3o do programa de renegocia\u00e7\u00e3o de d\u00edvidas, nos moldes do Desenrola, deve ser anunciada ap\u00f3s a viagem do presidente Luiz In\u00e1cio Lula da Silva \u00e0 Europa, disse nesta segunda-feira (13) o ministro\u2026","rel":"","context":"In &quot;Not\u00edcias de Ribeir\u00e3o Preto-SP e Regi\u00e3o&quot;","block_context":{"text":"Not\u00edcias de Ribeir\u00e3o Preto-SP e Regi\u00e3o","link":"https:\/\/noticiasribeiraopreto.com.br\/index.php\/category\/noticias-de-ribeirao-preto-sp-e-regiao-ismael-colosi\/"},"img":{"alt_text":"","src":"https:\/\/i0.wp.com\/noticiasribeiraopreto.com.br\/wp-content\/uploads\/2026\/04\/0d4a9336.webp.webp?fit=1170%2C700&ssl=1&resize=350%2C200","width":350,"height":200,"srcset":"https:\/\/i0.wp.com\/noticiasribeiraopreto.com.br\/wp-content\/uploads\/2026\/04\/0d4a9336.webp.webp?fit=1170%2C700&ssl=1&resize=350%2C200 1x, https:\/\/i0.wp.com\/noticiasribeiraopreto.com.br\/wp-content\/uploads\/2026\/04\/0d4a9336.webp.webp?fit=1170%2C700&ssl=1&resize=525%2C300 1.5x, https:\/\/i0.wp.com\/noticiasribeiraopreto.com.br\/wp-content\/uploads\/2026\/04\/0d4a9336.webp.webp?fit=1170%2C700&ssl=1&resize=700%2C400 2x, https:\/\/i0.wp.com\/noticiasribeiraopreto.com.br\/wp-content\/uploads\/2026\/04\/0d4a9336.webp.webp?fit=1170%2C700&ssl=1&resize=1050%2C600 3x"},"classes":[]},{"id":71899,"url":"https:\/\/noticiasribeiraopreto.com.br\/index.php\/2025\/06\/11\/jornal-da-franca-curso-superior-gratuito-e-online-universidade-aberta-do-brasil-recebe-inscricoes\/","url_meta":{"origin":21100,"position":2},"title":"Jornal da Franca &#8211; Curso superior gratuito e online: Universidade Aberta do Brasil recebe inscri\u00e7\u00f5es","author":"noticiasribeiraopreto.com.br","date":"11 de June de 2025","format":false,"excerpt":"compartilhar no whatsapp compartilhar no telegram compartilhar no facebook compartilhar no linkedin A Universidade Aberta do Brasil oferece cursos gratuitos e \u00e0 dist\u00e2ncia, de gradua\u00e7\u00e3o e especializa\u00e7\u00e3o em diversas \u00e1reas. A UAB (Universidade Aberta do Brasil) recebe, at\u00e9 \u00e0s 17h59 do dia 18 de junho, as inscri\u00e7\u00f5es para o processo\u2026","rel":"","context":"In &quot;Not\u00edcias de Franca-SP&quot;","block_context":{"text":"Not\u00edcias de Franca-SP","link":"https:\/\/noticiasribeiraopreto.com.br\/index.php\/category\/noticias-de-ribeirao-preto-sp-e-regiao-ismael-colosi\/noticias-franca-sp\/"},"img":{"alt_text":"","src":"https:\/\/i0.wp.com\/noticiasribeiraopreto.com.br\/wp-content\/uploads\/2025\/06\/essa-10.jpg?fit=1200%2C794&ssl=1&resize=350%2C200","width":350,"height":200,"srcset":"https:\/\/i0.wp.com\/noticiasribeiraopreto.com.br\/wp-content\/uploads\/2025\/06\/essa-10.jpg?fit=1200%2C794&ssl=1&resize=350%2C200 1x, https:\/\/i0.wp.com\/noticiasribeiraopreto.com.br\/wp-content\/uploads\/2025\/06\/essa-10.jpg?fit=1200%2C794&ssl=1&resize=525%2C300 1.5x, https:\/\/i0.wp.com\/noticiasribeiraopreto.com.br\/wp-content\/uploads\/2025\/06\/essa-10.jpg?fit=1200%2C794&ssl=1&resize=700%2C400 2x, https:\/\/i0.wp.com\/noticiasribeiraopreto.com.br\/wp-content\/uploads\/2025\/06\/essa-10.jpg?fit=1200%2C794&ssl=1&resize=1050%2C600 3x"},"classes":[]},{"id":23326,"url":"https:\/\/noticiasribeiraopreto.com.br\/index.php\/2024\/01\/02\/215-vagas-em-cursos-gratuitos-online-ead-com-certificacao-em-ingles-espanhol-e-frances-ofertados-em-parceria-com-o-governo-britanico-no-brasil-interessados-podem-turbinar-o-curriculo-sem-gastar-1\/","url_meta":{"origin":21100,"position":3},"title":"215 vagas em cursos gratuitos, online EAD, com certifica\u00e7\u00e3o em Ingl\u00eas, Espanhol e Franc\u00eas ofertados em parceria com o governo brit\u00e2nico no Brasil; interessados podem turbinar o curr\u00edculo sem gastar 1 real!","author":"noticiasribeiraopreto.com.br","date":"2 de January de 2024","format":false,"excerpt":"Aprenda Ingl\u00eas, Espanhol ou Franc\u00eas e receba certifica\u00e7\u00e3o de conclus\u00e3o do curso gratuitos online (EAD)para turbinar o seu curr\u00edculo sem gastar um centavo! Aprenda Ingl\u00eas, Espanhol ou Franc\u00eas e receba certifica\u00e7\u00e3o de conclus\u00e3o do curso online (EAD) para turbinar o seu curr\u00edculo sem gastar um centavo! Prepare-se para embarcar em\u2026","rel":"","context":"In &quot;Vagas de Emprego em Ribeir\u00e3o Preto-SP&quot;","block_context":{"text":"Vagas de Emprego em Ribeir\u00e3o Preto-SP","link":"https:\/\/noticiasribeiraopreto.com.br\/index.php\/category\/empregos-classificados-vagas-trabalho\/vagas-de-empregos-em-ribeirao-preto-regiao-brasil\/"},"img":{"alt_text":"","src":"https:\/\/i0.wp.com\/noticiasribeiraopreto.com.br\/wp-content\/uploads\/2024\/01\/IF-1-830x450.jpg?fit=830%2C450&ssl=1&resize=350%2C200","width":350,"height":200,"srcset":"https:\/\/i0.wp.com\/noticiasribeiraopreto.com.br\/wp-content\/uploads\/2024\/01\/IF-1-830x450.jpg?fit=830%2C450&ssl=1&resize=350%2C200 1x, https:\/\/i0.wp.com\/noticiasribeiraopreto.com.br\/wp-content\/uploads\/2024\/01\/IF-1-830x450.jpg?fit=830%2C450&ssl=1&resize=525%2C300 1.5x, https:\/\/i0.wp.com\/noticiasribeiraopreto.com.br\/wp-content\/uploads\/2024\/01\/IF-1-830x450.jpg?fit=830%2C450&ssl=1&resize=700%2C400 2x"},"classes":[]},{"id":22096,"url":"https:\/\/noticiasribeiraopreto.com.br\/index.php\/2023\/12\/29\/confira-5-dicas-para-se-planejar-e-viajar-mais-em-2024\/","url_meta":{"origin":21100,"position":4},"title":"Confira 5 dicas para se planejar e viajar mais em 2024","author":"noticiasribeiraopreto.com.br","date":"29 de December de 2023","format":false,"excerpt":"Em 2024 n\u00e3o haver\u00e1 muitos feriados prolongados. Mas isto n\u00e3o impede de viajar mais no pr\u00f3ximo ano. Segundo o Estudo Global de Inten\u00e7\u00f5es de Viagem (GTI, na sigla em ingl\u00eas) da Visa, os principais comportamentos dos turistas em 2024 s\u00e3o focados em mais experi\u00eancias centradas em lazer e destinos inspirados\u2026","rel":"","context":"In &quot;Variedades&quot;","block_context":{"text":"Variedades","link":"https:\/\/noticiasribeiraopreto.com.br\/index.php\/category\/variedades\/"},"img":{"alt_text":"","src":"https:\/\/i0.wp.com\/noticiasribeiraopreto.com.br\/wp-content\/uploads\/2023\/12\/guarapari-es.jpg?fit=1200%2C638&ssl=1&resize=350%2C200","width":350,"height":200,"srcset":"https:\/\/i0.wp.com\/noticiasribeiraopreto.com.br\/wp-content\/uploads\/2023\/12\/guarapari-es.jpg?fit=1200%2C638&ssl=1&resize=350%2C200 1x, https:\/\/i0.wp.com\/noticiasribeiraopreto.com.br\/wp-content\/uploads\/2023\/12\/guarapari-es.jpg?fit=1200%2C638&ssl=1&resize=525%2C300 1.5x, https:\/\/i0.wp.com\/noticiasribeiraopreto.com.br\/wp-content\/uploads\/2023\/12\/guarapari-es.jpg?fit=1200%2C638&ssl=1&resize=700%2C400 2x, https:\/\/i0.wp.com\/noticiasribeiraopreto.com.br\/wp-content\/uploads\/2023\/12\/guarapari-es.jpg?fit=1200%2C638&ssl=1&resize=1050%2C600 3x"},"classes":[]},{"id":12070,"url":"https:\/\/noticiasribeiraopreto.com.br\/index.php\/2023\/12\/07\/saiba-como-obter-credito-e-parcelar-a-viagem-em-ate-60-vezes\/","url_meta":{"origin":21100,"position":5},"title":"Saiba como obter cr\u00e9dito e parcelar a viagem em at\u00e9 60 vezes","author":"noticiasribeiraopreto.com.br","date":"7 de December de 2023","format":false,"excerpt":"Tem coisa melhor do que viajar? Conhecer lugares diferentes, experimentar pratos t\u00edpicos deliciosos e contemplar as paisagens encantadoras do nosso pa\u00eds agora est\u00e1 mais f\u00e1cil. Com o Programa Conhe\u00e7a o Brasil: Realiza, lan\u00e7ado pelo Minist\u00e9rio do Turismo (MTur), \u00e9 poss\u00edvel obter cr\u00e9dito com condi\u00e7\u00f5es facilitadas e parcelar a viagem em\u2026","rel":"","context":"In &quot;Variedades&quot;","block_context":{"text":"Variedades","link":"https:\/\/noticiasribeiraopreto.com.br\/index.php\/category\/variedades\/"},"img":{"alt_text":"","src":"https:\/\/i0.wp.com\/noticiasribeiraopreto.com.br\/wp-content\/uploads\/2023\/12\/seguro-viagem.jpg?fit=1200%2C638&ssl=1&resize=350%2C200","width":350,"height":200,"srcset":"https:\/\/i0.wp.com\/noticiasribeiraopreto.com.br\/wp-content\/uploads\/2023\/12\/seguro-viagem.jpg?fit=1200%2C638&ssl=1&resize=350%2C200 1x, https:\/\/i0.wp.com\/noticiasribeiraopreto.com.br\/wp-content\/uploads\/2023\/12\/seguro-viagem.jpg?fit=1200%2C638&ssl=1&resize=525%2C300 1.5x, https:\/\/i0.wp.com\/noticiasribeiraopreto.com.br\/wp-content\/uploads\/2023\/12\/seguro-viagem.jpg?fit=1200%2C638&ssl=1&resize=700%2C400 2x, https:\/\/i0.wp.com\/noticiasribeiraopreto.com.br\/wp-content\/uploads\/2023\/12\/seguro-viagem.jpg?fit=1200%2C638&ssl=1&resize=1050%2C600 3x"},"classes":[]}],"jetpack_sharing_enabled":true,"jetpack_shortlink":"https:\/\/wp.me\/peQAOb-5uk","_links":{"self":[{"href":"https:\/\/noticiasribeiraopreto.com.br\/index.php\/wp-json\/wp\/v2\/posts\/21100","targetHints":{"allow":["GET"]}}],"collection":[{"href":"https:\/\/noticiasribeiraopreto.com.br\/index.php\/wp-json\/wp\/v2\/posts"}],"about":[{"href":"https:\/\/noticiasribeiraopreto.com.br\/index.php\/wp-json\/wp\/v2\/types\/post"}],"author":[{"embeddable":true,"href":"https:\/\/noticiasribeiraopreto.com.br\/index.php\/wp-json\/wp\/v2\/users\/1"}],"replies":[{"embeddable":true,"href":"https:\/\/noticiasribeiraopreto.com.br\/index.php\/wp-json\/wp\/v2\/comments?post=21100"}],"version-history":[{"count":0,"href":"https:\/\/noticiasribeiraopreto.com.br\/index.php\/wp-json\/wp\/v2\/posts\/21100\/revisions"}],"wp:featuredmedia":[{"embeddable":true,"href":"https:\/\/noticiasribeiraopreto.com.br\/index.php\/wp-json\/wp\/v2\/media\/21101"}],"wp:attachment":[{"href":"https:\/\/noticiasribeiraopreto.com.br\/index.php\/wp-json\/wp\/v2\/media?parent=21100"}],"wp:term":[{"taxonomy":"category","embeddable":true,"href":"https:\/\/noticiasribeiraopreto.com.br\/index.php\/wp-json\/wp\/v2\/categories?post=21100"},{"taxonomy":"post_tag","embeddable":true,"href":"https:\/\/noticiasribeiraopreto.com.br\/index.php\/wp-json\/wp\/v2\/tags?post=21100"}],"curies":[{"name":"wp","href":"https:\/\/api.w.org\/{rel}","templated":true}]}}