{"id":21102,"date":"2023-12-27T06:15:05","date_gmt":"2023-12-27T09:15:05","guid":{"rendered":"https:\/\/noticiasribeiraopreto.com.br\/index.php\/2023\/12\/27\/10-frutas-ricas-em-proteinas-para-incluir-na-alimentacao-meu-valor-digital\/"},"modified":"2023-12-27T06:15:05","modified_gmt":"2023-12-27T09:15:05","slug":"10-frutas-ricas-em-proteinas-para-incluir-na-alimentacao-meu-valor-digital","status":"publish","type":"post","link":"https:\/\/noticiasribeiraopreto.com.br\/index.php\/2023\/12\/27\/10-frutas-ricas-em-proteinas-para-incluir-na-alimentacao-meu-valor-digital\/","title":{"rendered":"10 frutas ricas em prote\u00ednas para incluir na alimenta\u00e7\u00e3o &#8211; Meu Valor Digital"},"content":{"rendered":"<div class='code-block code-block-1' style='margin: 8px 0 8px auto; text-align: right; display: block; clear: both;'>\n<p><a href=\"https:\/\/wa.link\/vpicfd\"><img data-recalc-dims=\"1\" class=\"wp-image-4922\" style=\"aspect-ratio: 2.0253164556962027; width: 561px; height: auto;\" src=\"https:\/\/i0.wp.com\/ismaelcolosi.com.br\/wp-content\/uploads\/2023\/11\/grupo-de-empregos-whatsapp-e-facebook-ismael-colosi-vagas.jpg?ssl=1\" alt=\"\" \/><\/a><\/p>\n<!-- \/wp:image -->\n<\/div>\n<p> <br \/>\n<\/p>\n<div>\n<p>Quando pensamos em fontes de prote\u00ednas, geralmente nos vem \u00e0 mente imagens de carnes, ovos e latic\u00ednios. No entanto, h\u00e1 um elenco menos convencional, por\u00e9m igualmente importante, que merece nossa aten\u00e7\u00e3o: as frutas. <\/p>\n<p>A import\u00e2ncia das prote\u00ednas em nossa dieta \u00e9 indiscut\u00edvel. Elas s\u00e3o essenciais na constru\u00e7\u00e3o de m\u00fasculos, na repara\u00e7\u00e3o de tecidos e no equil\u00edbrio de processos biol\u00f3gicos vitais.<\/p>\n<p>Aqui, conheceremos um universo onde o sabor doce das frutas se encontra com o poder das prote\u00ednas. Este n\u00e3o \u00e9 apenas um guia para descobrir dez incr\u00edveis frutas proteicas; \u00e9 um convite para repensar e enriquecer nossa dieta. <\/p>\n<p>Se voc\u00ea \u00e9 entusiasta de um estilo de vida saud\u00e1vel ou aventureiros culin\u00e1rios e para todos que buscam alternativas nutritivas, neste artigo voc\u00ea conhecer\u00e1 op\u00e7\u00f5es deliciosas e saud\u00e1veis. Preparados para essa jornada saborosa e nutritiva? Vamos l\u00e1!<\/p>\n<p><strong>Leia+: <\/strong><a href=\"https:\/\/meuvalordigital.com.br\/10-frutas-ricas-em-fibras-para-incluir-na-alimentacao\/\">10 frutas ricas em fibras para incluir na alimenta\u00e7\u00e3o<\/a><\/p>\n<h2 class=\"wp-block-heading\" id=\"h-frutas-ricas-em-proteina\">Frutas ricas em prote\u00edna <\/h2>\n<p>Conhe\u00e7a frutas que podem surpreender voc\u00ea com seu conte\u00fado proteico. Integrar essas frutas \u00e0 sua dieta n\u00e3o apenas ajuda a satisfazer suas necessidades di\u00e1rias de prote\u00ednas, mas tamb\u00e9m fornece uma variedade de outros nutrientes essenciais.<\/p>\n<p><strong>Goiaba:<\/strong> \u00e9 uma fruta tropical excepcionalmente rica em nutrientes. Com cerca de 2,6 gramas de prote\u00edna por 100 gramas, ela n\u00e3o s\u00f3 supera muitas outras frutas em conte\u00fado proteico, mas tamb\u00e9m \u00e9 uma excelente fonte de vitamina C, pot\u00e1ssio e fibras diet\u00e9ticas. A goiaba \u00e9 perfeita para quem busca uma op\u00e7\u00e3o doce e saud\u00e1vel para incrementar sua ingest\u00e3o proteica.<\/p>\n<p><strong>Abacates: <\/strong>destaca-se no mundo das frutas devido ao seu conte\u00fado de gorduras saud\u00e1veis e prote\u00ednas. Com aproximadamente 2 gramas de prote\u00ednas por 100 gramas, o abacate \u00e9 uma adi\u00e7\u00e3o vers\u00e1til e nutritiva para qualquer refei\u00e7\u00e3o, seja em saladas, smoothies ou como guacamole.<\/p>\n<p><strong>Damascos<\/strong>: s\u00e3o pequenas pot\u00eancias nutricionais. Eles oferecem cerca de 1,4 gramas de prote\u00ednas por 100 gramas, al\u00e9m de serem ricos em fibras, vitamina A e antioxidantes. Damascos secos, uma forma popular de consumo, s\u00e3o tamb\u00e9m uma excelente op\u00e7\u00e3o para um lanche rico em nutrientes.<\/p>\n<p><strong>Kiwi:<\/strong> \u00e9 uma fruta pequena com um grande impacto nutricional. Com aproximadamente 1,1 gramas de prote\u00ednas por 100 gramas, \u00e9 uma excelente fonte de vitamina C e K, al\u00e9m de ser repleto de antioxidantes e fibras.<\/p>\n<p><strong>Amora Silvestre: <\/strong>n\u00e3o apenas deliciosa, mas tamb\u00e9m nutricionalmente rica. Com cerca de 1,4 gramas de prote\u00ednas por 100 gramas, estas pequenas frutas s\u00e3o uma excelente fonte de vitaminas, minerais e antioxidantes.<\/p>\n<p><strong>Laranjas: <\/strong>s\u00e3o mais conhecidas por seu alto teor de vitamina C, mas tamb\u00e9m contribuem com prote\u00ednas para a dieta. Com aproximadamente 0,9 gramas por 100 gramas, as laranjas s\u00e3o uma escolha refrescante e nutritiva.<\/p>\n<p><strong>Bananas: <\/strong>\u00e9 uma fonte de energia de r\u00e1pida absor\u00e7\u00e3o e tamb\u00e9m fornece prote\u00ednas, com cerca de 1,1 gramas por 100 gramas. Al\u00e9m disso, s\u00e3o ricas em pot\u00e1ssio e fibras.<\/p>\n<p><strong>Mel\u00e3o Cantaloupe Americano: <\/strong>\u00e9 uma fruta suculenta e refrescante com um conte\u00fado modesto de prote\u00ednas, oferecendo cerca de 0,8 gramas por 100 gramas. \u00c9 tamb\u00e9m uma excelente fonte de vitaminas A e C.<\/p>\n<p><strong>Framboesas <\/strong>s\u00e3o pequenas, mas embaladas com sabor e nutrientes. Com aproximadamente 1,2 gramas de prote\u00ednas por 100 gramas, elas s\u00e3o tamb\u00e9m ricas em fibras e antioxidantes.<\/p>\n<p><strong>P\u00eassegos<\/strong>: oferecem um sabor doce e uma boa quantidade de nutrientes, incluindo cerca de 0,9 gramas de prote\u00ednas por 100 gramas. Eles tamb\u00e9m s\u00e3o fontes de vitaminas e minerais, tornando-os uma escolha saborosa e saud\u00e1vel.<\/p>\n<p><strong>Leia +: <\/strong><a href=\"https:\/\/meuvalordigital.com.br\/10-frutas-que-fazem-bem-a-saude-do-coracao\/\">10 frutas que fazem bem a sa\u00fade do cora\u00e7\u00e3o<\/a><\/p>\n<h2 class=\"wp-block-heading\" id=\"h-a-importancia-da-orientacao-medica-na-alimentacao\">A import\u00e2ncia da orienta\u00e7\u00e3o m\u00e9dica na alimenta\u00e7\u00e3o<\/h2>\n<p>Lembre-se sempre de procurar um m\u00e9dico ou nutricionista para te orientar em uma alimenta\u00e7\u00e3o saud\u00e1vel, afinal ter um profissional de sa\u00fade acompanhando sua dieta \u00e9 muito importante. Eles entendem o que seu corpo precisa, considerando sua idade, sa\u00fade e objetivos. <\/p>\n<p>Se voc\u00ea tem problemas de sa\u00fade como diabete ou alergias, eles ajudam a escolher alimentos certos para voc\u00ea w garantem que sua dieta tenha todos os nutrientes necess\u00e1rios, mesmo se voc\u00ea estiver comendo menos de algum tipo de alimento. <\/p>\n<p>Com visitas regulares, eles podem mudar sua dieta se for preciso, para que ela funcione melhor para voc\u00ea. Eles tamb\u00e9m ensinam sobre comida e nutri\u00e7\u00e3o, ajudando voc\u00ea a fazer escolhas saud\u00e1veis no futuro.<\/p>\n<p>Ent\u00e3o, quando mudar sua alimenta\u00e7\u00e3o, \u00e9 sempre bom ter esses profissionais por perto para um conselho seguro e personalizado.<\/p>\n<\/div>\n<p><br \/>\n<br \/><a href=\"https:\/\/meuvalordigital.com.br\/10-frutas-ricas-em-proteinas-para-incluir-na-alimentacao\/\">Source link <\/a><\/p>\n<!-- CONTENT END 1 -->\n","protected":false},"excerpt":{"rendered":"<p>Quando pensamos em fontes de prote\u00ednas, geralmente nos vem \u00e0 mente imagens de carnes, ovos e latic\u00ednios. No entanto, h\u00e1 um elenco menos convencional, por\u00e9m&#8230;<\/p>\n","protected":false},"author":1,"featured_media":21103,"comment_status":"open","ping_status":"open","sticky":false,"template":"","format":"standard","meta":{"advanced_seo_description":"","jetpack_seo_html_title":"","jetpack_seo_noindex":false,"jetpack_post_was_ever_published":false,"_jetpack_newsletter_access":"","_jetpack_dont_email_post_to_subs":false,"_jetpack_newsletter_tier_id":0,"_jetpack_memberships_contains_paywalled_content":false,"_jetpack_memberships_contains_paid_content":false,"footnotes":"","jetpack_publicize_message":"","jetpack_publicize_feature_enabled":true,"jetpack_social_post_already_shared":true,"jetpack_social_options":{"image_generator_settings":{"template":"highway","default_image_id":0,"font":"","enabled":false},"version":2}},"categories":[7],"tags":[],"class_list":["post-21102","post","type-post","status-publish","format-standard","has-post-thumbnail","hentry","category-vagas-de-empregos-em-ribeirao-preto-regiao-brasil"],"jetpack_publicize_connections":[],"jetpack_featured_media_url":"https:\/\/i0.wp.com\/noticiasribeiraopreto.com.br\/wp-content\/uploads\/2023\/12\/Abacate.jpg?fit=1242%2C800&ssl=1","jetpack-related-posts":[{"id":67338,"url":"https:\/\/noticiasribeiraopreto.com.br\/index.php\/2025\/04\/12\/jornal-da-franca-saiba-o-que-e-o-metodo-30-30-30-para-perder-gordura-e-ajudar-na-saude-hormonal\/","url_meta":{"origin":21102,"position":0},"title":"Jornal da Franca &#8211; Saiba o que \u00e9 o m\u00e9todo 30-30-30 para perder gordura e ajudar na sa\u00fade hormonal","author":"noticiasribeiraopreto.com.br","date":"12 de April de 2025","format":false,"excerpt":"compartilhar no whatsapp compartilhar no telegram compartilhar no facebook compartilhar no linkedin Se voc\u00ea navegou pelo TikTok recentemente, provavelmente se deparou com o m\u00e9todo 30-30-30. A tend\u00eancia da dieta se tornou viral, com usu\u00e1rios da rede social alegando que ela pode ajudar na perda de\u00a0peso, fadiga e at\u00e9 mesmo na\u2026","rel":"","context":"In &quot;Not\u00edcias de Franca-SP&quot;","block_context":{"text":"Not\u00edcias de Franca-SP","link":"https:\/\/noticiasribeiraopreto.com.br\/index.php\/category\/noticias-de-ribeirao-preto-sp-e-regiao-ismael-colosi\/noticias-franca-sp\/"},"img":{"alt_text":"","src":"https:\/\/i0.wp.com\/noticiasribeiraopreto.com.br\/wp-content\/uploads\/2025\/04\/2148878789.jpg?fit=1000%2C667&ssl=1&resize=350%2C200","width":350,"height":200,"srcset":"https:\/\/i0.wp.com\/noticiasribeiraopreto.com.br\/wp-content\/uploads\/2025\/04\/2148878789.jpg?fit=1000%2C667&ssl=1&resize=350%2C200 1x, https:\/\/i0.wp.com\/noticiasribeiraopreto.com.br\/wp-content\/uploads\/2025\/04\/2148878789.jpg?fit=1000%2C667&ssl=1&resize=525%2C300 1.5x, https:\/\/i0.wp.com\/noticiasribeiraopreto.com.br\/wp-content\/uploads\/2025\/04\/2148878789.jpg?fit=1000%2C667&ssl=1&resize=700%2C400 2x"},"classes":[]},{"id":13405,"url":"https:\/\/noticiasribeiraopreto.com.br\/index.php\/2023\/12\/10\/10-alimentos-que-dao-energia-quando-voce-se-sente-cansado-meu-valor-digital\/","url_meta":{"origin":21102,"position":1},"title":"10 alimentos que d\u00e3o energia quando voc\u00ea se sente cansado &#8211; Meu Valor Digital","author":"noticiasribeiraopreto.com.br","date":"10 de December de 2023","format":false,"excerpt":"Voc\u00ea j\u00e1 se sentiu cansado e sem energia durante o dia? A falta de energia pode ser um obst\u00e1culo para a produtividade e o bem-estar. Mas, antes de recorrer a bebidas energ\u00e9ticas ou cafe\u00edna em excesso, considere dar uma olhada em sua alimenta\u00e7\u00e3o. Afinal, a comida que voc\u00ea coloca no\u2026","rel":"","context":"In &quot;Vagas de Emprego em Ribeir\u00e3o Preto-SP&quot;","block_context":{"text":"Vagas de Emprego em Ribeir\u00e3o Preto-SP","link":"https:\/\/noticiasribeiraopreto.com.br\/index.php\/category\/empregos-classificados-vagas-trabalho\/vagas-de-empregos-em-ribeirao-preto-regiao-brasil\/"},"img":{"alt_text":"","src":"https:\/\/i0.wp.com\/noticiasribeiraopreto.com.br\/wp-content\/uploads\/2023\/12\/Alimentos-energia.jpg?fit=1200%2C773&ssl=1&resize=350%2C200","width":350,"height":200,"srcset":"https:\/\/i0.wp.com\/noticiasribeiraopreto.com.br\/wp-content\/uploads\/2023\/12\/Alimentos-energia.jpg?fit=1200%2C773&ssl=1&resize=350%2C200 1x, https:\/\/i0.wp.com\/noticiasribeiraopreto.com.br\/wp-content\/uploads\/2023\/12\/Alimentos-energia.jpg?fit=1200%2C773&ssl=1&resize=525%2C300 1.5x, https:\/\/i0.wp.com\/noticiasribeiraopreto.com.br\/wp-content\/uploads\/2023\/12\/Alimentos-energia.jpg?fit=1200%2C773&ssl=1&resize=700%2C400 2x, https:\/\/i0.wp.com\/noticiasribeiraopreto.com.br\/wp-content\/uploads\/2023\/12\/Alimentos-energia.jpg?fit=1200%2C773&ssl=1&resize=1050%2C600 3x"},"classes":[]},{"id":69020,"url":"https:\/\/noticiasribeiraopreto.com.br\/index.php\/2025\/05\/01\/jornal-da-franca-quer-ganhar-massa-muscular-aposte-no-queijo-cottage\/","url_meta":{"origin":21102,"position":2},"title":"Jornal da Franca &#8211; Quer ganhar massa muscular? Aposte no queijo cottage!","author":"noticiasribeiraopreto.com.br","date":"1 de May de 2025","format":false,"excerpt":"compartilhar no whatsapp compartilhar no telegram compartilhar no facebook compartilhar no linkedin Nutricionista do CEUB explica como as prote\u00ednas do queijo cottage atuam no organismo ap\u00f3s exerc\u00edcios de for\u00e7a Rico em prote\u00ednas e baixo em teor de gordura, o queijo cottage \u00e9 ideal para quem quer ganhar massa muscular \u2013\u2026","rel":"","context":"In &quot;Not\u00edcias de Franca-SP&quot;","block_context":{"text":"Not\u00edcias de Franca-SP","link":"https:\/\/noticiasribeiraopreto.com.br\/index.php\/category\/noticias-de-ribeirao-preto-sp-e-regiao-ismael-colosi\/noticias-franca-sp\/"},"img":{"alt_text":"","src":"https:\/\/i0.wp.com\/noticiasribeiraopreto.com.br\/wp-content\/uploads\/2025\/05\/queijo-cottage-scaled.jpg?fit=1200%2C800&ssl=1&resize=350%2C200","width":350,"height":200,"srcset":"https:\/\/i0.wp.com\/noticiasribeiraopreto.com.br\/wp-content\/uploads\/2025\/05\/queijo-cottage-scaled.jpg?fit=1200%2C800&ssl=1&resize=350%2C200 1x, https:\/\/i0.wp.com\/noticiasribeiraopreto.com.br\/wp-content\/uploads\/2025\/05\/queijo-cottage-scaled.jpg?fit=1200%2C800&ssl=1&resize=525%2C300 1.5x, https:\/\/i0.wp.com\/noticiasribeiraopreto.com.br\/wp-content\/uploads\/2025\/05\/queijo-cottage-scaled.jpg?fit=1200%2C800&ssl=1&resize=700%2C400 2x, https:\/\/i0.wp.com\/noticiasribeiraopreto.com.br\/wp-content\/uploads\/2025\/05\/queijo-cottage-scaled.jpg?fit=1200%2C800&ssl=1&resize=1050%2C600 3x"},"classes":[]},{"id":20328,"url":"https:\/\/noticiasribeiraopreto.com.br\/index.php\/2023\/12\/25\/10-frutas-ricas-em-ferro-para-incluir-na-sua-alimentacao-meu-valor-digital\/","url_meta":{"origin":21102,"position":3},"title":"10 frutas ricas em ferro para incluir na sua alimenta\u00e7\u00e3o &#8211; Meu Valor Digital","author":"noticiasribeiraopreto.com.br","date":"25 de December de 2023","format":false,"excerpt":"Quando pensamos em fontes de ferro, frequentemente nos voltamos para carnes vermelhas e vegetais folhosos verdes. No entanto, o reino das frutas oferece op\u00e7\u00f5es surpreendentemente ricas neste mineral essencial. O ferro desempenha um papel vital em diversas fun\u00e7\u00f5es corporais, incluindo o transporte de oxig\u00eanio no sangue e a manuten\u00e7\u00e3o de\u2026","rel":"","context":"In &quot;Vagas de Emprego em Ribeir\u00e3o Preto-SP&quot;","block_context":{"text":"Vagas de Emprego em Ribeir\u00e3o Preto-SP","link":"https:\/\/noticiasribeiraopreto.com.br\/index.php\/category\/empregos-classificados-vagas-trabalho\/vagas-de-empregos-em-ribeirao-preto-regiao-brasil\/"},"img":{"alt_text":"","src":"https:\/\/i0.wp.com\/noticiasribeiraopreto.com.br\/wp-content\/uploads\/2023\/12\/Ferro.jpg?fit=1200%2C773&ssl=1&resize=350%2C200","width":350,"height":200,"srcset":"https:\/\/i0.wp.com\/noticiasribeiraopreto.com.br\/wp-content\/uploads\/2023\/12\/Ferro.jpg?fit=1200%2C773&ssl=1&resize=350%2C200 1x, https:\/\/i0.wp.com\/noticiasribeiraopreto.com.br\/wp-content\/uploads\/2023\/12\/Ferro.jpg?fit=1200%2C773&ssl=1&resize=525%2C300 1.5x, https:\/\/i0.wp.com\/noticiasribeiraopreto.com.br\/wp-content\/uploads\/2023\/12\/Ferro.jpg?fit=1200%2C773&ssl=1&resize=700%2C400 2x, https:\/\/i0.wp.com\/noticiasribeiraopreto.com.br\/wp-content\/uploads\/2023\/12\/Ferro.jpg?fit=1200%2C773&ssl=1&resize=1050%2C600 3x"},"classes":[]},{"id":20617,"url":"https:\/\/noticiasribeiraopreto.com.br\/index.php\/2023\/12\/26\/10-frutas-ricas-em-fibras-para-incluir-na-alimentacao-meu-valor-digital\/","url_meta":{"origin":21102,"position":4},"title":"10 frutas ricas em fibras para incluir na alimenta\u00e7\u00e3o &#8211; Meu Valor Digital","author":"noticiasribeiraopreto.com.br","date":"26 de December de 2023","format":false,"excerpt":"Em nossa busca por uma vida mais saud\u00e1vel, frequentemente nos deparamos com a import\u00e2ncia de incorporar mais fibras na dieta. As fibras s\u00e3o componentes alimentares encontrados em plantas que n\u00e3o s\u00e3o digeridos pelo nosso corpo. Elas desempenham um papel crucial na manuten\u00e7\u00e3o da sa\u00fade geral, principalmente na regula\u00e7\u00e3o do sistema\u2026","rel":"","context":"In &quot;Vagas de Emprego em Ribeir\u00e3o Preto-SP&quot;","block_context":{"text":"Vagas de Emprego em Ribeir\u00e3o Preto-SP","link":"https:\/\/noticiasribeiraopreto.com.br\/index.php\/category\/empregos-classificados-vagas-trabalho\/vagas-de-empregos-em-ribeirao-preto-regiao-brasil\/"},"img":{"alt_text":"","src":"https:\/\/i0.wp.com\/noticiasribeiraopreto.com.br\/wp-content\/uploads\/2023\/12\/Fibras.jpg?fit=1200%2C773&ssl=1&resize=350%2C200","width":350,"height":200,"srcset":"https:\/\/i0.wp.com\/noticiasribeiraopreto.com.br\/wp-content\/uploads\/2023\/12\/Fibras.jpg?fit=1200%2C773&ssl=1&resize=350%2C200 1x, https:\/\/i0.wp.com\/noticiasribeiraopreto.com.br\/wp-content\/uploads\/2023\/12\/Fibras.jpg?fit=1200%2C773&ssl=1&resize=525%2C300 1.5x, https:\/\/i0.wp.com\/noticiasribeiraopreto.com.br\/wp-content\/uploads\/2023\/12\/Fibras.jpg?fit=1200%2C773&ssl=1&resize=700%2C400 2x, https:\/\/i0.wp.com\/noticiasribeiraopreto.com.br\/wp-content\/uploads\/2023\/12\/Fibras.jpg?fit=1200%2C773&ssl=1&resize=1050%2C600 3x"},"classes":[]},{"id":69458,"url":"https:\/\/noticiasribeiraopreto.com.br\/index.php\/2025\/05\/06\/estudo-da-usp-ribeirao-acende-alerta-para-dietas-sem-orientacao-profissional\/","url_meta":{"origin":21102,"position":5},"title":"Estudo da USP Ribeir\u00e3o acende alerta para dietas sem orienta\u00e7\u00e3o profissional","author":"noticiasribeiraopreto.com.br","date":"6 de May de 2025","format":false,"excerpt":"Um estudo realizado pela Faculdade de Medicina de Ribeir\u00e3o Preto da USP (Universidade de S\u00e3o Paulo) acende alerta para quem realiza dietas sem orienta\u00e7\u00e3o profissional. A pesquisa aponta que dietas com alto teor de prote\u00ednas pode comprometer a sa\u00fade dos ossos se estiver associada com restri\u00e7\u00e3o cal\u00f3rica. Dietas do tipo\u2026","rel":"","context":"In &quot;Not\u00edcias de Ribeir\u00e3o Preto-SP e Regi\u00e3o&quot;","block_context":{"text":"Not\u00edcias de Ribeir\u00e3o Preto-SP e Regi\u00e3o","link":"https:\/\/noticiasribeiraopreto.com.br\/index.php\/category\/noticias-de-ribeirao-preto-sp-e-regiao-ismael-colosi\/"},"img":{"alt_text":"","src":"https:\/\/i0.wp.com\/noticiasribeiraopreto.com.br\/wp-content\/uploads\/2024\/07\/fmrp4jpg_2024-07-11_23-52-20_jpg_2024-07-11_23-52-21.webp.webp?fit=1200%2C675&ssl=1&resize=350%2C200","width":350,"height":200,"srcset":"https:\/\/i0.wp.com\/noticiasribeiraopreto.com.br\/wp-content\/uploads\/2024\/07\/fmrp4jpg_2024-07-11_23-52-20_jpg_2024-07-11_23-52-21.webp.webp?fit=1200%2C675&ssl=1&resize=350%2C200 1x, https:\/\/i0.wp.com\/noticiasribeiraopreto.com.br\/wp-content\/uploads\/2024\/07\/fmrp4jpg_2024-07-11_23-52-20_jpg_2024-07-11_23-52-21.webp.webp?fit=1200%2C675&ssl=1&resize=525%2C300 1.5x, https:\/\/i0.wp.com\/noticiasribeiraopreto.com.br\/wp-content\/uploads\/2024\/07\/fmrp4jpg_2024-07-11_23-52-20_jpg_2024-07-11_23-52-21.webp.webp?fit=1200%2C675&ssl=1&resize=700%2C400 2x, https:\/\/i0.wp.com\/noticiasribeiraopreto.com.br\/wp-content\/uploads\/2024\/07\/fmrp4jpg_2024-07-11_23-52-20_jpg_2024-07-11_23-52-21.webp.webp?fit=1200%2C675&ssl=1&resize=1050%2C600 3x"},"classes":[]}],"jetpack_sharing_enabled":true,"jetpack_shortlink":"https:\/\/wp.me\/peQAOb-5um","_links":{"self":[{"href":"https:\/\/noticiasribeiraopreto.com.br\/index.php\/wp-json\/wp\/v2\/posts\/21102","targetHints":{"allow":["GET"]}}],"collection":[{"href":"https:\/\/noticiasribeiraopreto.com.br\/index.php\/wp-json\/wp\/v2\/posts"}],"about":[{"href":"https:\/\/noticiasribeiraopreto.com.br\/index.php\/wp-json\/wp\/v2\/types\/post"}],"author":[{"embeddable":true,"href":"https:\/\/noticiasribeiraopreto.com.br\/index.php\/wp-json\/wp\/v2\/users\/1"}],"replies":[{"embeddable":true,"href":"https:\/\/noticiasribeiraopreto.com.br\/index.php\/wp-json\/wp\/v2\/comments?post=21102"}],"version-history":[{"count":0,"href":"https:\/\/noticiasribeiraopreto.com.br\/index.php\/wp-json\/wp\/v2\/posts\/21102\/revisions"}],"wp:featuredmedia":[{"embeddable":true,"href":"https:\/\/noticiasribeiraopreto.com.br\/index.php\/wp-json\/wp\/v2\/media\/21103"}],"wp:attachment":[{"href":"https:\/\/noticiasribeiraopreto.com.br\/index.php\/wp-json\/wp\/v2\/media?parent=21102"}],"wp:term":[{"taxonomy":"category","embeddable":true,"href":"https:\/\/noticiasribeiraopreto.com.br\/index.php\/wp-json\/wp\/v2\/categories?post=21102"},{"taxonomy":"post_tag","embeddable":true,"href":"https:\/\/noticiasribeiraopreto.com.br\/index.php\/wp-json\/wp\/v2\/tags?post=21102"}],"curies":[{"name":"wp","href":"https:\/\/api.w.org\/{rel}","templated":true}]}}