{"id":21104,"date":"2023-12-27T06:20:03","date_gmt":"2023-12-27T09:20:03","guid":{"rendered":"https:\/\/noticiasribeiraopreto.com.br\/index.php\/2023\/12\/27\/3-licoes-que-tirei-ao-entrevistar-o-fundador-da-arezzo-co\/"},"modified":"2023-12-27T06:20:03","modified_gmt":"2023-12-27T09:20:03","slug":"3-licoes-que-tirei-ao-entrevistar-o-fundador-da-arezzo-co","status":"publish","type":"post","link":"https:\/\/noticiasribeiraopreto.com.br\/index.php\/2023\/12\/27\/3-licoes-que-tirei-ao-entrevistar-o-fundador-da-arezzo-co\/","title":{"rendered":"3 li\u00e7\u00f5es que tirei ao entrevistar o fundador da Arezzo &#038;Co"},"content":{"rendered":"<div class='code-block code-block-1' style='margin: 8px 0 8px auto; text-align: right; display: block; clear: both;'>\n<p><a href=\"https:\/\/wa.link\/vpicfd\"><img data-recalc-dims=\"1\" class=\"wp-image-4922\" style=\"aspect-ratio: 2.0253164556962027; width: 561px; height: auto;\" src=\"https:\/\/i0.wp.com\/ismaelcolosi.com.br\/wp-content\/uploads\/2023\/11\/grupo-de-empregos-whatsapp-e-facebook-ismael-colosi-vagas.jpg?ssl=1\" alt=\"\" \/><\/a><\/p>\n<!-- \/wp:image -->\n<\/div>\n<p> <br \/>\n<\/p>\n<div>\n<div id=\"attachment_580072\" class=\"wp-caption alignnone style=\" max-width:=\"\"><img data-recalc-dims=\"1\" fetchpriority=\"high\" decoding=\"async\" class=\"alignnone wp-image-580072 size-full\" src=\"https:\/\/i0.wp.com\/forbes.com.br\/wp-content\/uploads\/2023\/11\/Life_Anderson-Birman-768x512.jpg?resize=678%2C452&#038;ssl=1\" http:=\"\" alt=\"Anderson Birman\" width=\"678\" height=\"452\" data-lazy-src=\"https:\/\/forbes.com.br\/wp-content\/uploads\/2023\/11\/Life_Anderson-Birman-768x512.jpg\"\/><noscript><img data-recalc-dims=\"1\" fetchpriority=\"high\" decoding=\"async\" class=\"alignnone wp-image-580072 size-full\" src=\"https:\/\/i0.wp.com\/forbes.com.br\/wp-content\/uploads\/2023\/11\/Life_Anderson-Birman-768x512.jpg?resize=678%2C452&#038;ssl=1\" alt=\"Anderson Birman\" width=\"678\" height=\"452\"\/><\/noscript><\/p>\n<p>Gui Paganini<\/p>\n<p class=\"wp-caption-text\"><strong>Como resultado das entrevistas feitas com Anderson Birman, fundador da Arezzo, foi publicado o livro \u201cA Cada Passo\u201d<\/strong><\/p>\n<\/div>\n<p>\u201cPor que voc\u00ea criou a empresa?\u201d, perguntei para <strong>Anderson Birman, fundador da Arezzo &amp;Co<\/strong>, em uma das primeiras entre as mais de 100 conversas que tivemos ao longo de quatro anos. Esperava uma resposta protocolar e pretensamente inspiradora. \u201cPorque fazer sapatos era minha paix\u00e3o\u201d, talvez. Ou \u201cpara transformar o mundo ao meu redor a partir do neg\u00f3cio\u201d. Mas a resposta dele me desconsertou pela honestidade: \u201cPorque queria ficar rico\u201d.<\/p>\n<p>A verdade crua costuma ser mais interessante do que a fabricada. Tamb\u00e9m mais proveitosa e, de fato, inspiradora. Aprendemos mais com depoimentos sinceros. Com motiva\u00e7\u00f5es sem floreios, que podem n\u00e3o ser o que se espera ouvir de um empreendedor de sucesso, mas que provavelmente se aproximam das nossas motiva\u00e7\u00f5es \u00edntimas, muitas vezes nada belas ou altru\u00edstas. No entanto, raramente vejo pessoas bem-sucedidas com disposi\u00e7\u00e3o para falar publicamente de maneira t\u00e3o transparente e direta.<\/p>\n<p><strong>Leia tamb\u00e9m<\/strong><\/p>\n<p>Anderson o fez n\u00e3o s\u00f3 daquela vez, mas em todos os nossos encontros ao longo de quatro anos. Talvez porque n\u00e3o estivesse preocupado com o resultado disso nem planejasse ser lido por pessoas desconhecidas. Ele me contratou em 2019, para entrevist\u00e1-lo semanalmente, e escrever textos avulsos, usando a t\u00e9cnica de ghostwriting para registrar suas mem\u00f3rias e reflex\u00f5es. N\u00e3o havia um objetivo maior. Com o apoio da equipe do Atelier de Conte\u00fado, fomos acumulando dezenas de textos que ele guardava em uma pasta e mostrava, no m\u00e1ximo, para familiares e amigos esporadicamente. At\u00e9 que, neste ano, Anderson me surpreendeu com a not\u00edcia de que queria fazer um livro. Transformar tudo aquilo numa narrativa p\u00fablica, que se tornou a obra \u201cA Cada Passo\u201d, lan\u00e7ada no m\u00eas passado pela editora Citadel.<\/p>\n<ul>\n<li>\n<h3>Siga a <a href=\"https:\/\/whatsapp.com\/channel\/0029Va9gQKwBFLgM96cJnu0u\" target=\"_blank\" rel=\"noopener\">Forbes<\/a> no WhatsApp e receba as principais not\u00edcias sobre neg\u00f3cios, carreira, tecnologia e estilo de vida<\/h3>\n<\/li>\n<\/ul>\n<p>Com a decis\u00e3o, repassamos cada um dos textos escritos, para atualizar o conte\u00fado e ajustar o que fosse preciso. Mas Anderson fez quest\u00e3o de manter o tom super honesto.<\/p>\n<h3>Este trabalho e a postura de Anderson, fundador da Arezzo, me levaram a tr\u00eas conclus\u00f5es importantes:<\/h3>\n<div class=\"pksGallery\">\n<div class=\"stage\">\n<span class=\"back\"\/><br \/>\n<span class=\"next\"\/><\/p>\n<ul>\n<li>\n<div>\n<span><br \/>\n<img data-recalc-dims=\"1\" decoding=\"async\" src=\"https:\/\/i0.wp.com\/forbes.com.br\/wp-content\/uploads\/2023\/12\/carreira-colunas-verdade.jpeg?ssl=1\" http:=\"\" data-lazy-src=\"https:\/\/forbes.com.br\/wp-content\/uploads\/2023\/12\/carreira-colunas-verdade.jpeg\"\/><noscript><img data-recalc-dims=\"1\" decoding=\"async\" src=\"https:\/\/i0.wp.com\/forbes.com.br\/wp-content\/uploads\/2023\/12\/carreira-colunas-verdade.jpeg?ssl=1\"\/><\/noscript><\/p>\n<article>\n<span class=\"credito\">Getty Images<\/span><\/p>\n<h3>Vale a pena falar a verdade<\/h3>\n<p>Como jornalista, tendo a buscar sempre reconstituir as hist\u00f3rias da maneira mais fiel poss\u00edvel. Mas quando algu\u00e9m nos contrata para escrever uma autobiografia, \u00e9 comum omitir ou buscar aliviar erros, tombos, fracassos. O livro do Anderson \u2014 e a relevante repercuss\u00e3o que ele tem causado na m\u00eddia \u2014 confirmam o que eu j\u00e1 defendia: a sinceridade, contada com cuidado e responsabilidade, tem um alcance maior. Faz as pessoas se interessarem e se identificarem mais (afinal, quem nunca trope\u00e7ou ou se arrependeu?), leva ao aprendizado, gera mais valor do que conquistas que parecem terem vindo do nada, por sorte ou sem esfor\u00e7o.<\/p>\n<\/article>\n<p><\/span>\n<\/div>\n<\/li>\n<li>\n<div>\n<span><br \/>\n<img data-recalc-dims=\"1\" decoding=\"async\" src=\"https:\/\/i0.wp.com\/forbes.com.br\/wp-content\/uploads\/2023\/12\/carreira-colunas-confiar-processo.webp?ssl=1\" http:=\"\" data-lazy-src=\"https:\/\/forbes.com.br\/wp-content\/uploads\/2023\/12\/carreira-colunas-confiar-processo.webp\"\/><noscript><img data-recalc-dims=\"1\" decoding=\"async\" src=\"https:\/\/i0.wp.com\/forbes.com.br\/wp-content\/uploads\/2023\/12\/carreira-colunas-confiar-processo.webp?ssl=1\"\/><\/noscript><\/p>\n<article>\n<span class=\"credito\">Getty Images<\/span><\/p>\n<h3>Confiar no processo leva ao melhor resultado<\/h3>\n<p>Claro que o destino importa, mas a ideia de que o caminho importa mais foi comprovada para mim. Fui contratada para n\u00e3o escrever um livro. Portanto, saboreamos cada etapa desses quatro anos de conversas regulares sem precisar chegar a algum lugar. Falamos dos mais diversos temas. Deixamos hist\u00f3rias e ideias decantarem por um per\u00edodo at\u00e9 voltarem \u00e0 pauta. Escrevemos, lemos, editamos. Fizemos pesquisas para complementar as mem\u00f3rias e estimular novas reflex\u00f5es. Tudo isso sem prazos nem objetivos a serem alcan\u00e7ados. <\/p>\n<p>Quando o plano mudou, e um livro nos trouxe um cronograma, o trabalho \u00e1rduo j\u00e1 estava feito. Nos debru\u00e7amos sobre textos maduros e refinamos o material para ir \u00e0 p\u00fablico. O projeto gr\u00e1fico de Giovanni Bianco embalou o conte\u00fado com toda a eleg\u00e2ncia. Finalmente, ao ter nas m\u00e3os o produto f\u00edsico, minha sensa\u00e7\u00e3o era de miss\u00e3o cumprida com louvor: Anderson tinha o melhor livro que poderia ter. Porque se entregou ao processo sem se preocupar com o resultado.<\/p>\n<\/article>\n<p><\/span>\n<\/div>\n<\/li>\n<li>\n<div>\n<span><br \/>\n<img data-recalc-dims=\"1\" decoding=\"async\" src=\"https:\/\/i0.wp.com\/forbes.com.br\/wp-content\/uploads\/2023\/12\/carreira-colunas-historia.webp?ssl=1\" http:=\"\" data-lazy-src=\"https:\/\/forbes.com.br\/wp-content\/uploads\/2023\/12\/carreira-colunas-historia.webp\"\/><noscript><img data-recalc-dims=\"1\" decoding=\"async\" src=\"https:\/\/i0.wp.com\/forbes.com.br\/wp-content\/uploads\/2023\/12\/carreira-colunas-historia.webp?ssl=1\"\/><\/noscript><\/p>\n<article>\n<span class=\"credito\">Getty Images<\/span><\/p>\n<h3>Reescrever a pr\u00f3pria hist\u00f3ria d\u00e1 mais sentido ao presente<\/h3>\n<p>No mundo do empreendedorismo, fala-se muito sobre a for\u00e7a da narrativa para comunicar o presente e o futuro. Constru\u00e7\u00e3o de marca, campanhas, posicionamento, reputa\u00e7\u00e3o. T\u00e3o importante quanto, na minha opini\u00e3o, \u00e9 olhar para o passado e editar a pr\u00f3pria hist\u00f3ria. Porque a verdade \u00e9 que ningu\u00e9m sabe dizer, com certeza, todos os detalhes de como algo realmente foi. Nos lembramos de cenas, a partir de um ponto de vista e de como est\u00e1vamos no momento, de impress\u00f5es subjetivas e de mem\u00f3rias emocionais, tudo isso sob o filtro do aqui e agora. Ent\u00e3o, relembrar \u00e9 sempre editar em alguma medida. Fazer isso conscientemente, com sess\u00f5es reservadas para reflex\u00e3o, de maneira estruturada e usando o poder da escrita, pode ser transformador. Anderson provou isso ao dizer, nos agradecimentos do livro, que eu o ajudei a despertar sua paix\u00e3o pela pr\u00f3pria hist\u00f3ria. Para mim, nada poderia ser mais gratificante.<\/p>\n<\/article>\n<p><\/span>\n<\/div>\n<\/li>\n<\/ul>\n<\/div>\n<div class=\"description\">\n<span class=\"credito\">Getty Images<\/span><\/p>\n<h3>Vale a pena falar a verdade<\/h3>\n<p>Como jornalista, tendo a buscar sempre reconstituir as hist\u00f3rias da maneira mais fiel poss\u00edvel. Mas quando algu\u00e9m nos contrata para escrever uma autobiografia, \u00e9 comum omitir ou buscar aliviar erros, tombos, fracassos. O livro do Anderson \u2014 e a relevante repercuss\u00e3o que ele tem causado na m\u00eddia \u2014 confirmam o que eu j\u00e1 defendia: a sinceridade, contada com cuidado e responsabilidade, tem um alcance maior. Faz as pessoas se interessarem e se identificarem mais (afinal, quem nunca trope\u00e7ou ou se arrependeu?), leva ao aprendizado, gera mais valor do que conquistas que parecem terem vindo do nada, por sorte ou sem esfor\u00e7o.<\/p>\n<\/div>\n<\/div>\n<p><em><a href=\"https:\/\/www.linkedin.com\/in\/arianeabdallah\/?originalSubdomain=br\" target=\"_blank\" rel=\"noopener\">Ariane Abdallah<\/a> \u00e9 jornalista, autora do livro \u201cDe um gole s\u00f3 \u2013 a hist\u00f3ria da Ambev e a cria\u00e7\u00e3o da maior cervejaria do mundo\u201d e fundadora do Atelier de Conte\u00fado, empresa especializada na produ\u00e7\u00e3o de livros, artigos e estudos de cultura organizacional.\u00a0<\/em><\/p>\n<p><em>Os artigos assinados s\u00e3o de responsabilidade exclusiva dos autores e n\u00e3o refletem, necessariamente, a opini\u00e3o de Forbes Brasil e de seus editores.<\/em><\/p>\n<\/div>\n<p><script type=\"rocketlazyloadscript\">\n\t\t\t\t(function(d, s, id){\n\t\t\t\t\tvar js, fjs = d.getElementsByTagName(s)[0];\n\t\t\t\t\tif (d.getElementById(id)) return;\n\t\t\t\t\tjs = d.createElement(s); js.id = id;\n\t\t\t\t\tjs.src = \"\/\/connect.facebook.net\/pt_BR\/sdk.js#xfbml=1&version=v2.9\";\n\t\t\t\t\tfjs.parentNode.insertBefore(js, fjs);\n\t\t\t\t}(document, 'script', 'facebook-jssdk'));\n\t\t\t<\/script><br \/>\n<br \/><br \/>\n<br \/><a href=\"https:\/\/forbes.com.br\/carreira\/2023\/12\/ariane-abdallah-licoes-com-anderson-birman-fundador-da-arezzo\/\">Source link <\/a><\/p>\n<!-- CONTENT END 1 -->\n","protected":false},"excerpt":{"rendered":"<p>Gui Paganini Como resultado das entrevistas feitas com Anderson Birman, fundador da Arezzo, foi publicado o livro \u201cA Cada Passo\u201d \u201cPor que voc\u00ea criou a&#8230;<\/p>\n","protected":false},"author":1,"featured_media":21105,"comment_status":"open","ping_status":"open","sticky":false,"template":"","format":"standard","meta":{"advanced_seo_description":"","jetpack_seo_html_title":"","jetpack_seo_noindex":false,"jetpack_post_was_ever_published":false,"_jetpack_newsletter_access":"","_jetpack_dont_email_post_to_subs":false,"_jetpack_newsletter_tier_id":0,"_jetpack_memberships_contains_paywalled_content":false,"_jetpack_memberships_contains_paid_content":false,"footnotes":"","jetpack_publicize_message":"","jetpack_publicize_feature_enabled":true,"jetpack_social_post_already_shared":true,"jetpack_social_options":{"image_generator_settings":{"template":"highway","default_image_id":0,"font":"","enabled":false},"version":2}},"categories":[1],"tags":[],"class_list":["post-21104","post","type-post","status-publish","format-standard","has-post-thumbnail","hentry","category-blog"],"jetpack_publicize_connections":[],"jetpack_featured_media_url":"https:\/\/i0.wp.com\/noticiasribeiraopreto.com.br\/wp-content\/uploads\/2023\/12\/Life_Anderson-Birman-1024x683.jpg?fit=1024%2C683&ssl=1","jetpack-related-posts":[{"id":33745,"url":"https:\/\/noticiasribeiraopreto.com.br\/index.php\/2024\/01\/30\/os-planos-de-alexandre-birman-ceo-da-arezzo-crescer-no-vestuario-feminino-e-consolidar-o-e-commerce\/","url_meta":{"origin":21104,"position":0},"title":"Os planos de Alexandre Birman, CEO da Arezzo: crescer no vestu\u00e1rio feminino e consolidar o e-commerce","author":"noticiasribeiraopreto.com.br","date":"30 de January de 2024","format":false,"excerpt":"O setor de varejo teve as suas receitas pressionadas no ano passado, principalmente, pelos juros elevados e a perda do poder de compra dos brasileiros. Mas o cen\u00e1rio adverso parece n\u00e3o ter atrapalhado os planos da Arezzo (ARZZ3). Entre as a\u00e7\u00f5es \u201cqueridinhas\u201d dos analistas, a companhia tem apresentado resultados s\u00f3lidos.\u2026","rel":"","context":"In &quot;Dinheiro e Investimento&quot;","block_context":{"text":"Dinheiro e Investimento","link":"https:\/\/noticiasribeiraopreto.com.br\/index.php\/category\/dinheiro-e-investimento-como-fazer-como-ganhar\/"},"img":{"alt_text":"","src":"https:\/\/i0.wp.com\/noticiasribeiraopreto.com.br\/wp-content\/uploads\/2024\/01\/Arezzo-628x353.png?fit=628%2C353&ssl=1&resize=350%2C200","width":350,"height":200,"srcset":"https:\/\/i0.wp.com\/noticiasribeiraopreto.com.br\/wp-content\/uploads\/2024\/01\/Arezzo-628x353.png?fit=628%2C353&ssl=1&resize=350%2C200 1x, https:\/\/i0.wp.com\/noticiasribeiraopreto.com.br\/wp-content\/uploads\/2024\/01\/Arezzo-628x353.png?fit=628%2C353&ssl=1&resize=525%2C300 1.5x"},"classes":[]},{"id":44575,"url":"https:\/\/noticiasribeiraopreto.com.br\/index.php\/2024\/03\/28\/alexandre-birman-dara-palestra-em-harvard-sobre-crescimento-e-expansao-da-arezzoco\/","url_meta":{"origin":21104,"position":1},"title":"Alexandre Birman dar\u00e1 palestra em Harvard sobre crescimento e expans\u00e3o da Arezzo&#038;Co","author":"noticiasribeiraopreto.com.br","date":"28 de March de 2024","format":false,"excerpt":"Ale VirgilioAlexandre Birman, CEO e CCO da Arezzo&Co, dar\u00e1 palestra em Harvard Alexandre Birman ser\u00e1 um dos palestrantes da 10\u00aa edi\u00e7\u00e3o da Brazil Conference at Harvard & MIT, um dos eventos mais relevantes da \u00e1rea de educa\u00e7\u00e3o no calend\u00e1rio brasileiro, que acontece nos Estados Unidos. \u00c0 frente de um dos\u2026","rel":"","context":"In &quot;Blog&quot;","block_context":{"text":"Blog","link":"https:\/\/noticiasribeiraopreto.com.br\/index.php\/category\/blog\/"},"img":{"alt_text":"","src":"https:\/\/i0.wp.com\/noticiasribeiraopreto.com.br\/wp-content\/uploads\/2024\/03\/Alexandre-Birman-1024x683.jpg?fit=1024%2C683&ssl=1&resize=350%2C200","width":350,"height":200,"srcset":"https:\/\/i0.wp.com\/noticiasribeiraopreto.com.br\/wp-content\/uploads\/2024\/03\/Alexandre-Birman-1024x683.jpg?fit=1024%2C683&ssl=1&resize=350%2C200 1x, https:\/\/i0.wp.com\/noticiasribeiraopreto.com.br\/wp-content\/uploads\/2024\/03\/Alexandre-Birman-1024x683.jpg?fit=1024%2C683&ssl=1&resize=525%2C300 1.5x, https:\/\/i0.wp.com\/noticiasribeiraopreto.com.br\/wp-content\/uploads\/2024\/03\/Alexandre-Birman-1024x683.jpg?fit=1024%2C683&ssl=1&resize=700%2C400 2x"},"classes":[]},{"id":35204,"url":"https:\/\/noticiasribeiraopreto.com.br\/index.php\/2024\/02\/05\/ceo-da-arezzo-arzz3-fala-em-big-bang-da-moda-brasileira-com-fusao-com-soma-soma3-e-aposta-em-internacionalizacao\/","url_meta":{"origin":21104,"position":2},"title":"CEO da Arezzo (ARZZ3) fala em \u201cbig bang\u201d da moda brasileira com fus\u00e3o com Soma (SOMA3) e aposta em internacionaliza\u00e7\u00e3o\u00a0","author":"noticiasribeiraopreto.com.br","date":"5 de February de 2024","format":false,"excerpt":"O setor de varejo foi estremecido pelo an\u00fancio do \u201cneg\u00f3cio do ano\u201d no universo de moda na manh\u00e3 desta segunda-feira (05): a fus\u00e3o entre a Arezzo (ARZZ3) e o Grupo Soma (SOMA3). A opera\u00e7\u00e3o ser\u00e1 respons\u00e1vel por formar o maior grupo de moda da Am\u00e9rica Latina, com 34 marcas sob\u2026","rel":"","context":"In &quot;Dinheiro e Investimento&quot;","block_context":{"text":"Dinheiro e Investimento","link":"https:\/\/noticiasribeiraopreto.com.br\/index.php\/category\/dinheiro-e-investimento-como-fazer-como-ganhar\/"},"img":{"alt_text":"","src":"https:\/\/i0.wp.com\/noticiasribeiraopreto.com.br\/wp-content\/uploads\/2024\/02\/Os-CEOs-da-Arezzo-ARZZ3-Alexandre-Birman-e-Soma-SOMA3-Roberto-Jatahy.-Foto-reproducaoInstagram-715x402.jpg?fit=715%2C402&ssl=1&resize=350%2C200","width":350,"height":200,"srcset":"https:\/\/i0.wp.com\/noticiasribeiraopreto.com.br\/wp-content\/uploads\/2024\/02\/Os-CEOs-da-Arezzo-ARZZ3-Alexandre-Birman-e-Soma-SOMA3-Roberto-Jatahy.-Foto-reproducaoInstagram-715x402.jpg?fit=715%2C402&ssl=1&resize=350%2C200 1x, https:\/\/i0.wp.com\/noticiasribeiraopreto.com.br\/wp-content\/uploads\/2024\/02\/Os-CEOs-da-Arezzo-ARZZ3-Alexandre-Birman-e-Soma-SOMA3-Roberto-Jatahy.-Foto-reproducaoInstagram-715x402.jpg?fit=715%2C402&ssl=1&resize=525%2C300 1.5x, https:\/\/i0.wp.com\/noticiasribeiraopreto.com.br\/wp-content\/uploads\/2024\/02\/Os-CEOs-da-Arezzo-ARZZ3-Alexandre-Birman-e-Soma-SOMA3-Roberto-Jatahy.-Foto-reproducaoInstagram-715x402.jpg?fit=715%2C402&ssl=1&resize=700%2C400 2x"},"classes":[]},{"id":34127,"url":"https:\/\/noticiasribeiraopreto.com.br\/index.php\/2024\/02\/01\/grupo-soma-soma3-sobe-mais-de-15-na-bolsa-apos-noticia-sobre-fusao-com-arezzo-arzz3-que-sobe-10-hoje\/","url_meta":{"origin":21104,"position":3},"title":"Grupo Soma (SOMA3) sobe mais de 15% na bolsa ap\u00f3s not\u00edcia sobre fus\u00e3o com Arezzo (ARZZ3), que sobe 10% hoje","author":"noticiasribeiraopreto.com.br","date":"1 de February de 2024","format":false,"excerpt":"A divulga\u00e7\u00e3o de uma not\u00edcia sobre uma grande fus\u00e3o no setor de varejo movimenta as a\u00e7\u00f5es hoje na B3. A Arezzo (ARZZ3) est\u00e1 perto de anunciar\u00a0 uma uni\u00e3o com o Grupo Soma (SOMA3), de acordo com o portal NeoFeed.\u00a0 O neg\u00f3cio j\u00e1 estava praticamente fechado desde o \u00faltimo s\u00e1bado (27),\u2026","rel":"","context":"In &quot;Dinheiro e Investimento&quot;","block_context":{"text":"Dinheiro e Investimento","link":"https:\/\/noticiasribeiraopreto.com.br\/index.php\/category\/dinheiro-e-investimento-como-fazer-como-ganhar\/"},"img":{"alt_text":"","src":"https:\/\/i0.wp.com\/noticiasribeiraopreto.com.br\/wp-content\/uploads\/2024\/02\/Artes-SD-Mille-715x402.jpg?fit=715%2C402&ssl=1&resize=350%2C200","width":350,"height":200,"srcset":"https:\/\/i0.wp.com\/noticiasribeiraopreto.com.br\/wp-content\/uploads\/2024\/02\/Artes-SD-Mille-715x402.jpg?fit=715%2C402&ssl=1&resize=350%2C200 1x, https:\/\/i0.wp.com\/noticiasribeiraopreto.com.br\/wp-content\/uploads\/2024\/02\/Artes-SD-Mille-715x402.jpg?fit=715%2C402&ssl=1&resize=525%2C300 1.5x, https:\/\/i0.wp.com\/noticiasribeiraopreto.com.br\/wp-content\/uploads\/2024\/02\/Artes-SD-Mille-715x402.jpg?fit=715%2C402&ssl=1&resize=700%2C400 2x"},"classes":[]},{"id":34937,"url":"https:\/\/noticiasribeiraopreto.com.br\/index.php\/2024\/02\/04\/noticia-sobre-fusao-faz-acoes-do-grupo-soma-soma3-e-arezzo-arzz3-subirem-mais-de-10-na-semana-e-serem-as-maiores-altas-do-ibovespa\/","url_meta":{"origin":21104,"position":4},"title":"Not\u00edcia sobre fus\u00e3o faz a\u00e7\u00f5es do Grupo Soma (SOMA3) e Arezzo (ARZZ3) subirem mais de 10% na semana e serem as maiores altas do Ibovespa","author":"noticiasribeiraopreto.com.br","date":"4 de February de 2024","format":false,"excerpt":"Enquanto algumas empresas da bolsa brasileira registraram as maiores perdas da semana, outras companhias abertas conseguiram registrar bons ganhos nos \u00faltimos dias. Enquanto o Ibovespa acumulou perdas da ordem de 1,38%, o Grupo Soma (SOMA3) e Arezzo (ARZZ3) foram as campe\u00e3s do per\u00edodo.\u00a0 Veja as valoriza\u00e7\u00f5es dos \u00faltimos dias: C\u00d3DIGONOMEULTVARSEMSOMA3Grupo\u2026","rel":"","context":"In &quot;Dinheiro e Investimento&quot;","block_context":{"text":"Dinheiro e Investimento","link":"https:\/\/noticiasribeiraopreto.com.br\/index.php\/category\/dinheiro-e-investimento-como-fazer-como-ganhar\/"},"img":{"alt_text":"","src":"https:\/\/i0.wp.com\/noticiasribeiraopreto.com.br\/wp-content\/uploads\/2024\/02\/arezzo-e-soma-1024x576-1-715x402.jpg?fit=715%2C402&ssl=1&resize=350%2C200","width":350,"height":200,"srcset":"https:\/\/i0.wp.com\/noticiasribeiraopreto.com.br\/wp-content\/uploads\/2024\/02\/arezzo-e-soma-1024x576-1-715x402.jpg?fit=715%2C402&ssl=1&resize=350%2C200 1x, https:\/\/i0.wp.com\/noticiasribeiraopreto.com.br\/wp-content\/uploads\/2024\/02\/arezzo-e-soma-1024x576-1-715x402.jpg?fit=715%2C402&ssl=1&resize=525%2C300 1.5x, https:\/\/i0.wp.com\/noticiasribeiraopreto.com.br\/wp-content\/uploads\/2024\/02\/arezzo-e-soma-1024x576-1-715x402.jpg?fit=715%2C402&ssl=1&resize=700%2C400 2x"},"classes":[]},{"id":35090,"url":"https:\/\/noticiasribeiraopreto.com.br\/index.php\/2024\/02\/05\/o-negocio-do-ano-o-que-voce-precisa-saber-sobre-a-fusao-da-arezzo-arzz3-com-o-soma-soma3-dono-da-hering-em-acordo-multibilionario-para-consolidar-casa-de-marcas\/","url_meta":{"origin":21104,"position":5},"title":"O neg\u00f3cio do ano: O que voc\u00ea precisa saber sobre a fus\u00e3o da Arezzo (ARZZ3) com o Soma (SOMA3), dono da Hering, em acordo multibilion\u00e1rio para consolidar casa de marcas","author":"noticiasribeiraopreto.com.br","date":"5 de February de 2024","format":false,"excerpt":"Os rumores da fus\u00e3o entre a Arezzo (ARZZ3) e o Grupo Soma (SOMA3) transformaram a dupla no destaque positivo do Ibovespa na semana passada. A a\u00e7\u00e3o do Soma, dono da Hering e da Farm, liderou as altas da semana (+10,94%), seguida pelos pap\u00e9is da Arezzo (+8,44%). Agora os investidores preparam-se\u2026","rel":"","context":"In &quot;Dinheiro e Investimento&quot;","block_context":{"text":"Dinheiro e Investimento","link":"https:\/\/noticiasribeiraopreto.com.br\/index.php\/category\/dinheiro-e-investimento-como-fazer-como-ganhar\/"},"img":{"alt_text":"","src":"https:\/\/i0.wp.com\/noticiasribeiraopreto.com.br\/wp-content\/uploads\/2024\/02\/1707138174_arezzo-e-soma-1024x576-1-715x402.jpg?fit=715%2C402&ssl=1&resize=350%2C200","width":350,"height":200,"srcset":"https:\/\/i0.wp.com\/noticiasribeiraopreto.com.br\/wp-content\/uploads\/2024\/02\/1707138174_arezzo-e-soma-1024x576-1-715x402.jpg?fit=715%2C402&ssl=1&resize=350%2C200 1x, https:\/\/i0.wp.com\/noticiasribeiraopreto.com.br\/wp-content\/uploads\/2024\/02\/1707138174_arezzo-e-soma-1024x576-1-715x402.jpg?fit=715%2C402&ssl=1&resize=525%2C300 1.5x, https:\/\/i0.wp.com\/noticiasribeiraopreto.com.br\/wp-content\/uploads\/2024\/02\/1707138174_arezzo-e-soma-1024x576-1-715x402.jpg?fit=715%2C402&ssl=1&resize=700%2C400 2x"},"classes":[]}],"jetpack_sharing_enabled":true,"jetpack_shortlink":"https:\/\/wp.me\/peQAOb-5uo","_links":{"self":[{"href":"https:\/\/noticiasribeiraopreto.com.br\/index.php\/wp-json\/wp\/v2\/posts\/21104","targetHints":{"allow":["GET"]}}],"collection":[{"href":"https:\/\/noticiasribeiraopreto.com.br\/index.php\/wp-json\/wp\/v2\/posts"}],"about":[{"href":"https:\/\/noticiasribeiraopreto.com.br\/index.php\/wp-json\/wp\/v2\/types\/post"}],"author":[{"embeddable":true,"href":"https:\/\/noticiasribeiraopreto.com.br\/index.php\/wp-json\/wp\/v2\/users\/1"}],"replies":[{"embeddable":true,"href":"https:\/\/noticiasribeiraopreto.com.br\/index.php\/wp-json\/wp\/v2\/comments?post=21104"}],"version-history":[{"count":0,"href":"https:\/\/noticiasribeiraopreto.com.br\/index.php\/wp-json\/wp\/v2\/posts\/21104\/revisions"}],"wp:featuredmedia":[{"embeddable":true,"href":"https:\/\/noticiasribeiraopreto.com.br\/index.php\/wp-json\/wp\/v2\/media\/21105"}],"wp:attachment":[{"href":"https:\/\/noticiasribeiraopreto.com.br\/index.php\/wp-json\/wp\/v2\/media?parent=21104"}],"wp:term":[{"taxonomy":"category","embeddable":true,"href":"https:\/\/noticiasribeiraopreto.com.br\/index.php\/wp-json\/wp\/v2\/categories?post=21104"},{"taxonomy":"post_tag","embeddable":true,"href":"https:\/\/noticiasribeiraopreto.com.br\/index.php\/wp-json\/wp\/v2\/tags?post=21104"}],"curies":[{"name":"wp","href":"https:\/\/api.w.org\/{rel}","templated":true}]}}