{"id":21108,"date":"2023-12-27T06:31:43","date_gmt":"2023-12-27T09:31:43","guid":{"rendered":"https:\/\/noticiasribeiraopreto.com.br\/index.php\/2023\/12\/27\/total-de-bloqueios-na-alianca-adani-atinge-us-300-milhoes-renews-renewable-energy-news-investimento\/"},"modified":"2023-12-27T06:31:43","modified_gmt":"2023-12-27T09:31:43","slug":"total-de-bloqueios-na-alianca-adani-atinge-us-300-milhoes-renews-renewable-energy-news-investimento","status":"publish","type":"post","link":"https:\/\/noticiasribeiraopreto.com.br\/index.php\/2023\/12\/27\/total-de-bloqueios-na-alianca-adani-atinge-us-300-milhoes-renews-renewable-energy-news-investimento\/","title":{"rendered":"Total de bloqueios na alian\u00e7a Adani atinge US$ 300 milh\u00f5es &#8211; reNews &#8211; Renewable Energy News &#8211; Investimento"},"content":{"rendered":"<div class='code-block code-block-1' style='margin: 8px 0 8px auto; text-align: right; display: block; clear: both;'>\n<p><a href=\"https:\/\/wa.link\/vpicfd\"><img data-recalc-dims=\"1\" class=\"wp-image-4922\" style=\"aspect-ratio: 2.0253164556962027; width: 561px; height: auto;\" src=\"https:\/\/i0.wp.com\/ismaelcolosi.com.br\/wp-content\/uploads\/2023\/11\/grupo-de-empregos-whatsapp-e-facebook-ismael-colosi-vagas.jpg?ssl=1\" alt=\"\" \/><\/a><\/p>\n<!-- \/wp:image -->\n<\/div>\n<p> <br \/>\n<\/p>\n<div>\n<div>\n<figure><picture><source srcset=\"https:\/\/clickpetroleoegas.com.br\/wp-content\/uploads\/2023\/12\/total-de-bloqueios-na-alianca-adani-atinge-us-300-milhoes-renews-renewable-energy-news-investimento-830x450.jpg.webp\" type=\"image\/webp\"><img data-recalc-dims=\"1\" loading=\"lazy\" width=\"830\" height=\"450\" src=\"https:\/\/i0.wp.com\/clickpetroleoegas.com.br\/wp-content\/uploads\/2023\/12\/total-de-bloqueios-na-alianca-adani-atinge-us-300-milhoes-renews-renewable-energy-news-investimento-830x450.jpg?resize=830%2C450&#038;ssl=1\" class=\"fdnw-post-thumbnail fdnw-first-card-thumbnail wp-post-image\" alt=\"bloqueio, investimento\" decoding=\"async\" data-eio=\"p\"\/><\/source><\/picture><figcaption class=\"fdnw-image-caption\">Total de bloqueio de US$ 300 milh\u00f5es na alian\u00e7a Adani \u2013 reNews \u2013 Renewable Energy News \u2013 FOTO: \u00a92023 Re News.Biz<\/figcaption><\/figure>\n<h2 class=\"wp-block-heading\" id=\"h-alianca-adani-em-joint-venture-para-desenvolver-gasoduto-eolico-e-solar-de-1-gw-na-india-ampliando-portfolio-de-energia\">Alian\u00e7a Adani em joint venture para desenvolver gasoduto e\u00f3lico e solar de 1 GW na \u00cdndia, ampliando portf\u00f3lio de energia.<\/h2>\n<p>A TotalEnergies e a empresa indiana Adani Green Energy firmaram uma parceria para a forma\u00e7\u00e3o de uma joint venture. A empresa francesa investiu US$ 300 milh\u00f5es no acordo, adquirindo metade da participa\u00e7\u00e3o em um portf\u00f3lio de 1.050 MW de ativos de desenvolvimento. Esses ativos incluem locais j\u00e1 operacionais (300 MW), em constru\u00e7\u00e3o (500 MW) e em desenvolvimento (250 MW), com uma combina\u00e7\u00e3o de projetos de energia solar e e\u00f3lica na \u00cdndia. Com esta transa\u00e7\u00e3o, a TotalEnergies refor\u00e7ou a sua alian\u00e7a estrat\u00e9gica com a AGEL e o seu apoio na viabiliza\u00e7\u00e3o da meta da AGEL de 45 GW de <a href=\"https:\/\/clickpetroleoegas.com.br\/empresa-submarina-lider-mundial-formada-conheca-a-onesubsea-joint-venture-milionaria-formada-por-slb-aker-solutions-e-subsea-7\/\">capacidade at\u00e9 2030.<\/a><\/p>\n<p>A TotalEnergies realizou um investimento significativo na joint venture com a Adani Green Energy, refor\u00e7ando assim a sua presen\u00e7a no mercado de energias renov\u00e1veis. Essa parceria representa um importante passo no desenvolvimento de projetos de energia solar e e\u00f3lica na \u00cdndia, contribuindo para a meta de 45 GW de capacidade at\u00e9 2030. Com este acordo, a TotalEnergies demonstra o seu compromisso com o apoio ao crescimento e expans\u00e3o da AGEL no setor de energias renov\u00e1veis, fortalecendo ainda mais a sua posi\u00e7\u00e3o no mercado.<\/p>\n<p> <span class=\"fdnw-card-article-related\"> <span class=\"h4 fdnw-card-article-related-title\">Artigos recomendados<\/span> <\/span> <\/p>\n<h2 class=\"wp-block-heading\" id=\"h-total-de-bloqueios-atinge-novo-patamar\">Total de bloqueios atinge novo patamar<\/h2>\n<p>A <a href=\"https:\/\/pt.wikipedia.org\/wiki\/Hidrog%C3%AAnio_verde\" target=\"_blank\" rel=\"noopener nofollow\" class=\"external\">alian\u00e7a Adani<\/a> e a <a href=\"https:\/\/clickpetroleoegas.com.br\/empresa-submarina-lider-mundial-formada-conheca-a-onesubsea-joint-venture-milionaria-formada-por-slb-aker-solutions-e-subsea-7\/\" target=\"_blank\" rel=\"noopener\">joint venture<\/a> atingiram um novo marco de <a href=\"https:\/\/clickpetroleoegas.com.br\/shell-concorda-em-vender-sua-participacao-na-refinaria-alema-para-o-grupo-prax-participacao-na-refinaria-de-schwedt\/\" target=\"_blank\" rel=\"noopener\">participa\u00e7\u00e3o<\/a> em bloqueios, refor\u00e7ando seu <a href=\"https:\/\/clickpetroleoegas.com.br\/occidental-acelera-seu-portfolio-com-a-grande-aquisicao-de-empresa-de-gas-shale-por-us-12-bilhoes\/\" target=\"_blank\" rel=\"noopener\">portf\u00f3lio<\/a> de <a href=\"https:\/\/clickpetroleoegas.com.br\/entidades-de-oleo-e-gas-solicitam-a-retomada-do-programa-de-venda-de-ativos-da-petrobras-para-impulsionar-o-desenvolvimento-do-setor\/\" target=\"_blank\" rel=\"noopener\">ativos de desenvolvimento<\/a>. A <a href=\"https:\/\/clickpetroleoegas.com.br\/herdeiras-de-aloysio-faria-concluem-transacao-imobiliaria-bilionaria-a-maior-negociacao-do-seculo\/\" target=\"_blank\" rel=\"noopener\">transa\u00e7\u00e3o<\/a> <a href=\"https:\/\/clickpetroleoegas.com.br\/petrobras-analisa-proposta-do-mubadala-capital-para-parceria-em-refino-e-biorrefino-na-bahia-destaque-para-parceria-estrategica\/\" target=\"_blank\" rel=\"noopener\">estrat\u00e9gica<\/a> destacou o investimento da empresa em <a href=\"https:\/\/clickpetroleoegas.com.br\/como-fugir-da-conta-de-luz-o-calculo-de-baterias-para-sistemas-off-grid-de-energia-solar\/\" target=\"_blank\" rel=\"noopener\">energia solar<\/a> e <a href=\"https:\/\/clickpetroleoegas.com.br\/encomenda-de-bolsas-vestas-impulsiona-projeto-de-energia-eolica-em-hollandse-kust-west-renews-noticias-de-energias-renovaveis\/\" target=\"_blank\" rel=\"noopener\">energia e\u00f3lica<\/a> na \u00cdndia, ampliando sua <a href=\"https:\/\/clickpetroleoegas.com.br\/cma-cgm-investe-us-3-bilhoes-em-navios-porta-conteineres-movidos-a-metanol-e-gnl-com-capacidades-de-15-000-e-23-000-teus\/\" target=\"_blank\" rel=\"noopener\">meta de capacidade<\/a>. O total de bloqueios alcan\u00e7ou n\u00edveis recordes, confirmando o sucesso do <a href=\"https:\/\/clickpetroleoegas.com.br\/a-torre-de-xangai-e-uma-maravilha-da-engenharia-na-china-com-design-espiral-elegante-o-que-reduz-em-25-o-impacto-dos-ventos\/\" target=\"_blank\" rel=\"noopener\">pacto<\/a> entre as empresas.<\/p>\n<h2 class=\"wp-block-heading\" id=\"h-novos-investimentos-impulsionam-o-total-de-bloqueios\">Novos investimentos impulsionam o total de bloqueios<\/h2>\n<p>Com novos aportes de capital, a alian\u00e7a Adani e a joint venture fortaleceram sua posi\u00e7\u00e3o no mercado de bloqueio, consolidando sua presen\u00e7a em ativos de desenvolvimento. O investimento em energia solar e energia e\u00f3lica na \u00cdndia demonstra o compromisso das empresas com o crescimento sustent\u00e1vel e a expans\u00e3o de sua participa\u00e7\u00e3o no setor.<\/p>\n<h2 class=\"wp-block-heading\" id=\"h-alianca-adani-e-joint-venture-expandem-seu-portfolio-de-bloqueios\">Alian\u00e7a Adani e joint venture expandem seu portf\u00f3lio de bloqueios<\/h2>\n<p>A recente transa\u00e7\u00e3o estrat\u00e9gica resultou na inclus\u00e3o de novos ativos de desenvolvimento no portf\u00f3lio da alian\u00e7a Adani e da joint venture, impulsionando o total de bloqueios para n\u00edveis sem precedentes. O sucesso dessa parceria destaca o foco das empresas em atingir suas metas de capacidade e refor\u00e7ar sua atua\u00e7\u00e3o no mercado de energia solar e energia e\u00f3lica na \u00cdndia.<\/p>\n<p>Fonte: <b>\u00a9 Re News.Biz<\/b><\/p>\n<div class=\"code-block code-block-10\" style=\"margin: 8px auto; text-align: center; display: block; clear: both;\">\n<hr class=\"wp-block-separator has-alpha-channel-opacity is-style-wide\"\/>\n<p>Voc\u00ea quer receber apenas not\u00edcias e vagas de emprego do seu interesse? A solu\u00e7\u00e3o chegou atrav\u00e9s do app <a href=\"https:\/\/play.google.com\/store\/apps\/details?id=com.clickpetroleoapp&amp;hl=pt&amp;gl=US\" class=\"external\" rel=\"nofollow noopener\" target=\"_blank\"><strong>CPG VAGAS E NOT\u00cdCIAS!<\/strong><\/a> Se voc\u00ea \u00e9 pintor, vai receber no seu celular apenas oportunidades neste cargo. E ser\u00e1 assim com pedreiro, t\u00e9cnico, engenheiro e etc\u2026.. N\u00e3o perca nada do que acontece no mercado de trabalho e econ\u00f4mico do Brasil, baixe agora o app <a href=\"https:\/\/play.google.com\/store\/apps\/details?id=com.clickpetroleoapp&amp;hl=pt&amp;gl=US\" class=\"external\" rel=\"nofollow noopener\" target=\"_blank\">CPG VAGAS E NOT\u00cdCIAS, dispon\u00edvel para Android e IOS!<\/a><\/p>\n<figure class=\"wp-block-image aligncenter size-full\"><a href=\"https:\/\/play.google.com\/store\/apps\/details?id=com.clickpetroleoapp&amp;hl=pt&amp;gl=US\" target=\"_blank\" rel=\"noreferrer noopener nofollow\" class=\"external\"><img data-recalc-dims=\"1\" decoding=\"async\" width=\"1280\" height=\"387\" alt=\"APP CPG VAGAS E NOT\u00cdCIAS\" class=\"wp-image-105306 ewww_webp_lazy_load lazy\" src=\"https:\/\/i0.wp.com\/clickpetroleoegas.com.br\/wp-content\/uploads\/2023\/09\/Aplicativo-de-vagas-de-empregos-e-noticias-da-sua-regiao.jpg.webp?resize=1280%2C387&#038;ssl=1\" loading=\"lazy\"\/><noscript><img data-recalc-dims=\"1\" loading=\"lazy\" decoding=\"async\" width=\"1280\" height=\"387\" alt=\"APP CPG VAGAS E NOT\u00cdCIAS\" class=\"wp-image-105306 ewww_webp_lazy_load\" src=\"https:\/\/i0.wp.com\/clickpetroleoegas.com.br\/wp-content\/uploads\/2023\/09\/Aplicativo-de-vagas-de-empregos-e-noticias-da-sua-regiao.jpg.webp?resize=1280%2C387&#038;ssl=1\"\/><\/noscript><noscript><img data-recalc-dims=\"1\" loading=\"lazy\" decoding=\"async\" width=\"1280\" height=\"387\" src=\"https:\/\/i0.wp.com\/clickpetroleoegas.com.br\/wp-content\/uploads\/2023\/09\/Aplicativo-de-vagas-de-empregos-e-noticias-da-sua-regiao.jpg?resize=1280%2C387&#038;ssl=1\" alt=\"APP CPG VAGAS E NOT\u00cdCIAS\" class=\"wp-image-105306\"\/><\/noscript><\/a><\/figure>\n<\/p><\/div>\n<\/p><\/div>\n<p><a href=\"https:\/\/clickpetroleoegas.com.br\/total-de-bloqueios-na-alianca-adani-atinge-us-300-milhoes-renews-renewable-energy-news-investimento\/\">Source link <\/a><\/p>\n<\/p><\/div>\n<p><script type=\"text\/plain\" data-service=\"facebook\" data-category=\"marketing\">\n!function(f,b,e,v,n,t,s)\n{if(f.fbq)return;n=f.fbq=function(){n.callMethod?\nn.callMethod.apply(n,arguments):n.queue.push(arguments)};\nif(!f._fbq)f._fbq=n;n.push=n;n.loaded=!0;n.version='2.0';\nn.queue=[];t=b.createElement(e);t.async=!0;\nt.src=v;s=b.getElementsByTagName(e)[0];\ns.parentNode.insertBefore(t,s)}(window, document,'script',\n'https:\/\/connect.facebook.net\/en_US\/fbevents.js');\nfbq('init', '5536651029690406');\nfbq('track', 'PageView');\n<\/script><script type=\"text\/plain\" data-service=\"facebook\" data-category=\"marketing\" async defer crossorigin=\"anonymous\" data-rocket-data-cmplz-src=\"https:\/\/connect.facebook.net\/en_US\/sdk.js#xfbml=1&#038;version=v12.0&amp;appId=1127332727839552&#038;autoLogAppEvents=1\">\n<\/script><br \/>\n<br \/><br \/>\n<br \/><a href=\"https:\/\/ismaelcolosi.com.br\/total-de-bloqueios-na-alianca-adani-atinge-us-300-milhoes-renews-renewable-energy-news-investimento\/\">Source link <\/a><\/p>\n<!-- CONTENT END 1 -->\n","protected":false},"excerpt":{"rendered":"<p>Total de bloqueio de US$ 300 milh\u00f5es na alian\u00e7a Adani \u2013 reNews \u2013 Renewable Energy News \u2013 FOTO: \u00a92023 Re News.Biz Alian\u00e7a Adani em joint&#8230;<\/p>\n","protected":false},"author":1,"featured_media":21109,"comment_status":"open","ping_status":"open","sticky":false,"template":"","format":"standard","meta":{"advanced_seo_description":"","jetpack_seo_html_title":"","jetpack_seo_noindex":false,"jetpack_post_was_ever_published":false,"_jetpack_newsletter_access":"","_jetpack_dont_email_post_to_subs":false,"_jetpack_newsletter_tier_id":0,"_jetpack_memberships_contains_paywalled_content":false,"_jetpack_memberships_contains_paid_content":false,"footnotes":"","jetpack_publicize_message":"","jetpack_publicize_feature_enabled":true,"jetpack_social_post_already_shared":true,"jetpack_social_options":{"image_generator_settings":{"template":"highway","default_image_id":0,"font":"","enabled":false},"version":2}},"categories":[7],"tags":[],"class_list":["post-21108","post","type-post","status-publish","format-standard","has-post-thumbnail","hentry","category-vagas-de-empregos-em-ribeirao-preto-regiao-brasil"],"jetpack_publicize_connections":[],"jetpack_featured_media_url":"https:\/\/i0.wp.com\/noticiasribeiraopreto.com.br\/wp-content\/uploads\/2023\/12\/total-de-bloqueios-na-alianca-adani-atinge-us-300-milhoes-renews-renewable-energy-news-investimento-830x450.jpg?fit=830%2C450&ssl=1","jetpack-related-posts":[{"id":66528,"url":"https:\/\/noticiasribeiraopreto.com.br\/index.php\/2025\/04\/02\/ladroes-de-alianca-atacam-em-bairros-da-zona-oeste-de-ribeirao-preto\/","url_meta":{"origin":21108,"position":0},"title":"Ladr\u00f5es de alian\u00e7a atacam em bairros da zona Oeste de Ribeir\u00e3o Preto","author":"noticiasribeiraopreto.com.br","date":"2 de April de 2025","format":false,"excerpt":"Tr\u00eas pessoas foram v\u00edtimas de assaltos nas \u00faltimas semanas em que os criminosos roubaram alian\u00e7as, na zona Oeste de Ribeir\u00e3o Preto. Como foram os crimes: O primeiro ocorreu no dia 18 de mar\u00e7o, na rua Alfredo de Siqueira, no bairro Sumarezinho. A v\u00edtima, um homem de 38 anos, estacionava o\u2026","rel":"","context":"In &quot;Not\u00edcias de Ribeir\u00e3o Preto-SP e Regi\u00e3o&quot;","block_context":{"text":"Not\u00edcias de Ribeir\u00e3o Preto-SP e Regi\u00e3o","link":"https:\/\/noticiasribeiraopreto.com.br\/index.php\/category\/noticias-de-ribeirao-preto-sp-e-regiao-ismael-colosi\/"},"img":{"alt_text":"","src":"https:\/\/i0.wp.com\/noticiasribeiraopreto.com.br\/wp-content\/uploads\/2025\/04\/ALIANCA_2025-04-02_15-22-53_jpg_2025-04-02_15-22-54.webp.webp?fit=1200%2C800&ssl=1&resize=350%2C200","width":350,"height":200,"srcset":"https:\/\/i0.wp.com\/noticiasribeiraopreto.com.br\/wp-content\/uploads\/2025\/04\/ALIANCA_2025-04-02_15-22-53_jpg_2025-04-02_15-22-54.webp.webp?fit=1200%2C800&ssl=1&resize=350%2C200 1x, https:\/\/i0.wp.com\/noticiasribeiraopreto.com.br\/wp-content\/uploads\/2025\/04\/ALIANCA_2025-04-02_15-22-53_jpg_2025-04-02_15-22-54.webp.webp?fit=1200%2C800&ssl=1&resize=525%2C300 1.5x, https:\/\/i0.wp.com\/noticiasribeiraopreto.com.br\/wp-content\/uploads\/2025\/04\/ALIANCA_2025-04-02_15-22-53_jpg_2025-04-02_15-22-54.webp.webp?fit=1200%2C800&ssl=1&resize=700%2C400 2x, https:\/\/i0.wp.com\/noticiasribeiraopreto.com.br\/wp-content\/uploads\/2025\/04\/ALIANCA_2025-04-02_15-22-53_jpg_2025-04-02_15-22-54.webp.webp?fit=1200%2C800&ssl=1&resize=1050%2C600 3x"},"classes":[]},{"id":15976,"url":"https:\/\/noticiasribeiraopreto.com.br\/index.php\/2023\/12\/14\/x-elio-assegura-financiamento-solar-de-e-35-milhoes-para-projetos-na-espanha-renews-renewable-energy-news-projetos-solares-inovadores-garantem-investimento-significativo\/","url_meta":{"origin":21108,"position":1},"title":"X-Elio assegura financiamento solar de \u20ac 35 milh\u00f5es para projetos na Espanha &#8211; reNews &#8211; Renewable Energy News &#8211; Projetos solares inovadores garantem investimento significativo.","author":"noticiasribeiraopreto.com.br","date":"14 de December de 2023","format":false,"excerpt":"X-Elio conclui financiamento de \u20ac 35 milh\u00f5es para projetos solares na Espanha \u2013 FOTO: \u00a92023 Re News.Biz Recursos ser\u00e3o investidos em desenvolvimento, opera\u00e7\u00e3o, manuten\u00e7\u00e3o de 3 sites, totalizando 67MW, atividades solares, capacidade total, opera\u00e7\u00e3o desde 2021, energias limpas. A X-Elio assegurou um financiamento solar de 35 milh\u00f5es de euros com\u2026","rel":"","context":"In &quot;Vagas de Emprego em Ribeir\u00e3o Preto-SP&quot;","block_context":{"text":"Vagas de Emprego em Ribeir\u00e3o Preto-SP","link":"https:\/\/noticiasribeiraopreto.com.br\/index.php\/category\/empregos-classificados-vagas-trabalho\/vagas-de-empregos-em-ribeirao-preto-regiao-brasil\/"},"img":{"alt_text":"","src":"https:\/\/i0.wp.com\/noticiasribeiraopreto.com.br\/wp-content\/uploads\/2023\/12\/xelio-assegura-financiamento-solar-de-35-milhoes-para-projetos-na-espanha-renews-renewable-energy-news-projetos-solares-inovadores-garantem-investimento-significativo.jpg?fit=770%2C440&ssl=1&resize=350%2C200","width":350,"height":200,"srcset":"https:\/\/i0.wp.com\/noticiasribeiraopreto.com.br\/wp-content\/uploads\/2023\/12\/xelio-assegura-financiamento-solar-de-35-milhoes-para-projetos-na-espanha-renews-renewable-energy-news-projetos-solares-inovadores-garantem-investimento-significativo.jpg?fit=770%2C440&ssl=1&resize=350%2C200 1x, https:\/\/i0.wp.com\/noticiasribeiraopreto.com.br\/wp-content\/uploads\/2023\/12\/xelio-assegura-financiamento-solar-de-35-milhoes-para-projetos-na-espanha-renews-renewable-energy-news-projetos-solares-inovadores-garantem-investimento-significativo.jpg?fit=770%2C440&ssl=1&resize=525%2C300 1.5x, https:\/\/i0.wp.com\/noticiasribeiraopreto.com.br\/wp-content\/uploads\/2023\/12\/xelio-assegura-financiamento-solar-de-35-milhoes-para-projetos-na-espanha-renews-renewable-energy-news-projetos-solares-inovadores-garantem-investimento-significativo.jpg?fit=770%2C440&ssl=1&resize=700%2C400 2x"},"classes":[]},{"id":80095,"url":"https:\/\/noticiasribeiraopreto.com.br\/index.php\/2025\/11\/14\/morador-tem-alianca-roubada-por-fresta-do-portao-de-casa-em-ribeirao-preto-video\/","url_meta":{"origin":21108,"position":2},"title":"Morador tem alian\u00e7a roubada por fresta do port\u00e3o de casa em Ribeir\u00e3o Preto; V\u00eddeo","author":"noticiasribeiraopreto.com.br","date":"14 de November de 2025","format":false,"excerpt":"O morador de uma casa foi assaltado pela fresta do port\u00e3o da resid\u00eancia na tarde desta quinta-feira (13), no bairro Monte Alegre, zona Oeste de Ribeir\u00e3o Preto. Assista ao v\u00eddeo abaixo. Os criminosos chegaram em uma moto pela rua Appa, quando o que estava na garupa desceu armado e foi\u2026","rel":"","context":"In &quot;Not\u00edcias de Ribeir\u00e3o Preto-SP e Regi\u00e3o&quot;","block_context":{"text":"Not\u00edcias de Ribeir\u00e3o Preto-SP e Regi\u00e3o","link":"https:\/\/noticiasribeiraopreto.com.br\/index.php\/category\/noticias-de-ribeirao-preto-sp-e-regiao-ismael-colosi\/"},"img":{"alt_text":"","src":"https:\/\/i0.wp.com\/noticiasribeiraopreto.com.br\/wp-content\/uploads\/2025\/11\/assalto_2025-11-14_15-44-00.webp.webp?fit=1200%2C906&ssl=1&resize=350%2C200","width":350,"height":200,"srcset":"https:\/\/i0.wp.com\/noticiasribeiraopreto.com.br\/wp-content\/uploads\/2025\/11\/assalto_2025-11-14_15-44-00.webp.webp?fit=1200%2C906&ssl=1&resize=350%2C200 1x, https:\/\/i0.wp.com\/noticiasribeiraopreto.com.br\/wp-content\/uploads\/2025\/11\/assalto_2025-11-14_15-44-00.webp.webp?fit=1200%2C906&ssl=1&resize=525%2C300 1.5x, https:\/\/i0.wp.com\/noticiasribeiraopreto.com.br\/wp-content\/uploads\/2025\/11\/assalto_2025-11-14_15-44-00.webp.webp?fit=1200%2C906&ssl=1&resize=700%2C400 2x, https:\/\/i0.wp.com\/noticiasribeiraopreto.com.br\/wp-content\/uploads\/2025\/11\/assalto_2025-11-14_15-44-00.webp.webp?fit=1200%2C906&ssl=1&resize=1050%2C600 3x"},"classes":[]},{"id":78759,"url":"https:\/\/noticiasribeiraopreto.com.br\/index.php\/2025\/10\/17\/ladroes-roubam-moto-celular-e-aliancas-no-sumarezinho-em-ribeirao-preto\/","url_meta":{"origin":21108,"position":3},"title":"Ladr\u00f5es roubam moto, celular e alian\u00e7as no Sumarezinho em Ribeir\u00e3o Preto","author":"noticiasribeiraopreto.com.br","date":"17 de October de 2025","format":false,"excerpt":"Um homem de 64 anos teve sua moto, alian\u00e7as e um celular roubados na tarde desta quinta-feira (16), no bairro Sumarezinho, zona Oeste de Ribeir\u00e3o Preto. Segundo o boletim de ocorr\u00eancia (BO), a v\u00edtima aguardava o filho na rua Jos\u00e9 Hanna, quando foi abordada por dois criminosos em uma moto,\u2026","rel":"","context":"In &quot;Not\u00edcias de Ribeir\u00e3o Preto-SP e Regi\u00e3o&quot;","block_context":{"text":"Not\u00edcias de Ribeir\u00e3o Preto-SP e Regi\u00e3o","link":"https:\/\/noticiasribeiraopreto.com.br\/index.php\/category\/noticias-de-ribeirao-preto-sp-e-regiao-ismael-colosi\/"},"img":{"alt_text":"","src":"https:\/\/i0.wp.com\/noticiasribeiraopreto.com.br\/wp-content\/uploads\/2025\/10\/MOTO_2025-10-17_16-15-59.webp.webp?fit=1200%2C765&ssl=1&resize=350%2C200","width":350,"height":200,"srcset":"https:\/\/i0.wp.com\/noticiasribeiraopreto.com.br\/wp-content\/uploads\/2025\/10\/MOTO_2025-10-17_16-15-59.webp.webp?fit=1200%2C765&ssl=1&resize=350%2C200 1x, https:\/\/i0.wp.com\/noticiasribeiraopreto.com.br\/wp-content\/uploads\/2025\/10\/MOTO_2025-10-17_16-15-59.webp.webp?fit=1200%2C765&ssl=1&resize=525%2C300 1.5x, https:\/\/i0.wp.com\/noticiasribeiraopreto.com.br\/wp-content\/uploads\/2025\/10\/MOTO_2025-10-17_16-15-59.webp.webp?fit=1200%2C765&ssl=1&resize=700%2C400 2x, https:\/\/i0.wp.com\/noticiasribeiraopreto.com.br\/wp-content\/uploads\/2025\/10\/MOTO_2025-10-17_16-15-59.webp.webp?fit=1200%2C765&ssl=1&resize=1050%2C600 3x"},"classes":[]},{"id":67058,"url":"https:\/\/noticiasribeiraopreto.com.br\/index.php\/2025\/04\/09\/jornal-da-franca-governo-de-sp-autoriza-quase-r-1-bilhao-para-fazer-casas-em-parceria-com-a-caixa\/","url_meta":{"origin":21108,"position":4},"title":"Jornal da Franca &#8211; Governo de SP autoriza quase R$ 1 bilh\u00e3o para fazer casas em parceria com a Caixa","author":"noticiasribeiraopreto.com.br","date":"9 de April de 2025","format":false,"excerpt":"compartilhar no whatsapp compartilhar no telegram compartilhar no facebook compartilhar no linkedin Subs\u00eddios podem ser feitos para at\u00e9 30 mil unidades do Minha Casa Minha Vida, al\u00e9m de R$ 300 milh\u00f5es em Cr\u00e9dito Imobili\u00e1rio do Casa Paulista O Governo de S\u00e3o Paulo autorizou o investimento de quase R$ 1 bilh\u00e3o\u2026","rel":"","context":"In &quot;Not\u00edcias de Franca-SP&quot;","block_context":{"text":"Not\u00edcias de Franca-SP","link":"https:\/\/noticiasribeiraopreto.com.br\/index.php\/category\/noticias-de-ribeirao-preto-sp-e-regiao-ismael-colosi\/noticias-franca-sp\/"},"img":{"alt_text":"","src":"https:\/\/i0.wp.com\/noticiasribeiraopreto.com.br\/wp-content\/uploads\/2025\/04\/casas1.jpg?fit=700%2C475&ssl=1&resize=350%2C200","width":350,"height":200,"srcset":"https:\/\/i0.wp.com\/noticiasribeiraopreto.com.br\/wp-content\/uploads\/2025\/04\/casas1.jpg?fit=700%2C475&ssl=1&resize=350%2C200 1x, https:\/\/i0.wp.com\/noticiasribeiraopreto.com.br\/wp-content\/uploads\/2025\/04\/casas1.jpg?fit=700%2C475&ssl=1&resize=525%2C300 1.5x, https:\/\/i0.wp.com\/noticiasribeiraopreto.com.br\/wp-content\/uploads\/2025\/04\/casas1.jpg?fit=700%2C475&ssl=1&resize=700%2C400 2x"},"classes":[]},{"id":78920,"url":"https:\/\/noticiasribeiraopreto.com.br\/index.php\/2025\/10\/21\/caminhao-cegonha-tumultua-transito-na-zona-sul\/","url_meta":{"origin":21108,"position":5},"title":"Caminh\u00e3o-cegonha tumultua tr\u00e2nsito na zona Sul","author":"noticiasribeiraopreto.com.br","date":"21 de October de 2025","format":false,"excerpt":"Carreta derrubou fia\u00e7\u00e3o em cruzamento no Nova Alian\u00e7a e causou caos para motoristas daquela regi\u00e3o 21 de outubro de 2025 09:594 Compartilhar1 Por: Adalberto Luque Um caminh\u00e3o-cegonha causou transtorno no tr\u00e2nsito de v\u00e1rias ruas da zona Sul de Ribeir\u00e3o Preto, na manh\u00e3 desta ter\u00e7a-feira (21). A carreta, carregada com ve\u00edculos,\u2026","rel":"","context":"In &quot;Not\u00edcias de Ribeir\u00e3o Preto-SP e Regi\u00e3o&quot;","block_context":{"text":"Not\u00edcias de Ribeir\u00e3o Preto-SP e Regi\u00e3o","link":"https:\/\/noticiasribeiraopreto.com.br\/index.php\/category\/noticias-de-ribeirao-preto-sp-e-regiao-ismael-colosi\/"},"img":{"alt_text":"","src":"https:\/\/i0.wp.com\/noticiasribeiraopreto.com.br\/wp-content\/uploads\/2025\/10\/21-out-2025-acidenterotatoria2-scaled.jpg?fit=1170%2C780&ssl=1&resize=350%2C200","width":350,"height":200,"srcset":"https:\/\/i0.wp.com\/noticiasribeiraopreto.com.br\/wp-content\/uploads\/2025\/10\/21-out-2025-acidenterotatoria2-scaled.jpg?fit=1170%2C780&ssl=1&resize=350%2C200 1x, https:\/\/i0.wp.com\/noticiasribeiraopreto.com.br\/wp-content\/uploads\/2025\/10\/21-out-2025-acidenterotatoria2-scaled.jpg?fit=1170%2C780&ssl=1&resize=525%2C300 1.5x, https:\/\/i0.wp.com\/noticiasribeiraopreto.com.br\/wp-content\/uploads\/2025\/10\/21-out-2025-acidenterotatoria2-scaled.jpg?fit=1170%2C780&ssl=1&resize=700%2C400 2x, https:\/\/i0.wp.com\/noticiasribeiraopreto.com.br\/wp-content\/uploads\/2025\/10\/21-out-2025-acidenterotatoria2-scaled.jpg?fit=1170%2C780&ssl=1&resize=1050%2C600 3x"},"classes":[]}],"jetpack_sharing_enabled":true,"jetpack_shortlink":"https:\/\/wp.me\/peQAOb-5us","_links":{"self":[{"href":"https:\/\/noticiasribeiraopreto.com.br\/index.php\/wp-json\/wp\/v2\/posts\/21108","targetHints":{"allow":["GET"]}}],"collection":[{"href":"https:\/\/noticiasribeiraopreto.com.br\/index.php\/wp-json\/wp\/v2\/posts"}],"about":[{"href":"https:\/\/noticiasribeiraopreto.com.br\/index.php\/wp-json\/wp\/v2\/types\/post"}],"author":[{"embeddable":true,"href":"https:\/\/noticiasribeiraopreto.com.br\/index.php\/wp-json\/wp\/v2\/users\/1"}],"replies":[{"embeddable":true,"href":"https:\/\/noticiasribeiraopreto.com.br\/index.php\/wp-json\/wp\/v2\/comments?post=21108"}],"version-history":[{"count":0,"href":"https:\/\/noticiasribeiraopreto.com.br\/index.php\/wp-json\/wp\/v2\/posts\/21108\/revisions"}],"wp:featuredmedia":[{"embeddable":true,"href":"https:\/\/noticiasribeiraopreto.com.br\/index.php\/wp-json\/wp\/v2\/media\/21109"}],"wp:attachment":[{"href":"https:\/\/noticiasribeiraopreto.com.br\/index.php\/wp-json\/wp\/v2\/media?parent=21108"}],"wp:term":[{"taxonomy":"category","embeddable":true,"href":"https:\/\/noticiasribeiraopreto.com.br\/index.php\/wp-json\/wp\/v2\/categories?post=21108"},{"taxonomy":"post_tag","embeddable":true,"href":"https:\/\/noticiasribeiraopreto.com.br\/index.php\/wp-json\/wp\/v2\/tags?post=21108"}],"curies":[{"name":"wp","href":"https:\/\/api.w.org\/{rel}","templated":true}]}}