{"id":21114,"date":"2023-12-27T06:50:08","date_gmt":"2023-12-27T09:50:08","guid":{"rendered":"https:\/\/noticiasribeiraopreto.com.br\/index.php\/2023\/12\/27\/novidade-no-instagram-aprenda-a-publicar-um-video-nas-notas\/"},"modified":"2023-12-27T06:50:08","modified_gmt":"2023-12-27T09:50:08","slug":"novidade-no-instagram-aprenda-a-publicar-um-video-nas-notas","status":"publish","type":"post","link":"https:\/\/noticiasribeiraopreto.com.br\/index.php\/2023\/12\/27\/novidade-no-instagram-aprenda-a-publicar-um-video-nas-notas\/","title":{"rendered":"Novidade no Instagram! Aprenda a publicar um v\u00eddeo nas Notas"},"content":{"rendered":"<div class='code-block code-block-1' style='margin: 8px 0 8px auto; text-align: right; display: block; clear: both;'>\n<p><a href=\"https:\/\/wa.link\/vpicfd\"><img data-recalc-dims=\"1\" class=\"wp-image-4922\" style=\"aspect-ratio: 2.0253164556962027; width: 561px; height: auto;\" src=\"https:\/\/i0.wp.com\/ismaelcolosi.com.br\/wp-content\/uploads\/2023\/11\/grupo-de-empregos-whatsapp-e-facebook-ismael-colosi-vagas.jpg?ssl=1\" alt=\"\" \/><\/a><\/p>\n<!-- \/wp:image -->\n<\/div>\n<p> <br \/>\n<\/p>\n<div>\n<div id=\"attachment_2328437\" class=\"wp-caption alignnone\">\n<div class=\"d-flex justify-content-center\" data-attachment-id=\"2328437\">\n<div class=\"position-relative d-inline-block\"><img data-recalc-dims=\"1\" data-portal-copyright=\"Captura de tela do Instagram\" fetchpriority=\"high\" decoding=\"async\" class=\"size-full wp-image-2328437\" src=\"https:\/\/i0.wp.com\/catracalivre.com.br\/wp-content\/uploads\/2023\/12\/img-20231214-wa0261-scaled.jpg?resize=2560%2C1706&#038;ssl=1\" alt=\"Aprenda a postar um v\u00eddeo nas Notas do Instagram\" width=\"2560\" height=\"1706\" srcset=\"https:\/\/catracalivre.com.br\/wp-content\/uploads\/2023\/12\/img-20231214-wa0261-scaled.jpg 2560w, https:\/\/catracalivre.com.br\/wp-content\/uploads\/2023\/12\/img-20231214-wa0261-450x300.jpg 450w, https:\/\/catracalivre.com.br\/wp-content\/uploads\/2023\/12\/img-20231214-wa0261-768x512.jpg 768w\" sizes=\"(max-width: 2560px) 100vw, 2560px\"\/><\/p>\n<p>Cr\u00e9ditos: Captura de tela do Instagram<\/p>\n<\/div>\n<\/div>\n<p><span class=\"post-imagem__legenda\">Aprenda a postar um v\u00eddeo nas Notas do Instagram<\/span><\/p>\n<\/div>\n<p>Voc\u00ea j\u00e1 pensou em <a href=\"https:\/\/catracalivre.com.br\/entretenimento\/ative-este-botao-e-voce-tera-legendas-automaticas-em-videos-no-instagram\/\" target=\"_blank\" rel=\"noopener\">compartilhar v\u00eddeos<\/a> interessantes dentro das <a href=\"https:\/\/catracalivre.com.br\/cidadania\/meis-notas-fiscais\/\" target=\"_blank\" rel=\"noopener\">Notas<\/a> do Instagram? A fun\u00e7\u00e3o pode ser uma \u00f3tima maneira de interagir de maneira divertida e criativa com amigos nas redes sociais.<\/p>\n<p>A nova <a href=\"https:\/\/catracalivre.com.br\/entretenimento\/agora-e-possivel-baixar-videos-do-instagram-sem-sair-do-app-veja-como\/\" target=\"_blank\" rel=\"noopener\">atualiza\u00e7\u00e3o da plataforma<\/a>, que chegou para todos neste m\u00eas, possibilita compartilhar v\u00eddeos de at\u00e9 2 segundos de trabalhos ou simplesmente se expressar de uma maneira diferente.<\/p>\n<p>Diferentemente dos v\u00eddeos tradicionais do Instagram, os v\u00eddeos de notas s\u00e3o registrados com a c\u00e2mera frontal do seu dispositivo e substituem sua foto de perfil na aba de mensagens diretas.<\/p>\n<p>E aqui vai um detalhe importante: o v\u00eddeo compartilhado s\u00f3 ficar\u00e1 <a href=\"https:\/\/catracalivre.com.br\/entretenimento\/aprenda-a-publicar-um-gif-direto-nos-stories-do-instagram\/\" target=\"_blank\" rel=\"noopener\">dispon\u00edvel por 24 horas<\/a>, ap\u00f3s isso, ele estar\u00e1 automaticamente exclu\u00eddo do sistema.<\/p>\n<h2>Possibilidades de divers\u00e3o com v\u00eddeos nas Notas do Instagram<\/h2>\n<p>Um ponto interessante dos v\u00eddeos do Instagram \u00e9 que eles t\u00eam dura\u00e7\u00e3o m\u00e1xima de dois segundos e s\u00e3o reproduzidos em looping, similar aos GIFs.<\/p>\n<p>Atrav\u00e9s de seu canal, <a href=\"https:\/\/www.instagram.com\/mosseri\/\" target=\"_blank\" rel=\"noopener\">Adam Mosseri<\/a>, o diretor da rede social, disse que a novidade \u00e9 para comemorar 1 ano desde o lan\u00e7amento do recurso de Notas.<\/p>\n<p>\u201cAgora voc\u00ea pode gravar e publicar um v\u00eddeo curto em loop na sua nota e responder \u00e0s notas de amigos atrav\u00e9s de \u00e1udio, foto, v\u00eddeo, GIFs e stickers. Esperamos que isso te ajude a se expressar e a estar em contato com seus amigos\u201d, anunciou.<\/p>\n<p>\u00c9 isso mesmo! Al\u00e9m da novidade de v\u00eddeo nas Notas, o Instagram permitir\u00e1 responder \u00e0s notas de outros usu\u00e1rios com diferentes tipos de conte\u00fado. Isso pode gerar intera\u00e7\u00f5es divertidas e continuar a conversa na aba de Mensagens Diretas.<\/p>\n<p>O Instagram tamb\u00e9m oferece a op\u00e7\u00e3o de adicionar m\u00fasica aos seus v\u00eddeos, com trechos de at\u00e9 30 segundos. Essa \u00e9 uma excelente maneira de adicionar mais personalidade e divers\u00e3o \u00e0s suas notas, al\u00e9m de criar uma atmosfera espec\u00edfica para cada v\u00eddeo.<\/p>\n<h2>Como publicar v\u00eddeos nas Notas do Instagram?<\/h2>\n<p>O processo para adicionar v\u00eddeos \u00e0s suas Notas do Instagram \u00e9 simples e r\u00e1pido. Aqui est\u00e3o os passos b\u00e1sicos:<\/p>\n<ol>\n<li>Abra o aplicativo do Instagram no seu celular ou tablet;<\/li>\n<li>Na tela inicial da rede social, toque no \u00edcone de mensagens, localizado no canto superior direito da tela;<\/li>\n<li>Agora toque na sua foto de perfil, onde voc\u00ea adiciona uma Nota, e selecione a op\u00e7\u00e3o de v\u00eddeo;<\/li>\n<li>Pressione o bot\u00e3o para come\u00e7ar a gravar sua nota de v\u00eddeo;<\/li>\n<li>Edite a nota como desejar, e quando estiver satisfeito, publique o resultado com uma frase divertida.<\/li>\n<\/ol>\n<div id=\"attachment_2328436\" class=\"wp-caption alignnone\">\n<div class=\"d-flex justify-content-center\" data-attachment-id=\"2328436\">\n<div class=\"position-relative d-inline-block\"><img data-recalc-dims=\"1\" loading=\"lazy\" data-portal-copyright=\"Captura de tela do Instagram\" decoding=\"async\" class=\"wp-image-2328436 size-full\" src=\"https:\/\/i0.wp.com\/catracalivre.com.br\/wp-content\/uploads\/2023\/12\/img-20231214-wa02591-scaled-e1702605695163.jpg?resize=2551%2C1335&#038;ssl=1\" alt=\"Veja o passo a passo nas imagens para publicar um v\u00eddeo nas Notas\" width=\"2551\" height=\"1335\" srcset=\"https:\/\/catracalivre.com.br\/wp-content\/uploads\/2023\/12\/img-20231214-wa02591-scaled-e1702605695163.jpg 2551w, https:\/\/catracalivre.com.br\/wp-content\/uploads\/2023\/12\/img-20231214-wa02591-scaled-e1702605695163-450x235.jpg 450w, https:\/\/catracalivre.com.br\/wp-content\/uploads\/2023\/12\/img-20231214-wa02591-scaled-e1702605695163-768x402.jpg 768w\" sizes=\"auto, (max-width: 2551px) 100vw, 2551px\"\/><\/p>\n<p>Cr\u00e9ditos: Captura de tela do Instagram<\/p>\n<\/div>\n<\/div>\n<p><span class=\"post-imagem__legenda\">Veja o passo a passo nas imagens para publicar um v\u00eddeo nas Notas<\/span><\/p>\n<\/div>\n<\/div>\n<p><script>\n\t\t! function(f, b, e, v, n, t, s) {\n\t\t\tif (f.fbq) return;\n\t\t\tn = f.fbq = function() {\n\t\t\t\tn.callMethod ?\n\t\t\t\t\tn.callMethod.apply(n, arguments) : n.queue.push(arguments)\n\t\t\t};\n\t\t\tif (!f._fbq) f._fbq = n;\n\t\t\tn.push = n;\n\t\t\tn.loaded = !0;\n\t\t\tn.version = '2.0';\n\t\t\tn.queue = [];\n\t\t\tt = b.createElement(e);\n\t\t\tt.async = !0;\n\t\t\tt.src = v;\n\t\t\ts = b.getElementsByTagName(e)[0];\n\t\t\ts.parentNode.insertBefore(t, s)\n\t\t}(window, document, 'script',\n\t\t\t'https:\/\/connect.facebook.net\/en_US\/fbevents.js');\n\t\tfbq('init', '338315473262380');\n\t\tfbq('track', 'PageView');\n\t<\/script><script async src=\"\/\/www.instagram.com\/embed.js\"><\/script><br \/>\n<br \/><br \/>\n<br \/><a href=\"https:\/\/catracalivre.com.br\/entretenimento\/passo-a-passo-para-publicar-um-video-nas-notas-do-instagram\/\">Source link <\/a><\/p>\n<!-- CONTENT END 1 -->\n","protected":false},"excerpt":{"rendered":"<p>Cr\u00e9ditos: Captura de tela do Instagram Aprenda a postar um v\u00eddeo nas Notas do Instagram Voc\u00ea j\u00e1 pensou em compartilhar v\u00eddeos interessantes dentro das Notas&#8230;<\/p>\n","protected":false},"author":1,"featured_media":21115,"comment_status":"open","ping_status":"open","sticky":false,"template":"","format":"standard","meta":{"advanced_seo_description":"","jetpack_seo_html_title":"","jetpack_seo_noindex":false,"jetpack_post_was_ever_published":false,"_jetpack_newsletter_access":"","_jetpack_dont_email_post_to_subs":false,"_jetpack_newsletter_tier_id":0,"_jetpack_memberships_contains_paywalled_content":false,"_jetpack_memberships_contains_paid_content":false,"footnotes":"","jetpack_publicize_message":"","jetpack_publicize_feature_enabled":true,"jetpack_social_post_already_shared":true,"jetpack_social_options":{"image_generator_settings":{"template":"highway","default_image_id":0,"font":"","enabled":false},"version":2}},"categories":[19],"tags":[],"class_list":["post-21114","post","type-post","status-publish","format-standard","has-post-thumbnail","hentry","category-variedades"],"jetpack_publicize_connections":[],"jetpack_featured_media_url":"https:\/\/i0.wp.com\/noticiasribeiraopreto.com.br\/wp-content\/uploads\/2023\/12\/img-20231214-wa0261-scaled.jpg?fit=1200%2C638&ssl=1","jetpack-related-posts":[{"id":40259,"url":"https:\/\/noticiasribeiraopreto.com.br\/index.php\/2024\/03\/01\/mato-invade-trecho-de-acesso-a-hospital-e-universidade-de-ribeirao-veja-video\/","url_meta":{"origin":21114,"position":0},"title":"Mato invade trecho de acesso a hospital e universidade de Ribeir\u00e3o; Veja v\u00eddeo","author":"noticiasribeiraopreto.com.br","date":"1 de March de 2024","format":false,"excerpt":"Um v\u00eddeo feito por uma estudante que n\u00e3o quis se identificar mostra um trecho da avenida Le\u00e3o XIII, no bairro Ribeir\u00e2nia, zona Leste de Ribeir\u00e3o Preto tomado por mato alto e sem cal\u00e7ada. O local que d\u00e1 acesso a um hospital e uma universidade \u00e9 a \u00fanica op\u00e7\u00e3o para os\u2026","rel":"","context":"In &quot;Not\u00edcias de Ribeir\u00e3o Preto-SP e Regi\u00e3o&quot;","block_context":{"text":"Not\u00edcias de Ribeir\u00e3o Preto-SP e Regi\u00e3o","link":"https:\/\/noticiasribeiraopreto.com.br\/index.php\/category\/noticias-de-ribeirao-preto-sp-e-regiao-ismael-colosi\/"},"img":{"alt_text":"","src":"https:\/\/i0.wp.com\/noticiasribeiraopreto.com.br\/wp-content\/uploads\/2024\/03\/3-1.jpg?fit=1200%2C675&ssl=1&resize=350%2C200","width":350,"height":200,"srcset":"https:\/\/i0.wp.com\/noticiasribeiraopreto.com.br\/wp-content\/uploads\/2024\/03\/3-1.jpg?fit=1200%2C675&ssl=1&resize=350%2C200 1x, https:\/\/i0.wp.com\/noticiasribeiraopreto.com.br\/wp-content\/uploads\/2024\/03\/3-1.jpg?fit=1200%2C675&ssl=1&resize=525%2C300 1.5x, https:\/\/i0.wp.com\/noticiasribeiraopreto.com.br\/wp-content\/uploads\/2024\/03\/3-1.jpg?fit=1200%2C675&ssl=1&resize=700%2C400 2x, https:\/\/i0.wp.com\/noticiasribeiraopreto.com.br\/wp-content\/uploads\/2024\/03\/3-1.jpg?fit=1200%2C675&ssl=1&resize=1050%2C600 3x"},"classes":[]},{"id":78934,"url":"https:\/\/noticiasribeiraopreto.com.br\/index.php\/2025\/10\/21\/caminhao-cegonha-derruba-fios-e-complica-transito-na-zona-sul-de-ribeirao-preto-video\/","url_meta":{"origin":21114,"position":1},"title":"Caminh\u00e3o-cegonha derruba fios e complica tr\u00e2nsito na zona Sul de Ribeir\u00e3o Preto; V\u00eddeo","author":"noticiasribeiraopreto.com.br","date":"21 de October de 2025","format":false,"excerpt":"Um caminh\u00e3o-cegonha derrubou fios nesta ter\u00e7a-feira (21), na avenida Jos\u00e9 Ces\u00e1rio Monteiro da Silva, zona Sul de Ribeir\u00e3o Preto. O ve\u00edculo est\u00e1 parado no cruzamento com rua Jo\u00e3o Gomes Frossard. Assista ao v\u00eddeo e veja galeria de fotos abaixo. H\u00e1 desvios e lentid\u00e3o no tr\u00e2nsito, inclusive em vias pr\u00f3ximas como\u2026","rel":"","context":"In &quot;Not\u00edcias de Ribeir\u00e3o Preto-SP e Regi\u00e3o&quot;","block_context":{"text":"Not\u00edcias de Ribeir\u00e3o Preto-SP e Regi\u00e3o","link":"https:\/\/noticiasribeiraopreto.com.br\/index.php\/category\/noticias-de-ribeirao-preto-sp-e-regiao-ismael-colosi\/"},"img":{"alt_text":"","src":"https:\/\/i0.wp.com\/noticiasribeiraopreto.com.br\/wp-content\/uploads\/2025\/10\/WhatsApp-Image-2025-10-21-at-08.44.18_2025-10-21_11-44-36.webp.webp?fit=718%2C374&ssl=1&resize=350%2C200","width":350,"height":200,"srcset":"https:\/\/i0.wp.com\/noticiasribeiraopreto.com.br\/wp-content\/uploads\/2025\/10\/WhatsApp-Image-2025-10-21-at-08.44.18_2025-10-21_11-44-36.webp.webp?fit=718%2C374&ssl=1&resize=350%2C200 1x, https:\/\/i0.wp.com\/noticiasribeiraopreto.com.br\/wp-content\/uploads\/2025\/10\/WhatsApp-Image-2025-10-21-at-08.44.18_2025-10-21_11-44-36.webp.webp?fit=718%2C374&ssl=1&resize=525%2C300 1.5x, https:\/\/i0.wp.com\/noticiasribeiraopreto.com.br\/wp-content\/uploads\/2025\/10\/WhatsApp-Image-2025-10-21-at-08.44.18_2025-10-21_11-44-36.webp.webp?fit=718%2C374&ssl=1&resize=700%2C400 2x"},"classes":[]},{"id":41542,"url":"https:\/\/noticiasribeiraopreto.com.br\/index.php\/2024\/03\/08\/carro-e-onibus-se-envolvem-em-acidente-na-zona-leste-de-ribeirao-veja-o-video\/","url_meta":{"origin":21114,"position":2},"title":"Carro e \u00f4nibus se envolvem em acidente na zona Leste de Ribeir\u00e3o; Veja o v\u00eddeo","author":"noticiasribeiraopreto.com.br","date":"8 de March de 2024","format":false,"excerpt":"Um \u00f4nibus e um carro se envolveram em um acidente de tr\u00e2nsito na tarde desta sexta-feira (8), no cruzamento da avenida Dr. Pl\u00ednio de Castro Prado com a rua Alexandre Gomes de Abreu, zona Leste de Ribeir\u00e3o Preto. Imagens de uma c\u00e2mera de seguran\u00e7a flagraram o momento da colis\u00e3o \u2013\u2026","rel":"","context":"In &quot;Not\u00edcias de Ribeir\u00e3o Preto-SP e Regi\u00e3o&quot;","block_context":{"text":"Not\u00edcias de Ribeir\u00e3o Preto-SP e Regi\u00e3o","link":"https:\/\/noticiasribeiraopreto.com.br\/index.php\/category\/noticias-de-ribeirao-preto-sp-e-regiao-ismael-colosi\/"},"img":{"alt_text":"","src":"https:\/\/i0.wp.com\/noticiasribeiraopreto.com.br\/wp-content\/uploads\/2024\/03\/Copia-de-Copia-de-TAMANHO-EXATO-PARA-FOTOS-NO-SISTEMA-NOVO-9.jpg?fit=1200%2C675&ssl=1&resize=350%2C200","width":350,"height":200,"srcset":"https:\/\/i0.wp.com\/noticiasribeiraopreto.com.br\/wp-content\/uploads\/2024\/03\/Copia-de-Copia-de-TAMANHO-EXATO-PARA-FOTOS-NO-SISTEMA-NOVO-9.jpg?fit=1200%2C675&ssl=1&resize=350%2C200 1x, https:\/\/i0.wp.com\/noticiasribeiraopreto.com.br\/wp-content\/uploads\/2024\/03\/Copia-de-Copia-de-TAMANHO-EXATO-PARA-FOTOS-NO-SISTEMA-NOVO-9.jpg?fit=1200%2C675&ssl=1&resize=525%2C300 1.5x, https:\/\/i0.wp.com\/noticiasribeiraopreto.com.br\/wp-content\/uploads\/2024\/03\/Copia-de-Copia-de-TAMANHO-EXATO-PARA-FOTOS-NO-SISTEMA-NOVO-9.jpg?fit=1200%2C675&ssl=1&resize=700%2C400 2x, https:\/\/i0.wp.com\/noticiasribeiraopreto.com.br\/wp-content\/uploads\/2024\/03\/Copia-de-Copia-de-TAMANHO-EXATO-PARA-FOTOS-NO-SISTEMA-NOVO-9.jpg?fit=1200%2C675&ssl=1&resize=1050%2C600 3x"},"classes":[]},{"id":55506,"url":"https:\/\/noticiasribeiraopreto.com.br\/index.php\/2024\/08\/02\/incendio-na-regiao-de-ribeirao-preto-assusta-moradores-de-condominios-veja-o-video\/","url_meta":{"origin":21114,"position":3},"title":"Inc\u00eandio na regi\u00e3o de Ribeir\u00e3o Preto assusta moradores de condom\u00ednios; Veja o v\u00eddeo","author":"noticiasribeiraopreto.com.br","date":"2 de August de 2024","format":false,"excerpt":"Um inc\u00eandio em uma \u00e1rea de mata mobilizou a Defesa Civil e equipes de usinas nas imedia\u00e7\u00f5es, no in\u00edcio da tarde desta sexta-feira (2), no bairro Villa Borghese em Sert\u00e3ozinho, na regi\u00e3o de Ribeir\u00e3o Preto. Moradores de um condom\u00ednio pr\u00f3ximo ao local enviaram v\u00eddeos que mostram a fuma\u00e7a preta no\u2026","rel":"","context":"In &quot;Not\u00edcias de Ribeir\u00e3o Preto-SP e Regi\u00e3o&quot;","block_context":{"text":"Not\u00edcias de Ribeir\u00e3o Preto-SP e Regi\u00e3o","link":"https:\/\/noticiasribeiraopreto.com.br\/index.php\/category\/noticias-de-ribeirao-preto-sp-e-regiao-ismael-colosi\/"},"img":{"alt_text":"","src":"https:\/\/i0.wp.com\/noticiasribeiraopreto.com.br\/wp-content\/uploads\/2024\/08\/Copia-de-Copia-de-TAMANHO-EXATO-PARA-FOTOS-NO-SISTEMA-NOVO-22_2024-08-02_18-47-08_jpg_2024-08-02_18-47-08.webp.webp?fit=1200%2C675&ssl=1&resize=350%2C200","width":350,"height":200,"srcset":"https:\/\/i0.wp.com\/noticiasribeiraopreto.com.br\/wp-content\/uploads\/2024\/08\/Copia-de-Copia-de-TAMANHO-EXATO-PARA-FOTOS-NO-SISTEMA-NOVO-22_2024-08-02_18-47-08_jpg_2024-08-02_18-47-08.webp.webp?fit=1200%2C675&ssl=1&resize=350%2C200 1x, https:\/\/i0.wp.com\/noticiasribeiraopreto.com.br\/wp-content\/uploads\/2024\/08\/Copia-de-Copia-de-TAMANHO-EXATO-PARA-FOTOS-NO-SISTEMA-NOVO-22_2024-08-02_18-47-08_jpg_2024-08-02_18-47-08.webp.webp?fit=1200%2C675&ssl=1&resize=525%2C300 1.5x, https:\/\/i0.wp.com\/noticiasribeiraopreto.com.br\/wp-content\/uploads\/2024\/08\/Copia-de-Copia-de-TAMANHO-EXATO-PARA-FOTOS-NO-SISTEMA-NOVO-22_2024-08-02_18-47-08_jpg_2024-08-02_18-47-08.webp.webp?fit=1200%2C675&ssl=1&resize=700%2C400 2x, https:\/\/i0.wp.com\/noticiasribeiraopreto.com.br\/wp-content\/uploads\/2024\/08\/Copia-de-Copia-de-TAMANHO-EXATO-PARA-FOTOS-NO-SISTEMA-NOVO-22_2024-08-02_18-47-08_jpg_2024-08-02_18-47-08.webp.webp?fit=1200%2C675&ssl=1&resize=1050%2C600 3x"},"classes":[]},{"id":69064,"url":"https:\/\/noticiasribeiraopreto.com.br\/index.php\/2025\/05\/01\/jornal-da-franca-filho-surpreende-a-mae-e-lhe-da-um-buque-com-r-10-mil-em-notas-enroladas-como-rosas\/","url_meta":{"origin":21114,"position":4},"title":"Jornal da Franca &#8211; Filho surpreende a m\u00e3e e lhe d\u00e1 um buqu\u00ea com R$ 10 mil em notas enroladas como rosas","author":"noticiasribeiraopreto.com.br","date":"1 de May de 2025","format":false,"excerpt":"compartilhar no whatsapp compartilhar no telegram compartilhar no facebook compartilhar no linkedin Na internet, o v\u00eddeo viralizou e deixou seguidores emocionados. \u201cTodas as m\u00e3es deveriam receber um buqu\u00ea desse!\u201d, disse um. Essa m\u00e3e disse que n\u00e3o gostava de flores, mas mudou de ideia assim que o filho a surpreendeu com\u2026","rel":"","context":"In &quot;Not\u00edcias de Franca-SP&quot;","block_context":{"text":"Not\u00edcias de Franca-SP","link":"https:\/\/noticiasribeiraopreto.com.br\/index.php\/category\/noticias-de-ribeirao-preto-sp-e-regiao-ismael-colosi\/noticias-franca-sp\/"},"img":{"alt_text":"","src":"https:\/\/i0.wp.com\/noticiasribeiraopreto.com.br\/wp-content\/uploads\/2025\/05\/essa-11.jpg?fit=1170%2C795&ssl=1&resize=350%2C200","width":350,"height":200,"srcset":"https:\/\/i0.wp.com\/noticiasribeiraopreto.com.br\/wp-content\/uploads\/2025\/05\/essa-11.jpg?fit=1170%2C795&ssl=1&resize=350%2C200 1x, https:\/\/i0.wp.com\/noticiasribeiraopreto.com.br\/wp-content\/uploads\/2025\/05\/essa-11.jpg?fit=1170%2C795&ssl=1&resize=525%2C300 1.5x, https:\/\/i0.wp.com\/noticiasribeiraopreto.com.br\/wp-content\/uploads\/2025\/05\/essa-11.jpg?fit=1170%2C795&ssl=1&resize=700%2C400 2x, https:\/\/i0.wp.com\/noticiasribeiraopreto.com.br\/wp-content\/uploads\/2025\/05\/essa-11.jpg?fit=1170%2C795&ssl=1&resize=1050%2C600 3x"},"classes":[]},{"id":83194,"url":"https:\/\/noticiasribeiraopreto.com.br\/index.php\/2026\/03\/12\/carro-derruba-poste-em-avenida-na-zona-sul-de-ribeirao-preto-video\/","url_meta":{"origin":21114,"position":5},"title":"Carro derruba poste em avenida na zona Sul de Ribeir\u00e3o Preto; V\u00eddeo","author":"noticiasribeiraopreto.com.br","date":"12 de March de 2026","format":false,"excerpt":"Um carro bateu contra um poste na noite desta quarta-feira (11) e derrubou a estrutura sobre a pista na avenida Her\u00e1clito Fontoura Sobral Pinto, em Bonfim Paulista, distrito na zona Sul de Ribeir\u00e3o Preto. O poste ficou atravessado na via, bloqueando a passagem de ve\u00edculos. O tr\u00e2nsito, contudo, j\u00e1 est\u00e1\u2026","rel":"","context":"In &quot;Not\u00edcias de Ribeir\u00e3o Preto-SP e Regi\u00e3o&quot;","block_context":{"text":"Not\u00edcias de Ribeir\u00e3o Preto-SP e Regi\u00e3o","link":"https:\/\/noticiasribeiraopreto.com.br\/index.php\/category\/noticias-de-ribeirao-preto-sp-e-regiao-ismael-colosi\/"},"img":{"alt_text":"","src":"https:\/\/i0.wp.com\/noticiasribeiraopreto.com.br\/wp-content\/uploads\/2026\/03\/carro-e-poste_2026-03-12_10-29-01.webp.webp?fit=1200%2C900&ssl=1&resize=350%2C200","width":350,"height":200,"srcset":"https:\/\/i0.wp.com\/noticiasribeiraopreto.com.br\/wp-content\/uploads\/2026\/03\/carro-e-poste_2026-03-12_10-29-01.webp.webp?fit=1200%2C900&ssl=1&resize=350%2C200 1x, https:\/\/i0.wp.com\/noticiasribeiraopreto.com.br\/wp-content\/uploads\/2026\/03\/carro-e-poste_2026-03-12_10-29-01.webp.webp?fit=1200%2C900&ssl=1&resize=525%2C300 1.5x, https:\/\/i0.wp.com\/noticiasribeiraopreto.com.br\/wp-content\/uploads\/2026\/03\/carro-e-poste_2026-03-12_10-29-01.webp.webp?fit=1200%2C900&ssl=1&resize=700%2C400 2x, https:\/\/i0.wp.com\/noticiasribeiraopreto.com.br\/wp-content\/uploads\/2026\/03\/carro-e-poste_2026-03-12_10-29-01.webp.webp?fit=1200%2C900&ssl=1&resize=1050%2C600 3x"},"classes":[]}],"jetpack_sharing_enabled":true,"jetpack_shortlink":"https:\/\/wp.me\/peQAOb-5uy","_links":{"self":[{"href":"https:\/\/noticiasribeiraopreto.com.br\/index.php\/wp-json\/wp\/v2\/posts\/21114","targetHints":{"allow":["GET"]}}],"collection":[{"href":"https:\/\/noticiasribeiraopreto.com.br\/index.php\/wp-json\/wp\/v2\/posts"}],"about":[{"href":"https:\/\/noticiasribeiraopreto.com.br\/index.php\/wp-json\/wp\/v2\/types\/post"}],"author":[{"embeddable":true,"href":"https:\/\/noticiasribeiraopreto.com.br\/index.php\/wp-json\/wp\/v2\/users\/1"}],"replies":[{"embeddable":true,"href":"https:\/\/noticiasribeiraopreto.com.br\/index.php\/wp-json\/wp\/v2\/comments?post=21114"}],"version-history":[{"count":0,"href":"https:\/\/noticiasribeiraopreto.com.br\/index.php\/wp-json\/wp\/v2\/posts\/21114\/revisions"}],"wp:featuredmedia":[{"embeddable":true,"href":"https:\/\/noticiasribeiraopreto.com.br\/index.php\/wp-json\/wp\/v2\/media\/21115"}],"wp:attachment":[{"href":"https:\/\/noticiasribeiraopreto.com.br\/index.php\/wp-json\/wp\/v2\/media?parent=21114"}],"wp:term":[{"taxonomy":"category","embeddable":true,"href":"https:\/\/noticiasribeiraopreto.com.br\/index.php\/wp-json\/wp\/v2\/categories?post=21114"},{"taxonomy":"post_tag","embeddable":true,"href":"https:\/\/noticiasribeiraopreto.com.br\/index.php\/wp-json\/wp\/v2\/tags?post=21114"}],"curies":[{"name":"wp","href":"https:\/\/api.w.org\/{rel}","templated":true}]}}