{"id":21116,"date":"2023-12-27T06:53:38","date_gmt":"2023-12-27T09:53:38","guid":{"rendered":"https:\/\/noticiasribeiraopreto.com.br\/index.php\/2023\/12\/27\/deep-wind-solicitacao-de-aprovacao-sueca-para-parque-eolico-offshore-com-70-turbinas-renews-noticias-de-energias-renovaveis\/"},"modified":"2023-12-27T06:53:38","modified_gmt":"2023-12-27T09:53:38","slug":"deep-wind-solicitacao-de-aprovacao-sueca-para-parque-eolico-offshore-com-70-turbinas-renews-noticias-de-energias-renovaveis","status":"publish","type":"post","link":"https:\/\/noticiasribeiraopreto.com.br\/index.php\/2023\/12\/27\/deep-wind-solicitacao-de-aprovacao-sueca-para-parque-eolico-offshore-com-70-turbinas-renews-noticias-de-energias-renovaveis\/","title":{"rendered":"Deep Wind: solicita\u00e7\u00e3o de aprova\u00e7\u00e3o sueca para parque e\u00f3lico offshore com 70 turbinas &#8211; reNews &#8211; Not\u00edcias de Energias Renov\u00e1veis"},"content":{"rendered":"<div class='code-block code-block-1' style='margin: 8px 0 8px auto; text-align: right; display: block; clear: both;'>\n<p><a href=\"https:\/\/wa.link\/vpicfd\"><img data-recalc-dims=\"1\" class=\"wp-image-4922\" style=\"aspect-ratio: 2.0253164556962027; width: 561px; height: auto;\" src=\"https:\/\/i0.wp.com\/ismaelcolosi.com.br\/wp-content\/uploads\/2023\/11\/grupo-de-empregos-whatsapp-e-facebook-ismael-colosi-vagas.jpg?ssl=1\" alt=\"\" \/><\/a><\/p>\n<!-- \/wp:image -->\n<\/div>\n<p> <br \/>\n<\/p>\n<div>\n<figure><picture><source srcset=\"https:\/\/clickpetroleoegas.com.br\/wp-content\/uploads\/2023\/12\/deep-wind-solicitacao-de-aprovacao-sueca-para-parque-eolico-offshore-com-70-turbinas-renews-noticias-de-energias-renovaveis.jpg.webp 770w, https:\/\/clickpetroleoegas.com.br\/wp-content\/uploads\/2023\/12\/deep-wind-solicitacao-de-aprovacao-sueca-para-parque-eolico-offshore-com-70-turbinas-renews-noticias-de-energias-renovaveis-768x439.jpg.webp 768w, https:\/\/clickpetroleoegas.com.br\/wp-content\/uploads\/2023\/12\/deep-wind-solicitacao-de-aprovacao-sueca-para-parque-eolico-offshore-com-70-turbinas-renews-noticias-de-energias-renovaveis-360x205.jpg.webp 360w, https:\/\/clickpetroleoegas.com.br\/wp-content\/uploads\/2023\/12\/deep-wind-solicitacao-de-aprovacao-sueca-para-parque-eolico-offshore-com-70-turbinas-renews-noticias-de-energias-renovaveis-150x86.jpg.webp 150w\" sizes=\"(max-width: 770px) 100vw, 770px\" type=\"image\/webp\"><img data-recalc-dims=\"1\" loading=\"lazy\" width=\"770\" height=\"440\" src=\"https:\/\/i0.wp.com\/clickpetroleoegas.com.br\/wp-content\/uploads\/2023\/12\/deep-wind-solicitacao-de-aprovacao-sueca-para-parque-eolico-offshore-com-70-turbinas-renews-noticias-de-energias-renovaveis.jpg?resize=770%2C440&#038;ssl=1\" class=\"fdnw-post-thumbnail fdnw-first-card-thumbnail wp-post-image\" alt=\"projeto de energia renov\u00e1vel, desenvolvedor de energia e\u00f3lica\" decoding=\"async\" srcset=\"https:\/\/clickpetroleoegas.com.br\/wp-content\/uploads\/2023\/12\/deep-wind-solicitacao-de-aprovacao-sueca-para-parque-eolico-offshore-com-70-turbinas-renews-noticias-de-energias-renovaveis.jpg 770w, https:\/\/clickpetroleoegas.com.br\/wp-content\/uploads\/2023\/12\/deep-wind-solicitacao-de-aprovacao-sueca-para-parque-eolico-offshore-com-70-turbinas-renews-noticias-de-energias-renovaveis-768x439.jpg 768w, https:\/\/clickpetroleoegas.com.br\/wp-content\/uploads\/2023\/12\/deep-wind-solicitacao-de-aprovacao-sueca-para-parque-eolico-offshore-com-70-turbinas-renews-noticias-de-energias-renovaveis-360x205.jpg 360w, https:\/\/clickpetroleoegas.com.br\/wp-content\/uploads\/2023\/12\/deep-wind-solicitacao-de-aprovacao-sueca-para-parque-eolico-offshore-com-70-turbinas-renews-noticias-de-energias-renovaveis-150x86.jpg 150w\" sizes=\"auto, (max-width: 770px) 100vw, 770px\" data-eio=\"p\"\/><\/source><\/picture><figcaption class=\"fdnw-image-caption\">Deep Wind busca aprova\u00e7\u00e3o sueca para parque e\u00f3lico offshore com 70 turbinas \u2013 FOTO: \u00a92023 Re News.Biz<\/figcaption><\/figure>\n<p>A Deep Wind Offshore submeteu recentemente uma solicita\u00e7\u00e3o de licen\u00e7a para o parque e\u00f3lico offshore Olof Sk\u00f6tkonung, equipado com 70 turbinas, situado no sul da Su\u00e9cia. O projeto est\u00e1 localizado no Golfo de B\u00f3tnia, ao nordeste dos condados de G\u00e4vleborg e Uppsala. Estima-se que Olof Sk\u00f6tkonung seja capaz de gerar cerca de 7,5 TWh de eletricidade por ano, o que equivale a grande parte do consumo de eletricidade da regi\u00e3o de G\u00e4vleborg e do <a href=\"https:\/\/clickpetroleoegas.com.br\/petrobras-obtem-licenca-para-operar-fpso-anita-garibaldi-no-campo-de-marlim-localizado-na-bacia-de-campos-no-rio-de-janeiro\/\">condado de Uppsala.<\/a><\/p>\n<p>A produ\u00e7\u00e3o de eletricidade do parque e\u00f3lico tamb\u00e9m pode ajudar os grandes emissores na \u00e1rea circundante a se adaptarem, afirmou o desenvolvedor de energia e\u00f3lica. No total, estima-se que o parque reduza as emiss\u00f5es de carbono em 3,2 milh\u00f5es de toneladas, cobrindo as emiss\u00f5es provenientes da ind\u00fastria, dos res\u00edduos e da produ\u00e7\u00e3o de energia na \u00e1rea. A Deep Wind Offshore afirmou que v\u00ea um grande potencial para energia e\u00f3lica offshore na Su\u00e9cia. \u2018Nos \u00faltimos dois anos temos trabalhado em duas \u00e1reas e a apresenta\u00e7\u00e3o da candidatura \u00e9 realmente um marco para a empresa\u2019, disse o executivo-chefe Knut Vassbotn (foto).<\/p>\n<p> <span class=\"fdnw-card-article-related\"> <span class=\"h4 fdnw-card-article-related-title\">Artigos recomendados<\/span> <\/span> <\/p>\n<h2 class=\"wp-block-heading\" id=\"h-projeto-deep-wind-parque-eolico-offshore-no-golfo-de-botnia\">Projeto Deep Wind: Parque E\u00f3lico Offshore no Golfo de B\u00f3tnia<\/h2>\n<p>Deep Wind \u00e9 um ambicioso projeto de energia renov\u00e1vel que est\u00e1 sendo desenvolvido por um renomado desenvolvedor de <a href=\"https:\/\/clickpetroleoegas.com.br\/encomenda-de-bolsas-vestas-impulsiona-projeto-de-energia-eolica-em-hollandse-kust-west-renews-noticias-de-energias-renovaveis\/\" target=\"_blank\" rel=\"noopener\">energia e\u00f3lica<\/a>. Com uma <a href=\"https:\/\/clickpetroleoegas.com.br\/petrobras-obtem-licenca-para-operar-fpso-anita-garibaldi-no-campo-de-marlim-localizado-na-bacia-de-campos-no-rio-de-janeiro\/\" target=\"_blank\" rel=\"noopener\">licen\u00e7a para<\/a> construir um <a href=\"https:\/\/pt.wikipedia.org\/wiki\/Economia_da_Argentina\" target=\"_blank\" rel=\"noopener nofollow\" class=\"external\">parque e\u00f3lico offshore<\/a> no Golfo de B\u00f3tnia, a empresa est\u00e1 comprometida em <a href=\"https:\/\/clickpetroleoegas.com.br\/japao-supera-seus-proprios-limites-e-esta-tentando-produzir-eletricidade-a-partir-da-neve\/\" target=\"_blank\" rel=\"noopener\">produzir eletricidade<\/a> limpa e reduzir as <a href=\"https:\/\/clickpetroleoegas.com.br\/a-renault-abre-empresa-com-volvo-para-criar-uma-nova-geracao-de-vans-eletricas-voltada-para-uma-logistica-mais-eficiente-e-com-baixas-emissoes-de-carbono\/\" target=\"_blank\" rel=\"noopener\">emiss\u00f5es de carbono<\/a> na regi\u00e3o.<\/p>\n<p>O parque e\u00f3lico Deep Wind tem como objetivo aproveitar os fortes ventos do Golfo de B\u00f3tnia para gerar energia sustent\u00e1vel. Com a capacidade de produzir eletricidade suficiente para abastecer milhares de resid\u00eancias, o projeto \u00e9 uma importante contribui\u00e7\u00e3o para a expans\u00e3o da energia e\u00f3lica na regi\u00e3o.<\/p>\n<p>A energia e\u00f3lica \u00e9 uma fonte essencial na transi\u00e7\u00e3o para um futuro mais sustent\u00e1vel. Com o parque e\u00f3lico Deep Wind, a empresa est\u00e1 investindo em solu\u00e7\u00f5es inovadoras para reduzir a depend\u00eancia de combust\u00edveis f\u00f3sseis e promover a ado\u00e7\u00e3o de fontes de energia limpa.<\/p>\n<p>O desenvolvedor de energia e\u00f3lica por tr\u00e1s do projeto Deep Wind est\u00e1 comprometido em impulsionar o desenvolvimento sustent\u00e1vel. Al\u00e9m de fornecer energia renov\u00e1vel, o parque e\u00f3lico offshore contribuir\u00e1 para a cria\u00e7\u00e3o de empregos na regi\u00e3o e para o crescimento econ\u00f4mico local.<\/p>\n<p>A constru\u00e7\u00e3o do parque e\u00f3lico Deep Wind representa um marco significativo no avan\u00e7o da energia e\u00f3lica no Golfo de B\u00f3tnia. Com investimentos substanciais, o projeto demonstra o compromisso da empresa em impulsionar a inova\u00e7\u00e3o e a sustentabilidade na produ\u00e7\u00e3o de energia.<\/p>\n<p>Em resumo, o projeto Deep Wind n\u00e3o apenas visa promover a energia e\u00f3lica, mas tamb\u00e9m fortalecer a infraestrutura energ\u00e9tica da regi\u00e3o. Com um foco inabal\u00e1vel na sustentabilidade, o parque e\u00f3lico offshore \u00e9 uma pe\u00e7a fundamental na transi\u00e7\u00e3o para um futuro energ\u00e9tico mais limpo e resiliente.<\/p>\n<p>Fonte: <b>\u00a9 Re News.Biz<\/b><\/p>\n<div class=\"code-block code-block-10\" style=\"margin: 8px auto; text-align: center; display: block; clear: both;\">\n<hr class=\"wp-block-separator has-alpha-channel-opacity is-style-wide\"\/>\n<p>Voc\u00ea quer receber apenas not\u00edcias e vagas de emprego do seu interesse? A solu\u00e7\u00e3o chegou atrav\u00e9s do app <a href=\"https:\/\/play.google.com\/store\/apps\/details?id=com.clickpetroleoapp&amp;hl=pt&amp;gl=US\" class=\"external\" rel=\"nofollow noopener\" target=\"_blank\"><strong>CPG VAGAS E NOT\u00cdCIAS!<\/strong><\/a> Se voc\u00ea \u00e9 pintor, vai receber no seu celular apenas oportunidades neste cargo. E ser\u00e1 assim com pedreiro, t\u00e9cnico, engenheiro e etc\u2026.. N\u00e3o perca nada do que acontece no mercado de trabalho e econ\u00f4mico do Brasil, baixe agora o app <a href=\"https:\/\/play.google.com\/store\/apps\/details?id=com.clickpetroleoapp&amp;hl=pt&amp;gl=US\" class=\"external\" rel=\"nofollow noopener\" target=\"_blank\">CPG VAGAS E NOT\u00cdCIAS, dispon\u00edvel para Android e IOS!<\/a><\/p>\n<figure class=\"wp-block-image aligncenter size-full\"><a href=\"https:\/\/play.google.com\/store\/apps\/details?id=com.clickpetroleoapp&amp;hl=pt&amp;gl=US\" target=\"_blank\" rel=\"noreferrer noopener nofollow\" class=\"external\"><img data-recalc-dims=\"1\" decoding=\"async\" width=\"1280\" height=\"387\" alt=\"APP CPG VAGAS E NOT\u00cdCIAS\" class=\"wp-image-105306 ewww_webp_lazy_load lazy\" src=\"https:\/\/i0.wp.com\/clickpetroleoegas.com.br\/wp-content\/uploads\/2023\/09\/Aplicativo-de-vagas-de-empregos-e-noticias-da-sua-regiao.jpg.webp?resize=1280%2C387&#038;ssl=1\" loading=\"lazy\"\/><noscript><img data-recalc-dims=\"1\" loading=\"lazy\" decoding=\"async\" width=\"1280\" height=\"387\" alt=\"APP CPG VAGAS E NOT\u00cdCIAS\" class=\"wp-image-105306 ewww_webp_lazy_load\" src=\"https:\/\/i0.wp.com\/clickpetroleoegas.com.br\/wp-content\/uploads\/2023\/09\/Aplicativo-de-vagas-de-empregos-e-noticias-da-sua-regiao.jpg.webp?resize=1280%2C387&#038;ssl=1\"\/><\/noscript><noscript><img data-recalc-dims=\"1\" loading=\"lazy\" decoding=\"async\" width=\"1280\" height=\"387\" src=\"https:\/\/i0.wp.com\/clickpetroleoegas.com.br\/wp-content\/uploads\/2023\/09\/Aplicativo-de-vagas-de-empregos-e-noticias-da-sua-regiao.jpg?resize=1280%2C387&#038;ssl=1\" alt=\"APP CPG VAGAS E NOT\u00cdCIAS\" class=\"wp-image-105306\"\/><\/noscript><\/a><\/figure>\n<\/p><\/div>\n<\/p><\/div>\n<p><script type=\"text\/plain\" data-service=\"facebook\" data-category=\"marketing\">\n!function(f,b,e,v,n,t,s)\n{if(f.fbq)return;n=f.fbq=function(){n.callMethod?\nn.callMethod.apply(n,arguments):n.queue.push(arguments)};\nif(!f._fbq)f._fbq=n;n.push=n;n.loaded=!0;n.version='2.0';\nn.queue=[];t=b.createElement(e);t.async=!0;\nt.src=v;s=b.getElementsByTagName(e)[0];\ns.parentNode.insertBefore(t,s)}(window, document,'script',\n'https:\/\/connect.facebook.net\/en_US\/fbevents.js');\nfbq('init', '5536651029690406');\nfbq('track', 'PageView');\n<\/script><script type=\"text\/plain\" data-service=\"facebook\" data-category=\"marketing\" async defer crossorigin=\"anonymous\" data-rocket-data-cmplz-src=\"https:\/\/connect.facebook.net\/en_US\/sdk.js#xfbml=1&#038;version=v12.0&amp;appId=1127332727839552&#038;autoLogAppEvents=1\">\n<\/script><br \/>\n<br \/><br \/>\n<br \/><a href=\"https:\/\/ismaelcolosi.com.br\/deep-wind-solicitacao-de-aprovacao-sueca-para-parque-eolico-offshore-com-70-turbinas-renews-noticias-de-energias-renovaveis\/\">Source link <\/a><\/p>\n<!-- CONTENT END 1 -->\n","protected":false},"excerpt":{"rendered":"<p>Deep Wind busca aprova\u00e7\u00e3o sueca para parque e\u00f3lico offshore com 70 turbinas \u2013 FOTO: \u00a92023 Re News.Biz A Deep Wind Offshore submeteu recentemente uma solicita\u00e7\u00e3o&#8230;<\/p>\n","protected":false},"author":1,"featured_media":21117,"comment_status":"open","ping_status":"open","sticky":false,"template":"","format":"standard","meta":{"advanced_seo_description":"","jetpack_seo_html_title":"","jetpack_seo_noindex":false,"jetpack_post_was_ever_published":false,"_jetpack_newsletter_access":"","_jetpack_dont_email_post_to_subs":false,"_jetpack_newsletter_tier_id":0,"_jetpack_memberships_contains_paywalled_content":false,"_jetpack_memberships_contains_paid_content":false,"footnotes":"","jetpack_publicize_message":"","jetpack_publicize_feature_enabled":true,"jetpack_social_post_already_shared":true,"jetpack_social_options":{"image_generator_settings":{"template":"highway","default_image_id":0,"font":"","enabled":false},"version":2}},"categories":[7],"tags":[],"class_list":["post-21116","post","type-post","status-publish","format-standard","has-post-thumbnail","hentry","category-vagas-de-empregos-em-ribeirao-preto-regiao-brasil"],"jetpack_publicize_connections":[],"jetpack_featured_media_url":"https:\/\/i0.wp.com\/noticiasribeiraopreto.com.br\/wp-content\/uploads\/2023\/12\/deep-wind-solicitacao-de-aprovacao-sueca-para-parque-eolico-offshore-com-70-turbinas-renews-noticias-de-energias-renovaveis.jpg?fit=770%2C440&ssl=1","jetpack-related-posts":[{"id":17543,"url":"https:\/\/noticiasribeiraopreto.com.br\/index.php\/2023\/12\/18\/pats-da-regiao-de-ribeirao-estao-com-diversas-vagas-disponiveis-veja-as-oportunidades\/","url_meta":{"origin":21116,"position":0},"title":"PATs da regi\u00e3o de Ribeir\u00e3o est\u00e3o com diversas vagas dispon\u00edveis; Veja as oportunidades","author":"noticiasribeiraopreto.com.br","date":"18 de December de 2023","format":false,"excerpt":"A Secretaria de Desenvolvimento Econ\u00f4mico do Estado de S\u00e3o Paulo informou, nesta segunda-feira-feira (18), que os Postos de Atendimento ao Trabalhador (PATs) est\u00e3o com 281 oportunidades de trabalho na regi\u00e3o de Ribeir\u00e3o Preto. Os interessados em concorrer alguma das vagas devem comparecer ao PAT das cidades com oportunidades, munidos com\u2026","rel":"","context":"In &quot;Not\u00edcias de Ribeir\u00e3o Preto-SP e Regi\u00e3o&quot;","block_context":{"text":"Not\u00edcias de Ribeir\u00e3o Preto-SP e Regi\u00e3o","link":"https:\/\/noticiasribeiraopreto.com.br\/index.php\/category\/noticias-de-ribeirao-preto-sp-e-regiao-ismael-colosi\/"},"img":{"alt_text":"","src":"https:\/\/i0.wp.com\/noticiasribeiraopreto.com.br\/wp-content\/uploads\/2023\/12\/vagas_pat_-_foto_guilherme_sircili_1-1068x711-1.jpg?fit=1068%2C711&ssl=1&resize=350%2C200","width":350,"height":200,"srcset":"https:\/\/i0.wp.com\/noticiasribeiraopreto.com.br\/wp-content\/uploads\/2023\/12\/vagas_pat_-_foto_guilherme_sircili_1-1068x711-1.jpg?fit=1068%2C711&ssl=1&resize=350%2C200 1x, https:\/\/i0.wp.com\/noticiasribeiraopreto.com.br\/wp-content\/uploads\/2023\/12\/vagas_pat_-_foto_guilherme_sircili_1-1068x711-1.jpg?fit=1068%2C711&ssl=1&resize=525%2C300 1.5x, https:\/\/i0.wp.com\/noticiasribeiraopreto.com.br\/wp-content\/uploads\/2023\/12\/vagas_pat_-_foto_guilherme_sircili_1-1068x711-1.jpg?fit=1068%2C711&ssl=1&resize=700%2C400 2x, https:\/\/i0.wp.com\/noticiasribeiraopreto.com.br\/wp-content\/uploads\/2023\/12\/vagas_pat_-_foto_guilherme_sircili_1-1068x711-1.jpg?fit=1068%2C711&ssl=1&resize=1050%2C600 3x"},"classes":[]},{"id":45319,"url":"https:\/\/noticiasribeiraopreto.com.br\/index.php\/2024\/04\/03\/a-procura-de-emprego-regiao-de-ribeirao-preto-esta-com-684-vagas-abertas-ribeirao-preto-e-franca-g1\/","url_meta":{"origin":21116,"position":1},"title":"\u00c0 procura de emprego? Regi\u00e3o de Ribeir\u00e3o Preto est\u00e1 com 684 vagas abertas | Ribeir\u00e3o Preto e Franca | G1","author":"noticiasribeiraopreto.com.br","date":"3 de April de 2024","format":false,"excerpt":"\u00c0 procura de emprego? Regi\u00e3o de Ribeir\u00e3o Preto est\u00e1 com 684 vagas abertas 1 de 1 Carteira de trabalho, em imagem de arquivo \u2014 Foto: Ag\u00eancia Bras\u00edlia Carteira de trabalho, em imagem de arquivo \u2014 Foto: Ag\u00eancia Bras\u00edlia Dez cidades das regi\u00f5es de Ribeir\u00e3o Preto (SP) e Franca (SP) est\u00e3o\u2026","rel":"","context":"In &quot;Vagas de Emprego em Ribeir\u00e3o Preto-SP&quot;","block_context":{"text":"Vagas de Emprego em Ribeir\u00e3o Preto-SP","link":"https:\/\/noticiasribeiraopreto.com.br\/index.php\/category\/empregos-classificados-vagas-trabalho\/vagas-de-empregos-em-ribeirao-preto-regiao-brasil\/"},"img":{"alt_text":"","src":"","width":0,"height":0},"classes":[]},{"id":24713,"url":"https:\/\/noticiasribeiraopreto.com.br\/index.php\/2024\/01\/04\/ribeirao-preto-e-regiao-tem-mais-de-400-vagas-de-emprego-veja-as-oportunidades-1\/","url_meta":{"origin":21116,"position":2},"title":"Ribeir\u00e3o Preto e regi\u00e3o\u00a0t\u00eam mais de 400 vagas de emprego; Veja as oportunidades","author":"noticiasribeiraopreto.com.br","date":"4 de January de 2024","format":false,"excerpt":"Os PATs (Postos de Atendimentos ao Trabalhador) da regi\u00e3o de Ribeir\u00e3o Preto est\u00e3o com mais de 400 vagas de emprego dispon\u00edveis nessa quinta-feira (4), de acordo com os dados da Secretaria de Desenvolvimento Econ\u00f4mico do Estado. As vagas s\u00e3o para diversos setores nas cidades de Barretos, Bebedouro, Ol\u00edmpia, Viradouro, Batatais,\u2026","rel":"","context":"In &quot;Not\u00edcias de Ribeir\u00e3o Preto-SP e Regi\u00e3o&quot;","block_context":{"text":"Not\u00edcias de Ribeir\u00e3o Preto-SP e Regi\u00e3o","link":"https:\/\/noticiasribeiraopreto.com.br\/index.php\/category\/noticias-de-ribeirao-preto-sp-e-regiao-ismael-colosi\/"},"img":{"alt_text":"","src":"https:\/\/i0.wp.com\/noticiasribeiraopreto.com.br\/wp-content\/uploads\/2024\/01\/vagas_de_500x320_07082018085735.jpg?fit=500%2C322&ssl=1&resize=350%2C200","width":350,"height":200},"classes":[]},{"id":28773,"url":"https:\/\/noticiasribeiraopreto.com.br\/index.php\/2024\/01\/16\/regiao-de-ribeirao-esta-com-mais-de-600-vagas-de-trabalho-vejas-as-oportunidades\/","url_meta":{"origin":21116,"position":3},"title":"Regi\u00e3o de Ribeir\u00e3o est\u00e1 com mais de 600 vagas de trabalho; Vejas as oportunidades","author":"noticiasribeiraopreto.com.br","date":"16 de January de 2024","format":false,"excerpt":"A regi\u00e3o de Ribeir\u00e3o Preto est\u00e1 com mais de 600 vagas de emprego, nesta ter\u00e7a-feira (16). As vagas est\u00e3o dispon\u00edveis nos PATs (Posto de Atendimento ao Trabalhador) das cidades, de acordo com a Secretaria de Desenvolvimento Econ\u00f4mico do Estado. As oportunidades est\u00e3o distribu\u00eddas em Barretos, Bebedouro, Gua\u00edra, Ol\u00edmpia, Batatais, Franca,\u2026","rel":"","context":"In &quot;Not\u00edcias de Ribeir\u00e3o Preto-SP e Regi\u00e3o&quot;","block_context":{"text":"Not\u00edcias de Ribeir\u00e3o Preto-SP e Regi\u00e3o","link":"https:\/\/noticiasribeiraopreto.com.br\/index.php\/category\/noticias-de-ribeirao-preto-sp-e-regiao-ismael-colosi\/"},"img":{"alt_text":"","src":"https:\/\/i0.wp.com\/noticiasribeiraopreto.com.br\/wp-content\/uploads\/2024\/01\/mutirao_do_emprego_caterp_pat_pei_-_foto_guilherme_sircili_6.jpg?fit=1200%2C799&ssl=1&resize=350%2C200","width":350,"height":200,"srcset":"https:\/\/i0.wp.com\/noticiasribeiraopreto.com.br\/wp-content\/uploads\/2024\/01\/mutirao_do_emprego_caterp_pat_pei_-_foto_guilherme_sircili_6.jpg?fit=1200%2C799&ssl=1&resize=350%2C200 1x, https:\/\/i0.wp.com\/noticiasribeiraopreto.com.br\/wp-content\/uploads\/2024\/01\/mutirao_do_emprego_caterp_pat_pei_-_foto_guilherme_sircili_6.jpg?fit=1200%2C799&ssl=1&resize=525%2C300 1.5x, https:\/\/i0.wp.com\/noticiasribeiraopreto.com.br\/wp-content\/uploads\/2024\/01\/mutirao_do_emprego_caterp_pat_pei_-_foto_guilherme_sircili_6.jpg?fit=1200%2C799&ssl=1&resize=700%2C400 2x, https:\/\/i0.wp.com\/noticiasribeiraopreto.com.br\/wp-content\/uploads\/2024\/01\/mutirao_do_emprego_caterp_pat_pei_-_foto_guilherme_sircili_6.jpg?fit=1200%2C799&ssl=1&resize=1050%2C600 3x"},"classes":[]},{"id":34007,"url":"https:\/\/noticiasribeiraopreto.com.br\/index.php\/2024\/01\/31\/ribeirao-e-regiao-tem-mais-de-mil-vagas-de-emprego-veja-as-oportunidades\/","url_meta":{"origin":21116,"position":4},"title":"Ribeir\u00e3o e regi\u00e3o t\u00eam mais de mil vagas de emprego; Veja as oportunidades","author":"noticiasribeiraopreto.com.br","date":"31 de January de 2024","format":false,"excerpt":"Os Postos de Atendimento ao Trabalhador (PATs) da regi\u00e3o de Ribeir\u00e3o Preto est\u00e3o com 1.279 vagas de emprego, de acordo com a Secretaria de Desenvolvimento Econ\u00f4mico do Estado de S\u00e3o Paulo. Entre as oportunidades est\u00e3o vagas para T\u00e9cnico de Enfermagem, Pizzaiolo, Administrador e Professor de Educa\u00e7\u00e3o F\u00edsica para o Ensino\u2026","rel":"","context":"In &quot;Not\u00edcias de Ribeir\u00e3o Preto-SP e Regi\u00e3o&quot;","block_context":{"text":"Not\u00edcias de Ribeir\u00e3o Preto-SP e Regi\u00e3o","link":"https:\/\/noticiasribeiraopreto.com.br\/index.php\/category\/noticias-de-ribeirao-preto-sp-e-regiao-ismael-colosi\/"},"img":{"alt_text":"","src":"https:\/\/i0.wp.com\/noticiasribeiraopreto.com.br\/wp-content\/uploads\/2024\/01\/carteira_de_1024x576_27092020203402.jpg?fit=1024%2C576&ssl=1&resize=350%2C200","width":350,"height":200,"srcset":"https:\/\/i0.wp.com\/noticiasribeiraopreto.com.br\/wp-content\/uploads\/2024\/01\/carteira_de_1024x576_27092020203402.jpg?fit=1024%2C576&ssl=1&resize=350%2C200 1x, https:\/\/i0.wp.com\/noticiasribeiraopreto.com.br\/wp-content\/uploads\/2024\/01\/carteira_de_1024x576_27092020203402.jpg?fit=1024%2C576&ssl=1&resize=525%2C300 1.5x, https:\/\/i0.wp.com\/noticiasribeiraopreto.com.br\/wp-content\/uploads\/2024\/01\/carteira_de_1024x576_27092020203402.jpg?fit=1024%2C576&ssl=1&resize=700%2C400 2x"},"classes":[]},{"id":44275,"url":"https:\/\/noticiasribeiraopreto.com.br\/index.php\/2024\/03\/26\/esta-buscando-uma-oportunidade-regiao-de-ribeirao-tem-mais-de-700-vagas-de-emprego\/","url_meta":{"origin":21116,"position":5},"title":"Est\u00e1 buscando uma oportunidade? Regi\u00e3o de Ribeir\u00e3o tem mais de 700 vagas de emprego","author":"noticiasribeiraopreto.com.br","date":"26 de March de 2024","format":false,"excerpt":"Os Postos de Atendimento ao Trabalhador (PATs) da regi\u00e3o de Ribeir\u00e3o Preto est\u00e3o com 729 oportunidades de emprego, de acordo com a Secretaria de Desenvolvimento Econ\u00f4mico do Estado de S\u00e3o Paulo. As vagas s\u00e3o para diversos setores nas cidades de Ribeir\u00e3o Preto, Barretos, Bebedouro, Gua\u00edra, Batatais, Franca, Ituverava, Orl\u00e2ndia, Jardin\u00f3polis,\u2026","rel":"","context":"In &quot;Not\u00edcias de Ribeir\u00e3o Preto-SP e Regi\u00e3o&quot;","block_context":{"text":"Not\u00edcias de Ribeir\u00e3o Preto-SP e Regi\u00e3o","link":"https:\/\/noticiasribeiraopreto.com.br\/index.php\/category\/noticias-de-ribeirao-preto-sp-e-regiao-ismael-colosi\/"},"img":{"alt_text":"","src":"https:\/\/i0.wp.com\/noticiasribeiraopreto.com.br\/wp-content\/uploads\/2024\/03\/vagas_pat_-_foto_guilherme_sircili_1-1068x711-1.jpg?fit=1068%2C711&ssl=1&resize=350%2C200","width":350,"height":200,"srcset":"https:\/\/i0.wp.com\/noticiasribeiraopreto.com.br\/wp-content\/uploads\/2024\/03\/vagas_pat_-_foto_guilherme_sircili_1-1068x711-1.jpg?fit=1068%2C711&ssl=1&resize=350%2C200 1x, https:\/\/i0.wp.com\/noticiasribeiraopreto.com.br\/wp-content\/uploads\/2024\/03\/vagas_pat_-_foto_guilherme_sircili_1-1068x711-1.jpg?fit=1068%2C711&ssl=1&resize=525%2C300 1.5x, https:\/\/i0.wp.com\/noticiasribeiraopreto.com.br\/wp-content\/uploads\/2024\/03\/vagas_pat_-_foto_guilherme_sircili_1-1068x711-1.jpg?fit=1068%2C711&ssl=1&resize=700%2C400 2x, https:\/\/i0.wp.com\/noticiasribeiraopreto.com.br\/wp-content\/uploads\/2024\/03\/vagas_pat_-_foto_guilherme_sircili_1-1068x711-1.jpg?fit=1068%2C711&ssl=1&resize=1050%2C600 3x"},"classes":[]}],"jetpack_sharing_enabled":true,"jetpack_shortlink":"https:\/\/wp.me\/peQAOb-5uA","_links":{"self":[{"href":"https:\/\/noticiasribeiraopreto.com.br\/index.php\/wp-json\/wp\/v2\/posts\/21116","targetHints":{"allow":["GET"]}}],"collection":[{"href":"https:\/\/noticiasribeiraopreto.com.br\/index.php\/wp-json\/wp\/v2\/posts"}],"about":[{"href":"https:\/\/noticiasribeiraopreto.com.br\/index.php\/wp-json\/wp\/v2\/types\/post"}],"author":[{"embeddable":true,"href":"https:\/\/noticiasribeiraopreto.com.br\/index.php\/wp-json\/wp\/v2\/users\/1"}],"replies":[{"embeddable":true,"href":"https:\/\/noticiasribeiraopreto.com.br\/index.php\/wp-json\/wp\/v2\/comments?post=21116"}],"version-history":[{"count":0,"href":"https:\/\/noticiasribeiraopreto.com.br\/index.php\/wp-json\/wp\/v2\/posts\/21116\/revisions"}],"wp:featuredmedia":[{"embeddable":true,"href":"https:\/\/noticiasribeiraopreto.com.br\/index.php\/wp-json\/wp\/v2\/media\/21117"}],"wp:attachment":[{"href":"https:\/\/noticiasribeiraopreto.com.br\/index.php\/wp-json\/wp\/v2\/media?parent=21116"}],"wp:term":[{"taxonomy":"category","embeddable":true,"href":"https:\/\/noticiasribeiraopreto.com.br\/index.php\/wp-json\/wp\/v2\/categories?post=21116"},{"taxonomy":"post_tag","embeddable":true,"href":"https:\/\/noticiasribeiraopreto.com.br\/index.php\/wp-json\/wp\/v2\/tags?post=21116"}],"curies":[{"name":"wp","href":"https:\/\/api.w.org\/{rel}","templated":true}]}}