{"id":21118,"date":"2023-12-27T06:59:06","date_gmt":"2023-12-27T09:59:06","guid":{"rendered":"https:\/\/noticiasribeiraopreto.com.br\/index.php\/2023\/12\/27\/ceo-da-novo-nordisk-do-ozempic-lidera-crescimento\/"},"modified":"2023-12-27T06:59:06","modified_gmt":"2023-12-27T09:59:06","slug":"ceo-da-novo-nordisk-do-ozempic-lidera-crescimento","status":"publish","type":"post","link":"https:\/\/noticiasribeiraopreto.com.br\/index.php\/2023\/12\/27\/ceo-da-novo-nordisk-do-ozempic-lidera-crescimento\/","title":{"rendered":"CEO da Novo Nordisk, do Ozempic, lidera crescimento"},"content":{"rendered":"<div class='code-block code-block-1' style='margin: 8px 0 8px auto; text-align: right; display: block; clear: both;'>\n<p><a href=\"https:\/\/wa.link\/vpicfd\"><img data-recalc-dims=\"1\" class=\"wp-image-4922\" style=\"aspect-ratio: 2.0253164556962027; width: 561px; height: auto;\" src=\"https:\/\/i0.wp.com\/ismaelcolosi.com.br\/wp-content\/uploads\/2023\/11\/grupo-de-empregos-whatsapp-e-facebook-ismael-colosi-vagas.jpg?ssl=1\" alt=\"\" \/><\/a><\/p>\n<!-- \/wp:image -->\n<\/div>\n<p> <br \/>\n<\/p>\n<div>\n<div id=\"attachment_587299\" class=\"wp-caption alignnone style=\" max-width:=\"\"><img data-recalc-dims=\"1\" fetchpriority=\"high\" decoding=\"async\" class=\"alignnone wp-image-587299 size-full\" src=\"https:\/\/i0.wp.com\/forbes.com.br\/wp-content\/uploads\/2023\/12\/mulher-isabella-wanderley-novo-nordisk-768x512.jpg?resize=678%2C452&#038;ssl=1\" http:=\"\" alt=\"Isabella Wanderley, CEO da Novo Nordisk, do Ozempic\" width=\"678\" height=\"452\" data-lazy-src=\"https:\/\/forbes.com.br\/wp-content\/uploads\/2023\/12\/mulher-isabella-wanderley-novo-nordisk-768x512.jpg\"\/><noscript><img data-recalc-dims=\"1\" fetchpriority=\"high\" decoding=\"async\" class=\"alignnone wp-image-587299 size-full\" src=\"https:\/\/i0.wp.com\/forbes.com.br\/wp-content\/uploads\/2023\/12\/mulher-isabella-wanderley-novo-nordisk-768x512.jpg?resize=678%2C452&#038;ssl=1\" alt=\"Isabella Wanderley, CEO da Novo Nordisk, do Ozempic\" width=\"678\" height=\"452\"\/><\/noscript><\/p>\n<p>Victor Affaro<\/p>\n<p class=\"wp-caption-text\">Isabella Wanderley, CEO da Novo Nordisk, traz na sua gest\u00e3o a experi\u00eancia em gigantes de bens de consumo<\/p>\n<\/div>\n<p>Vinda de uma fam\u00edlia de m\u00e9dicos e nascida em Niter\u00f3i (RJ), <strong>Isabella Wanderley<\/strong> nunca foi incentivada pelo pai a seguir carreira em medicina. Formou-se em economia e transitou em grandes empresas por mais de tr\u00eas d\u00e9cadas \u2013 <strong>Botic\u00e1rio, L\u2019Or\u00e9al e Ambev<\/strong> entre elas. Mas o conhecimento da profiss\u00e3o que adquiriu em casa hoje lhe serve, pois tem m\u00e9dicos como p\u00fablico.<\/p>\n<ul>\n<li>\n<h3>Siga o canal da <a href=\"https:\/\/whatsapp.com\/channel\/0029Va9gQKwBFLgM96cJnu0u\" target=\"_blank\" rel=\"noopener\">Forbes<\/a> e de <a href=\"https:\/\/whatsapp.com\/channel\/0029VaAZk57JuyA9F4UwQc2I\" target=\"_blank\" rel=\"noopener\">Forbes Money<\/a> no WhatsApp e receba as principais not\u00edcias sobre neg\u00f3cios, carreira, tecnologia e estilo de vida<\/h3>\n<\/li>\n<\/ul>\n<p>H\u00e1 dois anos, a executiva tornou-se country manager da farmac\u00eautica dinamarquesa<strong> Novo Nordisk<\/strong>, que, em setembro, impulsionada pelas vendas do medicamento Ozempic, passou a ser a empresa mais valiosa da Europa, superando a LVMH e chegando a US$ 431 bilh\u00f5es.<\/p>\n<p>No ano em que Isabella come\u00e7ou na empresa, 2021, a Novo Nordisk faturou R$ 2,4 bilh\u00f5es (contra os R$ 2 bilh\u00f5es de 2020). Em 2022, foram R$ 3,7 bilh\u00f5es (s\u00f3 no mercado privado, j\u00e1 que a companhia n\u00e3o divulga as vendas para o governo). E esse n\u00famero deve ser muito maior no fim de 2023, depois que o injet\u00e1vel recomendado para diabetes passou a ser usado para emagrecimento e esgotou em muitas farm\u00e1cias brasileiras.<\/p>\n<p>Foi justamente esse plot twist que exigiu da CEO todo o conhecimento de comunica\u00e7\u00e3o que acumulou ao longo da vida, principalmente no mercado de beleza. \u201cComo venho de fora, da ind\u00fastria do consumo, trago provoca\u00e7\u00f5es sobre a maneira como enxergamos o cliente, claro que com os limites dessa \u00e1rea\u201d, diz.<\/p>\n<p><strong>O Brasil est\u00e1 entre os cinco maiores mercados consumidores<\/strong> da empresa no mundo. Os m\u00e9dicos, obviamente, est\u00e3o nesse guarda-chuva de clientela, e foi para eles que Isabella dedicou boa parte de seus esfor\u00e7os durante o isolamento da pandemia, quando promoveu a transforma\u00e7\u00e3o digital da farmac\u00eautica. \u201cPrecis\u00e1vamos encontrar uma nova forma de nos comunicar. N\u00e3o havia como mandar um representante ao consult\u00f3rio\u201d, recorda. A mudan\u00e7a veio baseada em muito do que aprendeu na vice-presid\u00eancia de novos canais do Grupo Botic\u00e1rio, seu cargo anterior. \u201cAmpliamos a rela\u00e7\u00e3o ao criar uma academia m\u00e9dica com o que h\u00e1 de mais recente: estudos, congressos, not\u00edcias. \u00c9 um jeito de ser relevante.\u201d<\/p>\n<p><strong>Leia tamb\u00e9m:<\/strong><\/p>\n<p>O trabalho de Isabella vai al\u00e9m da jornada no escrit\u00f3rio da Novo Nordisk. A executiva vem ganhando espa\u00e7o como uma for\u00e7a feminina em seu mercado e faz parte de importantes grupos de lideran\u00e7as femininas, como o <strong>LeaderShe<\/strong>, que re\u00fane mulheres CEOs da ind\u00fastria farmac\u00eautica em nome da diversidade. \u201cQuando cheguei, eu via esse mercado como um lugar de homens brancos de 60 anos. Achei que seria saud\u00e1vel trabalhar nessa mudan\u00e7a\u201d, conta. Hoje, as profissionais est\u00e3o crescendo em diversos n\u00edveis, mas fica mais dif\u00edcil no topo. \u201cO tal telhado de vidro existe, e queremos ajudar a abrir esse espa\u00e7o.\u201d<\/p>\n<h3 id=\"lista-melhores-CEOs-2023\">Veja quem s\u00e3o os melhores CEOs do Brasil em 2023:<\/h3>\n<div class=\"pksGallery\">\n<div class=\"stage\">\n<span class=\"back\"\/><br \/>\n<span class=\"next\"\/><\/p>\n<ul>\n<li>\n<div>\n<span><br \/>\n<img data-recalc-dims=\"1\" height=\"480\" width=\"800\" decoding=\"async\" src=\"https:\/\/i0.wp.com\/forbes.com.br\/wp-content\/uploads\/2023\/09\/lista-forbes-melhores-CEOs-Alberto-Griselli-10-800x480.jpg?resize=800%2C480&#038;ssl=1\" http:=\"\" data-lazy-src=\"https:\/\/forbes.com.br\/wp-content\/uploads\/2023\/09\/lista-forbes-melhores-CEOs-Alberto-Griselli-10-800x480.jpg\"\/><noscript><img data-recalc-dims=\"1\" height=\"480\" width=\"800\" decoding=\"async\" src=\"https:\/\/i0.wp.com\/forbes.com.br\/wp-content\/uploads\/2023\/09\/lista-forbes-melhores-CEOs-Alberto-Griselli-10-800x480.jpg?resize=800%2C480&#038;ssl=1\"\/><\/noscript><\/p>\n<article>\n<span class=\"credito\">KEINY ANDRADE\/DIVULGA\u00c7\u00c3O<\/span><\/p>\n<p>Alberto Griselli, CEO da Tim Brasil<\/p>\n<\/article>\n<p><\/span>\n<\/div>\n<\/li>\n<li>\n<div>\n<span><br \/>\n<img data-recalc-dims=\"1\" height=\"480\" width=\"800\" decoding=\"async\" src=\"https:\/\/i0.wp.com\/forbes.com.br\/wp-content\/uploads\/2023\/09\/lista-forbes-melhores-CEOs-Bruno-Ferrari-9-800x480.jpg?resize=800%2C480&#038;ssl=1\" http:=\"\" data-lazy-src=\"https:\/\/forbes.com.br\/wp-content\/uploads\/2023\/09\/lista-forbes-melhores-CEOs-Bruno-Ferrari-9-800x480.jpg\"\/><noscript><img data-recalc-dims=\"1\" height=\"480\" width=\"800\" decoding=\"async\" src=\"https:\/\/i0.wp.com\/forbes.com.br\/wp-content\/uploads\/2023\/09\/lista-forbes-melhores-CEOs-Bruno-Ferrari-9-800x480.jpg?resize=800%2C480&#038;ssl=1\"\/><\/noscript><\/p>\n<article>\n<span class=\"credito\">CL\u00c1UDIO GATTI\/DIVULGA\u00c7\u00c3O<\/span><\/p>\n<p>Bruno Ferrari, CEO da Oncocl\u00ednicas<\/p>\n<\/article>\n<p><\/span>\n<\/div>\n<\/li>\n<li>\n<div>\n<span><br \/>\n<img data-recalc-dims=\"1\" height=\"480\" width=\"800\" decoding=\"async\" src=\"https:\/\/i0.wp.com\/forbes.com.br\/wp-content\/uploads\/2023\/09\/lista-forbes-melhores-CEOs-Carla-Fonseca-5-800x480.jpg?resize=800%2C480&#038;ssl=1\" http:=\"\" data-lazy-src=\"https:\/\/forbes.com.br\/wp-content\/uploads\/2023\/09\/lista-forbes-melhores-CEOs-Carla-Fonseca-5-800x480.jpg\"\/><noscript><img data-recalc-dims=\"1\" height=\"480\" width=\"800\" decoding=\"async\" src=\"https:\/\/i0.wp.com\/forbes.com.br\/wp-content\/uploads\/2023\/09\/lista-forbes-melhores-CEOs-Carla-Fonseca-5-800x480.jpg?resize=800%2C480&#038;ssl=1\"\/><\/noscript><\/p>\n<article>\n<span class=\"credito\">VICTOR AFFARO<\/span><\/p>\n<p>Carla Fonseca, CEO da Smiles<\/p>\n<\/article>\n<p><\/span>\n<\/div>\n<\/li>\n<li>\n<div>\n<span><br \/>\n<img data-recalc-dims=\"1\" height=\"480\" width=\"800\" decoding=\"async\" src=\"https:\/\/i0.wp.com\/forbes.com.br\/wp-content\/uploads\/2023\/09\/lista-forbes-melhores-CEOs-Isabella-Wanderley-3-800x480.jpg?resize=800%2C480&#038;ssl=1\" http:=\"\" data-lazy-src=\"https:\/\/forbes.com.br\/wp-content\/uploads\/2023\/09\/lista-forbes-melhores-CEOs-Isabella-Wanderley-3-800x480.jpg\"\/><noscript><img data-recalc-dims=\"1\" height=\"480\" width=\"800\" decoding=\"async\" src=\"https:\/\/i0.wp.com\/forbes.com.br\/wp-content\/uploads\/2023\/09\/lista-forbes-melhores-CEOs-Isabella-Wanderley-3-800x480.jpg?resize=800%2C480&#038;ssl=1\"\/><\/noscript><\/p>\n<article>\n<span class=\"credito\">VICTOR AFFARO<\/span><\/p>\n<p>Isabella Wanderley, CEO da Novo Nordisk<\/p>\n<\/article>\n<p><\/span>\n<\/div>\n<\/li>\n<li>\n<\/li>\n<li>\n<div>\n<span><br \/>\n<img data-recalc-dims=\"1\" height=\"480\" width=\"800\" decoding=\"async\" src=\"https:\/\/i0.wp.com\/forbes.com.br\/wp-content\/uploads\/2023\/09\/lista-forbes-melhores-CEOs-Marcello-Guidotti-8-800x480.jpg?resize=800%2C480&#038;ssl=1\" http:=\"\" data-lazy-src=\"https:\/\/forbes.com.br\/wp-content\/uploads\/2023\/09\/lista-forbes-melhores-CEOs-Marcello-Guidotti-8-800x480.jpg\"\/><noscript><img data-recalc-dims=\"1\" height=\"480\" width=\"800\" decoding=\"async\" src=\"https:\/\/i0.wp.com\/forbes.com.br\/wp-content\/uploads\/2023\/09\/lista-forbes-melhores-CEOs-Marcello-Guidotti-8-800x480.jpg?resize=800%2C480&#038;ssl=1\"\/><\/noscript><\/p>\n<article>\n<span class=\"credito\">RAPHAEL BRIEST<\/span><\/p>\n<p>Marcello Guidotti, CEO da EcoRodovias<\/p>\n<\/article>\n<p><\/span>\n<\/div>\n<\/li>\n<li>\n<div>\n<span><br \/>\n<img data-recalc-dims=\"1\" height=\"480\" width=\"800\" decoding=\"async\" src=\"https:\/\/i0.wp.com\/forbes.com.br\/wp-content\/uploads\/2023\/09\/lista-forbes-melhores-CEOs-Milton-Maluhy-1-800x480.jpg?resize=800%2C480&#038;ssl=1\" http:=\"\" data-lazy-src=\"https:\/\/forbes.com.br\/wp-content\/uploads\/2023\/09\/lista-forbes-melhores-CEOs-Milton-Maluhy-1-800x480.jpg\"\/><noscript><img data-recalc-dims=\"1\" height=\"480\" width=\"800\" decoding=\"async\" src=\"https:\/\/i0.wp.com\/forbes.com.br\/wp-content\/uploads\/2023\/09\/lista-forbes-melhores-CEOs-Milton-Maluhy-1-800x480.jpg?resize=800%2C480&#038;ssl=1\"\/><\/noscript><\/p>\n<article>\n<span class=\"credito\">MARCUS STEIMEYER<\/span><\/p>\n<p>Milton Maluhy, CEO do Ita\u00fa<\/p>\n<\/article>\n<p><\/span>\n<\/div>\n<\/li>\n<li>\n<div>\n<span><br \/>\n<img data-recalc-dims=\"1\" height=\"480\" width=\"800\" decoding=\"async\" src=\"https:\/\/i0.wp.com\/forbes.com.br\/wp-content\/uploads\/2023\/09\/lista-forbes-melhores-CEOs-Pedro-Bartelle-7-800x480.jpg?resize=800%2C480&#038;ssl=1\" http:=\"\" data-lazy-src=\"https:\/\/forbes.com.br\/wp-content\/uploads\/2023\/09\/lista-forbes-melhores-CEOs-Pedro-Bartelle-7-800x480.jpg\"\/><noscript><img data-recalc-dims=\"1\" height=\"480\" width=\"800\" decoding=\"async\" src=\"https:\/\/i0.wp.com\/forbes.com.br\/wp-content\/uploads\/2023\/09\/lista-forbes-melhores-CEOs-Pedro-Bartelle-7-800x480.jpg?resize=800%2C480&#038;ssl=1\"\/><\/noscript><\/p>\n<article>\n<span class=\"credito\">RAUL KREBS<\/span><\/p>\n<p>Pedro Bartelle, CEO da Vulcabras<\/p>\n<\/article>\n<p><\/span>\n<\/div>\n<\/li>\n<li>\n<div>\n<span><br \/>\n<img data-recalc-dims=\"1\" height=\"480\" width=\"800\" decoding=\"async\" src=\"https:\/\/i0.wp.com\/forbes.com.br\/wp-content\/uploads\/2023\/09\/lista-forbes-melhores-CEOs-Ricardo-Mussa-4-800x480.jpg?resize=800%2C480&#038;ssl=1\" http:=\"\" data-lazy-src=\"https:\/\/forbes.com.br\/wp-content\/uploads\/2023\/09\/lista-forbes-melhores-CEOs-Ricardo-Mussa-4-800x480.jpg\"\/><noscript><img data-recalc-dims=\"1\" height=\"480\" width=\"800\" decoding=\"async\" src=\"https:\/\/i0.wp.com\/forbes.com.br\/wp-content\/uploads\/2023\/09\/lista-forbes-melhores-CEOs-Ricardo-Mussa-4-800x480.jpg?resize=800%2C480&#038;ssl=1\"\/><\/noscript><\/p>\n<article>\n<span class=\"credito\">VICTOR AFFARO<\/span><\/p>\n<p>Ricardo Mussa, CEO da Ra\u00edzen<\/p>\n<\/article>\n<p><\/span>\n<\/div>\n<\/li>\n<li>\n<div>\n<span><br \/>\n<img data-recalc-dims=\"1\" height=\"480\" width=\"800\" decoding=\"async\" src=\"https:\/\/i0.wp.com\/forbes.com.br\/wp-content\/uploads\/2023\/09\/lista-forbes-melhores-CEOs-Tarciana-Medeiros-2-800x480.jpg?resize=800%2C480&#038;ssl=1\" http:=\"\" data-lazy-src=\"https:\/\/forbes.com.br\/wp-content\/uploads\/2023\/09\/lista-forbes-melhores-CEOs-Tarciana-Medeiros-2-800x480.jpg\"\/><noscript><img data-recalc-dims=\"1\" height=\"480\" width=\"800\" decoding=\"async\" src=\"https:\/\/i0.wp.com\/forbes.com.br\/wp-content\/uploads\/2023\/09\/lista-forbes-melhores-CEOs-Tarciana-Medeiros-2-800x480.jpg?resize=800%2C480&#038;ssl=1\"\/><\/noscript><\/p>\n<article>\n<span class=\"credito\">MARCUS STEIMEYER<\/span><\/p>\n<p>Tarciana Medeiros, CEO do Banco do Brasil<\/p>\n<\/article>\n<p><\/span>\n<\/div>\n<\/li>\n<li>\n<div>\n<span><br \/>\n<img data-recalc-dims=\"1\" height=\"480\" width=\"800\" decoding=\"async\" src=\"https:\/\/i0.wp.com\/forbes.com.br\/wp-content\/uploads\/2023\/09\/lista-forbes-melhores-CEOs-Tereza-Santos-6-800x480.jpg?resize=800%2C480&#038;ssl=1\" http:=\"\" data-lazy-src=\"https:\/\/forbes.com.br\/wp-content\/uploads\/2023\/09\/lista-forbes-melhores-CEOs-Tereza-Santos-6-800x480.jpg\"\/><noscript><img data-recalc-dims=\"1\" height=\"480\" width=\"800\" decoding=\"async\" src=\"https:\/\/i0.wp.com\/forbes.com.br\/wp-content\/uploads\/2023\/09\/lista-forbes-melhores-CEOs-Tereza-Santos-6-800x480.jpg?resize=800%2C480&#038;ssl=1\"\/><\/noscript><\/p>\n<article>\n<span class=\"credito\">VICTOR AFFARO<\/span><\/p>\n<p>Tereza Santos, CEO da Sympla<\/p>\n<\/article>\n<p><\/span>\n<\/div>\n<\/li>\n<\/ul>\n<\/div>\n<div class=\"description\">\n<span class=\"credito\">KEINY ANDRADE\/DIVULGA\u00c7\u00c3O<\/span><\/p>\n<p>Alberto Griselli, CEO da Tim Brasil<\/p>\n<\/div>\n<\/div>\n<\/div>\n<p><script type=\"rocketlazyloadscript\">\n\t\t\t\t(function(d, s, id){\n\t\t\t\t\tvar js, fjs = d.getElementsByTagName(s)[0];\n\t\t\t\t\tif (d.getElementById(id)) return;\n\t\t\t\t\tjs = d.createElement(s); js.id = id;\n\t\t\t\t\tjs.src = \"\/\/connect.facebook.net\/pt_BR\/sdk.js#xfbml=1&version=v2.9\";\n\t\t\t\t\tfjs.parentNode.insertBefore(js, fjs);\n\t\t\t\t}(document, 'script', 'facebook-jssdk'));\n\t\t\t<\/script><br \/>\n<br \/><br \/>\n<br \/><a href=\"https:\/\/forbes.com.br\/forbes-mulher\/2023\/12\/com-olhar-de-fora-da-industria-ceo-da-novo-nordisk-do-ozempic-impulsiona-crescimento\/\">Source link <\/a><\/p>\n<!-- CONTENT END 1 -->\n","protected":false},"excerpt":{"rendered":"<p>Victor Affaro Isabella Wanderley, CEO da Novo Nordisk, traz na sua gest\u00e3o a experi\u00eancia em gigantes de bens de consumo Vinda de uma fam\u00edlia de&#8230;<\/p>\n","protected":false},"author":1,"featured_media":21119,"comment_status":"open","ping_status":"open","sticky":false,"template":"","format":"standard","meta":{"advanced_seo_description":"","jetpack_seo_html_title":"","jetpack_seo_noindex":false,"jetpack_post_was_ever_published":false,"_jetpack_newsletter_access":"","_jetpack_dont_email_post_to_subs":false,"_jetpack_newsletter_tier_id":0,"_jetpack_memberships_contains_paywalled_content":false,"_jetpack_memberships_contains_paid_content":false,"footnotes":"","jetpack_publicize_message":"","jetpack_publicize_feature_enabled":true,"jetpack_social_post_already_shared":true,"jetpack_social_options":{"image_generator_settings":{"template":"highway","default_image_id":0,"font":"","enabled":false},"version":2}},"categories":[1],"tags":[],"class_list":["post-21118","post","type-post","status-publish","format-standard","has-post-thumbnail","hentry","category-blog"],"jetpack_publicize_connections":[],"jetpack_featured_media_url":"https:\/\/i0.wp.com\/noticiasribeiraopreto.com.br\/wp-content\/uploads\/2023\/12\/mulher-isabella-wanderley-novo-nordisk-1024x683.jpg?fit=1024%2C683&ssl=1","jetpack-related-posts":[{"id":22633,"url":"https:\/\/noticiasribeiraopreto.com.br\/index.php\/2023\/12\/30\/melhores-ceos-do-brasil-ricardo-mussa-da-raizen\/","url_meta":{"origin":21118,"position":0},"title":"Melhores CEOs do Brasil: Ricardo Mussa, da Ra\u00edzen","author":"noticiasribeiraopreto.com.br","date":"30 de December de 2023","format":false,"excerpt":"Victor AffaroRicardo Mussa tamb\u00e9m foi CEO da Radar (que tamb\u00e9m cofundou) e da Moove, do grupo Cosan, e passou por multinacionais como Unilever e Danone Ricardo Mussa assumiu a lideran\u00e7a de uma empresa com mais de 45 mil funcion\u00e1rios em uma \u00e9poca em que n\u00e3o podia se encontrar com nenhum\u2026","rel":"","context":"In &quot;Blog&quot;","block_context":{"text":"Blog","link":"https:\/\/noticiasribeiraopreto.com.br\/index.php\/category\/blog\/"},"img":{"alt_text":"","src":"https:\/\/i0.wp.com\/noticiasribeiraopreto.com.br\/wp-content\/uploads\/2023\/12\/agro-ricardo-mussa-1024x683.jpg?fit=1024%2C683&ssl=1&resize=350%2C200","width":350,"height":200,"srcset":"https:\/\/i0.wp.com\/noticiasribeiraopreto.com.br\/wp-content\/uploads\/2023\/12\/agro-ricardo-mussa-1024x683.jpg?fit=1024%2C683&ssl=1&resize=350%2C200 1x, https:\/\/i0.wp.com\/noticiasribeiraopreto.com.br\/wp-content\/uploads\/2023\/12\/agro-ricardo-mussa-1024x683.jpg?fit=1024%2C683&ssl=1&resize=525%2C300 1.5x, https:\/\/i0.wp.com\/noticiasribeiraopreto.com.br\/wp-content\/uploads\/2023\/12\/agro-ricardo-mussa-1024x683.jpg?fit=1024%2C683&ssl=1&resize=700%2C400 2x"},"classes":[]},{"id":23348,"url":"https:\/\/noticiasribeiraopreto.com.br\/index.php\/2024\/01\/02\/tereza-santos-ceo-da-sympla-crescer-e-viciante\/","url_meta":{"origin":21118,"position":1},"title":"Tereza Santos, CEO da Sympla: \u201cCrescer \u00e9 viciante\u201d","author":"noticiasribeiraopreto.com.br","date":"2 de January de 2024","format":false,"excerpt":"Tereza Santos \u00e9 CEO da Sympla Guiada por seu DNA tecnol\u00f3gico, Tereza Santos pegou carona no boom dos eventos e na demanda n\u00e3o mais reprimida pela pandemia e liderou um crescimento de quase cinco vezes desde que assumiu como CEO da Sympla, em 2021. \u201cCrescer \u00e9 viciante\u201d, diz a executiva,\u2026","rel":"","context":"In &quot;Blog&quot;","block_context":{"text":"Blog","link":"https:\/\/noticiasribeiraopreto.com.br\/index.php\/category\/blog\/"},"img":{"alt_text":"","src":"https:\/\/i0.wp.com\/noticiasribeiraopreto.com.br\/wp-content\/uploads\/2024\/01\/tereza-santos-ceo-sympla-1024x683.jpg?fit=1024%2C683&ssl=1&resize=350%2C200","width":350,"height":200,"srcset":"https:\/\/i0.wp.com\/noticiasribeiraopreto.com.br\/wp-content\/uploads\/2024\/01\/tereza-santos-ceo-sympla-1024x683.jpg?fit=1024%2C683&ssl=1&resize=350%2C200 1x, https:\/\/i0.wp.com\/noticiasribeiraopreto.com.br\/wp-content\/uploads\/2024\/01\/tereza-santos-ceo-sympla-1024x683.jpg?fit=1024%2C683&ssl=1&resize=525%2C300 1.5x, https:\/\/i0.wp.com\/noticiasribeiraopreto.com.br\/wp-content\/uploads\/2024\/01\/tereza-santos-ceo-sympla-1024x683.jpg?fit=1024%2C683&ssl=1&resize=700%2C400 2x"},"classes":[]},{"id":20336,"url":"https:\/\/noticiasribeiraopreto.com.br\/index.php\/2023\/12\/25\/ceo-da-oncoclinicas-construiu-uma-gigante-da-oncologia\/","url_meta":{"origin":21118,"position":2},"title":"CEO da Oncocl\u00ednicas construiu uma gigante da oncologia","author":"noticiasribeiraopreto.com.br","date":"25 de December de 2023","format":false,"excerpt":"Divulga\u00e7\u00e3o\/Cl\u00e1udio GattiM\u00e9dico pela UFMG, Ferrari se especializou em oncologia nos Estados Unidos e voltou ao Brasil para fundar a Oncocl\u00ednicas Em 2010, Bruno Ferrari abriu uma cl\u00ednica em Belo Horizonte com nove profissionais e\u00a010 cadeiras de tratamento. Hoje, a Oncocl\u00ednicas &Co \u00e9 considerada a maior institui\u00e7\u00e3o privada de oncologia da\u2026","rel":"","context":"In &quot;Blog&quot;","block_context":{"text":"Blog","link":"https:\/\/noticiasribeiraopreto.com.br\/index.php\/category\/blog\/"},"img":{"alt_text":"","src":"https:\/\/i0.wp.com\/noticiasribeiraopreto.com.br\/wp-content\/uploads\/2023\/12\/money-bruno-ferrari-oncoclinicas-melhores-ceos-1024x683.jpg?fit=1024%2C683&ssl=1&resize=350%2C200","width":350,"height":200,"srcset":"https:\/\/i0.wp.com\/noticiasribeiraopreto.com.br\/wp-content\/uploads\/2023\/12\/money-bruno-ferrari-oncoclinicas-melhores-ceos-1024x683.jpg?fit=1024%2C683&ssl=1&resize=350%2C200 1x, https:\/\/i0.wp.com\/noticiasribeiraopreto.com.br\/wp-content\/uploads\/2023\/12\/money-bruno-ferrari-oncoclinicas-melhores-ceos-1024x683.jpg?fit=1024%2C683&ssl=1&resize=525%2C300 1.5x, https:\/\/i0.wp.com\/noticiasribeiraopreto.com.br\/wp-content\/uploads\/2023\/12\/money-bruno-ferrari-oncoclinicas-melhores-ceos-1024x683.jpg?fit=1024%2C683&ssl=1&resize=700%2C400 2x"},"classes":[]},{"id":20627,"url":"https:\/\/noticiasribeiraopreto.com.br\/index.php\/2023\/12\/26\/como-ela-foi-de-operadora-de-call-center-a-ceo-da-smiles\/","url_meta":{"origin":21118,"position":3},"title":"Como ela foi de operadora de call center a CEO da Smiles","author":"noticiasribeiraopreto.com.br","date":"26 de December de 2023","format":false,"excerpt":"Victor AffaroCarla Fonseca, CEO da Smiles, acumula o cargo com a vice-presid\u00eancia e experi\u00eancia do cliente da Gol H\u00e1 uma brincadeira nos corredores corporativos que diz que, se voc\u00ea trabalhar muito bem e se sobressair, ser\u00e1 recompensado com mais trabalho. No caso de Carla Fonseca, CEO da Smiles, isso virou\u2026","rel":"","context":"In &quot;Blog&quot;","block_context":{"text":"Blog","link":"https:\/\/noticiasribeiraopreto.com.br\/index.php\/category\/blog\/"},"img":{"alt_text":"","src":"https:\/\/i0.wp.com\/noticiasribeiraopreto.com.br\/wp-content\/uploads\/2023\/12\/mulher-carla-fonseca-smiles-1024x683.jpg?fit=1024%2C683&ssl=1&resize=350%2C200","width":350,"height":200,"srcset":"https:\/\/i0.wp.com\/noticiasribeiraopreto.com.br\/wp-content\/uploads\/2023\/12\/mulher-carla-fonseca-smiles-1024x683.jpg?fit=1024%2C683&ssl=1&resize=350%2C200 1x, https:\/\/i0.wp.com\/noticiasribeiraopreto.com.br\/wp-content\/uploads\/2023\/12\/mulher-carla-fonseca-smiles-1024x683.jpg?fit=1024%2C683&ssl=1&resize=525%2C300 1.5x, https:\/\/i0.wp.com\/noticiasribeiraopreto.com.br\/wp-content\/uploads\/2023\/12\/mulher-carla-fonseca-smiles-1024x683.jpg?fit=1024%2C683&ssl=1&resize=700%2C400 2x"},"classes":[]},{"id":53377,"url":"https:\/\/noticiasribeiraopreto.com.br\/index.php\/2024\/06\/19\/morre-primeiro-interprete-do-palhaco-bozo-no-brasil\/","url_meta":{"origin":21118,"position":4},"title":"Morre primeiro int\u00e9rprete do palha\u00e7o Bozo no Brasil","author":"noticiasribeiraopreto.com.br","date":"19 de June de 2024","format":false,"excerpt":"O primeiro int\u00e9rprete do Bozo no Brasil morreu na noite desta ter\u00e7a-feira (18), aos 73 anos, em Balne\u00e1rio Cambori\u00fa (SC). Wanderley Tribeck foi v\u00edtima de um infarto. A informa\u00e7\u00e3o foi confirmada por Wanderley Tribeck J\u00fanior, filho do artista, por meio de um v\u00eddeo publicado nas redes sociais \u2013 veja abaixo.\u2026","rel":"","context":"In &quot;Not\u00edcias de Ribeir\u00e3o Preto-SP e Regi\u00e3o&quot;","block_context":{"text":"Not\u00edcias de Ribeir\u00e3o Preto-SP e Regi\u00e3o","link":"https:\/\/noticiasribeiraopreto.com.br\/index.php\/category\/noticias-de-ribeirao-preto-sp-e-regiao-ismael-colosi\/"},"img":{"alt_text":"","src":"https:\/\/i0.wp.com\/noticiasribeiraopreto.com.br\/wp-content\/uploads\/2024\/06\/Copia-de-Copia-de-TAMANHO-EXATO-PARA-FOTOS-NO-SISTEMA-NOVO-83_2024-06-19_15-51-57_png_2024-06-19_15-51-57.webp.webp?fit=1200%2C675&ssl=1&resize=350%2C200","width":350,"height":200,"srcset":"https:\/\/i0.wp.com\/noticiasribeiraopreto.com.br\/wp-content\/uploads\/2024\/06\/Copia-de-Copia-de-TAMANHO-EXATO-PARA-FOTOS-NO-SISTEMA-NOVO-83_2024-06-19_15-51-57_png_2024-06-19_15-51-57.webp.webp?fit=1200%2C675&ssl=1&resize=350%2C200 1x, https:\/\/i0.wp.com\/noticiasribeiraopreto.com.br\/wp-content\/uploads\/2024\/06\/Copia-de-Copia-de-TAMANHO-EXATO-PARA-FOTOS-NO-SISTEMA-NOVO-83_2024-06-19_15-51-57_png_2024-06-19_15-51-57.webp.webp?fit=1200%2C675&ssl=1&resize=525%2C300 1.5x, https:\/\/i0.wp.com\/noticiasribeiraopreto.com.br\/wp-content\/uploads\/2024\/06\/Copia-de-Copia-de-TAMANHO-EXATO-PARA-FOTOS-NO-SISTEMA-NOVO-83_2024-06-19_15-51-57_png_2024-06-19_15-51-57.webp.webp?fit=1200%2C675&ssl=1&resize=700%2C400 2x, https:\/\/i0.wp.com\/noticiasribeiraopreto.com.br\/wp-content\/uploads\/2024\/06\/Copia-de-Copia-de-TAMANHO-EXATO-PARA-FOTOS-NO-SISTEMA-NOVO-83_2024-06-19_15-51-57_png_2024-06-19_15-51-57.webp.webp?fit=1200%2C675&ssl=1&resize=1050%2C600 3x"},"classes":[]},{"id":79527,"url":"https:\/\/noticiasribeiraopreto.com.br\/index.php\/2025\/11\/03\/tradicao-e-inovacao-em-saude-para-caes-e-gatos\/","url_meta":{"origin":21118,"position":5},"title":"tradi\u00e7\u00e3o e inova\u00e7\u00e3o em sa\u00fade para c\u00e3es e gatos","author":"noticiasribeiraopreto.com.br","date":"3 de November de 2025","format":false,"excerpt":"Apaixonada por animais, a aposentada Maria Izabel Soares possui h\u00e1 16 anos o plano de sa\u00fade para c\u00e3es e gatos da Vetplan. Hoje, o cuidado \u00e9 com a cachorrinha Cleo. \u201cJ\u00e1 usei para interna\u00e7\u00e3o, cirurgia e vacina\u00e7\u00e3o\u201d, conta. Outro fator que a faz ser fiel \u00e0 empresa \u00e9 o atendimento\u2026","rel":"","context":"In &quot;Not\u00edcias de Ribeir\u00e3o Preto-SP e Regi\u00e3o&quot;","block_context":{"text":"Not\u00edcias de Ribeir\u00e3o Preto-SP e Regi\u00e3o","link":"https:\/\/noticiasribeiraopreto.com.br\/index.php\/category\/noticias-de-ribeirao-preto-sp-e-regiao-ismael-colosi\/"},"img":{"alt_text":"","src":"https:\/\/i0.wp.com\/noticiasribeiraopreto.com.br\/wp-content\/uploads\/2025\/11\/1-2025-11-03T143959.083_2025-11-03_17-40-49.webp.webp?fit=1200%2C800&ssl=1&resize=350%2C200","width":350,"height":200,"srcset":"https:\/\/i0.wp.com\/noticiasribeiraopreto.com.br\/wp-content\/uploads\/2025\/11\/1-2025-11-03T143959.083_2025-11-03_17-40-49.webp.webp?fit=1200%2C800&ssl=1&resize=350%2C200 1x, https:\/\/i0.wp.com\/noticiasribeiraopreto.com.br\/wp-content\/uploads\/2025\/11\/1-2025-11-03T143959.083_2025-11-03_17-40-49.webp.webp?fit=1200%2C800&ssl=1&resize=525%2C300 1.5x, https:\/\/i0.wp.com\/noticiasribeiraopreto.com.br\/wp-content\/uploads\/2025\/11\/1-2025-11-03T143959.083_2025-11-03_17-40-49.webp.webp?fit=1200%2C800&ssl=1&resize=700%2C400 2x, https:\/\/i0.wp.com\/noticiasribeiraopreto.com.br\/wp-content\/uploads\/2025\/11\/1-2025-11-03T143959.083_2025-11-03_17-40-49.webp.webp?fit=1200%2C800&ssl=1&resize=1050%2C600 3x"},"classes":[]}],"jetpack_sharing_enabled":true,"jetpack_shortlink":"https:\/\/wp.me\/peQAOb-5uC","_links":{"self":[{"href":"https:\/\/noticiasribeiraopreto.com.br\/index.php\/wp-json\/wp\/v2\/posts\/21118","targetHints":{"allow":["GET"]}}],"collection":[{"href":"https:\/\/noticiasribeiraopreto.com.br\/index.php\/wp-json\/wp\/v2\/posts"}],"about":[{"href":"https:\/\/noticiasribeiraopreto.com.br\/index.php\/wp-json\/wp\/v2\/types\/post"}],"author":[{"embeddable":true,"href":"https:\/\/noticiasribeiraopreto.com.br\/index.php\/wp-json\/wp\/v2\/users\/1"}],"replies":[{"embeddable":true,"href":"https:\/\/noticiasribeiraopreto.com.br\/index.php\/wp-json\/wp\/v2\/comments?post=21118"}],"version-history":[{"count":0,"href":"https:\/\/noticiasribeiraopreto.com.br\/index.php\/wp-json\/wp\/v2\/posts\/21118\/revisions"}],"wp:featuredmedia":[{"embeddable":true,"href":"https:\/\/noticiasribeiraopreto.com.br\/index.php\/wp-json\/wp\/v2\/media\/21119"}],"wp:attachment":[{"href":"https:\/\/noticiasribeiraopreto.com.br\/index.php\/wp-json\/wp\/v2\/media?parent=21118"}],"wp:term":[{"taxonomy":"category","embeddable":true,"href":"https:\/\/noticiasribeiraopreto.com.br\/index.php\/wp-json\/wp\/v2\/categories?post=21118"},{"taxonomy":"post_tag","embeddable":true,"href":"https:\/\/noticiasribeiraopreto.com.br\/index.php\/wp-json\/wp\/v2\/tags?post=21118"}],"curies":[{"name":"wp","href":"https:\/\/api.w.org\/{rel}","templated":true}]}}