{"id":21120,"date":"2023-12-27T07:08:47","date_gmt":"2023-12-27T10:08:47","guid":{"rendered":"https:\/\/noticiasribeiraopreto.com.br\/index.php\/2023\/12\/27\/ipva-2024-divulgada-lista-de-quem-tera-direito-a-isencao\/"},"modified":"2023-12-27T07:08:47","modified_gmt":"2023-12-27T10:08:47","slug":"ipva-2024-divulgada-lista-de-quem-tera-direito-a-isencao","status":"publish","type":"post","link":"https:\/\/noticiasribeiraopreto.com.br\/index.php\/2023\/12\/27\/ipva-2024-divulgada-lista-de-quem-tera-direito-a-isencao\/","title":{"rendered":"IPVA 2024: Divulgada LISTA de quem ter\u00e1 direito \u00e0 ISEN\u00c7\u00c3O"},"content":{"rendered":"<div class='code-block code-block-1' style='margin: 8px 0 8px auto; text-align: right; display: block; clear: both;'>\n<p><a href=\"https:\/\/wa.link\/vpicfd\"><img data-recalc-dims=\"1\" class=\"wp-image-4922\" style=\"aspect-ratio: 2.0253164556962027; width: 561px; height: auto;\" src=\"https:\/\/i0.wp.com\/ismaelcolosi.com.br\/wp-content\/uploads\/2023\/11\/grupo-de-empregos-whatsapp-e-facebook-ismael-colosi-vagas.jpg?ssl=1\" alt=\"\" \/><\/a><\/p>\n<!-- \/wp:image -->\n<\/div>\n<p> <br \/>\n<\/p>\n<div>\n<p>O <strong>Imposto sobre a Propriedade de Ve\u00edculos Automotores (IPVA)<\/strong> \u00e9 um tributo que incide sobre a posse de ve\u00edculos, como carros, motos, caminh\u00f5es, \u00f4nibus e outros. O <strong>valor do IPVA<\/strong> varia de acordo com o estado, o tipo e o ano do ve\u00edculo, e \u00e9 pago anualmente pelos propriet\u00e1rios.<\/p>\n<p>No entanto, existem algumas situa\u00e7\u00f5es em que o propriet\u00e1rio pode ter direito \u00e0 <strong>isen\u00e7\u00e3o do IPVA<\/strong>, ou seja, ficar livre do pagamento do imposto. Essas situa\u00e7\u00f5es s\u00e3o definidas por leis estaduais, que podem mudar de um ano para outro.<\/p>\n<p>Para o ano de 2024, alguns estados j\u00e1 divulgaram a lista de quem ter\u00e1 direito \u00e0 isen\u00e7\u00e3o do IPVA. Confira a seguir quais s\u00e3o os casos e os requisitos para solicitar o benef\u00edcio.<\/p>\n<h2>Isen\u00e7\u00e3o do IPVA por tipo de ve\u00edculo<\/h2>\n<p><strong>Alguns tipos de ve\u00edculos s\u00e3o isentos do IPVA em todos os estados, como:<\/strong><\/p>\n<ul>\n<li>Ve\u00edculos oficiais, pertencentes \u00e0 Uni\u00e3o, aos estados, ao Distrito Federal ou aos munic\u00edpios;<\/li>\n<li>Ve\u00edculos diplom\u00e1ticos, consulares ou de organismos internacionais;<\/li>\n<li>Ve\u00edculos de entidades filantr\u00f3picas, reconhecidas pelo governo;<\/li>\n<li>Ve\u00edculos adaptados para pessoas com defici\u00eancia f\u00edsica, visual, mental ou autista;<\/li>\n<li>Ve\u00edculos de aluguel (t\u00e1xis e aplicativos), desde que sejam registrados como tal e tenham autoriza\u00e7\u00e3o para exercer a atividade;<\/li>\n<li>Ve\u00edculos de transporte escolar, desde que sejam registrados como tal e tenham autoriza\u00e7\u00e3o para exercer a atividade;<\/li>\n<li><a href=\"https:\/\/noticiasconcursos.com.br\/veiculos-eletricos-saiba-onde-e-possivel-ter-ipva-isento-e-aproveite-essa-vantagem\/\" target=\"_blank\" rel=\"noopener\">Ve\u00edculos el\u00e9tricos<\/a> ou movidos a energia solar.<\/li>\n<\/ul>\n<h2>Isen\u00e7\u00e3o do IPVA por tempo de uso<\/h2>\n<figure id=\"attachment_782685\" aria-describedby=\"caption-attachment-782685\" style=\"width: 1200px\" class=\"wp-caption alignnone\"><img data-recalc-dims=\"1\" fetchpriority=\"high\" decoding=\"async\" class=\"size-full wp-image-782685\" http=\"\" alt=\"Isen\u00e7\u00e3o do IPVA por tempo de uso\" width=\"1200\" height=\"800\" srcset=\"https:\/\/noticiasconcursos.com.br\/wp-content\/uploads\/2023\/12\/noticiasconcursos.com.br-ipva-2024-divulgada-lista-de-quem-tera-direito-a-isencao-reproducao-canva-23.jpg 1200w, https:\/\/noticiasconcursos.com.br\/wp-content\/uploads\/2023\/12\/noticiasconcursos.com.br-ipva-2024-divulgada-lista-de-quem-tera-direito-a-isencao-reproducao-canva-23-300x200.jpg 300w, https:\/\/noticiasconcursos.com.br\/wp-content\/uploads\/2023\/12\/noticiasconcursos.com.br-ipva-2024-divulgada-lista-de-quem-tera-direito-a-isencao-reproducao-canva-23-768x512.jpg 768w\" data-lazy-sizes=\"(max-width: 1200px) 100vw, 1200px\" src=\"https:\/\/i0.wp.com\/noticiasconcursos.com.br\/wp-content\/uploads\/2023\/12\/noticiasconcursos.com.br-ipva-2024-divulgada-lista-de-quem-tera-direito-a-isencao-reproducao-canva-23.jpg?resize=1200%2C800&#038;ssl=1\"\/><noscript><img data-recalc-dims=\"1\" fetchpriority=\"high\" decoding=\"async\" class=\"size-full wp-image-782685\" src=\"https:\/\/i0.wp.com\/noticiasconcursos.com.br\/wp-content\/uploads\/2023\/12\/noticiasconcursos.com.br-ipva-2024-divulgada-lista-de-quem-tera-direito-a-isencao-reproducao-canva-23.jpg?resize=1200%2C800&#038;ssl=1\" alt=\"Isen\u00e7\u00e3o do IPVA por tempo de uso\" width=\"1200\" height=\"800\" srcset=\"https:\/\/noticiasconcursos.com.br\/wp-content\/uploads\/2023\/12\/noticiasconcursos.com.br-ipva-2024-divulgada-lista-de-quem-tera-direito-a-isencao-reproducao-canva-23.jpg 1200w, https:\/\/noticiasconcursos.com.br\/wp-content\/uploads\/2023\/12\/noticiasconcursos.com.br-ipva-2024-divulgada-lista-de-quem-tera-direito-a-isencao-reproducao-canva-23-300x200.jpg 300w, https:\/\/noticiasconcursos.com.br\/wp-content\/uploads\/2023\/12\/noticiasconcursos.com.br-ipva-2024-divulgada-lista-de-quem-tera-direito-a-isencao-reproducao-canva-23-768x512.jpg 768w\" sizes=\"(max-width: 1200px) 100vw, 1200px\"\/><\/noscript><figcaption id=\"caption-attachment-782685\" class=\"wp-caption-text\">Isen\u00e7\u00e3o do IPVA por tempo de uso. Imagem: Canva<\/figcaption><\/figure>\n<p>Alguns estados concedem<strong> isen\u00e7\u00e3o do IPVA 2024<\/strong> para ve\u00edculos com determinado tempo de uso, geralmente acima de 10 anos. Essa regra pode variar de acordo com o estado e o tempo de fabrica\u00e7\u00e3o.<strong> Por exemplo:<\/strong><\/p>\n<div class=\"bs-irp left bs-irp-thumbnail-1\">\n<p>&#13;<br \/><span class=\"h-text heading-typo\">Voc\u00ea tamb\u00e9m pode gostar:<\/span>&#13; <\/p>\n<\/p><\/div>\n<ul>\n<li><strong>Acima de 10 anos:<\/strong> Amap\u00e1, Rio Grande do Norte, Roraima;<\/li>\n<li><strong>Acima de 15 anos<\/strong>: Amazonas, Bahia, Cear\u00e1, Distrito Federal, Esp\u00edrito Santo, Goi\u00e1s, Maranh\u00e3o, Par\u00e1, Para\u00edba, Piau\u00ed, Rio de Janeiro, Rond\u00f4nia, Sergipe;<\/li>\n<li><strong>Acima de 18 anos:<\/strong> Mato Grosso;<\/li>\n<li><strong>Acima de 20 anos:<\/strong> Acre, S\u00e3o Paulo, Paran\u00e1, Mato Grosso do Sul, Rio Grande do Sul;<\/li>\n<li><strong>Acima de 30 anos:<\/strong> Santa Catarina, Tocantins;<\/li>\n<li><strong>Ve\u00edculos fabricados at\u00e9 31\/12\/2002:<\/strong> Alagoas<\/li>\n<li><strong>Carros com placa preta:<\/strong> Minas Gerais.<\/li>\n<\/ul>\n<h2>Isen\u00e7\u00e3o do IPVA 2024 por categoria profissional<\/h2>\n<p>Alguns grupos de trabalhadores tamb\u00e9m poder\u00e3o aproveitar a isen\u00e7\u00e3o do IPVA em 2024. <strong>Assim, confira quem tem direito:<\/strong><\/p>\n<ul>\n<li>Taxistas e mototaxistas;<\/li>\n<li>Companhias de transporte coletivo urbano e metropolitano;<\/li>\n<li>Condutores de vans escolares;<\/li>\n<li>Donos de equipamentos agr\u00edcolas;<\/li>\n<li>Motoristas de ve\u00edculos voltados aos diplomatas.<\/li>\n<\/ul>\n<p>Al\u00e9m disso, as <strong><a href=\"https:\/\/noticiasconcursos.com.br\/como-funciona-a-aposentadoria-para-pessoas-com-deficiencia\/\" target=\"_blank\" rel=\"noopener\">pessoas com defici\u00eancia<\/a><\/strong> e que possuem doen\u00e7as como artrite reumatoide, AVC, cardiopatia, esclerose m\u00faltipla e outras, tamb\u00e9m poder\u00e3o obter a isen\u00e7\u00e3o do imposto.<\/p>\n<h2>Isen\u00e7\u00e3o do IPVA 2024 por renda familiar<\/h2>\n<p>Al\u00e9m disso, alguns estados concedem, ainda, a isen\u00e7\u00e3o do IPVA para pessoas com baixa renda familiar, como:<\/p>\n<p>Mas \u00e9 importante lembrar que apenas alguns estados concedem a isen\u00e7\u00e3o para os benefici\u00e1rios acima. Assim, para saber se o seu estado oferece o desconto, \u00e9 importante acessar o site da Secretaria da Fazenda da sua regi\u00e3o.<\/p>\n<h2>Como solicitar a isen\u00e7\u00e3o do IPVA 2024?<\/h2>\n<p>Para <strong>solicitar a isen\u00e7\u00e3o do IPVA 2024<\/strong>, o propriet\u00e1rio do ve\u00edculo deve apresentar os documentos que comprovem o seu direito ao benef\u00edcio, como:<\/p>\n<ul>\n<li>Documento de identidade e CPF;<\/li>\n<li>Certificado de Registro e Licenciamento de Ve\u00edculo (CRLV);<\/li>\n<li>Comprovante de resid\u00eancia;<\/li>\n<li>Declara\u00e7\u00e3o de Imposto de Renda ou outro documento que comprove a renda familiar;<\/li>\n<li>Laudo m\u00e9dico ou outro documento que comprove a condi\u00e7\u00e3o de defici\u00eancia, se for o caso;<\/li>\n<li>Certificado de registro como ve\u00edculo de aluguel ou transporte escolar, se for o caso;<\/li>\n<li>Documento que comprove a categoria profissional, se for o caso.<\/li>\n<\/ul>\n<p>A solicita\u00e7\u00e3o de isen\u00e7\u00e3o deve ser feita junto ao \u00f3rg\u00e3o respons\u00e1vel pelo IPVA em cada estado, que pode ser a Secretaria da Fazenda, a Receita Estadual ou o Detran. Mas \u00e9 importante estar atento, pois o prazo para solicitar a isen\u00e7\u00e3o varia de acordo com o estado.<\/p>\n<p> <noscript><iframe loading=\"lazy\" title=\"Governo define \u00d3TIMA NOT\u00cdCIA com RENOVA\u00c7\u00c3O de programa que oferece CARROS COM DESCONTOS\" width=\"500\" height=\"281\" src=\"https:\/\/www.youtube.com\/embed\/K0OgjUa63j8?feature=oembed\" frameborder=\"0\" allow=\"accelerometer; autoplay; clipboard-write; encrypted-media; gyroscope; picture-in-picture; web-share\" referrerpolicy=\"strict-origin-when-cross-origin\" allowfullscreen><\/iframe><\/noscript> <\/p>\n<\/div>\n<p><br \/>\n<br \/><a href=\"https:\/\/ismaelcolosi.com.br\/ipva-2024-divulgada-lista-de-quem-tera-direito-a-isencao\/\">Source link <\/a><\/p>\n<!-- CONTENT END 1 -->\n","protected":false},"excerpt":{"rendered":"<p>O Imposto sobre a Propriedade de Ve\u00edculos Automotores (IPVA) \u00e9 um tributo que incide sobre a posse de ve\u00edculos, como carros, motos, caminh\u00f5es, \u00f4nibus e&#8230;<\/p>\n","protected":false},"author":1,"featured_media":21121,"comment_status":"open","ping_status":"open","sticky":false,"template":"","format":"standard","meta":{"advanced_seo_description":"","jetpack_seo_html_title":"","jetpack_seo_noindex":false,"jetpack_post_was_ever_published":false,"_jetpack_newsletter_access":"","_jetpack_dont_email_post_to_subs":false,"_jetpack_newsletter_tier_id":0,"_jetpack_memberships_contains_paywalled_content":false,"_jetpack_memberships_contains_paid_content":false,"footnotes":"","jetpack_publicize_message":"","jetpack_publicize_feature_enabled":true,"jetpack_social_post_already_shared":true,"jetpack_social_options":{"image_generator_settings":{"template":"highway","default_image_id":0,"font":"","enabled":false},"version":2}},"categories":[7],"tags":[],"class_list":["post-21120","post","type-post","status-publish","format-standard","has-post-thumbnail","hentry","category-vagas-de-empregos-em-ribeirao-preto-regiao-brasil"],"jetpack_publicize_connections":[],"jetpack_featured_media_url":"https:\/\/i0.wp.com\/noticiasribeiraopreto.com.br\/wp-content\/uploads\/2023\/12\/noticiasconcursos.com_.br-ipva-2024-divulgada-lista-de-quem-tera-direito-a-isencao-reproducao-canva-23.jpg?fit=1200%2C800&ssl=1","jetpack-related-posts":[{"id":20581,"url":"https:\/\/noticiasribeiraopreto.com.br\/index.php\/2023\/12\/26\/descubra-quem-tem-direito-a-isencao-e-como-solicitar\/","url_meta":{"origin":21120,"position":0},"title":"descubra quem tem direito \u00e0 isen\u00e7\u00e3o e como solicitar","author":"noticiasribeiraopreto.com.br","date":"26 de December de 2023","format":false,"excerpt":"Cr\u00e9ditos: Roosevelt Cassio\/ Ag\u00eancia BrasilPagamento do IPVA \u00e9 feito todo in\u00edcio de ano Com a proximidade do ano de 2024, propriet\u00e1rios de ve\u00edculos j\u00e1 come\u00e7am a se preparar para o pagamento do IPVA (Imposto sobre a Propriedade de Ve\u00edculos Automotores), obriga\u00e7\u00e3o anual que incide sobre todos os tipos de autom\u00f3veis.\u2026","rel":"","context":"In &quot;Variedades&quot;","block_context":{"text":"Variedades","link":"https:\/\/noticiasribeiraopreto.com.br\/index.php\/category\/variedades\/"},"img":{"alt_text":"","src":"https:\/\/i0.wp.com\/noticiasribeiraopreto.com.br\/wp-content\/uploads\/2023\/12\/1703560726_istock-472213201.jpg?fit=1200%2C638&ssl=1&resize=350%2C200","width":350,"height":200,"srcset":"https:\/\/i0.wp.com\/noticiasribeiraopreto.com.br\/wp-content\/uploads\/2023\/12\/1703560726_istock-472213201.jpg?fit=1200%2C638&ssl=1&resize=350%2C200 1x, https:\/\/i0.wp.com\/noticiasribeiraopreto.com.br\/wp-content\/uploads\/2023\/12\/1703560726_istock-472213201.jpg?fit=1200%2C638&ssl=1&resize=525%2C300 1.5x, https:\/\/i0.wp.com\/noticiasribeiraopreto.com.br\/wp-content\/uploads\/2023\/12\/1703560726_istock-472213201.jpg?fit=1200%2C638&ssl=1&resize=700%2C400 2x, https:\/\/i0.wp.com\/noticiasribeiraopreto.com.br\/wp-content\/uploads\/2023\/12\/1703560726_istock-472213201.jpg?fit=1200%2C638&ssl=1&resize=1050%2C600 3x"},"classes":[]},{"id":22590,"url":"https:\/\/noticiasribeiraopreto.com.br\/index.php\/2023\/12\/30\/a-melhor-noticia-para-quem-deseja-isencao-do-ipva-2024-acaba-de-chegar\/","url_meta":{"origin":21120,"position":1},"title":"A melhor not\u00edcia para quem deseja isen\u00e7\u00e3o do IPVA 2024 acaba de chegar","author":"noticiasribeiraopreto.com.br","date":"30 de December de 2023","format":false,"excerpt":"Os propriet\u00e1rios de ve\u00edculos registrados no Estado de S\u00e3o Paulo j\u00e1 podem conferir o valor do Imposto sobre a Propriedade de Ve\u00edculos Automotores (IPVA) de 2024 em toda a rede banc\u00e1ria. A consulta pode ser realizada nos terminais de autoatendimento, internet banking e aplicativos de celular disponibilizados pelos bancos, bastando\u2026","rel":"","context":"In &quot;Variedades&quot;","block_context":{"text":"Variedades","link":"https:\/\/noticiasribeiraopreto.com.br\/index.php\/category\/variedades\/"},"img":{"alt_text":"","src":"https:\/\/i0.wp.com\/noticiasribeiraopreto.com.br\/wp-content\/uploads\/2023\/12\/ipva-1.jpg?fit=1200%2C638&ssl=1&resize=350%2C200","width":350,"height":200,"srcset":"https:\/\/i0.wp.com\/noticiasribeiraopreto.com.br\/wp-content\/uploads\/2023\/12\/ipva-1.jpg?fit=1200%2C638&ssl=1&resize=350%2C200 1x, https:\/\/i0.wp.com\/noticiasribeiraopreto.com.br\/wp-content\/uploads\/2023\/12\/ipva-1.jpg?fit=1200%2C638&ssl=1&resize=525%2C300 1.5x, https:\/\/i0.wp.com\/noticiasribeiraopreto.com.br\/wp-content\/uploads\/2023\/12\/ipva-1.jpg?fit=1200%2C638&ssl=1&resize=700%2C400 2x, https:\/\/i0.wp.com\/noticiasribeiraopreto.com.br\/wp-content\/uploads\/2023\/12\/ipva-1.jpg?fit=1200%2C638&ssl=1&resize=1050%2C600 3x"},"classes":[]},{"id":61464,"url":"https:\/\/noticiasribeiraopreto.com.br\/index.php\/2024\/12\/13\/alesp-aprova-isencao-de-ipva-por-dois-anos-para-veiculos-hibridos-em-sao-paulo\/","url_meta":{"origin":21120,"position":2},"title":"Alesp Aprova Isen\u00e7\u00e3o de IPVA por Dois Anos para Ve\u00edculos H\u00edbridos em S\u00e3o Paulo","author":"noticiasribeiraopreto.com.br","date":"13 de December de 2024","format":false,"excerpt":"A Assembleia Legislativa de S\u00e3o Paulo (Alesp) aprovou, nesta quinta-feira (12), o projeto de lei que isenta os ve\u00edculos h\u00edbridos do pagamento do Imposto sobre a Propriedade de Ve\u00edculos Automotores (IPVA) por um per\u00edodo de dois anos. A iniciativa faz parte de um conjunto de medidas para promover a sustentabilidade\u2026","rel":"","context":"In &quot;Not\u00edcias de Ribeir\u00e3o Preto-SP e Regi\u00e3o&quot;","block_context":{"text":"Not\u00edcias de Ribeir\u00e3o Preto-SP e Regi\u00e3o","link":"https:\/\/noticiasribeiraopreto.com.br\/index.php\/category\/noticias-de-ribeirao-preto-sp-e-regiao-ismael-colosi\/"},"img":{"alt_text":"","src":"https:\/\/i0.wp.com\/noticiasribeiraopreto.com.br\/wp-content\/uploads\/2024\/12\/anfavea-carros-eletricos_mcamgo_abr_14062023-14.webp.webp?fit=1170%2C700&ssl=1&resize=350%2C200","width":350,"height":200,"srcset":"https:\/\/i0.wp.com\/noticiasribeiraopreto.com.br\/wp-content\/uploads\/2024\/12\/anfavea-carros-eletricos_mcamgo_abr_14062023-14.webp.webp?fit=1170%2C700&ssl=1&resize=350%2C200 1x, https:\/\/i0.wp.com\/noticiasribeiraopreto.com.br\/wp-content\/uploads\/2024\/12\/anfavea-carros-eletricos_mcamgo_abr_14062023-14.webp.webp?fit=1170%2C700&ssl=1&resize=525%2C300 1.5x, https:\/\/i0.wp.com\/noticiasribeiraopreto.com.br\/wp-content\/uploads\/2024\/12\/anfavea-carros-eletricos_mcamgo_abr_14062023-14.webp.webp?fit=1170%2C700&ssl=1&resize=700%2C400 2x, https:\/\/i0.wp.com\/noticiasribeiraopreto.com.br\/wp-content\/uploads\/2024\/12\/anfavea-carros-eletricos_mcamgo_abr_14062023-14.webp.webp?fit=1170%2C700&ssl=1&resize=1050%2C600 3x"},"classes":[]},{"id":22489,"url":"https:\/\/noticiasribeiraopreto.com.br\/index.php\/2023\/12\/29\/veja-calendario-e-novas-formas-de-pagamento\/","url_meta":{"origin":21120,"position":3},"title":"veja calend\u00e1rio e novas formas de pagamento","author":"noticiasribeiraopreto.com.br","date":"29 de December de 2023","format":false,"excerpt":"Os propriet\u00e1rios de ve\u00edculos registrados no Estado de S\u00e3o Paulo j\u00e1 podem conferir o valor do Imposto sobre a Propriedade de Ve\u00edculos Automotores (IPVA) de 2024 em toda a rede banc\u00e1ria. A consulta pode ser realizada nos terminais de autoatendimento, internet banking e aplicativos de celular disponibilizados pelos bancos, bastando\u2026","rel":"","context":"In &quot;Variedades&quot;","block_context":{"text":"Variedades","link":"https:\/\/noticiasribeiraopreto.com.br\/index.php\/category\/variedades\/"},"img":{"alt_text":"","src":"https:\/\/i0.wp.com\/noticiasribeiraopreto.com.br\/wp-content\/uploads\/2023\/12\/1703904404_istock-472213201.jpg?fit=1200%2C638&ssl=1&resize=350%2C200","width":350,"height":200,"srcset":"https:\/\/i0.wp.com\/noticiasribeiraopreto.com.br\/wp-content\/uploads\/2023\/12\/1703904404_istock-472213201.jpg?fit=1200%2C638&ssl=1&resize=350%2C200 1x, https:\/\/i0.wp.com\/noticiasribeiraopreto.com.br\/wp-content\/uploads\/2023\/12\/1703904404_istock-472213201.jpg?fit=1200%2C638&ssl=1&resize=525%2C300 1.5x, https:\/\/i0.wp.com\/noticiasribeiraopreto.com.br\/wp-content\/uploads\/2023\/12\/1703904404_istock-472213201.jpg?fit=1200%2C638&ssl=1&resize=700%2C400 2x, https:\/\/i0.wp.com\/noticiasribeiraopreto.com.br\/wp-content\/uploads\/2023\/12\/1703904404_istock-472213201.jpg?fit=1200%2C638&ssl=1&resize=1050%2C600 3x"},"classes":[]},{"id":20220,"url":"https:\/\/noticiasribeiraopreto.com.br\/index.php\/2023\/12\/24\/ipva-2024-vai-ter-reducao-nos-valores-confira-quanto-voce-vai-pagar\/","url_meta":{"origin":21120,"position":4},"title":"IPVA 2024 vai ter redu\u00e7\u00e3o nos valores? Confira quanto voc\u00ea vai pagar!","author":"noticiasribeiraopreto.com.br","date":"24 de December de 2023","format":false,"excerpt":"Ap\u00f3s dois anos em alta, o IPVA (Imposto sobre a Propriedade de Ve\u00edculos Automotores) de 2024 ser\u00e1 mais barato. No estado de S\u00e3o Paulo, por exemplo, registra-se uma redu\u00e7\u00e3o de 4,1% em compara\u00e7\u00e3o com 2023, conforme o valor venal dos ve\u00edculos aferido pela Fipe (Funda\u00e7\u00e3o Instituto de Pesquisas Econ\u00f4micas). Assim,\u2026","rel":"","context":"In &quot;Vagas de Emprego em Ribeir\u00e3o Preto-SP&quot;","block_context":{"text":"Vagas de Emprego em Ribeir\u00e3o Preto-SP","link":"https:\/\/noticiasribeiraopreto.com.br\/index.php\/category\/empregos-classificados-vagas-trabalho\/vagas-de-empregos-em-ribeirao-preto-regiao-brasil\/"},"img":{"alt_text":"","src":"","width":0,"height":0},"classes":[]},{"id":61466,"url":"https:\/\/noticiasribeiraopreto.com.br\/index.php\/2024\/12\/13\/ipva-2025-governo-de-sao-paulo-divulga-regras-e-calendario-de-pagamento\/","url_meta":{"origin":21120,"position":5},"title":"IPVA 2025: Governo de S\u00e3o Paulo Divulga Regras e Calend\u00e1rio de Pagamento","author":"noticiasribeiraopreto.com.br","date":"13 de December de 2024","format":false,"excerpt":"O Governo do Estado de S\u00e3o Paulo publicou nesta sexta-feira (13) as regras e o calend\u00e1rio para o pagamento do Imposto sobre a Propriedade de Ve\u00edculos Automotores (IPVA) em 2025. Propriet\u00e1rios de ve\u00edculos registrados no estado j\u00e1 podem se planejar para quitar o tributo, que \u00e9 uma das principais fontes\u2026","rel":"","context":"In &quot;Not\u00edcias de Ribeir\u00e3o Preto-SP e Regi\u00e3o&quot;","block_context":{"text":"Not\u00edcias de Ribeir\u00e3o Preto-SP e Regi\u00e3o","link":"https:\/\/noticiasribeiraopreto.com.br\/index.php\/category\/noticias-de-ribeirao-preto-sp-e-regiao-ismael-colosi\/"},"img":{"alt_text":"","src":"https:\/\/i0.wp.com\/noticiasribeiraopreto.com.br\/wp-content\/uploads\/2024\/12\/rovros_abr_04122018-_9660.webp.webp?fit=1170%2C700&ssl=1&resize=350%2C200","width":350,"height":200,"srcset":"https:\/\/i0.wp.com\/noticiasribeiraopreto.com.br\/wp-content\/uploads\/2024\/12\/rovros_abr_04122018-_9660.webp.webp?fit=1170%2C700&ssl=1&resize=350%2C200 1x, https:\/\/i0.wp.com\/noticiasribeiraopreto.com.br\/wp-content\/uploads\/2024\/12\/rovros_abr_04122018-_9660.webp.webp?fit=1170%2C700&ssl=1&resize=525%2C300 1.5x, https:\/\/i0.wp.com\/noticiasribeiraopreto.com.br\/wp-content\/uploads\/2024\/12\/rovros_abr_04122018-_9660.webp.webp?fit=1170%2C700&ssl=1&resize=700%2C400 2x, https:\/\/i0.wp.com\/noticiasribeiraopreto.com.br\/wp-content\/uploads\/2024\/12\/rovros_abr_04122018-_9660.webp.webp?fit=1170%2C700&ssl=1&resize=1050%2C600 3x"},"classes":[]}],"jetpack_sharing_enabled":true,"jetpack_shortlink":"https:\/\/wp.me\/peQAOb-5uE","_links":{"self":[{"href":"https:\/\/noticiasribeiraopreto.com.br\/index.php\/wp-json\/wp\/v2\/posts\/21120","targetHints":{"allow":["GET"]}}],"collection":[{"href":"https:\/\/noticiasribeiraopreto.com.br\/index.php\/wp-json\/wp\/v2\/posts"}],"about":[{"href":"https:\/\/noticiasribeiraopreto.com.br\/index.php\/wp-json\/wp\/v2\/types\/post"}],"author":[{"embeddable":true,"href":"https:\/\/noticiasribeiraopreto.com.br\/index.php\/wp-json\/wp\/v2\/users\/1"}],"replies":[{"embeddable":true,"href":"https:\/\/noticiasribeiraopreto.com.br\/index.php\/wp-json\/wp\/v2\/comments?post=21120"}],"version-history":[{"count":0,"href":"https:\/\/noticiasribeiraopreto.com.br\/index.php\/wp-json\/wp\/v2\/posts\/21120\/revisions"}],"wp:featuredmedia":[{"embeddable":true,"href":"https:\/\/noticiasribeiraopreto.com.br\/index.php\/wp-json\/wp\/v2\/media\/21121"}],"wp:attachment":[{"href":"https:\/\/noticiasribeiraopreto.com.br\/index.php\/wp-json\/wp\/v2\/media?parent=21120"}],"wp:term":[{"taxonomy":"category","embeddable":true,"href":"https:\/\/noticiasribeiraopreto.com.br\/index.php\/wp-json\/wp\/v2\/categories?post=21120"},{"taxonomy":"post_tag","embeddable":true,"href":"https:\/\/noticiasribeiraopreto.com.br\/index.php\/wp-json\/wp\/v2\/tags?post=21120"}],"curies":[{"name":"wp","href":"https:\/\/api.w.org\/{rel}","templated":true}]}}