{"id":21130,"date":"2023-12-27T07:26:05","date_gmt":"2023-12-27T10:26:05","guid":{"rendered":"https:\/\/noticiasribeiraopreto.com.br\/index.php\/2023\/12\/27\/entenda-o-que-e-o-esocial-e-saiba-como-usar-esse-sistema\/"},"modified":"2023-12-27T07:26:05","modified_gmt":"2023-12-27T10:26:05","slug":"entenda-o-que-e-o-esocial-e-saiba-como-usar-esse-sistema","status":"publish","type":"post","link":"https:\/\/noticiasribeiraopreto.com.br\/index.php\/2023\/12\/27\/entenda-o-que-e-o-esocial-e-saiba-como-usar-esse-sistema\/","title":{"rendered":"Entenda o que \u00e9 o eSocial e saiba como usar esse sistema"},"content":{"rendered":"<div class='code-block code-block-1' style='margin: 8px 0 8px auto; text-align: right; display: block; clear: both;'>\n<p><a href=\"https:\/\/wa.link\/vpicfd\"><img data-recalc-dims=\"1\" class=\"wp-image-4922\" style=\"aspect-ratio: 2.0253164556962027; width: 561px; height: auto;\" src=\"https:\/\/i0.wp.com\/ismaelcolosi.com.br\/wp-content\/uploads\/2023\/11\/grupo-de-empregos-whatsapp-e-facebook-ismael-colosi-vagas.jpg?ssl=1\" alt=\"\" \/><\/a><\/p>\n<!-- \/wp:image -->\n<\/div>\n<p> <br \/>\n<\/p>\n<div>\n<p>O Sistema eSocial veio como uma inova\u00e7\u00e3o! Um projeto do governo federal institu\u00eddo em 2014 e lan\u00e7ado em 2018 que trouxe maior praticidade e agilidade na troca de informa\u00e7\u00f5es entre as empresas e governo. O principal objetivo do Sistema eSocial \u00e9 armazenar informa\u00e7\u00f5es tribut\u00e1rias, trabalhistas e previdenci\u00e1rias em nuvem, facilitando a entrega dessas informa\u00e7\u00f5es por parte das empresas e tamb\u00e9m o acesso a elas por parte dos \u00f3rg\u00e3os respons\u00e1veis.<\/p>\n<h2 class=\"wp-block-heading\">Como funciona o Sistema eSocial?<\/h2>\n<p>O sistema eSocial em si \u00e9 pr\u00e1tico e intuitivo, oque realmente nos deixa em alerta s\u00e3o os processos que envolvem a entrega dos dados necess\u00e1rios. O eSocial cumpre a promessa de simplificar o dia a dia e a entrega de dados trabalhistas e, o profissional DP deve estar alerta, tendo em m\u00e3os os dados necess\u00e1rios para a sua atualiza\u00e7\u00e3o, por esse motivo empresas que j\u00e1 trabalham com sistemas de gest\u00e3o que facilitam o acesso a esses dados automatizando esse trabalho com certeza saem na frente das demais.<br \/>Lembrando que o atraso na entrega do eSocial pode gerar uma multa de at\u00e9 2% do faturamento total da empresa! Sendo assim, \u00e9 sempre bom investir em um controle para que esses prazos sejam cumpridos.<\/p>\n<p>Os benef\u00edcios gerados por essa mudan\u00e7a s\u00e3o in\u00fameros! Entre eles se destacam:<\/p>\n<ul>\n<li><strong>Informa\u00e7\u00f5es relevantes:<\/strong> Esse processo elimina informa\u00e7\u00f5es redundantes e garantem a qualidade e veracidade das mesmas.<\/li>\n<li><strong>Praticidade e agilidade:<\/strong> O colaborador de RH poder\u00e1 realizar a entrega das informa\u00e7\u00f5es em um s\u00f3 lugar, eliminando o trabalho oneroso realizado antes da ferramenta.\u00a0<\/li>\n<li><strong>Processos simplificados: <\/strong>Processos pr\u00e1ticos e simplificados, com uma interface intuitiva, a utiliza\u00e7\u00e3o do eSocial ir\u00e1 poupar o tempo dos colaboradores para que eles possam investir no que realmente importa.\u00a0<\/li>\n<\/ul>\n<h2 class=\"wp-block-heading\">Como usar o eSocial?<\/h2>\n<p>Vamos passar algumas dicas bem funcionais para voc\u00ea que est\u00e1 implementando agora essa ferramenta.\u00a0<\/p>\n<p>1\u00ba Passo: Fa\u00e7a uma an\u00e1lise completa da sua empresa, como est\u00e3o os seus processos? Qual \u00e9 o n\u00edvel de afinidade dos seus funcion\u00e1rios com a plataforma? O setor de DP (Departamento Pessoal) levanta mensalmente todos os dados solicitados pelo eSocial?\u00a0<\/p>\n<p>2\u00ba Passo: Levantamentos realizados, agora a nossa dica \u00e9 realizar a compara\u00e7\u00e3o, percebe se o sistema de gest\u00e3o que voc\u00ea utiliza oferece os dados necess\u00e1rios para a entrega do eSocial e caso seus funcion\u00e1rios ainda n\u00e3o tenham o entendimento do eSocial passe para eles todas as informa\u00e7\u00f5es necess\u00e1rias. Vamos deixar aqui um link para o <a href=\"https:\/\/www.gov.br\/esocial\/pt-br\/documentacao-tecnica\/manuais\/mos-s-1-1-consolidada-ate-a-no-s-1-1-09-2023.pdf\" target=\"_blank\" rel=\"noreferrer noopener\">Manual do eSocial<\/a>, nele constam in\u00fameras informa\u00e7\u00f5es sobre o sistema.\u00a0<\/p>\n<p>3\u00ba Passo: Confira o manual acima, e tire todas as d\u00favidas com anteced\u00eancia, e confira se o Departamento Pessoal da sua empresa mantenha as informa\u00e7\u00f5es como dados cadastrais de funcion\u00e1rios, documentos relacionados a seguran\u00e7a do trabalho, entre outros sempre atualizados.\u00a0<\/p>\n<h2 class=\"wp-block-heading\">E o Acesso?<\/h2>\n<p>Para acessar o eSocial \u00e9 super simples! Basta entrar no <a href=\"https:\/\/login.esocial.gov.br\/login.aspx\" target=\"_blank\" rel=\"noreferrer noopener\">Portal eSocial<\/a> e logar com sua conta gov. N\u00e3o tem nenhum segredo, inclusive se voc\u00ea possui um <a href=\"https:\/\/blog.vhsys.com.br\/o-que-e-certificado-digital\/\" target=\"_blank\" rel=\"noreferrer noopener\">Certificado Digital<\/a> o passo a passo pode ser ainda mais pr\u00e1tico! Prontinho! Agora voc\u00ea j\u00e1 pode navegar pelo sistema eSocial. Vamos destacar abaixo algumas das principais vantagens do sistema eSocial.<\/p>\n<h2 class=\"wp-block-heading\">Principais vantagens do eSocial:\u00a0<\/h2>\n<ul>\n<li><strong>Padroniza\u00e7\u00e3o:<\/strong> Com o eSocial todas as informa\u00e7\u00f5es sobre os trabalhadores ficam juntas em um s\u00f3 lugar, essa organiza\u00e7\u00e3o facilita muito a atualiza\u00e7\u00e3o e acompanhamento desses dados.<\/li>\n<\/ul>\n<ul>\n<li><strong>Redu\u00e7\u00e3o de burocracia: <\/strong>A quantidade de pap\u00e9is e burocracias que o Departamento Pessoal precisa lidar diminui, deixando mais simples cumprir as regras sobre trabalho, previd\u00eancia e impostos.<\/li>\n<\/ul>\n<ul>\n<li><strong>Transpar\u00eancia e controle:<\/strong> Se torna mais f\u00e1cil para os chefes e os \u00f3rg\u00e3os do governo realizarem o acompanhamento e gest\u00e3o das informa\u00e7\u00f5es do trabalhador, tornando o processo mais transparente.<\/li>\n<\/ul>\n<ul>\n<li><strong>Agilidade na fiscaliza\u00e7\u00e3o:<\/strong> Ajuda os \u00f3rg\u00e3os de fiscaliza\u00e7\u00e3o a fazerem o trabalho deles mais r\u00e1pido, j\u00e1 que as informa\u00e7\u00f5es est\u00e3o todas guardadas de forma eletr\u00f4nica e organizada.<\/li>\n<\/ul>\n<ul>\n<li><strong>Redu\u00e7\u00e3o de custos: <\/strong>Eliminar ou reduzir algumas burocracias pode fazer com que as empresas gastem menos dinheiro nas opera\u00e7\u00f5es do dia a dia.<\/li>\n<\/ul>\n<ul>\n<li><strong>Garantia da conformidade legal:<\/strong> Ajuda empresas a manterem a conformidade com a lei<\/li>\n<\/ul>\n<ul>\n<li><strong>Facilita o acesso a benef\u00edcios: <\/strong>A possibilidade de manter todas as informa\u00e7\u00f5es em um s\u00f3 lugar facilita para que os colaboradores consigam benef\u00edcios, como aposentadoria e outros direitos.<\/li>\n<\/ul>\n<ul>\n<li><strong>Moderniza\u00e7\u00e3o e tecnologia:<\/strong> Contribui para a moderniza\u00e7\u00e3o dos processos, adotando tecnologias que simplificam a gest\u00e3o de informa\u00e7\u00f5es.<\/li>\n<\/ul>\n<h2 class=\"wp-block-heading\">Principais desafios do eSocial:<\/h2>\n<p><strong>Adapta\u00e7\u00e3o: <\/strong>Para muitas empresas a adapta\u00e7\u00e3o necess\u00e1ria para a implementa\u00e7\u00e3o eficiente do eSocial pode se tornar um desafio.<\/p>\n<p><strong>Mudan\u00e7a cultural:<\/strong> A transi\u00e7\u00e3o para o eSocial pode exigir mudan\u00e7as culturais dentro da empresa, incluindo treinamento de pessoal e aceita\u00e7\u00e3o de novos processos.<\/p>\n<p><strong>Atualiza\u00e7\u00f5es constantes: <\/strong>Manter-se atualizado com as frequentes mudan\u00e7as nas normas e requisitos do eSocial pode ser um desafio constante para as empresas.<\/p>\n<p><strong>Regras complexas: <\/strong>As regras do eSocial podem ser complexas e detalhadas, o que aumenta a possibilidade de erros e exige aten\u00e7\u00e3o especial durante todo o processo. Nesse ponto vale lembrar que voc\u00ea pode consultar o Manual do eSocial, e mais alguns materiais escritos com o intuito de ajudar no esclarecimento.\u00a0<\/p>\n<p><strong>Custo de implementa\u00e7\u00e3o: <\/strong>A implementa\u00e7\u00e3o do eSocial pode envolver custos significativos, incluindo investimentos em tecnologia, treinamento de pessoal e adequa\u00e7\u00e3o de processos internos.<\/p>\n<p><strong>Tempo de transi\u00e7\u00e3o: <\/strong>A transi\u00e7\u00e3o para o eSocial pode demandar tempo, especialmente para empresas com grandes volumes de dados e processos complexos.<\/p>\n<p><strong>Revis\u00e3o e adapta\u00e7\u00e3o de processos internos: <\/strong>A revis\u00e3o e adapta\u00e7\u00e3o dos processos internos para atender aos requisitos do eSocial pode representar um desafio, especialmente em empresas com estruturas mais tradicionais.<\/p>\n<p><strong>Gerenciamento de dados: <\/strong>A gest\u00e3o de dados sens\u00edveis dos trabalhadores requer medidas de seguran\u00e7a para garantir a privacidade dos dados.<\/p>\n<h2 class=\"wp-block-heading\">Conformidade Legal e Normativas Trabalhistas:<\/h2>\n<p>O eSocial pode ser uma excelente ferramenta quando o assunto \u00e9 conformidade normativa, pois ele mant\u00e9m os documentos digitalizados e unificados em uma s\u00f3 nuvem, se os documentos estiverem atualizados e forem entregues no per\u00edodo correto, o colaborador ter\u00e1 todos os seus direitos garantidos. Vale lembrar que o atraso do preenchimento do eSocial pode acarretar uma multa de at\u00e9 2% do lucro total da empresa.\u00a0<\/p>\n<h2 class=\"wp-block-heading\">Mudan\u00e7as recentes no eSocial 2024<\/h2>\n<p>Desde o seu lan\u00e7amento o eSocial passou por diversas mudan\u00e7as e melhorias, tornando um sistema mais robusto com mais informa\u00e7\u00f5es. Agora vamos citar alguns pontos de mudan\u00e7a entre o eSocial 1.1 e o 1.2. Vale ressaltar que voc\u00ea poder\u00e1 conferir tamb\u00e9m a publica\u00e7\u00e3o do <a href=\"https:\/\/www.gov.br\/esocial\/pt-br\/noticias\/publicacao-da-versao-s-1-2-do-leiaute-do-esocial\">Laiute<\/a> que traz todas as mudan\u00e7as documentadas.<br \/><strong>Inclus\u00e3o de Processo Trabalhista: <\/strong>Desde 1\u00ba de outubro de 2023, os empregadores est\u00e3o obrigados a inserir informa\u00e7\u00f5es sobre processos trabalhistas no eSocial, adicionando uma nova responsabilidade \u00e0s empresas.<\/p>\n<p><strong>Mudan\u00e7a da DIRF para EFD_Reinf: <\/strong>Declara\u00e7\u00f5es anteriormente realizadas pela DIRF (Declara\u00e7\u00e3o de Imposto de Renda Retido na Fonte) Ser\u00e3o feitas agora pelo EFD Reinf (<\/p>\n<p>Escritura\u00e7\u00e3o Fiscal Digital de Reten\u00e7\u00f5es e Outras Informa\u00e7\u00f5es Fiscais) diretamente no eSocial.<\/p>\n<p><strong>FGTS Digital: <\/strong>O FGTS Digital veio como uma mudan\u00e7a positiva, pois ele promove mais praticidade para o colaborador e tamb\u00e9m para o empregador, pois, facilita o gerenciamento do fundo de garantia.\u00a0<\/p>\n<p><strong>Igualdade Salarial: <\/strong>Os dados cadastrados no eSocial ser\u00e3o utilizados pelo Minist\u00e9rio do Trabalho e Emprego para garantir a igualdade salarial, vale destacar a import\u00e2ncia da plataforma na promo\u00e7\u00e3o de pr\u00e1ticas igualit\u00e1rias no ambiente de trabalho.<\/p>\n<p><strong>Dados \u00c9tnico-Raciais: <\/strong>Agora ser\u00e1 realizada<strong> <\/strong>a inclus\u00e3o da solicita\u00e7\u00e3o de dados \u00e9tnico-raciais no eSocial, isso contribui para uma abordagem mais inclusiva, al\u00e9m de oferecer a coleta de informa\u00e7\u00f5es demogr\u00e1ficas relevantes no ambiente de trabalho.<\/p>\n<p><strong>Obriga\u00e7\u00f5es de SST (Sa\u00fade e Seguran\u00e7a do Trabalho): <\/strong>Na vers\u00e3o 1.2 do Sistema eSocial se torna obrigat\u00f3ria a inclus\u00e3o de dados relacionados a Sa\u00fade e Seguran\u00e7a do Trabalho, contribuindo para a gest\u00e3o de informa\u00e7\u00f5es sobre a Sa\u00fade e bem-estar dos trabalhadores.\u00a0<\/p>\n<p><strong>Informa\u00e7\u00f5es sobre o Plano de Sa\u00fade: <\/strong>Contribuindo com o prop\u00f3sito inicial do projeto que \u00e9 simplificar e unificar a entrega de informa\u00e7\u00f5es, presta\u00e7\u00f5es de contas sobre o pagamento de plano de sa\u00fade n\u00e3o ser\u00e3o mais declaradas pelo DIRF e sim diretamente pelo eSocial.<\/p>\n<p>A vida do empreendedor \u00e9 repleta de desafios, n\u00e3o \u00e9 mesmo? S\u00e3o incont\u00e1veis as\u00a0 mudan\u00e7as que podem influenciar na sa\u00fade do seu neg\u00f3cio, e \u00e9 preciso estar acompanhando cada uma delas para tra\u00e7ar as melhores estrat\u00e9gias e garantir a sustentabilidade da sua empresa. Por isso, vamos deixar uma dica extra: A tecnologia pode ser sua principal aliada! Use e abuse de todos os recursos que estiverem ao seu alcance, dessa forma voc\u00ea ir\u00e1 garantir que sobre <strong>tempo para investir no crescimento do seu neg\u00f3cio.<\/strong>\u00a0<\/p>\n<p>Uma \u00f3tima maneira de utilizar a tecnologia a seu favor \u00e9 escolhendo um bom sistema de gest\u00e3o para sua empresa!Fique agora com a nossa \u00faltima e mais importante dica: confira como o <strong>vh<\/strong>sys, um sistema de gest\u00e3o completo, poder\u00e1 poupar seu tempo e ajudar no crescimento do seu neg\u00f3cio.<\/p>\n<div class=\"wp-block-image\">\n<figure class=\"aligncenter size-full\"><a href=\"https:\/\/www.vhsys.com.br\/experimente-gratis?utm_source=blog&amp;utm_medium=backlink&amp;utm_campaign=gestao-blog-organico_trials_esocial%09%09%09%09%09\" target=\"_blank\" rel=\"noreferrer noopener\"><img data-recalc-dims=\"1\" loading=\"lazy\" decoding=\"async\" width=\"640\" height=\"180\" src=\"https:\/\/i0.wp.com\/blog.vhsys.com.br\/wp-content\/uploads\/2023\/03\/EPPBanner-6.png?resize=640%2C180&#038;ssl=1\" alt=\"teste-gratis\" class=\"wp-image-39914\"\/><\/a><\/figure>\n<\/div>\n<\/div>\n<p><br \/>\n<br \/><a href=\"https:\/\/blog.vhsys.com.br\/esocial\/\">Source link <\/a><\/p>\n<!-- CONTENT END 1 -->\n","protected":false},"excerpt":{"rendered":"<p>O Sistema eSocial veio como uma inova\u00e7\u00e3o! Um projeto do governo federal institu\u00eddo em 2014 e lan\u00e7ado em 2018 que trouxe maior praticidade e agilidade&#8230;<\/p>\n","protected":false},"author":1,"featured_media":21131,"comment_status":"open","ping_status":"open","sticky":false,"template":"","format":"standard","meta":{"advanced_seo_description":"","jetpack_seo_html_title":"","jetpack_seo_noindex":false,"jetpack_post_was_ever_published":false,"_jetpack_newsletter_access":"","_jetpack_dont_email_post_to_subs":false,"_jetpack_newsletter_tier_id":0,"_jetpack_memberships_contains_paywalled_content":false,"_jetpack_memberships_contains_paid_content":false,"footnotes":"","jetpack_publicize_message":"","jetpack_publicize_feature_enabled":true,"jetpack_social_post_already_shared":true,"jetpack_social_options":{"image_generator_settings":{"template":"highway","default_image_id":0,"font":"","enabled":false},"version":2}},"categories":[1235],"tags":[],"class_list":["post-21130","post","type-post","status-publish","format-standard","has-post-thumbnail","hentry","category-dinheiro-e-investimento-como-fazer-como-ganhar"],"jetpack_publicize_connections":[],"jetpack_featured_media_url":"https:\/\/i0.wp.com\/noticiasribeiraopreto.com.br\/wp-content\/uploads\/2023\/12\/entenda-o-que-e-esocial-e-saiba-como-usar-esse-sistema.png?fit=750%2C500&ssl=1","jetpack-related-posts":[{"id":4150,"url":"https:\/\/noticiasribeiraopreto.com.br\/index.php\/2023\/11\/20\/fgts-digital-em-fase-de-testes-saiba-mais\/","url_meta":{"origin":21130,"position":0},"title":"FGTS Digital em fase de testes; saiba mais","author":"noticiasribeiraopreto.com.br","date":"20 de November de 2023","format":false,"excerpt":"Cr\u00e9ditos: Ag\u00eancia Brasil\/Marcelo CamargoVeja as novidades sobre o FGTS O Governo Federal anuncia uma significativa evolu\u00e7\u00e3o na administra\u00e7\u00e3o do Fundo de Garantia do Tempo de Servi\u00e7o (FGTS) com o lan\u00e7amento do FGTS Digital, uma plataforma desenvolvida para simplificar processos e proporcionar maior transpar\u00eancia nas informa\u00e7\u00f5es sobre contratos de trabalho em\u2026","rel":"","context":"In &quot;Variedades&quot;","block_context":{"text":"Variedades","link":"https:\/\/noticiasribeiraopreto.com.br\/index.php\/category\/variedades\/"},"img":{"alt_text":"","src":"https:\/\/i0.wp.com\/noticiasribeiraopreto.com.br\/wp-content\/uploads\/2023\/11\/1700532316_lucro-bilionario-do-fgts-sera-distribuido-ate-agosto-veja-quem-pode-sacar.jpg?fit=1200%2C638&ssl=1&resize=350%2C200","width":350,"height":200,"srcset":"https:\/\/i0.wp.com\/noticiasribeiraopreto.com.br\/wp-content\/uploads\/2023\/11\/1700532316_lucro-bilionario-do-fgts-sera-distribuido-ate-agosto-veja-quem-pode-sacar.jpg?fit=1200%2C638&ssl=1&resize=350%2C200 1x, https:\/\/i0.wp.com\/noticiasribeiraopreto.com.br\/wp-content\/uploads\/2023\/11\/1700532316_lucro-bilionario-do-fgts-sera-distribuido-ate-agosto-veja-quem-pode-sacar.jpg?fit=1200%2C638&ssl=1&resize=525%2C300 1.5x, https:\/\/i0.wp.com\/noticiasribeiraopreto.com.br\/wp-content\/uploads\/2023\/11\/1700532316_lucro-bilionario-do-fgts-sera-distribuido-ate-agosto-veja-quem-pode-sacar.jpg?fit=1200%2C638&ssl=1&resize=700%2C400 2x, https:\/\/i0.wp.com\/noticiasribeiraopreto.com.br\/wp-content\/uploads\/2023\/11\/1700532316_lucro-bilionario-do-fgts-sera-distribuido-ate-agosto-veja-quem-pode-sacar.jpg?fit=1200%2C638&ssl=1&resize=1050%2C600 3x"},"classes":[]},{"id":7798,"url":"https:\/\/noticiasribeiraopreto.com.br\/index.php\/2023\/11\/28\/empregador-prestara-contas-sobre-igualdade-de-salarios\/","url_meta":{"origin":21130,"position":1},"title":"Empregador prestar\u00e1 contas sobre igualdade de sal\u00e1rios\u00a0","author":"noticiasribeiraopreto.com.br","date":"28 de November de 2023","format":false,"excerpt":"28 de novembro de 2023 | 16:0028 de novembro de 2023 | 8:57 0O governo estabeleceu os crit\u00e9rios para empresas e institui\u00e7\u00f5es complementem as informa\u00e7\u00f5es para a\u00e7\u00f5es contra discrimina\u00e7\u00e3o salarial entre homens e mulheres. As regras, que viabilizar\u00e3o a execu\u00e7\u00e3o e fiscaliza\u00e7\u00e3o da Lei da Igualdade Salarial (14.611\/2023), foram publicadas\u2026","rel":"","context":"In &quot;Not\u00edcias de Ribeir\u00e3o Preto-SP e Regi\u00e3o&quot;","block_context":{"text":"Not\u00edcias de Ribeir\u00e3o Preto-SP e Regi\u00e3o","link":"https:\/\/noticiasribeiraopreto.com.br\/index.php\/category\/noticias-de-ribeirao-preto-sp-e-regiao-ismael-colosi\/"},"img":{"alt_text":"","src":"https:\/\/i0.wp.com\/noticiasribeiraopreto.com.br\/wp-content\/uploads\/2023\/11\/salario-homes-e-melheres.jpeg?fit=600%2C269&ssl=1&resize=350%2C200","width":350,"height":200,"srcset":"https:\/\/i0.wp.com\/noticiasribeiraopreto.com.br\/wp-content\/uploads\/2023\/11\/salario-homes-e-melheres.jpeg?fit=600%2C269&ssl=1&resize=350%2C200 1x, https:\/\/i0.wp.com\/noticiasribeiraopreto.com.br\/wp-content\/uploads\/2023\/11\/salario-homes-e-melheres.jpeg?fit=600%2C269&ssl=1&resize=525%2C300 1.5x"},"classes":[]},{"id":65680,"url":"https:\/\/noticiasribeiraopreto.com.br\/index.php\/2025\/03\/23\/jornal-da-franca-tire-suas-duvidas-sobre-o-novo-emprestimo-consignado-para-clt-que-ja-esta-em-vigor\/","url_meta":{"origin":21130,"position":2},"title":"Jornal da Franca &#8211; Tire suas d\u00favidas sobre o novo empr\u00e9stimo consignado para CLT, que j\u00e1 est\u00e1 em vigor","author":"noticiasribeiraopreto.com.br","date":"23 de March de 2025","format":false,"excerpt":"compartilhar no whatsapp compartilhar no telegram compartilhar no facebook compartilhar no linkedin Segundo a Federa\u00e7\u00e3o Brasileira de Bancos (Febraban), o volume de cr\u00e9dito consignado privado poder\u00e1 ultrapassar os R$ 120 bilh\u00f5es neste ano. Com a promessa de oferecer cr\u00e9dito menos caro para cerca de 47 milh\u00f5es de trabalhadores, o Programa\u2026","rel":"","context":"In &quot;Not\u00edcias de Franca-SP&quot;","block_context":{"text":"Not\u00edcias de Franca-SP","link":"https:\/\/noticiasribeiraopreto.com.br\/index.php\/category\/noticias-de-ribeirao-preto-sp-e-regiao-ismael-colosi\/noticias-franca-sp\/"},"img":{"alt_text":"","src":"https:\/\/i0.wp.com\/noticiasribeiraopreto.com.br\/wp-content\/uploads\/2025\/03\/dinheiro-800x445-1.jpg?fit=800%2C445&ssl=1&resize=350%2C200","width":350,"height":200,"srcset":"https:\/\/i0.wp.com\/noticiasribeiraopreto.com.br\/wp-content\/uploads\/2025\/03\/dinheiro-800x445-1.jpg?fit=800%2C445&ssl=1&resize=350%2C200 1x, https:\/\/i0.wp.com\/noticiasribeiraopreto.com.br\/wp-content\/uploads\/2025\/03\/dinheiro-800x445-1.jpg?fit=800%2C445&ssl=1&resize=525%2C300 1.5x, https:\/\/i0.wp.com\/noticiasribeiraopreto.com.br\/wp-content\/uploads\/2025\/03\/dinheiro-800x445-1.jpg?fit=800%2C445&ssl=1&resize=700%2C400 2x"},"classes":[]},{"id":14334,"url":"https:\/\/noticiasribeiraopreto.com.br\/index.php\/2023\/12\/11\/empregador-prestara-contas-sobre-igualdade-salarial\/","url_meta":{"origin":21130,"position":3},"title":"Empregador prestar\u00e1 contas sobre igualdade salarial","author":"noticiasribeiraopreto.com.br","date":"11 de December de 2023","format":false,"excerpt":"Thapana Onphalai\/Getty ImagesA nova lei da igualdade salarial determina a aplica\u00e7\u00e3o de multa 10 vezes o valor da legisla\u00e7\u00e3o anterior em caso de descumprimento, elevada ao dobro em caso de reincid\u00eancia\u00a0 O governo estabeleceu os crit\u00e9rios para que empresas e institui\u00e7\u00f5es complementem as informa\u00e7\u00f5es para a\u00e7\u00f5es contra discrimina\u00e7\u00e3o salarial entre\u2026","rel":"","context":"In &quot;Blog&quot;","block_context":{"text":"Blog","link":"https:\/\/noticiasribeiraopreto.com.br\/index.php\/category\/blog\/"},"img":{"alt_text":"","src":"https:\/\/i0.wp.com\/noticiasribeiraopreto.com.br\/wp-content\/uploads\/2023\/12\/carreira-desigualdade-de-genero-foto4-1024x683.jpg?fit=1024%2C683&ssl=1&resize=350%2C200","width":350,"height":200,"srcset":"https:\/\/i0.wp.com\/noticiasribeiraopreto.com.br\/wp-content\/uploads\/2023\/12\/carreira-desigualdade-de-genero-foto4-1024x683.jpg?fit=1024%2C683&ssl=1&resize=350%2C200 1x, https:\/\/i0.wp.com\/noticiasribeiraopreto.com.br\/wp-content\/uploads\/2023\/12\/carreira-desigualdade-de-genero-foto4-1024x683.jpg?fit=1024%2C683&ssl=1&resize=525%2C300 1.5x, https:\/\/i0.wp.com\/noticiasribeiraopreto.com.br\/wp-content\/uploads\/2023\/12\/carreira-desigualdade-de-genero-foto4-1024x683.jpg?fit=1024%2C683&ssl=1&resize=700%2C400 2x"},"classes":[]},{"id":77329,"url":"https:\/\/noticiasribeiraopreto.com.br\/index.php\/2025\/09\/16\/mais-de-80-mil-empregadores-deverao-regularizar-fgts-de-domesticas\/","url_meta":{"origin":21130,"position":4},"title":"Mais de 80 mil empregadores dever\u00e3o regularizar FGTS de dom\u00e9sticas","author":"noticiasribeiraopreto.com.br","date":"16 de September de 2025","format":false,"excerpt":"16 de setembro de 2025 13:1316 de setembro de 2025 09:1917 Compartilhar0 Empregadores receber\u00e3o avisos a partir de quarta-feira Mais de 80,5 mil empregadores de trabalhadores dom\u00e9sticos de todo o pa\u00eds receber\u00e3o avisos, a partir desta quarta-feira (17), para regulariza\u00e7\u00e3o dos dep\u00f3sitos do Fundo de Garantia do Tempo de Servi\u00e7o\u2026","rel":"","context":"In &quot;Not\u00edcias de Ribeir\u00e3o Preto-SP e Regi\u00e3o&quot;","block_context":{"text":"Not\u00edcias de Ribeir\u00e3o Preto-SP e Regi\u00e3o","link":"https:\/\/noticiasribeiraopreto.com.br\/index.php\/category\/noticias-de-ribeirao-preto-sp-e-regiao-ismael-colosi\/"},"img":{"alt_text":"","src":"https:\/\/i0.wp.com\/noticiasribeiraopreto.com.br\/wp-content\/uploads\/2025\/09\/domestica.webp.webp?fit=1170%2C700&ssl=1&resize=350%2C200","width":350,"height":200,"srcset":"https:\/\/i0.wp.com\/noticiasribeiraopreto.com.br\/wp-content\/uploads\/2025\/09\/domestica.webp.webp?fit=1170%2C700&ssl=1&resize=350%2C200 1x, https:\/\/i0.wp.com\/noticiasribeiraopreto.com.br\/wp-content\/uploads\/2025\/09\/domestica.webp.webp?fit=1170%2C700&ssl=1&resize=525%2C300 1.5x, https:\/\/i0.wp.com\/noticiasribeiraopreto.com.br\/wp-content\/uploads\/2025\/09\/domestica.webp.webp?fit=1170%2C700&ssl=1&resize=700%2C400 2x, https:\/\/i0.wp.com\/noticiasribeiraopreto.com.br\/wp-content\/uploads\/2025\/09\/domestica.webp.webp?fit=1170%2C700&ssl=1&resize=1050%2C600 3x"},"classes":[]},{"id":44140,"url":"https:\/\/noticiasribeiraopreto.com.br\/index.php\/2024\/03\/26\/otima-noticia-trabalhadores-de-carteira-assinada-tem-direito-a-saques-imediatos-de-r-235-e-r-1-059-veja-como\/","url_meta":{"origin":21130,"position":5},"title":"\u00d3tima not\u00edcia! Trabalhadores de carteira assinada t\u00eam direito a saques imediatos de R$ 235 e R$ 1.059; Veja como","author":"noticiasribeiraopreto.com.br","date":"26 de March de 2024","format":false,"excerpt":"Boas not\u00edcias para os trabalhadores regulares! A Caixa Econ\u00f4mica Federal divulgou a lista de benefici\u00e1rios que podem sacar no PIS\/Pasep. Por isso, muitos trabalhadores esperam valores que variam de R$ 235 a R$ 1.295. Esse abono salarial \u00e9 apenas para trabalhadores que mantenham v\u00ednculo empregat\u00edcio formal at\u00e9 2024 e tenham\u2026","rel":"","context":"In &quot;Dinheiro e Investimento&quot;","block_context":{"text":"Dinheiro e Investimento","link":"https:\/\/noticiasribeiraopreto.com.br\/index.php\/category\/dinheiro-e-investimento-como-fazer-como-ganhar\/"},"img":{"alt_text":"","src":"https:\/\/i0.wp.com\/noticiasribeiraopreto.com.br\/wp-content\/uploads\/2024\/03\/Design-sem-nome-1-2.webp.webp?fit=1200%2C630&ssl=1&resize=350%2C200","width":350,"height":200,"srcset":"https:\/\/i0.wp.com\/noticiasribeiraopreto.com.br\/wp-content\/uploads\/2024\/03\/Design-sem-nome-1-2.webp.webp?fit=1200%2C630&ssl=1&resize=350%2C200 1x, https:\/\/i0.wp.com\/noticiasribeiraopreto.com.br\/wp-content\/uploads\/2024\/03\/Design-sem-nome-1-2.webp.webp?fit=1200%2C630&ssl=1&resize=525%2C300 1.5x, https:\/\/i0.wp.com\/noticiasribeiraopreto.com.br\/wp-content\/uploads\/2024\/03\/Design-sem-nome-1-2.webp.webp?fit=1200%2C630&ssl=1&resize=700%2C400 2x, https:\/\/i0.wp.com\/noticiasribeiraopreto.com.br\/wp-content\/uploads\/2024\/03\/Design-sem-nome-1-2.webp.webp?fit=1200%2C630&ssl=1&resize=1050%2C600 3x"},"classes":[]}],"jetpack_sharing_enabled":true,"jetpack_shortlink":"https:\/\/wp.me\/peQAOb-5uO","_links":{"self":[{"href":"https:\/\/noticiasribeiraopreto.com.br\/index.php\/wp-json\/wp\/v2\/posts\/21130","targetHints":{"allow":["GET"]}}],"collection":[{"href":"https:\/\/noticiasribeiraopreto.com.br\/index.php\/wp-json\/wp\/v2\/posts"}],"about":[{"href":"https:\/\/noticiasribeiraopreto.com.br\/index.php\/wp-json\/wp\/v2\/types\/post"}],"author":[{"embeddable":true,"href":"https:\/\/noticiasribeiraopreto.com.br\/index.php\/wp-json\/wp\/v2\/users\/1"}],"replies":[{"embeddable":true,"href":"https:\/\/noticiasribeiraopreto.com.br\/index.php\/wp-json\/wp\/v2\/comments?post=21130"}],"version-history":[{"count":0,"href":"https:\/\/noticiasribeiraopreto.com.br\/index.php\/wp-json\/wp\/v2\/posts\/21130\/revisions"}],"wp:featuredmedia":[{"embeddable":true,"href":"https:\/\/noticiasribeiraopreto.com.br\/index.php\/wp-json\/wp\/v2\/media\/21131"}],"wp:attachment":[{"href":"https:\/\/noticiasribeiraopreto.com.br\/index.php\/wp-json\/wp\/v2\/media?parent=21130"}],"wp:term":[{"taxonomy":"category","embeddable":true,"href":"https:\/\/noticiasribeiraopreto.com.br\/index.php\/wp-json\/wp\/v2\/categories?post=21130"},{"taxonomy":"post_tag","embeddable":true,"href":"https:\/\/noticiasribeiraopreto.com.br\/index.php\/wp-json\/wp\/v2\/tags?post=21130"}],"curies":[{"name":"wp","href":"https:\/\/api.w.org\/{rel}","templated":true}]}}