{"id":21144,"date":"2023-12-27T08:13:05","date_gmt":"2023-12-27T11:13:05","guid":{"rendered":"https:\/\/noticiasribeiraopreto.com.br\/index.php\/2023\/12\/27\/7-destinos-com-praias-de-agua-doce\/"},"modified":"2023-12-27T08:13:05","modified_gmt":"2023-12-27T11:13:05","slug":"7-destinos-com-praias-de-agua-doce","status":"publish","type":"post","link":"https:\/\/noticiasribeiraopreto.com.br\/index.php\/2023\/12\/27\/7-destinos-com-praias-de-agua-doce\/","title":{"rendered":"7 destinos com praias de \u00e1gua doce"},"content":{"rendered":"<div class='code-block code-block-1' style='margin: 8px 0 8px auto; text-align: right; display: block; clear: both;'>\n<p><a href=\"https:\/\/wa.link\/vpicfd\"><img data-recalc-dims=\"1\" class=\"wp-image-4922\" style=\"aspect-ratio: 2.0253164556962027; width: 561px; height: auto;\" src=\"https:\/\/i0.wp.com\/ismaelcolosi.com.br\/wp-content\/uploads\/2023\/11\/grupo-de-empregos-whatsapp-e-facebook-ismael-colosi-vagas.jpg?ssl=1\" alt=\"\" \/><\/a><\/p>\n<!-- \/wp:image -->\n<\/div>\n<p> <br \/>\n<\/p>\n<div>\n<p>\u00c9 certo que praias s\u00e3o destinos ideais para aproveitar os dias quentes e ensolarados do ver\u00e3o. S\u00f3 no <a href=\"https:\/\/catracalivre.com.br\/viagem-livre\/15-praias-para-conhecer-no-litoral-norte-de-sao-paulo\/\">litoral paulista<\/a> s\u00e3o 293 praias pelos 622 km de extens\u00e3o.<\/p>\n<p>No entanto, h\u00e1 viajantes que preferem a \u00e1gua doce \u00e0 salgada do Atl\u00e2ntico. Para eles, temos uma \u00f3tima not\u00edcia. O estado de S\u00e3o Paulo disp\u00f5e de 99 munic\u00edpios capazes de receber seus turistas \u00e0 beira de volumosos e atraentes rios. Com areia e tudo.<\/p>\n<div id=\"attachment_2213378\" class=\"wp-caption aligncenter\">\n<div class=\"d-flex justify-content-center\" data-attachment-id=\"2213378\">\n<div class=\"position-relative d-inline-block\"><img src=\"https:\/\/catracalivre.com.br\/viagem-livre\/interior-de-sp-7-destinos-com-praias-de-agua-doce\/Divulga\u00e7\u00e3o\/PMR\" fetchpriority=\"high\" decoding=\"async\" class=\"wp-image-2213378 size-large\" alt=\"Conhe\u00e7a algumas praias de \u00e1gua doce no interior de S\u00e3o Paulo\" width=\"910\" height=\"512\" srcset=\"https:\/\/catracalivre.com.br\/wp-content\/uploads\/2022\/05\/rosana-interior-sp-910x512.jpg 910w, https:\/\/catracalivre.com.br\/wp-content\/uploads\/2022\/05\/rosana-interior-sp-450x253.jpg 450w, https:\/\/catracalivre.com.br\/wp-content\/uploads\/2022\/05\/rosana-interior-sp-768x432.jpg 768w\" sizes=\"(max-width: 910px) 100vw, 910px\"\/><\/p>\n<p>Cr\u00e9ditos: Divulga\u00e7\u00e3o\/PMR<\/p>\n<\/div>\n<\/div>\n<p><span class=\"post-imagem__legenda\">Conhe\u00e7a algumas praias de \u00e1gua doce no interior de S\u00e3o Paulo<\/span><\/p>\n<\/div>\n<p>S\u00e3o as praias de \u00e1gua doce que oferecem estrutura suficiente para quem quer aproveitar as \u00e1guas de um rio em meio a bonitos cen\u00e1rios para se refrescar, com tranquilidade e com belo verde ao redor.<\/p>\n<p>A \u00e1gua dos rios, lagos e len\u00e7\u00f3is subterr\u00e2neos possui uma salinidade pr\u00f3xima de zero e, por oposi\u00e7\u00e3o \u00e0 \u00e1gua salgada do mar, \u00e9 chamada de \u00e1gua doce.<\/p>\n<p>Confira abaixo sete destinos paulistas para se esbaldar em suas praias de \u00e1gua doce.<\/p>\n<h2>Destinos em SP com praias de \u00e1gua doce para todos os gostos<\/h2>\n<h3>Buritama<\/h3>\n<p>Banhado pelos rios Tiet\u00ea, Palmeirinha e Santa B\u00e1rbara, o munic\u00edpio de Buritama, com 17.210 habitantes e distante 537 km da capital, tornou-se um local para o turismo de lazer e entretenimento.<\/p>\n<div id=\"attachment_2328799\" class=\"wp-caption aligncenter\">\n<div class=\"d-flex justify-content-center\" data-attachment-id=\"2328799\">\n<div class=\"position-relative d-inline-block\"><img loading=\"lazy\" src=\"https:\/\/catracalivre.com.br\/viagem-livre\/interior-de-sp-7-destinos-com-praias-de-agua-doce\/Divulga\u00e7\u00e3o\/Go\" decoding=\"async\" class=\"size-full wp-image-2328799\" alt=\"Buritama\" width=\"577\" height=\"477\" srcset=\"https:\/\/catracalivre.com.br\/wp-content\/uploads\/2023\/12\/whatsapp-image-2023-12-13-at-172723.jpeg 577w, https:\/\/catracalivre.com.br\/wp-content\/uploads\/2023\/12\/whatsapp-image-2023-12-13-at-172723-450x372.jpeg 450w\" sizes=\"auto, (max-width: 577px) 100vw, 577px\"\/><\/p>\n<p>Cr\u00e9ditos: Divulga\u00e7\u00e3o\/Go<\/p>\n<\/div>\n<\/div>\n<p><span class=\"post-imagem__legenda\">Buritama<\/span><\/p>\n<\/div>\n<p>E a prainha local, no Parque Tur\u00edstico Jo\u00e3o Sim\u00e3o Garcia, surge como destacada op\u00e7\u00e3o de lazer para a regi\u00e3o. Durante dias normais o p\u00fablico gira em torno de 3 mil pessoas.<\/p>\n<p>Possui at\u00e9 um catamar\u00e3 como grande atrativo da prainha deste destino. Com clima subtropical, Buritama \u00e9 um ponto de encontro para quem procura atividades rurais, turismo n\u00e1utico, de pesca, al\u00e9m dos condom\u00ednios, ranchos e passeios de barco.<\/p>\n<p>A Prainha de Buritama tem 1,2 mil metros quadrados de praia, 83 quiosques com churrasqueiras, banheiros com duchas, \u00e1rea de camping e lanchonete.<\/p>\n<h3>Itapura<\/h3>\n<p>O munic\u00edpio de apenas 3.979 habitantes e distante 677 km da capital abriga a foz do Rio Tiet\u00ea, no encontro com o Rio Paran\u00e1, e oferece uma fauna repleta de peixes e p\u00e1ssaros.<\/p>\n<div id=\"attachment_2328796\" class=\"wp-caption aligncenter\">\n<div class=\"d-flex justify-content-center\" data-attachment-id=\"2328796\">\n<div class=\"position-relative d-inline-block\"><img loading=\"lazy\" src=\"https:\/\/catracalivre.com.br\/viagem-livre\/interior-de-sp-7-destinos-com-praias-de-agua-doce\/Divulga\u00e7\u00e3o\/Governo de SP\" decoding=\"async\" class=\"size-large wp-image-2328796\" alt=\"Praia de \u00e1gua doce da cidade de Itapura\" width=\"910\" height=\"606\" srcset=\"https:\/\/catracalivre.com.br\/wp-content\/uploads\/2023\/12\/whatsapp-image-2023-12-13-at-172957-910x606.jpeg 910w, https:\/\/catracalivre.com.br\/wp-content\/uploads\/2023\/12\/whatsapp-image-2023-12-13-at-172957-450x300.jpeg 450w, https:\/\/catracalivre.com.br\/wp-content\/uploads\/2023\/12\/whatsapp-image-2023-12-13-at-172957-768x512.jpeg 768w\" sizes=\"auto, (max-width: 910px) 100vw, 910px\"\/><\/p>\n<p>Cr\u00e9ditos: Divulga\u00e7\u00e3o\/Governo de SP<\/p>\n<\/div>\n<\/div>\n<p><span class=\"post-imagem__legenda\">Praia de \u00e1gua doce da cidade de Itapura<\/span><\/p>\n<\/div>\n<p>Destaque para a Prainha Municipal deste destino que \u00e9 um lugar de f\u00e1cil acesso, equipada com banheiros, duchas, quiosques, churrasqueiras, lanchonetes e lugar com uma pra\u00e7a de eventos onde acontecem shows com m\u00fasicas ao vivo.<\/p>\n<p>\u00c1rea de banho no Rio Tiet\u00ea em \u00e1guas cristalinas. Ideal tamb\u00e9m para o turismo de pesca, gra\u00e7as \u00e0 combina\u00e7\u00e3o do clima favor\u00e1vel e dos rios. Assim, o visitante que for pescar pode encontrar tucunar\u00e9s, pacus e piau.<\/p>\n<h3>Mendon\u00e7a<\/h3>\n<p>Nesta cidade, o rio Tiet\u00ea \u00e9 um espelho d\u2019\u00e1gua. Para o turista que busca sossego, divers\u00e3o e belas paisagens em meio \u00e0 fauna e flora, a cidade fica a 467 km de S\u00e3o Paulo e integra a Regi\u00e3o Tur\u00edstica \u00c1guas, Sabores e Saberes, no noroeste do estado.<\/p>\n<div id=\"attachment_2328795\" class=\"wp-caption aligncenter\">\n<div class=\"d-flex justify-content-center\" data-attachment-id=\"2328795\">\n<div class=\"position-relative d-inline-block\"><img src=\"https:\/\/catracalivre.com.br\/viagem-livre\/interior-de-sp-7-destinos-com-praias-de-agua-doce\/Divulga\u00e7\u00e3o\/Governo de SP\" loading=\"lazy\" decoding=\"async\" class=\"size-full wp-image-2328795\" alt=\"Prainha de Mendon\u00e7a\" width=\"800\" height=\"620\" srcset=\"https:\/\/catracalivre.com.br\/wp-content\/uploads\/2023\/12\/whatsapp-image-2023-12-13-at-173155.jpeg 800w, https:\/\/catracalivre.com.br\/wp-content\/uploads\/2023\/12\/whatsapp-image-2023-12-13-at-173155-450x349.jpeg 450w, https:\/\/catracalivre.com.br\/wp-content\/uploads\/2023\/12\/whatsapp-image-2023-12-13-at-173155-768x595.jpeg 768w\" sizes=\"auto, (max-width: 800px) 100vw, 800px\"\/><\/p>\n<p>Cr\u00e9ditos: Divulga\u00e7\u00e3o\/Governo de SP<\/p>\n<\/div>\n<\/div>\n<p><span class=\"post-imagem__legenda\">Prainha de Mendon\u00e7a<\/span><\/p>\n<\/div>\n<p>Destaque para a praia fluvial da Barra Mansa, mais conhecida como Prainha de Mendon\u00e7a, no rio Tiet\u00ea, que \u00e9 considerada um equipamento tur\u00edstico bem cuidado e tem capacidade para receber at\u00e9 5 mil pessoas.<\/p>\n<p>Ali, o visitante vai encontrar 3 km de areia com infraestrutura de banheiros, salva-vidas, quiosques, espa\u00e7o para futebol de praia, cais, piscinas com tobog\u00e3, lanchonete e \u00e1rea de camping.<\/p>\n<h3>Mira Estela<\/h3>\n<p>Mira Estrela \u00e9 banhada pelo Rio Grande, conta com 3.126 habitantes e est\u00e1 distante 586 km da capital. Tem clima temperado e sua qualidade de vida \u00e9 considerada alta.<\/p>\n<div id=\"attachment_2328793\" class=\"wp-caption aligncenter\">\n<div class=\"d-flex justify-content-center\" data-attachment-id=\"2328793\">\n<div class=\"position-relative d-inline-block\"><img src=\"https:\/\/catracalivre.com.br\/viagem-livre\/interior-de-sp-7-destinos-com-praias-de-agua-doce\/Divulga\u00e7\u00e3o\/Governo de SP\" loading=\"lazy\" decoding=\"async\" class=\"size-large wp-image-2328793\" alt=\"Praia Fluvial de Mira Estrela\" width=\"910\" height=\"511\" srcset=\"https:\/\/catracalivre.com.br\/wp-content\/uploads\/2023\/12\/whatsapp-image-2023-12-13-at-173023-910x511.jpeg 910w, https:\/\/catracalivre.com.br\/wp-content\/uploads\/2023\/12\/whatsapp-image-2023-12-13-at-173023-450x253.jpeg 450w, https:\/\/catracalivre.com.br\/wp-content\/uploads\/2023\/12\/whatsapp-image-2023-12-13-at-173023-768x432.jpeg 768w\" sizes=\"auto, (max-width: 910px) 100vw, 910px\"\/><\/p>\n<p>Cr\u00e9ditos: Divulga\u00e7\u00e3o\/Governo de SP<\/p>\n<\/div>\n<\/div>\n<p><span class=\"post-imagem__legenda\">Praia Fluvial de Mira Estrela<\/span><\/p>\n<\/div>\n<p>A cidade \u00e9 famosa pela sua praia de rio, conhecida como a Prainha Municipal, que fica a 11 km do centro urbano e \u00e9 um verdadeiro ref\u00fagio de 7,2 hectares e possui chal\u00e9s, churrasqueiras, quiosques, sanit\u00e1rios, lanchonetes e restaurante.<\/p>\n<p>Totalmente arborizada, possui \u00e1rea para camping, lago para banho e disp\u00f5e de \u00e1rea verde, playground com brinquedos para as crian\u00e7as e campos de futebol, voleibol e futev\u00f4lei.<\/p>\n<p>Nas f\u00e9rias escolares, a Prainha atrai 3,6 mil visitantes por semana, que podem alugar chal\u00e9s e desfrutar das suas \u00e1reas de lazer, al\u00e9m de um generoso p\u00f4r do sol.<\/p>\n<p>Para os pescadores, o Rio Grande, que banha Mira Estrela, \u00e9 rico em peixes como o dourado, o surubim, o lambari e o tucunar\u00e9.<\/p>\n<h3>Presidente Epit\u00e1cio<\/h3>\n<p>A Est\u00e2ncia Tur\u00edstica de Presidente Epit\u00e1cio, cerca de 667 km, \u00e9 privilegiada pela natureza que contempla cen\u00e1rios perfeitos para a pr\u00e1tica da atividade tur\u00edstica.<\/p>\n<div id=\"attachment_2328788\" class=\"wp-caption aligncenter\">\n<div class=\"d-flex justify-content-center\" data-attachment-id=\"2328788\">\n<div class=\"position-relative d-inline-block\"><img src=\"https:\/\/catracalivre.com.br\/viagem-livre\/interior-de-sp-7-destinos-com-praias-de-agua-doce\/Divulga\u00e7\u00e3o\/Governo de SP\" loading=\"lazy\" decoding=\"async\" class=\"size-large wp-image-2328788\" alt=\"Praia de \u00e1gua coce de Presidente Epit\u00e1cio\" width=\"910\" height=\"605\" srcset=\"https:\/\/catracalivre.com.br\/wp-content\/uploads\/2023\/12\/whatsapp-image-2023-12-13-at-173230-910x605.jpeg 910w, https:\/\/catracalivre.com.br\/wp-content\/uploads\/2023\/12\/whatsapp-image-2023-12-13-at-173230-450x299.jpeg 450w, https:\/\/catracalivre.com.br\/wp-content\/uploads\/2023\/12\/whatsapp-image-2023-12-13-at-173230-768x511.jpeg 768w\" sizes=\"auto, (max-width: 910px) 100vw, 910px\"\/><\/p>\n<p>Cr\u00e9ditos: Divulga\u00e7\u00e3o\/Governo de SP<\/p>\n<\/div>\n<\/div>\n<p><span class=\"post-imagem__legenda\">Praia de \u00e1gua coce de Presidente Epit\u00e1cio<\/span><\/p>\n<\/div>\n<p>Tem um leque de atrativos, a come\u00e7ar pelo Parque Municipal, o Figueiral, localizado \u00e0s margens do Rio Paran\u00e1, distante aproximadamente 5 km do centro da cidade, e \u00e9 uma das melhores op\u00e7\u00f5es de lazer aos finais de semana e feriados.<\/p>\n<p>Al\u00e9m da praia de \u00e1gua doce, tobog\u00e3, quadra poliesportiva, campo de areia, lanchonetes, restaurante, \u00e1reas de recrea\u00e7\u00e3o e toda a infraestrutura necess\u00e1ria para um dia de lazer, o local garante ambiente prop\u00edcio para visitantes e mun\u00edcipes.<\/p>\n<p>Divers\u00e3o para todas as faixas et\u00e1rias. A orla conta com aproximadamente 7 km de extens\u00e3o.<\/p>\n<h3>Rosana<\/h3>\n<p>Repleto de riquezas naturais, Rosana est\u00e1 localizada no extremo oeste do estado de S\u00e3o Paulo, distante 749 km da capital.<\/p>\n<div id=\"attachment_2328785\" class=\"wp-caption aligncenter\">\n<div class=\"d-flex justify-content-center\" data-attachment-id=\"2328785\">\n<div class=\"position-relative d-inline-block\"><img src=\"https:\/\/catracalivre.com.br\/viagem-livre\/interior-de-sp-7-destinos-com-praias-de-agua-doce\/Divulga\u00e7\u00e3o\/Governo de SP\" loading=\"lazy\" decoding=\"async\" class=\"size-large wp-image-2328785\" alt=\"Praia Fluvial de Rosana\" width=\"910\" height=\"511\" srcset=\"https:\/\/catracalivre.com.br\/wp-content\/uploads\/2023\/12\/whatsapp-image-2023-12-13-at-172936-910x511.jpeg 910w, https:\/\/catracalivre.com.br\/wp-content\/uploads\/2023\/12\/whatsapp-image-2023-12-13-at-172936-450x253.jpeg 450w, https:\/\/catracalivre.com.br\/wp-content\/uploads\/2023\/12\/whatsapp-image-2023-12-13-at-172936-768x432.jpeg 768w\" sizes=\"auto, (max-width: 910px) 100vw, 910px\"\/><\/p>\n<p>Cr\u00e9ditos: Divulga\u00e7\u00e3o\/Governo de SP<\/p>\n<\/div>\n<\/div>\n<p><span class=\"post-imagem__legenda\">Praia Fluvial de Rosana<\/span><\/p>\n<\/div>\n<p>Vem se destacando perante o cen\u00e1rio regional devido \u00e0 procura pelo turismo de pesca levando turistas do pa\u00eds inteiro \u00e0 regi\u00e3o atr\u00e1s dos peixes t\u00edpicos como o tucunar\u00e9, pintado, ja\u00fa, dourado, til\u00e1pia, sardela, entre outros.<\/p>\n<p>A cidade est\u00e1 localizada entre dois grandes rios do pa\u00eds, o Paran\u00e1 e a Paranapanema, e \u00e9 esta abund\u00e2ncia de \u00e1gua que movimenta o turismo em Rosana.<\/p>\n<p>Destaque para o Balne\u00e1rio Municipal constru\u00eddo \u00e0s margens do Rio Paran\u00e1, lugar ideal para se divertir com a fam\u00edlia e amigos, uma vez que possui infraestrutura com banheiros, duchas, estacionamento, quadras de areia, campo de futebol de areia, playground para as crian\u00e7as, policiamento e Corpo de Bombeiros.<\/p>\n<h3>Santa Clara D\u2019oeste<\/h3>\n<p>Um dos maiores complexos tur\u00edsticos de todo o estado fica em Santa Clara d\u2019Oeste, distante 636 km da capital. Trata-se do Grandes Lagos Resort e Parque Aqu\u00e1tico, atra\u00e7\u00f5es completas voltadas para a fam\u00edlia, localizadas \u00e0s margens do encontro dos rios Parana\u00edba e Rio Grande, formando o Rio Paran\u00e1, situado no famoso \u201cMarco Zero\u201d.<\/p>\n<div id=\"attachment_2328783\" class=\"wp-caption aligncenter\">\n<div class=\"d-flex justify-content-center\" data-attachment-id=\"2328783\">\n<div class=\"position-relative d-inline-block\"><img src=\"https:\/\/catracalivre.com.br\/viagem-livre\/interior-de-sp-7-destinos-com-praias-de-agua-doce\/Divulga\u00e7\u00e3o\/Governo de SP\" loading=\"lazy\" decoding=\"async\" class=\"size-large wp-image-2328783\" alt=\"Prainha de Santa Clara D\u2019Oeste\" width=\"910\" height=\"606\" srcset=\"https:\/\/catracalivre.com.br\/wp-content\/uploads\/2023\/12\/whatsapp-image-2023-12-13-at-172912-910x606.jpeg 910w, https:\/\/catracalivre.com.br\/wp-content\/uploads\/2023\/12\/whatsapp-image-2023-12-13-at-172912-450x300.jpeg 450w, https:\/\/catracalivre.com.br\/wp-content\/uploads\/2023\/12\/whatsapp-image-2023-12-13-at-172912-768x511.jpeg 768w\" sizes=\"auto, (max-width: 910px) 100vw, 910px\"\/><\/p>\n<p>Cr\u00e9ditos: Divulga\u00e7\u00e3o\/Governo de SP<\/p>\n<\/div>\n<\/div>\n<p><span class=\"post-imagem__legenda\">Prainha de Santa Clara D\u2019Oeste<\/span><\/p>\n<\/div>\n<p>Em frente a este marco tamb\u00e9m est\u00e1 localizada a Prainha Municipal do Coti, uma \u00e1rea de lazer com quiosques, churrasqueira, playground, quadra de areia e muita sombra, tudo isso sem custos nenhum para os frequentadores.<\/p>\n<p>E para os turistas que t\u00eam barcos ou que queiram conhecer ainda mais a regi\u00e3o, o empreendimento conta tamb\u00e9m com uma Marina para proporcionar uma experi\u00eancia completa.<\/p>\n<\/div>\n<p><script>\n\t\t! function(f, b, e, v, n, t, s) {\n\t\t\tif (f.fbq) return;\n\t\t\tn = f.fbq = function() {\n\t\t\t\tn.callMethod ?\n\t\t\t\t\tn.callMethod.apply(n, arguments) : n.queue.push(arguments)\n\t\t\t};\n\t\t\tif (!f._fbq) f._fbq = n;\n\t\t\tn.push = n;\n\t\t\tn.loaded = !0;\n\t\t\tn.version = '2.0';\n\t\t\tn.queue = [];\n\t\t\tt = b.createElement(e);\n\t\t\tt.async = !0;\n\t\t\tt.src = v;\n\t\t\ts = b.getElementsByTagName(e)[0];\n\t\t\ts.parentNode.insertBefore(t, s)\n\t\t}(window, document, 'script',\n\t\t\t'https:\/\/connect.facebook.net\/en_US\/fbevents.js');\n\t\tfbq('init', '338315473262380');\n\t\tfbq('track', 'PageView');\n\t<\/script><br \/>\n<br \/><br \/>\n<br \/><a href=\"https:\/\/catracalivre.com.br\/viagem-livre\/interior-de-sp-7-destinos-com-praias-de-agua-doce\/\">Source link <\/a><\/p>\n<!-- CONTENT END 1 -->\n","protected":false},"excerpt":{"rendered":"<p>\u00c9 certo que praias s\u00e3o destinos ideais para aproveitar os dias quentes e ensolarados do ver\u00e3o. S\u00f3 no litoral paulista s\u00e3o 293 praias pelos 622&#8230;<\/p>\n","protected":false},"author":1,"featured_media":21145,"comment_status":"open","ping_status":"open","sticky":false,"template":"","format":"standard","meta":{"advanced_seo_description":"","jetpack_seo_html_title":"","jetpack_seo_noindex":false,"jetpack_post_was_ever_published":false,"_jetpack_newsletter_access":"","_jetpack_dont_email_post_to_subs":false,"_jetpack_newsletter_tier_id":0,"_jetpack_memberships_contains_paywalled_content":false,"_jetpack_memberships_contains_paid_content":false,"footnotes":"","jetpack_publicize_message":"","jetpack_publicize_feature_enabled":true,"jetpack_social_post_already_shared":true,"jetpack_social_options":{"image_generator_settings":{"template":"highway","default_image_id":0,"font":"","enabled":false},"version":2}},"categories":[19],"tags":[],"class_list":["post-21144","post","type-post","status-publish","format-standard","has-post-thumbnail","hentry","category-variedades"],"jetpack_publicize_connections":[],"jetpack_featured_media_url":"https:\/\/i0.wp.com\/noticiasribeiraopreto.com.br\/wp-content\/uploads\/2023\/12\/rosana-interior-sp.jpg?fit=1200%2C638&ssl=1","jetpack-related-posts":[{"id":81076,"url":"https:\/\/noticiasribeiraopreto.com.br\/index.php\/2025\/12\/23\/litoral-de-sp-esta-com-22-praias-improprias-para-banho-neste-natal-saiba-quais\/","url_meta":{"origin":21144,"position":0},"title":"Litoral de SP est\u00e1 com 22 praias impr\u00f3prias para banho neste Natal; Saiba quais","author":"noticiasribeiraopreto.com.br","date":"23 de December de 2025","format":false,"excerpt":"O litoral de S\u00e3o Paulo tem 22 praias impr\u00f3prias para banho, segundo an\u00e1lise da Companhia Ambiental do Estado de S\u00e3o Paulo (Cetesb). A nova atualiza\u00e7\u00e3o do boletim de balneabilidade foi publicada nesta segunda-feira (22). De acordo com o \u00f3rg\u00e3o, Santos \u00e9 o destino com o maior n\u00famero de praias impr\u00f3prias\u2026","rel":"","context":"In &quot;Not\u00edcias de Ribeir\u00e3o Preto-SP e Regi\u00e3o&quot;","block_context":{"text":"Not\u00edcias de Ribeir\u00e3o Preto-SP e Regi\u00e3o","link":"https:\/\/noticiasribeiraopreto.com.br\/index.php\/category\/noticias-de-ribeirao-preto-sp-e-regiao-ismael-colosi\/"},"img":{"alt_text":"","src":"https:\/\/i0.wp.com\/noticiasribeiraopreto.com.br\/wp-content\/uploads\/2025\/12\/praia_marcerlo_2025-12-22_21-00-12.webp.webp?fit=927%2C618&ssl=1&resize=350%2C200","width":350,"height":200,"srcset":"https:\/\/i0.wp.com\/noticiasribeiraopreto.com.br\/wp-content\/uploads\/2025\/12\/praia_marcerlo_2025-12-22_21-00-12.webp.webp?fit=927%2C618&ssl=1&resize=350%2C200 1x, https:\/\/i0.wp.com\/noticiasribeiraopreto.com.br\/wp-content\/uploads\/2025\/12\/praia_marcerlo_2025-12-22_21-00-12.webp.webp?fit=927%2C618&ssl=1&resize=525%2C300 1.5x, https:\/\/i0.wp.com\/noticiasribeiraopreto.com.br\/wp-content\/uploads\/2025\/12\/praia_marcerlo_2025-12-22_21-00-12.webp.webp?fit=927%2C618&ssl=1&resize=700%2C400 2x"},"classes":[]},{"id":84902,"url":"https:\/\/noticiasribeiraopreto.com.br\/index.php\/2026\/04\/17\/vai-para-o-litoral-no-feriado-veja-praias-improprias-para-banho-em-sp\/","url_meta":{"origin":21144,"position":1},"title":"Vai para o litoral no feriado? Veja praias impr\u00f3prias para banho em SP","author":"noticiasribeiraopreto.com.br","date":"17 de April de 2026","format":false,"excerpt":"Ler o resumo da not\u00edcia Cetesb divulgou nesta quinta\u2011feira (16) que 9 das 175 praias monitoradas no litoral de SP est\u00e3o impr\u00f3prias para banho. O levantamento aponta que 94\u202f% dos pontos avaliados permanecem classificados como pr\u00f3prios para banho. As praias com bandeira vermelha s\u00e3o Rio Itamambuca, Itagu\u00e1 e L\u00e1zaro (Ubatuba);\u2026","rel":"","context":"In &quot;Not\u00edcias de Ribeir\u00e3o Preto-SP e Regi\u00e3o&quot;","block_context":{"text":"Not\u00edcias de Ribeir\u00e3o Preto-SP e Regi\u00e3o","link":"https:\/\/noticiasribeiraopreto.com.br\/index.php\/category\/noticias-de-ribeirao-preto-sp-e-regiao-ismael-colosi\/"},"img":{"alt_text":"","src":"https:\/\/i0.wp.com\/noticiasribeiraopreto.com.br\/wp-content\/uploads\/2025\/04\/praia-grande_2025-04-08_16-14-09_jpg_2025-04-08_16-14-09.webp.webp?fit=1200%2C797&ssl=1&resize=350%2C200","width":350,"height":200,"srcset":"https:\/\/i0.wp.com\/noticiasribeiraopreto.com.br\/wp-content\/uploads\/2025\/04\/praia-grande_2025-04-08_16-14-09_jpg_2025-04-08_16-14-09.webp.webp?fit=1200%2C797&ssl=1&resize=350%2C200 1x, https:\/\/i0.wp.com\/noticiasribeiraopreto.com.br\/wp-content\/uploads\/2025\/04\/praia-grande_2025-04-08_16-14-09_jpg_2025-04-08_16-14-09.webp.webp?fit=1200%2C797&ssl=1&resize=525%2C300 1.5x, https:\/\/i0.wp.com\/noticiasribeiraopreto.com.br\/wp-content\/uploads\/2025\/04\/praia-grande_2025-04-08_16-14-09_jpg_2025-04-08_16-14-09.webp.webp?fit=1200%2C797&ssl=1&resize=700%2C400 2x, https:\/\/i0.wp.com\/noticiasribeiraopreto.com.br\/wp-content\/uploads\/2025\/04\/praia-grande_2025-04-08_16-14-09_jpg_2025-04-08_16-14-09.webp.webp?fit=1200%2C797&ssl=1&resize=1050%2C600 3x"},"classes":[]},{"id":18578,"url":"https:\/\/noticiasribeiraopreto.com.br\/index.php\/2023\/12\/20\/5-praias-pouco-frequentadas-no-litoral-de-sao-paulo\/","url_meta":{"origin":21144,"position":2},"title":"5 praias pouco frequentadas no litoral de S\u00e3o Paulo","author":"noticiasribeiraopreto.com.br","date":"20 de December de 2023","format":false,"excerpt":"Enquanto S\u00e3o Paulo \u00e9 famoso por sua paisagem urbana, poucos conhecem o tesouro escondido ao longo de sua costa: praias serenas e pouco exploradas. Longe da agita\u00e7\u00e3o da cidade, esses ref\u00fagios litor\u00e2neos s\u00e3o verdadeiros segredos, envoltos pela exuber\u00e2ncia da Mata Atl\u00e2ntica e carregados de uma atmosfera de calmaria. Al\u00e9m de\u2026","rel":"","context":"In &quot;Variedades&quot;","block_context":{"text":"Variedades","link":"https:\/\/noticiasribeiraopreto.com.br\/index.php\/category\/variedades\/"},"img":{"alt_text":"","src":"https:\/\/i0.wp.com\/noticiasribeiraopreto.com.br\/wp-content\/uploads\/2023\/12\/praia-pulso.jpg?fit=1200%2C638&ssl=1&resize=350%2C200","width":350,"height":200,"srcset":"https:\/\/i0.wp.com\/noticiasribeiraopreto.com.br\/wp-content\/uploads\/2023\/12\/praia-pulso.jpg?fit=1200%2C638&ssl=1&resize=350%2C200 1x, https:\/\/i0.wp.com\/noticiasribeiraopreto.com.br\/wp-content\/uploads\/2023\/12\/praia-pulso.jpg?fit=1200%2C638&ssl=1&resize=525%2C300 1.5x, https:\/\/i0.wp.com\/noticiasribeiraopreto.com.br\/wp-content\/uploads\/2023\/12\/praia-pulso.jpg?fit=1200%2C638&ssl=1&resize=700%2C400 2x, https:\/\/i0.wp.com\/noticiasribeiraopreto.com.br\/wp-content\/uploads\/2023\/12\/praia-pulso.jpg?fit=1200%2C638&ssl=1&resize=1050%2C600 3x"},"classes":[]},{"id":19298,"url":"https:\/\/noticiasribeiraopreto.com.br\/index.php\/2023\/12\/22\/destinos-proximos-a-sp-para-o-ano-novo\/","url_meta":{"origin":21144,"position":3},"title":"destinos pr\u00f3ximos a SP para o Ano Novo","author":"noticiasribeiraopreto.com.br","date":"22 de December de 2023","format":false,"excerpt":"O ano est\u00e1 acabando e, com 2024 batendo \u00e0 porta, aumenta tamb\u00e9m a procura pelos chamados \u201cdestinos de escapada\u201d para o Ano Novo. Para quem mora em S\u00e3o Paulo, s\u00e3o destinos geralmente mais pr\u00f3ximos \u00e0 capital, onde \u00e9 poss\u00edvel pensar em uma programa\u00e7\u00e3o completa para passar poucos dias ou mesmo\u2026","rel":"","context":"In &quot;Variedades&quot;","block_context":{"text":"Variedades","link":"https:\/\/noticiasribeiraopreto.com.br\/index.php\/category\/variedades\/"},"img":{"alt_text":"","src":"https:\/\/i0.wp.com\/noticiasribeiraopreto.com.br\/wp-content\/uploads\/2023\/12\/istock-522619781.jpg?fit=1200%2C638&ssl=1&resize=350%2C200","width":350,"height":200,"srcset":"https:\/\/i0.wp.com\/noticiasribeiraopreto.com.br\/wp-content\/uploads\/2023\/12\/istock-522619781.jpg?fit=1200%2C638&ssl=1&resize=350%2C200 1x, https:\/\/i0.wp.com\/noticiasribeiraopreto.com.br\/wp-content\/uploads\/2023\/12\/istock-522619781.jpg?fit=1200%2C638&ssl=1&resize=525%2C300 1.5x, https:\/\/i0.wp.com\/noticiasribeiraopreto.com.br\/wp-content\/uploads\/2023\/12\/istock-522619781.jpg?fit=1200%2C638&ssl=1&resize=700%2C400 2x, https:\/\/i0.wp.com\/noticiasribeiraopreto.com.br\/wp-content\/uploads\/2023\/12\/istock-522619781.jpg?fit=1200%2C638&ssl=1&resize=1050%2C600 3x"},"classes":[]},{"id":72621,"url":"https:\/\/noticiasribeiraopreto.com.br\/index.php\/2025\/06\/19\/jornal-da-franca-capital-do-mergulho-em-agua-doce-veja-a-proposta-da-deputada-graciela-para-rifaina\/","url_meta":{"origin":21144,"position":4},"title":"Jornal da Franca &#8211; Capital do Mergulho em \u00c1gua Doce: Veja a proposta da deputada Graciela para Rifaina","author":"noticiasribeiraopreto.com.br","date":"19 de June de 2025","format":false,"excerpt":"compartilhar no whatsapp compartilhar no telegram compartilhar no facebook compartilhar no linkedin O guia \u201cRoteiros de Mergulho\u201d diz que Rifaina tem 9 pontos de mergulho, sendo o destino com mais pontos de mergulho em \u00e1gua doce de SP Uma das principais rotas de Turismo na regi\u00e3o de Franca, o munic\u00edpio\u2026","rel":"","context":"In &quot;Not\u00edcias de Franca-SP&quot;","block_context":{"text":"Not\u00edcias de Franca-SP","link":"https:\/\/noticiasribeiraopreto.com.br\/index.php\/category\/noticias-de-ribeirao-preto-sp-e-regiao-ismael-colosi\/noticias-franca-sp\/"},"img":{"alt_text":"","src":"https:\/\/i0.wp.com\/noticiasribeiraopreto.com.br\/wp-content\/uploads\/2025\/06\/8fb9f353-6463-4d08-b696-27571733679e-scaled.jpg?fit=1200%2C900&ssl=1&resize=350%2C200","width":350,"height":200,"srcset":"https:\/\/i0.wp.com\/noticiasribeiraopreto.com.br\/wp-content\/uploads\/2025\/06\/8fb9f353-6463-4d08-b696-27571733679e-scaled.jpg?fit=1200%2C900&ssl=1&resize=350%2C200 1x, https:\/\/i0.wp.com\/noticiasribeiraopreto.com.br\/wp-content\/uploads\/2025\/06\/8fb9f353-6463-4d08-b696-27571733679e-scaled.jpg?fit=1200%2C900&ssl=1&resize=525%2C300 1.5x, https:\/\/i0.wp.com\/noticiasribeiraopreto.com.br\/wp-content\/uploads\/2025\/06\/8fb9f353-6463-4d08-b696-27571733679e-scaled.jpg?fit=1200%2C900&ssl=1&resize=700%2C400 2x, https:\/\/i0.wp.com\/noticiasribeiraopreto.com.br\/wp-content\/uploads\/2025\/06\/8fb9f353-6463-4d08-b696-27571733679e-scaled.jpg?fit=1200%2C900&ssl=1&resize=1050%2C600 3x"},"classes":[]},{"id":36174,"url":"https:\/\/noticiasribeiraopreto.com.br\/index.php\/2024\/02\/08\/vai-passar-o-carnaval-no-litoral-de-sp-veja-as-praias-improprias-para-banho\/","url_meta":{"origin":21144,"position":5},"title":"Vai passar o Carnaval no litoral de SP? Veja as praias impr\u00f3prias para banho","author":"noticiasribeiraopreto.com.br","date":"8 de February de 2024","format":false,"excerpt":"A Cetesb (Companhia Ambiental do Estado de S\u00e3o Paulo) informou nesta quinta-feira (8) que 45 praias do litoral de S\u00e3o Paulo est\u00e3o impr\u00f3prias para o banho. Se voc\u00ea vai aproveitar o mar neste Carnaval, vale a pena ficar de olho. Entre os principais destinos afetados est\u00e3o Ubatuba (seis praias); Ilhabela\u2026","rel":"","context":"In &quot;Not\u00edcias de Ribeir\u00e3o Preto-SP e Regi\u00e3o&quot;","block_context":{"text":"Not\u00edcias de Ribeir\u00e3o Preto-SP e Regi\u00e3o","link":"https:\/\/noticiasribeiraopreto.com.br\/index.php\/category\/noticias-de-ribeirao-preto-sp-e-regiao-ismael-colosi\/"},"img":{"alt_text":"","src":"https:\/\/i0.wp.com\/noticiasribeiraopreto.com.br\/wp-content\/uploads\/2024\/02\/1707421825_WhatsApp-Image-2024-01-09-at-15.48.02.jpeg?fit=1200%2C675&ssl=1&resize=350%2C200","width":350,"height":200,"srcset":"https:\/\/i0.wp.com\/noticiasribeiraopreto.com.br\/wp-content\/uploads\/2024\/02\/1707421825_WhatsApp-Image-2024-01-09-at-15.48.02.jpeg?fit=1200%2C675&ssl=1&resize=350%2C200 1x, https:\/\/i0.wp.com\/noticiasribeiraopreto.com.br\/wp-content\/uploads\/2024\/02\/1707421825_WhatsApp-Image-2024-01-09-at-15.48.02.jpeg?fit=1200%2C675&ssl=1&resize=525%2C300 1.5x, https:\/\/i0.wp.com\/noticiasribeiraopreto.com.br\/wp-content\/uploads\/2024\/02\/1707421825_WhatsApp-Image-2024-01-09-at-15.48.02.jpeg?fit=1200%2C675&ssl=1&resize=700%2C400 2x, https:\/\/i0.wp.com\/noticiasribeiraopreto.com.br\/wp-content\/uploads\/2024\/02\/1707421825_WhatsApp-Image-2024-01-09-at-15.48.02.jpeg?fit=1200%2C675&ssl=1&resize=1050%2C600 3x"},"classes":[]}],"jetpack_sharing_enabled":true,"jetpack_shortlink":"https:\/\/wp.me\/peQAOb-5v2","_links":{"self":[{"href":"https:\/\/noticiasribeiraopreto.com.br\/index.php\/wp-json\/wp\/v2\/posts\/21144","targetHints":{"allow":["GET"]}}],"collection":[{"href":"https:\/\/noticiasribeiraopreto.com.br\/index.php\/wp-json\/wp\/v2\/posts"}],"about":[{"href":"https:\/\/noticiasribeiraopreto.com.br\/index.php\/wp-json\/wp\/v2\/types\/post"}],"author":[{"embeddable":true,"href":"https:\/\/noticiasribeiraopreto.com.br\/index.php\/wp-json\/wp\/v2\/users\/1"}],"replies":[{"embeddable":true,"href":"https:\/\/noticiasribeiraopreto.com.br\/index.php\/wp-json\/wp\/v2\/comments?post=21144"}],"version-history":[{"count":0,"href":"https:\/\/noticiasribeiraopreto.com.br\/index.php\/wp-json\/wp\/v2\/posts\/21144\/revisions"}],"wp:featuredmedia":[{"embeddable":true,"href":"https:\/\/noticiasribeiraopreto.com.br\/index.php\/wp-json\/wp\/v2\/media\/21145"}],"wp:attachment":[{"href":"https:\/\/noticiasribeiraopreto.com.br\/index.php\/wp-json\/wp\/v2\/media?parent=21144"}],"wp:term":[{"taxonomy":"category","embeddable":true,"href":"https:\/\/noticiasribeiraopreto.com.br\/index.php\/wp-json\/wp\/v2\/categories?post=21144"},{"taxonomy":"post_tag","embeddable":true,"href":"https:\/\/noticiasribeiraopreto.com.br\/index.php\/wp-json\/wp\/v2\/tags?post=21144"}],"curies":[{"name":"wp","href":"https:\/\/api.w.org\/{rel}","templated":true}]}}