{"id":21152,"date":"2023-12-27T08:41:55","date_gmt":"2023-12-27T11:41:55","guid":{"rendered":"https:\/\/noticiasribeiraopreto.com.br\/index.php\/2023\/12\/27\/passo-a-passo-para-criar-seu-proprio-modelo-no-sua-vez-do-instagram\/"},"modified":"2023-12-27T08:41:55","modified_gmt":"2023-12-27T11:41:55","slug":"passo-a-passo-para-criar-seu-proprio-modelo-no-sua-vez-do-instagram","status":"publish","type":"post","link":"https:\/\/noticiasribeiraopreto.com.br\/index.php\/2023\/12\/27\/passo-a-passo-para-criar-seu-proprio-modelo-no-sua-vez-do-instagram\/","title":{"rendered":"Passo a passo para criar seu pr\u00f3prio modelo no &#8216;Sua vez&#8217; do Instagram"},"content":{"rendered":"<div class='code-block code-block-1' style='margin: 8px 0 8px auto; text-align: right; display: block; clear: both;'>\n<p><a href=\"https:\/\/wa.link\/vpicfd\"><img data-recalc-dims=\"1\" class=\"wp-image-4922\" style=\"aspect-ratio: 2.0253164556962027; width: 561px; height: auto;\" src=\"https:\/\/i0.wp.com\/ismaelcolosi.com.br\/wp-content\/uploads\/2023\/11\/grupo-de-empregos-whatsapp-e-facebook-ismael-colosi-vagas.jpg?ssl=1\" alt=\"\" \/><\/a><\/p>\n<!-- \/wp:image -->\n<\/div>\n<p> <br \/>\n<\/p>\n<div>\n<p>Se voc\u00ea \u00e9 um usu\u00e1rio \u00e1vido do <a href=\"https:\/\/www.instagram.com\/\" target=\"_blank\" rel=\"noopener\">Instagram<\/a>, provavelmente j\u00e1 notou a chegada de uma nova figurinha chamada \u201cSua vez\u201d. A novidade transforma o seu <a href=\"https:\/\/catracalivre.com.br\/entretenimento\/veja-como-rever-todos-os-stories-que-voce-ja-postou-no-instagram\/\" target=\"_blank\" rel=\"noopener\">Story<\/a> em um modelo personaliz\u00e1vel, que pode acabar facilmente partilhado por outros usu\u00e1rios da <a href=\"https:\/\/catracalivre.com.br\/entretenimento\/instagram-testa-recurso-inedito-para-quem-usa-a-lista-de-amigos-proximos\/\" target=\"_blank\" rel=\"noopener\">rede social<\/a>.<\/p>\n<p>A \u201cSua vez\u201d est\u00e1 sendo amplamente utilizada para a cria\u00e7\u00e3o e compartilhamento de memes e correntes entre os usu\u00e1rios.<\/p>\n<div id=\"attachment_2329047\" class=\"wp-caption alignnone\">\n<div class=\"d-flex justify-content-center\" data-attachment-id=\"2329047\">\n<div class=\"position-relative d-inline-block\"><img data-recalc-dims=\"1\" data-portal-copyright=\"reprodu\u00e7\u00e3o\/Instagram\/@mosseri\" fetchpriority=\"high\" decoding=\"async\" class=\"size-full wp-image-2329047\" src=\"https:\/\/i0.wp.com\/catracalivre.com.br\/wp-content\/uploads\/2023\/12\/img-20231218-wa0462-scaled.jpg?resize=2560%2C1707&#038;ssl=1\" alt=\"Veja como usar a nova figurinha \u2018Sua vez\u2019 no Instagram\" width=\"2560\" height=\"1707\" srcset=\"https:\/\/catracalivre.com.br\/wp-content\/uploads\/2023\/12\/img-20231218-wa0462-scaled.jpg 2560w, https:\/\/catracalivre.com.br\/wp-content\/uploads\/2023\/12\/img-20231218-wa0462-450x300.jpg 450w, https:\/\/catracalivre.com.br\/wp-content\/uploads\/2023\/12\/img-20231218-wa0462-768x512.jpg 768w\" sizes=\"(max-width: 2560px) 100vw, 2560px\"\/><\/p>\n<p>Cr\u00e9ditos: reprodu\u00e7\u00e3o\/Instagram\/@mosseri<\/p>\n<\/div>\n<\/div>\n<p><span class=\"post-imagem__legenda\">Veja como usar a nova figurinha \u2018Sua vez\u2019 no Instagram<\/span><\/p>\n<\/div>\n<p>A <a href=\"https:\/\/catracalivre.com.br\/entretenimento\/aprenda-a-tirar-o-visto-por-ultimo-do-instagram-com-o-passo-a-passo\/\" target=\"_blank\" rel=\"noopener\">atualiza\u00e7\u00e3o<\/a> teve an\u00fancio do chefe do Instagram, Adam Mosseri, atrav\u00e9s de um canal de transmiss\u00e3o na plataforma. Mosseri revelou que a ideia surgiu como uma maneira adicional de estimular a criatividade dos usu\u00e1rios.<\/p>\n<p>Por causa do recurso, \u201cvoc\u00ea ser\u00e1 capaz de desenvolver e compartilhar seus pr\u00f3prios modelos personaliz\u00e1veis e \u2018meme\u00e1veis\u2019 ao fixar GIFs, textos e imagens da galeria \u2014 criadores ser\u00e3o creditados quando outros participarem da tend\u00eancia\u201d, afirmou o executivo.<\/p>\n<h2>Como utilizar a nova figurinha \u201cSua vez\u201d do Instagram?<\/h2>\n<p>Se voc\u00ea est\u00e1 incerto sobre como <a href=\"https:\/\/catracalivre.com.br\/entretenimento\/troque-o-fundo-e-as-cores-do-direct-do-instagram-em-4-passos\/\" target=\"_blank\" rel=\"noopener\">criar o seu modelo<\/a>, n\u00e3o se preocupe. O Instagram disponibiliza op\u00e7\u00f5es autom\u00e1ticas que voc\u00ea pode usar como base.<\/p>\n<p>H\u00e1 alternativas como \u201cCompartilhe uma m\u00fasica que voc\u00ea ouve sem parar\u201d ou \u201cVenha me conhecer\u201d, com uma s\u00e9rie de perguntas e respostas sobre a pr\u00f3pria pessoa.<\/p>\n<p>Com tal ferramenta, os usu\u00e1rios do Instagram t\u00eam agora mais op\u00e7\u00f5es para criar desafios e brincadeiras nos Stories. Anteriormente j\u00e1 era poss\u00edvel usar a figurinha \u201cSua Vez\u201d, mas ainda n\u00e3o havia a op\u00e7\u00e3o de personalizar a imagem com texto e outros elementos visuais.<\/p>\n<h2>Quais s\u00e3o os passos para criar seu modelo com a figurinha?<\/h2>\n<p>Para ajudar voc\u00ea a ficar por dentro dessa nova tend\u00eancia, acompanhe um passo a passo sobre como utilizar a nova figurinha. Veja abaixo:<\/p>\n<ul>\n<li>Abra o editor dos Stories;<\/li>\n<li>Crie sua publica\u00e7\u00e3o adicionando textos, GIFs, figurinhas e imagens;<\/li>\n<li>Toque no \u00edcone de figurinhas;<\/li>\n<li>Selecione \u201cSua Vez\/Modelos\u201d;<\/li>\n<li>Edite o restante do modelo, tocando em cima dos elementos que deseja fixar (que n\u00e3o podem ser alterados) e toque no \u00edcone de confirma\u00e7\u00e3o;<\/li>\n<li>Se desejar, pressione o \u00edcone de dados, localizado na parte inferior da tela, para gerar um modelo aleat\u00f3rio;<\/li>\n<li>Publique o Story com a figurinha.<\/li>\n<\/ul>\n<div id=\"attachment_2329048\" class=\"wp-caption alignnone\">\n<div class=\"d-flex justify-content-center\" data-attachment-id=\"2329048\">\n<div class=\"position-relative d-inline-block\"><img data-recalc-dims=\"1\" loading=\"lazy\" data-portal-copyright=\"Captura de tela do Instagram\" decoding=\"async\" class=\"size-full wp-image-2329048\" src=\"https:\/\/i0.wp.com\/catracalivre.com.br\/wp-content\/uploads\/2023\/12\/img-20231218-wa0460-scaled.jpg?resize=2560%2C1319&#038;ssl=1\" alt=\"Veja o passo a passo nas imagens para utilizar a fun\u00e7\u00e3o\" width=\"2560\" height=\"1319\" srcset=\"https:\/\/catracalivre.com.br\/wp-content\/uploads\/2023\/12\/img-20231218-wa0460-scaled.jpg 2560w, https:\/\/catracalivre.com.br\/wp-content\/uploads\/2023\/12\/img-20231218-wa0460-450x232.jpg 450w, https:\/\/catracalivre.com.br\/wp-content\/uploads\/2023\/12\/img-20231218-wa0460-768x396.jpg 768w\" sizes=\"auto, (max-width: 2560px) 100vw, 2560px\"\/><\/p>\n<p>Cr\u00e9ditos: Captura de tela do Instagram<\/p>\n<\/div>\n<\/div>\n<p><span class=\"post-imagem__legenda\">Veja o passo a passo nas imagens para utilizar a fun\u00e7\u00e3o<\/span><\/p>\n<\/div>\n<h2>Mais detalhes sobre o modelo que voc\u00ea criar<\/h2>\n<p>Ao compartilhar um modelo da figurinha \u201cSua vez\u201d, voc\u00ea precisa saber que:<\/p>\n<ul>\n<li>Qualquer usu\u00e1rio do Instagram poder\u00e1 usar esse modelo no pr\u00f3prio story, incluindo as fotos que voc\u00ea fixou;<\/li>\n<li>Mesmo depois que seu Story expirar, o modelo poder\u00e1 ser usado. A menos, \u00e9 claro, que voc\u00ea o exclua;<\/li>\n<li>As pessoas poder\u00e3o ver que voc\u00ea criou esse modelo a menos que voc\u00ea queira ocultar isso;<\/li>\n<li>Se voc\u00ea quiser excluir o modelo ou ocultar seu nome como criador, poder\u00e1 fazer isso em \u201cItens Arquivados\u201d ou em um outro Story que esteja usando a figurinha.<\/li>\n<\/ul>\n<\/div>\n<p><script>\n\t\t! function(f, b, e, v, n, t, s) {\n\t\t\tif (f.fbq) return;\n\t\t\tn = f.fbq = function() {\n\t\t\t\tn.callMethod ?\n\t\t\t\t\tn.callMethod.apply(n, arguments) : n.queue.push(arguments)\n\t\t\t};\n\t\t\tif (!f._fbq) f._fbq = n;\n\t\t\tn.push = n;\n\t\t\tn.loaded = !0;\n\t\t\tn.version = '2.0';\n\t\t\tn.queue = [];\n\t\t\tt = b.createElement(e);\n\t\t\tt.async = !0;\n\t\t\tt.src = v;\n\t\t\ts = b.getElementsByTagName(e)[0];\n\t\t\ts.parentNode.insertBefore(t, s)\n\t\t}(window, document, 'script',\n\t\t\t'https:\/\/connect.facebook.net\/en_US\/fbevents.js');\n\t\tfbq('init', '338315473262380');\n\t\tfbq('track', 'PageView');\n\t<\/script><script async src=\"\/\/www.instagram.com\/embed.js\"><\/script><br \/>\n<br \/><br \/>\n<br \/><a href=\"https:\/\/catracalivre.com.br\/entretenimento\/passo-a-passo-para-criar-seu-proprio-modelo-no-sua-vez-do-instagram\/\">Source link <\/a><\/p>\n<!-- CONTENT END 1 -->\n","protected":false},"excerpt":{"rendered":"<p>Se voc\u00ea \u00e9 um usu\u00e1rio \u00e1vido do Instagram, provavelmente j\u00e1 notou a chegada de uma nova figurinha chamada \u201cSua vez\u201d. A novidade transforma o seu&#8230;<\/p>\n","protected":false},"author":1,"featured_media":21153,"comment_status":"open","ping_status":"open","sticky":false,"template":"","format":"standard","meta":{"advanced_seo_description":"","jetpack_seo_html_title":"","jetpack_seo_noindex":false,"jetpack_post_was_ever_published":false,"_jetpack_newsletter_access":"","_jetpack_dont_email_post_to_subs":false,"_jetpack_newsletter_tier_id":0,"_jetpack_memberships_contains_paywalled_content":false,"_jetpack_memberships_contains_paid_content":false,"footnotes":"","jetpack_publicize_message":"","jetpack_publicize_feature_enabled":true,"jetpack_social_post_already_shared":true,"jetpack_social_options":{"image_generator_settings":{"template":"highway","default_image_id":0,"font":"","enabled":false},"version":2}},"categories":[19],"tags":[],"class_list":["post-21152","post","type-post","status-publish","format-standard","has-post-thumbnail","hentry","category-variedades"],"jetpack_publicize_connections":[],"jetpack_featured_media_url":"https:\/\/i0.wp.com\/noticiasribeiraopreto.com.br\/wp-content\/uploads\/2023\/12\/img-20231218-wa0462-scaled.jpg?fit=1200%2C638&ssl=1","jetpack-related-posts":[{"id":19285,"url":"https:\/\/noticiasribeiraopreto.com.br\/index.php\/2023\/12\/22\/instagram-permite-visualizar-foto-no-feed-antes-de-publicacao-saiba-como\/","url_meta":{"origin":21152,"position":0},"title":"Instagram PERMITE visualizar foto no feed antes de publica\u00e7\u00e3o; saiba como","author":"noticiasribeiraopreto.com.br","date":"22 de December de 2023","format":false,"excerpt":"O mundo da m\u00eddia social est\u00e1 em constante evolu\u00e7\u00e3o e a plataforma Instagram est\u00e1 \u00e0 frente dessa revolu\u00e7\u00e3o. Uma das mais recentes inova\u00e7\u00f5es \u00e9 a possibilidade de visualizar uma foto no feed antes de public\u00e1-la. Esta funcionalidade permite aos usu\u00e1rios terem uma ideia de como a foto se encaixar\u00e1 em\u2026","rel":"","context":"In &quot;Vagas de Emprego em Ribeir\u00e3o Preto-SP&quot;","block_context":{"text":"Vagas de Emprego em Ribeir\u00e3o Preto-SP","link":"https:\/\/noticiasribeiraopreto.com.br\/index.php\/category\/empregos-classificados-vagas-trabalho\/vagas-de-empregos-em-ribeirao-preto-regiao-brasil\/"},"img":{"alt_text":"","src":"","width":0,"height":0},"classes":[]},{"id":20949,"url":"https:\/\/noticiasribeiraopreto.com.br\/index.php\/2023\/12\/26\/aprenda-a-ocultar-comentarios-no-instagram-sem-precisar-apagar\/","url_meta":{"origin":21152,"position":1},"title":"Aprenda a ocultar coment\u00e1rios no Instagram sem precisar apagar","author":"noticiasribeiraopreto.com.br","date":"26 de December de 2023","format":false,"excerpt":"Cr\u00e9ditos: Captura de tela do InstagramPasso a passo para ocultar coment\u00e1rios no Instagram A funcionalidade \u201cOcultar coment\u00e1rios\u201d no Instagram garante ao usu\u00e1rio um pouco mais de controle sobre a intera\u00e7\u00e3o em suas postagens, ajudando na preven\u00e7\u00e3o de situa\u00e7\u00f5es desagrad\u00e1veis como ofensas, exposi\u00e7\u00f5es indesejadas ou propaga\u00e7\u00e3o de spam. O aplicativo tem\u2026","rel":"","context":"In &quot;Variedades&quot;","block_context":{"text":"Variedades","link":"https:\/\/noticiasribeiraopreto.com.br\/index.php\/category\/variedades\/"},"img":{"alt_text":"","src":"https:\/\/i0.wp.com\/noticiasribeiraopreto.com.br\/wp-content\/uploads\/2023\/12\/img-20231218-wa0454.jpg?fit=1200%2C638&ssl=1&resize=350%2C200","width":350,"height":200,"srcset":"https:\/\/i0.wp.com\/noticiasribeiraopreto.com.br\/wp-content\/uploads\/2023\/12\/img-20231218-wa0454.jpg?fit=1200%2C638&ssl=1&resize=350%2C200 1x, https:\/\/i0.wp.com\/noticiasribeiraopreto.com.br\/wp-content\/uploads\/2023\/12\/img-20231218-wa0454.jpg?fit=1200%2C638&ssl=1&resize=525%2C300 1.5x, https:\/\/i0.wp.com\/noticiasribeiraopreto.com.br\/wp-content\/uploads\/2023\/12\/img-20231218-wa0454.jpg?fit=1200%2C638&ssl=1&resize=700%2C400 2x, https:\/\/i0.wp.com\/noticiasribeiraopreto.com.br\/wp-content\/uploads\/2023\/12\/img-20231218-wa0454.jpg?fit=1200%2C638&ssl=1&resize=1050%2C600 3x"},"classes":[]},{"id":12702,"url":"https:\/\/noticiasribeiraopreto.com.br\/index.php\/2023\/12\/08\/troque-o-fundo-e-as-cores-do-direct-do-instagram-em-4-passos\/","url_meta":{"origin":21152,"position":2},"title":"Troque o fundo e as cores do Direct do Instagram em 4 passos","author":"noticiasribeiraopreto.com.br","date":"8 de December de 2023","format":false,"excerpt":"Cr\u00e9ditos: Depositphotos\/AntonGarinAprenda a trocar o fundo do Direct no Instagram Uma das tend\u00eancias mais marcantes dos \u00faltimos tempos \u00e9 a possibilidade de personalizar as suas conversas e mensagens por meio de uma variedade de temas e op\u00e7\u00f5es de cores oferecidos pelo aplicativo do Instagram. Assim como no Messenger, o Instagram\u2026","rel":"","context":"In &quot;Variedades&quot;","block_context":{"text":"Variedades","link":"https:\/\/noticiasribeiraopreto.com.br\/index.php\/category\/variedades\/"},"img":{"alt_text":"","src":"https:\/\/i0.wp.com\/noticiasribeiraopreto.com.br\/wp-content\/uploads\/2023\/12\/1702051477_depositphotos-254305224-xl-scaled.jpg?fit=1200%2C638&ssl=1&resize=350%2C200","width":350,"height":200,"srcset":"https:\/\/i0.wp.com\/noticiasribeiraopreto.com.br\/wp-content\/uploads\/2023\/12\/1702051477_depositphotos-254305224-xl-scaled.jpg?fit=1200%2C638&ssl=1&resize=350%2C200 1x, https:\/\/i0.wp.com\/noticiasribeiraopreto.com.br\/wp-content\/uploads\/2023\/12\/1702051477_depositphotos-254305224-xl-scaled.jpg?fit=1200%2C638&ssl=1&resize=525%2C300 1.5x, https:\/\/i0.wp.com\/noticiasribeiraopreto.com.br\/wp-content\/uploads\/2023\/12\/1702051477_depositphotos-254305224-xl-scaled.jpg?fit=1200%2C638&ssl=1&resize=700%2C400 2x, https:\/\/i0.wp.com\/noticiasribeiraopreto.com.br\/wp-content\/uploads\/2023\/12\/1702051477_depositphotos-254305224-xl-scaled.jpg?fit=1200%2C638&ssl=1&resize=1050%2C600 3x"},"classes":[]},{"id":11923,"url":"https:\/\/noticiasribeiraopreto.com.br\/index.php\/2023\/12\/07\/instagram-tera-recurso-para-facilitar-a-vida-dos-usuarios-das-dms\/","url_meta":{"origin":21152,"position":3},"title":"Instagram ter\u00e1 recurso para facilitar a vida dos usu\u00e1rios das DMs","author":"noticiasribeiraopreto.com.br","date":"7 de December de 2023","format":false,"excerpt":"Cr\u00e9ditos: Reprodu\u00e7\u00e3o\/InstagramInstagram testa apagar mensagens de uma vez s\u00f3 nas DMs Uma nova funcionalidade para aprimorar a experi\u00eancia do usu\u00e1rio vem sendo testada pelo Instagram. A rede social est\u00e1 desenvolvendo uma ferramenta que permitir\u00e1 aos usu\u00e1rios apagar m\u00faltiplas mensagens de uma \u00fanica conversa simultaneamente. Mais do que isso, a fun\u00e7\u00e3o\u2026","rel":"","context":"In &quot;Variedades&quot;","block_context":{"text":"Variedades","link":"https:\/\/noticiasribeiraopreto.com.br\/index.php\/category\/variedades\/"},"img":{"alt_text":"","src":"https:\/\/i0.wp.com\/noticiasribeiraopreto.com.br\/wp-content\/uploads\/2023\/12\/fotos-catraca-2023-11-26t234058312.png?fit=1200%2C638&ssl=1&resize=350%2C200","width":350,"height":200,"srcset":"https:\/\/i0.wp.com\/noticiasribeiraopreto.com.br\/wp-content\/uploads\/2023\/12\/fotos-catraca-2023-11-26t234058312.png?fit=1200%2C638&ssl=1&resize=350%2C200 1x, https:\/\/i0.wp.com\/noticiasribeiraopreto.com.br\/wp-content\/uploads\/2023\/12\/fotos-catraca-2023-11-26t234058312.png?fit=1200%2C638&ssl=1&resize=525%2C300 1.5x, https:\/\/i0.wp.com\/noticiasribeiraopreto.com.br\/wp-content\/uploads\/2023\/12\/fotos-catraca-2023-11-26t234058312.png?fit=1200%2C638&ssl=1&resize=700%2C400 2x, https:\/\/i0.wp.com\/noticiasribeiraopreto.com.br\/wp-content\/uploads\/2023\/12\/fotos-catraca-2023-11-26t234058312.png?fit=1200%2C638&ssl=1&resize=1050%2C600 3x"},"classes":[]},{"id":12995,"url":"https:\/\/noticiasribeiraopreto.com.br\/index.php\/2023\/12\/08\/veja-como-usar-enquete-na-legenda-das-fotos-no-feed-do-instagram\/","url_meta":{"origin":21152,"position":4},"title":"Veja como usar enquete na legenda das fotos no feed do Instagram","author":"noticiasribeiraopreto.com.br","date":"8 de December de 2023","format":false,"excerpt":"Recentemente, o Instagram liberou para alguns usu\u00e1rios a op\u00e7\u00e3o de criar enquetes na legenda de suas postagens. Anteriormente, a funcionalidade estava apenas dispon\u00edvel nos Stories da rede social. A nova atualiza\u00e7\u00e3o do aplicativo para Android e iOS (iPhone) vem trazer uma maior intera\u00e7\u00e3o entre seguidores e influenciadores, bem como entre\u2026","rel":"","context":"In &quot;Variedades&quot;","block_context":{"text":"Variedades","link":"https:\/\/noticiasribeiraopreto.com.br\/index.php\/category\/variedades\/"},"img":{"alt_text":"","src":"https:\/\/i0.wp.com\/noticiasribeiraopreto.com.br\/wp-content\/uploads\/2023\/12\/istock-1474993860.jpg?fit=1200%2C638&ssl=1&resize=350%2C200","width":350,"height":200,"srcset":"https:\/\/i0.wp.com\/noticiasribeiraopreto.com.br\/wp-content\/uploads\/2023\/12\/istock-1474993860.jpg?fit=1200%2C638&ssl=1&resize=350%2C200 1x, https:\/\/i0.wp.com\/noticiasribeiraopreto.com.br\/wp-content\/uploads\/2023\/12\/istock-1474993860.jpg?fit=1200%2C638&ssl=1&resize=525%2C300 1.5x, https:\/\/i0.wp.com\/noticiasribeiraopreto.com.br\/wp-content\/uploads\/2023\/12\/istock-1474993860.jpg?fit=1200%2C638&ssl=1&resize=700%2C400 2x, https:\/\/i0.wp.com\/noticiasribeiraopreto.com.br\/wp-content\/uploads\/2023\/12\/istock-1474993860.jpg?fit=1200%2C638&ssl=1&resize=1050%2C600 3x"},"classes":[]},{"id":11690,"url":"https:\/\/noticiasribeiraopreto.com.br\/index.php\/2023\/12\/06\/faca-isso-no-whatsapp-e-aumente-sua-privacidade-agora-mesmo\/","url_meta":{"origin":21152,"position":5},"title":"Fa\u00e7a isso no WhatsApp e aumente sua privacidade agora mesmo","author":"noticiasribeiraopreto.com.br","date":"6 de December de 2023","format":false,"excerpt":"O WhatsApp vem trazendo cada vez mais recursos voltados para a seguran\u00e7a e a privacidade de seus usu\u00e1rios. Recentemente, chegou ao mensageiro um recurso que permite esconder o IP durante chamadas, seja de voz ou v\u00eddeo. A fun\u00e7\u00e3o, al\u00e9m de prezar pela privacidade dos usu\u00e1rios, dificulta a exposi\u00e7\u00e3o de informa\u00e7\u00f5es\u2026","rel":"","context":"In &quot;Variedades&quot;","block_context":{"text":"Variedades","link":"https:\/\/noticiasribeiraopreto.com.br\/index.php\/category\/variedades\/"},"img":{"alt_text":"","src":"https:\/\/i0.wp.com\/noticiasribeiraopreto.com.br\/wp-content\/uploads\/2023\/12\/depositphotos-154330792-xl-scaled.jpg?fit=1200%2C638&ssl=1&resize=350%2C200","width":350,"height":200,"srcset":"https:\/\/i0.wp.com\/noticiasribeiraopreto.com.br\/wp-content\/uploads\/2023\/12\/depositphotos-154330792-xl-scaled.jpg?fit=1200%2C638&ssl=1&resize=350%2C200 1x, https:\/\/i0.wp.com\/noticiasribeiraopreto.com.br\/wp-content\/uploads\/2023\/12\/depositphotos-154330792-xl-scaled.jpg?fit=1200%2C638&ssl=1&resize=525%2C300 1.5x, https:\/\/i0.wp.com\/noticiasribeiraopreto.com.br\/wp-content\/uploads\/2023\/12\/depositphotos-154330792-xl-scaled.jpg?fit=1200%2C638&ssl=1&resize=700%2C400 2x, https:\/\/i0.wp.com\/noticiasribeiraopreto.com.br\/wp-content\/uploads\/2023\/12\/depositphotos-154330792-xl-scaled.jpg?fit=1200%2C638&ssl=1&resize=1050%2C600 3x"},"classes":[]}],"jetpack_sharing_enabled":true,"jetpack_shortlink":"https:\/\/wp.me\/peQAOb-5va","_links":{"self":[{"href":"https:\/\/noticiasribeiraopreto.com.br\/index.php\/wp-json\/wp\/v2\/posts\/21152","targetHints":{"allow":["GET"]}}],"collection":[{"href":"https:\/\/noticiasribeiraopreto.com.br\/index.php\/wp-json\/wp\/v2\/posts"}],"about":[{"href":"https:\/\/noticiasribeiraopreto.com.br\/index.php\/wp-json\/wp\/v2\/types\/post"}],"author":[{"embeddable":true,"href":"https:\/\/noticiasribeiraopreto.com.br\/index.php\/wp-json\/wp\/v2\/users\/1"}],"replies":[{"embeddable":true,"href":"https:\/\/noticiasribeiraopreto.com.br\/index.php\/wp-json\/wp\/v2\/comments?post=21152"}],"version-history":[{"count":0,"href":"https:\/\/noticiasribeiraopreto.com.br\/index.php\/wp-json\/wp\/v2\/posts\/21152\/revisions"}],"wp:featuredmedia":[{"embeddable":true,"href":"https:\/\/noticiasribeiraopreto.com.br\/index.php\/wp-json\/wp\/v2\/media\/21153"}],"wp:attachment":[{"href":"https:\/\/noticiasribeiraopreto.com.br\/index.php\/wp-json\/wp\/v2\/media?parent=21152"}],"wp:term":[{"taxonomy":"category","embeddable":true,"href":"https:\/\/noticiasribeiraopreto.com.br\/index.php\/wp-json\/wp\/v2\/categories?post=21152"},{"taxonomy":"post_tag","embeddable":true,"href":"https:\/\/noticiasribeiraopreto.com.br\/index.php\/wp-json\/wp\/v2\/tags?post=21152"}],"curies":[{"name":"wp","href":"https:\/\/api.w.org\/{rel}","templated":true}]}}