{"id":21154,"date":"2023-12-27T08:55:52","date_gmt":"2023-12-27T11:55:52","guid":{"rendered":"https:\/\/noticiasribeiraopreto.com.br\/index.php\/2023\/12\/27\/justica-ordena-remocao-de-postagens-que-associam-vacina-a-aids\/"},"modified":"2023-12-27T08:55:52","modified_gmt":"2023-12-27T11:55:52","slug":"justica-ordena-remocao-de-postagens-que-associam-vacina-a-aids","status":"publish","type":"post","link":"https:\/\/noticiasribeiraopreto.com.br\/index.php\/2023\/12\/27\/justica-ordena-remocao-de-postagens-que-associam-vacina-a-aids\/","title":{"rendered":"Justi\u00e7a ordena remo\u00e7\u00e3o de postagens que associam vacina \u00e0 aids\u00a0"},"content":{"rendered":"<div class='code-block code-block-1' style='margin: 8px 0 8px auto; text-align: right; display: block; clear: both;'>\n<p><a href=\"https:\/\/wa.link\/vpicfd\"><img data-recalc-dims=\"1\" class=\"wp-image-4922\" style=\"aspect-ratio: 2.0253164556962027; width: 561px; height: auto;\" src=\"https:\/\/i0.wp.com\/ismaelcolosi.com.br\/wp-content\/uploads\/2023\/11\/grupo-de-empregos-whatsapp-e-facebook-ismael-colosi-vagas.jpg?ssl=1\" alt=\"\" \/><\/a><\/p>\n<!-- \/wp:image -->\n<\/div>\n<p> <br \/>\n<\/p>\n<div id=\"\">\n<p> <span class=\"entry-meta-item penci-posted-on\"><i class=\"fa fa-clock-o\"\/><time class=\"entry-date published\" datetime=\"2023-12-27T08:30:09-03:00\">27 de dezembro de 2023 | 8:30<\/time><time class=\"updated\" datetime=\"2023-12-26T19:00:19-03:00\">26 de dezembro de 2023 | 19:00<\/time><\/span><\/p>\n<p> <span class=\"penci-social-buttons penci-social-share-footer\"><a href=\"#\" class=\"penci-post-like penci_post-meta_item  single-like-button penci-social-item like\" data-post_id=\"368494\" title=\"Like\" data-like=\"Like\" data-unlike=\"Unlike\"><i class=\"fa fa-thumbs-o-up\"\/><span class=\"penci-share-number\">0<\/span><\/a><i class=\"fa fa-facebook\"\/><a class=\"penci-social-item twitter\" target=\"_blank\" rel=\"noopener\" title=\"\" href=\"https:\/\/twitter.com\/intent\/tweet?text=Justi\u00e7a%20ordena%20remo\u00e7\u00e3o%20de%20postagens%20que%20associam%20vacina%20\u00e0%20aids\u00a0%20-%20https:\/\/www.tribunaribeirao.com.br\/site\/justica-ordena-remocao-de-postagens-que-associam-vacina-a-aids\/\"><i class=\"fa fa-twitter\"\/><\/a><i class=\"fa fa-whatsapp\"\/><\/span><\/div>\n<div>\n<p><span data-contrast=\"auto\">Uma liminar obtida pela Advocacia-Geral da Uni\u00e3o (AGU), em decis\u00e3o proferida pela 20\u00aa Vara Federal do Rio de Janeiro, determinou a remo\u00e7\u00e3o de publica\u00e7\u00f5es falsas que associavam as vacinas contra a covid-19 ao suposto desenvolvimento de uma \u201cs\u00edndrome de imunodefici\u00eancia adquirida por vacina\u201d, ou \u201cVAIDS\u201d. O texto foi publicado em uma p\u00e1gina na internet. A decis\u00e3o tamb\u00e9m abrange o canal do site no Telegram.<\/span><span data-ccp-props=\"{&quot;201341983&quot;:0,&quot;335559739&quot;:0,&quot;335559740&quot;:240}\">\u00a0<\/span><\/p>\n<p><span data-contrast=\"auto\">Segundo levantamento da AGU, a postagem viralizou em outras redes sociais e alcan\u00e7ou pelo menos tr\u00eas milh\u00f5es de pessoas. A liminar ainda obriga a retirada de outras 20 publica\u00e7\u00f5es do site com desinforma\u00e7\u00f5es sobre vacinas em um prazo de 24 horas a partir da intima\u00e7\u00e3o dos respons\u00e1veis, sob pena do pagamento de uma multa di\u00e1ria de R$ 10 mil, por cada publica\u00e7\u00e3o mantida no ar, em caso de descumprimento da decis\u00e3o. Al\u00e9m disso, a liminar pro\u00edbe os respons\u00e1veis pelos canais de fazer novas postagens disseminando conte\u00fados falsos sobre o assunto.<\/span><span data-ccp-props=\"{&quot;201341983&quot;:0,&quot;335559739&quot;:0,&quot;335559740&quot;:240}\">\u00a0<\/span><\/p>\n<p><span data-contrast=\"auto\">A a\u00e7\u00e3o foi proposta pela Procuradoria Nacional da Uni\u00e3o de Defesa da Democracia (PNDD), da AGU, a partir de informa\u00e7\u00f5es levantadas pela Secretaria de Comunica\u00e7\u00e3o Social da Presid\u00eancia da Rep\u00fablica (Secom) no \u00e2mbito do Comit\u00ea de Enfrentamento da Desinforma\u00e7\u00e3o sobre o Programa Nacional de Imuniza\u00e7\u00f5es e as Pol\u00edticas de Sa\u00fade P\u00fablica. A iniciativa faz parte do Sa\u00fade com Ci\u00eancia, programa interministerial voltado para a promo\u00e7\u00e3o e fortalecimento das pol\u00edticas p\u00fablicas de sa\u00fade e a valoriza\u00e7\u00e3o da ci\u00eancia.<\/span><span data-ccp-props=\"{&quot;201341983&quot;:0,&quot;335559739&quot;:0,&quot;335559740&quot;:240}\">\u00a0<\/span><\/p>\n<p><span data-contrast=\"auto\">Em outubro, um monitoramento do governo passou a detectar um aumento expressivo de men\u00e7\u00f5es na internet ao termo \u201cVAIDS\u201d e, ap\u00f3s o cruzamento dos dados, foi identificado o site Tribunal Nacional como sendo a fonte da informa\u00e7\u00e3o falsa.<\/span><span data-ccp-props=\"{&quot;201341983&quot;:0,&quot;335559739&quot;:0,&quot;335559740&quot;:240}\">\u00a0<\/span><\/p>\n<p><span data-contrast=\"auto\">\u201cFoi verificado, ent\u00e3o, que o website funciona como epicentro de uma cadeia de desinforma\u00e7\u00e3o de conte\u00fados disseminados no Telegram e no X [antigo Twitter] com o escopo de desacreditar o Programa Nacional de Imuniza\u00e7\u00e3o e desestimular as pessoas a se vacinarem, inclusive de forma conectada ao movimento antivacina internacional por meio da replica\u00e7\u00e3o, traduzida, de textos publicados em sites estrangeiros reconhecidos como disseminadores de desinforma\u00e7\u00f5es sobre o assunto\u201d, relatou a AGU, em nota.<\/span><span data-ccp-props=\"{&quot;201341983&quot;:0,&quot;335559739&quot;:0,&quot;335559740&quot;:240}\">\u00a0<\/span><\/p>\n<p><span data-contrast=\"auto\">Ainda em nota, a AGU alertou que na a\u00e7\u00e3o que a associa\u00e7\u00e3o das vacinas \u00e0 aids, entre outras teorias simulares infundadas, \u201cprejudicam a sa\u00fade p\u00fablica ao fomentar d\u00favidas sobre a seguran\u00e7a e efic\u00e1cia dos imunizantes e induzir indiv\u00edduos a evitarem as vacinas e a procurarem tratamentos alternativos sem efic\u00e1cia comprovada ou que oferecem perigos para a sa\u00fade. A Advocacia-Geral da Uni\u00e3o assinala, ainda, que a redu\u00e7\u00e3o da cobertura vacinal, verificada em dados recentes do Minist\u00e9rio da Sa\u00fade, compromete a imunidade coletiva e aumenta a possibilidade de surtos de doen\u00e7as preven\u00edveis e do surgimento de cepas mais perigosas e resistentes dos pat\u00f3genos dos quais as vacinas protegem, colocando em risco a sa\u00fade e a vida das pessoas\u201d.<\/span><span data-ccp-props=\"{&quot;201341983&quot;:0,&quot;335559739&quot;:0,&quot;335559740&quot;:240}\">\u00a0<\/span><\/p>\n<p><span data-ccp-props=\"{&quot;201341983&quot;:0,&quot;335559739&quot;:0,&quot;335559740&quot;:240}\">\u00a0<\/span><\/p>\n<p>\u00a0<\/p>\n<\/div>\n<p><script async src=\"\/\/platform.twitter.com\/widgets.js\" charset=\"utf-8\"><\/script><br \/>\n<br \/><br \/>\n<br \/><a href=\"https:\/\/www.tribunaribeirao.com.br\/site\/justica-ordena-remocao-de-postagens-que-associam-vacina-a-aids\/\">Source link <\/a><\/p>\n<!-- CONTENT END 1 -->\n","protected":false},"excerpt":{"rendered":"<p>27 de dezembro de 2023 | 8:3026 de dezembro de 2023 | 19:00 0 Uma liminar obtida pela Advocacia-Geral da Uni\u00e3o (AGU), em decis\u00e3o proferida&#8230;<\/p>\n","protected":false},"author":1,"featured_media":21155,"comment_status":"open","ping_status":"open","sticky":false,"template":"","format":"standard","meta":{"advanced_seo_description":"","jetpack_seo_html_title":"","jetpack_seo_noindex":false,"jetpack_post_was_ever_published":false,"_jetpack_newsletter_access":"","_jetpack_dont_email_post_to_subs":false,"_jetpack_newsletter_tier_id":0,"_jetpack_memberships_contains_paywalled_content":false,"_jetpack_memberships_contains_paid_content":false,"footnotes":"","jetpack_publicize_message":"","jetpack_publicize_feature_enabled":true,"jetpack_social_post_already_shared":true,"jetpack_social_options":{"image_generator_settings":{"template":"highway","default_image_id":0,"font":"","enabled":false},"version":2}},"categories":[11],"tags":[2695,2694,988,2691,2693,2692,1505],"class_list":["post-21154","post","type-post","status-publish","format-standard","has-post-thumbnail","hentry","category-noticias-de-ribeirao-preto-sp-e-regiao-ismael-colosi","tag-aids","tag-associam","tag-justica","tag-ordena","tag-postagens","tag-remocao","tag-vacina"],"jetpack_publicize_connections":[],"jetpack_featured_media_url":"https:\/\/i0.wp.com\/noticiasribeiraopreto.com.br\/wp-content\/uploads\/2023\/12\/3-vacina_josecruz_agbr-scaled.jpg?fit=1000%2C598&ssl=1","jetpack-related-posts":[{"id":10996,"url":"https:\/\/noticiasribeiraopreto.com.br\/index.php\/2023\/12\/05\/anvisa-aprova-registro-de-vacina-contra-bronquiolite\/","url_meta":{"origin":21154,"position":0},"title":"Anvisa aprova registro de vacina contra bronquiolite","author":"noticiasribeiraopreto.com.br","date":"5 de December de 2023","format":false,"excerpt":"5 de dezembro de 2023 | 12:005 de dezembro de 2023 | 10:08 0A Ag\u00eancia Nacional de Vigil\u00e2ncia Sanit\u00e1ria (Anvisa) aprovou, nesta segunda-feira (4), o registro de uma vacina indicada para a preven\u00e7\u00e3o da doen\u00e7a do trato respirat\u00f3rio inferior causada pelo v\u00edrus sincicial respirat\u00f3rio (VSR). Trata-se do principal v\u00edrus causador\u2026","rel":"","context":"In &quot;Not\u00edcias de Ribeir\u00e3o Preto-SP e Regi\u00e3o&quot;","block_context":{"text":"Not\u00edcias de Ribeir\u00e3o Preto-SP e Regi\u00e3o","link":"https:\/\/noticiasribeiraopreto.com.br\/index.php\/category\/noticias-de-ribeirao-preto-sp-e-regiao-ismael-colosi\/"},"img":{"alt_text":"","src":"https:\/\/i0.wp.com\/noticiasribeiraopreto.com.br\/wp-content\/uploads\/2023\/12\/vacina-scaled.jpg?fit=1000%2C598&ssl=1&resize=350%2C200","width":350,"height":200,"srcset":"https:\/\/i0.wp.com\/noticiasribeiraopreto.com.br\/wp-content\/uploads\/2023\/12\/vacina-scaled.jpg?fit=1000%2C598&ssl=1&resize=350%2C200 1x, https:\/\/i0.wp.com\/noticiasribeiraopreto.com.br\/wp-content\/uploads\/2023\/12\/vacina-scaled.jpg?fit=1000%2C598&ssl=1&resize=525%2C300 1.5x, https:\/\/i0.wp.com\/noticiasribeiraopreto.com.br\/wp-content\/uploads\/2023\/12\/vacina-scaled.jpg?fit=1000%2C598&ssl=1&resize=700%2C400 2x"},"classes":[]},{"id":14713,"url":"https:\/\/noticiasribeiraopreto.com.br\/index.php\/2023\/12\/12\/rp-utilizou-todo-estoque-da-vacina-contra-covid\/","url_meta":{"origin":21154,"position":1},"title":"RP utilizou todo estoque da vacina contra Covid","author":"noticiasribeiraopreto.com.br","date":"12 de December de 2023","format":false,"excerpt":"12 de dezembro de 2023 | 12:0312 de dezembro de 2023 | 12:06 0A Prefeitura de RP, enviou em nota a informa\u00e7\u00e3o de que todas as doses que o mun\u00edcipio tinha no estoque da vacina Pfizer bivalente contra Covid-19, foram utilizadas na \u00faltima quinta (7).\u00a0 Novas doses j\u00e1 foram pedidas\u2026","rel":"","context":"In &quot;Not\u00edcias de Ribeir\u00e3o Preto-SP e Regi\u00e3o&quot;","block_context":{"text":"Not\u00edcias de Ribeir\u00e3o Preto-SP e Regi\u00e3o","link":"https:\/\/noticiasribeiraopreto.com.br\/index.php\/category\/noticias-de-ribeirao-preto-sp-e-regiao-ismael-colosi\/"},"img":{"alt_text":"","src":"https:\/\/i0.wp.com\/noticiasribeiraopreto.com.br\/wp-content\/uploads\/2023\/12\/1702394332_vacina-covid.jpeg?fit=768%2C578&ssl=1&resize=350%2C200","width":350,"height":200,"srcset":"https:\/\/i0.wp.com\/noticiasribeiraopreto.com.br\/wp-content\/uploads\/2023\/12\/1702394332_vacina-covid.jpeg?fit=768%2C578&ssl=1&resize=350%2C200 1x, https:\/\/i0.wp.com\/noticiasribeiraopreto.com.br\/wp-content\/uploads\/2023\/12\/1702394332_vacina-covid.jpeg?fit=768%2C578&ssl=1&resize=525%2C300 1.5x, https:\/\/i0.wp.com\/noticiasribeiraopreto.com.br\/wp-content\/uploads\/2023\/12\/1702394332_vacina-covid.jpeg?fit=768%2C578&ssl=1&resize=700%2C400 2x"},"classes":[]},{"id":81009,"url":"https:\/\/noticiasribeiraopreto.com.br\/index.php\/2025\/12\/20\/vacina-da-dengue-sera-distribuida\/","url_meta":{"origin":21154,"position":2},"title":"Vacina da dengue ser\u00e1 distribu\u00edda","author":"noticiasribeiraopreto.com.br","date":"20 de December de 2025","format":false,"excerpt":"\r \r \r 20 de dezembro de 2025 12:1520 de dezembro de 2025 02:09 \r Compartilhar0 O Instituto Butantan, \u00f3rg\u00e3o ligado \u00e0 Secretaria de Estado da Sa\u00fade de S\u00e3o Paulo, d\u00e1 in\u00edcio na pr\u00f3xima semana \u00e0 entrega de 1,3 milh\u00e3o de doses da vacina contra dengue para o Programa Nacional\u2026","rel":"","context":"In &quot;Not\u00edcias de Ribeir\u00e3o Preto-SP e Regi\u00e3o&quot;","block_context":{"text":"Not\u00edcias de Ribeir\u00e3o Preto-SP e Regi\u00e3o","link":"https:\/\/noticiasribeiraopreto.com.br\/index.php\/category\/noticias-de-ribeirao-preto-sp-e-regiao-ismael-colosi\/"},"img":{"alt_text":"","src":"https:\/\/i0.wp.com\/noticiasribeiraopreto.com.br\/wp-content\/uploads\/2025\/12\/Butanvac-Pablo-Jacob-Governo-de-Sao-Paulo-1-scaled.jpg?fit=1170%2C780&ssl=1&resize=350%2C200","width":350,"height":200,"srcset":"https:\/\/i0.wp.com\/noticiasribeiraopreto.com.br\/wp-content\/uploads\/2025\/12\/Butanvac-Pablo-Jacob-Governo-de-Sao-Paulo-1-scaled.jpg?fit=1170%2C780&ssl=1&resize=350%2C200 1x, https:\/\/i0.wp.com\/noticiasribeiraopreto.com.br\/wp-content\/uploads\/2025\/12\/Butanvac-Pablo-Jacob-Governo-de-Sao-Paulo-1-scaled.jpg?fit=1170%2C780&ssl=1&resize=525%2C300 1.5x, https:\/\/i0.wp.com\/noticiasribeiraopreto.com.br\/wp-content\/uploads\/2025\/12\/Butanvac-Pablo-Jacob-Governo-de-Sao-Paulo-1-scaled.jpg?fit=1170%2C780&ssl=1&resize=700%2C400 2x, https:\/\/i0.wp.com\/noticiasribeiraopreto.com.br\/wp-content\/uploads\/2025\/12\/Butanvac-Pablo-Jacob-Governo-de-Sao-Paulo-1-scaled.jpg?fit=1170%2C780&ssl=1&resize=1050%2C600 3x"},"classes":[]},{"id":81007,"url":"https:\/\/noticiasribeiraopreto.com.br\/index.php\/2025\/12\/20\/vacinacao-contra-hpv-e-prorrogada-ate-junho\/","url_meta":{"origin":21154,"position":3},"title":"Vacina\u00e7\u00e3o contra HPV \u00e9 prorrogada at\u00e9 junho","author":"noticiasribeiraopreto.com.br","date":"20 de December de 2025","format":false,"excerpt":"\r \r \r 20 de dezembro de 2025 11:1120 de dezembro de 2025 02:01 \r Compartilhar0 A vacina\u00e7\u00e3o contra o HPV para adolescentes de 15 a 19 anos foi prorrogada at\u00e9 junho de 2026 em Ribeir\u00e3o Preto. A medida segue diretriz do Minist\u00e9rio da Sa\u00fade e busca ampliar a cobertura\u2026","rel":"","context":"In &quot;Not\u00edcias de Ribeir\u00e3o Preto-SP e Regi\u00e3o&quot;","block_context":{"text":"Not\u00edcias de Ribeir\u00e3o Preto-SP e Regi\u00e3o","link":"https:\/\/noticiasribeiraopreto.com.br\/index.php\/category\/noticias-de-ribeirao-preto-sp-e-regiao-ismael-colosi\/"},"img":{"alt_text":"","src":"https:\/\/i0.wp.com\/noticiasribeiraopreto.com.br\/wp-content\/uploads\/2025\/12\/VacinaHPV-Guilherme-Sircili-scaled.jpg?fit=1171%2C780&ssl=1&resize=350%2C200","width":350,"height":200,"srcset":"https:\/\/i0.wp.com\/noticiasribeiraopreto.com.br\/wp-content\/uploads\/2025\/12\/VacinaHPV-Guilherme-Sircili-scaled.jpg?fit=1171%2C780&ssl=1&resize=350%2C200 1x, https:\/\/i0.wp.com\/noticiasribeiraopreto.com.br\/wp-content\/uploads\/2025\/12\/VacinaHPV-Guilherme-Sircili-scaled.jpg?fit=1171%2C780&ssl=1&resize=525%2C300 1.5x, https:\/\/i0.wp.com\/noticiasribeiraopreto.com.br\/wp-content\/uploads\/2025\/12\/VacinaHPV-Guilherme-Sircili-scaled.jpg?fit=1171%2C780&ssl=1&resize=700%2C400 2x, https:\/\/i0.wp.com\/noticiasribeiraopreto.com.br\/wp-content\/uploads\/2025\/12\/VacinaHPV-Guilherme-Sircili-scaled.jpg?fit=1171%2C780&ssl=1&resize=1050%2C600 3x"},"classes":[]},{"id":19447,"url":"https:\/\/noticiasribeiraopreto.com.br\/index.php\/2023\/12\/22\/ministerio-da-saude-incorpora-vacina-contra-a-dengue-no-sus\/","url_meta":{"origin":21154,"position":4},"title":"Minist\u00e9rio da Sa\u00fade incorpora vacina contra a dengue no SUS\u00a0","author":"noticiasribeiraopreto.com.br","date":"22 de December de 2023","format":false,"excerpt":"22 de dezembro de 2023 | 12:21 0O Minist\u00e9rio da Sa\u00fade decidiu incorporar, nesta quinta-feira (21), a vacina contra dengue ao Sistema \u00danico de Sa\u00fade (SUS). Segundo a ministra da Sa\u00fade, N\u00edsia Trindade, o Brasil \u00e9 o primeiro pa\u00eds do mundo a oferecer o imunizante no sistema p\u00fablico universal.\u00a0Conhecida como\u2026","rel":"","context":"In &quot;Not\u00edcias de Ribeir\u00e3o Preto-SP e Regi\u00e3o&quot;","block_context":{"text":"Not\u00edcias de Ribeir\u00e3o Preto-SP e Regi\u00e3o","link":"https:\/\/noticiasribeiraopreto.com.br\/index.php\/category\/noticias-de-ribeirao-preto-sp-e-regiao-ismael-colosi\/"},"img":{"alt_text":"","src":"https:\/\/i0.wp.com\/noticiasribeiraopreto.com.br\/wp-content\/uploads\/2023\/12\/3-vacina-scaled.jpg?fit=1000%2C598&ssl=1&resize=350%2C200","width":350,"height":200,"srcset":"https:\/\/i0.wp.com\/noticiasribeiraopreto.com.br\/wp-content\/uploads\/2023\/12\/3-vacina-scaled.jpg?fit=1000%2C598&ssl=1&resize=350%2C200 1x, https:\/\/i0.wp.com\/noticiasribeiraopreto.com.br\/wp-content\/uploads\/2023\/12\/3-vacina-scaled.jpg?fit=1000%2C598&ssl=1&resize=525%2C300 1.5x, https:\/\/i0.wp.com\/noticiasribeiraopreto.com.br\/wp-content\/uploads\/2023\/12\/3-vacina-scaled.jpg?fit=1000%2C598&ssl=1&resize=700%2C400 2x"},"classes":[]},{"id":15038,"url":"https:\/\/noticiasribeiraopreto.com.br\/index.php\/2023\/12\/12\/tunel-da-independencia-e-interditado-pela-quinta-vez\/","url_meta":{"origin":21154,"position":5},"title":"T\u00fanel da Independ\u00eancia \u00e9 interditado pela quinta vez","author":"noticiasribeiraopreto.com.br","date":"12 de December de 2023","format":false,"excerpt":"12 de dezembro de 2023 | 16:4312 de dezembro de 2023 | 17:01 0O acesso ao t\u00fanel Jos\u00e9 Bonif\u00e1cio de Andrada foi fechado na tarde desta ter\u00e7a-feira, dia 12 de dezembro, \u00e0s 16 horas para remo\u00e7\u00e3o de picha\u00e7\u00f5es. A previs\u00e3o \u00e9 que o dispositivo vi\u00e1rio seja liberado ao tr\u00e1fego de\u2026","rel":"","context":"In &quot;Not\u00edcias de Ribeir\u00e3o Preto-SP e Regi\u00e3o&quot;","block_context":{"text":"Not\u00edcias de Ribeir\u00e3o Preto-SP e Regi\u00e3o","link":"https:\/\/noticiasribeiraopreto.com.br\/index.php\/category\/noticias-de-ribeirao-preto-sp-e-regiao-ismael-colosi\/"},"img":{"alt_text":"","src":"https:\/\/i0.wp.com\/noticiasribeiraopreto.com.br\/wp-content\/uploads\/2023\/12\/interdicao_tunel_iluminacao-scaled.jpeg?fit=902%2C645&ssl=1&resize=350%2C200","width":350,"height":200,"srcset":"https:\/\/i0.wp.com\/noticiasribeiraopreto.com.br\/wp-content\/uploads\/2023\/12\/interdicao_tunel_iluminacao-scaled.jpeg?fit=902%2C645&ssl=1&resize=350%2C200 1x, https:\/\/i0.wp.com\/noticiasribeiraopreto.com.br\/wp-content\/uploads\/2023\/12\/interdicao_tunel_iluminacao-scaled.jpeg?fit=902%2C645&ssl=1&resize=525%2C300 1.5x, https:\/\/i0.wp.com\/noticiasribeiraopreto.com.br\/wp-content\/uploads\/2023\/12\/interdicao_tunel_iluminacao-scaled.jpeg?fit=902%2C645&ssl=1&resize=700%2C400 2x"},"classes":[]}],"jetpack_sharing_enabled":true,"jetpack_shortlink":"https:\/\/wp.me\/peQAOb-5vc","_links":{"self":[{"href":"https:\/\/noticiasribeiraopreto.com.br\/index.php\/wp-json\/wp\/v2\/posts\/21154","targetHints":{"allow":["GET"]}}],"collection":[{"href":"https:\/\/noticiasribeiraopreto.com.br\/index.php\/wp-json\/wp\/v2\/posts"}],"about":[{"href":"https:\/\/noticiasribeiraopreto.com.br\/index.php\/wp-json\/wp\/v2\/types\/post"}],"author":[{"embeddable":true,"href":"https:\/\/noticiasribeiraopreto.com.br\/index.php\/wp-json\/wp\/v2\/users\/1"}],"replies":[{"embeddable":true,"href":"https:\/\/noticiasribeiraopreto.com.br\/index.php\/wp-json\/wp\/v2\/comments?post=21154"}],"version-history":[{"count":0,"href":"https:\/\/noticiasribeiraopreto.com.br\/index.php\/wp-json\/wp\/v2\/posts\/21154\/revisions"}],"wp:featuredmedia":[{"embeddable":true,"href":"https:\/\/noticiasribeiraopreto.com.br\/index.php\/wp-json\/wp\/v2\/media\/21155"}],"wp:attachment":[{"href":"https:\/\/noticiasribeiraopreto.com.br\/index.php\/wp-json\/wp\/v2\/media?parent=21154"}],"wp:term":[{"taxonomy":"category","embeddable":true,"href":"https:\/\/noticiasribeiraopreto.com.br\/index.php\/wp-json\/wp\/v2\/categories?post=21154"},{"taxonomy":"post_tag","embeddable":true,"href":"https:\/\/noticiasribeiraopreto.com.br\/index.php\/wp-json\/wp\/v2\/tags?post=21154"}],"curies":[{"name":"wp","href":"https:\/\/api.w.org\/{rel}","templated":true}]}}