{"id":21160,"date":"2023-12-27T09:06:37","date_gmt":"2023-12-27T12:06:37","guid":{"rendered":"https:\/\/noticiasribeiraopreto.com.br\/index.php\/2023\/12\/27\/7-fatores-ligados-a-depressao-segundo-a-ciencia\/"},"modified":"2023-12-27T09:06:37","modified_gmt":"2023-12-27T12:06:37","slug":"7-fatores-ligados-a-depressao-segundo-a-ciencia","status":"publish","type":"post","link":"https:\/\/noticiasribeiraopreto.com.br\/index.php\/2023\/12\/27\/7-fatores-ligados-a-depressao-segundo-a-ciencia\/","title":{"rendered":"7 fatores ligados \u00e0 depress\u00e3o, segundo a ci\u00eancia"},"content":{"rendered":"<div class='code-block code-block-1' style='margin: 8px 0 8px auto; text-align: right; display: block; clear: both;'>\n<p><a href=\"https:\/\/wa.link\/vpicfd\"><img data-recalc-dims=\"1\" class=\"wp-image-4922\" style=\"aspect-ratio: 2.0253164556962027; width: 561px; height: auto;\" src=\"https:\/\/i0.wp.com\/ismaelcolosi.com.br\/wp-content\/uploads\/2023\/11\/grupo-de-empregos-whatsapp-e-facebook-ismael-colosi-vagas.jpg?ssl=1\" alt=\"\" \/><\/a><\/p>\n<!-- \/wp:image -->\n<\/div>\n<p> <br \/>\n<\/p>\n<div>\n<div id=\"attachment_1007362\" class=\"wp-caption alignnone\">\n<div class=\"d-flex justify-content-center\" data-attachment-id=\"1007362\">\n<div class=\"position-relative d-inline-block\"><img data-recalc-dims=\"1\" data-portal-copyright=\"\" fetchpriority=\"high\" decoding=\"async\" class=\"wp-image-1007362 size-full\" src=\"https:\/\/i0.wp.com\/catracalivre.com.br\/wp-content\/uploads\/2015\/12\/mulher-dormindo.jpg?resize=849%2C565&#038;ssl=1\" alt=\"Fatores ligados \u00e0 depress\u00e3o: Ter uma boa noite de sono \u2013 entre sete e nove horas por noite \u2013 fez a maior diferen\u00e7a entre todos os h\u00e1bitos observados \u2013 iStock\/Getty Images\" width=\"849\" height=\"565\" srcset=\"https:\/\/catracalivre.com.br\/wp-content\/uploads\/2015\/12\/mulher-dormindo.jpg 849w, https:\/\/catracalivre.com.br\/wp-content\/uploads\/2015\/12\/mulher-dormindo-450x299.jpg 450w, https:\/\/catracalivre.com.br\/wp-content\/uploads\/2015\/12\/mulher-dormindo-768x511.jpg 768w\" sizes=\"(max-width: 849px) 100vw, 849px\"\/><\/div>\n<\/div>\n<p><span class=\"post-imagem__legenda\">Fatores ligados \u00e0 depress\u00e3o: Ter uma boa noite de sono \u2013 entre sete e nove horas por noite \u2013 fez a maior diferen\u00e7a entre todos os h\u00e1bitos observados \u2013 iStock\/Getty Images<\/span><\/p>\n<\/div>\n<p>Uma combina\u00e7\u00e3o de poss\u00edveis fatores, incluindo estilo de vida, gen\u00e9tica, estrutura cerebral e sistemas imunol\u00f3gico e metab\u00f3lico podem estar associados \u00e0 depress\u00e3o, segundo pesquisa publicada na revista <strong><a href=\"https:\/\/www.nature.com\/natmentalhealth\/\" target=\"_blank\" rel=\"noopener\">Nature Mental Health<\/a><\/strong>.<\/p>\n<p>Evid\u00eancias obtidas no estudo mostram, por exemplo, que uma vida sedent\u00e1ria, sono de m\u00e1 qualidade e v\u00edcios como o \u00e1lcool e o cigarro aumentam o risco da doen\u00e7a.<\/p>\n<h2>Fatores ligados \u00e0 depress\u00e3o<\/h2>\n<p>Para compreender melhor a rela\u00e7\u00e3o entre estes fatores e a depress\u00e3o, os investigadores recorreram ao UK Biobank, uma base de dados que cont\u00e9m informa\u00e7\u00f5es sobre gen\u00e9tica, estilo de vida e sa\u00fade dos seus participantes.<\/p>\n<p>Ao examinar dados de quase 290 mil pessoas \u2013 das quais 13 mil tiveram depress\u00e3o \u2013 acompanhadas ao longo de um per\u00edodo de nove anos, a equipe conseguiu identificar sete fatores de estilo de vida associados a um maior risco de depress\u00e3o. Estes foram:<\/p>\n<ul>\n<li>consumo moderado de \u00e1lcool<\/li>\n<li>dieta saud\u00e1vel<\/li>\n<li>atividade f\u00edsica regular<\/li>\n<li>sono saud\u00e1vel<\/li>\n<li>nunca fumar<\/li>\n<li>comportamento sedent\u00e1rio baixo a moderado<\/li>\n<li>conex\u00e3o social frequente<\/li>\n<\/ul>\n<h2>O que dizem os resultados<\/h2>\n<p>Ter uma boa noite de sono \u2013 entre sete e nove horas por noite \u2013 fez a maior diferen\u00e7a entre todos os fatores observados. Segundo os especialistas, o fator reduz o risco de depress\u00e3o, incluindo epis\u00f3dios depressivos \u00fanicos e depress\u00e3o resistente ao tratamento, em 22%.<\/p>\n<p>Al\u00e9m disso, a liga\u00e7\u00e3o social frequente, que em geral reduziu o risco de depress\u00e3o em 18%, foi a que mais protegeu contra o transtorno depressivo recorrente.<\/p>\n<p>O consumo moderado de \u00e1lcool diminuiu o risco de depress\u00e3o em 11%, a dieta saud\u00e1vel em 6%, a atividade f\u00edsica regular em 14%, nunca fumar em 20% e o comportamento sedent\u00e1rio baixo a moderado em 13%.<\/p>\n<p>A equipe ent\u00e3o examinou o DNA dos participantes, atribuindo a cada um uma pontua\u00e7\u00e3o de risco gen\u00e9tico.\u00a0Essa pontua\u00e7\u00e3o foi baseada no n\u00famero de variantes gen\u00e9ticas que um indiv\u00edduo carregava e que tinham uma liga\u00e7\u00e3o conhecida com o risco de depress\u00e3o.\u00a0Aqueles com a pontua\u00e7\u00e3o de risco gen\u00e9tico mais baixa tinham 25% menos probabilidade de desenvolver depress\u00e3o quando comparados com aqueles com a pontua\u00e7\u00e3o mais alta \u2013 um impacto muito menor do que o estilo de vida.<\/p>\n<p>Em pessoas com risco gen\u00e9tico alto, m\u00e9dio e baixo para depress\u00e3o, a equipe descobriu ainda que um estilo de vida saud\u00e1vel pode reduzir o risco de depress\u00e3o. Esta pesquisa destaca a import\u00e2ncia de viver um estilo de vida saud\u00e1vel para prevenir a depress\u00e3o, independentemente do risco gen\u00e9tico de uma pessoa.<\/p>\n<\/div>\n<p><script>\n\t\t! function(f, b, e, v, n, t, s) {\n\t\t\tif (f.fbq) return;\n\t\t\tn = f.fbq = function() {\n\t\t\t\tn.callMethod ?\n\t\t\t\t\tn.callMethod.apply(n, arguments) : n.queue.push(arguments)\n\t\t\t};\n\t\t\tif (!f._fbq) f._fbq = n;\n\t\t\tn.push = n;\n\t\t\tn.loaded = !0;\n\t\t\tn.version = '2.0';\n\t\t\tn.queue = [];\n\t\t\tt = b.createElement(e);\n\t\t\tt.async = !0;\n\t\t\tt.src = v;\n\t\t\ts = b.getElementsByTagName(e)[0];\n\t\t\ts.parentNode.insertBefore(t, s)\n\t\t}(window, document, 'script',\n\t\t\t'https:\/\/connect.facebook.net\/en_US\/fbevents.js');\n\t\tfbq('init', '338315473262380');\n\t\tfbq('track', 'PageView');\n\t<\/script><br \/>\n<br \/><br \/>\n<br \/><a href=\"https:\/\/catracalivre.com.br\/saude-bem-estar\/7-fatores-ligados-a-depressao-segundo-a-ciencia\/\">Source link <\/a><\/p>\n<!-- CONTENT END 1 -->\n","protected":false},"excerpt":{"rendered":"<p>Fatores ligados \u00e0 depress\u00e3o: Ter uma boa noite de sono \u2013 entre sete e nove horas por noite \u2013 fez a maior diferen\u00e7a entre todos&#8230;<\/p>\n","protected":false},"author":1,"featured_media":21161,"comment_status":"open","ping_status":"open","sticky":false,"template":"","format":"standard","meta":{"advanced_seo_description":"","jetpack_seo_html_title":"","jetpack_seo_noindex":false,"jetpack_post_was_ever_published":false,"_jetpack_newsletter_access":"","_jetpack_dont_email_post_to_subs":false,"_jetpack_newsletter_tier_id":0,"_jetpack_memberships_contains_paywalled_content":false,"_jetpack_memberships_contains_paid_content":false,"footnotes":"","jetpack_publicize_message":"","jetpack_publicize_feature_enabled":true,"jetpack_social_post_already_shared":true,"jetpack_social_options":{"image_generator_settings":{"template":"highway","default_image_id":0,"font":"","enabled":false},"version":2}},"categories":[19],"tags":[],"class_list":["post-21160","post","type-post","status-publish","format-standard","has-post-thumbnail","hentry","category-variedades"],"jetpack_publicize_connections":[],"jetpack_featured_media_url":"https:\/\/i0.wp.com\/noticiasribeiraopreto.com.br\/wp-content\/uploads\/2023\/12\/mulher-dormindo.jpg?fit=1200%2C638&ssl=1","jetpack-related-posts":[{"id":71129,"url":"https:\/\/noticiasribeiraopreto.com.br\/index.php\/2025\/06\/03\/jornal-da-franca-o-elo-oculto-entre-habitos-noturnos-e-depressao-que-voce-precisa-conhecer\/","url_meta":{"origin":21160,"position":0},"title":"Jornal da Franca &#8211; O elo oculto entre h\u00e1bitos noturnos e depress\u00e3o que voc\u00ea precisa conhecer","author":"noticiasribeiraopreto.com.br","date":"3 de June de 2025","format":false,"excerpt":"compartilhar no whatsapp compartilhar no telegram compartilhar no facebook compartilhar no linkedin Pesquisadores revelam que dormir tarde pode afetar seu bem-estar mental. Saiba como proteger sua sa\u00fade emocional Um estudo recente com mais de 500 universit\u00e1rios revelou que pessoas com h\u00e1bitos noturnos apresentam maior propens\u00e3o a desenvolver sintomas de depress\u00e3o.\u2026","rel":"","context":"In &quot;Not\u00edcias de Franca-SP&quot;","block_context":{"text":"Not\u00edcias de Franca-SP","link":"https:\/\/noticiasribeiraopreto.com.br\/index.php\/category\/noticias-de-ribeirao-preto-sp-e-regiao-ismael-colosi\/noticias-franca-sp\/"},"img":{"alt_text":"","src":"https:\/\/i0.wp.com\/noticiasribeiraopreto.com.br\/wp-content\/uploads\/2025\/06\/jovem-femea-dormir-no-quarto-insonia-dormindo-preocupado-e-estressado.jpg?fit=1000%2C667&ssl=1&resize=350%2C200","width":350,"height":200,"srcset":"https:\/\/i0.wp.com\/noticiasribeiraopreto.com.br\/wp-content\/uploads\/2025\/06\/jovem-femea-dormir-no-quarto-insonia-dormindo-preocupado-e-estressado.jpg?fit=1000%2C667&ssl=1&resize=350%2C200 1x, https:\/\/i0.wp.com\/noticiasribeiraopreto.com.br\/wp-content\/uploads\/2025\/06\/jovem-femea-dormir-no-quarto-insonia-dormindo-preocupado-e-estressado.jpg?fit=1000%2C667&ssl=1&resize=525%2C300 1.5x, https:\/\/i0.wp.com\/noticiasribeiraopreto.com.br\/wp-content\/uploads\/2025\/06\/jovem-femea-dormir-no-quarto-insonia-dormindo-preocupado-e-estressado.jpg?fit=1000%2C667&ssl=1&resize=700%2C400 2x"},"classes":[]},{"id":1357,"url":"https:\/\/noticiasribeiraopreto.com.br\/index.php\/2023\/11\/12\/emocao-22-depressao-jornal-tribuna-ribeirao\/","url_meta":{"origin":21160,"position":1},"title":"Emo\u00e7\u00e3o (22): Depress\u00e3o\u00a0 &#8211; Jornal Tribuna Ribeir\u00e3o","author":"noticiasribeiraopreto.com.br","date":"12 de November de 2023","format":false,"excerpt":"12 de novembro de 2023 | 8:1511 de novembro de 2023 | 16:19 0Jos\u00e9 Aparecido Da Silva*\u00a0\u00a0O que \u00e9 depress\u00e3o? Todo mundo se sente triste ou deprimido \u00e0s vezes, mas esses sentimentos geralmente passam com um pouco de tempo. A depress\u00e3o (tamb\u00e9m chamada de transtorno depressivo maior ou depress\u00e3o cl\u00ednica)\u2026","rel":"","context":"In &quot;Not\u00edcias de Ribeir\u00e3o Preto-SP e Regi\u00e3o&quot;","block_context":{"text":"Not\u00edcias de Ribeir\u00e3o Preto-SP e Regi\u00e3o","link":"https:\/\/noticiasribeiraopreto.com.br\/index.php\/category\/noticias-de-ribeirao-preto-sp-e-regiao-ismael-colosi\/"},"img":{"alt_text":"","src":"https:\/\/i0.wp.com\/noticiasribeiraopreto.com.br\/wp-content\/uploads\/2023\/11\/jose-aparecido.jpg?fit=700%2C450&ssl=1&resize=350%2C200","width":350,"height":200,"srcset":"https:\/\/i0.wp.com\/noticiasribeiraopreto.com.br\/wp-content\/uploads\/2023\/11\/jose-aparecido.jpg?fit=700%2C450&ssl=1&resize=350%2C200 1x, https:\/\/i0.wp.com\/noticiasribeiraopreto.com.br\/wp-content\/uploads\/2023\/11\/jose-aparecido.jpg?fit=700%2C450&ssl=1&resize=525%2C300 1.5x, https:\/\/i0.wp.com\/noticiasribeiraopreto.com.br\/wp-content\/uploads\/2023\/11\/jose-aparecido.jpg?fit=700%2C450&ssl=1&resize=700%2C400 2x"},"classes":[]},{"id":13359,"url":"https:\/\/noticiasribeiraopreto.com.br\/index.php\/2023\/12\/09\/tristeza-pode-levar-ao-desenvolvimento-de-cancer\/","url_meta":{"origin":21160,"position":2},"title":"Tristeza pode levar ao desenvolvimento de c\u00e2ncer?","author":"noticiasribeiraopreto.com.br","date":"9 de December de 2023","format":false,"excerpt":"Cr\u00e9ditos: Getty ImagesA pesquisa d\u00e1 um desfecho \u00e0 hip\u00f3tese de que doen\u00e7as mentais caracterizadas pela triste podem levar ao desenvolvimento de c\u00e2ncer \u2013 iStock\/Getty Images Depress\u00e3o, ansiedade ou qualquer tipo de tristeza podem aumentar significativamente o risco de desenvolvimento de c\u00e2ncer, aponta novo estudo baseado em dados de mais de\u2026","rel":"","context":"In &quot;Variedades&quot;","block_context":{"text":"Variedades","link":"https:\/\/noticiasribeiraopreto.com.br\/index.php\/category\/variedades\/"},"img":{"alt_text":"","src":"https:\/\/i0.wp.com\/noticiasribeiraopreto.com.br\/wp-content\/uploads\/2023\/12\/istock-1321258462.jpg?fit=1200%2C638&ssl=1&resize=350%2C200","width":350,"height":200,"srcset":"https:\/\/i0.wp.com\/noticiasribeiraopreto.com.br\/wp-content\/uploads\/2023\/12\/istock-1321258462.jpg?fit=1200%2C638&ssl=1&resize=350%2C200 1x, https:\/\/i0.wp.com\/noticiasribeiraopreto.com.br\/wp-content\/uploads\/2023\/12\/istock-1321258462.jpg?fit=1200%2C638&ssl=1&resize=525%2C300 1.5x, https:\/\/i0.wp.com\/noticiasribeiraopreto.com.br\/wp-content\/uploads\/2023\/12\/istock-1321258462.jpg?fit=1200%2C638&ssl=1&resize=700%2C400 2x, https:\/\/i0.wp.com\/noticiasribeiraopreto.com.br\/wp-content\/uploads\/2023\/12\/istock-1321258462.jpg?fit=1200%2C638&ssl=1&resize=1050%2C600 3x"},"classes":[]},{"id":13555,"url":"https:\/\/noticiasribeiraopreto.com.br\/index.php\/2023\/12\/10\/praticar-estas-atividades-fisicas-pode-aliviar-sintomas-da-depressao\/","url_meta":{"origin":21160,"position":3},"title":"Praticar estas atividades f\u00edsicas pode aliviar sintomas da depress\u00e3o","author":"noticiasribeiraopreto.com.br","date":"10 de December de 2023","format":false,"excerpt":"Cr\u00e9ditos: torwai\/istockEntenda por que, segundo estudo, a pr\u00e1tica de atividades f\u00edsicas est\u00e1 ligada ao abrandamento dos sintomas de depress\u00e3o \u2013 iStock\/Getty Images A correria do dia a dia ou o trabalho que nos consome horas s\u00e3o apenas algumas das raz\u00f5es pelas quais podemos sucumbir a nossa vida ao sedentarismo. E\u2026","rel":"","context":"In &quot;Variedades&quot;","block_context":{"text":"Variedades","link":"https:\/\/noticiasribeiraopreto.com.br\/index.php\/category\/variedades\/"},"img":{"alt_text":"","src":"https:\/\/i0.wp.com\/noticiasribeiraopreto.com.br\/wp-content\/uploads\/2023\/12\/depressao-sintoma-ignorado.jpg?fit=1200%2C638&ssl=1&resize=350%2C200","width":350,"height":200,"srcset":"https:\/\/i0.wp.com\/noticiasribeiraopreto.com.br\/wp-content\/uploads\/2023\/12\/depressao-sintoma-ignorado.jpg?fit=1200%2C638&ssl=1&resize=350%2C200 1x, https:\/\/i0.wp.com\/noticiasribeiraopreto.com.br\/wp-content\/uploads\/2023\/12\/depressao-sintoma-ignorado.jpg?fit=1200%2C638&ssl=1&resize=525%2C300 1.5x, https:\/\/i0.wp.com\/noticiasribeiraopreto.com.br\/wp-content\/uploads\/2023\/12\/depressao-sintoma-ignorado.jpg?fit=1200%2C638&ssl=1&resize=700%2C400 2x, https:\/\/i0.wp.com\/noticiasribeiraopreto.com.br\/wp-content\/uploads\/2023\/12\/depressao-sintoma-ignorado.jpg?fit=1200%2C638&ssl=1&resize=1050%2C600 3x"},"classes":[]},{"id":40372,"url":"https:\/\/noticiasribeiraopreto.com.br\/index.php\/2024\/03\/03\/neurociencia-da-vida-cotidiana-15-o-cerebro-deprimido\/","url_meta":{"origin":21160,"position":4},"title":"Neuroci\u00eancia da vida cotidiana (15): O C\u00e9rebro Deprimido\u00a0","author":"noticiasribeiraopreto.com.br","date":"3 de March de 2024","format":false,"excerpt":"\u201cMeu c\u00e9rebro (Minha alma, no original)\u201d \u00e9 uma orquestra oculta; n\u00e3o sei que instrumentos tangem e rangem, cordas e harpas, timbales e tambores, dentro de mim. \u201cS\u00f3 me conhe\u00e7o como sinfonia\u201d.\u00a0Fernando Pessoa, Livro do Desassossego.\u00a0\u00a0Jos\u00e9 Aparecido da Silva*\u00a0\u00a0O que \u00e9 depress\u00e3o? Todo mundo se sente triste ou deprimido \u00e0s vezes,\u2026","rel":"","context":"In &quot;Not\u00edcias de Ribeir\u00e3o Preto-SP e Regi\u00e3o&quot;","block_context":{"text":"Not\u00edcias de Ribeir\u00e3o Preto-SP e Regi\u00e3o","link":"https:\/\/noticiasribeiraopreto.com.br\/index.php\/category\/noticias-de-ribeirao-preto-sp-e-regiao-ismael-colosi\/"},"img":{"alt_text":"","src":"https:\/\/i0.wp.com\/noticiasribeiraopreto.com.br\/wp-content\/uploads\/2024\/03\/jose-aparecido.jpg?fit=700%2C450&ssl=1&resize=350%2C200","width":350,"height":200,"srcset":"https:\/\/i0.wp.com\/noticiasribeiraopreto.com.br\/wp-content\/uploads\/2024\/03\/jose-aparecido.jpg?fit=700%2C450&ssl=1&resize=350%2C200 1x, https:\/\/i0.wp.com\/noticiasribeiraopreto.com.br\/wp-content\/uploads\/2024\/03\/jose-aparecido.jpg?fit=700%2C450&ssl=1&resize=525%2C300 1.5x, https:\/\/i0.wp.com\/noticiasribeiraopreto.com.br\/wp-content\/uploads\/2024\/03\/jose-aparecido.jpg?fit=700%2C450&ssl=1&resize=700%2C400 2x"},"classes":[]},{"id":20758,"url":"https:\/\/noticiasribeiraopreto.com.br\/index.php\/2023\/12\/26\/consumo-de-adocantes-pode-aumentar-risco-de-depressao\/","url_meta":{"origin":21160,"position":5},"title":"Consumo de ado\u00e7antes pode aumentar risco de depress\u00e3o","author":"noticiasribeiraopreto.com.br","date":"26 de December de 2023","format":false,"excerpt":"Cr\u00e9ditos: iStock\/Andrii BicherOMS desaconselha uso de ado\u00e7ante por uma s\u00e9rie de consequ\u00eancias nocivas \u00e0 sa\u00fade do corpo e da mente, como a depress\u00e3o \u2013 iStock\/Getty Images A ingest\u00e3o de ado\u00e7antes artificiais pode estar ligada ao aumento da incid\u00eancia de depress\u00e3o, indica estudo divulgado por duas institui\u00e7\u00f5es acad\u00eamicas Universidade de Harvard\u2026","rel":"","context":"In &quot;Variedades&quot;","block_context":{"text":"Variedades","link":"https:\/\/noticiasribeiraopreto.com.br\/index.php\/category\/variedades\/"},"img":{"alt_text":"","src":"https:\/\/i0.wp.com\/noticiasribeiraopreto.com.br\/wp-content\/uploads\/2023\/12\/fotos-catraca-2023-05-18t121250397.png?fit=1200%2C638&ssl=1&resize=350%2C200","width":350,"height":200,"srcset":"https:\/\/i0.wp.com\/noticiasribeiraopreto.com.br\/wp-content\/uploads\/2023\/12\/fotos-catraca-2023-05-18t121250397.png?fit=1200%2C638&ssl=1&resize=350%2C200 1x, https:\/\/i0.wp.com\/noticiasribeiraopreto.com.br\/wp-content\/uploads\/2023\/12\/fotos-catraca-2023-05-18t121250397.png?fit=1200%2C638&ssl=1&resize=525%2C300 1.5x, https:\/\/i0.wp.com\/noticiasribeiraopreto.com.br\/wp-content\/uploads\/2023\/12\/fotos-catraca-2023-05-18t121250397.png?fit=1200%2C638&ssl=1&resize=700%2C400 2x, https:\/\/i0.wp.com\/noticiasribeiraopreto.com.br\/wp-content\/uploads\/2023\/12\/fotos-catraca-2023-05-18t121250397.png?fit=1200%2C638&ssl=1&resize=1050%2C600 3x"},"classes":[]}],"jetpack_sharing_enabled":true,"jetpack_shortlink":"https:\/\/wp.me\/peQAOb-5vi","_links":{"self":[{"href":"https:\/\/noticiasribeiraopreto.com.br\/index.php\/wp-json\/wp\/v2\/posts\/21160","targetHints":{"allow":["GET"]}}],"collection":[{"href":"https:\/\/noticiasribeiraopreto.com.br\/index.php\/wp-json\/wp\/v2\/posts"}],"about":[{"href":"https:\/\/noticiasribeiraopreto.com.br\/index.php\/wp-json\/wp\/v2\/types\/post"}],"author":[{"embeddable":true,"href":"https:\/\/noticiasribeiraopreto.com.br\/index.php\/wp-json\/wp\/v2\/users\/1"}],"replies":[{"embeddable":true,"href":"https:\/\/noticiasribeiraopreto.com.br\/index.php\/wp-json\/wp\/v2\/comments?post=21160"}],"version-history":[{"count":0,"href":"https:\/\/noticiasribeiraopreto.com.br\/index.php\/wp-json\/wp\/v2\/posts\/21160\/revisions"}],"wp:featuredmedia":[{"embeddable":true,"href":"https:\/\/noticiasribeiraopreto.com.br\/index.php\/wp-json\/wp\/v2\/media\/21161"}],"wp:attachment":[{"href":"https:\/\/noticiasribeiraopreto.com.br\/index.php\/wp-json\/wp\/v2\/media?parent=21160"}],"wp:term":[{"taxonomy":"category","embeddable":true,"href":"https:\/\/noticiasribeiraopreto.com.br\/index.php\/wp-json\/wp\/v2\/categories?post=21160"},{"taxonomy":"post_tag","embeddable":true,"href":"https:\/\/noticiasribeiraopreto.com.br\/index.php\/wp-json\/wp\/v2\/tags?post=21160"}],"curies":[{"name":"wp","href":"https:\/\/api.w.org\/{rel}","templated":true}]}}