{"id":21187,"date":"2023-12-27T10:14:23","date_gmt":"2023-12-27T13:14:23","guid":{"rendered":"https:\/\/noticiasribeiraopreto.com.br\/index.php\/2023\/12\/27\/secretaria-da-cultura-abre-cadastro-para-grupos-carnavalescos\/"},"modified":"2023-12-27T10:14:23","modified_gmt":"2023-12-27T13:14:23","slug":"secretaria-da-cultura-abre-cadastro-para-grupos-carnavalescos","status":"publish","type":"post","link":"https:\/\/noticiasribeiraopreto.com.br\/index.php\/2023\/12\/27\/secretaria-da-cultura-abre-cadastro-para-grupos-carnavalescos\/","title":{"rendered":"Secretaria da Cultura abre cadastro para Grupos Carnavalescos"},"content":{"rendered":"<div class='code-block code-block-1' style='margin: 8px 0 8px auto; text-align: right; display: block; clear: both;'>\n<p><a href=\"https:\/\/wa.link\/vpicfd\"><img data-recalc-dims=\"1\" class=\"wp-image-4922\" style=\"aspect-ratio: 2.0253164556962027; width: 561px; height: auto;\" src=\"https:\/\/i0.wp.com\/ismaelcolosi.com.br\/wp-content\/uploads\/2023\/11\/grupo-de-empregos-whatsapp-e-facebook-ismael-colosi-vagas.jpg?ssl=1\" alt=\"\" \/><\/a><\/p>\n<!-- \/wp:image -->\n<\/div>\n<p> <br \/>\n<\/p>\n<div id=\"\">\n<p> <span class=\"entry-meta-item penci-posted-on\"><i class=\"fa fa-clock-o\"\/><time class=\"entry-date published\" datetime=\"2023-12-27T10:00:06-03:00\">27 de dezembro de 2023 | 10:00<\/time><time class=\"updated\" datetime=\"2023-12-26T19:38:34-03:00\">26 de dezembro de 2023 | 19:38<\/time><\/span><\/p>\n<p> <span class=\"penci-social-buttons penci-social-share-footer\"><a href=\"#\" class=\"penci-post-like penci_post-meta_item  single-like-button penci-social-item like\" data-post_id=\"368501\" title=\"Like\" data-like=\"Like\" data-unlike=\"Unlike\"><i class=\"fa fa-thumbs-o-up\"\/><span class=\"penci-share-number\">0<\/span><\/a><i class=\"fa fa-facebook\"\/><a class=\"penci-social-item twitter\" target=\"_blank\" rel=\"noopener\" title=\"\" href=\"https:\/\/twitter.com\/intent\/tweet?text=Secretaria%20da%20Cultura%20abre%20cadastro%20para%20Grupos%20Carnavalescos%20-%20https:\/\/www.tribunaribeirao.com.br\/site\/secretaria-da-cultura-abre-cadastro-para-grupos-carnavalescos\/\"><i class=\"fa fa-twitter\"\/><\/a><i class=\"fa fa-whatsapp\"\/><\/span><\/div>\n<div>\n<p>Est\u00e1 aberto o cadastro para a convoca\u00e7\u00e3o dos grupos de manifesta\u00e7\u00f5es carnavalescas interessados em realizar suas atividades durante o Carnaval de 2024, entre os dias 10 e 13 de fevereiro, em espa\u00e7os p\u00fablicos de Ribeir\u00e3o Preto.<\/p>\n<p>O secret\u00e1rio da Cultura e Turismo, Pedro Le\u00e3o, ressalta a import\u00e2ncia do Carnaval para a cultura popular. \u201cO carnaval faz parte da identidade do nosso povo. Nosso objetivo \u00e9 resgatar o h\u00e1bito de ocupar espa\u00e7os p\u00fablicos da cidade com muita festa, como o ribeir\u00e3o-pretano sabe fazer\u201d, explica.<\/p>\n<p>Os organizadores respons\u00e1veis pelas escolas de samba, blocos, afox\u00e9s, maracatus, grupos art\u00edsticos e culturais entre outros, t\u00eam at\u00e9 o dia 9 de janeiro de 2024, \u00e0s 23h59, para realizarem a inscri\u00e7\u00e3o online.<\/p>\n<p>A Secretaria da Cultura e Turismo ressalta que o cadastramento \u00e9 importante para que a Comiss\u00e3o T\u00e9cnica analise e verifique a viabilidade da manifesta\u00e7\u00e3o perante a legisla\u00e7\u00e3o vigente, al\u00e9m do planejamento da log\u00edstica de apoio \u00e0s a\u00e7\u00f5es ou ocupa\u00e7\u00f5es, que poder\u00e3o acontecer nessa \u00e9poca.<\/p>\n<p>Mais informa\u00e7\u00f5es sobre o cadastramento tamb\u00e9m podem ser obtidas na Secretaria da Cultura e Turismo pelo WhatsApp (16) 98109-2477.<\/p>\n<p>\u00a0<\/p>\n<p><a href=\"https:\/\/docs.google.com\/forms\/d\/e\/1FAIpQLScK7DXP3hzMcTzRIVLX0-S5tOlS3kbXn2qgIeLLpMxlAw6xrA\/viewform\"><u><strong>Para preencher o cadastro clique aqui.<\/strong><\/u><\/a><\/p>\n<p>\u00a0<\/p>\n<p><strong>Documenta\u00e7\u00e3o necess\u00e1ria<\/strong><\/p>\n<p>Para pessoa f\u00edsica, \u00e9 necess\u00e1rio anexar arquivo em PDF, nos campos espec\u00edficos do formul\u00e1rio, com os seguintes documentos: documento de identidade (RG), Cadastro de Pessoa F\u00edsica (CPF) e comprovante de resid\u00eancia atual.<\/p>\n<p>J\u00e1 para pessoa jur\u00eddica, \u00e9 preciso arquivos em PDF, nos campos espec\u00edficos do formul\u00e1rio, dos seguintes documentos: estatuto ou contrato social; Ata de elei\u00e7\u00e3o de sua diretoria (se for o caso); Cadastro Nacional de Pessoas Jur\u00eddicas (CNPJ); Comprovante de endere\u00e7o atual e documentos do representante legal (RG e CPF).<\/p>\n<\/div>\n<p><script async src=\"\/\/platform.twitter.com\/widgets.js\" charset=\"utf-8\"><\/script><br \/>\n<br \/><br \/>\n<br \/><a href=\"https:\/\/www.tribunaribeirao.com.br\/site\/secretaria-da-cultura-abre-cadastro-para-grupos-carnavalescos\/\">Source link <\/a><\/p>\n<!-- CONTENT END 1 -->\n","protected":false},"excerpt":{"rendered":"<p>27 de dezembro de 2023 | 10:0026 de dezembro de 2023 | 19:38 0 Est\u00e1 aberto o cadastro para a convoca\u00e7\u00e3o dos grupos de manifesta\u00e7\u00f5es&#8230;<\/p>\n","protected":false},"author":1,"featured_media":21188,"comment_status":"open","ping_status":"open","sticky":false,"template":"","format":"standard","meta":{"advanced_seo_description":"","jetpack_seo_html_title":"","jetpack_seo_noindex":false,"jetpack_post_was_ever_published":false,"_jetpack_newsletter_access":"","_jetpack_dont_email_post_to_subs":false,"_jetpack_newsletter_tier_id":0,"_jetpack_memberships_contains_paywalled_content":false,"_jetpack_memberships_contains_paid_content":false,"footnotes":"","jetpack_publicize_message":"","jetpack_publicize_feature_enabled":true,"jetpack_social_post_already_shared":true,"jetpack_social_options":{"image_generator_settings":{"template":"highway","default_image_id":0,"font":"","enabled":false},"version":2}},"categories":[11],"tags":[210,2697,2698,823,46,71,909],"class_list":["post-21187","post","type-post","status-publish","format-standard","has-post-thumbnail","hentry","category-noticias-de-ribeirao-preto-sp-e-regiao-ismael-colosi","tag-abre","tag-cadastro","tag-carnavalescos","tag-cultura","tag-grupos","tag-para","tag-secretaria"],"jetpack_publicize_connections":[],"jetpack_featured_media_url":"https:\/\/i0.wp.com\/noticiasribeiraopreto.com.br\/wp-content\/uploads\/2023\/12\/close-up-na-decoracao-do-cotillon-1536x1024-1-scaled.jpg?fit=967%2C645&ssl=1","jetpack-related-posts":[{"id":81479,"url":"https:\/\/noticiasribeiraopreto.com.br\/index.php\/2026\/01\/07\/ribeirao-preto-abre-inscricoes-para-eventos-durante-o-carnaval-2026\/","url_meta":{"origin":21187,"position":0},"title":"Ribeir\u00e3o Preto abre inscri\u00e7\u00f5es para eventos durante o Carnaval 2026","author":"noticiasribeiraopreto.com.br","date":"7 de January de 2026","format":false,"excerpt":"A Secretaria Municipal da Cultura e Turismo de Ribeir\u00e3o Preto abriu as inscri\u00e7\u00f5es para o cadastramento de atividades culturais carnavalescas que ir\u00e3o compor a programa\u00e7\u00e3o oficial do Carnaval 2026. O cadastro deve ser realizado pela internet (clique aqui) entre os dias 6 e 20 de janeiro. Quem pode participar? Podem\u2026","rel":"","context":"In &quot;Not\u00edcias de Ribeir\u00e3o Preto-SP e Regi\u00e3o&quot;","block_context":{"text":"Not\u00edcias de Ribeir\u00e3o Preto-SP e Regi\u00e3o","link":"https:\/\/noticiasribeiraopreto.com.br\/index.php\/category\/noticias-de-ribeirao-preto-sp-e-regiao-ismael-colosi\/"},"img":{"alt_text":"","src":"https:\/\/i0.wp.com\/noticiasribeiraopreto.com.br\/wp-content\/uploads\/2026\/01\/carnaval_2026-01-06_18-01-22.webp.webp?fit=1200%2C675&ssl=1&resize=350%2C200","width":350,"height":200,"srcset":"https:\/\/i0.wp.com\/noticiasribeiraopreto.com.br\/wp-content\/uploads\/2026\/01\/carnaval_2026-01-06_18-01-22.webp.webp?fit=1200%2C675&ssl=1&resize=350%2C200 1x, https:\/\/i0.wp.com\/noticiasribeiraopreto.com.br\/wp-content\/uploads\/2026\/01\/carnaval_2026-01-06_18-01-22.webp.webp?fit=1200%2C675&ssl=1&resize=525%2C300 1.5x, https:\/\/i0.wp.com\/noticiasribeiraopreto.com.br\/wp-content\/uploads\/2026\/01\/carnaval_2026-01-06_18-01-22.webp.webp?fit=1200%2C675&ssl=1&resize=700%2C400 2x, https:\/\/i0.wp.com\/noticiasribeiraopreto.com.br\/wp-content\/uploads\/2026\/01\/carnaval_2026-01-06_18-01-22.webp.webp?fit=1200%2C675&ssl=1&resize=1050%2C600 3x"},"classes":[]},{"id":20943,"url":"https:\/\/noticiasribeiraopreto.com.br\/index.php\/2023\/12\/26\/prefeitura-de-ribeirao-preto-abre-inscricoes-para-o-carnaval-2024\/","url_meta":{"origin":21187,"position":1},"title":"Prefeitura de Ribeir\u00e3o Preto abre inscri\u00e7\u00f5es para o Carnaval 2024","author":"noticiasribeiraopreto.com.br","date":"26 de December de 2023","format":false,"excerpt":"A Prefeitura de Ribeir\u00e3o Preto abriu cadastro para os grupos de Carnaval interessados em realizar suas atividades durante a folia de 2024, entre os dias 10 e 13 de fevereiro, em espa\u00e7os p\u00fablicos. Os organizadores respons\u00e1veis pelas escolas de samba, blocos, afox\u00e9s, maracatus, grupos art\u00edsticos e culturais t\u00eam at\u00e9 o\u2026","rel":"","context":"In &quot;Not\u00edcias de Ribeir\u00e3o Preto-SP e Regi\u00e3o&quot;","block_context":{"text":"Not\u00edcias de Ribeir\u00e3o Preto-SP e Regi\u00e3o","link":"https:\/\/noticiasribeiraopreto.com.br\/index.php\/category\/noticias-de-ribeirao-preto-sp-e-regiao-ismael-colosi\/"},"img":{"alt_text":"","src":"https:\/\/i0.wp.com\/noticiasribeiraopreto.com.br\/wp-content\/uploads\/2023\/12\/mask-1155808_1280.jpg?fit=1200%2C800&ssl=1&resize=350%2C200","width":350,"height":200,"srcset":"https:\/\/i0.wp.com\/noticiasribeiraopreto.com.br\/wp-content\/uploads\/2023\/12\/mask-1155808_1280.jpg?fit=1200%2C800&ssl=1&resize=350%2C200 1x, https:\/\/i0.wp.com\/noticiasribeiraopreto.com.br\/wp-content\/uploads\/2023\/12\/mask-1155808_1280.jpg?fit=1200%2C800&ssl=1&resize=525%2C300 1.5x, https:\/\/i0.wp.com\/noticiasribeiraopreto.com.br\/wp-content\/uploads\/2023\/12\/mask-1155808_1280.jpg?fit=1200%2C800&ssl=1&resize=700%2C400 2x, https:\/\/i0.wp.com\/noticiasribeiraopreto.com.br\/wp-content\/uploads\/2023\/12\/mask-1155808_1280.jpg?fit=1200%2C800&ssl=1&resize=1050%2C600 3x"},"classes":[]},{"id":62447,"url":"https:\/\/noticiasribeiraopreto.com.br\/index.php\/2025\/01\/14\/prefeitura-de-ribeirao-preto-abre-inscricoes-para-o-carnaval-2025\/","url_meta":{"origin":21187,"position":2},"title":"Prefeitura de Ribeir\u00e3o Preto abre inscri\u00e7\u00f5es para o Carnaval 2025","author":"noticiasribeiraopreto.com.br","date":"14 de January de 2025","format":false,"excerpt":"A Prefeitura de Ribeir\u00e3o Preto, por meio da Secretaria da Cultura e Turismo, abriu o per\u00edodo de inscri\u00e7\u00f5es para atividades carnavalescas culturais. As inscri\u00e7\u00f5es come\u00e7aram nesta ter\u00e7a-feira (14) e seguem at\u00e9 o dia 21 de janeiro de 2025. Escolas de samba, blocos, afox\u00e9s, maracatus, grupos art\u00edsticos e culturais, e demais\u2026","rel":"","context":"In &quot;Not\u00edcias de Ribeir\u00e3o Preto-SP e Regi\u00e3o&quot;","block_context":{"text":"Not\u00edcias de Ribeir\u00e3o Preto-SP e Regi\u00e3o","link":"https:\/\/noticiasribeiraopreto.com.br\/index.php\/category\/noticias-de-ribeirao-preto-sp-e-regiao-ismael-colosi\/"},"img":{"alt_text":"","src":"https:\/\/i0.wp.com\/noticiasribeiraopreto.com.br\/wp-content\/uploads\/2025\/01\/Capturar-6.jpg?fit=935%2C621&ssl=1&resize=350%2C200","width":350,"height":200,"srcset":"https:\/\/i0.wp.com\/noticiasribeiraopreto.com.br\/wp-content\/uploads\/2025\/01\/Capturar-6.jpg?fit=935%2C621&ssl=1&resize=350%2C200 1x, https:\/\/i0.wp.com\/noticiasribeiraopreto.com.br\/wp-content\/uploads\/2025\/01\/Capturar-6.jpg?fit=935%2C621&ssl=1&resize=525%2C300 1.5x, https:\/\/i0.wp.com\/noticiasribeiraopreto.com.br\/wp-content\/uploads\/2025\/01\/Capturar-6.jpg?fit=935%2C621&ssl=1&resize=700%2C400 2x"},"classes":[]},{"id":56052,"url":"https:\/\/noticiasribeiraopreto.com.br\/index.php\/2024\/08\/09\/nao-precisa-de-experiencia-unimed-abriu-vaga-home-office-com-salario-de-r-2-30406-para-assistente-de-cadastro-e-regras\/","url_meta":{"origin":21187,"position":3},"title":"N\u00e3o precisa de experi\u00eancia! Unimed abriu vaga Home Office com sal\u00e1rio de R$ 2.304,06 para Assistente de Cadastro e Regras","author":"noticiasribeiraopreto.com.br","date":"9 de August de 2024","format":false,"excerpt":"Home Office Trabalhe de Casa como Mensageiro Digital com sal\u00e1rio de R$ 1.500 mil na OBF Neg\u00f3cios Digitais Home Office N\u00edvel M\u00e9dio ou Superior! ALLOSTECH abriu vagas HOME OFFICE para Assistente Cadastro Home Office Contabilizei contrata Pessoas com Disponibilidade de trabalhar modelo\u00a0Remoto no Brasil! Assistente de Atendimento diretamente de Casa!\u2026","rel":"","context":"In &quot;Vagas de Emprego Remoto - Home Office&quot;","block_context":{"text":"Vagas de Emprego Remoto - Home Office","link":"https:\/\/noticiasribeiraopreto.com.br\/index.php\/category\/empregos-classificados-vagas-trabalho\/vagas-de-empregos-em-ribeirao-preto-regiao-brasil\/vagas-de-emprego-para-trabalhar-de-casa-home-office-remoto\/"},"img":{"alt_text":"Trabalhe de Casa como Mensageiro Digital com sal\u00e1rio de R$ 1.500 mil na OBF Neg\u00f3cios Digitais","src":"https:\/\/i0.wp.com\/www.capitalvagas.com.br\/wp-content\/uploads\/2024\/08\/Mensageiro-Digital-761x492.webp?resize=350%2C200&ssl=1","width":350,"height":200,"srcset":"https:\/\/i0.wp.com\/www.capitalvagas.com.br\/wp-content\/uploads\/2024\/08\/Mensageiro-Digital-761x492.webp?resize=350%2C200&ssl=1 1x, https:\/\/i0.wp.com\/www.capitalvagas.com.br\/wp-content\/uploads\/2024\/08\/Mensageiro-Digital-761x492.webp?resize=525%2C300&ssl=1 1.5x, https:\/\/i0.wp.com\/www.capitalvagas.com.br\/wp-content\/uploads\/2024\/08\/Mensageiro-Digital-761x492.webp?resize=700%2C400&ssl=1 2x"},"classes":[]},{"id":55962,"url":"https:\/\/noticiasribeiraopreto.com.br\/index.php\/2024\/08\/08\/grupo-boticario-abre-as-portas-do-mercado-de-trabalho-com-o-modelo-remoto-em-diversos-setores-da-empresa-veja-mais\/","url_meta":{"origin":21187,"position":4},"title":"Grupo Botic\u00e1rio abre as portas do Mercado de Trabalho com o modelo REMOTO em Diversos Setores da empresa: Veja mais","author":"noticiasribeiraopreto.com.br","date":"8 de August de 2024","format":false,"excerpt":"Home Office Contabilizei contrata Pessoas com Disponibilidade de trabalhar modelo\u00a0Remoto no Brasil! Assistente de Atendimento diretamente de Casa! Home Office Jovem Aprendiz Convenia abre vagas Home Office para Jovem Aprendiz (Idade entre 17 e 24 anos) Home Office Home Agente abre vagas Home office para Agente de Atendimento SAC Home\u2026","rel":"","context":"In &quot;Vagas de Emprego Remoto - Home Office&quot;","block_context":{"text":"Vagas de Emprego Remoto - Home Office","link":"https:\/\/noticiasribeiraopreto.com.br\/index.php\/category\/empregos-classificados-vagas-trabalho\/vagas-de-empregos-em-ribeirao-preto-regiao-brasil\/vagas-de-emprego-para-trabalhar-de-casa-home-office-remoto\/"},"img":{"alt_text":"Contabilizei contrata Pessoas com Disponibilidade de trabalhar modelo\u00a0Remoto no Brasil! Assistente de Atendimento diretamente de Casa!","src":"https:\/\/i0.wp.com\/www.capitalvagas.com.br\/wp-content\/uploads\/2024\/08\/Assistente-de-Atendimento-761x492.webp?resize=350%2C200&ssl=1","width":350,"height":200,"srcset":"https:\/\/i0.wp.com\/www.capitalvagas.com.br\/wp-content\/uploads\/2024\/08\/Assistente-de-Atendimento-761x492.webp?resize=350%2C200&ssl=1 1x, https:\/\/i0.wp.com\/www.capitalvagas.com.br\/wp-content\/uploads\/2024\/08\/Assistente-de-Atendimento-761x492.webp?resize=525%2C300&ssl=1 1.5x, https:\/\/i0.wp.com\/www.capitalvagas.com.br\/wp-content\/uploads\/2024\/08\/Assistente-de-Atendimento-761x492.webp?resize=700%2C400&ssl=1 2x"},"classes":[]},{"id":82629,"url":"https:\/\/noticiasribeiraopreto.com.br\/index.php\/2026\/02\/21\/ribeirao-preto-abre-cadastro-de-professores-temporarios-para-2026\/","url_meta":{"origin":21187,"position":5},"title":"Ribeir\u00e3o Preto abre cadastro de professores tempor\u00e1rios para 2026","author":"noticiasribeiraopreto.com.br","date":"21 de February de 2026","format":false,"excerpt":"A Secretaria Municipal de Educa\u00e7\u00e3o de Ribeir\u00e3o Preto publicou, nesta sexta-feira (20), o edital de credenciamento docente n\u00ba 001\/2026 para formar novo cadastro de professores interessados em atuar temporariamente na Educa\u00e7\u00e3o Infantil e no Ensino Fundamental da Rede Municipal de Ensino. As inscri\u00e7\u00f5es acontecem de 5 a 13 de mar\u00e7o,\u2026","rel":"","context":"In &quot;Not\u00edcias de Ribeir\u00e3o Preto-SP e Regi\u00e3o&quot;","block_context":{"text":"Not\u00edcias de Ribeir\u00e3o Preto-SP e Regi\u00e3o","link":"https:\/\/noticiasribeiraopreto.com.br\/index.php\/category\/noticias-de-ribeirao-preto-sp-e-regiao-ismael-colosi\/"},"img":{"alt_text":"","src":"https:\/\/i0.wp.com\/noticiasribeiraopreto.com.br\/wp-content\/uploads\/2026\/02\/educacao_volta_as_aulas_2025_-_foto_guilherme_sircili_2_2026-02-20_19-48-59.webp.webp?fit=1200%2C799&ssl=1&resize=350%2C200","width":350,"height":200,"srcset":"https:\/\/i0.wp.com\/noticiasribeiraopreto.com.br\/wp-content\/uploads\/2026\/02\/educacao_volta_as_aulas_2025_-_foto_guilherme_sircili_2_2026-02-20_19-48-59.webp.webp?fit=1200%2C799&ssl=1&resize=350%2C200 1x, https:\/\/i0.wp.com\/noticiasribeiraopreto.com.br\/wp-content\/uploads\/2026\/02\/educacao_volta_as_aulas_2025_-_foto_guilherme_sircili_2_2026-02-20_19-48-59.webp.webp?fit=1200%2C799&ssl=1&resize=525%2C300 1.5x, https:\/\/i0.wp.com\/noticiasribeiraopreto.com.br\/wp-content\/uploads\/2026\/02\/educacao_volta_as_aulas_2025_-_foto_guilherme_sircili_2_2026-02-20_19-48-59.webp.webp?fit=1200%2C799&ssl=1&resize=700%2C400 2x, https:\/\/i0.wp.com\/noticiasribeiraopreto.com.br\/wp-content\/uploads\/2026\/02\/educacao_volta_as_aulas_2025_-_foto_guilherme_sircili_2_2026-02-20_19-48-59.webp.webp?fit=1200%2C799&ssl=1&resize=1050%2C600 3x"},"classes":[]}],"jetpack_sharing_enabled":true,"jetpack_shortlink":"https:\/\/wp.me\/peQAOb-5vJ","_links":{"self":[{"href":"https:\/\/noticiasribeiraopreto.com.br\/index.php\/wp-json\/wp\/v2\/posts\/21187","targetHints":{"allow":["GET"]}}],"collection":[{"href":"https:\/\/noticiasribeiraopreto.com.br\/index.php\/wp-json\/wp\/v2\/posts"}],"about":[{"href":"https:\/\/noticiasribeiraopreto.com.br\/index.php\/wp-json\/wp\/v2\/types\/post"}],"author":[{"embeddable":true,"href":"https:\/\/noticiasribeiraopreto.com.br\/index.php\/wp-json\/wp\/v2\/users\/1"}],"replies":[{"embeddable":true,"href":"https:\/\/noticiasribeiraopreto.com.br\/index.php\/wp-json\/wp\/v2\/comments?post=21187"}],"version-history":[{"count":0,"href":"https:\/\/noticiasribeiraopreto.com.br\/index.php\/wp-json\/wp\/v2\/posts\/21187\/revisions"}],"wp:featuredmedia":[{"embeddable":true,"href":"https:\/\/noticiasribeiraopreto.com.br\/index.php\/wp-json\/wp\/v2\/media\/21188"}],"wp:attachment":[{"href":"https:\/\/noticiasribeiraopreto.com.br\/index.php\/wp-json\/wp\/v2\/media?parent=21187"}],"wp:term":[{"taxonomy":"category","embeddable":true,"href":"https:\/\/noticiasribeiraopreto.com.br\/index.php\/wp-json\/wp\/v2\/categories?post=21187"},{"taxonomy":"post_tag","embeddable":true,"href":"https:\/\/noticiasribeiraopreto.com.br\/index.php\/wp-json\/wp\/v2\/tags?post=21187"}],"curies":[{"name":"wp","href":"https:\/\/api.w.org\/{rel}","templated":true}]}}