{"id":21288,"date":"2023-12-27T13:59:32","date_gmt":"2023-12-27T16:59:32","guid":{"rendered":"https:\/\/noticiasribeiraopreto.com.br\/index.php\/2023\/12\/27\/veja-o-ranking-das-cidades-menos-violentas-na-regiao-de-ribeirao-preto\/"},"modified":"2023-12-27T13:59:32","modified_gmt":"2023-12-27T16:59:32","slug":"veja-o-ranking-das-cidades-menos-violentas-na-regiao-de-ribeirao-preto","status":"publish","type":"post","link":"https:\/\/noticiasribeiraopreto.com.br\/index.php\/2023\/12\/27\/veja-o-ranking-das-cidades-menos-violentas-na-regiao-de-ribeirao-preto\/","title":{"rendered":"Veja o ranking das cidades menos violentas na regi\u00e3o de Ribeir\u00e3o Preto"},"content":{"rendered":"<div class='code-block code-block-1' style='margin: 8px 0 8px auto; text-align: right; display: block; clear: both;'>\n<p><a href=\"https:\/\/wa.link\/vpicfd\"><img data-recalc-dims=\"1\" class=\"wp-image-4922\" style=\"aspect-ratio: 2.0253164556962027; width: 561px; height: auto;\" src=\"https:\/\/i0.wp.com\/ismaelcolosi.com.br\/wp-content\/uploads\/2023\/11\/grupo-de-empregos-whatsapp-e-facebook-ismael-colosi-vagas.jpg?ssl=1\" alt=\"\" \/><\/a><\/p>\n<!-- \/wp:image -->\n<\/div>\n<p> <br \/>\n<\/p>\n<div>\n<p>O<strong> IECV (\u00cdndice de Exposi\u00e7\u00e3o aos Crimes Violentos)<\/strong>, pesquisa divulgada pelo<strong> <a href=\"https:\/\/soudapaz.org\/\" target=\"_blank\" rel=\"noreferrer noopener\">Instituto Sou Paz<\/a><\/strong>, em dezembro de 2023, mostrou quais s\u00e3o as cidades mais e menos violentas no estado de S\u00e3o Paulo.<\/p>\n<p>Para construir o IECV, foram considerados os \u00edndices de<strong> crimes letais<\/strong> (homic\u00eddio e latroc\u00ednio), <strong>crimes contra a dignidade sexual<\/strong> (estupro) e <strong>crimes contra o patrim\u00f4nio<\/strong> (roubos, roubos de ve\u00edculos e roubos de carga).<\/p>\n<p><mark style=\"background-color:#fcb900\" class=\"has-inline-color\">O ranking foi constru\u00eddo a partir da an\u00e1lise dos n\u00fameros de todos os munic\u00edpios paulistas com mais de <strong>50 mil habitantes<\/strong>.<\/mark><\/p>\n<p>O n\u00famero do <strong>IECV <\/strong>pode variar entre 0 e 100, portanto, quanto mais pr\u00f3ximo de 0, a cidade tem menos exposi\u00e7\u00e3o aos crimes violentos e \u00e9 considerada mais segura. J\u00e1 quanto mais pr\u00f3ximo de 100, o munic\u00edpio registra mais crimes do tipo, contudo, menos segura.<\/p>\n<h4 class=\"wp-block-heading\"><strong>Regi\u00e3o de Ribeir\u00e3o Preto<\/strong><\/h4>\n<p>De acordo com o estudo, entre as cidades que fazem parte do<strong> Deinter-3<\/strong> (Departamento de Pol\u00edcia Judici\u00e1ria de S\u00e3o Paulo Interior), que abrange os munic\u00edpios da regi\u00e3o de <strong>Ribeir\u00e3o Preto<\/strong>, <strong><mark style=\"background-color:#fcb900\" class=\"has-inline-color\">Porto Ferreira ocupa o 1\u00ba lugar de mais segura, com IECV de 3,26.<\/mark><\/strong><\/p>\n<p>Em seguida aparece <strong>Monte Alto<\/strong>, em 2\u00ba lugar, com IECV de 4,18 e <strong>Pontal<\/strong>, em 3\u00ba lugar, com IECV de 4,19. <strong>Franca ocupa a 4\u00ba posi\u00e7\u00e3o com IECV de 5,04.<\/strong><\/p>\n<p><strong>Ribeir\u00e3o Preto \u00e9 a 6\u00ba cidade mais segura da regi\u00e3o, com IECV de 6,69.<\/strong> <strong>Barretos<\/strong>, por\u00e9m, ficou em 17\u00ba lugar no ranking da cidades mais seguras da regi\u00e3o, com IECV de 12,17.<\/p>\n<h4 class=\"wp-block-heading\"><strong>Confira o ranking completo:<\/strong><\/h4>\n<figure class=\"wp-block-table is-style-stripes\">\n<table class=\"has-black-color has-white-background-color has-text-color has-background\">\n<tbody>\n<tr>\n<td><strong>1\u00ba \u2013 Porto Ferreira<\/strong><\/td>\n<td><strong>3,26<\/strong><\/td>\n<\/tr>\n<tr>\n<td>2\u00ba \u2013 Monte Alto<\/td>\n<td>4,18<\/td>\n<\/tr>\n<tr>\n<td>3\u00ba \u2013 Pontal<\/td>\n<td>4,19<\/td>\n<\/tr>\n<tr>\n<td>4\u00ba \u2013 Franca<\/td>\n<td>5,04<\/td>\n<\/tr>\n<tr>\n<td>5\u00ba \u2013 Mat\u00e3o<\/td>\n<td>5,74<\/td>\n<\/tr>\n<tr>\n<td><strong><mark style=\"background-color:#fcb900\" class=\"has-inline-color\">6\u00ba \u2013 Ribeir\u00e3o Preto<\/mark><\/strong><\/td>\n<td><strong><mark style=\"background-color:#fcb900\" class=\"has-inline-color\">6,69<\/mark><\/strong><\/td>\n<\/tr>\n<tr>\n<td>7\u00ba \u2013 Taquaritinga<\/td>\n<td>6,76<\/td>\n<\/tr>\n<tr>\n<td>8\u00ba \u2013 Sert\u00e3ozinho<\/td>\n<td>6,77<\/td>\n<\/tr>\n<tr>\n<td>9\u00ba \u2013 S\u00e3o Carlos<\/td>\n<td>7,00<\/td>\n<\/tr>\n<tr>\n<td>10\u00ba \u2013 S\u00e3o Joaquim da Barra<\/td>\n<td>7,22<\/td>\n<\/tr>\n<tr>\n<td>11\u00ba \u2013 Jaboticabal<\/td>\n<td>7,37<\/td>\n<\/tr>\n<tr>\n<td>12\u00ba \u2013 Araraquara<\/td>\n<td>7,56<\/td>\n<\/tr>\n<tr>\n<td>13\u00ba \u2013 Bebedouro<\/td>\n<td>7,87<\/td>\n<\/tr>\n<tr>\n<td>14\u00ba \u2013 Batatais<\/td>\n<td>8,14<\/td>\n<\/tr>\n<tr>\n<td>15\u00ba \u2013 Ibitinga<\/td>\n<td>8,92<\/td>\n<\/tr>\n<tr>\n<td>16\u00ba \u2013 Ol\u00edmpia<\/td>\n<td>10,64<\/td>\n<\/tr>\n<tr>\n<td><strong>17\u00ba \u2013<\/strong> <strong>Barretos<\/strong><\/td>\n<td><strong>12,17<\/strong><\/td>\n<\/tr>\n<\/tbody>\n<\/table>\n<\/figure>\n<p>VEJA TAMB\u00c9M<\/p>\n<p>C\u00e2mera registra queda de marquise sobre homem em Ribeir\u00e3o Preto; V\u00eddeo<\/p>\n<h4 class=\"wp-block-heading\"><strong><mark style=\"background-color:rgba(0, 0, 0, 0)\" class=\"has-inline-color has-luminous-vivid-orange-color\">FIQUE ON<\/mark><\/strong><\/h4>\n<p>Fique ligado em tudo que acontece em Ribeir\u00e3o Preto e regi\u00e3o. Siga os perfis do\u00a0<strong>acidade on<\/strong>\u00a0no\u00a0<a href=\"https:\/\/www.instagram.com\/acidadeonribeirao\" target=\"_blank\" rel=\"noreferrer noopener\">Instagram\u00a0<\/a>e no\u00a0<a href=\"https:\/\/www.facebook.com\/acidadeonribeirao\" target=\"_blank\" rel=\"noreferrer noopener\">Facebook.<\/a><\/p>\n<p>Receba not\u00edcias do<strong>\u00a0acidade on\u00a0<\/strong>no WhatsApp.\u00a0<a href=\"https:\/\/chat.whatsapp.com\/Bnv2w66ZT4VDyZW3oiZ69n\" target=\"_blank\" rel=\"noreferrer noopener\">Para entrar no grupo, basta clicar aqui.<\/a><\/p>\n<p>Fa\u00e7a uma den\u00fancia ou sugira uma reportagem sobre a Ribeir\u00e3o Preto e regi\u00e3o pelo WhatsApp: (16) 99117 7802.<\/p>\n<p>LEIOA MAIS<\/p>\n<p><a href=\"https:\/\/www.tudoep.com\/tudo-auto\/noticias\/NOT,0,0,1869067,entenda-a-variacao-no-preco-dos-combustiveis-em-2023.aspx\" target=\"_blank\" rel=\"noreferrer noopener\">Entenda a varia\u00e7\u00e3o no pre\u00e7o dos combust\u00edveis em 2023<\/a><\/p>\n<p><!-- AI CONTENT END 1 -->\n<\/div>\n<p><script async src=\"\/\/www.instagram.com\/embed.js\"><\/script><br \/>\n<br \/><br \/>\n<br \/><a href=\"https:\/\/www.acidadeon.com\/ribeiraopreto\/cotidiano\/veja-o-ranking-das-cidades-menos-violentas-na-regiao-de-ribeirao-preto\/\">Source link <\/a><\/p>\n<!-- CONTENT END 1 -->\n","protected":false},"excerpt":{"rendered":"<p>O IECV (\u00cdndice de Exposi\u00e7\u00e3o aos Crimes Violentos), pesquisa divulgada pelo Instituto Sou Paz, em dezembro de 2023, mostrou quais s\u00e3o as cidades mais e&#8230;<\/p>\n","protected":false},"author":1,"featured_media":21289,"comment_status":"open","ping_status":"open","sticky":false,"template":"","format":"standard","meta":{"advanced_seo_description":"","jetpack_seo_html_title":"","jetpack_seo_noindex":false,"jetpack_post_was_ever_published":false,"_jetpack_newsletter_access":"","_jetpack_dont_email_post_to_subs":false,"_jetpack_newsletter_tier_id":0,"_jetpack_memberships_contains_paywalled_content":false,"_jetpack_memberships_contains_paid_content":false,"footnotes":"","jetpack_publicize_message":"","jetpack_publicize_feature_enabled":true,"jetpack_social_post_already_shared":true,"jetpack_social_options":{"image_generator_settings":{"template":"highway","default_image_id":0,"font":"","enabled":false},"version":2}},"categories":[11],"tags":[250,429,1451,27,1703,277,26,48,1452],"class_list":["post-21288","post","type-post","status-publish","format-standard","has-post-thumbnail","hentry","category-noticias-de-ribeirao-preto-sp-e-regiao-ismael-colosi","tag-cidades","tag-das","tag-menos","tag-preto","tag-ranking","tag-regiao","tag-ribeirao","tag-veja","tag-violentas"],"jetpack_publicize_connections":[],"jetpack_featured_media_url":"https:\/\/i0.wp.com\/noticiasribeiraopreto.com.br\/wp-content\/uploads\/2023\/12\/1703696372_aerea-ribeirao-preto.jpg?fit=1620%2C1080&ssl=1","jetpack-related-posts":[{"id":10594,"url":"https:\/\/noticiasribeiraopreto.com.br\/index.php\/2023\/12\/04\/cidades-na-regiao-de-ribeirao-estao-entre-as-menos-violentas-de-sp-veja-a-lista\/","url_meta":{"origin":21288,"position":0},"title":"Cidades na regi\u00e3o de Ribeir\u00e3o est\u00e3o entre as menos violentas de SP; Veja a lista","author":"noticiasribeiraopreto.com.br","date":"4 de December de 2023","format":false,"excerpt":"O Instituto Sou da Paz divulgou nesta segunda-feira (4) o IECV (\u00cdndice de Exposi\u00e7\u00e3o aos Crimes Violentos), que aponta quais s\u00e3o as cidades mais e menos violentas do Estado de S\u00e3o Paulo. A regi\u00e3o de Ribeir\u00e3o Preto conta com duas cidades entre as 10 mais seguras do estado. O IECV\u2026","rel":"","context":"In &quot;Not\u00edcias de Ribeir\u00e3o Preto-SP e Regi\u00e3o&quot;","block_context":{"text":"Not\u00edcias de Ribeir\u00e3o Preto-SP e Regi\u00e3o","link":"https:\/\/noticiasribeiraopreto.com.br\/index.php\/category\/noticias-de-ribeirao-preto-sp-e-regiao-ismael-colosi\/"},"img":{"alt_text":"","src":"https:\/\/i0.wp.com\/noticiasribeiraopreto.com.br\/wp-content\/uploads\/2023\/12\/monte-alto-1.jpg?fit=1200%2C800&ssl=1&resize=350%2C200","width":350,"height":200,"srcset":"https:\/\/i0.wp.com\/noticiasribeiraopreto.com.br\/wp-content\/uploads\/2023\/12\/monte-alto-1.jpg?fit=1200%2C800&ssl=1&resize=350%2C200 1x, https:\/\/i0.wp.com\/noticiasribeiraopreto.com.br\/wp-content\/uploads\/2023\/12\/monte-alto-1.jpg?fit=1200%2C800&ssl=1&resize=525%2C300 1.5x, https:\/\/i0.wp.com\/noticiasribeiraopreto.com.br\/wp-content\/uploads\/2023\/12\/monte-alto-1.jpg?fit=1200%2C800&ssl=1&resize=700%2C400 2x, https:\/\/i0.wp.com\/noticiasribeiraopreto.com.br\/wp-content\/uploads\/2023\/12\/monte-alto-1.jpg?fit=1200%2C800&ssl=1&resize=1050%2C600 3x"},"classes":[]},{"id":22327,"url":"https:\/\/noticiasribeiraopreto.com.br\/index.php\/2023\/12\/29\/furto-e-roubo-de-veiculos-voltaram-a-crescer-em-rp-2\/","url_meta":{"origin":21288,"position":1},"title":"Furto e roubo de ve\u00edculos voltaram a crescer em RP\u00a0","author":"noticiasribeiraopreto.com.br","date":"29 de December de 2023","format":false,"excerpt":"29 de dezembro de 2023 | 16:3029 de dezembro de 2023 | 11:41 0Por Adalberto Luque\u00a0Os dados da estat\u00edstica criminal relativos ao m\u00eas de novembro, divulgados nesta quarta-feira (27) pela Secretaria da Seguran\u00e7a P\u00fablica (SSP), apontam para uma redu\u00e7\u00e3o de 7,5% no n\u00famero de furtos. O indicador, durante todo o\u2026","rel":"","context":"In &quot;Not\u00edcias de Ribeir\u00e3o Preto-SP e Regi\u00e3o&quot;","block_context":{"text":"Not\u00edcias de Ribeir\u00e3o Preto-SP e Regi\u00e3o","link":"https:\/\/noticiasribeiraopreto.com.br\/index.php\/category\/noticias-de-ribeirao-preto-sp-e-regiao-ismael-colosi\/"},"img":{"alt_text":"","src":"https:\/\/i0.wp.com\/noticiasribeiraopreto.com.br\/wp-content\/uploads\/2023\/12\/1-arquivo-risk-furto.jpeg?fit=968%2C645&ssl=1&resize=350%2C200","width":350,"height":200,"srcset":"https:\/\/i0.wp.com\/noticiasribeiraopreto.com.br\/wp-content\/uploads\/2023\/12\/1-arquivo-risk-furto.jpeg?fit=968%2C645&ssl=1&resize=350%2C200 1x, https:\/\/i0.wp.com\/noticiasribeiraopreto.com.br\/wp-content\/uploads\/2023\/12\/1-arquivo-risk-furto.jpeg?fit=968%2C645&ssl=1&resize=525%2C300 1.5x, https:\/\/i0.wp.com\/noticiasribeiraopreto.com.br\/wp-content\/uploads\/2023\/12\/1-arquivo-risk-furto.jpeg?fit=968%2C645&ssl=1&resize=700%2C400 2x"},"classes":[]},{"id":60586,"url":"https:\/\/noticiasribeiraopreto.com.br\/index.php\/2024\/11\/19\/policia-civil-prende-em-ribeirao-suspeito-de-roubo-de-fios-que-deixou-cidade-sem-agua-na-regiao\/","url_meta":{"origin":21288,"position":2},"title":"Pol\u00edcia Civil prende em Ribeir\u00e3o suspeito de roubo de fios que deixou cidade sem \u00e1gua na regi\u00e3o","author":"noticiasribeiraopreto.com.br","date":"19 de November de 2024","format":false,"excerpt":"A Pol\u00edcia Civil prendeu nesta ter\u00e7a-feira (19), em Ribeir\u00e3o Preto, um homem de 23 anos suspeito de roubo de fios do principal reservat\u00f3rio de \u00e1gua no munic\u00edpio de Colina, na regi\u00e3o. O crime ocorreu na madrugada de 4 de setembro deste ano, na Vila Ol\u00edmpica, e prejudicou por dois dias\u2026","rel":"","context":"In &quot;Not\u00edcias de Ribeir\u00e3o Preto-SP e Regi\u00e3o&quot;","block_context":{"text":"Not\u00edcias de Ribeir\u00e3o Preto-SP e Regi\u00e3o","link":"https:\/\/noticiasribeiraopreto.com.br\/index.php\/category\/noticias-de-ribeirao-preto-sp-e-regiao-ismael-colosi\/"},"img":{"alt_text":"","src":"https:\/\/i0.wp.com\/noticiasribeiraopreto.com.br\/wp-content\/uploads\/2024\/11\/1732015651_cpj_policia_1200x675_30012022162443.jpg?fit=1200%2C675&ssl=1&resize=350%2C200","width":350,"height":200,"srcset":"https:\/\/i0.wp.com\/noticiasribeiraopreto.com.br\/wp-content\/uploads\/2024\/11\/1732015651_cpj_policia_1200x675_30012022162443.jpg?fit=1200%2C675&ssl=1&resize=350%2C200 1x, https:\/\/i0.wp.com\/noticiasribeiraopreto.com.br\/wp-content\/uploads\/2024\/11\/1732015651_cpj_policia_1200x675_30012022162443.jpg?fit=1200%2C675&ssl=1&resize=525%2C300 1.5x, https:\/\/i0.wp.com\/noticiasribeiraopreto.com.br\/wp-content\/uploads\/2024\/11\/1732015651_cpj_policia_1200x675_30012022162443.jpg?fit=1200%2C675&ssl=1&resize=700%2C400 2x, https:\/\/i0.wp.com\/noticiasribeiraopreto.com.br\/wp-content\/uploads\/2024\/11\/1732015651_cpj_policia_1200x675_30012022162443.jpg?fit=1200%2C675&ssl=1&resize=1050%2C600 3x"},"classes":[]},{"id":10030,"url":"https:\/\/noticiasribeiraopreto.com.br\/index.php\/2023\/12\/03\/crime-perde-forca-em-ribeirao-preto\/","url_meta":{"origin":21288,"position":3},"title":"Crime perde for\u00e7a em Ribeir\u00e3o Preto\u00a0","author":"noticiasribeiraopreto.com.br","date":"3 de December de 2023","format":false,"excerpt":"Por: Adalberto Luque\u00a0Ribeir\u00e3o Preto registrou queda em quase todos os \u00edndices de criminalidade no m\u00eas de outubro. Foi o que constatou pesquisa realizada pela Secretaria de Seguran\u00e7a P\u00fablica (SSP) junto aos oito Distritos Policiais (DP) que, embora reunidos em um \u00fanico local, na Avenida Independ\u00eancia, Jardim Sumar\u00e9, zona Sul da\u2026","rel":"","context":"In &quot;Not\u00edcias de Ribeir\u00e3o Preto-SP e Regi\u00e3o&quot;","block_context":{"text":"Not\u00edcias de Ribeir\u00e3o Preto-SP e Regi\u00e3o","link":"https:\/\/noticiasribeiraopreto.com.br\/index.php\/category\/noticias-de-ribeirao-preto-sp-e-regiao-ismael-colosi\/"},"img":{"alt_text":"","src":"https:\/\/i0.wp.com\/noticiasribeiraopreto.com.br\/wp-content\/uploads\/2023\/12\/foto-scaled.jpg?fit=968%2C645&ssl=1&resize=350%2C200","width":350,"height":200,"srcset":"https:\/\/i0.wp.com\/noticiasribeiraopreto.com.br\/wp-content\/uploads\/2023\/12\/foto-scaled.jpg?fit=968%2C645&ssl=1&resize=350%2C200 1x, https:\/\/i0.wp.com\/noticiasribeiraopreto.com.br\/wp-content\/uploads\/2023\/12\/foto-scaled.jpg?fit=968%2C645&ssl=1&resize=525%2C300 1.5x, https:\/\/i0.wp.com\/noticiasribeiraopreto.com.br\/wp-content\/uploads\/2023\/12\/foto-scaled.jpg?fit=968%2C645&ssl=1&resize=700%2C400 2x"},"classes":[]},{"id":44291,"url":"https:\/\/noticiasribeiraopreto.com.br\/index.php\/2024\/03\/27\/furtos-aumentam-no-primeiro-bimestre\/","url_meta":{"origin":21288,"position":4},"title":"Furtos aumentam no primeiro bimestre \u00a0","author":"noticiasribeiraopreto.com.br","date":"27 de March de 2024","format":false,"excerpt":"A Secretaria de Seguran\u00e7a P\u00fablica do Estado de S\u00e3o Paulo (SSP\/SP) nesta segunda-feira, 25 de mar\u00e7o, os resultados das \u201cEstat\u00edsticas da Criminalidade\u201d. Em Ribeir\u00e3o Preto, apenas os furtos em geral e de ve\u00edculos cresceram no primeiro bimestre deste ano, em compara\u00e7\u00e3o com o mesmo per\u00edodo de 2023, sendo que a\u2026","rel":"","context":"In &quot;Not\u00edcias de Ribeir\u00e3o Preto-SP e Regi\u00e3o&quot;","block_context":{"text":"Not\u00edcias de Ribeir\u00e3o Preto-SP e Regi\u00e3o","link":"https:\/\/noticiasribeiraopreto.com.br\/index.php\/category\/noticias-de-ribeirao-preto-sp-e-regiao-ismael-colosi\/"},"img":{"alt_text":"","src":"https:\/\/i0.wp.com\/noticiasribeiraopreto.com.br\/wp-content\/uploads\/2024\/03\/CrimeRP-Guilherme-Sircili.jpg?fit=1200%2C800&ssl=1&resize=350%2C200","width":350,"height":200,"srcset":"https:\/\/i0.wp.com\/noticiasribeiraopreto.com.br\/wp-content\/uploads\/2024\/03\/CrimeRP-Guilherme-Sircili.jpg?fit=1200%2C800&ssl=1&resize=350%2C200 1x, https:\/\/i0.wp.com\/noticiasribeiraopreto.com.br\/wp-content\/uploads\/2024\/03\/CrimeRP-Guilherme-Sircili.jpg?fit=1200%2C800&ssl=1&resize=525%2C300 1.5x, https:\/\/i0.wp.com\/noticiasribeiraopreto.com.br\/wp-content\/uploads\/2024\/03\/CrimeRP-Guilherme-Sircili.jpg?fit=1200%2C800&ssl=1&resize=700%2C400 2x, https:\/\/i0.wp.com\/noticiasribeiraopreto.com.br\/wp-content\/uploads\/2024\/03\/CrimeRP-Guilherme-Sircili.jpg?fit=1200%2C800&ssl=1&resize=1050%2C600 3x"},"classes":[]},{"id":41683,"url":"https:\/\/noticiasribeiraopreto.com.br\/index.php\/2024\/03\/10\/ribeirao-e-a-8a-de-sp-com-mais-furtos-e-roubos-de-celular\/","url_meta":{"origin":21288,"position":5},"title":"Ribeir\u00e3o \u00e9 a 8\u00aa de SP com mais furtos e roubos de celular\u00a0","author":"noticiasribeiraopreto.com.br","date":"10 de March de 2024","format":false,"excerpt":"Por Adalberto Luque\u00a0Um levantamento realizado pelo Departamento de Economia do Crime da Funda\u00e7\u00e3o Escola de Com\u00e9rcio \u00c1lvares Penteado (FECAP) a partir da compila\u00e7\u00e3o de boletins de ocorr\u00eancia registrados pela Secretaria da Seguran\u00e7a P\u00fablica (SSP) aponta que o n\u00famero de casos de furto e roubo de celulares foi 10% menor em\u2026","rel":"","context":"In &quot;Not\u00edcias de Ribeir\u00e3o Preto-SP e Regi\u00e3o&quot;","block_context":{"text":"Not\u00edcias de Ribeir\u00e3o Preto-SP e Regi\u00e3o","link":"https:\/\/noticiasribeiraopreto.com.br\/index.php\/category\/noticias-de-ribeirao-preto-sp-e-regiao-ismael-colosi\/"},"img":{"alt_text":"","src":"https:\/\/i0.wp.com\/noticiasribeiraopreto.com.br\/wp-content\/uploads\/2024\/03\/FOTO-01-Roubo-de-Celular-a-Foto-Reproducao-Internet.jpg?fit=650%2C433&ssl=1&resize=350%2C200","width":350,"height":200,"srcset":"https:\/\/i0.wp.com\/noticiasribeiraopreto.com.br\/wp-content\/uploads\/2024\/03\/FOTO-01-Roubo-de-Celular-a-Foto-Reproducao-Internet.jpg?fit=650%2C433&ssl=1&resize=350%2C200 1x, https:\/\/i0.wp.com\/noticiasribeiraopreto.com.br\/wp-content\/uploads\/2024\/03\/FOTO-01-Roubo-de-Celular-a-Foto-Reproducao-Internet.jpg?fit=650%2C433&ssl=1&resize=525%2C300 1.5x"},"classes":[]}],"jetpack_sharing_enabled":true,"jetpack_shortlink":"https:\/\/wp.me\/peQAOb-5xm","_links":{"self":[{"href":"https:\/\/noticiasribeiraopreto.com.br\/index.php\/wp-json\/wp\/v2\/posts\/21288","targetHints":{"allow":["GET"]}}],"collection":[{"href":"https:\/\/noticiasribeiraopreto.com.br\/index.php\/wp-json\/wp\/v2\/posts"}],"about":[{"href":"https:\/\/noticiasribeiraopreto.com.br\/index.php\/wp-json\/wp\/v2\/types\/post"}],"author":[{"embeddable":true,"href":"https:\/\/noticiasribeiraopreto.com.br\/index.php\/wp-json\/wp\/v2\/users\/1"}],"replies":[{"embeddable":true,"href":"https:\/\/noticiasribeiraopreto.com.br\/index.php\/wp-json\/wp\/v2\/comments?post=21288"}],"version-history":[{"count":0,"href":"https:\/\/noticiasribeiraopreto.com.br\/index.php\/wp-json\/wp\/v2\/posts\/21288\/revisions"}],"wp:featuredmedia":[{"embeddable":true,"href":"https:\/\/noticiasribeiraopreto.com.br\/index.php\/wp-json\/wp\/v2\/media\/21289"}],"wp:attachment":[{"href":"https:\/\/noticiasribeiraopreto.com.br\/index.php\/wp-json\/wp\/v2\/media?parent=21288"}],"wp:term":[{"taxonomy":"category","embeddable":true,"href":"https:\/\/noticiasribeiraopreto.com.br\/index.php\/wp-json\/wp\/v2\/categories?post=21288"},{"taxonomy":"post_tag","embeddable":true,"href":"https:\/\/noticiasribeiraopreto.com.br\/index.php\/wp-json\/wp\/v2\/tags?post=21288"}],"curies":[{"name":"wp","href":"https:\/\/api.w.org\/{rel}","templated":true}]}}