{"id":21304,"date":"2023-12-27T14:42:48","date_gmt":"2023-12-27T17:42:48","guid":{"rendered":"https:\/\/noticiasribeiraopreto.com.br\/index.php\/2023\/12\/27\/novo-zagueiro-do-comercial-avisa-nao-vao-faltar-garra-e-vontade\/"},"modified":"2023-12-27T14:42:48","modified_gmt":"2023-12-27T17:42:48","slug":"novo-zagueiro-do-comercial-avisa-nao-vao-faltar-garra-e-vontade","status":"publish","type":"post","link":"https:\/\/noticiasribeiraopreto.com.br\/index.php\/2023\/12\/27\/novo-zagueiro-do-comercial-avisa-nao-vao-faltar-garra-e-vontade\/","title":{"rendered":"Novo zagueiro do Comercial avisa: \u2018N\u00e3o v\u00e3o faltar garra e vontade\u2019\u00a0"},"content":{"rendered":"<div class='code-block code-block-1' style='margin: 8px 0 8px auto; text-align: right; display: block; clear: both;'>\n<p><a href=\"https:\/\/wa.link\/vpicfd\"><img data-recalc-dims=\"1\" class=\"wp-image-4922\" style=\"aspect-ratio: 2.0253164556962027; width: 561px; height: auto;\" src=\"https:\/\/i0.wp.com\/ismaelcolosi.com.br\/wp-content\/uploads\/2023\/11\/grupo-de-empregos-whatsapp-e-facebook-ismael-colosi-vagas.jpg?ssl=1\" alt=\"\" \/><\/a><\/p>\n<!-- \/wp:image -->\n<\/div>\n<p> <br \/>\n<\/p>\n<div id=\"post-368535\">\n<header class=\"entry-header penci-entry-header penci-title-center\">\n<p> <span class=\"entry-meta-item penci-posted-on\"><i class=\"fa fa-clock-o\"\/><time class=\"entry-date published\" datetime=\"2023-12-27T14:00:29-03:00\">27 de dezembro de 2023 | 14:00<\/time><time class=\"updated\" datetime=\"2023-12-27T10:27:56-03:00\">27 de dezembro de 2023 | 10:27<\/time><\/span><\/p>\n<p> <span class=\"penci-social-buttons penci-social-share-footer\"><a href=\"#\" class=\"penci-post-like penci_post-meta_item  single-like-button penci-social-item like\" data-post_id=\"368535\" title=\"Like\" data-like=\"Like\" data-unlike=\"Unlike\"><i class=\"fa fa-thumbs-o-up\"\/><span class=\"penci-share-number\">0<\/span><\/a><i class=\"fa fa-facebook\"\/><a class=\"penci-social-item twitter\" target=\"_blank\" rel=\"noopener\" title=\"\" href=\"https:\/\/twitter.com\/intent\/tweet?text=Novo%20zagueiro%20do%20Comercial%20avisa:%20\u2018N\u00e3o%20v\u00e3o%20faltar%20garra%20e%20vontade\u00a0%20-%20https:\/\/www.tribunaribeirao.com.br\/site\/novo-zagueiro-do-comercial-avisa-nao-vao-faltar-garra-e-vontade\/\"><i class=\"fa fa-twitter\"\/><\/a><i class=\"fa fa-whatsapp\"\/><\/span><\/header>\n<div class=\"penci-entry-content entry-content\">\n<p><span data-contrast=\"auto\">Refor\u00e7o do Comercial para a S\u00e9rie A2, o zagueiro D\u00eanis, 23 anos, foi apresentando oficialmente e falou sobre suas principais caracter\u00edsticas.\u00a0<\/span><span data-ccp-props=\"{&quot;201341983&quot;:0,&quot;335551550&quot;:6,&quot;335551620&quot;:6,&quot;335559739&quot;:200,&quot;335559740&quot;:276}\">\u00a0<\/span><\/p>\n<p><span data-contrast=\"auto\">Jogador de boa estatura e porte f\u00edsico, ele reiterou que tamb\u00e9m tem boa sa\u00edda de jogo com a bola nos p\u00e9s, caracter\u00edstica exigida pelo t\u00e9cnico Lu\u00eds Carlos Martins.\u00a0<\/span><span data-ccp-props=\"{&quot;201341983&quot;:0,&quot;335551550&quot;:6,&quot;335551620&quot;:6,&quot;335559739&quot;:200,&quot;335559740&quot;:276}\">\u00a0<\/span><\/p>\n<p><span data-contrast=\"auto\">\u201cSou destro. Sou um jogador mais de pegada e vigor f\u00edsico de sa\u00edda com a bola tamb\u00e9m, mas meu principal \u00e9 a pegada na marca\u00e7\u00e3o\u201d, afirmou.\u00a0<\/span><span data-ccp-props=\"{&quot;201341983&quot;:0,&quot;335551550&quot;:6,&quot;335551620&quot;:6,&quot;335559739&quot;:200,&quot;335559740&quot;:276}\">\u00a0<\/span><\/p>\n<p><span data-contrast=\"auto\">O defensor chega ao Le\u00e3o do Norte ap\u00f3s passagem pelo Mamor\u00e9, que jogou o M\u00f3dulo 2 do Campeonato Mineiro. Antes ele defendeu o Uni\u00e3o S\u00e3o Jo\u00e3o na \u201cBezinha\u201d. Ele tamb\u00e9m tem passagens por clubes como Capivariano, N\u00e1utico e CSP.\u00a0<\/span><span data-ccp-props=\"{&quot;201341983&quot;:0,&quot;335551550&quot;:6,&quot;335551620&quot;:6,&quot;335559739&quot;:200,&quot;335559740&quot;:276}\">\u00a0<\/span><\/p>\n<p><span data-contrast=\"auto\">O Comercial e a S\u00e9rie A2 s\u00e3o os maiores desafios da carreira de D\u00eanis. Ele afirmou saber da import\u00e2ncia do desafio e fez quest\u00e3o de frisar que est\u00e1 preparado para a press\u00e3o de defender uma camisa t\u00e3o tradicional quanto a do Comercial.\u00a0<\/span><span data-ccp-props=\"{&quot;201341983&quot;:0,&quot;335551550&quot;:6,&quot;335551620&quot;:6,&quot;335559739&quot;:200,&quot;335559740&quot;:276}\">\u00a0<\/span><\/p>\n<p><span data-contrast=\"auto\">\u201cAcredito eu que todos os jogadores e atletas profissionais gostam de desafio, e a cobran\u00e7a ela \u00e9 normal no futebol, todo lugar que voc\u00ea vai tem cobran\u00e7a, desde que seja uma cobran\u00e7a sadia e consciente. Quero falar para o torcedor que garanto que n\u00e3o v\u00e3o faltar garra e vontade da minha parte aqui no Comercial\u201d, disse.\u00a0<\/span><span data-ccp-props=\"{&quot;201341983&quot;:0,&quot;335551550&quot;:6,&quot;335551620&quot;:6,&quot;335559739&quot;:200,&quot;335559740&quot;:276}\">\u00a0<\/span><\/p>\n<p><span data-contrast=\"auto\">O Comercial estreia na S\u00e9rie A2 no dia 17 de janeiro, diante do Capivariano, fora de casa. O time de Lu\u00eds Carlos Martins est\u00e1 em pr\u00e9-temporada desde a metade do m\u00eas de novembro.\u00a0<\/span><span data-ccp-props=\"{&quot;201341983&quot;:0,&quot;335551550&quot;:6,&quot;335551620&quot;:6,&quot;335559739&quot;:200,&quot;335559740&quot;:276}\">\u00a0<\/span><\/p>\n<p><span data-ccp-props=\"{&quot;201341983&quot;:0,&quot;335551550&quot;:6,&quot;335551620&quot;:6,&quot;335559739&quot;:200,&quot;335559740&quot;:276}\">\u00a0<\/span><\/p>\n<\/div>\n<footer class=\"penci-entry-footer\"\/><\/div>\n<p><script async src=\"\/\/platform.twitter.com\/widgets.js\" charset=\"utf-8\"><\/script><br \/>\n<br \/><br \/>\n<br \/><a href=\"https:\/\/www.tribunaribeirao.com.br\/site\/novo-zagueiro-do-comercial-avisa-nao-vao-faltar-garra-e-vontade\/\">Source link <\/a><\/p>\n<!-- CONTENT END 1 -->\n","protected":false},"excerpt":{"rendered":"<p>27 de dezembro de 2023 | 14:0027 de dezembro de 2023 | 10:27 0 Refor\u00e7o do Comercial para a S\u00e9rie A2, o zagueiro D\u00eanis, 23&#8230;<\/p>\n","protected":false},"author":1,"featured_media":21305,"comment_status":"open","ping_status":"open","sticky":false,"template":"","format":"standard","meta":{"advanced_seo_description":"","jetpack_seo_html_title":"","jetpack_seo_noindex":false,"jetpack_post_was_ever_published":false,"_jetpack_newsletter_access":"","_jetpack_dont_email_post_to_subs":false,"_jetpack_newsletter_tier_id":0,"_jetpack_memberships_contains_paywalled_content":false,"_jetpack_memberships_contains_paid_content":false,"footnotes":"","jetpack_publicize_message":"","jetpack_publicize_feature_enabled":true,"jetpack_social_post_already_shared":true,"jetpack_social_options":{"image_generator_settings":{"template":"highway","default_image_id":0,"font":"","enabled":false},"version":2}},"categories":[11],"tags":[2708,705,1857,2709,678,381,1258,2710,2707],"class_list":["post-21304","post","type-post","status-publish","format-standard","has-post-thumbnail","hentry","category-noticias-de-ribeirao-preto-sp-e-regiao-ismael-colosi","tag-avisa","tag-comercial","tag-faltar","tag-garra","tag-nao","tag-novo","tag-vao","tag-vontade","tag-zagueiro"],"jetpack_publicize_connections":[],"jetpack_featured_media_url":"https:\/\/i0.wp.com\/noticiasribeiraopreto.com.br\/wp-content\/uploads\/2023\/12\/Comercial-2-1-scaled.jpeg?fit=967%2C645&ssl=1","jetpack-related-posts":[{"id":81814,"url":"https:\/\/noticiasribeiraopreto.com.br\/index.php\/2026\/01\/27\/zagueiro-de-37-anos-reforca-o-comercial\/","url_meta":{"origin":21304,"position":0},"title":"Zagueiro de 37 anos refor\u00e7a o Comercial","author":"noticiasribeiraopreto.com.br","date":"27 de January de 2026","format":false,"excerpt":"\r \r \r \r \r 26 de janeiro de 2026 21:00 \r Compartilhar0 \r O zagueiro Dog\u00e3o \u00e9 mais um refor\u00e7o oficializado pelo Comercial para a disputa do Campeonato Paulista da S\u00e9rie A4. O atleta de 37 anos fez sua \u00faltima temporada em 2024 e n\u00e3o atuou no ano passado\u2026","rel":"","context":"In &quot;Not\u00edcias de Ribeir\u00e3o Preto-SP e Regi\u00e3o&quot;","block_context":{"text":"Not\u00edcias de Ribeir\u00e3o Preto-SP e Regi\u00e3o","link":"https:\/\/noticiasribeiraopreto.com.br\/index.php\/category\/noticias-de-ribeirao-preto-sp-e-regiao-ismael-colosi\/"},"img":{"alt_text":"","src":"https:\/\/i0.wp.com\/noticiasribeiraopreto.com.br\/wp-content\/uploads\/2026\/01\/WhatsApp-Image-2026-01-26-at-20.33.23.jpeg?fit=960%2C816&ssl=1&resize=350%2C200","width":350,"height":200,"srcset":"https:\/\/i0.wp.com\/noticiasribeiraopreto.com.br\/wp-content\/uploads\/2026\/01\/WhatsApp-Image-2026-01-26-at-20.33.23.jpeg?fit=960%2C816&ssl=1&resize=350%2C200 1x, https:\/\/i0.wp.com\/noticiasribeiraopreto.com.br\/wp-content\/uploads\/2026\/01\/WhatsApp-Image-2026-01-26-at-20.33.23.jpeg?fit=960%2C816&ssl=1&resize=525%2C300 1.5x, https:\/\/i0.wp.com\/noticiasribeiraopreto.com.br\/wp-content\/uploads\/2026\/01\/WhatsApp-Image-2026-01-26-at-20.33.23.jpeg?fit=960%2C816&ssl=1&resize=700%2C400 2x"},"classes":[]},{"id":79955,"url":"https:\/\/noticiasribeiraopreto.com.br\/index.php\/2025\/11\/11\/comercial-contrata-zagueiro-para-serie-a4\/","url_meta":{"origin":21304,"position":1},"title":"Comercial contrata zagueiro para S\u00e9rie A4","author":"noticiasribeiraopreto.com.br","date":"11 de November de 2025","format":false,"excerpt":"Cristhian Gabriel \u00e9 o terceiro refor\u00e7o anunciado pelo Bafo 11 de novembro de 2025 18:2813 Compartilhar1Por Hugo LuqueO Comercial anunciou, no fim da tarde desta ter\u00e7a-feira (11), a contrata\u00e7\u00e3o do zagueiro Cristhian Gabriel para a disputa da S\u00e9rie A4 do Campeonato Paulista de 2026. \u00c9 o terceiro refor\u00e7o do Le\u00e3o\u2026","rel":"","context":"In &quot;Not\u00edcias de Ribeir\u00e3o Preto-SP e Regi\u00e3o&quot;","block_context":{"text":"Not\u00edcias de Ribeir\u00e3o Preto-SP e Regi\u00e3o","link":"https:\/\/noticiasribeiraopreto.com.br\/index.php\/category\/noticias-de-ribeirao-preto-sp-e-regiao-ismael-colosi\/"},"img":{"alt_text":"","src":"https:\/\/i0.wp.com\/noticiasribeiraopreto.com.br\/wp-content\/uploads\/2025\/11\/Tribuna-1.jpg?fit=800%2C500&ssl=1&resize=350%2C200","width":350,"height":200,"srcset":"https:\/\/i0.wp.com\/noticiasribeiraopreto.com.br\/wp-content\/uploads\/2025\/11\/Tribuna-1.jpg?fit=800%2C500&ssl=1&resize=350%2C200 1x, https:\/\/i0.wp.com\/noticiasribeiraopreto.com.br\/wp-content\/uploads\/2025\/11\/Tribuna-1.jpg?fit=800%2C500&ssl=1&resize=525%2C300 1.5x, https:\/\/i0.wp.com\/noticiasribeiraopreto.com.br\/wp-content\/uploads\/2025\/11\/Tribuna-1.jpg?fit=800%2C500&ssl=1&resize=700%2C400 2x"},"classes":[]},{"id":79418,"url":"https:\/\/noticiasribeiraopreto.com.br\/index.php\/2025\/10\/31\/comercial-confirma-acordo-com-marca-italiana-como-fornecedora-de-material-esportivo\/","url_meta":{"origin":21304,"position":2},"title":"Comercial confirma acordo com marca italiana como fornecedora de material esportivo","author":"noticiasribeiraopreto.com.br","date":"31 de October de 2025","format":false,"excerpt":"O Comercial e a multinacional italiana Kappa fecharam um acordo de tr\u00eas anos para o fornecimento de todo material de jogo e treino do clube de Ribeir\u00e3o Preto. O contrato foi anunciado nesta sexta-feira (31) e ter\u00e1 validade de janeiro de 2026 a dezembro de 2028. A multinacional fabricar\u00e1 todas\u2026","rel":"","context":"In &quot;Not\u00edcias de Ribeir\u00e3o Preto-SP e Regi\u00e3o&quot;","block_context":{"text":"Not\u00edcias de Ribeir\u00e3o Preto-SP e Regi\u00e3o","link":"https:\/\/noticiasribeiraopreto.com.br\/index.php\/category\/noticias-de-ribeirao-preto-sp-e-regiao-ismael-colosi\/"},"img":{"alt_text":"","src":"https:\/\/i0.wp.com\/noticiasribeiraopreto.com.br\/wp-content\/uploads\/2025\/10\/comercial-kappa_2025-10-31_15-12-53.webp.webp?fit=1200%2C903&ssl=1&resize=350%2C200","width":350,"height":200,"srcset":"https:\/\/i0.wp.com\/noticiasribeiraopreto.com.br\/wp-content\/uploads\/2025\/10\/comercial-kappa_2025-10-31_15-12-53.webp.webp?fit=1200%2C903&ssl=1&resize=350%2C200 1x, https:\/\/i0.wp.com\/noticiasribeiraopreto.com.br\/wp-content\/uploads\/2025\/10\/comercial-kappa_2025-10-31_15-12-53.webp.webp?fit=1200%2C903&ssl=1&resize=525%2C300 1.5x, https:\/\/i0.wp.com\/noticiasribeiraopreto.com.br\/wp-content\/uploads\/2025\/10\/comercial-kappa_2025-10-31_15-12-53.webp.webp?fit=1200%2C903&ssl=1&resize=700%2C400 2x, https:\/\/i0.wp.com\/noticiasribeiraopreto.com.br\/wp-content\/uploads\/2025\/10\/comercial-kappa_2025-10-31_15-12-53.webp.webp?fit=1200%2C903&ssl=1&resize=1050%2C600 3x"},"classes":[]},{"id":25310,"url":"https:\/\/noticiasribeiraopreto.com.br\/index.php\/2024\/01\/06\/hilario-esta-feliz-em-retornar-ao-comercial\/","url_meta":{"origin":21304,"position":3},"title":"Hil\u00e1rio est\u00e1 feliz em retornar ao Comercial","author":"noticiasribeiraopreto.com.br","date":"6 de January de 2024","format":false,"excerpt":"6 de janeiro de 2024 | 17:006 de janeiro de 2024 | 12:58 0O Comercial apresentou oficialmente o zagueiro Hil\u00e1rio. Ele retornou ao clube ap\u00f3s passagem burocr\u00e1tica pela Ponte Preta. O defensor j\u00e1 vinha treinando com o elenco Alvinegro h\u00e1 cerca de um m\u00eas.\u00a0\u00a0A passagem pela Macaca n\u00e3o foi proveitosa\u2026","rel":"","context":"In &quot;Not\u00edcias de Ribeir\u00e3o Preto-SP e Regi\u00e3o&quot;","block_context":{"text":"Not\u00edcias de Ribeir\u00e3o Preto-SP e Regi\u00e3o","link":"https:\/\/noticiasribeiraopreto.com.br\/index.php\/category\/noticias-de-ribeirao-preto-sp-e-regiao-ismael-colosi\/"},"img":{"alt_text":"","src":"https:\/\/i0.wp.com\/noticiasribeiraopreto.com.br\/wp-content\/uploads\/2024\/01\/Comercial-5-scaled.jpeg?fit=646%2C645&ssl=1&resize=350%2C200","width":350,"height":200,"srcset":"https:\/\/i0.wp.com\/noticiasribeiraopreto.com.br\/wp-content\/uploads\/2024\/01\/Comercial-5-scaled.jpeg?fit=646%2C645&ssl=1&resize=350%2C200 1x, https:\/\/i0.wp.com\/noticiasribeiraopreto.com.br\/wp-content\/uploads\/2024\/01\/Comercial-5-scaled.jpeg?fit=646%2C645&ssl=1&resize=525%2C300 1.5x"},"classes":[]},{"id":81887,"url":"https:\/\/noticiasribeiraopreto.com.br\/index.php\/2026\/01\/29\/comercial-lanca-novo-uniforme-para-o-ano-de-2026\/","url_meta":{"origin":21304,"position":4},"title":"Comercial lan\u00e7a novo uniforme para o ano de 2026","author":"noticiasribeiraopreto.com.br","date":"29 de January de 2026","format":false,"excerpt":"O Comercial lan\u00e7a oficialmente o uniforme da temporada 2026 nesta quinta-feira (29), \u00e0s 19h, na loja Garra do Le\u00e3o. O clube divulgou, nesta quarta-feira (28), um v\u00eddeo com detalhes do novo material. Assista: Comercial lan\u00e7a novo uniforme para o ano de 2026 pic.twitter.com\/50LjljcfK5\u2014 acidade on Ribeir\u00e3o e Regi\u00e3o (@acidadeonrp) January\u2026","rel":"","context":"In &quot;Not\u00edcias de Ribeir\u00e3o Preto-SP e Regi\u00e3o&quot;","block_context":{"text":"Not\u00edcias de Ribeir\u00e3o Preto-SP e Regi\u00e3o","link":"https:\/\/noticiasribeiraopreto.com.br\/index.php\/category\/noticias-de-ribeirao-preto-sp-e-regiao-ismael-colosi\/"},"img":{"alt_text":"","src":"https:\/\/i0.wp.com\/noticiasribeiraopreto.com.br\/wp-content\/uploads\/2026\/01\/domingo-89_2026-01-28_19-50-40.webp.webp?fit=1200%2C675&ssl=1&resize=350%2C200","width":350,"height":200,"srcset":"https:\/\/i0.wp.com\/noticiasribeiraopreto.com.br\/wp-content\/uploads\/2026\/01\/domingo-89_2026-01-28_19-50-40.webp.webp?fit=1200%2C675&ssl=1&resize=350%2C200 1x, https:\/\/i0.wp.com\/noticiasribeiraopreto.com.br\/wp-content\/uploads\/2026\/01\/domingo-89_2026-01-28_19-50-40.webp.webp?fit=1200%2C675&ssl=1&resize=525%2C300 1.5x, https:\/\/i0.wp.com\/noticiasribeiraopreto.com.br\/wp-content\/uploads\/2026\/01\/domingo-89_2026-01-28_19-50-40.webp.webp?fit=1200%2C675&ssl=1&resize=700%2C400 2x, https:\/\/i0.wp.com\/noticiasribeiraopreto.com.br\/wp-content\/uploads\/2026\/01\/domingo-89_2026-01-28_19-50-40.webp.webp?fit=1200%2C675&ssl=1&resize=1050%2C600 3x"},"classes":[]},{"id":38858,"url":"https:\/\/noticiasribeiraopreto.com.br\/index.php\/2024\/02\/21\/com-um-a-menos-comercial-leva-gol-de-empate-no-ultimo-lance-e-segue-sem-vencer-na-serie-a2\/","url_meta":{"origin":21304,"position":5},"title":"Com um a menos, Comercial leva gol de empate no \u00faltimo lance e segue sem vencer na S\u00e9rie A2","author":"noticiasribeiraopreto.com.br","date":"21 de February de 2024","format":false,"excerpt":"Le\u00e3o do Norte deixou vit\u00f3ria diante do Oeste escapar no minuto final do jogo 21 de fevereiro de 2024 | 22:13 0O Comercial ficou no empate em 1 a 1 com o Oeste na noite desta quarta-feira e viu sua primeira vit\u00f3ria na S\u00e9rie A2 escapar por entre os dedos.\u2026","rel":"","context":"In &quot;Not\u00edcias de Ribeir\u00e3o Preto-SP e Regi\u00e3o&quot;","block_context":{"text":"Not\u00edcias de Ribeir\u00e3o Preto-SP e Regi\u00e3o","link":"https:\/\/noticiasribeiraopreto.com.br\/index.php\/category\/noticias-de-ribeirao-preto-sp-e-regiao-ismael-colosi\/"},"img":{"alt_text":"","src":"https:\/\/i0.wp.com\/noticiasribeiraopreto.com.br\/wp-content\/uploads\/2024\/02\/Comercial-scaled.jpeg?fit=967%2C645&ssl=1&resize=350%2C200","width":350,"height":200,"srcset":"https:\/\/i0.wp.com\/noticiasribeiraopreto.com.br\/wp-content\/uploads\/2024\/02\/Comercial-scaled.jpeg?fit=967%2C645&ssl=1&resize=350%2C200 1x, https:\/\/i0.wp.com\/noticiasribeiraopreto.com.br\/wp-content\/uploads\/2024\/02\/Comercial-scaled.jpeg?fit=967%2C645&ssl=1&resize=525%2C300 1.5x, https:\/\/i0.wp.com\/noticiasribeiraopreto.com.br\/wp-content\/uploads\/2024\/02\/Comercial-scaled.jpeg?fit=967%2C645&ssl=1&resize=700%2C400 2x"},"classes":[]}],"jetpack_sharing_enabled":true,"jetpack_shortlink":"https:\/\/wp.me\/peQAOb-5xC","_links":{"self":[{"href":"https:\/\/noticiasribeiraopreto.com.br\/index.php\/wp-json\/wp\/v2\/posts\/21304","targetHints":{"allow":["GET"]}}],"collection":[{"href":"https:\/\/noticiasribeiraopreto.com.br\/index.php\/wp-json\/wp\/v2\/posts"}],"about":[{"href":"https:\/\/noticiasribeiraopreto.com.br\/index.php\/wp-json\/wp\/v2\/types\/post"}],"author":[{"embeddable":true,"href":"https:\/\/noticiasribeiraopreto.com.br\/index.php\/wp-json\/wp\/v2\/users\/1"}],"replies":[{"embeddable":true,"href":"https:\/\/noticiasribeiraopreto.com.br\/index.php\/wp-json\/wp\/v2\/comments?post=21304"}],"version-history":[{"count":0,"href":"https:\/\/noticiasribeiraopreto.com.br\/index.php\/wp-json\/wp\/v2\/posts\/21304\/revisions"}],"wp:featuredmedia":[{"embeddable":true,"href":"https:\/\/noticiasribeiraopreto.com.br\/index.php\/wp-json\/wp\/v2\/media\/21305"}],"wp:attachment":[{"href":"https:\/\/noticiasribeiraopreto.com.br\/index.php\/wp-json\/wp\/v2\/media?parent=21304"}],"wp:term":[{"taxonomy":"category","embeddable":true,"href":"https:\/\/noticiasribeiraopreto.com.br\/index.php\/wp-json\/wp\/v2\/categories?post=21304"},{"taxonomy":"post_tag","embeddable":true,"href":"https:\/\/noticiasribeiraopreto.com.br\/index.php\/wp-json\/wp\/v2\/tags?post=21304"}],"curies":[{"name":"wp","href":"https:\/\/api.w.org\/{rel}","templated":true}]}}