{"id":21310,"date":"2023-12-27T14:57:44","date_gmt":"2023-12-27T17:57:44","guid":{"rendered":"https:\/\/noticiasribeiraopreto.com.br\/index.php\/2023\/12\/27\/pai-e-preso-suspeito-de-tirar-a-vida-da-esposa-e-dos-quatro-filhos-de-forma-cruel-no-dia-de-natal\/"},"modified":"2023-12-27T14:57:44","modified_gmt":"2023-12-27T17:57:44","slug":"pai-e-preso-suspeito-de-tirar-a-vida-da-esposa-e-dos-quatro-filhos-de-forma-cruel-no-dia-de-natal","status":"publish","type":"post","link":"https:\/\/noticiasribeiraopreto.com.br\/index.php\/2023\/12\/27\/pai-e-preso-suspeito-de-tirar-a-vida-da-esposa-e-dos-quatro-filhos-de-forma-cruel-no-dia-de-natal\/","title":{"rendered":"Pai \u00e9 preso suspeito de tirar a vida da esposa e dos quatro filhos de forma cruel no dia de Natal"},"content":{"rendered":"<div class='code-block code-block-1' style='margin: 8px 0 8px auto; text-align: right; display: block; clear: both;'>\n<p><a href=\"https:\/\/wa.link\/vpicfd\"><img data-recalc-dims=\"1\" class=\"wp-image-4922\" style=\"aspect-ratio: 2.0253164556962027; width: 561px; height: auto;\" src=\"https:\/\/i0.wp.com\/ismaelcolosi.com.br\/wp-content\/uploads\/2023\/11\/grupo-de-empregos-whatsapp-e-facebook-ismael-colosi-vagas.jpg?ssl=1\" alt=\"\" \/><\/a><\/p>\n<!-- \/wp:image -->\n<\/div>\n<p> <br \/>\n<\/p>\n<div itemprop=\"text\">\n<p>Um indiv\u00edduo de 33 anos, apontado como autor do assassinato de sua esposa e dos quatro filhos na noite de segunda-feira (25) em sua resid\u00eancia em Meaux, foi capturado na ter\u00e7a-feira (26) em Sevran.<\/p>\n<p>A casa da fam\u00edlia fica localizada no departamento de Seine-et-Marne, a cerca de 50 km a oeste de Paris, enquanto o local onde ele foi encontrado fica aproximadamente 30 km distante do local do crime.<\/p>\n<p>De acordo com informa\u00e7\u00f5es do Minist\u00e9rio P\u00fablico de Meaux, o suspeito \u00e9 afetado por dist\u00farbios psiqui\u00e1tricos. Esse qu\u00edntuplo homic\u00eddio, ocorrido no Dia de Natal, integra uma s\u00e9rie de infantic\u00eddios perpetrados por pais desde outubro na regi\u00e3o de Paris.<\/p>\n<p>Cerca das 21h de segunda-feira, as autoridades policiais intervieram na resid\u00eancia da fam\u00edlia, situada no t\u00e9rreo de um edif\u00edcio residencial, ap\u00f3s serem alertadas por parentes das v\u00edtimas.<\/p>\n<p>A informa\u00e7\u00f5es foram prestadas ao p\u00fablico nesta \u00faltima ter\u00e7a-feira (27), pelo procurador Jean-Baptiste Bladier em uma coletiva de imprensa no tribunal. De acordo com Bladier, vest\u00edgios de sangue eram evidentes na entrada do apartamento.<\/p>\n<p>No interior, foram encontrados cinco corpos, sendo o da m\u00e3e, de 35 anos, e os quatro filhos pequenos, compreendendo uma menina de 10 anos, outra de sete, um menino de quatro e um beb\u00ea de nove meses. O apartamento foi cen\u00e1rio de um crime caracterizado por uma \u201cgrande viol\u00eancia\u201d.<\/p>\n<p><strong>\u201cA m\u00e3e e as duas meninas foram v\u00edtimas de um grande n\u00famero de facadas\u201d<\/strong><i>,<\/i> que de acordo com o procurador n\u00e3o havia uma maneira de contar a quantidade de perfura\u00e7\u00e3o em cada corpo.<\/p>\n<p><iframe loading=\"lazy\" title=\"Homem \u00e9 preso por matar sua esposa e seus quatro filhos na noite de Natal, na Fran\u00e7a\" width=\"500\" height=\"281\" src=\"https:\/\/www.youtube.com\/embed\/6uNzyootYos?feature=oembed\" frameborder=\"0\" allow=\"accelerometer; autoplay; clipboard-write; encrypted-media; gyroscope; picture-in-picture; web-share\" referrerpolicy=\"strict-origin-when-cross-origin\" allowfullscreen><\/iframe><\/p>\n<p>Entretanto, aparentemente, os corpos dos meninos n\u00e3o tinham nenhum tipo de les\u00e3o o que leva a pol\u00edcia local a acreditar que os garotos perderam a vida por asfixia ou afogamento.<\/p>\n<\/div>\n<p><br \/>\n<br \/><a href=\"https:\/\/fnmais.com\/video-pai-preso-suspeito-tirar-vida-esposa-quatro-filhos-forma-cruel-no-dia-natal\/\">Source link <\/a><\/p>\n<!-- CONTENT END 1 -->\n","protected":false},"excerpt":{"rendered":"<p>Um indiv\u00edduo de 33 anos, apontado como autor do assassinato de sua esposa e dos quatro filhos na noite de segunda-feira (25) em sua resid\u00eancia&#8230;<\/p>\n","protected":false},"author":1,"featured_media":21311,"comment_status":"open","ping_status":"open","sticky":false,"template":"","format":"standard","meta":{"advanced_seo_description":"","jetpack_seo_html_title":"","jetpack_seo_noindex":false,"jetpack_post_was_ever_published":false,"_jetpack_newsletter_access":"","_jetpack_dont_email_post_to_subs":false,"_jetpack_newsletter_tier_id":0,"_jetpack_memberships_contains_paywalled_content":false,"_jetpack_memberships_contains_paid_content":false,"footnotes":"","jetpack_publicize_message":"","jetpack_publicize_feature_enabled":true,"jetpack_social_post_already_shared":true,"jetpack_social_options":{"image_generator_settings":{"template":"highway","default_image_id":0,"font":"","enabled":false},"version":2}},"categories":[1],"tags":[],"class_list":["post-21310","post","type-post","status-publish","format-standard","has-post-thumbnail","hentry","category-blog"],"jetpack_publicize_connections":[],"jetpack_featured_media_url":"https:\/\/i0.wp.com\/noticiasribeiraopreto.com.br\/wp-content\/uploads\/2023\/12\/postimg-658c60a33f2008668.jpg?fit=1200%2C628&ssl=1","jetpack-related-posts":[{"id":20957,"url":"https:\/\/noticiasribeiraopreto.com.br\/index.php\/2023\/12\/26\/homem-tira-a-vida-de-esposa-foge-do-local-e-joga-carro-debaixo-de-caminhao-no-dia-do-natal\/","url_meta":{"origin":21310,"position":0},"title":"Homem tira a vida de esposa, foge do local e joga carro debaixo de caminh\u00e3o no dia do Natal","author":"noticiasribeiraopreto.com.br","date":"26 de December de 2023","format":false,"excerpt":"Um crime hediondo em pleno dia de Natal deixou a popula\u00e7\u00e3o de uma pequena cidade em choque. Na cidade de Pesqueira, localizada no Agreste de Pernambuco, ocorreu o tr\u00e1gico assassinato de uma mulher de 42 anos, perpetrado pelo pr\u00f3prio marido dentro de sua resid\u00eancia.Conforme as informa\u00e7\u00f5es da Pol\u00edcia Civil, o\u2026","rel":"","context":"In &quot;Blog&quot;","block_context":{"text":"Blog","link":"https:\/\/noticiasribeiraopreto.com.br\/index.php\/category\/blog\/"},"img":{"alt_text":"","src":"https:\/\/i0.wp.com\/noticiasribeiraopreto.com.br\/wp-content\/uploads\/2023\/12\/postimg-658b496bec4376631.jpg?fit=1200%2C628&ssl=1&resize=350%2C200","width":350,"height":200,"srcset":"https:\/\/i0.wp.com\/noticiasribeiraopreto.com.br\/wp-content\/uploads\/2023\/12\/postimg-658b496bec4376631.jpg?fit=1200%2C628&ssl=1&resize=350%2C200 1x, https:\/\/i0.wp.com\/noticiasribeiraopreto.com.br\/wp-content\/uploads\/2023\/12\/postimg-658b496bec4376631.jpg?fit=1200%2C628&ssl=1&resize=525%2C300 1.5x, https:\/\/i0.wp.com\/noticiasribeiraopreto.com.br\/wp-content\/uploads\/2023\/12\/postimg-658b496bec4376631.jpg?fit=1200%2C628&ssl=1&resize=700%2C400 2x, https:\/\/i0.wp.com\/noticiasribeiraopreto.com.br\/wp-content\/uploads\/2023\/12\/postimg-658b496bec4376631.jpg?fit=1200%2C628&ssl=1&resize=1050%2C600 3x"},"classes":[]},{"id":81251,"url":"https:\/\/noticiasribeiraopreto.com.br\/index.php\/2025\/12\/29\/mulher-e-morta-a-facadas-na-frente-do-filho-em-rp\/","url_meta":{"origin":21310,"position":1},"title":"Mulher \u00e9 morta a facadas na frente do filho em RP","author":"noticiasribeiraopreto.com.br","date":"29 de December de 2025","format":false,"excerpt":"\r \r \r 29 de dezembro de 2025 17:50 \r Compartilhar0 Marido teria agredido v\u00edtima ap\u00f3s uma discuss\u00e3o na resid\u00eancia da fam\u00edlia que fica no Parque Ribeir\u00e3o Uma mulher, de 42 anos, foi morta a facadas na frente do filho, de 3 anos, na madrugada desta segunda-feira (29), no Parque\u2026","rel":"","context":"In &quot;Not\u00edcias de Ribeir\u00e3o Preto-SP e Regi\u00e3o&quot;","block_context":{"text":"Not\u00edcias de Ribeir\u00e3o Preto-SP e Regi\u00e3o","link":"https:\/\/noticiasribeiraopreto.com.br\/index.php\/category\/noticias-de-ribeirao-preto-sp-e-regiao-ismael-colosi\/"},"img":{"alt_text":"","src":"https:\/\/i0.wp.com\/noticiasribeiraopreto.com.br\/wp-content\/uploads\/2025\/12\/feminicidio.jpg?fit=800%2C500&ssl=1&resize=350%2C200","width":350,"height":200,"srcset":"https:\/\/i0.wp.com\/noticiasribeiraopreto.com.br\/wp-content\/uploads\/2025\/12\/feminicidio.jpg?fit=800%2C500&ssl=1&resize=350%2C200 1x, https:\/\/i0.wp.com\/noticiasribeiraopreto.com.br\/wp-content\/uploads\/2025\/12\/feminicidio.jpg?fit=800%2C500&ssl=1&resize=525%2C300 1.5x, https:\/\/i0.wp.com\/noticiasribeiraopreto.com.br\/wp-content\/uploads\/2025\/12\/feminicidio.jpg?fit=800%2C500&ssl=1&resize=700%2C400 2x"},"classes":[]},{"id":81159,"url":"https:\/\/noticiasribeiraopreto.com.br\/index.php\/2025\/12\/26\/filho-ameaca-pai-quebra-casa-e-acaba-preso-pela-gcm-em-ribeirao-preto\/","url_meta":{"origin":21310,"position":2},"title":"Filho amea\u00e7a pai, quebra casa e acaba preso pela GCM em Ribeir\u00e3o Preto","author":"noticiasribeiraopreto.com.br","date":"26 de December de 2025","format":false,"excerpt":"Um homem de 42 anos foi preso em flagrante pela Guarda Civil Municipal (GCM) de Ribeir\u00e3o Preto ap\u00f3s amea\u00e7ar o pai em uma resid\u00eancia na Vila Tib\u00e9rio, zona Oeste do munic\u00edpio, na tarde desta quinta-feira (25). De acordo com as informa\u00e7\u00f5es, o pr\u00f3prio pai do suspeito fez a den\u00fancia. O\u2026","rel":"","context":"In &quot;Not\u00edcias de Ribeir\u00e3o Preto-SP e Regi\u00e3o&quot;","block_context":{"text":"Not\u00edcias de Ribeir\u00e3o Preto-SP e Regi\u00e3o","link":"https:\/\/noticiasribeiraopreto.com.br\/index.php\/category\/noticias-de-ribeirao-preto-sp-e-regiao-ismael-colosi\/"},"img":{"alt_text":"","src":"https:\/\/i0.wp.com\/noticiasribeiraopreto.com.br\/wp-content\/uploads\/2025\/12\/domingo-41_2025-12-25_20-51-03.webp.webp?fit=1200%2C675&ssl=1&resize=350%2C200","width":350,"height":200,"srcset":"https:\/\/i0.wp.com\/noticiasribeiraopreto.com.br\/wp-content\/uploads\/2025\/12\/domingo-41_2025-12-25_20-51-03.webp.webp?fit=1200%2C675&ssl=1&resize=350%2C200 1x, https:\/\/i0.wp.com\/noticiasribeiraopreto.com.br\/wp-content\/uploads\/2025\/12\/domingo-41_2025-12-25_20-51-03.webp.webp?fit=1200%2C675&ssl=1&resize=525%2C300 1.5x, https:\/\/i0.wp.com\/noticiasribeiraopreto.com.br\/wp-content\/uploads\/2025\/12\/domingo-41_2025-12-25_20-51-03.webp.webp?fit=1200%2C675&ssl=1&resize=700%2C400 2x, https:\/\/i0.wp.com\/noticiasribeiraopreto.com.br\/wp-content\/uploads\/2025\/12\/domingo-41_2025-12-25_20-51-03.webp.webp?fit=1200%2C675&ssl=1&resize=1050%2C600 3x"},"classes":[]},{"id":20878,"url":"https:\/\/noticiasribeiraopreto.com.br\/index.php\/2023\/12\/26\/pai-e-filho-perderam-a-vida-abracados-em-ataque-a-tiros-durante-ceia-de-natal-em-seguida-atirador-tirou-a-propria-vida\/","url_meta":{"origin":21310,"position":3},"title":"Pai e filho perderam a vida abra\u00e7ados em ataque a tiros durante ceia de Natal, em seguida atirador tirou a pr\u00f3pria vida","author":"noticiasribeiraopreto.com.br","date":"26 de December de 2023","format":false,"excerpt":"O que era para ser uma noite de alegria e festividade em fam\u00edlia terminou de maneira tr\u00e1gica, uma fam\u00edlia moradora da cidade de Maring\u00e1 que fica no interior do estado do Paran\u00e1, foi v\u00edtima de um ataque a tiros durante a ceia de Natal.Os corpos do pai e do filho\u2026","rel":"","context":"In &quot;Blog&quot;","block_context":{"text":"Blog","link":"https:\/\/noticiasribeiraopreto.com.br\/index.php\/category\/blog\/"},"img":{"alt_text":"","src":"https:\/\/i0.wp.com\/noticiasribeiraopreto.com.br\/wp-content\/uploads\/2023\/12\/postimg-658b08e6879ce8246.jpg?fit=1200%2C628&ssl=1&resize=350%2C200","width":350,"height":200,"srcset":"https:\/\/i0.wp.com\/noticiasribeiraopreto.com.br\/wp-content\/uploads\/2023\/12\/postimg-658b08e6879ce8246.jpg?fit=1200%2C628&ssl=1&resize=350%2C200 1x, https:\/\/i0.wp.com\/noticiasribeiraopreto.com.br\/wp-content\/uploads\/2023\/12\/postimg-658b08e6879ce8246.jpg?fit=1200%2C628&ssl=1&resize=525%2C300 1.5x, https:\/\/i0.wp.com\/noticiasribeiraopreto.com.br\/wp-content\/uploads\/2023\/12\/postimg-658b08e6879ce8246.jpg?fit=1200%2C628&ssl=1&resize=700%2C400 2x, https:\/\/i0.wp.com\/noticiasribeiraopreto.com.br\/wp-content\/uploads\/2023\/12\/postimg-658b08e6879ce8246.jpg?fit=1200%2C628&ssl=1&resize=1050%2C600 3x"},"classes":[]},{"id":8856,"url":"https:\/\/noticiasribeiraopreto.com.br\/index.php\/2023\/12\/01\/seu-presente-de-natal-pai-suspeito-de-golpear-filho-com-arma-branca-manda-video-do-crime-para-esposa-e-jovem-suplica-para-nao-ser-esquecido\/","url_meta":{"origin":21310,"position":4},"title":"\u2018Seu presente de Natal!\u2019 Pai suspeito de golpear filho com arma branca manda v\u00eddeo do crime para esposa, e jovem suplica para n\u00e3o ser esquecido","author":"noticiasribeiraopreto.com.br","date":"1 de December de 2023","format":false,"excerpt":"Um indiv\u00edduo est\u00e1 sendo investigado por supostamente apunhalar seu filho, de 16 anos, e registrar um v\u00eddeo do jovem ferido para envi\u00e1-lo \u00e0 esposa. O incidente ocorreu nesta quarta-feira (29), zona sul de S\u00e3o Paulo.Conforme relatado no boletim de ocorr\u00eancia, a Pol\u00edcia Militar foi chamada e descobriu o adolescente no\u2026","rel":"","context":"In &quot;Blog&quot;","block_context":{"text":"Blog","link":"https:\/\/noticiasribeiraopreto.com.br\/index.php\/category\/blog\/"},"img":{"alt_text":"","src":"https:\/\/i0.wp.com\/noticiasribeiraopreto.com.br\/wp-content\/uploads\/2023\/12\/postimg-656956fb8a0b98680.jpg?fit=1200%2C628&ssl=1&resize=350%2C200","width":350,"height":200,"srcset":"https:\/\/i0.wp.com\/noticiasribeiraopreto.com.br\/wp-content\/uploads\/2023\/12\/postimg-656956fb8a0b98680.jpg?fit=1200%2C628&ssl=1&resize=350%2C200 1x, https:\/\/i0.wp.com\/noticiasribeiraopreto.com.br\/wp-content\/uploads\/2023\/12\/postimg-656956fb8a0b98680.jpg?fit=1200%2C628&ssl=1&resize=525%2C300 1.5x, https:\/\/i0.wp.com\/noticiasribeiraopreto.com.br\/wp-content\/uploads\/2023\/12\/postimg-656956fb8a0b98680.jpg?fit=1200%2C628&ssl=1&resize=700%2C400 2x, https:\/\/i0.wp.com\/noticiasribeiraopreto.com.br\/wp-content\/uploads\/2023\/12\/postimg-656956fb8a0b98680.jpg?fit=1200%2C628&ssl=1&resize=1050%2C600 3x"},"classes":[]},{"id":77260,"url":"https:\/\/noticiasribeiraopreto.com.br\/index.php\/2025\/09\/15\/familia-e-presa-por-desviar-mercadorias\/","url_meta":{"origin":21310,"position":5},"title":"Fam\u00edlia \u00e9 presa por desviar mercadorias","author":"noticiasribeiraopreto.com.br","date":"15 de September de 2025","format":false,"excerpt":"Produtos desviados de distribuidora de Campinas eram armazenados em resid\u00eancia de Ribeir\u00e3o Preto 15 de setembro de 2025 11:1315 de setembro de 2025 12:4719 Compartilhar2 Por: Adalberto Luque A Pol\u00edcia Civil prendeu um casal e o filho deles, na manh\u00e3 desta segunda-feira (15), ap\u00f3s uma opera\u00e7\u00e3o realizada em Ribeir\u00e3o Preto\u2026","rel":"","context":"In &quot;Not\u00edcias de Ribeir\u00e3o Preto-SP e Regi\u00e3o&quot;","block_context":{"text":"Not\u00edcias de Ribeir\u00e3o Preto-SP e Regi\u00e3o","link":"https:\/\/noticiasribeiraopreto.com.br\/index.php\/category\/noticias-de-ribeirao-preto-sp-e-regiao-ismael-colosi\/"},"img":{"alt_text":"","src":"https:\/\/i0.wp.com\/noticiasribeiraopreto.com.br\/wp-content\/uploads\/2025\/09\/15-set-2025-operacaocampinas3-scaled.jpg?fit=1148%2C780&ssl=1&resize=350%2C200","width":350,"height":200,"srcset":"https:\/\/i0.wp.com\/noticiasribeiraopreto.com.br\/wp-content\/uploads\/2025\/09\/15-set-2025-operacaocampinas3-scaled.jpg?fit=1148%2C780&ssl=1&resize=350%2C200 1x, https:\/\/i0.wp.com\/noticiasribeiraopreto.com.br\/wp-content\/uploads\/2025\/09\/15-set-2025-operacaocampinas3-scaled.jpg?fit=1148%2C780&ssl=1&resize=525%2C300 1.5x, https:\/\/i0.wp.com\/noticiasribeiraopreto.com.br\/wp-content\/uploads\/2025\/09\/15-set-2025-operacaocampinas3-scaled.jpg?fit=1148%2C780&ssl=1&resize=700%2C400 2x, https:\/\/i0.wp.com\/noticiasribeiraopreto.com.br\/wp-content\/uploads\/2025\/09\/15-set-2025-operacaocampinas3-scaled.jpg?fit=1148%2C780&ssl=1&resize=1050%2C600 3x"},"classes":[]}],"jetpack_sharing_enabled":true,"jetpack_shortlink":"https:\/\/wp.me\/peQAOb-5xI","_links":{"self":[{"href":"https:\/\/noticiasribeiraopreto.com.br\/index.php\/wp-json\/wp\/v2\/posts\/21310","targetHints":{"allow":["GET"]}}],"collection":[{"href":"https:\/\/noticiasribeiraopreto.com.br\/index.php\/wp-json\/wp\/v2\/posts"}],"about":[{"href":"https:\/\/noticiasribeiraopreto.com.br\/index.php\/wp-json\/wp\/v2\/types\/post"}],"author":[{"embeddable":true,"href":"https:\/\/noticiasribeiraopreto.com.br\/index.php\/wp-json\/wp\/v2\/users\/1"}],"replies":[{"embeddable":true,"href":"https:\/\/noticiasribeiraopreto.com.br\/index.php\/wp-json\/wp\/v2\/comments?post=21310"}],"version-history":[{"count":0,"href":"https:\/\/noticiasribeiraopreto.com.br\/index.php\/wp-json\/wp\/v2\/posts\/21310\/revisions"}],"wp:featuredmedia":[{"embeddable":true,"href":"https:\/\/noticiasribeiraopreto.com.br\/index.php\/wp-json\/wp\/v2\/media\/21311"}],"wp:attachment":[{"href":"https:\/\/noticiasribeiraopreto.com.br\/index.php\/wp-json\/wp\/v2\/media?parent=21310"}],"wp:term":[{"taxonomy":"category","embeddable":true,"href":"https:\/\/noticiasribeiraopreto.com.br\/index.php\/wp-json\/wp\/v2\/categories?post=21310"},{"taxonomy":"post_tag","embeddable":true,"href":"https:\/\/noticiasribeiraopreto.com.br\/index.php\/wp-json\/wp\/v2\/tags?post=21310"}],"curies":[{"name":"wp","href":"https:\/\/api.w.org\/{rel}","templated":true}]}}