{"id":21312,"date":"2023-12-27T15:00:20","date_gmt":"2023-12-27T18:00:20","guid":{"rendered":"https:\/\/noticiasribeiraopreto.com.br\/index.php\/2023\/12\/27\/curso-de-libras-gratuito-para-criancas-e-adolescentes-em-sp-saiba-como-se-inscrever-2\/"},"modified":"2023-12-27T15:00:20","modified_gmt":"2023-12-27T18:00:20","slug":"curso-de-libras-gratuito-para-criancas-e-adolescentes-em-sp-saiba-como-se-inscrever-2","status":"publish","type":"post","link":"https:\/\/noticiasribeiraopreto.com.br\/index.php\/2023\/12\/27\/curso-de-libras-gratuito-para-criancas-e-adolescentes-em-sp-saiba-como-se-inscrever-2\/","title":{"rendered":"Curso de Libras gratuito para crian\u00e7as e adolescentes em SP: saiba como se inscrever"},"content":{"rendered":"<div class='code-block code-block-1' style='margin: 8px 0 8px auto; text-align: right; display: block; clear: both;'>\n<p><a href=\"https:\/\/wa.link\/vpicfd\"><img data-recalc-dims=\"1\" class=\"wp-image-4922\" style=\"aspect-ratio: 2.0253164556962027; width: 561px; height: auto;\" src=\"https:\/\/i0.wp.com\/ismaelcolosi.com.br\/wp-content\/uploads\/2023\/11\/grupo-de-empregos-whatsapp-e-facebook-ismael-colosi-vagas.jpg?ssl=1\" alt=\"\" \/><\/a><\/p>\n<!-- \/wp:image -->\n<\/div>\n<p> <br \/>\n<\/p>\n<div>\n<p>Voc\u00ea quer aprender a se comunicar com pessoas surdas usando a L\u00edngua Brasileira de Sinais (Libras)? Se voc\u00ea tem entre 10 e 17 anos, essa \u00e9 a sua chance de participar de um <strong>curso de Libras<\/strong> online e gratuito oferecido pelo Governo do Estado de S\u00e3o Paulo.<\/p>\n<p>O curso de Libras \u00e9 uma iniciativa da Secretaria de Estado dos Direitos da Pessoa com Defici\u00eancia (SEDPcD), em parceria com o Centro de Tecnologia e Inova\u00e7\u00e3o (CTI), que visa ensinar a l\u00edngua oficial das pessoas com defici\u00eancia auditiva no Brasil.<\/p>\n<p>O curso tem dura\u00e7\u00e3o de 40 horas, sendo 30 horas de aulas ao vivo pela plataforma Zoom e 10 horas de atividades extras. O conte\u00fado program\u00e1tico \u00e9 adaptado para a faixa et\u00e1ria dos alunos e aborda temas como alfabeto manual, cumprimentos, condi\u00e7\u00f5es clim\u00e1ticas, express\u00f5es espec\u00edficas, sentimentos, n\u00fameros, animais, n\u00facleos, materiais escolares, calend\u00e1rio, fam\u00edlia, localidades, meios de transporte e verbos.<\/p>\n<p>O objetivo do curso \u00e9 habilitar crian\u00e7as e adolescentes sem defici\u00eancia auditiva a se comunicarem com as pessoas com defici\u00eancia auditiva que vivem no estado de S\u00e3o Paulo, de acordo com os \u00edndices da Base de Dados dos Direitos da Pessoa com Defici\u00eancia. Contudo, pessoas com defici\u00eancia, seja auditiva ou outras, tamb\u00e9m podem se inscrever.<\/p>\n<h2>Qual \u00e9 a import\u00e2ncia do curso de Libras?<\/h2>\n<p>O curso de Libras \u00e9 uma forma de promover a inclus\u00e3o social e a acessibilidade das pessoas surdas em todas as esferas da sociedade, especialmente nas escolas, que hoje atendem muitos alunos surdos na perspectiva da educa\u00e7\u00e3o inclusiva.<\/p>\n<p>Ao aprender Libras, crian\u00e7as e adolescentes podem construir pontes s\u00f3lidas de comunica\u00e7\u00e3o e entendimento com as pessoas surdas, al\u00e9m de ampliar seus conhecimentos culturais e lingu\u00edsticos.<\/p>\n<p>O secret\u00e1rio de Estado dos Direitos da Pessoa com Defici\u00eancia, Marcos da Costa, destaca a import\u00e2ncia dessa iniciativa:<\/p>\n<p>\u201c<em>Ao enfatizar a import\u00e2ncia dessa iniciativa, confirmamos que investir no aprendizado da Libras para esse p\u00fablico \u00e9 construir pontes s\u00f3lidas de comunica\u00e7\u00e3o e entendimento. A continua\u00e7\u00e3o desse projeto, apenas refor\u00e7a o compromisso desta gest\u00e3o em proporcionar um futuro mais inclusivo e consciente para todos<\/em>\u201d.<\/p>\n<p>O coordenador dos cursos de Libras da SEDPcD, Edilson de Andrade, explica que o curso Teens tem a inten\u00e7\u00e3o de facilitar a comunica\u00e7\u00e3o de pessoas surdas em todas as esferas: \u201cA inicia\u00e7\u00e3o precoce de crian\u00e7as ouvintes em Libras tem o potencial de facilitar a inclus\u00e3o e proporcionar ambientes mais inclusivos\u201d.<\/p>\n<h2>Como se inscrever no curso de Libras?<\/h2>\n<p>O curso de Libras \u00e9 gratuito e oferece 40 vagas para crian\u00e7as e adolescentes de 10 a 17 anos. As inscri\u00e7\u00f5es come\u00e7am no dia 2 de janeiro, \u00e0s 10h, e devem ser feitas pelo site <a href=\"https:\/\/www.pessoacomdeficiencia.sp.gov.br\/\" rel=\"noopener\" target=\"_blank\">pessoacomdeficiencia.sp.gov.br<\/a>.<\/p>\n<p>As aulas come\u00e7am no dia 4 de janeiro e terminam no dia 8 de fevereiro, sempre \u00e0s ter\u00e7as e quintas-feiras, das 14h \u00e0s 16h. \u00c9 necess\u00e1rio o uso de c\u00e2mera durante as aulas. Para obter o certificado de participa\u00e7\u00e3o, \u00e9 preciso ter frequ\u00eancia m\u00ednima de 75% das aulas ao vivo, e atingir m\u00e9dia final 5,0 ou superior.<\/p>\n<p>+++Acompanhe as principais informa\u00e7\u00f5es sobre o <a href=\"https:\/\/jcconcursos.com.br\/noticia\/empregos\">mercado de trabalho no JC Concursos<\/a><\/p>\n<p><a id=\"gnews_btn\" href=\"https:\/\/news.google.com\/publications\/CAAqBwgKMOixlQswuZWrAw\" target=\"_blank\" class=\"border_jc_blue link_hover_bg_jc_blue font_85 d-block d-md-inline-block px-2 py-1 mr-0 mr-md-2 mb-3 w-100 text-center\" rel=\"noopener\"><span class=\"text_jc_blue\">Siga o <strong>JC Concursos no Google News<\/strong><\/span><\/a><a href=\"https:\/\/jcconcursos.com.br\/empregos\/\" class=\"badge badge-light\">empregos<\/a><a href=\"https:\/\/jcconcursos.com.br\/empregos\/\" class=\"badge badge-light\">est\u00e1gios<\/a><a href=\"https:\/\/jcconcursos.com.br\/empregos\/\" class=\"badge badge-light\">trainees<\/a><\/p>\n<\/div>\n<p><br \/>\n<br \/><a href=\"https:\/\/ismaelcolosi.com.br\/curso-de-libras-gratuito-para-criancas-e-adolescentes-em-sp-saiba-como-se-inscrever\/\">Source link <\/a><\/p>\n<!-- CONTENT END 1 -->\n","protected":false},"excerpt":{"rendered":"<p>Voc\u00ea quer aprender a se comunicar com pessoas surdas usando a L\u00edngua Brasileira de Sinais (Libras)? Se voc\u00ea tem entre 10 e 17 anos, essa&#8230;<\/p>\n","protected":false},"author":1,"featured_media":21313,"comment_status":"open","ping_status":"open","sticky":false,"template":"","format":"standard","meta":{"advanced_seo_description":"","jetpack_seo_html_title":"","jetpack_seo_noindex":false,"jetpack_post_was_ever_published":false,"_jetpack_newsletter_access":"","_jetpack_dont_email_post_to_subs":false,"_jetpack_newsletter_tier_id":0,"_jetpack_memberships_contains_paywalled_content":false,"_jetpack_memberships_contains_paid_content":false,"footnotes":"","jetpack_publicize_message":"","jetpack_publicize_feature_enabled":true,"jetpack_social_post_already_shared":true,"jetpack_social_options":{"image_generator_settings":{"template":"highway","default_image_id":0,"font":"","enabled":false},"version":2}},"categories":[7],"tags":[],"class_list":["post-21312","post","type-post","status-publish","format-standard","has-post-thumbnail","hentry","category-vagas-de-empregos-em-ribeirao-preto-regiao-brasil"],"jetpack_publicize_connections":[],"jetpack_featured_media_url":"https:\/\/i0.wp.com\/noticiasribeiraopreto.com.br\/wp-content\/uploads\/2023\/12\/curso-libras.jpg?fit=1920%2C1080&ssl=1","jetpack-related-posts":[{"id":22341,"url":"https:\/\/noticiasribeiraopreto.com.br\/index.php\/2023\/12\/29\/aprenda-libras-online-e-de-graca-com-o-curso-oferecido-pelo-governo-de-sp-2\/","url_meta":{"origin":21312,"position":0},"title":"Aprenda Libras online e de gra\u00e7a com o curso oferecido pelo Governo de SP","author":"noticiasribeiraopreto.com.br","date":"29 de December de 2023","format":false,"excerpt":"Voc\u00ea sabia que a Libras, a L\u00edngua Brasileira de Sinais, \u00e9 reconhecida como meio legal de comunica\u00e7\u00e3o e express\u00e3o pela Lei n\u00ba 10.436\/2002? Voc\u00ea sabia que existem mais de 10 milh\u00f5es de pessoas surdas ou com defici\u00eancia auditiva no Brasil, segundo o IBGE? Voc\u00ea sabia que aprender Libras pode ampliar\u2026","rel":"","context":"In &quot;Vagas de Emprego em Ribeir\u00e3o Preto-SP&quot;","block_context":{"text":"Vagas de Emprego em Ribeir\u00e3o Preto-SP","link":"https:\/\/noticiasribeiraopreto.com.br\/index.php\/category\/empregos-classificados-vagas-trabalho\/vagas-de-empregos-em-ribeirao-preto-regiao-brasil\/"},"img":{"alt_text":"","src":"https:\/\/i0.wp.com\/noticiasribeiraopreto.com.br\/wp-content\/uploads\/2023\/12\/1703880725_curso-libras.jpg?fit=1200%2C675&ssl=1&resize=350%2C200","width":350,"height":200,"srcset":"https:\/\/i0.wp.com\/noticiasribeiraopreto.com.br\/wp-content\/uploads\/2023\/12\/1703880725_curso-libras.jpg?fit=1200%2C675&ssl=1&resize=350%2C200 1x, https:\/\/i0.wp.com\/noticiasribeiraopreto.com.br\/wp-content\/uploads\/2023\/12\/1703880725_curso-libras.jpg?fit=1200%2C675&ssl=1&resize=525%2C300 1.5x, https:\/\/i0.wp.com\/noticiasribeiraopreto.com.br\/wp-content\/uploads\/2023\/12\/1703880725_curso-libras.jpg?fit=1200%2C675&ssl=1&resize=700%2C400 2x, https:\/\/i0.wp.com\/noticiasribeiraopreto.com.br\/wp-content\/uploads\/2023\/12\/1703880725_curso-libras.jpg?fit=1200%2C675&ssl=1&resize=1050%2C600 3x"},"classes":[]},{"id":22250,"url":"https:\/\/noticiasribeiraopreto.com.br\/index.php\/2023\/12\/29\/sp-abre-vagas-em-curso-gratuito-de-libras-para-criancas\/","url_meta":{"origin":21312,"position":1},"title":"SP abre vagas em curso gratuito de Libras para crian\u00e7as","author":"noticiasribeiraopreto.com.br","date":"29 de December de 2023","format":false,"excerpt":"O Governo do Estado de S\u00e3o Paulo vai abrir inscri\u00e7\u00f5es no dia 2 de janeiro de 2024 para curso gratuito de Libras destinado a crian\u00e7as e adolescentes. S\u00e3o 40 vagas com aulas online As aulas come\u00e7am dia 4 de janeiro e terminam em 8 de fevereiro, sempre das 14h \u00e0s\u2026","rel":"","context":"In &quot;Variedades&quot;","block_context":{"text":"Variedades","link":"https:\/\/noticiasribeiraopreto.com.br\/index.php\/category\/variedades\/"},"img":{"alt_text":"","src":"https:\/\/i0.wp.com\/noticiasribeiraopreto.com.br\/wp-content\/uploads\/2023\/12\/libras.jpg?fit=1200%2C638&ssl=1&resize=350%2C200","width":350,"height":200,"srcset":"https:\/\/i0.wp.com\/noticiasribeiraopreto.com.br\/wp-content\/uploads\/2023\/12\/libras.jpg?fit=1200%2C638&ssl=1&resize=350%2C200 1x, https:\/\/i0.wp.com\/noticiasribeiraopreto.com.br\/wp-content\/uploads\/2023\/12\/libras.jpg?fit=1200%2C638&ssl=1&resize=525%2C300 1.5x, https:\/\/i0.wp.com\/noticiasribeiraopreto.com.br\/wp-content\/uploads\/2023\/12\/libras.jpg?fit=1200%2C638&ssl=1&resize=700%2C400 2x, https:\/\/i0.wp.com\/noticiasribeiraopreto.com.br\/wp-content\/uploads\/2023\/12\/libras.jpg?fit=1200%2C638&ssl=1&resize=1050%2C600 3x"},"classes":[]},{"id":22895,"url":"https:\/\/noticiasribeiraopreto.com.br\/index.php\/2023\/12\/31\/inscricoes-para-curso-on-line-e-gratuito-de-libras-abrem-em-janeiro\/","url_meta":{"origin":21312,"position":2},"title":"Inscri\u00e7\u00f5es para curso on-line e gratuito de Libras abrem em janeiro","author":"noticiasribeiraopreto.com.br","date":"31 de December de 2023","format":false,"excerpt":"A Secretaria de Estado dos Direitos da Pessoa com Defici\u00eancia, em parceria com o Centro de Tecnologia e Inova\u00e7\u00e3o (CTI), come\u00e7a a receber inscri\u00e7\u00f5es para o curso on-line e gratuito de L\u00edngua Brasileira de Sinais (Libras), na pr\u00f3xima ter\u00e7a-feira, 2, \u00e0s 10h. As inscri\u00e7\u00f5es s\u00e3o realizadas no site da Secretaria\u2026","rel":"","context":"In &quot;Variedades&quot;","block_context":{"text":"Variedades","link":"https:\/\/noticiasribeiraopreto.com.br\/index.php\/category\/variedades\/"},"img":{"alt_text":"","src":"https:\/\/i0.wp.com\/noticiasribeiraopreto.com.br\/wp-content\/uploads\/2023\/12\/libras-pexels-shvets-production.jpg?fit=1200%2C638&ssl=1&resize=350%2C200","width":350,"height":200,"srcset":"https:\/\/i0.wp.com\/noticiasribeiraopreto.com.br\/wp-content\/uploads\/2023\/12\/libras-pexels-shvets-production.jpg?fit=1200%2C638&ssl=1&resize=350%2C200 1x, https:\/\/i0.wp.com\/noticiasribeiraopreto.com.br\/wp-content\/uploads\/2023\/12\/libras-pexels-shvets-production.jpg?fit=1200%2C638&ssl=1&resize=525%2C300 1.5x, https:\/\/i0.wp.com\/noticiasribeiraopreto.com.br\/wp-content\/uploads\/2023\/12\/libras-pexels-shvets-production.jpg?fit=1200%2C638&ssl=1&resize=700%2C400 2x, https:\/\/i0.wp.com\/noticiasribeiraopreto.com.br\/wp-content\/uploads\/2023\/12\/libras-pexels-shvets-production.jpg?fit=1200%2C638&ssl=1&resize=1050%2C600 3x"},"classes":[]},{"id":68967,"url":"https:\/\/noticiasribeiraopreto.com.br\/index.php\/2025\/04\/30\/inscricoes-para-curso-gratuito-basico-de-libras-acontecem-neste-dia-30-4\/","url_meta":{"origin":21312,"position":3},"title":"Inscri\u00e7\u00f5es para curso gratuito b\u00e1sico de libras acontecem neste dia 30\/4","author":"noticiasribeiraopreto.com.br","date":"30 de April de 2025","format":false,"excerpt":"A Secretaria de Estado dos Direitos da Pessoa com Defici\u00eancia (SEDPcD), por meio da Escola da Inclus\u00e3o, abre nesta quarta-feira (30), \u00e0s 10h, as inscri\u00e7\u00f5es para uma nova edi\u00e7\u00e3o do Curso B\u00e1sico de Libras, oferecido gratuitamente em plataforma online. Nesta fase, ser\u00e3o disponibilizadas oito turmas, cada uma com 70 vagas,\u2026","rel":"","context":"In &quot;Not\u00edcias de Franca-SP&quot;","block_context":{"text":"Not\u00edcias de Franca-SP","link":"https:\/\/noticiasribeiraopreto.com.br\/index.php\/category\/noticias-de-ribeirao-preto-sp-e-regiao-ismael-colosi\/noticias-franca-sp\/"},"img":{"alt_text":"","src":"https:\/\/i0.wp.com\/noticiasribeiraopreto.com.br\/wp-content\/uploads\/2025\/04\/Curso-de-libras-gratuito-e1730993641115.png?fit=1198%2C802&ssl=1&resize=350%2C200","width":350,"height":200,"srcset":"https:\/\/i0.wp.com\/noticiasribeiraopreto.com.br\/wp-content\/uploads\/2025\/04\/Curso-de-libras-gratuito-e1730993641115.png?fit=1198%2C802&ssl=1&resize=350%2C200 1x, https:\/\/i0.wp.com\/noticiasribeiraopreto.com.br\/wp-content\/uploads\/2025\/04\/Curso-de-libras-gratuito-e1730993641115.png?fit=1198%2C802&ssl=1&resize=525%2C300 1.5x, https:\/\/i0.wp.com\/noticiasribeiraopreto.com.br\/wp-content\/uploads\/2025\/04\/Curso-de-libras-gratuito-e1730993641115.png?fit=1198%2C802&ssl=1&resize=700%2C400 2x, https:\/\/i0.wp.com\/noticiasribeiraopreto.com.br\/wp-content\/uploads\/2025\/04\/Curso-de-libras-gratuito-e1730993641115.png?fit=1198%2C802&ssl=1&resize=1050%2C600 3x"},"classes":[]},{"id":8263,"url":"https:\/\/noticiasribeiraopreto.com.br\/index.php\/2023\/11\/29\/este-curso-de-libras-na-usp-e-gratuito-e-online-veja-como-fazer\/","url_meta":{"origin":21312,"position":4},"title":"Este curso de Libras na USP \u00e9 gratuito e online; veja como fazer","author":"noticiasribeiraopreto.com.br","date":"29 de November de 2023","format":false,"excerpt":"A Universidade de S\u00e3o Paulo (USP) disponibiliza gratuitamente um curso online de Libras (Linguagem Brasileira de Sinais). O curso, composto por videoaulas e por conte\u00fado te\u00f3rico e pr\u00e1tico, visa capacitar mais pessoas para se comunicarem com a comunidade surda. Cr\u00e9ditos: Depositphotos\/KucherAndreyUSP oferece curso de Libras O que \u00e9 esperado do\u2026","rel":"","context":"In &quot;Variedades&quot;","block_context":{"text":"Variedades","link":"https:\/\/noticiasribeiraopreto.com.br\/index.php\/category\/variedades\/"},"img":{"alt_text":"","src":"https:\/\/i0.wp.com\/noticiasribeiraopreto.com.br\/wp-content\/uploads\/2023\/11\/depositphotos-461844848-xl-scaled.jpg?fit=1200%2C638&ssl=1&resize=350%2C200","width":350,"height":200,"srcset":"https:\/\/i0.wp.com\/noticiasribeiraopreto.com.br\/wp-content\/uploads\/2023\/11\/depositphotos-461844848-xl-scaled.jpg?fit=1200%2C638&ssl=1&resize=350%2C200 1x, https:\/\/i0.wp.com\/noticiasribeiraopreto.com.br\/wp-content\/uploads\/2023\/11\/depositphotos-461844848-xl-scaled.jpg?fit=1200%2C638&ssl=1&resize=525%2C300 1.5x, https:\/\/i0.wp.com\/noticiasribeiraopreto.com.br\/wp-content\/uploads\/2023\/11\/depositphotos-461844848-xl-scaled.jpg?fit=1200%2C638&ssl=1&resize=700%2C400 2x, https:\/\/i0.wp.com\/noticiasribeiraopreto.com.br\/wp-content\/uploads\/2023\/11\/depositphotos-461844848-xl-scaled.jpg?fit=1200%2C638&ssl=1&resize=1050%2C600 3x"},"classes":[]},{"id":13361,"url":"https:\/\/noticiasribeiraopreto.com.br\/index.php\/2023\/12\/09\/instituto-federal-abre-mais-de-800-vagas-em-cursos-gratuitos-de-idiomas-ingles-e-espanhol-libras-e-redacao-100-online\/","url_meta":{"origin":21312,"position":5},"title":"Instituto Federal abre mais de 800 vagas em cursos gratuitos de idiomas (ingl\u00eas e espanhol), Libras e Reda\u00e7\u00e3o 100% online","author":"noticiasribeiraopreto.com.br","date":"9 de December de 2023","format":false,"excerpt":"Foto: Canva Procurando cursos gratuitos de ingl\u00eas, espanhol e reda\u00e7\u00e3o? O Instituto Federal possui 875 vagas dispon\u00edveis para todo o Brasil. As aulas s\u00e3o a dist\u00e2ncia, facilitando ainda mais a participa\u00e7\u00e3o de candidatos de todo o pa\u00eds. O Instituto Federal do Norte de Minas Gerais (IFNMG) anunciou na \u00faltima ter\u00e7a-feira\u2026","rel":"","context":"In &quot;Vagas de Emprego em Ribeir\u00e3o Preto-SP&quot;","block_context":{"text":"Vagas de Emprego em Ribeir\u00e3o Preto-SP","link":"https:\/\/noticiasribeiraopreto.com.br\/index.php\/category\/empregos-classificados-vagas-trabalho\/vagas-de-empregos-em-ribeirao-preto-regiao-brasil\/"},"img":{"alt_text":"","src":"https:\/\/i0.wp.com\/noticiasribeiraopreto.com.br\/wp-content\/uploads\/2023\/12\/vagas-cursos-gratuitos-instituto-federal-if-ingles-redacao-espanhol-libras-certificado-830x450.png?fit=830%2C450&ssl=1&resize=350%2C200","width":350,"height":200,"srcset":"https:\/\/i0.wp.com\/noticiasribeiraopreto.com.br\/wp-content\/uploads\/2023\/12\/vagas-cursos-gratuitos-instituto-federal-if-ingles-redacao-espanhol-libras-certificado-830x450.png?fit=830%2C450&ssl=1&resize=350%2C200 1x, https:\/\/i0.wp.com\/noticiasribeiraopreto.com.br\/wp-content\/uploads\/2023\/12\/vagas-cursos-gratuitos-instituto-federal-if-ingles-redacao-espanhol-libras-certificado-830x450.png?fit=830%2C450&ssl=1&resize=525%2C300 1.5x, https:\/\/i0.wp.com\/noticiasribeiraopreto.com.br\/wp-content\/uploads\/2023\/12\/vagas-cursos-gratuitos-instituto-federal-if-ingles-redacao-espanhol-libras-certificado-830x450.png?fit=830%2C450&ssl=1&resize=700%2C400 2x"},"classes":[]}],"jetpack_sharing_enabled":true,"jetpack_shortlink":"https:\/\/wp.me\/peQAOb-5xK","_links":{"self":[{"href":"https:\/\/noticiasribeiraopreto.com.br\/index.php\/wp-json\/wp\/v2\/posts\/21312","targetHints":{"allow":["GET"]}}],"collection":[{"href":"https:\/\/noticiasribeiraopreto.com.br\/index.php\/wp-json\/wp\/v2\/posts"}],"about":[{"href":"https:\/\/noticiasribeiraopreto.com.br\/index.php\/wp-json\/wp\/v2\/types\/post"}],"author":[{"embeddable":true,"href":"https:\/\/noticiasribeiraopreto.com.br\/index.php\/wp-json\/wp\/v2\/users\/1"}],"replies":[{"embeddable":true,"href":"https:\/\/noticiasribeiraopreto.com.br\/index.php\/wp-json\/wp\/v2\/comments?post=21312"}],"version-history":[{"count":0,"href":"https:\/\/noticiasribeiraopreto.com.br\/index.php\/wp-json\/wp\/v2\/posts\/21312\/revisions"}],"wp:featuredmedia":[{"embeddable":true,"href":"https:\/\/noticiasribeiraopreto.com.br\/index.php\/wp-json\/wp\/v2\/media\/21313"}],"wp:attachment":[{"href":"https:\/\/noticiasribeiraopreto.com.br\/index.php\/wp-json\/wp\/v2\/media?parent=21312"}],"wp:term":[{"taxonomy":"category","embeddable":true,"href":"https:\/\/noticiasribeiraopreto.com.br\/index.php\/wp-json\/wp\/v2\/categories?post=21312"},{"taxonomy":"post_tag","embeddable":true,"href":"https:\/\/noticiasribeiraopreto.com.br\/index.php\/wp-json\/wp\/v2\/tags?post=21312"}],"curies":[{"name":"wp","href":"https:\/\/api.w.org\/{rel}","templated":true}]}}