{"id":21314,"date":"2023-12-27T15:01:26","date_gmt":"2023-12-27T18:01:26","guid":{"rendered":"https:\/\/noticiasribeiraopreto.com.br\/index.php\/2023\/12\/27\/morre-isac-jorge-filho-medico-e-ex-vereador-de-ribeirao-preto\/"},"modified":"2023-12-27T15:01:26","modified_gmt":"2023-12-27T18:01:26","slug":"morre-isac-jorge-filho-medico-e-ex-vereador-de-ribeirao-preto","status":"publish","type":"post","link":"https:\/\/noticiasribeiraopreto.com.br\/index.php\/2023\/12\/27\/morre-isac-jorge-filho-medico-e-ex-vereador-de-ribeirao-preto\/","title":{"rendered":"Morre Isac Jorge Filho, m\u00e9dico e ex-vereador de Ribeir\u00e3o Preto"},"content":{"rendered":"<div class='code-block code-block-1' style='margin: 8px 0 8px auto; text-align: right; display: block; clear: both;'>\n<p><a href=\"https:\/\/wa.link\/vpicfd\"><img data-recalc-dims=\"1\" class=\"wp-image-4922\" style=\"aspect-ratio: 2.0253164556962027; width: 561px; height: auto;\" src=\"https:\/\/i0.wp.com\/ismaelcolosi.com.br\/wp-content\/uploads\/2023\/11\/grupo-de-empregos-whatsapp-e-facebook-ismael-colosi-vagas.jpg?ssl=1\" alt=\"\" \/><\/a><\/p>\n<!-- \/wp:image -->\n<\/div>\n<p> <br \/>\n<\/p>\n<div>\n<p><strong>Morreu nesta quarta-feira (27), aos 81 anos, o m\u00e9dico e ex-vereador de Ribeir\u00e3o Preto, Isac Jorge Filho.<\/strong><\/p>\n<p>Formado pela <strong>USP de Ribeir\u00e3o Preto<\/strong> e doutorado em Cirurgia pela Faculdade de Ci\u00eancias M\u00e9dicas da Santa Casa de S\u00e3o Paulo, <strong>foi presidente do Cremesp (Conselho Regional de Medicina do Estado de S\u00e3o Paulo) em 2005.<\/strong><\/p>\n<p><mark style=\"background-color:#fcb900\" class=\"has-inline-color\">Mineiro de Monte Carmelo e ribeir\u00e3o-pretano por t\u00edtulo outorgado pela C\u00e2mara Municipal, Isac foi <strong>vereador e secret\u00e1rio municipal de Planejamento e Desenvolvimento<\/strong> <strong>durante a primeira gest\u00e3o de Ant\u00f4nio Palocci na prefeitura de Ribeir\u00e3o Preto.<\/strong><\/mark><\/p>\n<blockquote class=\"wp-block-quote\">\n<p>\u201cDr. Isac Jorge Filho, al\u00e9m de sua memor\u00e1vel carreira m\u00e9dica, atuou como vereador pelo PSDB entre os anos de 1993 a 1996. Sua integridade e dedica\u00e7\u00e3o \u00e0s causas p\u00fablicas deixaram marcas indel\u00e9veis\u201d, disse o atual prefeito da cidade, Duarte Nogueira, por meio de nota.<\/p>\n<\/blockquote>\n<p>Como presidente da <strong>Cremesp<\/strong>, procurou adequar as condi\u00e7\u00f5es de trabalho e justa remunera\u00e7\u00e3o dos m\u00e9dicos, assim como a regulamenta\u00e7\u00e3o da profiss\u00e3o m\u00e9dica, com defini\u00e7\u00e3o de suas compet\u00eancias, a busca da qualidade dos aparelhos formadores, com interrup\u00e7\u00e3o da abertura indiscriminada de faculdades de Medicina e a constru\u00e7\u00e3o de uma entidade m\u00e9dica s\u00f3lida e forte.<\/p>\n<p>Isac foi casado com a ginecologista Leila Homsi Jorge, que morreu no ano passado. O m\u00e9dico deixa dois filhos e quatro netos.<\/p>\n<p><strong>Seu vel\u00f3rio acontece nesta quarta-feira (27), at\u00e9 \u00e0s 17h, no Memorial Parque dos Girass\u00f3is, na Sala Tulipa.<\/strong><\/p>\n<p>VEJA TAMB\u00c9M<\/p>\n<p>C\u00e2mera registra queda de marquise sobre homem em Ribeir\u00e3o Preto; V\u00eddeo<\/p>\n<h4 class=\"wp-block-heading\"><strong><mark style=\"background-color:rgba(0, 0, 0, 0)\" class=\"has-inline-color has-luminous-vivid-orange-color\">FIQUE ON<\/mark><\/strong><\/h4>\n<p>Fique ligado em tudo que acontece em Ribeir\u00e3o Preto e regi\u00e3o. Siga os perfis do\u00a0<strong>acidade on<\/strong>\u00a0no\u00a0<a href=\"https:\/\/www.instagram.com\/acidadeonribeirao\" target=\"_blank\" rel=\"noreferrer noopener\">Instagram\u00a0<\/a>e no\u00a0<a href=\"https:\/\/www.facebook.com\/acidadeonribeirao\" target=\"_blank\" rel=\"noreferrer noopener\">Facebook.<\/a><\/p>\n<p>Receba not\u00edcias do<strong>\u00a0acidade on\u00a0<\/strong>no WhatsApp.\u00a0<a href=\"https:\/\/chat.whatsapp.com\/Bnv2w66ZT4VDyZW3oiZ69n\" target=\"_blank\" rel=\"noreferrer noopener\">Para entrar no grupo, basta clicar aqui.<\/a><\/p>\n<p>Fa\u00e7a uma den\u00fancia ou sugira uma reportagem sobre a Ribeir\u00e3o Preto e regi\u00e3o pelo WhatsApp: (16) 99117 7802.<\/p>\n<p>LEIA MAIS<\/p>\n<p><a href=\"https:\/\/www.tudoep.com\/tudo-receitas\/noticias\/NOT,0,0,1869002,ovo-cozido-na-air-fryer-da-ana-maria-braga-saiba-como-fazer.aspx\" target=\"_blank\" rel=\"noreferrer noopener\">Ovo cozido na Air Fryer da Ana Maria Braga: saiba como fazer<\/a><\/p>\n<p><!-- AI CONTENT END 1 -->\n<\/div>\n<p><script async src=\"\/\/www.instagram.com\/embed.js\"><\/script><br \/>\n<br \/><br \/>\n<br \/><a href=\"https:\/\/www.acidadeon.com\/ribeiraopreto\/politica\/morre-isac-jorge-filho-medico-e-ex-vereador-de-ribeirao-preto\/\">Source link <\/a><\/p>\n<!-- CONTENT END 1 -->\n","protected":false},"excerpt":{"rendered":"<p>Morreu nesta quarta-feira (27), aos 81 anos, o m\u00e9dico e ex-vereador de Ribeir\u00e3o Preto, Isac Jorge Filho. Formado pela USP de Ribeir\u00e3o Preto e doutorado&#8230;<\/p>\n","protected":false},"author":1,"featured_media":21315,"comment_status":"open","ping_status":"open","sticky":false,"template":"","format":"standard","meta":{"advanced_seo_description":"","jetpack_seo_html_title":"","jetpack_seo_noindex":false,"jetpack_post_was_ever_published":false,"_jetpack_newsletter_access":"","_jetpack_dont_email_post_to_subs":false,"_jetpack_newsletter_tier_id":0,"_jetpack_memberships_contains_paywalled_content":false,"_jetpack_memberships_contains_paid_content":false,"footnotes":"","jetpack_publicize_message":"","jetpack_publicize_feature_enabled":true,"jetpack_social_post_already_shared":true,"jetpack_social_options":{"image_generator_settings":{"template":"highway","default_image_id":0,"font":"","enabled":false},"version":2}},"categories":[11],"tags":[2714,2313,2711,2712,2713,271,27,26],"class_list":["post-21314","post","type-post","status-publish","format-standard","has-post-thumbnail","hentry","category-noticias-de-ribeirao-preto-sp-e-regiao-ismael-colosi","tag-exvereador","tag-filho","tag-isac","tag-jorge","tag-medico","tag-morre","tag-preto","tag-ribeirao"],"jetpack_publicize_connections":[],"jetpack_featured_media_url":"https:\/\/i0.wp.com\/noticiasribeiraopreto.com.br\/wp-content\/uploads\/2023\/12\/Copia-de-Copia-de-TAMANHO-EXATO-PARA-FOTOS-NO-SISTEMA-NOVO-27.png?fit=1200%2C675&ssl=1","jetpack-related-posts":[{"id":68697,"url":"https:\/\/noticiasribeiraopreto.com.br\/index.php\/2025\/04\/28\/confessionario-tribuna-ribeirao-11\/","url_meta":{"origin":21314,"position":0},"title":"Confession\u00e1rio &#8211; Tribuna Ribeir\u00e3o","author":"noticiasribeiraopreto.com.br","date":"28 de April de 2025","format":false,"excerpt":"28 de abril de 2025 09:0027 de abril de 2025 11:2410 Compartilhar0 Luz no fim do t\u00fanel\u2026\u00a0 O presidente Isac Antunes (PL) anunciou ontem uma licita\u00e7\u00e3o para a reforma do pr\u00e9dio da C\u00e2mara Muncipal de Ribeir\u00e3o Preto, com um custo inicial estimado em R$ 6,5 milh\u00f5es. As reformas s\u00e3o estruturais\u2026","rel":"","context":"In &quot;Not\u00edcias de Ribeir\u00e3o Preto-SP e Regi\u00e3o&quot;","block_context":{"text":"Not\u00edcias de Ribeir\u00e3o Preto-SP e Regi\u00e3o","link":"https:\/\/noticiasribeiraopreto.com.br\/index.php\/category\/noticias-de-ribeirao-preto-sp-e-regiao-ismael-colosi\/"},"img":{"alt_text":"","src":"https:\/\/i0.wp.com\/noticiasribeiraopreto.com.br\/wp-content\/uploads\/2025\/04\/CamaraRP-Alfredo-Risk-Tribuna-scaled.jpg?fit=750%2C500&ssl=1&resize=350%2C200","width":350,"height":200,"srcset":"https:\/\/i0.wp.com\/noticiasribeiraopreto.com.br\/wp-content\/uploads\/2025\/04\/CamaraRP-Alfredo-Risk-Tribuna-scaled.jpg?fit=750%2C500&ssl=1&resize=350%2C200 1x, https:\/\/i0.wp.com\/noticiasribeiraopreto.com.br\/wp-content\/uploads\/2025\/04\/CamaraRP-Alfredo-Risk-Tribuna-scaled.jpg?fit=750%2C500&ssl=1&resize=525%2C300 1.5x, https:\/\/i0.wp.com\/noticiasribeiraopreto.com.br\/wp-content\/uploads\/2025\/04\/CamaraRP-Alfredo-Risk-Tribuna-scaled.jpg?fit=750%2C500&ssl=1&resize=700%2C400 2x"},"classes":[]},{"id":80350,"url":"https:\/\/noticiasribeiraopreto.com.br\/index.php\/2025\/11\/20\/morre-o-empresario-politico-e-ex-presidente-do-comercial-luiz-joaquim-antunes\/","url_meta":{"origin":21314,"position":1},"title":"Morre o empres\u00e1rio, pol\u00edtico e ex-presidente do Comercial, Luiz Joaquim Antunes","author":"noticiasribeiraopreto.com.br","date":"20 de November de 2025","format":false,"excerpt":"\r \r \r 20 de novembro de 2025 12:2420 de novembro de 2025 12:25 \r Compartilhar0 LJ, como era conhecido, \u00e9 pai do presidente da C\u00e2mara de Ribeir\u00e3o, Isac Antunes Faleceu nesta quinta-feira, (20), o empres\u00e1rio e pol\u00edtico Luiz Joaquim Antunes. Ele estava internado no Hospital Unimed h\u00e1 cerca de\u2026","rel":"","context":"In &quot;Not\u00edcias de Ribeir\u00e3o Preto-SP e Regi\u00e3o&quot;","block_context":{"text":"Not\u00edcias de Ribeir\u00e3o Preto-SP e Regi\u00e3o","link":"https:\/\/noticiasribeiraopreto.com.br\/index.php\/category\/noticias-de-ribeirao-preto-sp-e-regiao-ismael-colosi\/"},"img":{"alt_text":"","src":"https:\/\/i0.wp.com\/noticiasribeiraopreto.com.br\/wp-content\/uploads\/2025\/11\/IMG-20251120-WA0037.jpg?fit=800%2C500&ssl=1&resize=350%2C200","width":350,"height":200,"srcset":"https:\/\/i0.wp.com\/noticiasribeiraopreto.com.br\/wp-content\/uploads\/2025\/11\/IMG-20251120-WA0037.jpg?fit=800%2C500&ssl=1&resize=350%2C200 1x, https:\/\/i0.wp.com\/noticiasribeiraopreto.com.br\/wp-content\/uploads\/2025\/11\/IMG-20251120-WA0037.jpg?fit=800%2C500&ssl=1&resize=525%2C300 1.5x, https:\/\/i0.wp.com\/noticiasribeiraopreto.com.br\/wp-content\/uploads\/2025\/11\/IMG-20251120-WA0037.jpg?fit=800%2C500&ssl=1&resize=700%2C400 2x"},"classes":[]},{"id":55782,"url":"https:\/\/noticiasribeiraopreto.com.br\/index.php\/2024\/08\/06\/veja-quem-sao-os-candidatos-a-prefeitura-de-ribeirao-preto\/","url_meta":{"origin":21314,"position":2},"title":"Veja quem s\u00e3o os candidatos \u00e0 Prefeitura de Ribeir\u00e3o Preto","author":"noticiasribeiraopreto.com.br","date":"6 de August de 2024","format":false,"excerpt":"Com o fim do prazo para as conven\u00e7\u00f5es partid\u00e1rias, ficou definido que Ribeir\u00e3o Preto ter\u00e1 cinco nomes concorrendo ao cargo mais alto das elei\u00e7\u00f5es de 2024. Conforme o calend\u00e1rio eleitoral, os partidos pol\u00edticos e as federa\u00e7\u00f5es deveriam realizar suas conven\u00e7\u00f5es para a escolha das candidatas e dos candidatos aos cargos\u2026","rel":"","context":"In &quot;Not\u00edcias de Ribeir\u00e3o Preto-SP e Regi\u00e3o&quot;","block_context":{"text":"Not\u00edcias de Ribeir\u00e3o Preto-SP e Regi\u00e3o","link":"https:\/\/noticiasribeiraopreto.com.br\/index.php\/category\/noticias-de-ribeirao-preto-sp-e-regiao-ismael-colosi\/"},"img":{"alt_text":"","src":"https:\/\/i0.wp.com\/noticiasribeiraopreto.com.br\/wp-content\/uploads\/2024\/08\/Copia-de-Copia-de-TAMANHO-EXATO-PARA-FOTOS-NO-SISTEMA-NOVO-2024-08-06T151125.998_2024-08-06_18-11-48_png_2024-08-06_18-11-49.webp.webp?fit=1200%2C675&ssl=1&resize=350%2C200","width":350,"height":200,"srcset":"https:\/\/i0.wp.com\/noticiasribeiraopreto.com.br\/wp-content\/uploads\/2024\/08\/Copia-de-Copia-de-TAMANHO-EXATO-PARA-FOTOS-NO-SISTEMA-NOVO-2024-08-06T151125.998_2024-08-06_18-11-48_png_2024-08-06_18-11-49.webp.webp?fit=1200%2C675&ssl=1&resize=350%2C200 1x, https:\/\/i0.wp.com\/noticiasribeiraopreto.com.br\/wp-content\/uploads\/2024\/08\/Copia-de-Copia-de-TAMANHO-EXATO-PARA-FOTOS-NO-SISTEMA-NOVO-2024-08-06T151125.998_2024-08-06_18-11-48_png_2024-08-06_18-11-49.webp.webp?fit=1200%2C675&ssl=1&resize=525%2C300 1.5x, https:\/\/i0.wp.com\/noticiasribeiraopreto.com.br\/wp-content\/uploads\/2024\/08\/Copia-de-Copia-de-TAMANHO-EXATO-PARA-FOTOS-NO-SISTEMA-NOVO-2024-08-06T151125.998_2024-08-06_18-11-48_png_2024-08-06_18-11-49.webp.webp?fit=1200%2C675&ssl=1&resize=700%2C400 2x, https:\/\/i0.wp.com\/noticiasribeiraopreto.com.br\/wp-content\/uploads\/2024\/08\/Copia-de-Copia-de-TAMANHO-EXATO-PARA-FOTOS-NO-SISTEMA-NOVO-2024-08-06T151125.998_2024-08-06_18-11-48_png_2024-08-06_18-11-49.webp.webp?fit=1200%2C675&ssl=1&resize=1050%2C600 3x"},"classes":[]},{"id":28880,"url":"https:\/\/noticiasribeiraopreto.com.br\/index.php\/2024\/01\/16\/empresario-paulo-junqueira-pode-ser-candidato-a-vice-prefeito\/","url_meta":{"origin":21314,"position":3},"title":"Empres\u00e1rio Paulo Junqueira pode ser candidato a vice-prefeito","author":"noticiasribeiraopreto.com.br","date":"16 de January de 2024","format":false,"excerpt":"16 de janeiro de 2024 | 16:01 0O empres\u00e1rio do setor rural e advogado Paulo Junqueira, confirmou nesta ter\u00e7a-feira, 16 de janeiro, ao Tribuna Ribeir\u00e3o, que poder\u00e1 ser candidato a vice-prefeito de Ribeir\u00e3o Preto, pelo PL, na chapa que tem como pr\u00e9-candidato, o vereador e presidente da C\u00e2mara de Vereadores\u2026","rel":"","context":"In &quot;Not\u00edcias de Ribeir\u00e3o Preto-SP e Regi\u00e3o&quot;","block_context":{"text":"Not\u00edcias de Ribeir\u00e3o Preto-SP e Regi\u00e3o","link":"https:\/\/noticiasribeiraopreto.com.br\/index.php\/category\/noticias-de-ribeirao-preto-sp-e-regiao-ismael-colosi\/"},"img":{"alt_text":"","src":"https:\/\/i0.wp.com\/noticiasribeiraopreto.com.br\/wp-content\/uploads\/2024\/01\/f7378f50-b0c2-480c-87df-fd11723b1873.jpg?fit=620%2C351&ssl=1&resize=350%2C200","width":350,"height":200,"srcset":"https:\/\/i0.wp.com\/noticiasribeiraopreto.com.br\/wp-content\/uploads\/2024\/01\/f7378f50-b0c2-480c-87df-fd11723b1873.jpg?fit=620%2C351&ssl=1&resize=350%2C200 1x, https:\/\/i0.wp.com\/noticiasribeiraopreto.com.br\/wp-content\/uploads\/2024\/01\/f7378f50-b0c2-480c-87df-fd11723b1873.jpg?fit=620%2C351&ssl=1&resize=525%2C300 1.5x"},"classes":[]},{"id":40507,"url":"https:\/\/noticiasribeiraopreto.com.br\/index.php\/2024\/03\/04\/morre-o-ex-prefeito-de-ribeirao-preto-welson-gasparini-aos-87-anos\/","url_meta":{"origin":21314,"position":4},"title":"Morre o ex-prefeito de Ribeir\u00e3o Preto Welson Gasparini, aos 87 anos","author":"noticiasribeiraopreto.com.br","date":"4 de March de 2024","format":false,"excerpt":"Morreu nesta segunda-feira (4), o ex-prefeito de Ribeir\u00e3o Preto, Welson Gasparini, aos 87 anos. Gasparini estava internado no Hospital Unimed, em Bonfim Paulista, h\u00e1 duas semanas. A informa\u00e7\u00e3o foi confirmada pelo vereador Maur\u00edcio Gasparini (Uni\u00e3o), filho do ex-prefeito. Gasparini sofria de problemas card\u00edacos e chegou a passar por uma cirurgia\u2026","rel":"","context":"In &quot;Not\u00edcias de Ribeir\u00e3o Preto-SP e Regi\u00e3o&quot;","block_context":{"text":"Not\u00edcias de Ribeir\u00e3o Preto-SP e Regi\u00e3o","link":"https:\/\/noticiasribeiraopreto.com.br\/index.php\/category\/noticias-de-ribeirao-preto-sp-e-regiao-ismael-colosi\/"},"img":{"alt_text":"","src":"https:\/\/i0.wp.com\/noticiasribeiraopreto.com.br\/wp-content\/uploads\/2024\/03\/gasparini.jpg?fit=1200%2C800&ssl=1&resize=350%2C200","width":350,"height":200,"srcset":"https:\/\/i0.wp.com\/noticiasribeiraopreto.com.br\/wp-content\/uploads\/2024\/03\/gasparini.jpg?fit=1200%2C800&ssl=1&resize=350%2C200 1x, https:\/\/i0.wp.com\/noticiasribeiraopreto.com.br\/wp-content\/uploads\/2024\/03\/gasparini.jpg?fit=1200%2C800&ssl=1&resize=525%2C300 1.5x, https:\/\/i0.wp.com\/noticiasribeiraopreto.com.br\/wp-content\/uploads\/2024\/03\/gasparini.jpg?fit=1200%2C800&ssl=1&resize=700%2C400 2x, https:\/\/i0.wp.com\/noticiasribeiraopreto.com.br\/wp-content\/uploads\/2024\/03\/gasparini.jpg?fit=1200%2C800&ssl=1&resize=1050%2C600 3x"},"classes":[]},{"id":62445,"url":"https:\/\/noticiasribeiraopreto.com.br\/index.php\/2025\/01\/14\/ex-vereador-da-regiao-de-ribeirao-preto-morre-em-acidente-entre-moto-e-onibus\/","url_meta":{"origin":21314,"position":5},"title":"Ex-vereador da regi\u00e3o de Ribeir\u00e3o Preto morre em acidente entre moto e \u00f4nibus","author":"noticiasribeiraopreto.com.br","date":"14 de January de 2025","format":false,"excerpt":"Pedro Ant\u00f4nio de Freitas, ex-vereador da cidade de Luiz Ant\u00f4nio, na regi\u00e3o de Ribeir\u00e3o Preto, morreu em um acidente na tarde desta ter\u00e7a-feira (14). De acordo com familiares, a v\u00edtima estava de moto, voltando para o trabalho, quando foi atingido por um \u00f4nibus. Pedro Freitas era filiado ao Partido Social\u2026","rel":"","context":"In &quot;Not\u00edcias de Ribeir\u00e3o Preto-SP e Regi\u00e3o&quot;","block_context":{"text":"Not\u00edcias de Ribeir\u00e3o Preto-SP e Regi\u00e3o","link":"https:\/\/noticiasribeiraopreto.com.br\/index.php\/category\/noticias-de-ribeirao-preto-sp-e-regiao-ismael-colosi\/"},"img":{"alt_text":"","src":"https:\/\/i0.wp.com\/noticiasribeiraopreto.com.br\/wp-content\/uploads\/2025\/01\/Copia-de-Copia-de-Copia-de-TAMANHO-EXATO-PARA-FOTOS-NO-SISTEMA-NOVO-2025-01-14T180631.904_2025-01-14_21-08-08_png_2025-01-14_21-08-08.webp.webp?fit=1200%2C675&ssl=1&resize=350%2C200","width":350,"height":200,"srcset":"https:\/\/i0.wp.com\/noticiasribeiraopreto.com.br\/wp-content\/uploads\/2025\/01\/Copia-de-Copia-de-Copia-de-TAMANHO-EXATO-PARA-FOTOS-NO-SISTEMA-NOVO-2025-01-14T180631.904_2025-01-14_21-08-08_png_2025-01-14_21-08-08.webp.webp?fit=1200%2C675&ssl=1&resize=350%2C200 1x, https:\/\/i0.wp.com\/noticiasribeiraopreto.com.br\/wp-content\/uploads\/2025\/01\/Copia-de-Copia-de-Copia-de-TAMANHO-EXATO-PARA-FOTOS-NO-SISTEMA-NOVO-2025-01-14T180631.904_2025-01-14_21-08-08_png_2025-01-14_21-08-08.webp.webp?fit=1200%2C675&ssl=1&resize=525%2C300 1.5x, https:\/\/i0.wp.com\/noticiasribeiraopreto.com.br\/wp-content\/uploads\/2025\/01\/Copia-de-Copia-de-Copia-de-TAMANHO-EXATO-PARA-FOTOS-NO-SISTEMA-NOVO-2025-01-14T180631.904_2025-01-14_21-08-08_png_2025-01-14_21-08-08.webp.webp?fit=1200%2C675&ssl=1&resize=700%2C400 2x, https:\/\/i0.wp.com\/noticiasribeiraopreto.com.br\/wp-content\/uploads\/2025\/01\/Copia-de-Copia-de-Copia-de-TAMANHO-EXATO-PARA-FOTOS-NO-SISTEMA-NOVO-2025-01-14T180631.904_2025-01-14_21-08-08_png_2025-01-14_21-08-08.webp.webp?fit=1200%2C675&ssl=1&resize=1050%2C600 3x"},"classes":[]}],"jetpack_sharing_enabled":true,"jetpack_shortlink":"https:\/\/wp.me\/peQAOb-5xM","_links":{"self":[{"href":"https:\/\/noticiasribeiraopreto.com.br\/index.php\/wp-json\/wp\/v2\/posts\/21314","targetHints":{"allow":["GET"]}}],"collection":[{"href":"https:\/\/noticiasribeiraopreto.com.br\/index.php\/wp-json\/wp\/v2\/posts"}],"about":[{"href":"https:\/\/noticiasribeiraopreto.com.br\/index.php\/wp-json\/wp\/v2\/types\/post"}],"author":[{"embeddable":true,"href":"https:\/\/noticiasribeiraopreto.com.br\/index.php\/wp-json\/wp\/v2\/users\/1"}],"replies":[{"embeddable":true,"href":"https:\/\/noticiasribeiraopreto.com.br\/index.php\/wp-json\/wp\/v2\/comments?post=21314"}],"version-history":[{"count":0,"href":"https:\/\/noticiasribeiraopreto.com.br\/index.php\/wp-json\/wp\/v2\/posts\/21314\/revisions"}],"wp:featuredmedia":[{"embeddable":true,"href":"https:\/\/noticiasribeiraopreto.com.br\/index.php\/wp-json\/wp\/v2\/media\/21315"}],"wp:attachment":[{"href":"https:\/\/noticiasribeiraopreto.com.br\/index.php\/wp-json\/wp\/v2\/media?parent=21314"}],"wp:term":[{"taxonomy":"category","embeddable":true,"href":"https:\/\/noticiasribeiraopreto.com.br\/index.php\/wp-json\/wp\/v2\/categories?post=21314"},{"taxonomy":"post_tag","embeddable":true,"href":"https:\/\/noticiasribeiraopreto.com.br\/index.php\/wp-json\/wp\/v2\/tags?post=21314"}],"curies":[{"name":"wp","href":"https:\/\/api.w.org\/{rel}","templated":true}]}}