{"id":21318,"date":"2023-12-27T15:07:46","date_gmt":"2023-12-27T18:07:46","guid":{"rendered":"https:\/\/noticiasribeiraopreto.com.br\/index.php\/2023\/12\/27\/vini-jr-e-o-unico-brasileiro-entre-os-10-melhores-do-mundo\/"},"modified":"2023-12-27T15:07:46","modified_gmt":"2023-12-27T18:07:46","slug":"vini-jr-e-o-unico-brasileiro-entre-os-10-melhores-do-mundo","status":"publish","type":"post","link":"https:\/\/noticiasribeiraopreto.com.br\/index.php\/2023\/12\/27\/vini-jr-e-o-unico-brasileiro-entre-os-10-melhores-do-mundo\/","title":{"rendered":"Vini Jr. \u00e9 o \u00fanico brasileiro entre os 10 melhores do mundo"},"content":{"rendered":"<div class='code-block code-block-1' style='margin: 8px 0 8px auto; text-align: right; display: block; clear: both;'>\n<p><a href=\"https:\/\/wa.link\/vpicfd\"><img data-recalc-dims=\"1\" class=\"wp-image-4922\" style=\"aspect-ratio: 2.0253164556962027; width: 561px; height: auto;\" src=\"https:\/\/i0.wp.com\/ismaelcolosi.com.br\/wp-content\/uploads\/2023\/11\/grupo-de-empregos-whatsapp-e-facebook-ismael-colosi-vagas.jpg?ssl=1\" alt=\"\" \/><\/a><\/p>\n<!-- \/wp:image -->\n<\/div>\n<p> <br \/>\n<\/p>\n<div>\n<div id=\"attachment_587678\" class=\"wp-caption alignnone style=\" max-width:=\"\"><img data-recalc-dims=\"1\" fetchpriority=\"high\" decoding=\"async\" class=\"alignnone wp-image-587678 size-full\" src=\"https:\/\/i0.wp.com\/forbes.com.br\/wp-content\/uploads\/2023\/12\/carreira-vini-jr-premio-768x512.jpg?resize=678%2C452&#038;ssl=1\" http:=\"\" alt=\"Vinicius J\u00fanior\" width=\"678\" height=\"452\" data-lazy-src=\"https:\/\/forbes.com.br\/wp-content\/uploads\/2023\/12\/carreira-vini-jr-premio-768x512.jpg\"\/><noscript><img data-recalc-dims=\"1\" fetchpriority=\"high\" decoding=\"async\" class=\"alignnone wp-image-587678 size-full\" src=\"https:\/\/i0.wp.com\/forbes.com.br\/wp-content\/uploads\/2023\/12\/carreira-vini-jr-premio-768x512.jpg?resize=678%2C452&#038;ssl=1\" alt=\"Vinicius J\u00fanior\" width=\"678\" height=\"452\"\/><\/noscript><\/p>\n<p class=\"wp-caption-text\">Vini Jr. deve ficar fora de campo at\u00e9 fevereiro por conta de les\u00e3o sofrida em um jogo da Sele\u00e7\u00e3o Brasileira em novembro<\/p>\n<\/div>\n<p>Vini Jr., que joga no Real Madrid e pela Sele\u00e7\u00e3o Brasileira, \u00e9 o \u00fanico brasileiro na lista dos melhores do mundo da IFFHS (Federa\u00e7\u00e3o Internacional de Hist\u00f3ria e Estat\u00edstica do Futebol), em 9\u00ba lugar.<\/p>\n<p>O holand\u00eas do Manchester City Erling Haaland foi o primeiro do ranking, seguido por Kylian Mbapp\u00e9 (PSG) e Lionel Messi (Inter Miami).<\/p>\n<ul>\n<li>\n<h3>Siga a <a href=\"https:\/\/whatsapp.com\/channel\/0029Va9gQKwBFLgM96cJnu0u\" target=\"_blank\" rel=\"noopener\">Forbes<\/a> no WhatsApp e receba as principais not\u00edcias sobre neg\u00f3cios, carreira, tecnologia e estilo de vida<\/h3>\n<\/li>\n<\/ul>\n<p>Neste ano, o jogador brasileiro ficou em sexto lugar no ranking Bola de Ouro, realizado pela revista francesa France Football. No mesmo evento, recebeu o Pr\u00eamio S\u00f3crates, dado ao jogador mais envolvido com projetos sociais, pelo seu trabalho no Instituto Vini Jr. A organiza\u00e7\u00e3o tem como objetivo melhorar a educa\u00e7\u00e3o em escolas p\u00fablicas brasileiras com tecnologia e esporte.<\/p>\n<p>Entretanto, Vini Jr., assim como outros jogadores da Sele\u00e7\u00e3o Brasileira, ficou de fora da indica\u00e7\u00e3o para o pr\u00eamio de melhor jogador do mundo. Com Mbapp\u00e9, Messi e Haaland nos finalistas, a premia\u00e7\u00e3o ser\u00e1 no pr\u00f3ximo dia 15.<\/p>\n<p><strong>Leia tamb\u00e9m<\/strong><\/p>\n<p>O brasileiro foi eleito melhor jogador do Real Madrid na temporada 2022\/23, tendo feito 23 gols e participado de 19 assist\u00eancias. Mas deve ficar fora de campo at\u00e9 fevereiro por uma les\u00e3o no jogo da Sele\u00e7\u00e3o em novembro.<\/p>\n<h2>Vini Jr. nos neg\u00f3cios<\/h2>\n<p>O jogador se tornou s\u00f3cio e embaixador da LOUD, uma das maiores organiza\u00e7\u00f5es de e-sports da Am\u00e9rica Latina, no \u00faltimo dia 14. Como parte da parceria, Vinicius Junior vai participar de conte\u00fados e experi\u00eancias da organiza\u00e7\u00e3o, al\u00e9m de fomentar iniciativas relacionadas \u00e0 educa\u00e7\u00e3o e ao seu instituto.<\/p>\n<\/div>\n<p><script type=\"rocketlazyloadscript\">\n\t\t\t\t(function(d, s, id){\n\t\t\t\t\tvar js, fjs = d.getElementsByTagName(s)[0];\n\t\t\t\t\tif (d.getElementById(id)) return;\n\t\t\t\t\tjs = d.createElement(s); js.id = id;\n\t\t\t\t\tjs.src = \"\/\/connect.facebook.net\/pt_BR\/sdk.js#xfbml=1&version=v2.9\";\n\t\t\t\t\tfjs.parentNode.insertBefore(js, fjs);\n\t\t\t\t}(document, 'script', 'facebook-jssdk'));\n\t\t\t<\/script><br \/>\n<br \/><br \/>\n<br \/><a href=\"https:\/\/forbes.com.br\/carreira\/2023\/12\/vinicius-junior-e-o-unico-brasileiro-entre-os-10-melhores-jogadores-de-futebol-do-mundo\/\">Source link <\/a><\/p>\n<!-- CONTENT END 1 -->\n","protected":false},"excerpt":{"rendered":"<p>Vini Jr. deve ficar fora de campo at\u00e9 fevereiro por conta de les\u00e3o sofrida em um jogo da Sele\u00e7\u00e3o Brasileira em novembro Vini Jr., que&#8230;<\/p>\n","protected":false},"author":1,"featured_media":21319,"comment_status":"open","ping_status":"open","sticky":false,"template":"","format":"standard","meta":{"advanced_seo_description":"","jetpack_seo_html_title":"","jetpack_seo_noindex":false,"jetpack_post_was_ever_published":false,"_jetpack_newsletter_access":"","_jetpack_dont_email_post_to_subs":false,"_jetpack_newsletter_tier_id":0,"_jetpack_memberships_contains_paywalled_content":false,"_jetpack_memberships_contains_paid_content":false,"footnotes":"","jetpack_publicize_message":"","jetpack_publicize_feature_enabled":true,"jetpack_social_post_already_shared":true,"jetpack_social_options":{"image_generator_settings":{"template":"highway","default_image_id":0,"font":"","enabled":false},"version":2}},"categories":[1],"tags":[],"class_list":["post-21318","post","type-post","status-publish","format-standard","has-post-thumbnail","hentry","category-blog"],"jetpack_publicize_connections":[],"jetpack_featured_media_url":"https:\/\/i0.wp.com\/noticiasribeiraopreto.com.br\/wp-content\/uploads\/2023\/12\/carreira-vini-jr-premio-1024x683.jpg?fit=1024%2C683&ssl=1","jetpack-related-posts":[{"id":78473,"url":"https:\/\/noticiasribeiraopreto.com.br\/index.php\/2025\/10\/11\/selecao-brasileira-goleia-coreia-do-sul\/","url_meta":{"origin":21318,"position":0},"title":"Sele\u00e7\u00e3o brasileira goleia Coreia do Sul\u00a0","author":"noticiasribeiraopreto.com.br","date":"11 de October de 2025","format":false,"excerpt":"11 de outubro de 2025 10:3011 de outubro de 2025 02:239 Compartilhar0 O Brasil venceu, convenceu e encantou. A sele\u00e7\u00e3o venceu de goleada o amistoso contra a Coreia do Sul, nesta sexta-feira (10), em Seul. O quarteto de ataque escalado por Carlo Ancelotti brilhou e o time aplicou 5 a\u2026","rel":"","context":"In &quot;Not\u00edcias de Ribeir\u00e3o Preto-SP e Regi\u00e3o&quot;","block_context":{"text":"Not\u00edcias de Ribeir\u00e3o Preto-SP e Regi\u00e3o","link":"https:\/\/noticiasribeiraopreto.com.br\/index.php\/category\/noticias-de-ribeirao-preto-sp-e-regiao-ismael-colosi\/"},"img":{"alt_text":"","src":"https:\/\/i0.wp.com\/noticiasribeiraopreto.com.br\/wp-content\/uploads\/2025\/10\/1-Coreia-do-Sul-x-Brasil-Rafael-Ribeiro_CBF.jpg?fit=799%2C534&ssl=1&resize=350%2C200","width":350,"height":200,"srcset":"https:\/\/i0.wp.com\/noticiasribeiraopreto.com.br\/wp-content\/uploads\/2025\/10\/1-Coreia-do-Sul-x-Brasil-Rafael-Ribeiro_CBF.jpg?fit=799%2C534&ssl=1&resize=350%2C200 1x, https:\/\/i0.wp.com\/noticiasribeiraopreto.com.br\/wp-content\/uploads\/2025\/10\/1-Coreia-do-Sul-x-Brasil-Rafael-Ribeiro_CBF.jpg?fit=799%2C534&ssl=1&resize=525%2C300 1.5x, https:\/\/i0.wp.com\/noticiasribeiraopreto.com.br\/wp-content\/uploads\/2025\/10\/1-Coreia-do-Sul-x-Brasil-Rafael-Ribeiro_CBF.jpg?fit=799%2C534&ssl=1&resize=700%2C400 2x"},"classes":[]},{"id":66190,"url":"https:\/\/noticiasribeiraopreto.com.br\/index.php\/2025\/03\/28\/dorival-junior-e-demitido-da-selecao-brasileira-apos-goleada-para-argentina\/","url_meta":{"origin":21318,"position":1},"title":"Dorival J\u00fanior \u00e9 demitido da sele\u00e7\u00e3o brasileira ap\u00f3s goleada para Argentina","author":"noticiasribeiraopreto.com.br","date":"28 de March de 2025","format":false,"excerpt":"Dorival J\u00fanior n\u00e3o \u00e9 mais t\u00e9cnico da sele\u00e7\u00e3o brasileira. Ap\u00f3s reuni\u00e3o com Ednaldo Rodrigues, presidente da CBF, nesta sexta-feira (28), no Rio de Janeiro, o treinador foi demitido do comando depois de 14 meses em que acumulou fracassos. O estopim foi o \u201cbaile\u201d sofrido contra a Argentina na ter\u00e7a-feira (25),\u2026","rel":"","context":"In &quot;Not\u00edcias de Ribeir\u00e3o Preto-SP e Regi\u00e3o&quot;","block_context":{"text":"Not\u00edcias de Ribeir\u00e3o Preto-SP e Regi\u00e3o","link":"https:\/\/noticiasribeiraopreto.com.br\/index.php\/category\/noticias-de-ribeirao-preto-sp-e-regiao-ismael-colosi\/"},"img":{"alt_text":"","src":"https:\/\/i0.wp.com\/noticiasribeiraopreto.com.br\/wp-content\/uploads\/2025\/03\/dorival-junior.jpeg?fit=910%2C607&ssl=1&resize=350%2C200","width":350,"height":200,"srcset":"https:\/\/i0.wp.com\/noticiasribeiraopreto.com.br\/wp-content\/uploads\/2025\/03\/dorival-junior.jpeg?fit=910%2C607&ssl=1&resize=350%2C200 1x, https:\/\/i0.wp.com\/noticiasribeiraopreto.com.br\/wp-content\/uploads\/2025\/03\/dorival-junior.jpeg?fit=910%2C607&ssl=1&resize=525%2C300 1.5x, https:\/\/i0.wp.com\/noticiasribeiraopreto.com.br\/wp-content\/uploads\/2025\/03\/dorival-junior.jpeg?fit=910%2C607&ssl=1&resize=700%2C400 2x"},"classes":[]},{"id":82522,"url":"https:\/\/noticiasribeiraopreto.com.br\/index.php\/2026\/02\/17\/vini-jr-marca-golaco-e-denuncia-caso-de-racismo-em-liga-dos-campeoes\/","url_meta":{"origin":21318,"position":2},"title":"Vini Jr marca gola\u00e7o e denuncia caso de racismo em Liga dos Campe\u00f5es","author":"noticiasribeiraopreto.com.br","date":"17 de February de 2026","format":false,"excerpt":"\r \r \r 17 de fevereiro de 2026 20:23 \r Compartilhar0 O atacante Vin\u00edcius J\u00fanior denunciou ter sido v\u00edtima de racismo na vit\u00f3ria de seu clube, o Real Madrid, da Espanha, sobre o Benfica, de Portugal, por 1 a 0, pelo mata-mata da Liga dos Campe\u00f5es da Europa. O epis\u00f3dio\u2026","rel":"","context":"In &quot;Not\u00edcias de Ribeir\u00e3o Preto-SP e Regi\u00e3o&quot;","block_context":{"text":"Not\u00edcias de Ribeir\u00e3o Preto-SP e Regi\u00e3o","link":"https:\/\/noticiasribeiraopreto.com.br\/index.php\/category\/noticias-de-ribeirao-preto-sp-e-regiao-ismael-colosi\/"},"img":{"alt_text":"","src":"https:\/\/i0.wp.com\/noticiasribeiraopreto.com.br\/wp-content\/uploads\/2026\/02\/vini-jr.webp.webp?fit=1170%2C700&ssl=1&resize=350%2C200","width":350,"height":200,"srcset":"https:\/\/i0.wp.com\/noticiasribeiraopreto.com.br\/wp-content\/uploads\/2026\/02\/vini-jr.webp.webp?fit=1170%2C700&ssl=1&resize=350%2C200 1x, https:\/\/i0.wp.com\/noticiasribeiraopreto.com.br\/wp-content\/uploads\/2026\/02\/vini-jr.webp.webp?fit=1170%2C700&ssl=1&resize=525%2C300 1.5x, https:\/\/i0.wp.com\/noticiasribeiraopreto.com.br\/wp-content\/uploads\/2026\/02\/vini-jr.webp.webp?fit=1170%2C700&ssl=1&resize=700%2C400 2x, https:\/\/i0.wp.com\/noticiasribeiraopreto.com.br\/wp-content\/uploads\/2026\/02\/vini-jr.webp.webp?fit=1170%2C700&ssl=1&resize=1050%2C600 3x"},"classes":[]},{"id":76250,"url":"https:\/\/noticiasribeiraopreto.com.br\/index.php\/2025\/08\/25\/ancelotti-convoca-selecao-com-9-novidades-mas-sem-neymar\/","url_meta":{"origin":21318,"position":3},"title":"Ancelotti convoca Sele\u00e7\u00e3o com 9 novidades, mas sem Neymar","author":"noticiasribeiraopreto.com.br","date":"25 de August de 2025","format":false,"excerpt":"Com volta de Lucas Paquet\u00e1 e sem Neymar e as aus\u00eancias de Vini Jr e Rodrygo, o t\u00e9cnico Carlo Ancelotti convocou hoje a sele\u00e7\u00e3o brasileira para as duas rodadas finais das Eliminat\u00f3rias Sul-Americanas para a Copa do Mundo de 2026. O Brasil \u00e9 o terceiro colocado, com 25 pontos e\u2026","rel":"","context":"In &quot;Not\u00edcias de Ribeir\u00e3o Preto-SP e Regi\u00e3o&quot;","block_context":{"text":"Not\u00edcias de Ribeir\u00e3o Preto-SP e Regi\u00e3o","link":"https:\/\/noticiasribeiraopreto.com.br\/index.php\/category\/noticias-de-ribeirao-preto-sp-e-regiao-ismael-colosi\/"},"img":{"alt_text":"","src":"https:\/\/i0.wp.com\/noticiasribeiraopreto.com.br\/wp-content\/uploads\/2025\/08\/ancelotti-1-scaled.jpeg?fit=1151%2C780&ssl=1&resize=350%2C200","width":350,"height":200,"srcset":"https:\/\/i0.wp.com\/noticiasribeiraopreto.com.br\/wp-content\/uploads\/2025\/08\/ancelotti-1-scaled.jpeg?fit=1151%2C780&ssl=1&resize=350%2C200 1x, https:\/\/i0.wp.com\/noticiasribeiraopreto.com.br\/wp-content\/uploads\/2025\/08\/ancelotti-1-scaled.jpeg?fit=1151%2C780&ssl=1&resize=525%2C300 1.5x, https:\/\/i0.wp.com\/noticiasribeiraopreto.com.br\/wp-content\/uploads\/2025\/08\/ancelotti-1-scaled.jpeg?fit=1151%2C780&ssl=1&resize=700%2C400 2x, https:\/\/i0.wp.com\/noticiasribeiraopreto.com.br\/wp-content\/uploads\/2025\/08\/ancelotti-1-scaled.jpeg?fit=1151%2C780&ssl=1&resize=1050%2C600 3x"},"classes":[]},{"id":70458,"url":"https:\/\/noticiasribeiraopreto.com.br\/index.php\/2025\/05\/26\/natural-de-franca-estevao-aparece-na-primeira-convocacao-de-ancelotti\/","url_meta":{"origin":21318,"position":4},"title":"Natural de Franca, Est\u00eav\u00e3o aparece na primeira convoca\u00e7\u00e3o de Ancelotti","author":"noticiasribeiraopreto.com.br","date":"26 de May de 2025","format":false,"excerpt":"O atacante Est\u00eav\u00e3o, natural de Franca, apareceu na primeira convoca\u00e7\u00e3o de Carlo Ancelotti na sele\u00e7\u00e3o brasileira. O italiano fez a primeira convoca\u00e7\u00e3o ap\u00f3s ser apresentado em um hotel no Rio de Janeiro, na tarde desta segunda-feira (26) \u2013 veja abaixo. A sele\u00e7\u00e3o brasileira se apresenta no dia 2 de junho.\u2026","rel":"","context":"In &quot;Not\u00edcias de Ribeir\u00e3o Preto-SP e Regi\u00e3o&quot;","block_context":{"text":"Not\u00edcias de Ribeir\u00e3o Preto-SP e Regi\u00e3o","link":"https:\/\/noticiasribeiraopreto.com.br\/index.php\/category\/noticias-de-ribeirao-preto-sp-e-regiao-ismael-colosi\/"},"img":{"alt_text":"","src":"https:\/\/i0.wp.com\/noticiasribeiraopreto.com.br\/wp-content\/uploads\/2024\/09\/estevao_2024-09-07_14-37-10_jpg_2024-09-07_14-37-10.webp.webp?fit=1080%2C792&ssl=1&resize=350%2C200","width":350,"height":200,"srcset":"https:\/\/i0.wp.com\/noticiasribeiraopreto.com.br\/wp-content\/uploads\/2024\/09\/estevao_2024-09-07_14-37-10_jpg_2024-09-07_14-37-10.webp.webp?fit=1080%2C792&ssl=1&resize=350%2C200 1x, https:\/\/i0.wp.com\/noticiasribeiraopreto.com.br\/wp-content\/uploads\/2024\/09\/estevao_2024-09-07_14-37-10_jpg_2024-09-07_14-37-10.webp.webp?fit=1080%2C792&ssl=1&resize=525%2C300 1.5x, https:\/\/i0.wp.com\/noticiasribeiraopreto.com.br\/wp-content\/uploads\/2024\/09\/estevao_2024-09-07_14-37-10_jpg_2024-09-07_14-37-10.webp.webp?fit=1080%2C792&ssl=1&resize=700%2C400 2x, https:\/\/i0.wp.com\/noticiasribeiraopreto.com.br\/wp-content\/uploads\/2024\/09\/estevao_2024-09-07_14-37-10_jpg_2024-09-07_14-37-10.webp.webp?fit=1080%2C792&ssl=1&resize=1050%2C600 3x"},"classes":[]},{"id":25296,"url":"https:\/\/noticiasribeiraopreto.com.br\/index.php\/2024\/01\/06\/de-soldado-do-exercito-a-unico-tetracampeao-mundial-de-futebol-veja-os-numeros-da-carreira-de-zagallo\/","url_meta":{"origin":21318,"position":5},"title":"De soldado do Ex\u00e9rcito a \u00fanico tetracampe\u00e3o mundial de futebol; veja os n\u00fameros da carreira de Zagallo\u00a0","author":"noticiasribeiraopreto.com.br","date":"6 de January de 2024","format":false,"excerpt":"O futebol e o Brasil est\u00e3o de luto mais uma vez. Depois de um ano e uma semana da morte do Rei Pel\u00e9, hoje o dia \u00e9 de despedida do \u201cVelho Lobo\u201d, o Zagallo.\u00a0 A lenda M\u00e1rio Jorge Lobo Zagallo se despediu do campo da vida nesta sexta-feira (5), no\u2026","rel":"","context":"In &quot;Dinheiro e Investimento&quot;","block_context":{"text":"Dinheiro e Investimento","link":"https:\/\/noticiasribeiraopreto.com.br\/index.php\/category\/dinheiro-e-investimento-como-fazer-como-ganhar\/"},"img":{"alt_text":"","src":"https:\/\/i0.wp.com\/noticiasribeiraopreto.com.br\/wp-content\/uploads\/2024\/01\/Design-sem-nome-8-715x402.png?fit=715%2C402&ssl=1&resize=350%2C200","width":350,"height":200,"srcset":"https:\/\/i0.wp.com\/noticiasribeiraopreto.com.br\/wp-content\/uploads\/2024\/01\/Design-sem-nome-8-715x402.png?fit=715%2C402&ssl=1&resize=350%2C200 1x, https:\/\/i0.wp.com\/noticiasribeiraopreto.com.br\/wp-content\/uploads\/2024\/01\/Design-sem-nome-8-715x402.png?fit=715%2C402&ssl=1&resize=525%2C300 1.5x, https:\/\/i0.wp.com\/noticiasribeiraopreto.com.br\/wp-content\/uploads\/2024\/01\/Design-sem-nome-8-715x402.png?fit=715%2C402&ssl=1&resize=700%2C400 2x"},"classes":[]}],"jetpack_sharing_enabled":true,"jetpack_shortlink":"https:\/\/wp.me\/peQAOb-5xQ","_links":{"self":[{"href":"https:\/\/noticiasribeiraopreto.com.br\/index.php\/wp-json\/wp\/v2\/posts\/21318","targetHints":{"allow":["GET"]}}],"collection":[{"href":"https:\/\/noticiasribeiraopreto.com.br\/index.php\/wp-json\/wp\/v2\/posts"}],"about":[{"href":"https:\/\/noticiasribeiraopreto.com.br\/index.php\/wp-json\/wp\/v2\/types\/post"}],"author":[{"embeddable":true,"href":"https:\/\/noticiasribeiraopreto.com.br\/index.php\/wp-json\/wp\/v2\/users\/1"}],"replies":[{"embeddable":true,"href":"https:\/\/noticiasribeiraopreto.com.br\/index.php\/wp-json\/wp\/v2\/comments?post=21318"}],"version-history":[{"count":0,"href":"https:\/\/noticiasribeiraopreto.com.br\/index.php\/wp-json\/wp\/v2\/posts\/21318\/revisions"}],"wp:featuredmedia":[{"embeddable":true,"href":"https:\/\/noticiasribeiraopreto.com.br\/index.php\/wp-json\/wp\/v2\/media\/21319"}],"wp:attachment":[{"href":"https:\/\/noticiasribeiraopreto.com.br\/index.php\/wp-json\/wp\/v2\/media?parent=21318"}],"wp:term":[{"taxonomy":"category","embeddable":true,"href":"https:\/\/noticiasribeiraopreto.com.br\/index.php\/wp-json\/wp\/v2\/categories?post=21318"},{"taxonomy":"post_tag","embeddable":true,"href":"https:\/\/noticiasribeiraopreto.com.br\/index.php\/wp-json\/wp\/v2\/tags?post=21318"}],"curies":[{"name":"wp","href":"https:\/\/api.w.org\/{rel}","templated":true}]}}