{"id":21324,"date":"2023-12-27T15:19:36","date_gmt":"2023-12-27T18:19:36","guid":{"rendered":"https:\/\/noticiasribeiraopreto.com.br\/index.php\/2023\/12\/27\/2024-tera-pis-pasep-com-valor-maior-nestas-datas-confira\/"},"modified":"2023-12-27T15:19:36","modified_gmt":"2023-12-27T18:19:36","slug":"2024-tera-pis-pasep-com-valor-maior-nestas-datas-confira","status":"publish","type":"post","link":"https:\/\/noticiasribeiraopreto.com.br\/index.php\/2023\/12\/27\/2024-tera-pis-pasep-com-valor-maior-nestas-datas-confira\/","title":{"rendered":"2024 ter\u00e1 PIS\/Pasep com valor maior nestas datas; confira"},"content":{"rendered":"<div class='code-block code-block-1' style='margin: 8px 0 8px auto; text-align: right; display: block; clear: both;'>\n<p><a href=\"https:\/\/wa.link\/vpicfd\"><img data-recalc-dims=\"1\" class=\"wp-image-4922\" style=\"aspect-ratio: 2.0253164556962027; width: 561px; height: auto;\" src=\"https:\/\/i0.wp.com\/ismaelcolosi.com.br\/wp-content\/uploads\/2023\/11\/grupo-de-empregos-whatsapp-e-facebook-ismael-colosi-vagas.jpg?ssl=1\" alt=\"\" \/><\/a><\/p>\n<!-- \/wp:image -->\n<\/div>\n<p> <br \/>\n<\/p>\n<div>\n<p>O Conselho Deliberativo do Fundo de Amparo do Trabalhador (<a href=\"https:\/\/portalfat.mte.gov.br\/codefat\/\" target=\"_blank\" rel=\"noopener\">Codefat<\/a>), aprovou o calend\u00e1rio de pagamento do <a href=\"https:\/\/catracalivre.com.br\/cidadania\/pis-pasep-voce-pode-ser-uma-das-500-mil-pessoas-que-tem-r1-320-para-sacar\/\">Abono Salarial<\/a> PIS\/Pasep de 2024, relativo ao ano-base 2022.<\/p>\n<div id=\"attachment_2285013\" class=\"wp-caption aligncenter\">\n<div class=\"d-flex justify-content-center\" data-attachment-id=\"2285013\">\n<div class=\"position-relative d-inline-block\"><img data-recalc-dims=\"1\" data-portal-copyright=\"Istock\/RHJ\" fetchpriority=\"high\" decoding=\"async\" class=\"size-large wp-image-2285013\" src=\"https:\/\/i0.wp.com\/catracalivre.com.br\/wp-content\/uploads\/2023\/07\/istock-1222011599-910x607.jpg?resize=910%2C607&#038;ssl=1\" alt=\"2024 ter\u00e1 PIS\/Pasep com valor maior nestas datas; confira\" width=\"910\" height=\"607\" srcset=\"https:\/\/catracalivre.com.br\/wp-content\/uploads\/2023\/07\/istock-1222011599-910x607.jpg 910w, https:\/\/catracalivre.com.br\/wp-content\/uploads\/2023\/07\/istock-1222011599-450x300.jpg 450w, https:\/\/catracalivre.com.br\/wp-content\/uploads\/2023\/07\/istock-1222011599-768x512.jpg 768w\" sizes=\"(max-width: 910px) 100vw, 910px\"\/><\/p>\n<p>Cr\u00e9ditos: Istock\/RHJ<\/p>\n<\/div>\n<\/div>\n<p><span class=\"post-imagem__legenda\">2024 ter\u00e1 PIS\/Pasep com valor maior nestas datas; confira<\/span><\/p>\n<\/div>\n<p>A estimativa \u00e9 que cerca de 24,5 milh\u00f5es de <a href=\"https:\/\/catracalivre.com.br\/cidadania\/nova-medida-relacionada-ao-mei-ameaca-trabalhadores\/\">trabalhadores<\/a> recebam o abono salarial, um disp\u00eandio de R$ 23,9 bilh\u00f5es.<\/p>\n<p><strong> O pagamento do PIS e do Pasep ser\u00e1 de acordo com a data de anivers\u00e1rio do benefici\u00e1rio<\/strong>, <strong>com in\u00edcio de pagamento em 15 de fevereiro para os nascidos em janeiro, e segue at\u00e9 15 de agosto aos nascidos em novembro e dezembro. (veja a tabela abaixo)\u00a0<\/strong><\/p>\n<p>O calend\u00e1rio de pagamento foi unificado, antes o PIS era pago no m\u00eas de anivers\u00e1rio e o Pasep de acordo com o \u00faltimo digito do n\u00famero do Pasep, agora os participantes do PIS e do Pasep ter\u00e3o a mesma regra de recebimento do abono salarial, conforme data de anivers\u00e1rio do benefici\u00e1rio.<\/p>\n<p><strong>O in\u00edcio de pagamento ser\u00e1 em 15 de fevereiro e segue at\u00e9 15 de agosto de 2023, sendo que os valores ficar\u00e3o disponibilizados at\u00e9 o dia 27 de dezembro de 2023.<\/strong><\/p>\n<p>O Abono Salarial ser\u00e1 pago aos trabalhadores de empresas privadas, que integram o Programa de Integra\u00e7\u00e3o Social (PIS), por interm\u00e9dio da <a href=\"https:\/\/catracalivre.com.br\/educacao\/caixa-economica-federal-anuncia-novo-concurso-publico\/\">Caixa Econ\u00f4mica Federal<\/a>, e aos trabalhadores da Administra\u00e7\u00e3o P\u00fablica, que integram o Programa de Forma\u00e7\u00e3o do Patrim\u00f4nio do Servidor P\u00fablico do Abono Salarial (Pasep), pelo <a href=\"https:\/\/catracalivre.com.br\/cidadania\/banco-do-brasil-renegocia-r-54-bilhoes-em-um-mes-de-desenrola\/\">Banco do Brasil<\/a>.<\/p>\n<p>Para receber o Abono Salarial, o trabalhador precisa ter sido informado pelo empregador na RAIS at\u00e9 o dia 10 de maio de 2023 e no eSocial at\u00e9 o dia 5 de dezembro de 2023. Ap\u00f3s essa data, somente no pr\u00f3ximo exerc\u00edcio.<\/p>\n<p>As informa\u00e7\u00f5es sobre os trabalhadores que t\u00eam direito ou n\u00e3o ao Abono Salarial, poder\u00e3o ser consultadas, a partir do dia 5 de fevereiro de 2024, na carteira de trabalho digital ou no portal <a href=\"https:\/\/catracalivre.com.br\/cidadania\/governo-toma-decisao-impactante-sobre-acessos-na-plataforma-gov-br\/\">Gov.br<\/a>.<\/p>\n<h2>Quem tem direito ao PIS\/Pasep<\/h2>\n<p>Tem direito ao Abono Salarial os trabalhadores que atendem aos crit\u00e9rios de habilita\u00e7\u00e3o, como estar cadastrado no PIS\/Pasep h\u00e1 pelo menos cinco anos, contados da data do primeiro v\u00ednculo;<\/p>\n<p>Ter recebido, de empregadores que contribuem para o Programa de Integra\u00e7\u00e3o Social (PIS) ou para o Programa de Forma\u00e7\u00e3o do Patrim\u00f4nio do Servidor P\u00fablico (Pasep), at\u00e9 2 (dois) sal\u00e1rios-m\u00ednimos m\u00e9dios de remunera\u00e7\u00e3o mensal no per\u00edodo trabalhado;<\/p>\n<p>Ter exercido atividade remunerada, durante pelo menos 30 dias, consecutivos ou n\u00e3o, no ano-base considerado para apura\u00e7\u00e3o;<\/p>\n<p>Ter seus dados, do ano-base 2021 informados pelo empregador corretamente na Rela\u00e7\u00e3o Anual de Informa\u00e7\u00f5es Sociais (RAIS) ou no eSocial.<\/p>\n<h2>Pagamento na CAIXA<\/h2>\n<p>O pagamento do Abono Salarial na Caixa ser\u00e1 realizado prioritariamente por cr\u00e9dito em conta CAIXA, quando o trabalhador possuir conta corrente ou conta poupan\u00e7a ou Conta Digital; por cr\u00e9dito pelo aplicativo CAIXA Tem, em conta poupan\u00e7a social digital, aberta automaticamente pela CAIXA.<\/p>\n<p>Ser\u00e1 ainda realizado o pagamento em canais como ag\u00eancia, lot\u00e9ricas, autoatendimento, CAIXA Aqui e demais canais de pagamentos oferecidos pela Caixa.<\/p>\n<p>Pagamento no Banco do Brasil\u00a0\u2013 No Banco do Brasil o pagamento do Abono Salarial ser\u00e1 realizado prioritariamente como cr\u00e9dito em conta banc\u00e1ria; por meio de pix; transfer\u00eancia via TED ou presencial nas ag\u00eancias de atendimento.<\/p>\n<h2>Consulta<\/h2>\n<p>Para consultar no aplicativo da Carteira de Trabalho Digital ser\u00e1 necess\u00e1rio que o trabalhador atualize o aplicativo, depois acesse a aba \u201cBenef\u00edcios\u201d e \u201cAbono Salarial\u201d, para verificar o valor, dia e banco de recebimento.<\/p>\n<p>Informa\u00e7\u00f5es adicionais poder\u00e3o ser solicitadas nos canais de atendimento do Minist\u00e9rio do Trabalho e Emprego e nas unidades das Superintend\u00eancias Regionais do Trabalho, pelo telefone 158 ou pelo e-mail: trabalho.uf@economia.gov.br (substituindo os d\u00edgitos uf pela sigla do Estado de domic\u00edlio do trabalhador).<\/p>\n<h2>\u00ad\u00ad\u00adCalend\u00e1rio de pagamento do PIS\/Pasep 2024<\/h2>\n<div id=\"attachment_2329238\" class=\"wp-caption aligncenter\">\n<div class=\"d-flex justify-content-center\" data-attachment-id=\"2329238\">\n<div class=\"position-relative d-inline-block\"><img data-recalc-dims=\"1\" loading=\"lazy\" data-portal-copyright=\"\" decoding=\"async\" class=\"size-full wp-image-2329238\" src=\"https:\/\/i0.wp.com\/catracalivre.com.br\/wp-content\/uploads\/2023\/12\/pis-pasep-calendario.png?resize=479%2C266&#038;ssl=1\" alt=\"Saiba AGORA e SEM RODEIOS, as datas de pagamento do PIS\/Pasep 2024\" width=\"479\" height=\"266\" srcset=\"https:\/\/catracalivre.com.br\/wp-content\/uploads\/2023\/12\/pis-pasep-calendario.png 479w, https:\/\/catracalivre.com.br\/wp-content\/uploads\/2023\/12\/pis-pasep-calendario-450x250.png 450w\" sizes=\"auto, (max-width: 479px) 100vw, 479px\"\/><\/div>\n<\/div>\n<p><span class=\"post-imagem__legenda\">Saiba AGORA e SEM RODEIOS, as datas de pagamento do PIS\/Pasep 2024<\/span><\/p>\n<\/div>\n<p><em>Com informa\u00e7\u00f5es do portal Gov.br.<\/em><\/p>\n<\/div>\n<p><script>\n\t\t! function(f, b, e, v, n, t, s) {\n\t\t\tif (f.fbq) return;\n\t\t\tn = f.fbq = function() {\n\t\t\t\tn.callMethod ?\n\t\t\t\t\tn.callMethod.apply(n, arguments) : n.queue.push(arguments)\n\t\t\t};\n\t\t\tif (!f._fbq) f._fbq = n;\n\t\t\tn.push = n;\n\t\t\tn.loaded = !0;\n\t\t\tn.version = '2.0';\n\t\t\tn.queue = [];\n\t\t\tt = b.createElement(e);\n\t\t\tt.async = !0;\n\t\t\tt.src = v;\n\t\t\ts = b.getElementsByTagName(e)[0];\n\t\t\ts.parentNode.insertBefore(t, s)\n\t\t}(window, document, 'script',\n\t\t\t'https:\/\/connect.facebook.net\/en_US\/fbevents.js');\n\t\tfbq('init', '338315473262380');\n\t\tfbq('track', 'PageView');\n\t<\/script><br \/>\n<br \/><br \/>\n<br \/><a href=\"https:\/\/catracalivre.com.br\/cidadania\/2024-tera-pis-pasep-com-valor-maior-nestas-datas-confira\/\">Source link <\/a><\/p>\n<!-- CONTENT END 1 -->\n","protected":false},"excerpt":{"rendered":"<p>O Conselho Deliberativo do Fundo de Amparo do Trabalhador (Codefat), aprovou o calend\u00e1rio de pagamento do Abono Salarial PIS\/Pasep de 2024, relativo ao ano-base 2022&#8230;.<\/p>\n","protected":false},"author":1,"featured_media":21325,"comment_status":"open","ping_status":"open","sticky":false,"template":"","format":"standard","meta":{"advanced_seo_description":"","jetpack_seo_html_title":"","jetpack_seo_noindex":false,"jetpack_post_was_ever_published":false,"_jetpack_newsletter_access":"","_jetpack_dont_email_post_to_subs":false,"_jetpack_newsletter_tier_id":0,"_jetpack_memberships_contains_paywalled_content":false,"_jetpack_memberships_contains_paid_content":false,"footnotes":"","jetpack_publicize_message":"","jetpack_publicize_feature_enabled":true,"jetpack_social_post_already_shared":true,"jetpack_social_options":{"image_generator_settings":{"template":"highway","default_image_id":0,"font":"","enabled":false},"version":2}},"categories":[19],"tags":[],"class_list":["post-21324","post","type-post","status-publish","format-standard","has-post-thumbnail","hentry","category-variedades"],"jetpack_publicize_connections":[],"jetpack_featured_media_url":"https:\/\/i0.wp.com\/noticiasribeiraopreto.com.br\/wp-content\/uploads\/2023\/12\/1703701182_istock-1222011599.jpg?fit=1200%2C638&ssl=1","jetpack-related-posts":[{"id":20454,"url":"https:\/\/noticiasribeiraopreto.com.br\/index.php\/2023\/12\/25\/pis-pasep-2022-sera-pago-no-mes-de-janeiro-veja-detalhes-sobre-os-pagamentos\/","url_meta":{"origin":21324,"position":0},"title":"PIS\/PASEP 2022 ser\u00e1 pago no m\u00eas de Janeiro? Veja detalhes sobre os pagamentos","author":"noticiasribeiraopreto.com.br","date":"25 de December de 2023","format":false,"excerpt":"O PIS\/PASEP \u00e9 um benef\u00edcio muito aguardado pelos trabalhadores assalariados no Brasil. Com o pagamento previsto para iniciar em fevereiro de 2024, milh\u00f5es de brasileiros est\u00e3o ansiosos para saber quando ter\u00e3o acesso a esse abono salarial. Neste artigo, vamos explorar o calend\u00e1rio de pagamentos e as informa\u00e7\u00f5es mais importantes sobre\u2026","rel":"","context":"In &quot;Vagas de Emprego em Ribeir\u00e3o Preto-SP&quot;","block_context":{"text":"Vagas de Emprego em Ribeir\u00e3o Preto-SP","link":"https:\/\/noticiasribeiraopreto.com.br\/index.php\/category\/empregos-classificados-vagas-trabalho\/vagas-de-empregos-em-ribeirao-preto-regiao-brasil\/"},"img":{"alt_text":"","src":"","width":0,"height":0},"classes":[]},{"id":14772,"url":"https:\/\/noticiasribeiraopreto.com.br\/index.php\/2023\/12\/12\/calendario-do-pis-pasep-2024-veja-quando-sai-seu-pagamento\/","url_meta":{"origin":21324,"position":1},"title":"Calend\u00e1rio do PIS\/PASEP 2024; veja quando sai seu pagamento!","author":"noticiasribeiraopreto.com.br","date":"12 de December de 2023","format":false,"excerpt":"Ainda gera muitas d\u00favidas o pagamento do abono salarial do\u00a0PIS\/Pasep\u00a0para aqueles que trabalharam em 2022, principalmente ap\u00f3s o fim dos pagamentos referentes ao ano-base 2021. A garantia apresentada, no entanto, \u00e9 de que haver\u00e1 pagamento em 2024, decorrente ao ano de 2022. Cr\u00e9ditos: iSTockCalend\u00e1rio do PIS\/PASEP 2024; veja quando sai\u2026","rel":"","context":"In &quot;Variedades&quot;","block_context":{"text":"Variedades","link":"https:\/\/noticiasribeiraopreto.com.br\/index.php\/category\/variedades\/"},"img":{"alt_text":"","src":"https:\/\/i0.wp.com\/noticiasribeiraopreto.com.br\/wp-content\/uploads\/2023\/12\/1702399455_istock-1491612792.jpg?fit=1200%2C638&ssl=1&resize=350%2C200","width":350,"height":200,"srcset":"https:\/\/i0.wp.com\/noticiasribeiraopreto.com.br\/wp-content\/uploads\/2023\/12\/1702399455_istock-1491612792.jpg?fit=1200%2C638&ssl=1&resize=350%2C200 1x, https:\/\/i0.wp.com\/noticiasribeiraopreto.com.br\/wp-content\/uploads\/2023\/12\/1702399455_istock-1491612792.jpg?fit=1200%2C638&ssl=1&resize=525%2C300 1.5x, https:\/\/i0.wp.com\/noticiasribeiraopreto.com.br\/wp-content\/uploads\/2023\/12\/1702399455_istock-1491612792.jpg?fit=1200%2C638&ssl=1&resize=700%2C400 2x, https:\/\/i0.wp.com\/noticiasribeiraopreto.com.br\/wp-content\/uploads\/2023\/12\/1702399455_istock-1491612792.jpg?fit=1200%2C638&ssl=1&resize=1050%2C600 3x"},"classes":[]},{"id":52052,"url":"https:\/\/noticiasribeiraopreto.com.br\/index.php\/2024\/06\/03\/abono-pis-pasep-de-junho-confira-se-voce-esta-na-lista-de-beneficiados\/","url_meta":{"origin":21324,"position":2},"title":"Abono PIS\/Pasep de Junho: Confira se Voc\u00ea Est\u00e1 na Lista de Beneficiados","author":"noticiasribeiraopreto.com.br","date":"3 de June de 2024","format":false,"excerpt":"Em Junho deste ano, a Caixa Econ\u00f4mica Federal e o Banco do Brasil divulgar\u00e3o uma nova rodada de PIS\/Pasep. Assim, neste m\u00eas, os trabalhadores nascidos em setembro receber\u00e3o um abono salarial. Portanto, o valor do pagamento ser\u00e1 de at\u00e9 1 sal\u00e1rio m\u00ednimo (R$ 1.412 para 2024), dependendo do ano-base, ou\u2026","rel":"","context":"In &quot;Dinheiro e Investimento&quot;","block_context":{"text":"Dinheiro e Investimento","link":"https:\/\/noticiasribeiraopreto.com.br\/index.php\/category\/dinheiro-e-investimento-como-fazer-como-ganhar\/"},"img":{"alt_text":"","src":"https:\/\/i0.wp.com\/noticiasribeiraopreto.com.br\/wp-content\/uploads\/2024\/06\/PisPASEP.webp.webp?fit=1200%2C630&ssl=1&resize=350%2C200","width":350,"height":200,"srcset":"https:\/\/i0.wp.com\/noticiasribeiraopreto.com.br\/wp-content\/uploads\/2024\/06\/PisPASEP.webp.webp?fit=1200%2C630&ssl=1&resize=350%2C200 1x, https:\/\/i0.wp.com\/noticiasribeiraopreto.com.br\/wp-content\/uploads\/2024\/06\/PisPASEP.webp.webp?fit=1200%2C630&ssl=1&resize=525%2C300 1.5x, https:\/\/i0.wp.com\/noticiasribeiraopreto.com.br\/wp-content\/uploads\/2024\/06\/PisPASEP.webp.webp?fit=1200%2C630&ssl=1&resize=700%2C400 2x, https:\/\/i0.wp.com\/noticiasribeiraopreto.com.br\/wp-content\/uploads\/2024\/06\/PisPASEP.webp.webp?fit=1200%2C630&ssl=1&resize=1050%2C600 3x"},"classes":[]},{"id":22561,"url":"https:\/\/noticiasribeiraopreto.com.br\/index.php\/2023\/12\/30\/pis-pasep-2024-calendario-ja-esta-disponivel-confira\/","url_meta":{"origin":21324,"position":3},"title":"PIS\/PASEP 2024: Calend\u00e1rio j\u00e1 est\u00e1 DISPON\u00cdVEL! Confira","author":"noticiasribeiraopreto.com.br","date":"30 de December de 2023","format":false,"excerpt":"O PIS\/PASEP 2024 \u00e9 um assunto que tem gerado curiosidade e expectativa entre os trabalhadores brasileiros. Esse benef\u00edcio, que pode atingir um valor equivalente ao sal\u00e1rio m\u00ednimo, tem data de in\u00edcio de pagamento prevista para 15 de fevereiro de 2024. Neste artigo, abordaremos todos os detalhes importantes sobre o tema,\u2026","rel":"","context":"In &quot;Vagas de Emprego em Ribeir\u00e3o Preto-SP&quot;","block_context":{"text":"Vagas de Emprego em Ribeir\u00e3o Preto-SP","link":"https:\/\/noticiasribeiraopreto.com.br\/index.php\/category\/empregos-classificados-vagas-trabalho\/vagas-de-empregos-em-ribeirao-preto-regiao-brasil\/"},"img":{"alt_text":"","src":"","width":0,"height":0},"classes":[]},{"id":6731,"url":"https:\/\/noticiasribeiraopreto.com.br\/index.php\/2023\/11\/26\/anunciado-aumento-do-pis-pasep-saiba-tudo-aqui\/","url_meta":{"origin":21324,"position":4},"title":"Anunciado aumento do PIS\/PASEP; saiba tudo aqui","author":"noticiasribeiraopreto.com.br","date":"26 de November de 2023","format":false,"excerpt":"Cr\u00e9ditos: Ag\u00eancia Brasil\/ArquivoTrabalhador se empolga com novo valor do PIS\/PasepO PIS\/PASEP, benef\u00edcio amplamente conhecido pelos trabalhadores formais do pa\u00eds, est\u00e1 prestes a passar por um reajuste significativo em 2024. Com a previs\u00e3o de aumento no sal\u00e1rio m\u00ednimo para o pr\u00f3ximo ano, o benef\u00edcio ser\u00e1 elevado para R$1.421, proporcionando uma renda\u2026","rel":"","context":"In &quot;Variedades&quot;","block_context":{"text":"Variedades","link":"https:\/\/noticiasribeiraopreto.com.br\/index.php\/category\/variedades\/"},"img":{"alt_text":"","src":"https:\/\/i0.wp.com\/noticiasribeiraopreto.com.br\/wp-content\/uploads\/2023\/11\/1701033122_istock-1491612792.jpg?fit=1200%2C638&ssl=1&resize=350%2C200","width":350,"height":200,"srcset":"https:\/\/i0.wp.com\/noticiasribeiraopreto.com.br\/wp-content\/uploads\/2023\/11\/1701033122_istock-1491612792.jpg?fit=1200%2C638&ssl=1&resize=350%2C200 1x, https:\/\/i0.wp.com\/noticiasribeiraopreto.com.br\/wp-content\/uploads\/2023\/11\/1701033122_istock-1491612792.jpg?fit=1200%2C638&ssl=1&resize=525%2C300 1.5x, https:\/\/i0.wp.com\/noticiasribeiraopreto.com.br\/wp-content\/uploads\/2023\/11\/1701033122_istock-1491612792.jpg?fit=1200%2C638&ssl=1&resize=700%2C400 2x, https:\/\/i0.wp.com\/noticiasribeiraopreto.com.br\/wp-content\/uploads\/2023\/11\/1701033122_istock-1491612792.jpg?fit=1200%2C638&ssl=1&resize=1050%2C600 3x"},"classes":[]},{"id":22780,"url":"https:\/\/noticiasribeiraopreto.com.br\/index.php\/2023\/12\/30\/pis-pasep-2024-abono-salarial-comeca-a-ser-pago-em-fevereiro-com-valores-reajustados\/","url_meta":{"origin":21324,"position":5},"title":"PIS\/PASEP 2024: abono salarial come\u00e7a a ser pago em fevereiro com valores reajustados","author":"noticiasribeiraopreto.com.br","date":"30 de December de 2023","format":false,"excerpt":"A Caixa Econ\u00f4mica Federal anunciou o aguardado Calend\u00e1rio Abono Salarial do PIS\/PASEP 2024, referente ao ano-base 2022, em uma reuni\u00e3o do Conselho Deliberativo do Fundo de Amparo ao Trabalhador (Codefat), realizada no dia 13\/12. O cronograma de pagamento tem in\u00edcio a partir de 15 de fevereiro e segue crit\u00e9rios espec\u00edficos\u2026","rel":"","context":"In &quot;Vagas de Emprego em Ribeir\u00e3o Preto-SP&quot;","block_context":{"text":"Vagas de Emprego em Ribeir\u00e3o Preto-SP","link":"https:\/\/noticiasribeiraopreto.com.br\/index.php\/category\/empregos-classificados-vagas-trabalho\/vagas-de-empregos-em-ribeirao-preto-regiao-brasil\/"},"img":{"alt_text":"","src":"https:\/\/i0.wp.com\/noticiasribeiraopreto.com.br\/wp-content\/uploads\/2023\/12\/noticiasconcursos.com_.br-pispasep-2024-abono-salarial-comeca-a-ser-pago-em-fevereiro-com-valores-reajustados-pispasep.jpg?fit=804%2C491&ssl=1&resize=350%2C200","width":350,"height":200,"srcset":"https:\/\/i0.wp.com\/noticiasribeiraopreto.com.br\/wp-content\/uploads\/2023\/12\/noticiasconcursos.com_.br-pispasep-2024-abono-salarial-comeca-a-ser-pago-em-fevereiro-com-valores-reajustados-pispasep.jpg?fit=804%2C491&ssl=1&resize=350%2C200 1x, https:\/\/i0.wp.com\/noticiasribeiraopreto.com.br\/wp-content\/uploads\/2023\/12\/noticiasconcursos.com_.br-pispasep-2024-abono-salarial-comeca-a-ser-pago-em-fevereiro-com-valores-reajustados-pispasep.jpg?fit=804%2C491&ssl=1&resize=525%2C300 1.5x, https:\/\/i0.wp.com\/noticiasribeiraopreto.com.br\/wp-content\/uploads\/2023\/12\/noticiasconcursos.com_.br-pispasep-2024-abono-salarial-comeca-a-ser-pago-em-fevereiro-com-valores-reajustados-pispasep.jpg?fit=804%2C491&ssl=1&resize=700%2C400 2x"},"classes":[]}],"jetpack_sharing_enabled":true,"jetpack_shortlink":"https:\/\/wp.me\/peQAOb-5xW","_links":{"self":[{"href":"https:\/\/noticiasribeiraopreto.com.br\/index.php\/wp-json\/wp\/v2\/posts\/21324","targetHints":{"allow":["GET"]}}],"collection":[{"href":"https:\/\/noticiasribeiraopreto.com.br\/index.php\/wp-json\/wp\/v2\/posts"}],"about":[{"href":"https:\/\/noticiasribeiraopreto.com.br\/index.php\/wp-json\/wp\/v2\/types\/post"}],"author":[{"embeddable":true,"href":"https:\/\/noticiasribeiraopreto.com.br\/index.php\/wp-json\/wp\/v2\/users\/1"}],"replies":[{"embeddable":true,"href":"https:\/\/noticiasribeiraopreto.com.br\/index.php\/wp-json\/wp\/v2\/comments?post=21324"}],"version-history":[{"count":0,"href":"https:\/\/noticiasribeiraopreto.com.br\/index.php\/wp-json\/wp\/v2\/posts\/21324\/revisions"}],"wp:featuredmedia":[{"embeddable":true,"href":"https:\/\/noticiasribeiraopreto.com.br\/index.php\/wp-json\/wp\/v2\/media\/21325"}],"wp:attachment":[{"href":"https:\/\/noticiasribeiraopreto.com.br\/index.php\/wp-json\/wp\/v2\/media?parent=21324"}],"wp:term":[{"taxonomy":"category","embeddable":true,"href":"https:\/\/noticiasribeiraopreto.com.br\/index.php\/wp-json\/wp\/v2\/categories?post=21324"},{"taxonomy":"post_tag","embeddable":true,"href":"https:\/\/noticiasribeiraopreto.com.br\/index.php\/wp-json\/wp\/v2\/tags?post=21324"}],"curies":[{"name":"wp","href":"https:\/\/api.w.org\/{rel}","templated":true}]}}