{"id":21326,"date":"2023-12-27T15:24:01","date_gmt":"2023-12-27T18:24:01","guid":{"rendered":"https:\/\/noticiasribeiraopreto.com.br\/index.php\/2023\/12\/27\/universidade-federal-anuncia-concurso-com-muitas-vagas-de-nivel-medio-tecnico-e-superior\/"},"modified":"2023-12-27T15:24:01","modified_gmt":"2023-12-27T18:24:01","slug":"universidade-federal-anuncia-concurso-com-muitas-vagas-de-nivel-medio-tecnico-e-superior","status":"publish","type":"post","link":"https:\/\/noticiasribeiraopreto.com.br\/index.php\/2023\/12\/27\/universidade-federal-anuncia-concurso-com-muitas-vagas-de-nivel-medio-tecnico-e-superior\/","title":{"rendered":"Universidade Federal anuncia concurso com muitas vagas de n\u00edvel m\u00e9dio, t\u00e9cnico e superior"},"content":{"rendered":"<div class='code-block code-block-1' style='margin: 8px 0 8px auto; text-align: right; display: block; clear: both;'>\n<p><a href=\"https:\/\/wa.link\/vpicfd\"><img data-recalc-dims=\"1\" class=\"wp-image-4922\" style=\"aspect-ratio: 2.0253164556962027; width: 561px; height: auto;\" src=\"https:\/\/i0.wp.com\/ismaelcolosi.com.br\/wp-content\/uploads\/2023\/11\/grupo-de-empregos-whatsapp-e-facebook-ismael-colosi-vagas.jpg?ssl=1\" alt=\"\" \/><\/a><\/p>\n<!-- \/wp:image -->\n<\/div>\n<p> <br \/>\n<\/p>\n<div>\n<div>\n<figure><picture><source srcset=\"https:\/\/clickpetroleoegas.com.br\/wp-content\/uploads\/2023\/12\/Sem-titulo-4-8-830x450.jpg.webp\" type=\"image\/webp\"><img data-recalc-dims=\"1\" loading=\"lazy\" width=\"830\" height=\"450\" src=\"https:\/\/i0.wp.com\/clickpetroleoegas.com.br\/wp-content\/uploads\/2023\/12\/Sem-titulo-4-8-830x450.jpg?resize=830%2C450&#038;ssl=1\" class=\"fdnw-post-thumbnail fdnw-first-card-thumbnail wp-post-image\" alt=\"CONCURSO, T\u00c9CNICO, VAGAS\" decoding=\"async\" data-eio=\"p\"\/><\/source><\/picture><figcaption class=\"fdnw-image-caption\">Foto: reprodu\u00e7\u00e3o Arquivo\/Mais Minas<\/figcaption><\/figure>\n<h2 class=\"wp-block-heading\" id=\"h-o-novo-concurso-da-ufop-visa-a-contratacao-de-tecnicos-administrativos-em-diversas-areas-confira-abaixo-mais-detalhes-no-edital-oficial\">O novo concurso da Ufop visa a contrata\u00e7\u00e3o de t\u00e9cnicos administrativos em diversas \u00e1reas. Confira abaixo mais detalhes no edital oficial!<\/h2>\n<p>A Universidade Federal de Ouro Preto (UFOP) anunciou nesta v\u00e9spera de Natal o edital de sele\u00e7\u00e3o para <a href=\"https:\/\/clickpetroleoegas.com.br\/trabalhe-no-conforto-de-sua-casa-em-2024-confira-diversas-oportunidades-de-emprego-home-office-e-com-alguns-salarios-em-dolar\/\" target=\"_blank\" rel=\"noreferrer noopener\"><strong>provimento<\/strong><\/a> de cargos da carreira de servidores t\u00e9cnico-administrativos em Educa\u00e7\u00e3o. De acordo com o certame,<strong> s\u00e3o 48 vagas distribu\u00eddas em 20 cargos de n\u00edveis m\u00e9dio, t\u00e9cnico e superior.<\/strong><\/p>\n<h2 class=\"wp-block-heading\" id=\"h-vagas-do-concurso-publico-de-tecnico-administrativo-da-ufop\">Vagas do concurso p\u00fablico de t\u00e9cnico-administrativo da UFOP<\/h2>\n<ul>\n<li>Assistente em Administra\u00e7\u00e3o (16vagas)<\/li>\n<li>T\u00e9cnico de Laborat\u00f3rio\/Ci\u00eancias Biol\u00f3gicas (2vagas)<\/li>\n<li>T\u00e9cnico de Laborat\u00f3rio\/Minera\u00e7\u00e3o<\/li>\n<li>T\u00e9cnico de Laborat\u00f3rio\/An\u00e1lises Cl\u00ednicas<\/li>\n<li>T\u00e9cnico de Laborat\u00f3rio\/Planejamento Visual\/Fotografia<\/li>\n<li>T\u00e9cnico de Tecnologia da Informa\u00e7\u00e3o (6vagas)<\/li>\n<li>T\u00e9cnico em Contabilidade<\/li>\n<li>T\u00e9cnico em Enfermagem (3 vagas)<\/li>\n<li>T\u00e9cnico em Farm\u00e1cia<\/li>\n<li>Analista de Tecnologia da Informa\u00e7\u00e3o (3 vagas)<\/li>\n<li>Arquivista<\/li>\n<li>Engenheiro\/Engenharia Geol\u00f3gica (2 vagas)<\/li>\n<li>Ge\u00f3logo<\/li>\n<li>Farmac\u00eautico\/An\u00e1lises Cl\u00ednicas, Citologia Cl\u00ednica e Citopatologia<\/li>\n<li>Farmac\u00eautico\/An\u00e1lises Cl\u00ednicas, Biologia Molecular, Exames de DNA, Gen\u00e9tica Humana, Histopatologia, Histoqu\u00edmica, Imunopatologia<\/li>\n<li>Farmac\u00eautico\/An\u00e1lises Cl\u00ednicas, Biologia Molecular, Histopatologia, Histoqu\u00edmica, Imunocitoqu\u00edmica, Imunogen\u00e9tica e Histocompatibilidade, Imunohistoqu\u00edmica, Imunologia Qu\u00edmica, Imunopatologia<\/li>\n<li>M\u00e9dico\/Cl\u00ednica M\u00e9dica (2vagas)<\/li>\n<li>M\u00e9dico\/M\u00e9dico da Fam\u00edlia e Comunidade<\/li>\n<li>Odont\u00f3logo (2 vagas)<\/li>\n<li>Produtor Cultural<\/li>\n<\/ul>\n<h2 class=\"wp-block-heading\" id=\"h-atuacao-e-requisitos-dos-cargos\">Atua\u00e7\u00e3o e requisitos dos cargos<\/h2>\n<p>Cada cargo possui suas pr\u00f3prias responsabilidades e requisitos espec\u00edficos, abrangendo desde suporte administrativo e t\u00e9cnico at\u00e9 atividades t\u00e9cnicas especializadas em laborat\u00f3rio, tecnologia da <a href=\"https:\/\/clickpetroleoegas.com.br\/inedito-novo-toyota-corolla-2025-vira-para-o-brasil-como-veiculo-hibrido-plug-in-flex\/\" target=\"_blank\" rel=\"noreferrer noopener\"><strong>informa\u00e7\u00e3o<\/strong><\/a>, contabilidade, enfermagem, farm\u00e1cia, an\u00e1lises cl\u00ednicas, entre outros. Os interessados devem conferir o edital completo para obter informa\u00e7\u00f5es detalhadas sobre cada cargo.<\/p>\n<p> <span class=\"fdnw-card-article-related\"> <span class=\"h4 fdnw-card-article-related-title\">Artigos recomendados<\/span> <\/span> <\/p>\n<h2 class=\"wp-block-heading\" id=\"h-inscricoes-e-provas-do-concurso-de-vagas\">Inscri\u00e7\u00f5es e provas do concurso de vagas<\/h2>\n<p>As inscri\u00e7\u00f5es para o concurso p\u00fablico da UFOP<strong> est\u00e3o abertas a partir de 29 de janeiro <\/strong>de 2024 e seguem at\u00e9 4 de mar\u00e7o do mesmo ano. Os candidatos devem se inscrever exclusivamente pelo site Gest\u00e3o de Concursos, por meio do link correspondente \u00e0s inscri\u00e7\u00f5es do Concurso P\u00fablico da UFOP \u2013 Edital 87\/2023. A aplica\u00e7\u00e3o das provas objetivas est\u00e1 programada para o dia 7 de abril, e os candidatos devem se preparar para uma avalia\u00e7\u00e3o abrangente que testar\u00e1 seus conhecimentos e habilidades.\u00a0<\/p>\n<p class=\"has-text-align-center\"><a href=\"https:\/\/maisminas.org\/wp-content\/uploads\/2023\/12\/sei_ufop_-_0646013_-_edital_progep_87_2023.pdf\" target=\"_blank\" rel=\"noreferrer noopener nofollow\" class=\"external\"><strong>CLIQUE AQUI E ACESSE O EDITAL\u00a0<\/strong><\/a><\/p>\n<p>Este concurso oferece n\u00e3o apenas uma oportunidade de emprego com sal\u00e1rios atrativos, mas tamb\u00e9m a chance de ingressar em uma institui\u00e7\u00e3o reconhecida por seu compromisso com a excel\u00eancia acad\u00eamica e o desenvolvimento profissional. A UFOP \u00e9 uma das institui\u00e7\u00f5es mais respeitadas do pa\u00eds, e os selecionados ter\u00e3o a oportunidade de contribuir para o avan\u00e7o da educa\u00e7\u00e3o e pesquisa no Brasil.<\/p>\n<div class=\"code-block code-block-10\" style=\"margin: 8px auto; text-align: center; display: block; clear: both;\">\n<hr class=\"wp-block-separator has-alpha-channel-opacity is-style-wide\"\/>\n<p>Voc\u00ea quer receber apenas not\u00edcias e vagas de emprego do seu interesse? A solu\u00e7\u00e3o chegou atrav\u00e9s do app <a href=\"https:\/\/play.google.com\/store\/apps\/details?id=com.clickpetroleoapp&amp;hl=pt&amp;gl=US\" class=\"external\" rel=\"nofollow noopener\" target=\"_blank\"><strong>CPG VAGAS E NOT\u00cdCIAS!<\/strong><\/a> Se voc\u00ea \u00e9 pintor, vai receber no seu celular apenas oportunidades neste cargo. E ser\u00e1 assim com pedreiro, t\u00e9cnico, engenheiro e etc\u2026.. N\u00e3o perca nada do que acontece no mercado de trabalho e econ\u00f4mico do Brasil, baixe agora o app <a href=\"https:\/\/play.google.com\/store\/apps\/details?id=com.clickpetroleoapp&amp;hl=pt&amp;gl=US\" class=\"external\" rel=\"nofollow noopener\" target=\"_blank\">CPG VAGAS E NOT\u00cdCIAS, dispon\u00edvel para Android e IOS!<\/a><\/p>\n<figure class=\"wp-block-image aligncenter size-full\"><a href=\"https:\/\/play.google.com\/store\/apps\/details?id=com.clickpetroleoapp&amp;hl=pt&amp;gl=US\" target=\"_blank\" rel=\"noreferrer noopener nofollow\" class=\"external\"><img data-recalc-dims=\"1\" decoding=\"async\" width=\"1280\" height=\"387\" alt=\"APP CPG VAGAS E NOT\u00cdCIAS\" class=\"wp-image-105306 ewww_webp_lazy_load lazy\" src=\"https:\/\/i0.wp.com\/clickpetroleoegas.com.br\/wp-content\/uploads\/2023\/09\/Aplicativo-de-vagas-de-empregos-e-noticias-da-sua-regiao.jpg.webp?resize=1280%2C387&#038;ssl=1\" loading=\"lazy\"\/><noscript><img data-recalc-dims=\"1\" loading=\"lazy\" decoding=\"async\" width=\"1280\" height=\"387\" alt=\"APP CPG VAGAS E NOT\u00cdCIAS\" class=\"wp-image-105306 ewww_webp_lazy_load\" src=\"https:\/\/i0.wp.com\/clickpetroleoegas.com.br\/wp-content\/uploads\/2023\/09\/Aplicativo-de-vagas-de-empregos-e-noticias-da-sua-regiao.jpg.webp?resize=1280%2C387&#038;ssl=1\"\/><\/noscript><noscript><img data-recalc-dims=\"1\" loading=\"lazy\" decoding=\"async\" width=\"1280\" height=\"387\" src=\"https:\/\/i0.wp.com\/clickpetroleoegas.com.br\/wp-content\/uploads\/2023\/09\/Aplicativo-de-vagas-de-empregos-e-noticias-da-sua-regiao.jpg?resize=1280%2C387&#038;ssl=1\" alt=\"APP CPG VAGAS E NOT\u00cdCIAS\" class=\"wp-image-105306\"\/><\/noscript><\/a><\/figure>\n<\/p><\/div>\n<\/p><\/div>\n<p><a href=\"https:\/\/clickpetroleoegas.com.br\/universidade-federal-anuncia-concurso-com-muitas-vagas-de-nivel-medio-tecnico-e-superior\/\">Source link <\/a><\/p>\n<\/p><\/div>\n<p><script type=\"text\/plain\" data-service=\"facebook\" data-category=\"marketing\">\n!function(f,b,e,v,n,t,s)\n{if(f.fbq)return;n=f.fbq=function(){n.callMethod?\nn.callMethod.apply(n,arguments):n.queue.push(arguments)};\nif(!f._fbq)f._fbq=n;n.push=n;n.loaded=!0;n.version='2.0';\nn.queue=[];t=b.createElement(e);t.async=!0;\nt.src=v;s=b.getElementsByTagName(e)[0];\ns.parentNode.insertBefore(t,s)}(window, document,'script',\n'https:\/\/connect.facebook.net\/en_US\/fbevents.js');\nfbq('init', '5536651029690406');\nfbq('track', 'PageView');\n<\/script><script type=\"text\/plain\" data-service=\"facebook\" data-category=\"marketing\" async defer crossorigin=\"anonymous\" data-rocket-data-cmplz-src=\"https:\/\/connect.facebook.net\/en_US\/sdk.js#xfbml=1&#038;version=v12.0&amp;appId=1127332727839552&#038;autoLogAppEvents=1\">\n<\/script><br \/>\n<br \/><br \/>\n<br \/><a href=\"https:\/\/ismaelcolosi.com.br\/universidade-federal-anuncia-concurso-com-muitas-vagas-de-nivel-medio-tecnico-e-superior\/\">Source link <\/a><\/p>\n<!-- CONTENT END 1 -->\n","protected":false},"excerpt":{"rendered":"<p>Foto: reprodu\u00e7\u00e3o Arquivo\/Mais Minas O novo concurso da Ufop visa a contrata\u00e7\u00e3o de t\u00e9cnicos administrativos em diversas \u00e1reas. Confira abaixo mais detalhes no edital oficial!&#8230;<\/p>\n","protected":false},"author":1,"featured_media":21327,"comment_status":"open","ping_status":"open","sticky":false,"template":"","format":"standard","meta":{"advanced_seo_description":"","jetpack_seo_html_title":"","jetpack_seo_noindex":false,"jetpack_post_was_ever_published":false,"_jetpack_newsletter_access":"","_jetpack_dont_email_post_to_subs":false,"_jetpack_newsletter_tier_id":0,"_jetpack_memberships_contains_paywalled_content":false,"_jetpack_memberships_contains_paid_content":false,"footnotes":"","jetpack_publicize_message":"","jetpack_publicize_feature_enabled":true,"jetpack_social_post_already_shared":true,"jetpack_social_options":{"image_generator_settings":{"template":"highway","default_image_id":0,"font":"","enabled":false},"version":2}},"categories":[7],"tags":[],"class_list":["post-21326","post","type-post","status-publish","format-standard","has-post-thumbnail","hentry","category-vagas-de-empregos-em-ribeirao-preto-regiao-brasil"],"jetpack_publicize_connections":[],"jetpack_featured_media_url":"https:\/\/i0.wp.com\/noticiasribeiraopreto.com.br\/wp-content\/uploads\/2023\/12\/Sem-titulo-4-8-830x450.jpg?fit=830%2C450&ssl=1","jetpack-related-posts":[{"id":61231,"url":"https:\/\/noticiasribeiraopreto.com.br\/index.php\/2024\/12\/06\/governo-autoriza-concurso-da-policia-federal-com-192-vagas-confira-os-cargos\/","url_meta":{"origin":21326,"position":0},"title":"Governo autoriza concurso da Pol\u00edcia Federal com 192 vagas; confira os cargos","author":"noticiasribeiraopreto.com.br","date":"6 de December de 2024","format":false,"excerpt":"O Governo Federal publicou no Di\u00e1rio Oficial da Uni\u00e3o (DOU) desta sexta-feira (6), a autoriza\u00e7\u00e3o para realiza\u00e7\u00e3o de concurso p\u00fablico para a Pol\u00edcia Federal (PF). De acordo com o texto publicado, ser\u00e3o ofertadas 192 vagas \u2013 a maioria para o cargo de agente administrativo (veja abaixo). O texto assinado pela\u2026","rel":"","context":"In &quot;Not\u00edcias de Ribeir\u00e3o Preto-SP e Regi\u00e3o&quot;","block_context":{"text":"Not\u00edcias de Ribeir\u00e3o Preto-SP e Regi\u00e3o","link":"https:\/\/noticiasribeiraopreto.com.br\/index.php\/category\/noticias-de-ribeirao-preto-sp-e-regiao-ismael-colosi\/"},"img":{"alt_text":"","src":"https:\/\/i0.wp.com\/noticiasribeiraopreto.com.br\/wp-content\/uploads\/2024\/12\/sede_policia_1200x675_06052022145732.jpg?fit=1200%2C675&ssl=1&resize=350%2C200","width":350,"height":200,"srcset":"https:\/\/i0.wp.com\/noticiasribeiraopreto.com.br\/wp-content\/uploads\/2024\/12\/sede_policia_1200x675_06052022145732.jpg?fit=1200%2C675&ssl=1&resize=350%2C200 1x, https:\/\/i0.wp.com\/noticiasribeiraopreto.com.br\/wp-content\/uploads\/2024\/12\/sede_policia_1200x675_06052022145732.jpg?fit=1200%2C675&ssl=1&resize=525%2C300 1.5x, https:\/\/i0.wp.com\/noticiasribeiraopreto.com.br\/wp-content\/uploads\/2024\/12\/sede_policia_1200x675_06052022145732.jpg?fit=1200%2C675&ssl=1&resize=700%2C400 2x, https:\/\/i0.wp.com\/noticiasribeiraopreto.com.br\/wp-content\/uploads\/2024\/12\/sede_policia_1200x675_06052022145732.jpg?fit=1200%2C675&ssl=1&resize=1050%2C600 3x"},"classes":[]},{"id":12646,"url":"https:\/\/noticiasribeiraopreto.com.br\/index.php\/2023\/12\/08\/concurso-tecnico-administrativo-saiu-edital-para-cargos-de-nivel-medio\/","url_meta":{"origin":21326,"position":1},"title":"Concurso T\u00c9CNICO ADMINISTRATIVO: saiu edital para cargos de n\u00edvel M\u00c9DIO","author":"noticiasribeiraopreto.com.br","date":"8 de December de 2023","format":false,"excerpt":"Concurso universit\u00e1rio ir\u00e1 abrir as inscri\u00e7\u00f5es no dia 22 de janeiro de 2024. Candidatos devem ter n\u00edvel m\u00e9dio completo. Mais uma \u00f3tima oportunidade chegando para os candidatos que possuem n\u00edvel m\u00e9dio\/t\u00e9cnico. Isso porque foi publicado o novo edital de concurso p\u00fablico para o cargo de t\u00e9cnico administrativo. Confira mais informa\u00e7\u00f5es.\u2026","rel":"","context":"In &quot;Vagas de Emprego em Ribeir\u00e3o Preto-SP&quot;","block_context":{"text":"Vagas de Emprego em Ribeir\u00e3o Preto-SP","link":"https:\/\/noticiasribeiraopreto.com.br\/index.php\/category\/empregos-classificados-vagas-trabalho\/vagas-de-empregos-em-ribeirao-preto-regiao-brasil\/"},"img":{"alt_text":"","src":"https:\/\/i0.wp.com\/noticiasribeiraopreto.com.br\/wp-content\/uploads\/2023\/12\/noticiasconcursos.com_.br-concurso-tecnico-administrativo-saiu-edital-para-cargos-de-nivel-medio-ufrn.jpg?fit=1200%2C737&ssl=1&resize=350%2C200","width":350,"height":200,"srcset":"https:\/\/i0.wp.com\/noticiasribeiraopreto.com.br\/wp-content\/uploads\/2023\/12\/noticiasconcursos.com_.br-concurso-tecnico-administrativo-saiu-edital-para-cargos-de-nivel-medio-ufrn.jpg?fit=1200%2C737&ssl=1&resize=350%2C200 1x, https:\/\/i0.wp.com\/noticiasribeiraopreto.com.br\/wp-content\/uploads\/2023\/12\/noticiasconcursos.com_.br-concurso-tecnico-administrativo-saiu-edital-para-cargos-de-nivel-medio-ufrn.jpg?fit=1200%2C737&ssl=1&resize=525%2C300 1.5x, https:\/\/i0.wp.com\/noticiasribeiraopreto.com.br\/wp-content\/uploads\/2023\/12\/noticiasconcursos.com_.br-concurso-tecnico-administrativo-saiu-edital-para-cargos-de-nivel-medio-ufrn.jpg?fit=1200%2C737&ssl=1&resize=700%2C400 2x, https:\/\/i0.wp.com\/noticiasribeiraopreto.com.br\/wp-content\/uploads\/2023\/12\/noticiasconcursos.com_.br-concurso-tecnico-administrativo-saiu-edital-para-cargos-de-nivel-medio-ufrn.jpg?fit=1200%2C737&ssl=1&resize=1050%2C600 3x"},"classes":[]},{"id":20828,"url":"https:\/\/noticiasribeiraopreto.com.br\/index.php\/2023\/12\/26\/publicacao-do-edital-deve-ocorrer-em-janeiro\/","url_meta":{"origin":21326,"position":2},"title":"publica\u00e7\u00e3o do edital deve ocorrer em janeiro","author":"noticiasribeiraopreto.com.br","date":"26 de December de 2023","format":false,"excerpt":"A publica\u00e7\u00e3o do edital do novo concurso Cefet RJ (Centro Federal de Educa\u00e7\u00e3o Tecnol\u00f3gica Celso Suckow da Fonseca) est\u00e1 prevista para ocorrer em janeiro, de acordo com as \u00faltimas informa\u00e7\u00f5es da institui\u00e7\u00e3o. O certame j\u00e1 conta, inclusive, com contrato assinado com a banca desde o \u00faltimo dia 4. A escolhida\u2026","rel":"","context":"In &quot;Vagas de Emprego em Ribeir\u00e3o Preto-SP&quot;","block_context":{"text":"Vagas de Emprego em Ribeir\u00e3o Preto-SP","link":"https:\/\/noticiasribeiraopreto.com.br\/index.php\/category\/empregos-classificados-vagas-trabalho\/vagas-de-empregos-em-ribeirao-preto-regiao-brasil\/"},"img":{"alt_text":"","src":"https:\/\/i0.wp.com\/noticiasribeiraopreto.com.br\/wp-content\/uploads\/2023\/12\/1703616794_concurso-cefet-rj-1.jpg?fit=1200%2C675&ssl=1&resize=350%2C200","width":350,"height":200,"srcset":"https:\/\/i0.wp.com\/noticiasribeiraopreto.com.br\/wp-content\/uploads\/2023\/12\/1703616794_concurso-cefet-rj-1.jpg?fit=1200%2C675&ssl=1&resize=350%2C200 1x, https:\/\/i0.wp.com\/noticiasribeiraopreto.com.br\/wp-content\/uploads\/2023\/12\/1703616794_concurso-cefet-rj-1.jpg?fit=1200%2C675&ssl=1&resize=525%2C300 1.5x, https:\/\/i0.wp.com\/noticiasribeiraopreto.com.br\/wp-content\/uploads\/2023\/12\/1703616794_concurso-cefet-rj-1.jpg?fit=1200%2C675&ssl=1&resize=700%2C400 2x, https:\/\/i0.wp.com\/noticiasribeiraopreto.com.br\/wp-content\/uploads\/2023\/12\/1703616794_concurso-cefet-rj-1.jpg?fit=1200%2C675&ssl=1&resize=1050%2C600 3x"},"classes":[]},{"id":41627,"url":"https:\/\/noticiasribeiraopreto.com.br\/index.php\/2024\/03\/09\/veja-5-concursos-publicos-com-vagas-em-ribeirao-e-outras-cidades-do-interior-de-sp\/","url_meta":{"origin":21326,"position":3},"title":"Veja 5 concursos p\u00fablicos com vagas em Ribeir\u00e3o e outras cidades do interior de SP","author":"noticiasribeiraopreto.com.br","date":"9 de March de 2024","format":false,"excerpt":"Cinco concursos p\u00fablicos oferecem vagas em Ribeir\u00e3o Preto e outras cidades do interior de S\u00e3o Paulo. H\u00e1 oportunidades com sal\u00e1rios de at\u00e9 R$ 14 mil. Confira a lista: 1 \u2013 Universidade de S\u00e3o Paulo O concurso p\u00fablico\u00a0da\u00a0USP (Universidade de S\u00e3o Paulo)\u00a0com 49 vagas de n\u00edvel superior\u00a0inicia as inscri\u00e7\u00f5es a partir\u2026","rel":"","context":"In &quot;Not\u00edcias de Ribeir\u00e3o Preto-SP e Regi\u00e3o&quot;","block_context":{"text":"Not\u00edcias de Ribeir\u00e3o Preto-SP e Regi\u00e3o","link":"https:\/\/noticiasribeiraopreto.com.br\/index.php\/category\/noticias-de-ribeirao-preto-sp-e-regiao-ismael-colosi\/"},"img":{"alt_text":"","src":"https:\/\/i0.wp.com\/noticiasribeiraopreto.com.br\/wp-content\/uploads\/2024\/03\/concurso-publico-11.jpg?fit=1200%2C801&ssl=1&resize=350%2C200","width":350,"height":200,"srcset":"https:\/\/i0.wp.com\/noticiasribeiraopreto.com.br\/wp-content\/uploads\/2024\/03\/concurso-publico-11.jpg?fit=1200%2C801&ssl=1&resize=350%2C200 1x, https:\/\/i0.wp.com\/noticiasribeiraopreto.com.br\/wp-content\/uploads\/2024\/03\/concurso-publico-11.jpg?fit=1200%2C801&ssl=1&resize=525%2C300 1.5x, https:\/\/i0.wp.com\/noticiasribeiraopreto.com.br\/wp-content\/uploads\/2024\/03\/concurso-publico-11.jpg?fit=1200%2C801&ssl=1&resize=700%2C400 2x, https:\/\/i0.wp.com\/noticiasribeiraopreto.com.br\/wp-content\/uploads\/2024\/03\/concurso-publico-11.jpg?fit=1200%2C801&ssl=1&resize=1050%2C600 3x"},"classes":[]},{"id":14990,"url":"https:\/\/noticiasribeiraopreto.com.br\/index.php\/2023\/12\/12\/definida-oferta-de-vagas-edital-iminente-veja\/","url_meta":{"origin":21326,"position":4},"title":"definida oferta de vagas; edital iminente, veja","author":"noticiasribeiraopreto.com.br","date":"12 de December de 2023","format":false,"excerpt":"O concurso Cefet RJ (Centro Federal de Educa\u00e7\u00e3o Tecnol\u00f3gica Celso Suckow da Fonseca) deve contar com uma oferta de 92 vagas, distribu\u00eddas por diversos cargos de n\u00edveis m\u00e9dio, t\u00e9cnico e superior, com iniciais de at\u00e9 R$ 5.214,92, de acordo com as \u00faltimas informa\u00e7\u00f5es. Vale lembrar que o certame j\u00e1 conta,\u2026","rel":"","context":"In &quot;Vagas de Emprego em Ribeir\u00e3o Preto-SP&quot;","block_context":{"text":"Vagas de Emprego em Ribeir\u00e3o Preto-SP","link":"https:\/\/noticiasribeiraopreto.com.br\/index.php\/category\/empregos-classificados-vagas-trabalho\/vagas-de-empregos-em-ribeirao-preto-regiao-brasil\/"},"img":{"alt_text":"","src":"https:\/\/i0.wp.com\/noticiasribeiraopreto.com.br\/wp-content\/uploads\/2023\/12\/concurso-cefet-rj-1.jpg?fit=1200%2C675&ssl=1&resize=350%2C200","width":350,"height":200,"srcset":"https:\/\/i0.wp.com\/noticiasribeiraopreto.com.br\/wp-content\/uploads\/2023\/12\/concurso-cefet-rj-1.jpg?fit=1200%2C675&ssl=1&resize=350%2C200 1x, https:\/\/i0.wp.com\/noticiasribeiraopreto.com.br\/wp-content\/uploads\/2023\/12\/concurso-cefet-rj-1.jpg?fit=1200%2C675&ssl=1&resize=525%2C300 1.5x, https:\/\/i0.wp.com\/noticiasribeiraopreto.com.br\/wp-content\/uploads\/2023\/12\/concurso-cefet-rj-1.jpg?fit=1200%2C675&ssl=1&resize=700%2C400 2x, https:\/\/i0.wp.com\/noticiasribeiraopreto.com.br\/wp-content\/uploads\/2023\/12\/concurso-cefet-rj-1.jpg?fit=1200%2C675&ssl=1&resize=1050%2C600 3x"},"classes":[]},{"id":18024,"url":"https:\/\/noticiasribeiraopreto.com.br\/index.php\/2023\/12\/19\/universidade-federal-abre-concurso-publico-com-55-vagas-para-nivel-medio\/","url_meta":{"origin":21326,"position":5},"title":"Universidade Federal abre CONCURSO P\u00daBLICO com 55 vagas para n\u00edvel m\u00e9dio","author":"noticiasribeiraopreto.com.br","date":"19 de December de 2023","format":false,"excerpt":"Inscreva-se neste concurso p\u00fablico O concurso p\u00fablico anuncia vagas para n\u00edvel m\u00e9dio. Ao todo s\u00e3o 55 oportunidades. Ficou interessado? Veja como se inscrever e n\u00e3o perca. A Acess \u00e9 a banca organizadora. Oportunidades para T\u00e9cnico-Administrativos em Educa\u00e7\u00e3o O edital da Universidade Federal do Agreste do Pernambuco (UFAPE) foi divulgado, oferecendo\u2026","rel":"","context":"In &quot;Vagas de Emprego em Ribeir\u00e3o Preto-SP&quot;","block_context":{"text":"Vagas de Emprego em Ribeir\u00e3o Preto-SP","link":"https:\/\/noticiasribeiraopreto.com.br\/index.php\/category\/empregos-classificados-vagas-trabalho\/vagas-de-empregos-em-ribeirao-preto-regiao-brasil\/"},"img":{"alt_text":"","src":"https:\/\/i0.wp.com\/noticiasribeiraopreto.com.br\/wp-content\/uploads\/2023\/12\/noticiasconcursos.com_.br-universidade-federal-abre-concurso-publico-com-55-vagas-para-nivel-medio-pexels-fauxels-3184464-1.jpg?fit=1200%2C800&ssl=1&resize=350%2C200","width":350,"height":200,"srcset":"https:\/\/i0.wp.com\/noticiasribeiraopreto.com.br\/wp-content\/uploads\/2023\/12\/noticiasconcursos.com_.br-universidade-federal-abre-concurso-publico-com-55-vagas-para-nivel-medio-pexels-fauxels-3184464-1.jpg?fit=1200%2C800&ssl=1&resize=350%2C200 1x, https:\/\/i0.wp.com\/noticiasribeiraopreto.com.br\/wp-content\/uploads\/2023\/12\/noticiasconcursos.com_.br-universidade-federal-abre-concurso-publico-com-55-vagas-para-nivel-medio-pexels-fauxels-3184464-1.jpg?fit=1200%2C800&ssl=1&resize=525%2C300 1.5x, https:\/\/i0.wp.com\/noticiasribeiraopreto.com.br\/wp-content\/uploads\/2023\/12\/noticiasconcursos.com_.br-universidade-federal-abre-concurso-publico-com-55-vagas-para-nivel-medio-pexels-fauxels-3184464-1.jpg?fit=1200%2C800&ssl=1&resize=700%2C400 2x, https:\/\/i0.wp.com\/noticiasribeiraopreto.com.br\/wp-content\/uploads\/2023\/12\/noticiasconcursos.com_.br-universidade-federal-abre-concurso-publico-com-55-vagas-para-nivel-medio-pexels-fauxels-3184464-1.jpg?fit=1200%2C800&ssl=1&resize=1050%2C600 3x"},"classes":[]}],"jetpack_sharing_enabled":true,"jetpack_shortlink":"https:\/\/wp.me\/peQAOb-5xY","_links":{"self":[{"href":"https:\/\/noticiasribeiraopreto.com.br\/index.php\/wp-json\/wp\/v2\/posts\/21326","targetHints":{"allow":["GET"]}}],"collection":[{"href":"https:\/\/noticiasribeiraopreto.com.br\/index.php\/wp-json\/wp\/v2\/posts"}],"about":[{"href":"https:\/\/noticiasribeiraopreto.com.br\/index.php\/wp-json\/wp\/v2\/types\/post"}],"author":[{"embeddable":true,"href":"https:\/\/noticiasribeiraopreto.com.br\/index.php\/wp-json\/wp\/v2\/users\/1"}],"replies":[{"embeddable":true,"href":"https:\/\/noticiasribeiraopreto.com.br\/index.php\/wp-json\/wp\/v2\/comments?post=21326"}],"version-history":[{"count":0,"href":"https:\/\/noticiasribeiraopreto.com.br\/index.php\/wp-json\/wp\/v2\/posts\/21326\/revisions"}],"wp:featuredmedia":[{"embeddable":true,"href":"https:\/\/noticiasribeiraopreto.com.br\/index.php\/wp-json\/wp\/v2\/media\/21327"}],"wp:attachment":[{"href":"https:\/\/noticiasribeiraopreto.com.br\/index.php\/wp-json\/wp\/v2\/media?parent=21326"}],"wp:term":[{"taxonomy":"category","embeddable":true,"href":"https:\/\/noticiasribeiraopreto.com.br\/index.php\/wp-json\/wp\/v2\/categories?post=21326"},{"taxonomy":"post_tag","embeddable":true,"href":"https:\/\/noticiasribeiraopreto.com.br\/index.php\/wp-json\/wp\/v2\/tags?post=21326"}],"curies":[{"name":"wp","href":"https:\/\/api.w.org\/{rel}","templated":true}]}}