{"id":21330,"date":"2023-12-27T15:30:30","date_gmt":"2023-12-27T18:30:30","guid":{"rendered":"https:\/\/noticiasribeiraopreto.com.br\/index.php\/2023\/12\/27\/mudanca-estrategica-na-jhsf-augusto-martins-assume-a-presidencia-no-brasil\/"},"modified":"2023-12-27T15:30:30","modified_gmt":"2023-12-27T18:30:30","slug":"mudanca-estrategica-na-jhsf-augusto-martins-assume-a-presidencia-no-brasil","status":"publish","type":"post","link":"https:\/\/noticiasribeiraopreto.com.br\/index.php\/2023\/12\/27\/mudanca-estrategica-na-jhsf-augusto-martins-assume-a-presidencia-no-brasil\/","title":{"rendered":"Mudan\u00e7a estrat\u00e9gica na JHSF: Augusto Martins assume a presid\u00eancia no Brasil"},"content":{"rendered":"<div class='code-block code-block-1' style='margin: 8px 0 8px auto; text-align: right; display: block; clear: both;'>\n<p><a href=\"https:\/\/wa.link\/vpicfd\"><img data-recalc-dims=\"1\" class=\"wp-image-4922\" style=\"aspect-ratio: 2.0253164556962027; width: 561px; height: auto;\" src=\"https:\/\/i0.wp.com\/ismaelcolosi.com.br\/wp-content\/uploads\/2023\/11\/grupo-de-empregos-whatsapp-e-facebook-ismael-colosi-vagas.jpg?ssl=1\" alt=\"\" \/><\/a><\/p>\n<!-- \/wp:image -->\n<\/div>\n<p> <br \/>\n<\/p>\n<div>\n<div id=\"attachment_587685\" class=\"wp-caption alignnone style=\" max-width:=\"\"><img data-recalc-dims=\"1\" fetchpriority=\"high\" decoding=\"async\" class=\"alignnone wp-image-587685 size-medium\" src=\"https:\/\/i0.wp.com\/forbes.com.br\/wp-content\/uploads\/2023\/12\/JHSF-2023-12-27.jpg?resize=620%2C463&#038;ssl=1\" http:=\"\" alt=\"\" width=\"620\" height=\"463\" data-lazy-src=\"https:\/\/forbes.com.br\/wp-content\/uploads\/2023\/12\/JHSF-2023-12-27.jpg\"\/><noscript><img data-recalc-dims=\"1\" fetchpriority=\"high\" decoding=\"async\" class=\"alignnone wp-image-587685 size-medium\" src=\"https:\/\/i0.wp.com\/forbes.com.br\/wp-content\/uploads\/2023\/12\/JHSF-2023-12-27.jpg?resize=620%2C463&#038;ssl=1\" alt=\"\" width=\"620\" height=\"463\"\/><\/noscript><\/p>\n<p class=\"wp-caption-text\">Martins: \u201cSinto-me extremamente honrado por passar a liderar este novo ciclo de crescimento da JHSF Participa\u00e7\u00f5es\u201d Foto: Divulga\u00e7\u00e3o<\/p>\n<\/div>\n<p>A JHSF (JHSF3), empresa que atua nos setores de shopping centers, incorpora\u00e7\u00e3o imobili\u00e1ria, hotelaria e gastronomia, anunciou mudan\u00e7as na diretoria da companhia. Augusto Martins, atual CEO da JHSF Capital, gestora do grupo, deixar\u00e1 o cargo para assumir a presid\u00eancia da empresa no Brasil. O novo executivo assumir\u00e1 a fun\u00e7\u00e3o a partir de fevereiro de 2024.<\/p>\n<ul>\n<li>\n<h3>Siga o canal da <a href=\"https:\/\/whatsapp.com\/channel\/0029Va9gQKwBFLgM96cJnu0u\" target=\"_blank\" rel=\"noopener\">Forbes<\/a> e de <a href=\"https:\/\/whatsapp.com\/channel\/0029VaAZk57JuyA9F4UwQc2I\" target=\"_blank\" rel=\"noopener\">Forbes Money<\/a> no WhatsApp e receba as principais not\u00edcias sobre neg\u00f3cios, carreira, tecnologia e estilo de vida<\/h3>\n<\/li>\n<\/ul>\n<p>Martins substituir\u00e1 o atual CEO, Thiago Alonso de Oliveira, que assumir\u00e1 a presid\u00eancia da JHSF UK, unidade que controla a companhia no Reino Unido, nos Estados Unidos e no Uruguai.<\/p>\n<p>\u201cSinto-me extremamente honrado por passar a liderar este novo ciclo de crescimento da JHSF Participa\u00e7\u00f5es, empresa l\u00edder no Brasil no segmento de alta renda, gra\u00e7as ao seu compromisso com os desejos e necessidades de seus clientes, alinhado com o prop\u00f3sito de qualidade, excel\u00eancia e inova\u00e7\u00e3o\u201d, disse Martins, no comunicado ao mercado.<\/p>\n<p>Na mesma nota, Oliveira expressou que existem muitas oportunidades para o crescimento da companhia fora do Brasil, e transformar esse potencial em realidade \u00e9 foco para os pr\u00f3ximos anos.<\/p>\n<\/div>\n<p><script type=\"rocketlazyloadscript\">\n\t\t\t\t(function(d, s, id){\n\t\t\t\t\tvar js, fjs = d.getElementsByTagName(s)[0];\n\t\t\t\t\tif (d.getElementById(id)) return;\n\t\t\t\t\tjs = d.createElement(s); js.id = id;\n\t\t\t\t\tjs.src = \"\/\/connect.facebook.net\/pt_BR\/sdk.js#xfbml=1&version=v2.9\";\n\t\t\t\t\tfjs.parentNode.insertBefore(js, fjs);\n\t\t\t\t}(document, 'script', 'facebook-jssdk'));\n\t\t\t<\/script><br \/>\n<br \/><br \/>\n<br \/><a href=\"https:\/\/forbes.com.br\/forbes-money\/2023\/12\/mudanca-estrategica-jhsf-augusto-martins-assume-presidencia-brasil\/\">Source link <\/a><\/p>\n<!-- CONTENT END 1 -->\n","protected":false},"excerpt":{"rendered":"<p>Martins: \u201cSinto-me extremamente honrado por passar a liderar este novo ciclo de crescimento da JHSF Participa\u00e7\u00f5es\u201d Foto: Divulga\u00e7\u00e3o A JHSF (JHSF3), empresa que atua nos&#8230;<\/p>\n","protected":false},"author":1,"featured_media":21331,"comment_status":"open","ping_status":"open","sticky":false,"template":"","format":"standard","meta":{"advanced_seo_description":"","jetpack_seo_html_title":"","jetpack_seo_noindex":false,"jetpack_post_was_ever_published":false,"_jetpack_newsletter_access":"","_jetpack_dont_email_post_to_subs":false,"_jetpack_newsletter_tier_id":0,"_jetpack_memberships_contains_paywalled_content":false,"_jetpack_memberships_contains_paid_content":false,"footnotes":"","jetpack_publicize_message":"","jetpack_publicize_feature_enabled":true,"jetpack_social_post_already_shared":true,"jetpack_social_options":{"image_generator_settings":{"template":"highway","default_image_id":0,"font":"","enabled":false},"version":2}},"categories":[1],"tags":[],"class_list":["post-21330","post","type-post","status-publish","format-standard","has-post-thumbnail","hentry","category-blog"],"jetpack_publicize_connections":[],"jetpack_featured_media_url":"https:\/\/i0.wp.com\/noticiasribeiraopreto.com.br\/wp-content\/uploads\/2023\/12\/JHSF-2023-12-27.jpg?fit=620%2C463&ssl=1","jetpack-related-posts":[{"id":21210,"url":"https:\/\/noticiasribeiraopreto.com.br\/index.php\/2023\/12\/27\/thiago-oliveira-assume-presidencia-da-jhsf-uk-augusto-martins-e-o-novo-ceo\/","url_meta":{"origin":21330,"position":0},"title":"Thiago Oliveira assume presid\u00eancia da JHSF UK; Augusto Martins \u00e9 o novo CEO","author":"noticiasribeiraopreto.com.br","date":"27 de December de 2023","format":false,"excerpt":"Germano L\u00fcders\/ Divulga\u00e7\u00e3o\u201cTenho muito orgulho do trabalho que desenvolvemos na JHSF Participa\u00e7\u00f5es\u201d, diz Oliveira. A JHSF (JHSF3), empresa que atua nos setores de shopping centers, incorpora\u00e7\u00e3o imobili\u00e1ria, hotelaria e gastronomia, anunciou mudan\u00e7as na diretoria da companhia. O atual CEO, Thiago Alonso de Oliveira, deixar\u00e1 o cargo para assumir a presid\u00eancia\u2026","rel":"","context":"In &quot;Blog&quot;","block_context":{"text":"Blog","link":"https:\/\/noticiasribeiraopreto.com.br\/index.php\/category\/blog\/"},"img":{"alt_text":"","src":"https:\/\/i0.wp.com\/noticiasribeiraopreto.com.br\/wp-content\/uploads\/2023\/12\/thiago-alonso-oliveria-1024x683.jpg?fit=1024%2C683&ssl=1&resize=350%2C200","width":350,"height":200,"srcset":"https:\/\/i0.wp.com\/noticiasribeiraopreto.com.br\/wp-content\/uploads\/2023\/12\/thiago-alonso-oliveria-1024x683.jpg?fit=1024%2C683&ssl=1&resize=350%2C200 1x, https:\/\/i0.wp.com\/noticiasribeiraopreto.com.br\/wp-content\/uploads\/2023\/12\/thiago-alonso-oliveria-1024x683.jpg?fit=1024%2C683&ssl=1&resize=525%2C300 1.5x, https:\/\/i0.wp.com\/noticiasribeiraopreto.com.br\/wp-content\/uploads\/2023\/12\/thiago-alonso-oliveria-1024x683.jpg?fit=1024%2C683&ssl=1&resize=700%2C400 2x"},"classes":[]},{"id":70482,"url":"https:\/\/noticiasribeiraopreto.com.br\/index.php\/2025\/05\/26\/augusto-melo-e-afastado-da-presidencia-do-corinthians\/","url_meta":{"origin":21330,"position":1},"title":"Augusto Melo \u00e9 afastado da presid\u00eancia do Corinthians","author":"noticiasribeiraopreto.com.br","date":"26 de May de 2025","format":false,"excerpt":"Vice Osmar Stabile assume interinamente; vota\u00e7\u00e3o reuniu conselheiros do clube 26 de maio de 2025 22:4126 de maio de 2025 22:412 Compartilhar1 O Conselho Deliberativo do Corinthians definiu na noite desta segunda-feira (26), em reuni\u00e3o no Parque S\u00e3o Jorge, o afastamento de Augusto Melo da presid\u00eancia do clube. No processo,\u2026","rel":"","context":"In &quot;Not\u00edcias de Ribeir\u00e3o Preto-SP e Regi\u00e3o&quot;","block_context":{"text":"Not\u00edcias de Ribeir\u00e3o Preto-SP e Regi\u00e3o","link":"https:\/\/noticiasribeiraopreto.com.br\/index.php\/category\/noticias-de-ribeirao-preto-sp-e-regiao-ismael-colosi\/"},"img":{"alt_text":"","src":"https:\/\/i0.wp.com\/noticiasribeiraopreto.com.br\/wp-content\/uploads\/2025\/05\/3-PRES-Augusto-Melo-Thiago-Ribeiro_AGIF.jpeg?fit=950%2C593&ssl=1&resize=350%2C200","width":350,"height":200,"srcset":"https:\/\/i0.wp.com\/noticiasribeiraopreto.com.br\/wp-content\/uploads\/2025\/05\/3-PRES-Augusto-Melo-Thiago-Ribeiro_AGIF.jpeg?fit=950%2C593&ssl=1&resize=350%2C200 1x, https:\/\/i0.wp.com\/noticiasribeiraopreto.com.br\/wp-content\/uploads\/2025\/05\/3-PRES-Augusto-Melo-Thiago-Ribeiro_AGIF.jpeg?fit=950%2C593&ssl=1&resize=525%2C300 1.5x, https:\/\/i0.wp.com\/noticiasribeiraopreto.com.br\/wp-content\/uploads\/2025\/05\/3-PRES-Augusto-Melo-Thiago-Ribeiro_AGIF.jpeg?fit=950%2C593&ssl=1&resize=700%2C400 2x"},"classes":[]},{"id":15758,"url":"https:\/\/noticiasribeiraopreto.com.br\/index.php\/2023\/12\/14\/evento-comum-a-jhsf3-romi3-e-bidi4-pode-acontecer-de-novo-e-beneficiar-essa-lista-de-10-acoes-confira\/","url_meta":{"origin":21330,"position":2},"title":"Evento comum \u00e0 JHSF3, ROMI3 e BIDI4 pode acontecer de novo e beneficiar essa lista de 10 a\u00e7\u00f5es; confira","author":"noticiasribeiraopreto.com.br","date":"14 de December de 2023","format":false,"excerpt":"Banco Inter (BIDI4), JHSF (JHSF3) e Romi (ROMI3), o que as a\u00e7\u00f5es de um banco, uma construtora e uma fabricante de m\u00e1quinas t\u00eam em comum? Aparentemente nada, afinal s\u00e3o pap\u00e9is de tr\u00eas setores diferentes. Contudo, olhando com mais calma \u00e9 poss\u00edvel destacar 3 caracter\u00edsticas em comum desses pap\u00e9is:\u00a0 S\u00e3o a\u00e7\u00f5es\u2026","rel":"","context":"In &quot;Dinheiro e Investimento&quot;","block_context":{"text":"Dinheiro e Investimento","link":"https:\/\/noticiasribeiraopreto.com.br\/index.php\/category\/dinheiro-e-investimento-como-fazer-como-ganhar\/"},"img":{"alt_text":"","src":"https:\/\/i0.wp.com\/noticiasribeiraopreto.com.br\/wp-content\/uploads\/2023\/12\/fundo-de-acoes-bolsa-ibovespa-small-caps-CAPA-SD-715x402.jpg?fit=715%2C402&ssl=1&resize=350%2C200","width":350,"height":200,"srcset":"https:\/\/i0.wp.com\/noticiasribeiraopreto.com.br\/wp-content\/uploads\/2023\/12\/fundo-de-acoes-bolsa-ibovespa-small-caps-CAPA-SD-715x402.jpg?fit=715%2C402&ssl=1&resize=350%2C200 1x, https:\/\/i0.wp.com\/noticiasribeiraopreto.com.br\/wp-content\/uploads\/2023\/12\/fundo-de-acoes-bolsa-ibovespa-small-caps-CAPA-SD-715x402.jpg?fit=715%2C402&ssl=1&resize=525%2C300 1.5x, https:\/\/i0.wp.com\/noticiasribeiraopreto.com.br\/wp-content\/uploads\/2023\/12\/fundo-de-acoes-bolsa-ibovespa-small-caps-CAPA-SD-715x402.jpg?fit=715%2C402&ssl=1&resize=700%2C400 2x"},"classes":[]},{"id":83047,"url":"https:\/\/noticiasribeiraopreto.com.br\/index.php\/2026\/03\/07\/escritor-best-seller-anuncia-possivel-pre-candidatura-a-presidencia-da-republica\/","url_meta":{"origin":21330,"position":3},"title":"Escritor best-seller anuncia \u2018poss\u00edvel\u2019 pr\u00e9-candidatura \u00e0 Presid\u00eancia da Rep\u00fablica","author":"noticiasribeiraopreto.com.br","date":"7 de March de 2026","format":false,"excerpt":"O escritor best-seller Augusto Cury, que \u00e9 da regi\u00e3o de Ribeir\u00e3o Preto, anunciou na \u00faltima quarta-feira (4) uma \u201cposs\u00edvel\u201d pr\u00e9-candidatura \u00e0 Presid\u00eancia da Rep\u00fablica em 2026. Contudo, o escritor afirma que ainda precisa encontrar um partido para que possa participar da disputa. O dia 4 de abril \u00e9 a data\u2026","rel":"","context":"In &quot;Not\u00edcias de Ribeir\u00e3o Preto-SP e Regi\u00e3o&quot;","block_context":{"text":"Not\u00edcias de Ribeir\u00e3o Preto-SP e Regi\u00e3o","link":"https:\/\/noticiasribeiraopreto.com.br\/index.php\/category\/noticias-de-ribeirao-preto-sp-e-regiao-ismael-colosi\/"},"img":{"alt_text":"","src":"https:\/\/i0.wp.com\/noticiasribeiraopreto.com.br\/wp-content\/uploads\/2026\/03\/augusto-cury_2026-03-06_18-49-30.webp.webp?fit=1200%2C910&ssl=1&resize=350%2C200","width":350,"height":200,"srcset":"https:\/\/i0.wp.com\/noticiasribeiraopreto.com.br\/wp-content\/uploads\/2026\/03\/augusto-cury_2026-03-06_18-49-30.webp.webp?fit=1200%2C910&ssl=1&resize=350%2C200 1x, https:\/\/i0.wp.com\/noticiasribeiraopreto.com.br\/wp-content\/uploads\/2026\/03\/augusto-cury_2026-03-06_18-49-30.webp.webp?fit=1200%2C910&ssl=1&resize=525%2C300 1.5x, https:\/\/i0.wp.com\/noticiasribeiraopreto.com.br\/wp-content\/uploads\/2026\/03\/augusto-cury_2026-03-06_18-49-30.webp.webp?fit=1200%2C910&ssl=1&resize=700%2C400 2x, https:\/\/i0.wp.com\/noticiasribeiraopreto.com.br\/wp-content\/uploads\/2026\/03\/augusto-cury_2026-03-06_18-49-30.webp.webp?fit=1200%2C910&ssl=1&resize=1050%2C600 3x"},"classes":[]},{"id":55887,"url":"https:\/\/noticiasribeiraopreto.com.br\/index.php\/2024\/08\/07\/novo-presidente-da-marca-e-ex-ceo-da-kraft-heinz\/","url_meta":{"origin":21330,"position":4},"title":"novo presidente da marca \u00e9 ex-CEO da Kraft Heinz","author":"noticiasribeiraopreto.com.br","date":"7 de August de 2024","format":false,"excerpt":"Reprodu\u00e7\u00e3o\/LinkedInAntes da Havaianas, Fernando Rosa foi presidente da Kraft Heinz no Brasil por quase quatro anos Acessibilidade L L A- A+ \u25d0 A Alpargatas, propriet\u00e1ria da Havaianas, acaba de anunciar o novo l\u00edder da marca de cal\u00e7ados no Brasil. A partir de 16 de setembro, Fernando Rosa assume a presid\u00eancia\u2026","rel":"","context":"In &quot;Blog&quot;","block_context":{"text":"Blog","link":"https:\/\/noticiasribeiraopreto.com.br\/index.php\/category\/blog\/"},"img":{"alt_text":"","src":"https:\/\/i0.wp.com\/noticiasribeiraopreto.com.br\/wp-content\/uploads\/2024\/08\/fernando-rosa-1024x683.jpg?fit=1024%2C683&ssl=1&resize=350%2C200","width":350,"height":200,"srcset":"https:\/\/i0.wp.com\/noticiasribeiraopreto.com.br\/wp-content\/uploads\/2024\/08\/fernando-rosa-1024x683.jpg?fit=1024%2C683&ssl=1&resize=350%2C200 1x, https:\/\/i0.wp.com\/noticiasribeiraopreto.com.br\/wp-content\/uploads\/2024\/08\/fernando-rosa-1024x683.jpg?fit=1024%2C683&ssl=1&resize=525%2C300 1.5x, https:\/\/i0.wp.com\/noticiasribeiraopreto.com.br\/wp-content\/uploads\/2024\/08\/fernando-rosa-1024x683.jpg?fit=1024%2C683&ssl=1&resize=700%2C400 2x"},"classes":[]},{"id":23742,"url":"https:\/\/noticiasribeiraopreto.com.br\/index.php\/2024\/01\/02\/marcelo-teixeira-reassume-presidencia-do-santos\/","url_meta":{"origin":21330,"position":5},"title":"Marcelo Teixeira reassume presid\u00eancia do Santos","author":"noticiasribeiraopreto.com.br","date":"2 de January de 2024","format":false,"excerpt":"2 de janeiro de 2024 | 15:55 0De volta \u00e0 presid\u00eancia do Santos ap\u00f3s 14 anos, Marcelo Teixeira reassumiu, nesta ter\u00e7a-feira, o comando do clube paulista. Ele havia sido empossado ainda em dezembro, mas s\u00f3 come\u00e7ou a trabalhar na Vila Belmiro nesta ter\u00e7a, primeiro dia \u00fatil de 2024.\u201cEm seu primeiro\u2026","rel":"","context":"In &quot;Not\u00edcias de Ribeir\u00e3o Preto-SP e Regi\u00e3o&quot;","block_context":{"text":"Not\u00edcias de Ribeir\u00e3o Preto-SP e Regi\u00e3o","link":"https:\/\/noticiasribeiraopreto.com.br\/index.php\/category\/noticias-de-ribeirao-preto-sp-e-regiao-ismael-colosi\/"},"img":{"alt_text":"","src":"https:\/\/i0.wp.com\/noticiasribeiraopreto.com.br\/wp-content\/uploads\/2024\/01\/4689b9af-e525-4d38-8160-82538c919ae5-scaled.jpg?fit=1000%2C624&ssl=1&resize=350%2C200","width":350,"height":200,"srcset":"https:\/\/i0.wp.com\/noticiasribeiraopreto.com.br\/wp-content\/uploads\/2024\/01\/4689b9af-e525-4d38-8160-82538c919ae5-scaled.jpg?fit=1000%2C624&ssl=1&resize=350%2C200 1x, https:\/\/i0.wp.com\/noticiasribeiraopreto.com.br\/wp-content\/uploads\/2024\/01\/4689b9af-e525-4d38-8160-82538c919ae5-scaled.jpg?fit=1000%2C624&ssl=1&resize=525%2C300 1.5x, https:\/\/i0.wp.com\/noticiasribeiraopreto.com.br\/wp-content\/uploads\/2024\/01\/4689b9af-e525-4d38-8160-82538c919ae5-scaled.jpg?fit=1000%2C624&ssl=1&resize=700%2C400 2x"},"classes":[]}],"jetpack_sharing_enabled":true,"jetpack_shortlink":"https:\/\/wp.me\/peQAOb-5y2","_links":{"self":[{"href":"https:\/\/noticiasribeiraopreto.com.br\/index.php\/wp-json\/wp\/v2\/posts\/21330","targetHints":{"allow":["GET"]}}],"collection":[{"href":"https:\/\/noticiasribeiraopreto.com.br\/index.php\/wp-json\/wp\/v2\/posts"}],"about":[{"href":"https:\/\/noticiasribeiraopreto.com.br\/index.php\/wp-json\/wp\/v2\/types\/post"}],"author":[{"embeddable":true,"href":"https:\/\/noticiasribeiraopreto.com.br\/index.php\/wp-json\/wp\/v2\/users\/1"}],"replies":[{"embeddable":true,"href":"https:\/\/noticiasribeiraopreto.com.br\/index.php\/wp-json\/wp\/v2\/comments?post=21330"}],"version-history":[{"count":0,"href":"https:\/\/noticiasribeiraopreto.com.br\/index.php\/wp-json\/wp\/v2\/posts\/21330\/revisions"}],"wp:featuredmedia":[{"embeddable":true,"href":"https:\/\/noticiasribeiraopreto.com.br\/index.php\/wp-json\/wp\/v2\/media\/21331"}],"wp:attachment":[{"href":"https:\/\/noticiasribeiraopreto.com.br\/index.php\/wp-json\/wp\/v2\/media?parent=21330"}],"wp:term":[{"taxonomy":"category","embeddable":true,"href":"https:\/\/noticiasribeiraopreto.com.br\/index.php\/wp-json\/wp\/v2\/categories?post=21330"},{"taxonomy":"post_tag","embeddable":true,"href":"https:\/\/noticiasribeiraopreto.com.br\/index.php\/wp-json\/wp\/v2\/tags?post=21330"}],"curies":[{"name":"wp","href":"https:\/\/api.w.org\/{rel}","templated":true}]}}