{"id":21334,"date":"2023-12-27T15:37:09","date_gmt":"2023-12-27T18:37:09","guid":{"rendered":"https:\/\/noticiasribeiraopreto.com.br\/index.php\/2023\/12\/27\/ja-se-inscreveu-no-concurso-inmetro-selecao-pode-contar-com-ate-300-aprovados\/"},"modified":"2023-12-27T15:37:09","modified_gmt":"2023-12-27T18:37:09","slug":"ja-se-inscreveu-no-concurso-inmetro-selecao-pode-contar-com-ate-300-aprovados","status":"publish","type":"post","link":"https:\/\/noticiasribeiraopreto.com.br\/index.php\/2023\/12\/27\/ja-se-inscreveu-no-concurso-inmetro-selecao-pode-contar-com-ate-300-aprovados\/","title":{"rendered":"J\u00e1 se inscreveu no concurso INMETRO? Sele\u00e7\u00e3o pode contar com at\u00e9 300 aprovados!"},"content":{"rendered":"<div class='code-block code-block-1' style='margin: 8px 0 8px auto; text-align: right; display: block; clear: both;'>\n<p><a href=\"https:\/\/wa.link\/vpicfd\"><img data-recalc-dims=\"1\" class=\"wp-image-4922\" style=\"aspect-ratio: 2.0253164556962027; width: 561px; height: auto;\" src=\"https:\/\/i0.wp.com\/ismaelcolosi.com.br\/wp-content\/uploads\/2023\/11\/grupo-de-empregos-whatsapp-e-facebook-ismael-colosi-vagas.jpg?ssl=1\" alt=\"\" \/><\/a><\/p>\n<!-- \/wp:image -->\n<\/div>\n<p> <br \/>\n<\/p>\n<div>\n<h2><strong>As vagas do concurso INMETRO s\u00e3o para analista\u00a0e pesquisador-tecnologista<\/strong><\/h2>\n<p>Com inscri\u00e7\u00f5es abertas, o concurso INMETRO passou por retifica\u00e7\u00e3o e anunciou que o certame pode contar com at\u00e9 300 aprovados.<\/p>\n<p>Veja mais e n\u00e3o deixe a sua chance passar.<\/p>\n<h2><strong>Concurso Inmetro 2024<\/strong><\/h2>\n<p>Para quem est\u00e1 de olho em uma nova chance no servi\u00e7o p\u00fablico, o Instituto Nacional de Metrologia, Qualidade e Tecnologia (Inmetro) anunciou seu concurso, com inscri\u00e7\u00f5es at\u00e9 8 de janeiro de 2024. S\u00e3o vagas para analista executivo em metrologia e qualidade e pesquisador-tecnologista em metrologia e qualidade, com at\u00e9 300 aprovados.<\/p>\n<h2><strong>N\u00famero de Vagas e Distribui\u00e7\u00e3o\u00a0<\/strong><\/h2>\n<p>Com um total de 100 vagas imediatas (40 para analista e 60 para pesquisador-tecnologista) e mais 200 para cadastro reserva, o concurso foi ajustado para se adequar ao Decreto n\u00ba 9.739\/2019, limitando a aprova\u00e7\u00e3o a 300 candidatos.<\/p>\n<h2><strong>Etapas do Concurso e suas Datas<\/strong><\/h2>\n<p>Os candidatos passar\u00e3o por provas objetivas e discursivas em 14 de abril, nas cidades estrat\u00e9gicas de Goi\u00e2nia, Porto Alegre, Bras\u00edlia, Fortaleza, Salvador e Rio de Janeiro. Veja mais sobre o concurso INMETRO.<\/p>\n<div class=\"bs-irp left bs-irp-thumbnail-1\">\n<p>&#13;<br \/><span class=\"h-text heading-typo\">Voc\u00ea tamb\u00e9m pode gostar:<\/span>&#13; <\/p>\n<\/p><\/div>\n<h2><strong>O que Esperar das Provas Objetivas<\/strong><\/h2>\n<p>A <a href=\"https:\/\/noticiasconcursos.com.br\/concursos-publicos\/concurso-federal\/\">avalia\u00e7\u00e3o<\/a> contar\u00e1 com quest\u00f5es em L\u00edngua Portuguesa, Racioc\u00ednio L\u00f3gico, L\u00edngua Estrangeira, Conhecimento sobre o Inmetro e Conhecimentos Espec\u00edficos do Cargo. S\u00e3o 70 perguntas no total. Confira mais detalhes sobre o concurso INMETRO.<\/p>\n<h2><strong>An\u00e1lise Discursiva e T\u00edtulos no concurso INMETRO<\/strong><\/h2>\n<p>Al\u00e9m das provas, os candidatos enfrentar\u00e3o uma an\u00e1lise discursiva e, para os melhores colocados, uma avalia\u00e7\u00e3o de t\u00edtulos. Nessa fase, doutorado, mestrado, especializa\u00e7\u00e3o e experi\u00eancia profissional ser\u00e3o considerados.<\/p>\n<p>O concurso Inmetro surge como uma excelente <a href=\"https:\/\/noticiasconcursos.com.br\/concursos-publicos\/concursos-abertos\/\">oportunidade<\/a>, n\u00e3o apenas pelo n\u00famero de vagas, mas tamb\u00e9m pela chance de fazer parte de uma institui\u00e7\u00e3o relevante no cen\u00e1rio nacional.<\/p>\n<figure id=\"attachment_782939\" aria-describedby=\"caption-attachment-782939\" style=\"width: 1200px\" class=\"wp-caption aligncenter\"><img data-recalc-dims=\"1\" fetchpriority=\"high\" decoding=\"async\" class=\"wp-image-782939 size-full\" http=\"\" alt=\"J\u00e1 se inscreveu no concurso INMETRO? Sele\u00e7\u00e3o pode contar com at\u00e9 300 aprovados!\" width=\"1200\" height=\"799\" srcset=\"https:\/\/noticiasconcursos.com.br\/wp-content\/uploads\/2023\/12\/noticiasconcursos.com.br-ja-se-inscreveu-no-concurso-inmetro-selecao-pode-contar-com-ate-300-aprovados-inmetro-2.jpg 1200w, https:\/\/noticiasconcursos.com.br\/wp-content\/uploads\/2023\/12\/noticiasconcursos.com.br-ja-se-inscreveu-no-concurso-inmetro-selecao-pode-contar-com-ate-300-aprovados-inmetro-2-300x200.jpg 300w, https:\/\/noticiasconcursos.com.br\/wp-content\/uploads\/2023\/12\/noticiasconcursos.com.br-ja-se-inscreveu-no-concurso-inmetro-selecao-pode-contar-com-ate-300-aprovados-inmetro-2-768x511.jpg 768w\" data-lazy-sizes=\"(max-width: 1200px) 100vw, 1200px\" src=\"https:\/\/i0.wp.com\/noticiasconcursos.com.br\/wp-content\/uploads\/2023\/12\/noticiasconcursos.com.br-ja-se-inscreveu-no-concurso-inmetro-selecao-pode-contar-com-ate-300-aprovados-inmetro-2.jpg?resize=1200%2C799&#038;ssl=1\"\/><noscript><img data-recalc-dims=\"1\" fetchpriority=\"high\" decoding=\"async\" class=\"wp-image-782939 size-full\" src=\"https:\/\/i0.wp.com\/noticiasconcursos.com.br\/wp-content\/uploads\/2023\/12\/noticiasconcursos.com.br-ja-se-inscreveu-no-concurso-inmetro-selecao-pode-contar-com-ate-300-aprovados-inmetro-2.jpg?resize=1200%2C799&#038;ssl=1\" alt=\"J\u00e1 se inscreveu no concurso INMETRO? Sele\u00e7\u00e3o pode contar com at\u00e9 300 aprovados!\" width=\"1200\" height=\"799\" srcset=\"https:\/\/noticiasconcursos.com.br\/wp-content\/uploads\/2023\/12\/noticiasconcursos.com.br-ja-se-inscreveu-no-concurso-inmetro-selecao-pode-contar-com-ate-300-aprovados-inmetro-2.jpg 1200w, https:\/\/noticiasconcursos.com.br\/wp-content\/uploads\/2023\/12\/noticiasconcursos.com.br-ja-se-inscreveu-no-concurso-inmetro-selecao-pode-contar-com-ate-300-aprovados-inmetro-2-300x200.jpg 300w, https:\/\/noticiasconcursos.com.br\/wp-content\/uploads\/2023\/12\/noticiasconcursos.com.br-ja-se-inscreveu-no-concurso-inmetro-selecao-pode-contar-com-ate-300-aprovados-inmetro-2-768x511.jpg 768w\" sizes=\"(max-width: 1200px) 100vw, 1200px\"\/><\/noscript><figcaption id=\"caption-attachment-782939\" class=\"wp-caption-text\">J\u00e1 se inscreveu no concurso INMETRO? Sele\u00e7\u00e3o pode contar com at\u00e9 300 aprovados! Imagem: Reprodu\u00e7\u00e3o<\/figcaption><\/figure>\n<p>\u00a0<\/p>\n<h2><strong>Como se inscrever<\/strong><\/h2>\n<p>Os interessados poder\u00e3o se inscrever at\u00e9 o dia\u00a0<strong>8 de janeiro de 2024<\/strong>, no\u00a0<a href=\"https:\/\/concurso.idecan.org.br\/Concurso.aspx?ID=99\" target=\"_blank\" rel=\"noopener noreferrer\">site do Idecan<\/a>, organizador.<\/p>\n<p><strong>Taxa e Isen\u00e7\u00e3o<\/strong><\/p>\n<p>Para efetivar a sua participa\u00e7\u00e3o no aguardado<a href=\"https:\/\/noticiasconcursos.com.br\/concursos-publicos\/concursos-previstos\/\"> concurso<\/a> Inmetro, \u00e9 crucial atentar-se aos procedimentos de homologa\u00e7\u00e3o da candidatura. Aqui est\u00e3o as informa\u00e7\u00f5es essenciais:<\/p>\n<p><strong>Taxa de Inscri\u00e7\u00e3o:<\/strong><\/p>\n<ul>\n<li>Valor: R$125.<\/li>\n<li>O pagamento deve ser efetuado para validar a candidatura.<\/li>\n<\/ul>\n<p><strong>Isen\u00e7\u00e3o da Taxa:<\/strong><\/p>\n<ul>\n<li>Candidatos inscritos no Cadastro \u00danico (Cad\u00danico) ou doadores de medula \u00f3ssea t\u00eam direito \u00e0 isen\u00e7\u00e3o da taxa.<\/li>\n<li>Prazo para solicita\u00e7\u00e3o: at\u00e9 quarta-feira, 27 de dezembro.<\/li>\n<li>A solicita\u00e7\u00e3o deve ser realizada no portal do Idecan, a banca organizadora do concurso.<\/li>\n<\/ul>\n<h2><strong>Provas do Concurso Inmetro\u00a0<\/strong><\/h2>\n<p>As expectativas est\u00e3o elevadas para os candidatos do concurso do Inmetro, marcado para o dia 14 de abril. Com oportunidades em jogo para Analista Executivo em Metrologia e Qualidade e Pesquisador-Tecnologista em Metrologia e Qualidade, as provas assumem um papel decisivo no processo seletivo.<\/p>\n<p>Entenda ent\u00e3o sobre as disciplinas cobradas e veja maiores esclarecimentos.<\/p>\n<p><strong>Diversidade de Disciplinas<\/strong><\/p>\n<p>As provas objetivas abrangem disciplinas espec\u00edficas para cada cargo, incluindo L\u00edngua Portuguesa, Racioc\u00ednio L\u00f3gico, L\u00edngua Estrangeira, Conhecimento sobre o Inmetro e Conhecimentos Espec\u00edficos do Cargo. No total, ser\u00e3o 70 quest\u00f5es, distribu\u00eddas estrategicamente para avaliar o dom\u00ednio de cada concorrente. Confira mais detalhes e entenda sobre este concurso que ser\u00e1 t\u00e3o concorrido.<\/p>\n<h4><strong>Etapa Discursiva com Temas Relevantes<\/strong><\/h4>\n<p>Al\u00e9m das provas objetivas, a etapa discursiva demanda que os candidatos expressem suas ideias por meio de um texto dissertativo. Veja mais sobre o\u00a0 concurso INMETRO.<\/p>\n<h3><strong>Avalia\u00e7\u00e3o de T\u00edtulos concurso INMETRO<\/strong><\/h3>\n<p>Os melhores classificados nas fases anteriores ser\u00e3o convocados para a avalia\u00e7\u00e3o de t\u00edtulos. Doutorado, mestrado, especializa\u00e7\u00e3o e experi\u00eancia profissional ser\u00e3o pontuados, valorizando a bagagem acad\u00eamica e trajet\u00f3ria profissional dos participantes.<\/p>\n<h2><strong>Prepara\u00e7\u00e3o S\u00f3lida<\/strong><\/h2>\n<p>\u00c0 medida que as provas se aproximam, uma prepara\u00e7\u00e3o s\u00f3lida e focada nas disciplinas espec\u00edficas se torna fundamental. Cada etapa \u00e9 uma oportunidade para os candidatos se destacarem, demonstrando n\u00e3o apenas conhecimento, mas tamb\u00e9m habilidades que os tornam aptos para as exig\u00eancias do Inmetro.<\/p>\n<p> <noscript><iframe loading=\"lazy\" title=\"Conhe\u00e7a os principais requisitos para ingresso no servi\u00e7o p\u00fablico!\" width=\"500\" height=\"281\" src=\"https:\/\/www.youtube.com\/embed\/SkAYwHIBoVk?feature=oembed\" frameborder=\"0\" allow=\"accelerometer; autoplay; clipboard-write; encrypted-media; gyroscope; picture-in-picture; web-share\" referrerpolicy=\"strict-origin-when-cross-origin\" allowfullscreen><\/iframe><\/noscript> <\/p>\n<\/div>\n<p><br \/>\n<br \/><a href=\"https:\/\/ismaelcolosi.com.br\/ja-se-inscreveu-no-concurso-inmetro-selecao-pode-contar-com-ate-300-aprovados\/\">Source link <\/a><\/p>\n<!-- CONTENT END 1 -->\n","protected":false},"excerpt":{"rendered":"<p>As vagas do concurso INMETRO s\u00e3o para analista\u00a0e pesquisador-tecnologista Com inscri\u00e7\u00f5es abertas, o concurso INMETRO passou por retifica\u00e7\u00e3o e anunciou que o certame pode contar&#8230;<\/p>\n","protected":false},"author":1,"featured_media":21335,"comment_status":"open","ping_status":"open","sticky":false,"template":"","format":"standard","meta":{"advanced_seo_description":"","jetpack_seo_html_title":"","jetpack_seo_noindex":false,"jetpack_post_was_ever_published":false,"_jetpack_newsletter_access":"","_jetpack_dont_email_post_to_subs":false,"_jetpack_newsletter_tier_id":0,"_jetpack_memberships_contains_paywalled_content":false,"_jetpack_memberships_contains_paid_content":false,"footnotes":"","jetpack_publicize_message":"","jetpack_publicize_feature_enabled":true,"jetpack_social_post_already_shared":true,"jetpack_social_options":{"image_generator_settings":{"template":"highway","default_image_id":0,"font":"","enabled":false},"version":2}},"categories":[7],"tags":[],"class_list":["post-21334","post","type-post","status-publish","format-standard","has-post-thumbnail","hentry","category-vagas-de-empregos-em-ribeirao-preto-regiao-brasil"],"jetpack_publicize_connections":[],"jetpack_featured_media_url":"https:\/\/i0.wp.com\/noticiasribeiraopreto.com.br\/wp-content\/uploads\/2023\/12\/noticiasconcursos.com_.br-ja-se-inscreveu-no-concurso-inmetro-selecao-pode-contar-com-ate-300-aprovados-inmetro-2.jpg?fit=1200%2C799&ssl=1","jetpack-related-posts":[{"id":20615,"url":"https:\/\/noticiasribeiraopreto.com.br\/index.php\/2023\/12\/26\/concurso-publico-inmetro-oferece-860-vagas\/","url_meta":{"origin":21334,"position":0},"title":"Concurso p\u00fablico INMETRO oferece 860 vagas","author":"noticiasribeiraopreto.com.br","date":"26 de December de 2023","format":false,"excerpt":"Cr\u00e9ditos: IStockConcurso p\u00fablico INMETROO Instituto Nacional de Metrologia, Qualidade e Tecnologia (INMETRO) anuncia o edital de n\u00ba 1\/2023 de concurso p\u00fablico, para contrata\u00e7\u00e3o de novos servidores efetivos de n\u00edvel superior. O documento informa que est\u00e3o abertas\u00a0860 oportunidades, das quais 100 s\u00e3o vagas imediatas e as outras 760 s\u00e3o para forma\u00e7\u00e3o\u2026","rel":"","context":"In &quot;Variedades&quot;","block_context":{"text":"Variedades","link":"https:\/\/noticiasribeiraopreto.com.br\/index.php\/category\/variedades\/"},"img":{"alt_text":"","src":"https:\/\/i0.wp.com\/noticiasribeiraopreto.com.br\/wp-content\/uploads\/2023\/12\/istock-187131634-1.jpg?fit=1200%2C638&ssl=1&resize=350%2C200","width":350,"height":200,"srcset":"https:\/\/i0.wp.com\/noticiasribeiraopreto.com.br\/wp-content\/uploads\/2023\/12\/istock-187131634-1.jpg?fit=1200%2C638&ssl=1&resize=350%2C200 1x, https:\/\/i0.wp.com\/noticiasribeiraopreto.com.br\/wp-content\/uploads\/2023\/12\/istock-187131634-1.jpg?fit=1200%2C638&ssl=1&resize=525%2C300 1.5x, https:\/\/i0.wp.com\/noticiasribeiraopreto.com.br\/wp-content\/uploads\/2023\/12\/istock-187131634-1.jpg?fit=1200%2C638&ssl=1&resize=700%2C400 2x, https:\/\/i0.wp.com\/noticiasribeiraopreto.com.br\/wp-content\/uploads\/2023\/12\/istock-187131634-1.jpg?fit=1200%2C638&ssl=1&resize=1050%2C600 3x"},"classes":[]},{"id":16014,"url":"https:\/\/noticiasribeiraopreto.com.br\/index.php\/2023\/12\/14\/concurso-publico-inmetro-tem-edital-com-860-vagas\/","url_meta":{"origin":21334,"position":1},"title":"Concurso p\u00fablico INMETRO tem edital com 860 vagas","author":"noticiasribeiraopreto.com.br","date":"14 de December de 2023","format":false,"excerpt":"Cr\u00e9ditos: IStockConcurso P\u00fablico INMETROO Instituto Nacional de Metrologia (INMETRO)\u00a0anuncia edital de n\u00ba 1\/2023 de concurso p\u00fablico,\u00a0para contrata\u00e7\u00e3o de novos servidores efetivos de n\u00edvel superior. O documento informa que est\u00e3o abertas\u00a0860 oportunidades, das quais 100 s\u00e3o vagas imediatas e as outras 760 s\u00e3o para forma\u00e7\u00e3o de cadastro reserva (CR).A remunera\u00e7\u00e3o prevista\u2026","rel":"","context":"In &quot;Variedades&quot;","block_context":{"text":"Variedades","link":"https:\/\/noticiasribeiraopreto.com.br\/index.php\/category\/variedades\/"},"img":{"alt_text":"","src":"https:\/\/i0.wp.com\/noticiasribeiraopreto.com.br\/wp-content\/uploads\/2023\/12\/istock-1091216916.jpg?fit=1200%2C638&ssl=1&resize=350%2C200","width":350,"height":200,"srcset":"https:\/\/i0.wp.com\/noticiasribeiraopreto.com.br\/wp-content\/uploads\/2023\/12\/istock-1091216916.jpg?fit=1200%2C638&ssl=1&resize=350%2C200 1x, https:\/\/i0.wp.com\/noticiasribeiraopreto.com.br\/wp-content\/uploads\/2023\/12\/istock-1091216916.jpg?fit=1200%2C638&ssl=1&resize=525%2C300 1.5x, https:\/\/i0.wp.com\/noticiasribeiraopreto.com.br\/wp-content\/uploads\/2023\/12\/istock-1091216916.jpg?fit=1200%2C638&ssl=1&resize=700%2C400 2x, https:\/\/i0.wp.com\/noticiasribeiraopreto.com.br\/wp-content\/uploads\/2023\/12\/istock-1091216916.jpg?fit=1200%2C638&ssl=1&resize=1050%2C600 3x"},"classes":[]},{"id":19790,"url":"https:\/\/noticiasribeiraopreto.com.br\/index.php\/2023\/12\/23\/inmetro-lanca-edital-de-concurso-com-860-vagas-para-nivel-superior\/","url_meta":{"origin":21334,"position":2},"title":"INMETRO lan\u00e7a edital de concurso com 860 vagas para n\u00edvel superior","author":"noticiasribeiraopreto.com.br","date":"23 de December de 2023","format":false,"excerpt":"Cr\u00e9ditos: IStockConcurso p\u00fablico INMETROO Instituto Nacional de Metrologia, Qualidade e Tecnologia (INMETRO) revelou o aguardado edital de n\u00ba 1\/2023 para seu concurso p\u00fablico, visando o preenchimento de 860 vagas para profissionais de n\u00edvel superior. Deste total, 100 s\u00e3o oportunidades imediatas, enquanto 760 s\u00e3o destinadas \u00e0 forma\u00e7\u00e3o de cadastro reserva (CR).No\u2026","rel":"","context":"In &quot;Variedades&quot;","block_context":{"text":"Variedades","link":"https:\/\/noticiasribeiraopreto.com.br\/index.php\/category\/variedades\/"},"img":{"alt_text":"","src":"https:\/\/i0.wp.com\/noticiasribeiraopreto.com.br\/wp-content\/uploads\/2023\/12\/istock-535847793-1.jpg?fit=1200%2C638&ssl=1&resize=350%2C200","width":350,"height":200,"srcset":"https:\/\/i0.wp.com\/noticiasribeiraopreto.com.br\/wp-content\/uploads\/2023\/12\/istock-535847793-1.jpg?fit=1200%2C638&ssl=1&resize=350%2C200 1x, https:\/\/i0.wp.com\/noticiasribeiraopreto.com.br\/wp-content\/uploads\/2023\/12\/istock-535847793-1.jpg?fit=1200%2C638&ssl=1&resize=525%2C300 1.5x, https:\/\/i0.wp.com\/noticiasribeiraopreto.com.br\/wp-content\/uploads\/2023\/12\/istock-535847793-1.jpg?fit=1200%2C638&ssl=1&resize=700%2C400 2x, https:\/\/i0.wp.com\/noticiasribeiraopreto.com.br\/wp-content\/uploads\/2023\/12\/istock-535847793-1.jpg?fit=1200%2C638&ssl=1&resize=1050%2C600 3x"},"classes":[]},{"id":16998,"url":"https:\/\/noticiasribeiraopreto.com.br\/index.php\/2023\/12\/17\/inmetro-lanca-concurso-publico-com-860-vagas-para-nivel-superior\/","url_meta":{"origin":21334,"position":3},"title":"INMETRO lan\u00e7a concurso p\u00fablico com 860 vagas para n\u00edvel superior","author":"noticiasribeiraopreto.com.br","date":"17 de December de 2023","format":false,"excerpt":"Cr\u00e9ditos: IStockINMETRO lan\u00e7a Concurso P\u00fablicoO Instituto Nacional de Metrologia (INMETRO) divulgou o edital de n\u00famero 1\/2023 para seu concurso p\u00fablico, visando a contrata\u00e7\u00e3o de novos profissionais de n\u00edvel superior. Com um total de 860 oportunidades, sendo 100 vagas imediatas e 760 para forma\u00e7\u00e3o de cadastro reserva (CR), o documento destaca\u2026","rel":"","context":"In &quot;Variedades&quot;","block_context":{"text":"Variedades","link":"https:\/\/noticiasribeiraopreto.com.br\/index.php\/category\/variedades\/"},"img":{"alt_text":"","src":"https:\/\/i0.wp.com\/noticiasribeiraopreto.com.br\/wp-content\/uploads\/2023\/12\/istock-530682793.jpg?fit=1200%2C638&ssl=1&resize=350%2C200","width":350,"height":200,"srcset":"https:\/\/i0.wp.com\/noticiasribeiraopreto.com.br\/wp-content\/uploads\/2023\/12\/istock-530682793.jpg?fit=1200%2C638&ssl=1&resize=350%2C200 1x, https:\/\/i0.wp.com\/noticiasribeiraopreto.com.br\/wp-content\/uploads\/2023\/12\/istock-530682793.jpg?fit=1200%2C638&ssl=1&resize=525%2C300 1.5x, https:\/\/i0.wp.com\/noticiasribeiraopreto.com.br\/wp-content\/uploads\/2023\/12\/istock-530682793.jpg?fit=1200%2C638&ssl=1&resize=700%2C400 2x, https:\/\/i0.wp.com\/noticiasribeiraopreto.com.br\/wp-content\/uploads\/2023\/12\/istock-530682793.jpg?fit=1200%2C638&ssl=1&resize=1050%2C600 3x"},"classes":[]},{"id":23995,"url":"https:\/\/noticiasribeiraopreto.com.br\/index.php\/2024\/01\/03\/inscricoes-para-400-vagas-entram-na-reta-final-2\/","url_meta":{"origin":21334,"position":4},"title":"inscri\u00e7\u00f5es para 400 vagas entram na reta final","author":"noticiasribeiraopreto.com.br","date":"3 de January de 2024","format":false,"excerpt":"Quem ainda pretende prestar o concurso do Inmetro (Instituto Nacional de Metrologia, Qualidade e Tecnologia) tem somente at\u00e9 segunda-feira (8) para se inscrever.\u00a0 Originalmente, o processo seletivo ofertava 860 vagas, n\u00famero que acabou reduzido para 400 ap\u00f3s retifica\u00e7\u00e3o do edital. Agora, a distribui\u00e7\u00e3o dos postos \u00e9 a seguinte: \u00a0 \u00a0\u2026","rel":"","context":"In &quot;Vagas de Emprego em Ribeir\u00e3o Preto-SP&quot;","block_context":{"text":"Vagas de Emprego em Ribeir\u00e3o Preto-SP","link":"https:\/\/noticiasribeiraopreto.com.br\/index.php\/category\/empregos-classificados-vagas-trabalho\/vagas-de-empregos-em-ribeirao-preto-regiao-brasil\/"},"img":{"alt_text":"","src":"","width":0,"height":0},"classes":[]},{"id":19637,"url":"https:\/\/noticiasribeiraopreto.com.br\/index.php\/2023\/12\/22\/inmetro-anuncia-edital-de-concurso-publico-com-860-vagas-para-profissionais-de-nivel-superior\/","url_meta":{"origin":21334,"position":5},"title":"INMETRO anuncia edital de concurso p\u00fablico com 860 vagas para profissionais de n\u00edvel superior","author":"noticiasribeiraopreto.com.br","date":"22 de December de 2023","format":false,"excerpt":"Cr\u00e9ditos: IStockConcurso p\u00fablico INMETRO O aguardado edital de n\u00ba 1\/2023 para concurso p\u00fablico do Instituto Nacional de Metrologia, Qualidade e Tecnologia (INMETRO) foi finalmente divulgado, abrindo caminho para o preenchimento de 860 vagas voltadas a profissionais com forma\u00e7\u00e3o de n\u00edvel superior. Desse total, 100 oportunidades est\u00e3o imediatamente dispon\u00edveis, enquanto 760\u2026","rel":"","context":"In &quot;Variedades&quot;","block_context":{"text":"Variedades","link":"https:\/\/noticiasribeiraopreto.com.br\/index.php\/category\/variedades\/"},"img":{"alt_text":"","src":"https:\/\/i0.wp.com\/noticiasribeiraopreto.com.br\/wp-content\/uploads\/2023\/12\/istock-1455111368.jpg?fit=1200%2C638&ssl=1&resize=350%2C200","width":350,"height":200,"srcset":"https:\/\/i0.wp.com\/noticiasribeiraopreto.com.br\/wp-content\/uploads\/2023\/12\/istock-1455111368.jpg?fit=1200%2C638&ssl=1&resize=350%2C200 1x, https:\/\/i0.wp.com\/noticiasribeiraopreto.com.br\/wp-content\/uploads\/2023\/12\/istock-1455111368.jpg?fit=1200%2C638&ssl=1&resize=525%2C300 1.5x, https:\/\/i0.wp.com\/noticiasribeiraopreto.com.br\/wp-content\/uploads\/2023\/12\/istock-1455111368.jpg?fit=1200%2C638&ssl=1&resize=700%2C400 2x, https:\/\/i0.wp.com\/noticiasribeiraopreto.com.br\/wp-content\/uploads\/2023\/12\/istock-1455111368.jpg?fit=1200%2C638&ssl=1&resize=1050%2C600 3x"},"classes":[]}],"jetpack_sharing_enabled":true,"jetpack_shortlink":"https:\/\/wp.me\/peQAOb-5y6","_links":{"self":[{"href":"https:\/\/noticiasribeiraopreto.com.br\/index.php\/wp-json\/wp\/v2\/posts\/21334","targetHints":{"allow":["GET"]}}],"collection":[{"href":"https:\/\/noticiasribeiraopreto.com.br\/index.php\/wp-json\/wp\/v2\/posts"}],"about":[{"href":"https:\/\/noticiasribeiraopreto.com.br\/index.php\/wp-json\/wp\/v2\/types\/post"}],"author":[{"embeddable":true,"href":"https:\/\/noticiasribeiraopreto.com.br\/index.php\/wp-json\/wp\/v2\/users\/1"}],"replies":[{"embeddable":true,"href":"https:\/\/noticiasribeiraopreto.com.br\/index.php\/wp-json\/wp\/v2\/comments?post=21334"}],"version-history":[{"count":0,"href":"https:\/\/noticiasribeiraopreto.com.br\/index.php\/wp-json\/wp\/v2\/posts\/21334\/revisions"}],"wp:featuredmedia":[{"embeddable":true,"href":"https:\/\/noticiasribeiraopreto.com.br\/index.php\/wp-json\/wp\/v2\/media\/21335"}],"wp:attachment":[{"href":"https:\/\/noticiasribeiraopreto.com.br\/index.php\/wp-json\/wp\/v2\/media?parent=21334"}],"wp:term":[{"taxonomy":"category","embeddable":true,"href":"https:\/\/noticiasribeiraopreto.com.br\/index.php\/wp-json\/wp\/v2\/categories?post=21334"},{"taxonomy":"post_tag","embeddable":true,"href":"https:\/\/noticiasribeiraopreto.com.br\/index.php\/wp-json\/wp\/v2\/tags?post=21334"}],"curies":[{"name":"wp","href":"https:\/\/api.w.org\/{rel}","templated":true}]}}