{"id":21338,"date":"2023-12-27T15:42:39","date_gmt":"2023-12-27T18:42:39","guid":{"rendered":"https:\/\/noticiasribeiraopreto.com.br\/index.php\/2023\/12\/27\/governo-reajusta-salario-minimo-de-2024-para-r-1-412\/"},"modified":"2023-12-27T15:42:39","modified_gmt":"2023-12-27T18:42:39","slug":"governo-reajusta-salario-minimo-de-2024-para-r-1-412","status":"publish","type":"post","link":"https:\/\/noticiasribeiraopreto.com.br\/index.php\/2023\/12\/27\/governo-reajusta-salario-minimo-de-2024-para-r-1-412\/","title":{"rendered":"Governo reajusta sal\u00e1rio m\u00ednimo de 2024 para R$ 1.412"},"content":{"rendered":"<div class='code-block code-block-1' style='margin: 8px 0 8px auto; text-align: right; display: block; clear: both;'>\n<p><a href=\"https:\/\/wa.link\/vpicfd\"><img data-recalc-dims=\"1\" class=\"wp-image-4922\" style=\"aspect-ratio: 2.0253164556962027; width: 561px; height: auto;\" src=\"https:\/\/i0.wp.com\/ismaelcolosi.com.br\/wp-content\/uploads\/2023\/11\/grupo-de-empregos-whatsapp-e-facebook-ismael-colosi-vagas.jpg?ssl=1\" alt=\"\" \/><\/a><\/p>\n<!-- \/wp:image -->\n<\/div>\n<p> <br \/>\n<\/p>\n<div>\n<div id=\"attachment_583060\" class=\"wp-caption alignnone style=\" max-width:=\"\"><img data-recalc-dims=\"1\" fetchpriority=\"high\" decoding=\"async\" class=\"alignnone wp-image-583060 size-full\" src=\"https:\/\/i0.wp.com\/forbes.com.br\/wp-content\/uploads\/2023\/11\/carreira-salario-dinheiro-2-768x512.jpg?resize=678%2C452&#038;ssl=1\" http:=\"\" alt=\"Sal\u00e1rio\" width=\"678\" height=\"452\" data-lazy-src=\"https:\/\/forbes.com.br\/wp-content\/uploads\/2023\/11\/carreira-salario-dinheiro-2-768x512.jpg\"\/><noscript><img data-recalc-dims=\"1\" fetchpriority=\"high\" decoding=\"async\" class=\"alignnone wp-image-583060 size-full\" src=\"https:\/\/i0.wp.com\/forbes.com.br\/wp-content\/uploads\/2023\/11\/carreira-salario-dinheiro-2-768x512.jpg?resize=678%2C452&#038;ssl=1\" alt=\"Sal\u00e1rio\" width=\"678\" height=\"452\"\/><\/noscript><\/p>\n<p>Getty Images<\/p>\n<p class=\"wp-caption-text\">A diminui\u00e7\u00e3o da infla\u00e7\u00e3o fez com que o reajuste final do sal\u00e1rio m\u00ednimo de 2024 ficasse um pouco abaixo do previsto<\/p>\n<\/div>\n<p>O governo federal confirmou nesta quarta-feira (27) o valor do sal\u00e1rio m\u00ednimo de 2024 em R$ 1.412 mensais a partir de 1\u00ba de janeiro, um reajuste de 6,97% em rela\u00e7\u00e3o aos R$ 1.320 atuais.<\/p>\n<p>A corre\u00e7\u00e3o inclui a infla\u00e7\u00e3o dos 12 meses encerrados em novembro, 3,85%, somado a um ganho real de 3%, que \u00e9 o equivalente ao aumento do PIB (Produto Interno Bruto) em 2022. O c\u00e1lculo leva em conta a lei de reajuste do sal\u00e1rio m\u00ednimo, enviada pelo governo ao Congresso e aprovada em agosto.<\/p>\n<ul>\n<li>\n<h3>Siga o canal da <a href=\"https:\/\/whatsapp.com\/channel\/0029Va9gQKwBFLgM96cJnu0u\" target=\"_blank\" rel=\"noopener\">Forbes<\/a> e de <a href=\"https:\/\/whatsapp.com\/channel\/0029VaAZk57JuyA9F4UwQc2I\" target=\"_blank\" rel=\"noopener\">Forbes Money<\/a> no WhatsApp e receba as principais not\u00edcias sobre neg\u00f3cios, carreira, tecnologia e estilo de vida<\/h3>\n<\/li>\n<\/ul>\n<p>O texto retomou a pol\u00edtica de ganho real que era adotada no primeiro governo do presidente Luiz In\u00e1cio Lula da Silva, mas havia sido revista no governo de Jair Bolsonaro, que passou a repassar apenas a varia\u00e7\u00e3o da infla\u00e7\u00e3o. A alega\u00e7\u00e3o era de que o ganho real onerava os cofres p\u00fablicos, j\u00e1 que boa parte dos pagamentos da Previd\u00eancia Social \u00e9 de um sal\u00e1rio m\u00ednimo.<\/p>\n<p>A previs\u00e3o inicial do governo federal, enviada no Or\u00e7amento da Uni\u00e3o ao Congresso, era de que o sal\u00e1rio m\u00ednimo chegasse a R$ 1.421. No entanto, a diminui\u00e7\u00e3o da infla\u00e7\u00e3o fez com que o reajuste final ficasse um pouco abaixo do previsto.<\/p>\n<\/div>\n<p><script type=\"rocketlazyloadscript\">\n\t\t\t\t(function(d, s, id){\n\t\t\t\t\tvar js, fjs = d.getElementsByTagName(s)[0];\n\t\t\t\t\tif (d.getElementById(id)) return;\n\t\t\t\t\tjs = d.createElement(s); js.id = id;\n\t\t\t\t\tjs.src = \"\/\/connect.facebook.net\/pt_BR\/sdk.js#xfbml=1&version=v2.9\";\n\t\t\t\t\tfjs.parentNode.insertBefore(js, fjs);\n\t\t\t\t}(document, 'script', 'facebook-jssdk'));\n\t\t\t<\/script><br \/>\n<br \/><br \/>\n<br \/><a href=\"https:\/\/forbes.com.br\/forbes-money\/2023\/12\/governo-confirma-reajuste-do-salario-minimo-de-2024-para-r-1-412\/\">Source link <\/a><\/p>\n<!-- CONTENT END 1 -->\n","protected":false},"excerpt":{"rendered":"<p>Getty Images A diminui\u00e7\u00e3o da infla\u00e7\u00e3o fez com que o reajuste final do sal\u00e1rio m\u00ednimo de 2024 ficasse um pouco abaixo do previsto O governo&#8230;<\/p>\n","protected":false},"author":1,"featured_media":21339,"comment_status":"open","ping_status":"open","sticky":false,"template":"","format":"standard","meta":{"advanced_seo_description":"","jetpack_seo_html_title":"","jetpack_seo_noindex":false,"jetpack_post_was_ever_published":false,"_jetpack_newsletter_access":"","_jetpack_dont_email_post_to_subs":false,"_jetpack_newsletter_tier_id":0,"_jetpack_memberships_contains_paywalled_content":false,"_jetpack_memberships_contains_paid_content":false,"footnotes":"","jetpack_publicize_message":"","jetpack_publicize_feature_enabled":true,"jetpack_social_post_already_shared":true,"jetpack_social_options":{"image_generator_settings":{"template":"highway","default_image_id":0,"font":"","enabled":false},"version":2}},"categories":[1],"tags":[],"class_list":["post-21338","post","type-post","status-publish","format-standard","has-post-thumbnail","hentry","category-blog"],"jetpack_publicize_connections":[],"jetpack_featured_media_url":"https:\/\/i0.wp.com\/noticiasribeiraopreto.com.br\/wp-content\/uploads\/2023\/12\/carreira-salario-dinheiro-2-1024x683.jpg?fit=1024%2C683&ssl=1","jetpack-related-posts":[{"id":22939,"url":"https:\/\/noticiasribeiraopreto.com.br\/index.php\/2023\/12\/31\/salario-minimo-de-r-1-412-deve-injetar-r-699-bilhoes-no-brasil\/","url_meta":{"origin":21338,"position":0},"title":"Sal\u00e1rio m\u00ednimo de R$ 1.412 deve injetar R$ 69,9 bilh\u00f5es no Brasil","author":"noticiasribeiraopreto.com.br","date":"31 de December de 2023","format":false,"excerpt":"Um levantamento realizado pelo Departamento Intersindical de Estat\u00edstica e Estudos Socioecon\u00f4micos (Dieese), apontou que o novo sal\u00e1rio m\u00ednimo dever\u00e1 injetar R$ 69,9 bilh\u00f5es na economia brasileira em 2024. A saber, o presidente Luiz In\u00e1cio Lula da Silva assinou um decreto na \u00faltima quarta-feira (27) que reajustar\u00e1 o valor do sal\u00e1rio\u2026","rel":"","context":"In &quot;Vagas de Emprego em Ribeir\u00e3o Preto-SP&quot;","block_context":{"text":"Vagas de Emprego em Ribeir\u00e3o Preto-SP","link":"https:\/\/noticiasribeiraopreto.com.br\/index.php\/category\/empregos-classificados-vagas-trabalho\/vagas-de-empregos-em-ribeirao-preto-regiao-brasil\/"},"img":{"alt_text":"","src":"https:\/\/i0.wp.com\/noticiasribeiraopreto.com.br\/wp-content\/uploads\/2023\/12\/noticiasconcursos.com_.br-salario-minimo-de-r-1-412-deve-injetar-r-699-bilhoes-na-economia-brasileira-real-pixabay-750x430.jpg?fit=750%2C430&ssl=1&resize=350%2C200","width":350,"height":200,"srcset":"https:\/\/i0.wp.com\/noticiasribeiraopreto.com.br\/wp-content\/uploads\/2023\/12\/noticiasconcursos.com_.br-salario-minimo-de-r-1-412-deve-injetar-r-699-bilhoes-na-economia-brasileira-real-pixabay-750x430.jpg?fit=750%2C430&ssl=1&resize=350%2C200 1x, https:\/\/i0.wp.com\/noticiasribeiraopreto.com.br\/wp-content\/uploads\/2023\/12\/noticiasconcursos.com_.br-salario-minimo-de-r-1-412-deve-injetar-r-699-bilhoes-na-economia-brasileira-real-pixabay-750x430.jpg?fit=750%2C430&ssl=1&resize=525%2C300 1.5x, https:\/\/i0.wp.com\/noticiasribeiraopreto.com.br\/wp-content\/uploads\/2023\/12\/noticiasconcursos.com_.br-salario-minimo-de-r-1-412-deve-injetar-r-699-bilhoes-na-economia-brasileira-real-pixabay-750x430.jpg?fit=750%2C430&ssl=1&resize=700%2C400 2x"},"classes":[]},{"id":20625,"url":"https:\/\/noticiasribeiraopreto.com.br\/index.php\/2023\/12\/26\/novo-calculo-proposto-pode-elevar-valor\/","url_meta":{"origin":21338,"position":1},"title":"novo c\u00e1lculo proposto pode elevar valor?","author":"noticiasribeiraopreto.com.br","date":"26 de December de 2023","format":false,"excerpt":"Cr\u00e9ditos: Istock\/Andrzej Rostek Governo divulga novo sal\u00e1rio m\u00ednimo e valor IMPRESSIONA O reajuste do sal\u00e1rio m\u00ednimo \u00e9 um tema de extrema import\u00e2ncia para milh\u00f5es de brasileiros que dependem dessa remunera\u00e7\u00e3o como meio de sobreviv\u00eancia em meio aos desafios financeiros do pa\u00eds. Para o ano de 2024, o valor do sal\u00e1rio\u2026","rel":"","context":"In &quot;Variedades&quot;","block_context":{"text":"Variedades","link":"https:\/\/noticiasribeiraopreto.com.br\/index.php\/category\/variedades\/"},"img":{"alt_text":"","src":"https:\/\/i0.wp.com\/noticiasribeiraopreto.com.br\/wp-content\/uploads\/2023\/12\/1703583234_salario-minimo.jpg?fit=1200%2C638&ssl=1&resize=350%2C200","width":350,"height":200,"srcset":"https:\/\/i0.wp.com\/noticiasribeiraopreto.com.br\/wp-content\/uploads\/2023\/12\/1703583234_salario-minimo.jpg?fit=1200%2C638&ssl=1&resize=350%2C200 1x, https:\/\/i0.wp.com\/noticiasribeiraopreto.com.br\/wp-content\/uploads\/2023\/12\/1703583234_salario-minimo.jpg?fit=1200%2C638&ssl=1&resize=525%2C300 1.5x, https:\/\/i0.wp.com\/noticiasribeiraopreto.com.br\/wp-content\/uploads\/2023\/12\/1703583234_salario-minimo.jpg?fit=1200%2C638&ssl=1&resize=700%2C400 2x, https:\/\/i0.wp.com\/noticiasribeiraopreto.com.br\/wp-content\/uploads\/2023\/12\/1703583234_salario-minimo.jpg?fit=1200%2C638&ssl=1&resize=1050%2C600 3x"},"classes":[]},{"id":21823,"url":"https:\/\/noticiasribeiraopreto.com.br\/index.php\/2023\/12\/28\/inss-vai-pagar-novo-salario-minimo-a-aposentados-em-2024-confira-valor\/","url_meta":{"origin":21338,"position":2},"title":"INSS vai pagar NOVO Sal\u00e1rio M\u00ednimo a Aposentados em 2024; confira valor","author":"noticiasribeiraopreto.com.br","date":"28 de December de 2023","format":false,"excerpt":"O governo brasileiro anunciou recentemente que o valor do sal\u00e1rio m\u00ednimo em 2024 ser\u00e1 de R$ 1.412, um aumento de R$ 92 em rela\u00e7\u00e3o ao valor atual de R$ 1.320. Este ajuste n\u00e3o s\u00f3 afeta aqueles que recebem o sal\u00e1rio m\u00ednimo, mas tamb\u00e9m ter\u00e1 um impacto significativo em v\u00e1rias outras\u2026","rel":"","context":"In &quot;Vagas de Emprego em Ribeir\u00e3o Preto-SP&quot;","block_context":{"text":"Vagas de Emprego em Ribeir\u00e3o Preto-SP","link":"https:\/\/noticiasribeiraopreto.com.br\/index.php\/category\/empregos-classificados-vagas-trabalho\/vagas-de-empregos-em-ribeirao-preto-regiao-brasil\/"},"img":{"alt_text":"","src":"","width":0,"height":0},"classes":[]},{"id":23188,"url":"https:\/\/noticiasribeiraopreto.com.br\/index.php\/2024\/01\/01\/salario-minimo-de-r-1-412-entra-em-vigor-nesta-segunda\/","url_meta":{"origin":21338,"position":3},"title":"Sal\u00e1rio m\u00ednimo de R$ 1.412 entra em vigor nesta segunda","author":"noticiasribeiraopreto.com.br","date":"1 de January de 2024","format":false,"excerpt":"1 de janeiro de 2024 | 12:001 de janeiro de 2024 | 10:50 0A partir desta segunda-feira (1\u00ba), o sal\u00e1rio m\u00ednimo oficial ser\u00e1 de R$ 1.412. O valor, que ser\u00e1 pago a partir de fevereiro referente \u00e0 folha de janeiro, \u00e9 6,97% maior que o sal\u00e1rio de R$ 1.320, que\u2026","rel":"","context":"In &quot;Not\u00edcias de Ribeir\u00e3o Preto-SP e Regi\u00e3o&quot;","block_context":{"text":"Not\u00edcias de Ribeir\u00e3o Preto-SP e Regi\u00e3o","link":"https:\/\/noticiasribeiraopreto.com.br\/index.php\/category\/noticias-de-ribeirao-preto-sp-e-regiao-ismael-colosi\/"},"img":{"alt_text":"","src":"https:\/\/i0.wp.com\/noticiasribeiraopreto.com.br\/wp-content\/uploads\/2024\/01\/72bc50a2-e7b6-43a0-a61b-56cd97204ba5-scaled.jpg?fit=968%2C645&ssl=1&resize=350%2C200","width":350,"height":200,"srcset":"https:\/\/i0.wp.com\/noticiasribeiraopreto.com.br\/wp-content\/uploads\/2024\/01\/72bc50a2-e7b6-43a0-a61b-56cd97204ba5-scaled.jpg?fit=968%2C645&ssl=1&resize=350%2C200 1x, https:\/\/i0.wp.com\/noticiasribeiraopreto.com.br\/wp-content\/uploads\/2024\/01\/72bc50a2-e7b6-43a0-a61b-56cd97204ba5-scaled.jpg?fit=968%2C645&ssl=1&resize=525%2C300 1.5x, https:\/\/i0.wp.com\/noticiasribeiraopreto.com.br\/wp-content\/uploads\/2024\/01\/72bc50a2-e7b6-43a0-a61b-56cd97204ba5-scaled.jpg?fit=968%2C645&ssl=1&resize=700%2C400 2x"},"classes":[]},{"id":26289,"url":"https:\/\/noticiasribeiraopreto.com.br\/index.php\/2024\/01\/09\/salario-minimo-de-r-1-412-entra-em-vigor-nesta-segunda-feira\/","url_meta":{"origin":21338,"position":4},"title":"Sal\u00e1rio m\u00ednimo de R$ 1.412 entra em vigor nesta segunda-feira \u2013 Folha de Ribeir\u00e3o","author":"noticiasribeiraopreto.com.br","date":"9 de January de 2024","format":false,"excerpt":"A partir desta segunda-feira (1\u00ba), o\u00a0sal\u00e1rio m\u00ednimo\u00a0oficial ser\u00e1 de R$ 1.412. O valor, que ser\u00e1 pago a partir de fevereiro referente \u00e0 folha de janeiro, \u00e9 6,97% maior que o sal\u00e1rio de R$ 1.320, que vigorou de maio a dezembro de 2023. Aprovado no Or\u00e7amento Geral da Uni\u00e3o de 2024,\u2026","rel":"","context":"In &quot;Not\u00edcias de Ribeir\u00e3o Preto-SP e Regi\u00e3o&quot;","block_context":{"text":"Not\u00edcias de Ribeir\u00e3o Preto-SP e Regi\u00e3o","link":"https:\/\/noticiasribeiraopreto.com.br\/index.php\/category\/noticias-de-ribeirao-preto-sp-e-regiao-ismael-colosi\/"},"img":{"alt_text":"","src":"","width":0,"height":0},"classes":[]},{"id":47048,"url":"https:\/\/noticiasribeiraopreto.com.br\/index.php\/2024\/04\/19\/salario-minimo-aumenta-para-r-1-502-descubra-quando-voce-recebera-o-novo-valor\/","url_meta":{"origin":21338,"position":5},"title":"Sal\u00e1rio M\u00ednimo aumenta para R$ 1.502: Descubra quando voc\u00ea receber\u00e1 o novo valor","author":"noticiasribeiraopreto.com.br","date":"19 de April de 2024","format":false,"excerpt":"O reajuste do sal\u00e1rio m\u00ednimo, que milh\u00f5es de trabalhadores brasileiros aguardavam, foi confirmado pelo Governo Federal nesta semana. Em entrevista nesta semana, o ministro da Fazenda, Fernando Haddad, anunciou os detalhes do realinhamento. O novo valor foi apresentado \u00e0 Assembleia Nacional pelo ministro. Isso porque o reajuste afeta diretamente o\u2026","rel":"","context":"In &quot;Dinheiro e Investimento&quot;","block_context":{"text":"Dinheiro e Investimento","link":"https:\/\/noticiasribeiraopreto.com.br\/index.php\/category\/dinheiro-e-investimento-como-fazer-como-ganhar\/"},"img":{"alt_text":"","src":"https:\/\/i0.wp.com\/noticiasribeiraopreto.com.br\/wp-content\/uploads\/2024\/04\/Deputado-Estadual.webp.webp?fit=1200%2C630&ssl=1&resize=350%2C200","width":350,"height":200,"srcset":"https:\/\/i0.wp.com\/noticiasribeiraopreto.com.br\/wp-content\/uploads\/2024\/04\/Deputado-Estadual.webp.webp?fit=1200%2C630&ssl=1&resize=350%2C200 1x, https:\/\/i0.wp.com\/noticiasribeiraopreto.com.br\/wp-content\/uploads\/2024\/04\/Deputado-Estadual.webp.webp?fit=1200%2C630&ssl=1&resize=525%2C300 1.5x, https:\/\/i0.wp.com\/noticiasribeiraopreto.com.br\/wp-content\/uploads\/2024\/04\/Deputado-Estadual.webp.webp?fit=1200%2C630&ssl=1&resize=700%2C400 2x, https:\/\/i0.wp.com\/noticiasribeiraopreto.com.br\/wp-content\/uploads\/2024\/04\/Deputado-Estadual.webp.webp?fit=1200%2C630&ssl=1&resize=1050%2C600 3x"},"classes":[]}],"jetpack_sharing_enabled":true,"jetpack_shortlink":"https:\/\/wp.me\/peQAOb-5ya","_links":{"self":[{"href":"https:\/\/noticiasribeiraopreto.com.br\/index.php\/wp-json\/wp\/v2\/posts\/21338","targetHints":{"allow":["GET"]}}],"collection":[{"href":"https:\/\/noticiasribeiraopreto.com.br\/index.php\/wp-json\/wp\/v2\/posts"}],"about":[{"href":"https:\/\/noticiasribeiraopreto.com.br\/index.php\/wp-json\/wp\/v2\/types\/post"}],"author":[{"embeddable":true,"href":"https:\/\/noticiasribeiraopreto.com.br\/index.php\/wp-json\/wp\/v2\/users\/1"}],"replies":[{"embeddable":true,"href":"https:\/\/noticiasribeiraopreto.com.br\/index.php\/wp-json\/wp\/v2\/comments?post=21338"}],"version-history":[{"count":0,"href":"https:\/\/noticiasribeiraopreto.com.br\/index.php\/wp-json\/wp\/v2\/posts\/21338\/revisions"}],"wp:featuredmedia":[{"embeddable":true,"href":"https:\/\/noticiasribeiraopreto.com.br\/index.php\/wp-json\/wp\/v2\/media\/21339"}],"wp:attachment":[{"href":"https:\/\/noticiasribeiraopreto.com.br\/index.php\/wp-json\/wp\/v2\/media?parent=21338"}],"wp:term":[{"taxonomy":"category","embeddable":true,"href":"https:\/\/noticiasribeiraopreto.com.br\/index.php\/wp-json\/wp\/v2\/categories?post=21338"},{"taxonomy":"post_tag","embeddable":true,"href":"https:\/\/noticiasribeiraopreto.com.br\/index.php\/wp-json\/wp\/v2\/tags?post=21338"}],"curies":[{"name":"wp","href":"https:\/\/api.w.org\/{rel}","templated":true}]}}