{"id":21342,"date":"2023-12-27T15:51:43","date_gmt":"2023-12-27T18:51:43","guid":{"rendered":"https:\/\/noticiasribeiraopreto.com.br\/index.php\/2023\/12\/27\/veja-como-sacar-r-93-bilhoes-a-partir-de-janeiro-de-2024-2\/"},"modified":"2023-12-27T15:51:43","modified_gmt":"2023-12-27T18:51:43","slug":"veja-como-sacar-r-93-bilhoes-a-partir-de-janeiro-de-2024-2","status":"publish","type":"post","link":"https:\/\/noticiasribeiraopreto.com.br\/index.php\/2023\/12\/27\/veja-como-sacar-r-93-bilhoes-a-partir-de-janeiro-de-2024-2\/","title":{"rendered":"Veja como sacar R$ 93 bilh\u00f5es a partir de janeiro de 2024"},"content":{"rendered":"<div class='code-block code-block-1' style='margin: 8px 0 8px auto; text-align: right; display: block; clear: both;'>\n<p><a href=\"https:\/\/wa.link\/vpicfd\"><img data-recalc-dims=\"1\" class=\"wp-image-4922\" style=\"aspect-ratio: 2.0253164556962027; width: 561px; height: auto;\" src=\"https:\/\/i0.wp.com\/ismaelcolosi.com.br\/wp-content\/uploads\/2023\/11\/grupo-de-empregos-whatsapp-e-facebook-ismael-colosi-vagas.jpg?ssl=1\" alt=\"\" \/><\/a><\/p>\n<!-- \/wp:image -->\n<\/div>\n<p> <br \/>\n<\/p>\n<div>\n<p>Os brasileiros com causas judiciais por aposentadoria e outros benef\u00edcios ter\u00e3o direito a sacar R$ 93 bilh\u00f5es de <strong>precat\u00f3rios do INSS<\/strong><a href=\"https:\/\/jcconcursos.com.br\/tags\/previdencia-social\" rel=\"noopener\" target=\"_blank\">(Instituto Nacional do Seguro Social)<\/a> a partir de janeiro de 2024.\u00a0<\/p>\n<p>Os saques a serem disponibilizados pela Justi\u00e7a Federal no pr\u00f3ximo m\u00eas ser\u00e3o executados pelo governo federal por meio de medida provis\u00f3ria. Os valores incluem R$ 27,7 bilh\u00f5es em processos vencidos na justi\u00e7a.\u00a0<\/p>\n<p><a href=\"https:\/\/jcconcursos.com.br\/noticia\/brasil\/brasil-ganha-nova-politica-de-ciberseguranca-para-proteger-seus-sistemas-120409\" rel=\"noopener\" target=\"_blank\">+ Brasil ganha nova pol\u00edtica de ciberseguran\u00e7a para proteger seus sistemas<\/a><\/p>\n<h2>Como ser\u00e3o feitos os repasses?\u00a0<\/h2>\n<p>A operacionaliza\u00e7\u00e3o dos pagamentos cabe aos tribunais regionais federais (TRFs). O Conselho da Justi\u00e7a Federal (CJF) garantiu que os valores ser\u00e3o integralmente repassados at\u00e9 o fim de dezembro.<\/p>\n<p>O Tribunal Regional Federal da 3\u00aa Regi\u00e3o (TRF3), respons\u00e1vel pelos pagamentos nos estados de S\u00e3o Paulo e Mato Grosso do Sul, informou que os dep\u00f3sitos devem ser conclu\u00eddos at\u00e9 o fim desta semana. J\u00e1 o Tribunal Regional Federal da 2\u00aa Regi\u00e3o (TRF2), que abrange Rio Grande do Sul, Santa Catarina e Paran\u00e1, informou que a libera\u00e7\u00e3o das contas para saque est\u00e1 prevista para 20 de janeiro.<\/p>\n<p>A data exata em que os valores estar\u00e3o dispon\u00edveis deve ser conferida em cada processo, por meio de consulta nos portais dos seis TRFs. Para isso, \u00e9 preciso ter o n\u00famero do processo judicial.<\/p>\n<h2>CJF alerta sobre golpes\u00a0<\/h2>\n<p>O Conselho da Justi\u00e7a Federal (CJF) alerta que n\u00e3o \u00e9 necess\u00e1rio fazer nenhum pagamento pr\u00e9vio para receber ou antecipar a libera\u00e7\u00e3o de um precat\u00f3rio. \u201cN\u00e3o h\u00e1 nada a fazer neste momento para apressar o pagamento\u201d, afirmou o \u00f3rg\u00e3o \u00e0 Ag\u00eancia Brasil. \u201cN\u00e3o aceite contatos de estranhos e, na d\u00favida, consulte o seu advogado\u201d, continua.\u00a0<\/p>\n<p>Os golpistas geralmente se passam por funcion\u00e1rios do governo ou de escrit\u00f3rios de advocacia e solicitam o pagamento de taxas ou dep\u00f3sitos para liberar o precat\u00f3rio. Em alguns casos, eles podem at\u00e9 mesmo oferecer adiantamentos do valor.<\/p>\n<h2>Saiba como evitar cair em golpe<\/h2>\n<p>Para evitar cair em um golpe, \u00e9 importante estar atento \u00e0s seguintes dicas:<\/p>\n<ul>\n<li aria-level=\"1\" style=\"font-weight: 400;\">N\u00e3o aceite contatos de estranhos. Se voc\u00ea receber uma liga\u00e7\u00e3o ou mensagem de algu\u00e9m que se identifica como funcion\u00e1rio do governo ou de um escrit\u00f3rio de advocacia, desligue a liga\u00e7\u00e3o ou n\u00e3o responda \u00e0 mensagem.<\/li>\n<li aria-level=\"1\" style=\"font-weight: 400;\">N\u00e3o forne\u00e7a informa\u00e7\u00f5es pessoais, como n\u00famero do processo, CPF ou data de nascimento.<\/li>\n<li aria-level=\"1\" style=\"font-weight: 400;\">N\u00e3o fa\u00e7a nenhum pagamento antecipado. O pagamento de precat\u00f3rios \u00e9 feito diretamente pela Uni\u00e3o ou pelo \u00f3rg\u00e3o devedor, sem a necessidade de intermedi\u00e1rios.<\/li>\n<li aria-level=\"1\" style=\"font-weight: 400;\">Se voc\u00ea tiver d\u00favidas, consulte o seu advogado ou o tribunal respons\u00e1vel pelo pagamento do seu precat\u00f3rio.<\/li>\n<\/ul>\n<h2>Cr\u00e9dito extraordin\u00e1rio possibilitou pagamento\u00a0<\/h2>\n<p>O pagamento foi realizado por meio da abertura de cr\u00e9dito extraordin\u00e1rio, em medida provis\u00f3ria publicada na semana passada. O ato foi editado ap\u00f3s uma decis\u00e3o do Supremo Tribunal Federal, que autorizou a abertura do cr\u00e9dito extraordin\u00e1rio para o pagamento de precat\u00f3rios atrasados de 2022, bem como os de 2023.<\/p>\n<p>O Supremo entendeu ser inconstitucional um teto para o pagamento de precat\u00f3rios que havia sido proposto em 2021, durante a pandemia de covid-19, pelo ent\u00e3o governo de Jair Bolsonaro, e aprovado pelo Congresso.<\/p>\n<p>As regras consideradas inconstitucionais previam atrasar o pagamento de precat\u00f3rios at\u00e9 2027. Ao questionar a medida no Supremo, o governo de Luiz In\u00e1cio Lula da Silva alegou que o represamento geraria uma d\u00edvida impag\u00e1vel no futuro, de at\u00e9 R$ 250 bilh\u00f5es.<\/p>\n<h2>Como receber os precat\u00f3rios do INSS?<\/h2>\n<p>Para receber os precat\u00f3rios do governo, \u00e9 preciso seguir os seguintes passos:<\/p>\n<p><strong>Consultar o precat\u00f3rio<\/strong><\/p>\n<p>O primeiro passo \u00e9 consultar o precat\u00f3rio para verificar se ele j\u00e1 foi expedido e se est\u00e1 inclu\u00eddo na <a href=\"https:\/\/www2.camara.leg.br\/orcamento-da-uniao\/leis-orcamentarias\/loa\" rel=\"noopener\" target=\"_blank\">Lei Or\u00e7ament\u00e1ria Anual (LOA)<\/a> do ano seguinte \u00e0 expedi\u00e7\u00e3o. Para isso, voc\u00ea pode acessar o site do Tribunal Regional Federal (TRF) da sua regi\u00e3o.<\/p>\n<h2>Solicitar o pagamento<\/h2>\n<p>Se o precat\u00f3rio j\u00e1 estiver inclu\u00eddo na LOA, voc\u00ea pode solicitar o pagamento ao tribunal respons\u00e1vel. Para isso, voc\u00ea deve apresentar os seguintes documentos:<\/p>\n<ul>\n<li aria-level=\"1\" style=\"font-weight: 400;\">C\u00f3pia do precat\u00f3rio ou do of\u00edcio requisit\u00f3rio;<\/li>\n<li aria-level=\"1\" style=\"font-weight: 400;\">C\u00f3pia da identidade e do CPF;<\/li>\n<li aria-level=\"1\" style=\"font-weight: 400;\">C\u00f3pia do comprovante de resid\u00eancia atualizado;<\/li>\n<li aria-level=\"1\" style=\"font-weight: 400;\">C\u00f3pia do instrumento de mandato, se o precat\u00f3rio for recebido por procurador.<\/li>\n<\/ul>\n<p><strong>Receber pagamento\u00a0<\/strong><\/p>\n<p>O pagamento do precat\u00f3rio ser\u00e1 realizado em uma conta judicial espec\u00edfica, aberta pelo tribunal respons\u00e1vel. O benefici\u00e1rio ou procurador deve comparecer a uma ag\u00eancia banc\u00e1ria para sacar o valor.<\/p>\n<p><strong>Recebimento antecipado<\/strong><\/p>\n<p>\u00c9 poss\u00edvel receber o precat\u00f3rio antecipadamente, por meio de uma empresa especializada. Essas empresas compram precat\u00f3rios por um valor menor do que o seu valor nominal, descontando os juros, os honor\u00e1rios advocat\u00edcios e outros encargos.<\/p>\n<p>Para receber o precat\u00f3rio de forma antecipada, voc\u00ea deve apresentar os seguintes documentos \u00e0 empresa:<\/p>\n<ul>\n<li aria-level=\"1\" style=\"font-weight: 400;\">C\u00f3pia do precat\u00f3rio ou do of\u00edcio requisit\u00f3rio;<\/li>\n<li aria-level=\"1\" style=\"font-weight: 400;\">C\u00f3pia da identidade e do CPF;<\/li>\n<li aria-level=\"1\" style=\"font-weight: 400;\">C\u00f3pia do comprovante de resid\u00eancia atualizado.<\/li>\n<\/ul>\n<p><strong>Casos especiais<\/strong><\/p>\n<p>Existem alguns casos especiais no qual o recebimento do precat\u00f3rio pode ser feito de forma diferente. Por exemplo, se o benefici\u00e1rio for idoso ou portador de doen\u00e7a grave, ele pode solicitar o pagamento antecipado do precat\u00f3rio.<\/p>\n<p>Outro caso especial \u00e9 o da execu\u00e7\u00e3o de precat\u00f3rios federais. Nesse caso, o pagamento \u00e9 feito pela Caixa Econ\u00f4mica Federal.<\/p>\n<p>+ Acompanhe as principais informa\u00e7\u00f5es sobre <a href=\"https:\/\/jcconcursos.com.br\/noticia\/brasil\/\" rel=\"noopener\" target=\"_blank\">Sociedade e Brasil no JC Concursos<\/a><\/p>\n<p><a id=\"gnews_btn\" href=\"https:\/\/news.google.com\/publications\/CAAqBwgKMOixlQswuZWrAw\" target=\"_blank\" class=\"border_jc_blue link_hover_bg_jc_blue font_85 d-block d-md-inline-block px-2 py-1 mr-0 mr-md-2 mb-3 w-100 text-center\" rel=\"noopener\"><span class=\"text_jc_blue\">Siga o <strong>JC Concursos no Google News<\/strong><\/span><\/a><a href=\"https:\/\/jcconcursos.com.br\/noticia\/brasil\/\" class=\"badge badge-light\">Sociedade<\/a><a href=\"https:\/\/jcconcursos.com.br\/noticia\/brasil\/\" class=\"badge badge-light\">Brasil<\/a><\/p>\n<\/div>\n<p><br \/>\n<br \/><a href=\"https:\/\/ismaelcolosi.com.br\/veja-como-sacar-r-93-bilhoes-a-partir-de-janeiro-de-2024\/\">Source link <\/a><\/p>\n<!-- CONTENT END 1 -->\n","protected":false},"excerpt":{"rendered":"<p>Os brasileiros com causas judiciais por aposentadoria e outros benef\u00edcios ter\u00e3o direito a sacar R$ 93 bilh\u00f5es de precat\u00f3rios do INSS(Instituto Nacional do Seguro Social)&#8230;<\/p>\n","protected":false},"author":1,"featured_media":21343,"comment_status":"open","ping_status":"open","sticky":false,"template":"","format":"standard","meta":{"advanced_seo_description":"","jetpack_seo_html_title":"","jetpack_seo_noindex":false,"jetpack_post_was_ever_published":false,"_jetpack_newsletter_access":"","_jetpack_dont_email_post_to_subs":false,"_jetpack_newsletter_tier_id":0,"_jetpack_memberships_contains_paywalled_content":false,"_jetpack_memberships_contains_paid_content":false,"footnotes":"","jetpack_publicize_message":"","jetpack_publicize_feature_enabled":true,"jetpack_social_post_already_shared":true,"jetpack_social_options":{"image_generator_settings":{"template":"highway","default_image_id":0,"font":"","enabled":false},"version":2}},"categories":[7],"tags":[],"class_list":["post-21342","post","type-post","status-publish","format-standard","has-post-thumbnail","hentry","category-vagas-de-empregos-em-ribeirao-preto-regiao-brasil"],"jetpack_publicize_connections":[],"jetpack_featured_media_url":"https:\/\/i0.wp.com\/noticiasribeiraopreto.com.br\/wp-content\/uploads\/2023\/12\/1703703108_real_dinheiro_decimo_terceiro__foto_jc_concursos.jpg?fit=1920%2C1080&ssl=1","jetpack-related-posts":[{"id":21431,"url":"https:\/\/noticiasribeiraopreto.com.br\/index.php\/2023\/12\/27\/368561-2\/","url_meta":{"origin":21342,"position":0},"title":"Precat\u00f3rios federais poder\u00e3o ser sacados em janeiro","author":"noticiasribeiraopreto.com.br","date":"27 de December de 2023","format":false,"excerpt":"27 de dezembro de 2023 | 18:0027 de dezembro de 2023 | 15:18 0A Justi\u00e7a Federal disponibilizar\u00e1 para saque ainda em janeiro os R$ 93 bilh\u00f5es em precat\u00f3rios pagos neste m\u00eas pelo governo federal, por meio de medida provis\u00f3ria. Os pagamentos incluem R$ 27,7 bilh\u00f5es em causas judiciais vencidas por\u2026","rel":"","context":"In &quot;Not\u00edcias de Ribeir\u00e3o Preto-SP e Regi\u00e3o&quot;","block_context":{"text":"Not\u00edcias de Ribeir\u00e3o Preto-SP e Regi\u00e3o","link":"https:\/\/noticiasribeiraopreto.com.br\/index.php\/category\/noticias-de-ribeirao-preto-sp-e-regiao-ismael-colosi\/"},"img":{"alt_text":"","src":"https:\/\/i0.wp.com\/noticiasribeiraopreto.com.br\/wp-content\/uploads\/2023\/12\/Salario13-Marcello-Casal-Jr.-Ag.Br_-scaled.jpg?fit=1000%2C598&ssl=1&resize=350%2C200","width":350,"height":200,"srcset":"https:\/\/i0.wp.com\/noticiasribeiraopreto.com.br\/wp-content\/uploads\/2023\/12\/Salario13-Marcello-Casal-Jr.-Ag.Br_-scaled.jpg?fit=1000%2C598&ssl=1&resize=350%2C200 1x, https:\/\/i0.wp.com\/noticiasribeiraopreto.com.br\/wp-content\/uploads\/2023\/12\/Salario13-Marcello-Casal-Jr.-Ag.Br_-scaled.jpg?fit=1000%2C598&ssl=1&resize=525%2C300 1.5x, https:\/\/i0.wp.com\/noticiasribeiraopreto.com.br\/wp-content\/uploads\/2023\/12\/Salario13-Marcello-Casal-Jr.-Ag.Br_-scaled.jpg?fit=1000%2C598&ssl=1&resize=700%2C400 2x"},"classes":[]},{"id":59163,"url":"https:\/\/noticiasribeiraopreto.com.br\/index.php\/2024\/10\/16\/prazo-para-sacar-dinheiro-esquecido-em-bancos-termina-hoje-veja-como-resgatar\/","url_meta":{"origin":21342,"position":1},"title":"Prazo para sacar &#8216;dinheiro esquecido&#8217; em bancos termina hoje; Veja como resgatar","author":"noticiasribeiraopreto.com.br","date":"16 de October de 2024","format":false,"excerpt":"Termina nesta quarta-feira (16), o prazo para brasileiros realizarem o saque do \u201cdinheiro esquecido\u201d nos bancos. A partir desta quinta-feira (17), cerca de R$ 8,59 bilh\u00f5es ser\u00e3o transferidos para conta do Tesouro Nacional. De acordo com os dados do Sistema de Valores a Receber (SVR) do Banco Central, a estimativa\u2026","rel":"","context":"In &quot;Not\u00edcias de Ribeir\u00e3o Preto-SP e Regi\u00e3o&quot;","block_context":{"text":"Not\u00edcias de Ribeir\u00e3o Preto-SP e Regi\u00e3o","link":"https:\/\/noticiasribeiraopreto.com.br\/index.php\/category\/noticias-de-ribeirao-preto-sp-e-regiao-ismael-colosi\/"},"img":{"alt_text":"","src":"https:\/\/i0.wp.com\/noticiasribeiraopreto.com.br\/wp-content\/uploads\/2024\/10\/dinheiro.jpeg?fit=768%2C459&ssl=1&resize=350%2C200","width":350,"height":200,"srcset":"https:\/\/i0.wp.com\/noticiasribeiraopreto.com.br\/wp-content\/uploads\/2024\/10\/dinheiro.jpeg?fit=768%2C459&ssl=1&resize=350%2C200 1x, https:\/\/i0.wp.com\/noticiasribeiraopreto.com.br\/wp-content\/uploads\/2024\/10\/dinheiro.jpeg?fit=768%2C459&ssl=1&resize=525%2C300 1.5x, https:\/\/i0.wp.com\/noticiasribeiraopreto.com.br\/wp-content\/uploads\/2024\/10\/dinheiro.jpeg?fit=768%2C459&ssl=1&resize=700%2C400 2x"},"classes":[]},{"id":22525,"url":"https:\/\/noticiasribeiraopreto.com.br\/index.php\/2023\/12\/30\/precatorios-do-inss-serao-pagos-ate-o-fim-de-2023-entenda\/","url_meta":{"origin":21342,"position":2},"title":"Precat\u00f3rios do INSS ser\u00e3o pagos at\u00e9 o fim de 2023: ENTENDA","author":"noticiasribeiraopreto.com.br","date":"30 de December de 2023","format":false,"excerpt":"Os precat\u00f3rios do Instituto Nacional do Seguro Social (INSS) e tamb\u00e9m de outros credores da Uni\u00e3o devem sair em breve! Tratam-se daqueles que se encontravam em atraso em virtude das emendas constitucionais 113 e 114. Assim, o Governo Federal ir\u00e1 efetuar o pagamento at\u00e9 o dia 31 deste m\u00eas de\u2026","rel":"","context":"In &quot;Vagas de Emprego em Ribeir\u00e3o Preto-SP&quot;","block_context":{"text":"Vagas de Emprego em Ribeir\u00e3o Preto-SP","link":"https:\/\/noticiasribeiraopreto.com.br\/index.php\/category\/empregos-classificados-vagas-trabalho\/vagas-de-empregos-em-ribeirao-preto-regiao-brasil\/"},"img":{"alt_text":"","src":"","width":0,"height":0},"classes":[]},{"id":23420,"url":"https:\/\/noticiasribeiraopreto.com.br\/index.php\/2024\/01\/02\/quite-suas-dividas-com-a-receita-federal-sem-juros-e-multas-a-partir-desta-terca-2-2\/","url_meta":{"origin":21342,"position":3},"title":"Quite suas d\u00edvidas com a Receita Federal sem juros e multas a partir desta ter\u00e7a (2)","author":"noticiasribeiraopreto.com.br","date":"2 de January de 2024","format":false,"excerpt":"A Receita Federal come\u00e7a a oferecer um programa de regulariza\u00e7\u00e3o de d\u00edvidas tribut\u00e1rias com condi\u00e7\u00f5es especiais a partir desta ter\u00e7a-feira (2) at\u00e9 1\u00ba de abril. Os contribuintes que aderirem ao programa poder\u00e3o quitar suas d\u00edvidas sem juros e multas, pagando apenas o valor principal. A d\u00edvida pode ser parcelada em\u2026","rel":"","context":"In &quot;Vagas de Emprego em Ribeir\u00e3o Preto-SP&quot;","block_context":{"text":"Vagas de Emprego em Ribeir\u00e3o Preto-SP","link":"https:\/\/noticiasribeiraopreto.com.br\/index.php\/category\/empregos-classificados-vagas-trabalho\/vagas-de-empregos-em-ribeirao-preto-regiao-brasil\/"},"img":{"alt_text":"","src":"https:\/\/i0.wp.com\/noticiasribeiraopreto.com.br\/wp-content\/uploads\/2024\/01\/concurso-receita-federal-5.jpg?fit=1200%2C675&ssl=1&resize=350%2C200","width":350,"height":200,"srcset":"https:\/\/i0.wp.com\/noticiasribeiraopreto.com.br\/wp-content\/uploads\/2024\/01\/concurso-receita-federal-5.jpg?fit=1200%2C675&ssl=1&resize=350%2C200 1x, https:\/\/i0.wp.com\/noticiasribeiraopreto.com.br\/wp-content\/uploads\/2024\/01\/concurso-receita-federal-5.jpg?fit=1200%2C675&ssl=1&resize=525%2C300 1.5x, https:\/\/i0.wp.com\/noticiasribeiraopreto.com.br\/wp-content\/uploads\/2024\/01\/concurso-receita-federal-5.jpg?fit=1200%2C675&ssl=1&resize=700%2C400 2x, https:\/\/i0.wp.com\/noticiasribeiraopreto.com.br\/wp-content\/uploads\/2024\/01\/concurso-receita-federal-5.jpg?fit=1200%2C675&ssl=1&resize=1050%2C600 3x"},"classes":[]},{"id":19057,"url":"https:\/\/noticiasribeiraopreto.com.br\/index.php\/2023\/12\/21\/governo-abre-credito-extraordinario-para-pagar-r-93-bi-em-dividas-2\/","url_meta":{"origin":21342,"position":4},"title":"governo abre cr\u00e9dito extraordin\u00e1rio para pagar R$ 93 bi em d\u00edvidas","author":"noticiasribeiraopreto.com.br","date":"21 de December de 2023","format":false,"excerpt":"O governo federal publicou na quarta-feira (20) uma medida provis\u00f3ria que abre cr\u00e9dito extraordin\u00e1rio de R$ 93,143 bilh\u00f5es para o pagamento de precat\u00f3rios. Com esse valor, o governo estima zerar todo o estoque de precat\u00f3rios at\u00e9 2024. Precat\u00f3rios s\u00e3o d\u00edvidas do governo reconhecidas na Justi\u00e7a e das quais n\u00e3o cabe\u2026","rel":"","context":"In &quot;Vagas de Emprego em Ribeir\u00e3o Preto-SP&quot;","block_context":{"text":"Vagas de Emprego em Ribeir\u00e3o Preto-SP","link":"https:\/\/noticiasribeiraopreto.com.br\/index.php\/category\/empregos-classificados-vagas-trabalho\/vagas-de-empregos-em-ribeirao-preto-regiao-brasil\/"},"img":{"alt_text":"","src":"https:\/\/i0.wp.com\/noticiasribeiraopreto.com.br\/wp-content\/uploads\/2023\/12\/1703186225_real_dinheiro_decimo_terceiro__foto_jc_concursos.jpg?fit=1200%2C675&ssl=1&resize=350%2C200","width":350,"height":200,"srcset":"https:\/\/i0.wp.com\/noticiasribeiraopreto.com.br\/wp-content\/uploads\/2023\/12\/1703186225_real_dinheiro_decimo_terceiro__foto_jc_concursos.jpg?fit=1200%2C675&ssl=1&resize=350%2C200 1x, https:\/\/i0.wp.com\/noticiasribeiraopreto.com.br\/wp-content\/uploads\/2023\/12\/1703186225_real_dinheiro_decimo_terceiro__foto_jc_concursos.jpg?fit=1200%2C675&ssl=1&resize=525%2C300 1.5x, https:\/\/i0.wp.com\/noticiasribeiraopreto.com.br\/wp-content\/uploads\/2023\/12\/1703186225_real_dinheiro_decimo_terceiro__foto_jc_concursos.jpg?fit=1200%2C675&ssl=1&resize=700%2C400 2x, https:\/\/i0.wp.com\/noticiasribeiraopreto.com.br\/wp-content\/uploads\/2023\/12\/1703186225_real_dinheiro_decimo_terceiro__foto_jc_concursos.jpg?fit=1200%2C675&ssl=1&resize=1050%2C600 3x"},"classes":[]},{"id":14173,"url":"https:\/\/noticiasribeiraopreto.com.br\/index.php\/2023\/12\/11\/bradesco-bbdc4-vai-pagar-r-7-bilhoes-aos-acionistas-e-data-de-corte-e-na-proxima-semana-veja-como-garantir-o-jcp\/","url_meta":{"origin":21342,"position":5},"title":"Bradesco (BBDC4) vai pagar R$ 7 bilh\u00f5es aos acionistas e data de corte \u00e9 na pr\u00f3xima semana \u2014 veja como garantir o JCP","author":"noticiasribeiraopreto.com.br","date":"11 de December de 2023","format":false,"excerpt":"Quem \u00e9 acionista do Bradesco (BBDC4) vai come\u00e7ar a semana com uma \u00f3tima not\u00edcia: o banco acaba de anunciar que o conselho de administra\u00e7\u00e3o aprovou nesta segunda-feira (11) o pagamento de R$ 6,9 bilh\u00f5es em juros sobre o capital pr\u00f3prio (JCP). A soma est\u00e1 dividida entre JCP intermedi\u00e1rio de R$\u2026","rel":"","context":"In &quot;Dinheiro e Investimento&quot;","block_context":{"text":"Dinheiro e Investimento","link":"https:\/\/noticiasribeiraopreto.com.br\/index.php\/category\/dinheiro-e-investimento-como-fazer-como-ganhar\/"},"img":{"alt_text":"","src":"https:\/\/i0.wp.com\/noticiasribeiraopreto.com.br\/wp-content\/uploads\/2023\/12\/Bradesco-628x353.png?fit=628%2C353&ssl=1&resize=350%2C200","width":350,"height":200,"srcset":"https:\/\/i0.wp.com\/noticiasribeiraopreto.com.br\/wp-content\/uploads\/2023\/12\/Bradesco-628x353.png?fit=628%2C353&ssl=1&resize=350%2C200 1x, https:\/\/i0.wp.com\/noticiasribeiraopreto.com.br\/wp-content\/uploads\/2023\/12\/Bradesco-628x353.png?fit=628%2C353&ssl=1&resize=525%2C300 1.5x"},"classes":[]}],"jetpack_sharing_enabled":true,"jetpack_shortlink":"https:\/\/wp.me\/peQAOb-5ye","_links":{"self":[{"href":"https:\/\/noticiasribeiraopreto.com.br\/index.php\/wp-json\/wp\/v2\/posts\/21342","targetHints":{"allow":["GET"]}}],"collection":[{"href":"https:\/\/noticiasribeiraopreto.com.br\/index.php\/wp-json\/wp\/v2\/posts"}],"about":[{"href":"https:\/\/noticiasribeiraopreto.com.br\/index.php\/wp-json\/wp\/v2\/types\/post"}],"author":[{"embeddable":true,"href":"https:\/\/noticiasribeiraopreto.com.br\/index.php\/wp-json\/wp\/v2\/users\/1"}],"replies":[{"embeddable":true,"href":"https:\/\/noticiasribeiraopreto.com.br\/index.php\/wp-json\/wp\/v2\/comments?post=21342"}],"version-history":[{"count":0,"href":"https:\/\/noticiasribeiraopreto.com.br\/index.php\/wp-json\/wp\/v2\/posts\/21342\/revisions"}],"wp:featuredmedia":[{"embeddable":true,"href":"https:\/\/noticiasribeiraopreto.com.br\/index.php\/wp-json\/wp\/v2\/media\/21343"}],"wp:attachment":[{"href":"https:\/\/noticiasribeiraopreto.com.br\/index.php\/wp-json\/wp\/v2\/media?parent=21342"}],"wp:term":[{"taxonomy":"category","embeddable":true,"href":"https:\/\/noticiasribeiraopreto.com.br\/index.php\/wp-json\/wp\/v2\/categories?post=21342"},{"taxonomy":"post_tag","embeddable":true,"href":"https:\/\/noticiasribeiraopreto.com.br\/index.php\/wp-json\/wp\/v2\/tags?post=21342"}],"curies":[{"name":"wp","href":"https:\/\/api.w.org\/{rel}","templated":true}]}}