{"id":21348,"date":"2023-12-27T16:12:42","date_gmt":"2023-12-27T19:12:42","guid":{"rendered":"https:\/\/noticiasribeiraopreto.com.br\/index.php\/2023\/12\/27\/4-primeiros-sintomas-que-indicam-a-doenca\/"},"modified":"2023-12-27T16:12:42","modified_gmt":"2023-12-27T19:12:42","slug":"4-primeiros-sintomas-que-indicam-a-doenca","status":"publish","type":"post","link":"https:\/\/noticiasribeiraopreto.com.br\/index.php\/2023\/12\/27\/4-primeiros-sintomas-que-indicam-a-doenca\/","title":{"rendered":"4 primeiros sintomas que indicam a doen\u00e7a"},"content":{"rendered":"<div class='code-block code-block-1' style='margin: 8px 0 8px auto; text-align: right; display: block; clear: both;'>\n<p><a href=\"https:\/\/wa.link\/vpicfd\"><img data-recalc-dims=\"1\" class=\"wp-image-4922\" style=\"aspect-ratio: 2.0253164556962027; width: 561px; height: auto;\" src=\"https:\/\/i0.wp.com\/ismaelcolosi.com.br\/wp-content\/uploads\/2023\/11\/grupo-de-empregos-whatsapp-e-facebook-ismael-colosi-vagas.jpg?ssl=1\" alt=\"\" \/><\/a><\/p>\n<!-- \/wp:image -->\n<\/div>\n<p> <br \/>\n<\/p>\n<div>\n<div id=\"attachment_2283360\" class=\"wp-caption alignnone\">\n<div class=\"d-flex justify-content-center\" data-attachment-id=\"2283360\">\n<div class=\"position-relative d-inline-block\"><img data-recalc-dims=\"1\" data-portal-copyright=\"haydenbird\/istock\" fetchpriority=\"high\" decoding=\"async\" class=\"size-full wp-image-2283360\" src=\"https:\/\/i0.wp.com\/catracalivre.com.br\/wp-content\/uploads\/2023\/07\/istock-97873871-1.jpg?resize=1257%2C835&#038;ssl=1\" alt=\"Atualmente, ao menos 1,76 milh\u00e3o de pessoas t\u00eam alguma forma de dem\u00eancia no Brasil. Entenda os sintomas \u2013 iStock\/Getty Images\" width=\"1257\" height=\"835\" srcset=\"https:\/\/catracalivre.com.br\/wp-content\/uploads\/2023\/07\/istock-97873871-1.jpg 1257w, https:\/\/catracalivre.com.br\/wp-content\/uploads\/2023\/07\/istock-97873871-1-450x299.jpg 450w, https:\/\/catracalivre.com.br\/wp-content\/uploads\/2023\/07\/istock-97873871-1-768x510.jpg 768w\" sizes=\"(max-width: 1257px) 100vw, 1257px\"\/><\/p>\n<p>Cr\u00e9ditos: haydenbird\/istock<\/p>\n<\/div>\n<\/div>\n<p><span class=\"post-imagem__legenda\">Atualmente, ao menos 1,76 milh\u00e3o de pessoas t\u00eam alguma forma de dem\u00eancia no Brasil. Entenda os sintomas \u2013 iStock\/Getty Images<\/span><\/p>\n<\/div>\n<p>Considerado um dos sintomas mais conhecidos da <a href=\"https:\/\/catracalivre.com.br\/saude-bem-estar\/sinal-de-alerta-de-demencia-pode-aparecer-durante-o-sono\/\">dem\u00eancia<\/a>, a perda de mem\u00f3ria \u00e9 apenas um dos muitos sinais manifestados pela doen\u00e7a caracterizada pela perda da fun\u00e7\u00e3o cognitiva.<\/p>\n<p>Atualmente, ao menos 1,76 milh\u00e3o de pessoas t\u00eam alguma forma de dem\u00eancia no Brasil, segundo dados divulgados pelo <strong><a href=\"https:\/\/www.gov.br\/saude\/pt-br\" target=\"_blank\" rel=\"noopener\">Minist\u00e9rio da Sa\u00fade<\/a><\/strong>. Contudo, casos da doen\u00e7a aumentam com o <strong><a href=\"https:\/\/catracalivre.com.br\/saude-bem-estar\/efeitos-do-envelhecimento-se-tornam-mais-evidentes-apos-os-60-anos\/\" target=\"_blank\" rel=\"noopener\">envelhecimento da popula\u00e7\u00e3o<\/a><\/strong> e podem chegar a 5,5 milh\u00f5es at\u00e9 2050.<\/p>\n<p>Para a suspeita do diagn\u00f3stico devem ser levados em considera\u00e7\u00e3o v\u00e1rios sintomas e sinais, segundo especialistas. Confira alguns poss\u00edveis sinais associados \u00e0 dem\u00eancia:<\/p>\n<p><strong>1. Problemas para planejar e seguir instru\u00e7\u00f5es<\/strong><\/p>\n<p>Cozinhar uma receita favorita, lavar a lou\u00e7a, s\u00e3o algumas atividades simples que voc\u00ea costuma fazer sem pensar , mas podem tornar cada vez mais dif\u00edceis devido ao avan\u00e7o da doen\u00e7a. Isso porque a\u00a0dem\u00eancia pode afetar o que \u00e9 comumente conhecido como \u201c fun\u00e7\u00e3o executiva\u201d.<\/p>\n<p>Consequentemente, a capacidade de desempenho piora inevitavelmente se a pessoa n\u00e3o consegue lembrar como fazer as coisas e a ordem em que faz\u00ea-las. O resultado? Confus\u00e3o e lentid\u00e3o em como concluir uma tarefa.<\/p>\n<p><strong>2.\u00a0Dificuldade em encontrar palavras<\/strong><\/p>\n<p>Acontece com todo mundo de a palavra certa estar na ponta da l\u00edngua, mas n\u00e3o conseguirmos nos lembrar dela. No entanto, se isso se tornar um fen\u00f4meno frequente, poder\u00e1 representar um primeiro e precoce sinal do desenvolvimento de dem\u00eancia. De acordo com especialistas, isso ocorre porque quando o c\u00e9rebro \u00e9 danificado, perdem-se as conex\u00f5es que ajudam a encontrar a palavra certa no momento certo.<\/p>\n<p><strong>3. Ins\u00f4nia e cansa\u00e7o<\/strong><\/p>\n<p>\u00c0 medida em que envelhecemos, \u00e9 natural dormir por curtos per\u00edodos de tempo e acordar repetidamente durante a noite, mas isso pode ser muito prejudicial para algu\u00e9m com dem\u00eancia. Acontece que nosso rel\u00f3gio biol\u00f3gico \u00e9 influenciado por um horm\u00f4nio chamado melatonina, que diminui na idade avan\u00e7ada e diminui ainda mais na doen\u00e7a de Alzheimer.<\/p>\n<p><strong>4. Mudan\u00e7as de humor<\/strong><\/p>\n<p>Se um membro da fam\u00edlia parecer menos soci\u00e1vel do que o habitual, deprimido ou mesmo agressivo, todos estes sintomas podem estar associados ao desenvolvimento de dem\u00eancia.<\/p>\n<p>Chamada de dem\u00eancia frontotemporal, esse dist\u00farbio afeta a parte frontal do c\u00e9rebro, pode dar origem \u00e0 agress\u00e3o, porque os lobos frontais do c\u00e9rebro s\u00e3o onde as inibi\u00e7\u00f5es est\u00e3o localizadas.\u00a0Em ess\u00eancia, a pessoa perde a capacidade de controlar suas emo\u00e7\u00f5es e, assim, surge um sentimento de frustra\u00e7\u00e3o por n\u00e3o ser capaz de compreender ou realizar determinadas tarefas, perdendo tamb\u00e9m o desejo de passar tempo com outras pessoas.<\/p>\n<\/div>\n<p><script>\n\t\t! function(f, b, e, v, n, t, s) {\n\t\t\tif (f.fbq) return;\n\t\t\tn = f.fbq = function() {\n\t\t\t\tn.callMethod ?\n\t\t\t\t\tn.callMethod.apply(n, arguments) : n.queue.push(arguments)\n\t\t\t};\n\t\t\tif (!f._fbq) f._fbq = n;\n\t\t\tn.push = n;\n\t\t\tn.loaded = !0;\n\t\t\tn.version = '2.0';\n\t\t\tn.queue = [];\n\t\t\tt = b.createElement(e);\n\t\t\tt.async = !0;\n\t\t\tt.src = v;\n\t\t\ts = b.getElementsByTagName(e)[0];\n\t\t\ts.parentNode.insertBefore(t, s)\n\t\t}(window, document, 'script',\n\t\t\t'https:\/\/connect.facebook.net\/en_US\/fbevents.js');\n\t\tfbq('init', '338315473262380');\n\t\tfbq('track', 'PageView');\n\t<\/script><br \/>\n<br \/><br \/>\n<br \/><a href=\"https:\/\/catracalivre.com.br\/saude-bem-estar\/demencia-4-primeiros-sintomas-que-indicam-a-doenca\/\">Source link <\/a><\/p>\n<!-- CONTENT END 1 -->\n","protected":false},"excerpt":{"rendered":"<p>Cr\u00e9ditos: haydenbird\/istock Atualmente, ao menos 1,76 milh\u00e3o de pessoas t\u00eam alguma forma de dem\u00eancia no Brasil. Entenda os sintomas \u2013 iStock\/Getty Images Considerado um dos&#8230;<\/p>\n","protected":false},"author":1,"featured_media":21349,"comment_status":"open","ping_status":"open","sticky":false,"template":"","format":"standard","meta":{"advanced_seo_description":"","jetpack_seo_html_title":"","jetpack_seo_noindex":false,"jetpack_post_was_ever_published":false,"_jetpack_newsletter_access":"","_jetpack_dont_email_post_to_subs":false,"_jetpack_newsletter_tier_id":0,"_jetpack_memberships_contains_paywalled_content":false,"_jetpack_memberships_contains_paid_content":false,"footnotes":"","jetpack_publicize_message":"","jetpack_publicize_feature_enabled":true,"jetpack_social_post_already_shared":true,"jetpack_social_options":{"image_generator_settings":{"template":"highway","default_image_id":0,"font":"","enabled":false},"version":2}},"categories":[19],"tags":[],"class_list":["post-21348","post","type-post","status-publish","format-standard","has-post-thumbnail","hentry","category-variedades"],"jetpack_publicize_connections":[],"jetpack_featured_media_url":"https:\/\/i0.wp.com\/noticiasribeiraopreto.com.br\/wp-content\/uploads\/2023\/12\/1703704363_istock-97873871-1.jpg?fit=1200%2C638&ssl=1","jetpack-related-posts":[{"id":64894,"url":"https:\/\/noticiasribeiraopreto.com.br\/index.php\/2025\/03\/13\/cuidados-com-sintomas-gripais-no-pos-carnaval-prevencao-e-uso-de-mascara\/","url_meta":{"origin":21348,"position":0},"title":"Cuidados com Sintomas Gripais no P\u00f3s-Carnaval: Preven\u00e7\u00e3o e Uso de M\u00e1scara","author":"noticiasribeiraopreto.com.br","date":"13 de March de 2025","format":false,"excerpt":"Com o aumento de casos de sintomas gripais no per\u00edodo p\u00f3s-Carnaval, especialistas refor\u00e7am a necessidade de aten\u00e7\u00e3o aos cuidados de sa\u00fade. \u00c9 fundamental adotar medidas preventivas, como o uso de m\u00e1scaras, principalmente em ambientes fechados e com pouca ventila\u00e7\u00e3o. Esse cuidado ajuda a evitar a dissemina\u00e7\u00e3o de doen\u00e7as respirat\u00f3rias, que\u2026","rel":"","context":"In &quot;Not\u00edcias de Ribeir\u00e3o Preto-SP e Regi\u00e3o&quot;","block_context":{"text":"Not\u00edcias de Ribeir\u00e3o Preto-SP e Regi\u00e3o","link":"https:\/\/noticiasribeiraopreto.com.br\/index.php\/category\/noticias-de-ribeirao-preto-sp-e-regiao-ismael-colosi\/"},"img":{"alt_text":"","src":"https:\/\/i0.wp.com\/noticiasribeiraopreto.com.br\/wp-content\/uploads\/2025\/03\/noah_lyles_velocista_eua_bronze_paris_2024.webp.webp?fit=1170%2C700&ssl=1&resize=350%2C200","width":350,"height":200,"srcset":"https:\/\/i0.wp.com\/noticiasribeiraopreto.com.br\/wp-content\/uploads\/2025\/03\/noah_lyles_velocista_eua_bronze_paris_2024.webp.webp?fit=1170%2C700&ssl=1&resize=350%2C200 1x, https:\/\/i0.wp.com\/noticiasribeiraopreto.com.br\/wp-content\/uploads\/2025\/03\/noah_lyles_velocista_eua_bronze_paris_2024.webp.webp?fit=1170%2C700&ssl=1&resize=525%2C300 1.5x, https:\/\/i0.wp.com\/noticiasribeiraopreto.com.br\/wp-content\/uploads\/2025\/03\/noah_lyles_velocista_eua_bronze_paris_2024.webp.webp?fit=1170%2C700&ssl=1&resize=700%2C400 2x, https:\/\/i0.wp.com\/noticiasribeiraopreto.com.br\/wp-content\/uploads\/2025\/03\/noah_lyles_velocista_eua_bronze_paris_2024.webp.webp?fit=1170%2C700&ssl=1&resize=1050%2C600 3x"},"classes":[]},{"id":20350,"url":"https:\/\/noticiasribeiraopreto.com.br\/index.php\/2023\/12\/25\/3-sintomas-ignorados-pela-maioria-das-mulheres\/","url_meta":{"origin":21348,"position":1},"title":"3 sintomas ignorados pela maioria das mulheres","author":"noticiasribeiraopreto.com.br","date":"25 de December de 2023","format":false,"excerpt":"Cr\u00e9ditos: pepifoto\/istockDiagn\u00f3stico precoce do c\u00e2ncer de \u00fatero est\u00e1 diretamente ligado \u00e0 maior taxa de sobreviv\u00eancia. Descubra os sintomas \u2013 iStock\/Getty Images O c\u00e2ncer de \u00fatero foi respons\u00e1vel por 17 mil novos casos no Brasil em 2022, apontam n\u00fameros divulgados pelo Instituto Nacional do C\u00e2ncer (INCA). O alto n\u00famero de casos,\u2026","rel":"","context":"In &quot;Variedades&quot;","block_context":{"text":"Variedades","link":"https:\/\/noticiasribeiraopreto.com.br\/index.php\/category\/variedades\/"},"img":{"alt_text":"","src":"https:\/\/i0.wp.com\/noticiasribeiraopreto.com.br\/wp-content\/uploads\/2023\/12\/istock-1369349748.jpg?fit=1200%2C638&ssl=1&resize=350%2C200","width":350,"height":200,"srcset":"https:\/\/i0.wp.com\/noticiasribeiraopreto.com.br\/wp-content\/uploads\/2023\/12\/istock-1369349748.jpg?fit=1200%2C638&ssl=1&resize=350%2C200 1x, https:\/\/i0.wp.com\/noticiasribeiraopreto.com.br\/wp-content\/uploads\/2023\/12\/istock-1369349748.jpg?fit=1200%2C638&ssl=1&resize=525%2C300 1.5x, https:\/\/i0.wp.com\/noticiasribeiraopreto.com.br\/wp-content\/uploads\/2023\/12\/istock-1369349748.jpg?fit=1200%2C638&ssl=1&resize=700%2C400 2x, https:\/\/i0.wp.com\/noticiasribeiraopreto.com.br\/wp-content\/uploads\/2023\/12\/istock-1369349748.jpg?fit=1200%2C638&ssl=1&resize=1050%2C600 3x"},"classes":[]},{"id":20876,"url":"https:\/\/noticiasribeiraopreto.com.br\/index.php\/2023\/12\/26\/sintomas-de-cancer-que-podem-ser-confundidos-com-resfriado\/","url_meta":{"origin":21348,"position":2},"title":"Sintomas de c\u00e2ncer que podem ser confundidos com resfriado","author":"noticiasribeiraopreto.com.br","date":"26 de December de 2023","format":false,"excerpt":"Os sintomas do c\u00e2ncer nem sempre s\u00e3o f\u00e1ceis de detectar. Outras vezes, podem ser confundidos com condi\u00e7\u00f5es mais simples, como resfriado e outras infe\u00e7\u00f5es virais. A institui\u00e7\u00e3o Cancer Research listou os sintomas de c\u00e2ncer que podem ser confundidos com resfriado. Cr\u00e9ditos: vitanovski\/DepositPhotosSe esses sintomas persistirem por um per\u00edodo prolongado, \u00e9\u2026","rel":"","context":"In &quot;Variedades&quot;","block_context":{"text":"Variedades","link":"https:\/\/noticiasribeiraopreto.com.br\/index.php\/category\/variedades\/"},"img":{"alt_text":"","src":"https:\/\/i0.wp.com\/noticiasribeiraopreto.com.br\/wp-content\/uploads\/2023\/12\/1703622349_depositphotos-26822335-xl-scaled.jpg?fit=1200%2C638&ssl=1&resize=350%2C200","width":350,"height":200,"srcset":"https:\/\/i0.wp.com\/noticiasribeiraopreto.com.br\/wp-content\/uploads\/2023\/12\/1703622349_depositphotos-26822335-xl-scaled.jpg?fit=1200%2C638&ssl=1&resize=350%2C200 1x, https:\/\/i0.wp.com\/noticiasribeiraopreto.com.br\/wp-content\/uploads\/2023\/12\/1703622349_depositphotos-26822335-xl-scaled.jpg?fit=1200%2C638&ssl=1&resize=525%2C300 1.5x, https:\/\/i0.wp.com\/noticiasribeiraopreto.com.br\/wp-content\/uploads\/2023\/12\/1703622349_depositphotos-26822335-xl-scaled.jpg?fit=1200%2C638&ssl=1&resize=700%2C400 2x, https:\/\/i0.wp.com\/noticiasribeiraopreto.com.br\/wp-content\/uploads\/2023\/12\/1703622349_depositphotos-26822335-xl-scaled.jpg?fit=1200%2C638&ssl=1&resize=1050%2C600 3x"},"classes":[]},{"id":20951,"url":"https:\/\/noticiasribeiraopreto.com.br\/index.php\/2023\/12\/26\/ansiedade-social-conheca-o-transtorno-sintomas-causas-e-tratamento-meu-valor-digital\/","url_meta":{"origin":21348,"position":3},"title":"Ansiedade social: conhe\u00e7a o transtorno, sintomas, causas e tratamento &#8211; Meu Valor Digital","author":"noticiasribeiraopreto.com.br","date":"26 de December de 2023","format":false,"excerpt":"Ansiedade social: conhe\u00e7a o transtorno, sintomas, causas e tratamento - Meu Valor Digital - Not\u00edcias atualizadas In\u00edcioChamadasAnsiedade social: conhe\u00e7a o transtorno, sintomas, causas e tratamento Source link","rel":"","context":"In &quot;Vagas de Emprego em Ribeir\u00e3o Preto-SP&quot;","block_context":{"text":"Vagas de Emprego em Ribeir\u00e3o Preto-SP","link":"https:\/\/noticiasribeiraopreto.com.br\/index.php\/category\/empregos-classificados-vagas-trabalho\/vagas-de-empregos-em-ribeirao-preto-regiao-brasil\/"},"img":{"alt_text":"","src":"https:\/\/i0.wp.com\/noticiasribeiraopreto.com.br\/wp-content\/uploads\/2023\/12\/Ansiedade-Social.jpg?fit=1200%2C800&ssl=1&resize=350%2C200","width":350,"height":200,"srcset":"https:\/\/i0.wp.com\/noticiasribeiraopreto.com.br\/wp-content\/uploads\/2023\/12\/Ansiedade-Social.jpg?fit=1200%2C800&ssl=1&resize=350%2C200 1x, https:\/\/i0.wp.com\/noticiasribeiraopreto.com.br\/wp-content\/uploads\/2023\/12\/Ansiedade-Social.jpg?fit=1200%2C800&ssl=1&resize=525%2C300 1.5x, https:\/\/i0.wp.com\/noticiasribeiraopreto.com.br\/wp-content\/uploads\/2023\/12\/Ansiedade-Social.jpg?fit=1200%2C800&ssl=1&resize=700%2C400 2x, https:\/\/i0.wp.com\/noticiasribeiraopreto.com.br\/wp-content\/uploads\/2023\/12\/Ansiedade-Social.jpg?fit=1200%2C800&ssl=1&resize=1050%2C600 3x"},"classes":[]},{"id":10377,"url":"https:\/\/noticiasribeiraopreto.com.br\/index.php\/2023\/12\/04\/6-sinais-e-sintomas-precoces-de-infeccao-por-hiv\/","url_meta":{"origin":21348,"position":4},"title":"6 sinais e sintomas precoces de infec\u00e7\u00e3o por HIV","author":"noticiasribeiraopreto.com.br","date":"4 de December de 2023","format":false,"excerpt":"Nas primeiras semanas ap\u00f3s a infec\u00e7\u00e3o pelo HIV, ocorre o que se chama S\u00edndrome Retroviral Aguda (ARS, do ingl\u00eas Acute Retroviral Syndrome). Ela refere-se a um conjunto de sintomas semelhantes aos da gripe que algumas pessoas experimentam. Esta fase inicial da infec\u00e7\u00e3o pelo HIV \u00e9 tamb\u00e9m conhecida como \u201cjanela imunol\u00f3gica\u201d\u2026","rel":"","context":"In &quot;Variedades&quot;","block_context":{"text":"Variedades","link":"https:\/\/noticiasribeiraopreto.com.br\/index.php\/category\/variedades\/"},"img":{"alt_text":"","src":"https:\/\/i0.wp.com\/noticiasribeiraopreto.com.br\/wp-content\/uploads\/2023\/12\/hiv-mulher-curada-sem-remedios.jpg?fit=1200%2C638&ssl=1&resize=350%2C200","width":350,"height":200,"srcset":"https:\/\/i0.wp.com\/noticiasribeiraopreto.com.br\/wp-content\/uploads\/2023\/12\/hiv-mulher-curada-sem-remedios.jpg?fit=1200%2C638&ssl=1&resize=350%2C200 1x, https:\/\/i0.wp.com\/noticiasribeiraopreto.com.br\/wp-content\/uploads\/2023\/12\/hiv-mulher-curada-sem-remedios.jpg?fit=1200%2C638&ssl=1&resize=525%2C300 1.5x, https:\/\/i0.wp.com\/noticiasribeiraopreto.com.br\/wp-content\/uploads\/2023\/12\/hiv-mulher-curada-sem-remedios.jpg?fit=1200%2C638&ssl=1&resize=700%2C400 2x, https:\/\/i0.wp.com\/noticiasribeiraopreto.com.br\/wp-content\/uploads\/2023\/12\/hiv-mulher-curada-sem-remedios.jpg?fit=1200%2C638&ssl=1&resize=1050%2C600 3x"},"classes":[]},{"id":9060,"url":"https:\/\/noticiasribeiraopreto.com.br\/index.php\/2023\/12\/01\/sintomas-a-serem-notados-apos-primeiro-caso-humano-de-nova-cepa-de-gripe-suina\/","url_meta":{"origin":21348,"position":5},"title":"Sintomas a serem notados ap\u00f3s primeiro caso humano de nova cepa de gripe su\u00edna","author":"noticiasribeiraopreto.com.br","date":"1 de December de 2023","format":false,"excerpt":"O primeiro caso humano confirmado de uma nova cepa de gripe su\u00edna foi confirmado no Reino Unido. A infec\u00e7\u00e3o por A(H1N2)v foi detectada em um teste de triagem de gripe de rotina em um consult\u00f3rio m\u00e9dico em North Yorkshire. A Ag\u00eancia de Seguran\u00e7a de Sa\u00fade do Reino Unido (UKHSA) anunciou\u2026","rel":"","context":"In &quot;Variedades&quot;","block_context":{"text":"Variedades","link":"https:\/\/noticiasribeiraopreto.com.br\/index.php\/category\/variedades\/"},"img":{"alt_text":"","src":"https:\/\/i0.wp.com\/noticiasribeiraopreto.com.br\/wp-content\/uploads\/2023\/12\/istock-1528187627.jpg?fit=1200%2C638&ssl=1&resize=350%2C200","width":350,"height":200,"srcset":"https:\/\/i0.wp.com\/noticiasribeiraopreto.com.br\/wp-content\/uploads\/2023\/12\/istock-1528187627.jpg?fit=1200%2C638&ssl=1&resize=350%2C200 1x, https:\/\/i0.wp.com\/noticiasribeiraopreto.com.br\/wp-content\/uploads\/2023\/12\/istock-1528187627.jpg?fit=1200%2C638&ssl=1&resize=525%2C300 1.5x, https:\/\/i0.wp.com\/noticiasribeiraopreto.com.br\/wp-content\/uploads\/2023\/12\/istock-1528187627.jpg?fit=1200%2C638&ssl=1&resize=700%2C400 2x, https:\/\/i0.wp.com\/noticiasribeiraopreto.com.br\/wp-content\/uploads\/2023\/12\/istock-1528187627.jpg?fit=1200%2C638&ssl=1&resize=1050%2C600 3x"},"classes":[]}],"jetpack_sharing_enabled":true,"jetpack_shortlink":"https:\/\/wp.me\/peQAOb-5yk","_links":{"self":[{"href":"https:\/\/noticiasribeiraopreto.com.br\/index.php\/wp-json\/wp\/v2\/posts\/21348","targetHints":{"allow":["GET"]}}],"collection":[{"href":"https:\/\/noticiasribeiraopreto.com.br\/index.php\/wp-json\/wp\/v2\/posts"}],"about":[{"href":"https:\/\/noticiasribeiraopreto.com.br\/index.php\/wp-json\/wp\/v2\/types\/post"}],"author":[{"embeddable":true,"href":"https:\/\/noticiasribeiraopreto.com.br\/index.php\/wp-json\/wp\/v2\/users\/1"}],"replies":[{"embeddable":true,"href":"https:\/\/noticiasribeiraopreto.com.br\/index.php\/wp-json\/wp\/v2\/comments?post=21348"}],"version-history":[{"count":0,"href":"https:\/\/noticiasribeiraopreto.com.br\/index.php\/wp-json\/wp\/v2\/posts\/21348\/revisions"}],"wp:featuredmedia":[{"embeddable":true,"href":"https:\/\/noticiasribeiraopreto.com.br\/index.php\/wp-json\/wp\/v2\/media\/21349"}],"wp:attachment":[{"href":"https:\/\/noticiasribeiraopreto.com.br\/index.php\/wp-json\/wp\/v2\/media?parent=21348"}],"wp:term":[{"taxonomy":"category","embeddable":true,"href":"https:\/\/noticiasribeiraopreto.com.br\/index.php\/wp-json\/wp\/v2\/categories?post=21348"},{"taxonomy":"post_tag","embeddable":true,"href":"https:\/\/noticiasribeiraopreto.com.br\/index.php\/wp-json\/wp\/v2\/tags?post=21348"}],"curies":[{"name":"wp","href":"https:\/\/api.w.org\/{rel}","templated":true}]}}