{"id":21470,"date":"2023-12-27T20:50:27","date_gmt":"2023-12-27T23:50:27","guid":{"rendered":"https:\/\/noticiasribeiraopreto.com.br\/index.php\/2023\/12\/27\/aprenda-a-consultar-o-numero-do-pis-pasep-veja-8-formas\/"},"modified":"2023-12-27T20:50:27","modified_gmt":"2023-12-27T23:50:27","slug":"aprenda-a-consultar-o-numero-do-pis-pasep-veja-8-formas","status":"publish","type":"post","link":"https:\/\/noticiasribeiraopreto.com.br\/index.php\/2023\/12\/27\/aprenda-a-consultar-o-numero-do-pis-pasep-veja-8-formas\/","title":{"rendered":"Aprenda a CONSULTAR o n\u00famero do PIS\/PASEP: veja 8 formas"},"content":{"rendered":"<div class='code-block code-block-1' style='margin: 8px 0 8px auto; text-align: right; display: block; clear: both;'>\n<p><a href=\"https:\/\/wa.link\/vpicfd\"><img data-recalc-dims=\"1\" class=\"wp-image-4922\" style=\"aspect-ratio: 2.0253164556962027; width: 561px; height: auto;\" src=\"https:\/\/i0.wp.com\/ismaelcolosi.com.br\/wp-content\/uploads\/2023\/11\/grupo-de-empregos-whatsapp-e-facebook-ismael-colosi-vagas.jpg?ssl=1\" alt=\"\" \/><\/a><\/p>\n<!-- \/wp:image -->\n<\/div>\n<p> <br \/>\n<\/p>\n<div>\n<p>O n\u00famero do seu <a href=\"https:\/\/noticiasconcursos.com.br\/atencao-prazo-para-sacar-pis-pasep-2023-termina-nos-proximos-dias\/\"><strong>PIS\/PASEP<\/strong><\/a> \u00e9 extremamente importante para uma s\u00e9rie de procedimentos ligados ao seu trabalho e a benef\u00edcios sociais. Mas, voc\u00ea sabe como encontr\u00e1-lo? Aqui est\u00e3o oito formas eficientes de localizar e consultar seu n\u00famero PIS\/PASEP.<\/p>\n<h2>Uso do aplicativo CTPS Digital<\/h2>\n<p>O aplicativo CTPS Digital \u00e9 uma ferramenta gratuita para Android e iPhone (iOS) que permite a consulta do seu n\u00famero <a href=\"https:\/\/noticiasconcursos.com.br\/pis-pasep-de-2022-vai-ser-pago-em-alguns-dias-confira-detalhes-dos-pagamentos\/\"><strong>PIS\/PASEP<\/strong><\/a> usando o CPF e outras informa\u00e7\u00f5es pessoais.<\/p>\n<h3>Passo-a-passo<\/h3>\n<ol>\n<li><span class=\"flex items-start justify-start\">Fa\u00e7a o cadastro no aplicativo.<\/span><\/li>\n<li><span class=\"flex items-start justify-start\">Abra o programa e selecione a op\u00e7\u00e3o \u201cEntrar\u201d.<\/span><\/li>\n<li><span class=\"flex items-start justify-start\">Fa\u00e7a login com sua conta Gov.br, inserindo o n\u00famero do seu CPF e senha. Clique em \u201cEntrar\u201d.<\/span><\/li>\n<li><span class=\"flex items-start justify-start\">Ap\u00f3s o login, clique na op\u00e7\u00e3o \u201cContratos\u201d, no menu inferior, para visualizar todos os seus trabalhos registrados na carteira. Selecione o \u00edcone de \u201c+\u201d ao lado de um contrato.<\/span><\/li>\n<li><span class=\"flex items-start justify-start\">Na tela que aparece, voc\u00ea encontrar\u00e1 o n\u00famero do seu PIS\/PASEP.<\/span><\/li>\n<\/ol>\n<h2>Consulta pelo site do CNIS<\/h2>\n<p>O Cadastro Nacional de Informa\u00e7\u00f5es Sociais (CNIS) tamb\u00e9m permite a consulta do n\u00famero do PIS.<\/p>\n<h3>Passo-a-passo<\/h3>\n<ol>\n<li><span class=\"flex items-start justify-start\">Acesse o site do CNIS (cnisnet.inss.gov.br\/cnisinternet\/faces\/pages\/perfil.xhtml) e clique no \u00edcone \u201cCidad\u00e3o\u201d.<\/span><\/li>\n<li><span class=\"flex items-start justify-start\">Selecione a op\u00e7\u00e3o \u201cInscri\u00e7\u00e3o\u201d, no menu superior, e em seguida escolha \u201cFiliado\u201d.<\/span><\/li>\n<li><span class=\"flex items-start justify-start\">Preencha todos os dados solicitados, marque o captcha e, em seguida, clique em \u201cContinuar\u201d.<\/span><\/li>\n<li><span class=\"flex items-start justify-start\">Uma mensagem surgir\u00e1 na tela informando que o usu\u00e1rio j\u00e1 est\u00e1 cadastrado. O n\u00famero do NIT apresentado \u00e9 o mesmo do PIS.<\/span><\/li>\n<\/ol>\n<div class=\"bs-irp left bs-irp-thumbnail-1\">\n<p>&#13;<br \/><span class=\"h-text heading-typo\">Voc\u00ea tamb\u00e9m pode gostar:<\/span>&#13; <\/p>\n<\/p><\/div>\n<h2>Uso do aplicativo FGTS<\/h2>\n<p>Outra maneira de consultar o n\u00famero do PIS \u00e9 pelo aplicativo FGTS.<\/p>\n<h3>Passo-a-passo<\/h3>\n<ol>\n<li><span class=\"flex items-start justify-start\">Abra o aplicativo, digite seu CPF no campo indicado e clique em \u201cPr\u00f3ximo\u201d.<\/span><\/li>\n<li><span class=\"flex items-start justify-start\">Se voc\u00ea ainda n\u00e3o tem cadastro, informe os dados solicitados e crie uma senha.<\/span><\/li>\n<li><span class=\"flex items-start justify-start\">Ap\u00f3s a verifica\u00e7\u00e3o, entre no aplicativo e fa\u00e7a o login com a senha criada.<\/span><\/li>\n<li><span class=\"flex items-start justify-start\">Com o aplicativo aberto, clique no \u00edcone \u201cMais\u201d e selecione \u201cEndere\u00e7o e dados pessoais\u201d.<\/span><\/li>\n<li><span class=\"flex items-start justify-start\">Na tela que aparece, voc\u00ea encontrar\u00e1 o n\u00famero do seu PIS\/PASEP.<\/span><\/li>\n<\/ol>\n<h2>Uso do aplicativo Caixa Trabalhador<\/h2>\n<p>O aplicativo Caixa Trabalhador tamb\u00e9m \u00e9 uma op\u00e7\u00e3o para consultar o n\u00famero do PIS.<\/p>\n<h3>Passo-a-passo<\/h3>\n<ol>\n<li><span class=\"flex items-start justify-start\">Abra o aplicativo e clique em \u201cAcessar\u201d. Informe o seu CPF.<\/span><\/li>\n<li><span class=\"flex items-start justify-start\">Se voc\u00ea ainda n\u00e3o tem cadastro, siga as etapas para criar um usu\u00e1rio e uma senha de acesso.<\/span><\/li>\n<li><span class=\"flex items-start justify-start\">Com a conta ativa, acesse o aplicativo, insira o login e a senha, e clique no menu no canto superior esquerdo da tela.<\/span><\/li>\n<li><span class=\"flex items-start justify-start\">Escolha a op\u00e7\u00e3o \u201cMeu NIS\u201d. Este n\u00famero \u00e9 o mesmo que o do PIS.<\/span><\/li>\n<\/ol>\n<h2>Uso do aplicativo Meu INSS<\/h2>\n<p>O aplicativo Meu INSS tamb\u00e9m permite a consulta do n\u00famero do PIS.<\/p>\n<h3>Passo-a-passo<\/h3>\n<ol>\n<li><span class=\"flex items-start justify-start\">Abra o aplicativo Meu INSS e clique em \u201cEntrar com gov.br\u201d. Fa\u00e7a login com suas credenciais do gov.br, informando seu CPF e senha.<\/span><\/li>\n<li><span class=\"flex items-start justify-start\">Clique nas tr\u00eas listras do canto superior esquerdo para abrir o menu e selecione a op\u00e7\u00e3o \u201cMeu Cadastro\u201d.<\/span><\/li>\n<li><span class=\"flex items-start justify-start\">Des\u00e7a a tela e localize o n\u00famero do NIT, que \u00e9 o mesmo n\u00famero do NIS e do PIS.<\/span><\/li>\n<\/ol>\n<h2>Consulta pelo site Meu INSS<\/h2>\n<p>Outra maneira de consultar o n\u00famero do PIS \u00e9 pelo site Meu INSS.<\/p>\n<h3>Passo-a-passo<\/h3>\n<ol>\n<li><span class=\"flex items-start justify-start\">Acesse o Meu INSS (meu.inss.gov.br) e clique em \u201cEntrar com gov.br\u201d para fazer login.<\/span><\/li>\n<li><span class=\"flex items-start justify-start\">Insira seu CPF para fazer login com suas credenciais do Gov.br.<\/span><\/li>\n<li><span class=\"flex items-start justify-start\">Ap\u00f3s o login, clique em \u201cMeu Cadastro\u201d, localizado no menu superior.<\/span><\/li>\n<li><span class=\"flex items-start justify-start\">Des\u00e7a a tela para visualizar o NIT, o mesmo n\u00famero do PIS.<\/span><\/li>\n<\/ol>\n<h2>Consulta pelo telefone da Previd\u00eancia Social<\/h2>\n<p>A Previd\u00eancia Social possui um n\u00famero dedicado \u00e0 consulta do PIS e de outras informa\u00e7\u00f5es importantes.<\/p>\n<h3>Passo-a-passo<\/h3>\n<ol>\n<li><span class=\"flex items-start justify-start\">Ligue para o n\u00famero 135.<\/span><\/li>\n<li><span class=\"flex items-start justify-start\">Digite seu CPF no teclado do celular.<\/span><\/li>\n<li><span class=\"flex items-start justify-start\">No menu eletr\u00f4nico que ser\u00e1 oferecido, selecione a op\u00e7\u00e3o 3 (outros assuntos), ou disque 0 para falar diretamente com um atendente.<\/span><\/li>\n<li><span class=\"flex items-start justify-start\">Confirme seus dados cadastrais. Em seguida, voc\u00ea ser\u00e1 informado do seu PIS.<\/span><\/li>\n<\/ol>\n<h2>Consulta pelo telefone da Caixa Econ\u00f4mica<\/h2>\n<p>A Caixa Econ\u00f4mica oferece um atendimento para quest\u00f5es sobre o <a href=\"https:\/\/noticiasconcursos.com.br\/direitos-trabalhador\/pis-pasep\/\"><strong>PIS\/Pasep<\/strong><\/a>, benef\u00edcios sociais, FGTS e cart\u00e3o social.<\/p>\n<h3>Passo-a-passo<\/h3>\n<ol>\n<li><span class=\"flex items-start justify-start\">Ligue para o n\u00famero 0800 726 0207.<\/span><\/li>\n<li><span class=\"flex items-start justify-start\">Siga as instru\u00e7\u00f5es do atendimento eletr\u00f4nico para obter informa\u00e7\u00f5es sobre o PIS.<\/span><\/li>\n<li><span class=\"flex items-start justify-start\">Se preferir, voc\u00ea pode optar por falar diretamente com um atendente.<\/span><\/li>\n<\/ol>\n<p>Conhecer e ter em m\u00e3os o n\u00famero do seu PIS\/PASEP \u00e9 fundamental para acessar uma s\u00e9rie de benef\u00edcios e direitos. Use estas oito formas eficientes para consultar e saber sempre que precisar.<\/p>\n<\/p><\/div>\n<p><br \/>\n<br \/><a href=\"https:\/\/ismaelcolosi.com.br\/aprenda-a-consultar-o-numero-do-pis-pasep-veja-8-formas\/\">Source link <\/a><\/p>\n<!-- CONTENT END 1 -->\n","protected":false},"excerpt":{"rendered":"<p>O n\u00famero do seu PIS\/PASEP \u00e9 extremamente importante para uma s\u00e9rie de procedimentos ligados ao seu trabalho e a benef\u00edcios sociais. Mas, voc\u00ea sabe como&#8230;<\/p>\n","protected":false},"author":1,"featured_media":21471,"comment_status":"open","ping_status":"open","sticky":false,"template":"","format":"standard","meta":{"advanced_seo_description":"","jetpack_seo_html_title":"","jetpack_seo_noindex":false,"jetpack_post_was_ever_published":false,"_jetpack_newsletter_access":"","_jetpack_dont_email_post_to_subs":false,"_jetpack_newsletter_tier_id":0,"_jetpack_memberships_contains_paywalled_content":false,"_jetpack_memberships_contains_paid_content":false,"footnotes":"","jetpack_publicize_message":"","jetpack_publicize_feature_enabled":true,"jetpack_social_post_already_shared":true,"jetpack_social_options":{"image_generator_settings":{"template":"highway","default_image_id":0,"font":"","enabled":false},"version":2}},"categories":[7],"tags":[],"class_list":["post-21470","post","type-post","status-publish","format-standard","has-post-thumbnail","hentry","category-vagas-de-empregos-em-ribeirao-preto-regiao-brasil"],"jetpack_publicize_connections":[],"jetpack_featured_media_url":"https:\/\/i0.wp.com\/noticiasribeiraopreto.com.br\/wp-content\/uploads\/2023\/12\/noticiasconcursos.com_.br-imagem-mate-ria-113511-750x430.png?fit=750%2C430&ssl=1","jetpack-related-posts":[{"id":13775,"url":"https:\/\/noticiasribeiraopreto.com.br\/index.php\/2023\/12\/11\/veja-como-solicitar-o-seu-pis-extra-de-1971-a-1988\/","url_meta":{"origin":21470,"position":0},"title":"Veja como solicitar o seu PIS Extra de 1971 a 1988!","author":"noticiasribeiraopreto.com.br","date":"11 de December de 2023","format":false,"excerpt":"Voc\u00ea sabia que trabalhadores que estiveram em atividade entre 1971 e 1988 t\u00eam a oportunidade de resgatar as cotas do PIS e do PASEP? Essa \u00e9 uma excelente not\u00edcia para aqueles que contribu\u00edram para esses fundos durante esse per\u00edodo. Neste artigo, vamos explicar o que s\u00e3o as cotas do PIS\/PASEP,\u2026","rel":"","context":"In &quot;Vagas de Emprego em Ribeir\u00e3o Preto-SP&quot;","block_context":{"text":"Vagas de Emprego em Ribeir\u00e3o Preto-SP","link":"https:\/\/noticiasribeiraopreto.com.br\/index.php\/category\/empregos-classificados-vagas-trabalho\/vagas-de-empregos-em-ribeirao-preto-regiao-brasil\/"},"img":{"alt_text":"","src":"https:\/\/i0.wp.com\/noticiasribeiraopreto.com.br\/wp-content\/uploads\/2023\/12\/1702296038_s.png?fit=300%2C250&ssl=1&resize=350%2C200","width":350,"height":200},"classes":[]},{"id":50986,"url":"https:\/\/noticiasribeiraopreto.com.br\/index.php\/2024\/05\/22\/guia-completo-sobre-esse-beneficio-para-o-trabalhador\/","url_meta":{"origin":21470,"position":1},"title":"Guia completo sobre esse benef\u00edcio para o trabalhador","author":"noticiasribeiraopreto.com.br","date":"22 de May de 2024","format":false,"excerpt":"Ao se inserir no mercado de trabalho, o profissional se v\u00ea frente a diferentes termos, benef\u00edcios e direitos trabalhistas.\u00a0Por exemplo, o popular PIS acompanha o trabalhador em toda a sua vida profissional, mas poucos sabem qual \u00e9 exatamente a sua fun\u00e7\u00e3o. Neste post, voc\u00ea aprender\u00e1 como o programa PIS funciona,\u2026","rel":"","context":"In &quot;Blog&quot;","block_context":{"text":"Blog","link":"https:\/\/noticiasribeiraopreto.com.br\/index.php\/category\/blog\/"},"img":{"alt_text":"","src":"https:\/\/i0.wp.com\/noticiasribeiraopreto.com.br\/wp-content\/uploads\/2024\/05\/1716384485_Pis-Guia-completo-para-o-trabalhador.png?fit=1200%2C627&ssl=1&resize=350%2C200","width":350,"height":200,"srcset":"https:\/\/i0.wp.com\/noticiasribeiraopreto.com.br\/wp-content\/uploads\/2024\/05\/1716384485_Pis-Guia-completo-para-o-trabalhador.png?fit=1200%2C627&ssl=1&resize=350%2C200 1x, https:\/\/i0.wp.com\/noticiasribeiraopreto.com.br\/wp-content\/uploads\/2024\/05\/1716384485_Pis-Guia-completo-para-o-trabalhador.png?fit=1200%2C627&ssl=1&resize=525%2C300 1.5x, https:\/\/i0.wp.com\/noticiasribeiraopreto.com.br\/wp-content\/uploads\/2024\/05\/1716384485_Pis-Guia-completo-para-o-trabalhador.png?fit=1200%2C627&ssl=1&resize=700%2C400 2x, https:\/\/i0.wp.com\/noticiasribeiraopreto.com.br\/wp-content\/uploads\/2024\/05\/1716384485_Pis-Guia-completo-para-o-trabalhador.png?fit=1200%2C627&ssl=1&resize=1050%2C600 3x"},"classes":[]},{"id":21416,"url":"https:\/\/noticiasribeiraopreto.com.br\/index.php\/2023\/12\/27\/pis-pasep-prazo-para-sacar-o-abono-acaba-amanha-veja-quem-tem-direito\/","url_meta":{"origin":21470,"position":2},"title":"PIS\/PASEP: Prazo para sacar o abono acaba amanh\u00e3; veja quem tem direito","author":"noticiasribeiraopreto.com.br","date":"27 de December de 2023","format":false,"excerpt":"A data final para o saque do abono salarial PIS\/PASEP est\u00e1 se aproximando. Quem n\u00e3o realizar o saque do abono salarial PIS\/PASEP 2023, ano-base 2021, at\u00e9 a data estabelecida ter\u00e1 os valores retornados ao Fundo de Amparo ao Trabalhador (FAT) e precisar\u00e1 seguir os tr\u00e2mites do programa para recuperar os\u2026","rel":"","context":"In &quot;Vagas de Emprego em Ribeir\u00e3o Preto-SP&quot;","block_context":{"text":"Vagas de Emprego em Ribeir\u00e3o Preto-SP","link":"https:\/\/noticiasribeiraopreto.com.br\/index.php\/category\/empregos-classificados-vagas-trabalho\/vagas-de-empregos-em-ribeirao-preto-regiao-brasil\/"},"img":{"alt_text":"","src":"","width":0,"height":0},"classes":[]},{"id":16699,"url":"https:\/\/noticiasribeiraopreto.com.br\/index.php\/2023\/12\/16\/retirada-dos-valores-esquecidos-no-pis-vai-ate-31-de-dezembro\/","url_meta":{"origin":21470,"position":3},"title":"Retirada dos valores esquecidos no PIS vai at\u00e9 31 de dezembro","author":"noticiasribeiraopreto.com.br","date":"16 de December de 2023","format":false,"excerpt":"Cr\u00e9ditos: iSTockCalend\u00e1rio do PIS\/PASEP 2024; veja quando sai seu pagamento! Com o fim do ano se aproximando, a oportunidade de resgatar valores esquecidos no PIS est\u00e1 chegando ao seu prazo final. Muitos brasileiros desconhecem a exist\u00eancia desses recursos em suas contas banc\u00e1rias, e \u00e9 crucial agir rapidamente para n\u00e3o perder\u2026","rel":"","context":"In &quot;Variedades&quot;","block_context":{"text":"Variedades","link":"https:\/\/noticiasribeiraopreto.com.br\/index.php\/category\/variedades\/"},"img":{"alt_text":"","src":"https:\/\/i0.wp.com\/noticiasribeiraopreto.com.br\/wp-content\/uploads\/2023\/12\/1702719894_tem-direito-ao-pis-pasep-esquecido-e-nao-sacou-veja-o-que-fazer.jpg?fit=1200%2C638&ssl=1&resize=350%2C200","width":350,"height":200,"srcset":"https:\/\/i0.wp.com\/noticiasribeiraopreto.com.br\/wp-content\/uploads\/2023\/12\/1702719894_tem-direito-ao-pis-pasep-esquecido-e-nao-sacou-veja-o-que-fazer.jpg?fit=1200%2C638&ssl=1&resize=350%2C200 1x, https:\/\/i0.wp.com\/noticiasribeiraopreto.com.br\/wp-content\/uploads\/2023\/12\/1702719894_tem-direito-ao-pis-pasep-esquecido-e-nao-sacou-veja-o-que-fazer.jpg?fit=1200%2C638&ssl=1&resize=525%2C300 1.5x, https:\/\/i0.wp.com\/noticiasribeiraopreto.com.br\/wp-content\/uploads\/2023\/12\/1702719894_tem-direito-ao-pis-pasep-esquecido-e-nao-sacou-veja-o-que-fazer.jpg?fit=1200%2C638&ssl=1&resize=700%2C400 2x, https:\/\/i0.wp.com\/noticiasribeiraopreto.com.br\/wp-content\/uploads\/2023\/12\/1702719894_tem-direito-ao-pis-pasep-esquecido-e-nao-sacou-veja-o-que-fazer.jpg?fit=1200%2C638&ssl=1&resize=1050%2C600 3x"},"classes":[]},{"id":82427,"url":"https:\/\/noticiasribeiraopreto.com.br\/index.php\/2026\/02\/14\/pis-pasep-2026-comeca-a-ser-pago-no-domingo-veja-quem-recebe-e-como-sacar\/","url_meta":{"origin":21470,"position":4},"title":"PIS\/Pasep 2026 come\u00e7a a ser pago no domingo? Veja quem recebe e como sacar","author":"noticiasribeiraopreto.com.br","date":"14 de February de 2026","format":false,"excerpt":"O calend\u00e1rio do abono salarial PIS\/Pasep 2026 come\u00e7a oficialmente no domingo (15) e gerou d\u00favidas entre milh\u00f5es de trabalhadores. Afinal, o pagamento cai na conta no fim de semana ou s\u00f3 fica dispon\u00edvel no dia \u00fatil seguinte? A resposta depende da forma de recebimento do benef\u00edcio. Cr\u00e9dito pode ser feito\u2026","rel":"","context":"In &quot;Not\u00edcias de Ribeir\u00e3o Preto-SP e Regi\u00e3o&quot;","block_context":{"text":"Not\u00edcias de Ribeir\u00e3o Preto-SP e Regi\u00e3o","link":"https:\/\/noticiasribeiraopreto.com.br\/index.php\/category\/noticias-de-ribeirao-preto-sp-e-regiao-ismael-colosi\/"},"img":{"alt_text":"","src":"https:\/\/i0.wp.com\/noticiasribeiraopreto.com.br\/wp-content\/uploads\/2026\/02\/abono-salarial_2026-02-04_16-42-05.webp.webp?fit=1200%2C716&ssl=1&resize=350%2C200","width":350,"height":200,"srcset":"https:\/\/i0.wp.com\/noticiasribeiraopreto.com.br\/wp-content\/uploads\/2026\/02\/abono-salarial_2026-02-04_16-42-05.webp.webp?fit=1200%2C716&ssl=1&resize=350%2C200 1x, https:\/\/i0.wp.com\/noticiasribeiraopreto.com.br\/wp-content\/uploads\/2026\/02\/abono-salarial_2026-02-04_16-42-05.webp.webp?fit=1200%2C716&ssl=1&resize=525%2C300 1.5x, https:\/\/i0.wp.com\/noticiasribeiraopreto.com.br\/wp-content\/uploads\/2026\/02\/abono-salarial_2026-02-04_16-42-05.webp.webp?fit=1200%2C716&ssl=1&resize=700%2C400 2x, https:\/\/i0.wp.com\/noticiasribeiraopreto.com.br\/wp-content\/uploads\/2026\/02\/abono-salarial_2026-02-04_16-42-05.webp.webp?fit=1200%2C716&ssl=1&resize=1050%2C600 3x"},"classes":[]},{"id":50882,"url":"https:\/\/noticiasribeiraopreto.com.br\/index.php\/2024\/05\/20\/entenda-como-funciona-e-aprenda-a-sacar-de-forma-rapida\/","url_meta":{"origin":21470,"position":5},"title":"Entenda como funciona e aprenda a sacar de forma r\u00e1pida","author":"noticiasribeiraopreto.com.br","date":"20 de May de 2024","format":false,"excerpt":"Ao se inserir no mercado de trabalho, o profissional se v\u00ea frente a diferentes termos, benef\u00edcios e direitos trabalhistas.\u00a0O PIS acompanha o funcion\u00e1rio em toda a sua carreira, mas poucos sabem qual \u00e9 a sua fun\u00e7\u00e3o. Neste post, voc\u00ea aprende como o programa funciona, para que serve, quem pode usufruir\u2026","rel":"","context":"In &quot;Blog&quot;","block_context":{"text":"Blog","link":"https:\/\/noticiasribeiraopreto.com.br\/index.php\/category\/blog\/"},"img":{"alt_text":"","src":"https:\/\/i0.wp.com\/noticiasribeiraopreto.com.br\/wp-content\/uploads\/2024\/05\/Pis-Guia-completo-para-o-trabalhador.png?fit=1200%2C627&ssl=1&resize=350%2C200","width":350,"height":200,"srcset":"https:\/\/i0.wp.com\/noticiasribeiraopreto.com.br\/wp-content\/uploads\/2024\/05\/Pis-Guia-completo-para-o-trabalhador.png?fit=1200%2C627&ssl=1&resize=350%2C200 1x, https:\/\/i0.wp.com\/noticiasribeiraopreto.com.br\/wp-content\/uploads\/2024\/05\/Pis-Guia-completo-para-o-trabalhador.png?fit=1200%2C627&ssl=1&resize=525%2C300 1.5x, https:\/\/i0.wp.com\/noticiasribeiraopreto.com.br\/wp-content\/uploads\/2024\/05\/Pis-Guia-completo-para-o-trabalhador.png?fit=1200%2C627&ssl=1&resize=700%2C400 2x, https:\/\/i0.wp.com\/noticiasribeiraopreto.com.br\/wp-content\/uploads\/2024\/05\/Pis-Guia-completo-para-o-trabalhador.png?fit=1200%2C627&ssl=1&resize=1050%2C600 3x"},"classes":[]}],"jetpack_sharing_enabled":true,"jetpack_shortlink":"https:\/\/wp.me\/peQAOb-5Ai","_links":{"self":[{"href":"https:\/\/noticiasribeiraopreto.com.br\/index.php\/wp-json\/wp\/v2\/posts\/21470","targetHints":{"allow":["GET"]}}],"collection":[{"href":"https:\/\/noticiasribeiraopreto.com.br\/index.php\/wp-json\/wp\/v2\/posts"}],"about":[{"href":"https:\/\/noticiasribeiraopreto.com.br\/index.php\/wp-json\/wp\/v2\/types\/post"}],"author":[{"embeddable":true,"href":"https:\/\/noticiasribeiraopreto.com.br\/index.php\/wp-json\/wp\/v2\/users\/1"}],"replies":[{"embeddable":true,"href":"https:\/\/noticiasribeiraopreto.com.br\/index.php\/wp-json\/wp\/v2\/comments?post=21470"}],"version-history":[{"count":0,"href":"https:\/\/noticiasribeiraopreto.com.br\/index.php\/wp-json\/wp\/v2\/posts\/21470\/revisions"}],"wp:featuredmedia":[{"embeddable":true,"href":"https:\/\/noticiasribeiraopreto.com.br\/index.php\/wp-json\/wp\/v2\/media\/21471"}],"wp:attachment":[{"href":"https:\/\/noticiasribeiraopreto.com.br\/index.php\/wp-json\/wp\/v2\/media?parent=21470"}],"wp:term":[{"taxonomy":"category","embeddable":true,"href":"https:\/\/noticiasribeiraopreto.com.br\/index.php\/wp-json\/wp\/v2\/categories?post=21470"},{"taxonomy":"post_tag","embeddable":true,"href":"https:\/\/noticiasribeiraopreto.com.br\/index.php\/wp-json\/wp\/v2\/tags?post=21470"}],"curies":[{"name":"wp","href":"https:\/\/api.w.org\/{rel}","templated":true}]}}