{"id":21476,"date":"2023-12-27T21:18:43","date_gmt":"2023-12-28T00:18:43","guid":{"rendered":"https:\/\/noticiasribeiraopreto.com.br\/index.php\/2023\/12\/27\/aumento-alarmante-de-estupros-em-sao-paulo-desperta-preocupacoes-sobre-seguranca\/"},"modified":"2023-12-27T21:18:43","modified_gmt":"2023-12-28T00:18:43","slug":"aumento-alarmante-de-estupros-em-sao-paulo-desperta-preocupacoes-sobre-seguranca","status":"publish","type":"post","link":"https:\/\/noticiasribeiraopreto.com.br\/index.php\/2023\/12\/27\/aumento-alarmante-de-estupros-em-sao-paulo-desperta-preocupacoes-sobre-seguranca\/","title":{"rendered":"Aumento alarmante de estupros em S\u00e3o Paulo desperta preocupa\u00e7\u00f5es sobre seguran\u00e7a"},"content":{"rendered":"<div class='code-block code-block-1' style='margin: 8px 0 8px auto; text-align: right; display: block; clear: both;'>\n<p><a href=\"https:\/\/wa.link\/vpicfd\"><img data-recalc-dims=\"1\" class=\"wp-image-4922\" style=\"aspect-ratio: 2.0253164556962027; width: 561px; height: auto;\" src=\"https:\/\/i0.wp.com\/ismaelcolosi.com.br\/wp-content\/uploads\/2023\/11\/grupo-de-empregos-whatsapp-e-facebook-ismael-colosi-vagas.jpg?ssl=1\" alt=\"\" \/><\/a><\/p>\n<!-- \/wp:image -->\n<\/div>\n<p> <br \/>\n<\/p>\n<div>\n<p>A <a href=\"https:\/\/www.comissaodaverdade.pe.gov.br\/index.php\/secretaria-de-seguranca-publica-ssp\">Secretaria de Seguran\u00e7a P\u00fablica (SSP)<\/a> divulgou dados alarmantes sobre <a href=\"https:\/\/www.jusbrasil.com.br\/artigos\/quais-sao-os-tipos-de-crimes-sexuais-previstos-no-brasil\/1642386524\">crimes sexuais<\/a> no estado de S\u00e3o Paulo, revelando um aumento de 16,6% nos casos de estupro, incluindo estupro de vulner\u00e1vel, comparando novembro deste ano com o mesmo per\u00edodo do ano anterior. Os n\u00fameros saltaram de 1.088 para 1.269 casos, sendo as v\u00edtimas vulner\u00e1veis aquelas com at\u00e9 14 anos ou incapazes de consentir o ato.<\/p>\n<p>No acumulado de janeiro a novembro, a eleva\u00e7\u00e3o foi de 9%, totalizando 1.111 casos a mais em compara\u00e7\u00e3o com o ano anterior. Em 2022, foram registrados 12.228 casos, enquanto em 2023 esse n\u00famero subiu para 13.339.<\/p>\n<p>Em contrapartida, os dados relacionados a homic\u00eddios indicam uma diminui\u00e7\u00e3o. No m\u00eas de novembro, houve 209 casos de homic\u00eddio doloso, representando uma queda de 4,1% em rela\u00e7\u00e3o ao mesmo per\u00edodo do ano passado. No acumulado do ano, a redu\u00e7\u00e3o foi mais significativa, alcan\u00e7ando 10,9%, passando de 2.623 casos em 2022 para 2.337 casos em 2023.<\/p>\n<h2>Estat\u00edsticas criminais revelam ainda uma queda nos casos de latroc\u00ednio em S\u00e3o Paulo<\/h2>\n<p>As v\u00edtimas de homic\u00eddio doloso tamb\u00e9m apresentaram uma diminui\u00e7\u00e3o, passando de 229 para 224 em novembro, enquanto o total de v\u00edtimas ao longo do ano caiu de 2.750 para 2.450.\u00a0Entretanto, as tentativas de homic\u00eddio tiveram um aumento de 4,3%, passando de 302 casos em 2022 para 315 casos em 2023.<\/p>\n<p>As estat\u00edsticas criminais revelam ainda uma queda nos casos de latroc\u00ednio, com 12 ocorr\u00eancias em novembro deste ano, cinco a menos do que no mesmo per\u00edodo do ano passado. No acumulado do ano, foram registrados 145 casos, comparados aos 152 casos no mesmo per\u00edodo de 2022.<\/p>\n<p>Quanto aos roubos, houve uma diminui\u00e7\u00e3o de 22,2% nos casos de roubos de ve\u00edculos, passando de 4.233 em novembro de 2022 para 3.293 em novembro de 2023. O total de roubos teve uma queda de 12%, indo de 21.133 casos em 2022 para 18.592 casos em 2023.<\/p>\n<p>+ Acompanhe as principais informa\u00e7\u00f5es sobre\u00a0<a href=\"https:\/\/jcconcursos.com.br\/noticia\/brasil\/\" rel=\"noopener\" target=\"_blank\">Sociedade e Brasil no JC Concursos<\/a><\/p>\n<p><a id=\"gnews_btn\" href=\"https:\/\/news.google.com\/publications\/CAAqBwgKMOixlQswuZWrAw\" target=\"_blank\" class=\"border_jc_blue link_hover_bg_jc_blue font_85 d-block d-md-inline-block px-2 py-1 mr-0 mr-md-2 mb-3 w-100 text-center\" rel=\"noopener\"><span class=\"text_jc_blue\">Siga o <strong>JC Concursos no Google News<\/strong><\/span><\/a><a href=\"https:\/\/jcconcursos.com.br\/noticia\/brasil\/\" class=\"badge badge-light\">Sociedade<\/a><a href=\"https:\/\/jcconcursos.com.br\/noticia\/brasil\/\" class=\"badge badge-light\">Brasil<\/a><\/p>\n<\/div>\n<p><br \/>\n<br \/><a href=\"https:\/\/ismaelcolosi.com.br\/aumento-alarmante-de-estupros-em-sao-paulo-desperta-preocupacoes-sobre-seguranca\/\">Source link <\/a><\/p>\n<!-- CONTENT END 1 -->\n","protected":false},"excerpt":{"rendered":"<p>A Secretaria de Seguran\u00e7a P\u00fablica (SSP) divulgou dados alarmantes sobre crimes sexuais no estado de S\u00e3o Paulo, revelando um aumento de 16,6% nos casos de&#8230;<\/p>\n","protected":false},"author":1,"featured_media":21477,"comment_status":"open","ping_status":"open","sticky":false,"template":"","format":"standard","meta":{"advanced_seo_description":"","jetpack_seo_html_title":"","jetpack_seo_noindex":false,"jetpack_post_was_ever_published":false,"_jetpack_newsletter_access":"","_jetpack_dont_email_post_to_subs":false,"_jetpack_newsletter_tier_id":0,"_jetpack_memberships_contains_paywalled_content":false,"_jetpack_memberships_contains_paid_content":false,"footnotes":"","jetpack_publicize_message":"","jetpack_publicize_feature_enabled":true,"jetpack_social_post_already_shared":true,"jetpack_social_options":{"image_generator_settings":{"template":"highway","default_image_id":0,"font":"","enabled":false},"version":2}},"categories":[7],"tags":[],"class_list":["post-21476","post","type-post","status-publish","format-standard","has-post-thumbnail","hentry","category-vagas-de-empregos-em-ribeirao-preto-regiao-brasil"],"jetpack_publicize_connections":[],"jetpack_featured_media_url":"https:\/\/i0.wp.com\/noticiasribeiraopreto.com.br\/wp-content\/uploads\/2023\/12\/violencia-contra-mulher-nova-lei.jpg?fit=1920%2C1080&ssl=1","jetpack-related-posts":[{"id":22327,"url":"https:\/\/noticiasribeiraopreto.com.br\/index.php\/2023\/12\/29\/furto-e-roubo-de-veiculos-voltaram-a-crescer-em-rp-2\/","url_meta":{"origin":21476,"position":0},"title":"Furto e roubo de ve\u00edculos voltaram a crescer em RP\u00a0","author":"noticiasribeiraopreto.com.br","date":"29 de December de 2023","format":false,"excerpt":"29 de dezembro de 2023 | 16:3029 de dezembro de 2023 | 11:41 0Por Adalberto Luque\u00a0Os dados da estat\u00edstica criminal relativos ao m\u00eas de novembro, divulgados nesta quarta-feira (27) pela Secretaria da Seguran\u00e7a P\u00fablica (SSP), apontam para uma redu\u00e7\u00e3o de 7,5% no n\u00famero de furtos. O indicador, durante todo o\u2026","rel":"","context":"In &quot;Not\u00edcias de Ribeir\u00e3o Preto-SP e Regi\u00e3o&quot;","block_context":{"text":"Not\u00edcias de Ribeir\u00e3o Preto-SP e Regi\u00e3o","link":"https:\/\/noticiasribeiraopreto.com.br\/index.php\/category\/noticias-de-ribeirao-preto-sp-e-regiao-ismael-colosi\/"},"img":{"alt_text":"","src":"https:\/\/i0.wp.com\/noticiasribeiraopreto.com.br\/wp-content\/uploads\/2023\/12\/1-arquivo-risk-furto.jpeg?fit=968%2C645&ssl=1&resize=350%2C200","width":350,"height":200,"srcset":"https:\/\/i0.wp.com\/noticiasribeiraopreto.com.br\/wp-content\/uploads\/2023\/12\/1-arquivo-risk-furto.jpeg?fit=968%2C645&ssl=1&resize=350%2C200 1x, https:\/\/i0.wp.com\/noticiasribeiraopreto.com.br\/wp-content\/uploads\/2023\/12\/1-arquivo-risk-furto.jpeg?fit=968%2C645&ssl=1&resize=525%2C300 1.5x, https:\/\/i0.wp.com\/noticiasribeiraopreto.com.br\/wp-content\/uploads\/2023\/12\/1-arquivo-risk-furto.jpeg?fit=968%2C645&ssl=1&resize=700%2C400 2x"},"classes":[]},{"id":64670,"url":"https:\/\/noticiasribeiraopreto.com.br\/index.php\/2025\/03\/11\/estupro-de-criancas-em-todo-o-estado-de-sao-paulo-cresce-quase-13-no-periodo-de-3-anos\/","url_meta":{"origin":21476,"position":1},"title":"Estupro de crian\u00e7as em todo o estado de S\u00e3o Paulo cresce quase 13% no per\u00edodo de 3 anos","author":"noticiasribeiraopreto.com.br","date":"11 de March de 2025","format":false,"excerpt":"O n\u00famero de estupro de vulner\u00e1vel no estado de S\u00e3o Paulo cresceu 12,33% nos \u00faltimos tr\u00eas anos. \u00c9 o que alerta a presidente do Instituto Brasileiro de Aten\u00e7\u00e3o Integral \u00e0 V\u00edtima (Pr\u00f3-V\u00edtima), a promotora de Justi\u00e7a (MPSP) Celeste Leite dos Santos. Desde 2022, os casos consumados em crian\u00e7as apresentaram eleva\u00e7\u00e3o\u2026","rel":"","context":"In &quot;Not\u00edcias de Franca-SP&quot;","block_context":{"text":"Not\u00edcias de Franca-SP","link":"https:\/\/noticiasribeiraopreto.com.br\/index.php\/category\/noticias-de-ribeirao-preto-sp-e-regiao-ismael-colosi\/noticias-franca-sp\/"},"img":{"alt_text":"","src":"https:\/\/i0.wp.com\/noticiasribeiraopreto.com.br\/wp-content\/uploads\/2025\/03\/giroflex.jpg?fit=600%2C357&ssl=1&resize=350%2C200","width":350,"height":200,"srcset":"https:\/\/i0.wp.com\/noticiasribeiraopreto.com.br\/wp-content\/uploads\/2025\/03\/giroflex.jpg?fit=600%2C357&ssl=1&resize=350%2C200 1x, https:\/\/i0.wp.com\/noticiasribeiraopreto.com.br\/wp-content\/uploads\/2025\/03\/giroflex.jpg?fit=600%2C357&ssl=1&resize=525%2C300 1.5x"},"classes":[]},{"id":76501,"url":"https:\/\/noticiasribeiraopreto.com.br\/index.php\/2025\/08\/30\/estupros-batem-recorde-historico-tribuna-ribeirao\/","url_meta":{"origin":21476,"position":2},"title":"Estupros batem recorde hist\u00f3rico &#8211; Tribuna Ribeir\u00e3o","author":"noticiasribeiraopreto.com.br","date":"30 de August de 2025","format":false,"excerpt":"Segundo as estat\u00edsticas criminais divulgadas pela Secretaria de Seguran\u00e7a P\u00fablica do Estado de S\u00e3o Paulo (SSP\/SP), as ocorr\u00eancias envolvendo den\u00fancias de estupro, em Ribeir\u00e3o Preto, cresceram 17,53% nos primeiros sete meses deste ano na compara\u00e7\u00e3o com o mesmo per\u00edodo de 2024, de 97 para 114. S\u00e3o 17 a mais, um\u2026","rel":"","context":"In &quot;Not\u00edcias de Ribeir\u00e3o Preto-SP e Regi\u00e3o&quot;","block_context":{"text":"Not\u00edcias de Ribeir\u00e3o Preto-SP e Regi\u00e3o","link":"https:\/\/noticiasribeiraopreto.com.br\/index.php\/category\/noticias-de-ribeirao-preto-sp-e-regiao-ismael-colosi\/"},"img":{"alt_text":"","src":"https:\/\/i0.wp.com\/noticiasribeiraopreto.com.br\/wp-content\/uploads\/2025\/08\/CrimeRP-Est-Freepick.jpg?fit=1170%2C700&ssl=1&resize=350%2C200","width":350,"height":200,"srcset":"https:\/\/i0.wp.com\/noticiasribeiraopreto.com.br\/wp-content\/uploads\/2025\/08\/CrimeRP-Est-Freepick.jpg?fit=1170%2C700&ssl=1&resize=350%2C200 1x, https:\/\/i0.wp.com\/noticiasribeiraopreto.com.br\/wp-content\/uploads\/2025\/08\/CrimeRP-Est-Freepick.jpg?fit=1170%2C700&ssl=1&resize=525%2C300 1.5x, https:\/\/i0.wp.com\/noticiasribeiraopreto.com.br\/wp-content\/uploads\/2025\/08\/CrimeRP-Est-Freepick.jpg?fit=1170%2C700&ssl=1&resize=700%2C400 2x, https:\/\/i0.wp.com\/noticiasribeiraopreto.com.br\/wp-content\/uploads\/2025\/08\/CrimeRP-Est-Freepick.jpg?fit=1170%2C700&ssl=1&resize=1050%2C600 3x"},"classes":[]},{"id":71046,"url":"https:\/\/noticiasribeiraopreto.com.br\/index.php\/2025\/06\/02\/estupros-sobem-no-quadrimestre-tribuna-ribeirao\/","url_meta":{"origin":21476,"position":3},"title":"Estupros sobem\u00a0no quadrimestre \u00a0 &#8211; Tribuna Ribeir\u00e3o","author":"noticiasribeiraopreto.com.br","date":"2 de June de 2025","format":false,"excerpt":"2 de junho de 2025 09:301 de junho de 2025 13:419 Compartilhar0 Segundo as estat\u00edsticas criminais divulgadas pela Secretaria de Seguran\u00e7a P\u00fablica do Estado de S\u00e3o Paulo (SSP\/SP), as ocorr\u00eancias envolvendo den\u00fancias de estupro, em Ribeir\u00e3o Preto, cresceram 23,40% no primeiro quadrimestre deste ano na compara\u00e7\u00e3o com o mesmo per\u00edodo\u2026","rel":"","context":"In &quot;Not\u00edcias de Ribeir\u00e3o Preto-SP e Regi\u00e3o&quot;","block_context":{"text":"Not\u00edcias de Ribeir\u00e3o Preto-SP e Regi\u00e3o","link":"https:\/\/noticiasribeiraopreto.com.br\/index.php\/category\/noticias-de-ribeirao-preto-sp-e-regiao-ismael-colosi\/"},"img":{"alt_text":"","src":"https:\/\/i0.wp.com\/noticiasribeiraopreto.com.br\/wp-content\/uploads\/2025\/06\/CrimeRP-Est-Freepick.jpg?fit=1170%2C700&ssl=1&resize=350%2C200","width":350,"height":200,"srcset":"https:\/\/i0.wp.com\/noticiasribeiraopreto.com.br\/wp-content\/uploads\/2025\/06\/CrimeRP-Est-Freepick.jpg?fit=1170%2C700&ssl=1&resize=350%2C200 1x, https:\/\/i0.wp.com\/noticiasribeiraopreto.com.br\/wp-content\/uploads\/2025\/06\/CrimeRP-Est-Freepick.jpg?fit=1170%2C700&ssl=1&resize=525%2C300 1.5x, https:\/\/i0.wp.com\/noticiasribeiraopreto.com.br\/wp-content\/uploads\/2025\/06\/CrimeRP-Est-Freepick.jpg?fit=1170%2C700&ssl=1&resize=700%2C400 2x, https:\/\/i0.wp.com\/noticiasribeiraopreto.com.br\/wp-content\/uploads\/2025\/06\/CrimeRP-Est-Freepick.jpg?fit=1170%2C700&ssl=1&resize=1050%2C600 3x"},"classes":[]},{"id":75043,"url":"https:\/\/noticiasribeiraopreto.com.br\/index.php\/2025\/08\/02\/estupros-sobem-no-1o-semestre-em-rp\/","url_meta":{"origin":21476,"position":4},"title":"Estupros sobem no 1\u00ba semestre em RP","author":"noticiasribeiraopreto.com.br","date":"2 de August de 2025","format":false,"excerpt":"Segundo as estat\u00edsticas criminais divulgadas pela Secretaria de Seguran\u00e7a P\u00fablica do Estado de S\u00e3o Paulo (SSP\/SP), as ocorr\u00eancias envolvendo den\u00fancias de estupro, em Ribeir\u00e3o Preto, cresceram 11,39% no primeiro semestre deste ano na compara\u00e7\u00e3o com o mesmo per\u00edodo de 2024, de 79 para 88. S\u00e3o nove a mais, um a\u2026","rel":"","context":"In &quot;Not\u00edcias de Ribeir\u00e3o Preto-SP e Regi\u00e3o&quot;","block_context":{"text":"Not\u00edcias de Ribeir\u00e3o Preto-SP e Regi\u00e3o","link":"https:\/\/noticiasribeiraopreto.com.br\/index.php\/category\/noticias-de-ribeirao-preto-sp-e-regiao-ismael-colosi\/"},"img":{"alt_text":"","src":"https:\/\/i0.wp.com\/noticiasribeiraopreto.com.br\/wp-content\/uploads\/2025\/08\/CrimeRP-Est-Freepik.jpg?fit=1170%2C700&ssl=1&resize=350%2C200","width":350,"height":200,"srcset":"https:\/\/i0.wp.com\/noticiasribeiraopreto.com.br\/wp-content\/uploads\/2025\/08\/CrimeRP-Est-Freepik.jpg?fit=1170%2C700&ssl=1&resize=350%2C200 1x, https:\/\/i0.wp.com\/noticiasribeiraopreto.com.br\/wp-content\/uploads\/2025\/08\/CrimeRP-Est-Freepik.jpg?fit=1170%2C700&ssl=1&resize=525%2C300 1.5x, https:\/\/i0.wp.com\/noticiasribeiraopreto.com.br\/wp-content\/uploads\/2025\/08\/CrimeRP-Est-Freepik.jpg?fit=1170%2C700&ssl=1&resize=700%2C400 2x, https:\/\/i0.wp.com\/noticiasribeiraopreto.com.br\/wp-content\/uploads\/2025\/08\/CrimeRP-Est-Freepik.jpg?fit=1170%2C700&ssl=1&resize=1050%2C600 3x"},"classes":[]},{"id":81945,"url":"https:\/\/noticiasribeiraopreto.com.br\/index.php\/2026\/01\/31\/estupros-registram-recorde-historico-em-ribeirao-preto\/","url_meta":{"origin":21476,"position":5},"title":"Estupros registram recorde hist\u00f3rico em Ribeir\u00e3o Preto","author":"noticiasribeiraopreto.com.br","date":"31 de January de 2026","format":false,"excerpt":"Segundo as estat\u00edsticas criminais divulgadas pela Secretaria de Seguran\u00e7a P\u00fablica do Estado de S\u00e3o Paulo (SSP\/SP), as ocorr\u00eancias envolvendo den\u00fancias de estupro, em Ribeir\u00e3o Preto, cresceram 35,03% no ano passado na compara\u00e7\u00e3o com 2024, de 177 para 239, pela primeira vez acima de 200 casos. S\u00e3o 62 a mais, um\u2026","rel":"","context":"In &quot;Not\u00edcias de Ribeir\u00e3o Preto-SP e Regi\u00e3o&quot;","block_context":{"text":"Not\u00edcias de Ribeir\u00e3o Preto-SP e Regi\u00e3o","link":"https:\/\/noticiasribeiraopreto.com.br\/index.php\/category\/noticias-de-ribeirao-preto-sp-e-regiao-ismael-colosi\/"},"img":{"alt_text":"","src":"https:\/\/i0.wp.com\/noticiasribeiraopreto.com.br\/wp-content\/uploads\/2026\/01\/CrimeRP-Est-Freepick.jpg?fit=1164%2C699&ssl=1&resize=350%2C200","width":350,"height":200,"srcset":"https:\/\/i0.wp.com\/noticiasribeiraopreto.com.br\/wp-content\/uploads\/2026\/01\/CrimeRP-Est-Freepick.jpg?fit=1164%2C699&ssl=1&resize=350%2C200 1x, https:\/\/i0.wp.com\/noticiasribeiraopreto.com.br\/wp-content\/uploads\/2026\/01\/CrimeRP-Est-Freepick.jpg?fit=1164%2C699&ssl=1&resize=525%2C300 1.5x, https:\/\/i0.wp.com\/noticiasribeiraopreto.com.br\/wp-content\/uploads\/2026\/01\/CrimeRP-Est-Freepick.jpg?fit=1164%2C699&ssl=1&resize=700%2C400 2x, https:\/\/i0.wp.com\/noticiasribeiraopreto.com.br\/wp-content\/uploads\/2026\/01\/CrimeRP-Est-Freepick.jpg?fit=1164%2C699&ssl=1&resize=1050%2C600 3x"},"classes":[]}],"jetpack_sharing_enabled":true,"jetpack_shortlink":"https:\/\/wp.me\/peQAOb-5Ao","_links":{"self":[{"href":"https:\/\/noticiasribeiraopreto.com.br\/index.php\/wp-json\/wp\/v2\/posts\/21476","targetHints":{"allow":["GET"]}}],"collection":[{"href":"https:\/\/noticiasribeiraopreto.com.br\/index.php\/wp-json\/wp\/v2\/posts"}],"about":[{"href":"https:\/\/noticiasribeiraopreto.com.br\/index.php\/wp-json\/wp\/v2\/types\/post"}],"author":[{"embeddable":true,"href":"https:\/\/noticiasribeiraopreto.com.br\/index.php\/wp-json\/wp\/v2\/users\/1"}],"replies":[{"embeddable":true,"href":"https:\/\/noticiasribeiraopreto.com.br\/index.php\/wp-json\/wp\/v2\/comments?post=21476"}],"version-history":[{"count":0,"href":"https:\/\/noticiasribeiraopreto.com.br\/index.php\/wp-json\/wp\/v2\/posts\/21476\/revisions"}],"wp:featuredmedia":[{"embeddable":true,"href":"https:\/\/noticiasribeiraopreto.com.br\/index.php\/wp-json\/wp\/v2\/media\/21477"}],"wp:attachment":[{"href":"https:\/\/noticiasribeiraopreto.com.br\/index.php\/wp-json\/wp\/v2\/media?parent=21476"}],"wp:term":[{"taxonomy":"category","embeddable":true,"href":"https:\/\/noticiasribeiraopreto.com.br\/index.php\/wp-json\/wp\/v2\/categories?post=21476"},{"taxonomy":"post_tag","embeddable":true,"href":"https:\/\/noticiasribeiraopreto.com.br\/index.php\/wp-json\/wp\/v2\/tags?post=21476"}],"curies":[{"name":"wp","href":"https:\/\/api.w.org\/{rel}","templated":true}]}}