{"id":21487,"date":"2023-12-27T21:58:31","date_gmt":"2023-12-28T00:58:31","guid":{"rendered":"https:\/\/noticiasribeiraopreto.com.br\/index.php\/2023\/12\/27\/bosque-de-ribeirao-preto-esta-com-inscricoes-abertas-para-estagio-veja-como-participar\/"},"modified":"2023-12-27T21:58:31","modified_gmt":"2023-12-28T00:58:31","slug":"bosque-de-ribeirao-preto-esta-com-inscricoes-abertas-para-estagio-veja-como-participar","status":"publish","type":"post","link":"https:\/\/noticiasribeiraopreto.com.br\/index.php\/2023\/12\/27\/bosque-de-ribeirao-preto-esta-com-inscricoes-abertas-para-estagio-veja-como-participar\/","title":{"rendered":"Bosque de Ribeir\u00e3o Preto est\u00e1 com inscri\u00e7\u00f5es abertas para est\u00e1gio; Veja como participar"},"content":{"rendered":"<div class='code-block code-block-1' style='margin: 8px 0 8px auto; text-align: right; display: block; clear: both;'>\n<p><a href=\"https:\/\/wa.link\/vpicfd\"><img data-recalc-dims=\"1\" class=\"wp-image-4922\" style=\"aspect-ratio: 2.0253164556962027; width: 561px; height: auto;\" src=\"https:\/\/i0.wp.com\/ismaelcolosi.com.br\/wp-content\/uploads\/2023\/11\/grupo-de-empregos-whatsapp-e-facebook-ismael-colosi-vagas.jpg?ssl=1\" alt=\"\" \/><\/a><\/p>\n<!-- \/wp:image -->\n<\/div>\n<p> <br \/>\n<\/p>\n<div data-td-block-uid=\"tdi_104\">\n<div class=\"tdb-block-inner td-fix-index\">\n<p>A <strong>Prefeitura de Ribeir\u00e3o Preto<\/strong> informou, nesta quarta-feira (27), que o <strong>Bosque Zool\u00f3gico F\u00e1bio Barreto<\/strong> est\u00e1 com inscri\u00e7\u00f5es abertas para o <strong>programa de treinamento e est\u00e1gio para o ano de 2024.<\/strong><\/p>\n<p>As vagas para participar<strong> s\u00e3o limitadas<\/strong> e os interessados poder\u00e3o se inscrever at\u00e9 o s\u00e1bado (30). <mark style=\"background-color:#fcb900\" class=\"has-inline-color\">Os interessados dever\u00e3o preencher um formul\u00e1rio on-line (<a href=\"https:\/\/docs.google.com\/forms\/d\/e\/1FAIpQLSc7PJ1e1PI2sQae5prD6K_SKUQZSwH5pCWghPebYakKl2fkxQ\/viewform?vc=0&amp;c=0&amp;w=1&amp;flr=0\" target=\"_blank\" rel=\"noreferrer noopener\">clique aqui<\/a>) disponibilizado pela Administra\u00e7\u00e3o Municipal.<\/mark><\/p>\n<h4 class=\"wp-block-heading\"><strong>Como \u00e9 o programa?<\/strong><\/h4>\n<p>De acordo com a <strong>Secretaria Municipal do Meio Ambiente<\/strong> o programa de est\u00e1gio tem como objetivo capacitar estudantes de gradua\u00e7\u00e3o dos cursos de <strong>Biologia<\/strong>, <strong>Medicina-Veterin\u00e1ria<\/strong> e <strong>Zootecnia <\/strong>na atua\u00e7\u00e3o em <strong>bem-estar animal em zool\u00f3gicos<\/strong>.<\/p>\n<p>Ser\u00e3o utilizadas <strong>t\u00e9cnicas de manejo para a promo\u00e7\u00e3o da sa\u00fade de animais em cativeiro<\/strong>, assim como capacita\u00e7\u00e3o para futuros profissionais no campo de atua\u00e7\u00e3o da conserva\u00e7\u00e3o de esp\u00e9cies.<\/p>\n<p>Os estudantes atuar\u00e3o na <strong>ambienta\u00e7\u00e3o de recintos<\/strong>, <strong>enriquecimentos tem\u00e1ticos<\/strong> e <strong>educa\u00e7\u00e3o ambiental<\/strong>. \u00a0<\/p>\n<p><strong><mark style=\"background-color:#fcb900\" class=\"has-inline-color\">Vale ressaltar que o est\u00e1gio \u00e9 volunt\u00e1rio.<\/mark><\/strong> De acordo a coordena\u00e7\u00e3o do <strong>Bosque<\/strong>, ao final das atividades ser\u00e1 entregue um <strong>certificado de participa\u00e7\u00e3o<\/strong>. Para os candidatos selecionados, o seguro de vida \u00e9 obrigat\u00f3rio.<\/p>\n<h4 class=\"wp-block-heading\"><strong>Sele\u00e7\u00e3o<\/strong><\/h4>\n<p>A sele\u00e7\u00e3o dos candidatos ocorrer\u00e1 a partir de domingo (31) e vai acontecer at\u00e9 o dia 3 de janeiro de 2024.<\/p>\n<p>A confirma\u00e7\u00e3o da presen\u00e7a dos candidatos selecionados ser\u00e1 realizada nos dias <strong>4 <\/strong>e <strong>5 de janeiro<\/strong>, e o in\u00edcio das atividades ser\u00e1 de 8 de janeiro a 8 de fevereiro, das 8h \u00e0s 17h.<\/p>\n<p>VEJA TAMB\u00c9M<\/p>\n<p>Veja o ranking das cidades menos violentas na regi\u00e3o de Ribeir\u00e3o Preto<\/p>\n<h4 class=\"wp-block-heading\"><strong><mark style=\"background-color:rgba(0, 0, 0, 0)\" class=\"has-inline-color has-luminous-vivid-orange-color\">FIQUE ON<\/mark><\/strong><\/h4>\n<p>Fique ligado em tudo que acontece em Ribeir\u00e3o Preto e regi\u00e3o. Siga os perfis do\u00a0<strong>acidade on<\/strong>\u00a0no\u00a0<a href=\"https:\/\/www.instagram.com\/acidadeonribeirao\" target=\"_blank\" rel=\"noreferrer noopener\">Instagram\u00a0<\/a>e no\u00a0<a href=\"https:\/\/www.facebook.com\/acidadeonribeirao\" target=\"_blank\" rel=\"noreferrer noopener\">Facebook.<\/a><\/p>\n<p>Receba not\u00edcias do<strong>\u00a0acidade on\u00a0<\/strong>no WhatsApp.\u00a0<a href=\"https:\/\/chat.whatsapp.com\/Bnv2w66ZT4VDyZW3oiZ69n\" target=\"_blank\" rel=\"noreferrer noopener\">Para entrar no grupo, basta clicar aqui.<\/a><\/p>\n<p>Fa\u00e7a uma den\u00fancia ou sugira uma reportagem sobre a Ribeir\u00e3o Preto e regi\u00e3o pelo WhatsApp: (16) 99117 7802.<\/p>\n<p>LEIA MAIS<\/p>\n<p><a href=\"https:\/\/www.tudoep.com\/tudo-pets\/dezembro-verde\/NOT,0,0,1869036,10-dicas-para-manter-seu-gato-refrescado-no-verao.aspx\" target=\"_blank\" rel=\"noreferrer noopener\">10 dicas para refrescar seu gato no ver\u00e3o<\/a><\/p>\n<p><!-- AI CONTENT END 1 -->\n<\/div>\n<\/div>\n<p><script async src=\"\/\/www.instagram.com\/embed.js\"><\/script><br \/>\n<br \/><br \/>\n<br \/><a href=\"https:\/\/www.acidadeon.com\/ribeiraopreto\/cotidiano\/bosque-de-ribeirao-preto-esta-com-inscricoes-abertas-para-estagio-veja-como-participar\/\">Source link <\/a><\/p>\n<!-- CONTENT END 1 -->\n","protected":false},"excerpt":{"rendered":"<p>A Prefeitura de Ribeir\u00e3o Preto informou, nesta quarta-feira (27), que o Bosque Zool\u00f3gico F\u00e1bio Barreto est\u00e1 com inscri\u00e7\u00f5es abertas para o programa de treinamento e&#8230;<\/p>\n","protected":false},"author":1,"featured_media":21488,"comment_status":"open","ping_status":"open","sticky":false,"template":"","format":"standard","meta":{"advanced_seo_description":"","jetpack_seo_html_title":"","jetpack_seo_noindex":false,"jetpack_post_was_ever_published":false,"_jetpack_newsletter_access":"","_jetpack_dont_email_post_to_subs":false,"_jetpack_newsletter_tier_id":0,"_jetpack_memberships_contains_paywalled_content":false,"_jetpack_memberships_contains_paid_content":false,"footnotes":"","jetpack_publicize_message":"","jetpack_publicize_feature_enabled":true,"jetpack_social_post_already_shared":true,"jetpack_social_options":{"image_generator_settings":{"template":"highway","default_image_id":0,"font":"","enabled":false},"version":2}},"categories":[11],"tags":[145,380,265,656,2731,566,71,467,27,26,48],"class_list":["post-21487","post","type-post","status-publish","format-standard","has-post-thumbnail","hentry","category-noticias-de-ribeirao-preto-sp-e-regiao-ismael-colosi","tag-abertas","tag-bosque","tag-como","tag-esta","tag-estagio","tag-inscricoes","tag-para","tag-participar","tag-preto","tag-ribeirao","tag-veja"],"jetpack_publicize_connections":[],"jetpack_featured_media_url":"https:\/\/i0.wp.com\/noticiasribeiraopreto.com.br\/wp-content\/uploads\/2023\/12\/programa_estagio_bosque_-_foto_fernando_gonzaga.jpg?fit=1620%2C1080&ssl=1","jetpack-related-posts":[{"id":21512,"url":"https:\/\/noticiasribeiraopreto.com.br\/index.php\/2023\/12\/27\/bosque-fabio-barreto-esta-com-inscricoes-abertas-para-estagio\/","url_meta":{"origin":21487,"position":0},"title":"Bosque F\u00e1bio Barreto est\u00e1 com inscri\u00e7\u00f5es abertas para est\u00e1gio","author":"noticiasribeiraopreto.com.br","date":"27 de December de 2023","format":false,"excerpt":"27 de dezembro de 2023 | 16:0027 de dezembro de 2023 | 16:10 0O Bosque Zool\u00f3gico F\u00e1bio Barreto est\u00e1 com inscri\u00e7\u00f5es abertas para o programa de treinamento e est\u00e1gio de 2024 com foco em enriquecimento ambiental de animais silvestres. As vagas s\u00e3o limitadas e os interessados poder\u00e3o se inscrever at\u00e9\u2026","rel":"","context":"In &quot;Not\u00edcias de Ribeir\u00e3o Preto-SP e Regi\u00e3o&quot;","block_context":{"text":"Not\u00edcias de Ribeir\u00e3o Preto-SP e Regi\u00e3o","link":"https:\/\/noticiasribeiraopreto.com.br\/index.php\/category\/noticias-de-ribeirao-preto-sp-e-regiao-ismael-colosi\/"},"img":{"alt_text":"","src":"https:\/\/i0.wp.com\/noticiasribeiraopreto.com.br\/wp-content\/uploads\/2023\/12\/programa_estagio_bosque_-_foto_fernando_gonzaga-1-scaled.jpg?fit=967%2C645&ssl=1&resize=350%2C200","width":350,"height":200,"srcset":"https:\/\/i0.wp.com\/noticiasribeiraopreto.com.br\/wp-content\/uploads\/2023\/12\/programa_estagio_bosque_-_foto_fernando_gonzaga-1-scaled.jpg?fit=967%2C645&ssl=1&resize=350%2C200 1x, https:\/\/i0.wp.com\/noticiasribeiraopreto.com.br\/wp-content\/uploads\/2023\/12\/programa_estagio_bosque_-_foto_fernando_gonzaga-1-scaled.jpg?fit=967%2C645&ssl=1&resize=525%2C300 1.5x, https:\/\/i0.wp.com\/noticiasribeiraopreto.com.br\/wp-content\/uploads\/2023\/12\/programa_estagio_bosque_-_foto_fernando_gonzaga-1-scaled.jpg?fit=967%2C645&ssl=1&resize=700%2C400 2x"},"classes":[]},{"id":45347,"url":"https:\/\/noticiasribeiraopreto.com.br\/index.php\/2024\/04\/03\/usina-na-regiao-de-ribeirao-esta-com-vagas-para-programa-de-estagio-veja-como-participar\/","url_meta":{"origin":21487,"position":1},"title":"Usina na regi\u00e3o de Ribeir\u00e3o est\u00e1 com vagas para programa de est\u00e1gio; Veja como participar","author":"noticiasribeiraopreto.com.br","date":"3 de April de 2024","format":false,"excerpt":"A Tereos, empresa de produ\u00e7\u00e3o de a\u00e7\u00facar, etanol e bioenergia, est\u00e1 com mais de 100 vagas dispon\u00edveis para seu programa de est\u00e1gio. Na regi\u00e3o de Ribeir\u00e3o Preto, as vagas s\u00e3o para as unidades de Colina, Gua\u00edra e Pitangueiras. Para participar, os interessados devem estar cursando o ensino superior a partir\u2026","rel":"","context":"In &quot;Not\u00edcias de Ribeir\u00e3o Preto-SP e Regi\u00e3o&quot;","block_context":{"text":"Not\u00edcias de Ribeir\u00e3o Preto-SP e Regi\u00e3o","link":"https:\/\/noticiasribeiraopreto.com.br\/index.php\/category\/noticias-de-ribeirao-preto-sp-e-regiao-ismael-colosi\/"},"img":{"alt_text":"","src":"https:\/\/i0.wp.com\/noticiasribeiraopreto.com.br\/wp-content\/uploads\/2024\/04\/AnyConv.com__Copia-de-Copia-de-TAMANHO-EXATO-PARA-FOTOS-NO-SISTEMA-NOVO-4.webp.webp?fit=1200%2C675&ssl=1&resize=350%2C200","width":350,"height":200,"srcset":"https:\/\/i0.wp.com\/noticiasribeiraopreto.com.br\/wp-content\/uploads\/2024\/04\/AnyConv.com__Copia-de-Copia-de-TAMANHO-EXATO-PARA-FOTOS-NO-SISTEMA-NOVO-4.webp.webp?fit=1200%2C675&ssl=1&resize=350%2C200 1x, https:\/\/i0.wp.com\/noticiasribeiraopreto.com.br\/wp-content\/uploads\/2024\/04\/AnyConv.com__Copia-de-Copia-de-TAMANHO-EXATO-PARA-FOTOS-NO-SISTEMA-NOVO-4.webp.webp?fit=1200%2C675&ssl=1&resize=525%2C300 1.5x, https:\/\/i0.wp.com\/noticiasribeiraopreto.com.br\/wp-content\/uploads\/2024\/04\/AnyConv.com__Copia-de-Copia-de-TAMANHO-EXATO-PARA-FOTOS-NO-SISTEMA-NOVO-4.webp.webp?fit=1200%2C675&ssl=1&resize=700%2C400 2x, https:\/\/i0.wp.com\/noticiasribeiraopreto.com.br\/wp-content\/uploads\/2024\/04\/AnyConv.com__Copia-de-Copia-de-TAMANHO-EXATO-PARA-FOTOS-NO-SISTEMA-NOVO-4.webp.webp?fit=1200%2C675&ssl=1&resize=1050%2C600 3x"},"classes":[]},{"id":62953,"url":"https:\/\/noticiasribeiraopreto.com.br\/index.php\/2025\/01\/29\/programa-agronegocio-nas-escolas-esta-com-inscricoes-abertas-saiba-como-participar\/","url_meta":{"origin":21487,"position":2},"title":"Programa &#8216;Agroneg\u00f3cio nas Escolas&#8217; est\u00e1 com inscri\u00e7\u00f5es abertas; Saiba como participar","author":"noticiasribeiraopreto.com.br","date":"29 de January de 2025","format":false,"excerpt":"A Abag (Associa\u00e7\u00e3o Brasileira do Agroneg\u00f3cio da Regi\u00e3o de Ribeir\u00e3o Preto) est\u00e1 com inscri\u00e7\u00f5es abertas para o programa educacional \u201cAgroneg\u00f3cio na Escola\u201d, que incentiva os estudantes a participarem de discuss\u00f5es sobre o agroneg\u00f3cio. O foco do programa \u00e9 a capacita\u00e7\u00e3o de professores, al\u00e9m de levar conhecimento sobe o setor para\u2026","rel":"","context":"In &quot;Not\u00edcias de Ribeir\u00e3o Preto-SP e Regi\u00e3o&quot;","block_context":{"text":"Not\u00edcias de Ribeir\u00e3o Preto-SP e Regi\u00e3o","link":"https:\/\/noticiasribeiraopreto.com.br\/index.php\/category\/noticias-de-ribeirao-preto-sp-e-regiao-ismael-colosi\/"},"img":{"alt_text":"","src":"https:\/\/i0.wp.com\/noticiasribeiraopreto.com.br\/wp-content\/uploads\/2025\/01\/WhatsApp-Image-2025-01-29-at-10.09.35_2025-01-29_14-28-42_jpeg_2025-01-29_14-28-42.webp.webp?fit=1200%2C800&ssl=1&resize=350%2C200","width":350,"height":200,"srcset":"https:\/\/i0.wp.com\/noticiasribeiraopreto.com.br\/wp-content\/uploads\/2025\/01\/WhatsApp-Image-2025-01-29-at-10.09.35_2025-01-29_14-28-42_jpeg_2025-01-29_14-28-42.webp.webp?fit=1200%2C800&ssl=1&resize=350%2C200 1x, https:\/\/i0.wp.com\/noticiasribeiraopreto.com.br\/wp-content\/uploads\/2025\/01\/WhatsApp-Image-2025-01-29-at-10.09.35_2025-01-29_14-28-42_jpeg_2025-01-29_14-28-42.webp.webp?fit=1200%2C800&ssl=1&resize=525%2C300 1.5x, https:\/\/i0.wp.com\/noticiasribeiraopreto.com.br\/wp-content\/uploads\/2025\/01\/WhatsApp-Image-2025-01-29-at-10.09.35_2025-01-29_14-28-42_jpeg_2025-01-29_14-28-42.webp.webp?fit=1200%2C800&ssl=1&resize=700%2C400 2x, https:\/\/i0.wp.com\/noticiasribeiraopreto.com.br\/wp-content\/uploads\/2025\/01\/WhatsApp-Image-2025-01-29-at-10.09.35_2025-01-29_14-28-42_jpeg_2025-01-29_14-28-42.webp.webp?fit=1200%2C800&ssl=1&resize=1050%2C600 3x"},"classes":[]},{"id":17333,"url":"https:\/\/noticiasribeiraopreto.com.br\/index.php\/2023\/12\/18\/cielo-abre-inscricoes-para-novo-processo-seletivo-saiba-como-participar-2\/","url_meta":{"origin":21487,"position":3},"title":"Cielo abre inscri\u00e7\u00f5es para novo processo seletivo; saiba como participar","author":"noticiasribeiraopreto.com.br","date":"18 de December de 2023","format":false,"excerpt":"Est\u00e3o abertas as inscri\u00e7\u00f5es para o novo processo seletivo da Cielo. A oportunidade \u00e9 para a regi\u00e3o de Barueri\/SP e oferece vagas para diversas \u00e1reas. Interessados podem realizar suas inscri\u00e7\u00f5es at\u00e9 o dia 17 de janeiro do pr\u00f3ximo ano. O novo programa para est\u00e1gio da Cielo est\u00e1 a procura de\u2026","rel":"","context":"In &quot;Vagas de Emprego em Ribeir\u00e3o Preto-SP&quot;","block_context":{"text":"Vagas de Emprego em Ribeir\u00e3o Preto-SP","link":"https:\/\/noticiasribeiraopreto.com.br\/index.php\/category\/empregos-classificados-vagas-trabalho\/vagas-de-empregos-em-ribeirao-preto-regiao-brasil\/"},"img":{"alt_text":"","src":"https:\/\/i0.wp.com\/noticiasribeiraopreto.com.br\/wp-content\/uploads\/2023\/12\/cielo-divulgacao.jpg?fit=1200%2C675&ssl=1&resize=350%2C200","width":350,"height":200,"srcset":"https:\/\/i0.wp.com\/noticiasribeiraopreto.com.br\/wp-content\/uploads\/2023\/12\/cielo-divulgacao.jpg?fit=1200%2C675&ssl=1&resize=350%2C200 1x, https:\/\/i0.wp.com\/noticiasribeiraopreto.com.br\/wp-content\/uploads\/2023\/12\/cielo-divulgacao.jpg?fit=1200%2C675&ssl=1&resize=525%2C300 1.5x, https:\/\/i0.wp.com\/noticiasribeiraopreto.com.br\/wp-content\/uploads\/2023\/12\/cielo-divulgacao.jpg?fit=1200%2C675&ssl=1&resize=700%2C400 2x, https:\/\/i0.wp.com\/noticiasribeiraopreto.com.br\/wp-content\/uploads\/2023\/12\/cielo-divulgacao.jpg?fit=1200%2C675&ssl=1&resize=1050%2C600 3x"},"classes":[]},{"id":45635,"url":"https:\/\/noticiasribeiraopreto.com.br\/index.php\/2024\/04\/05\/defensoria-publica-de-ribeirao-preto-tem-vaga-de-estagio-saiba-como-participar\/","url_meta":{"origin":21487,"position":4},"title":"Defensoria P\u00fablica de Ribeir\u00e3o Preto tem vaga de est\u00e1gio; Saiba como participar","author":"noticiasribeiraopreto.com.br","date":"5 de April de 2024","format":false,"excerpt":"A Defensoria P\u00fablica de Ribeir\u00e3o Preto est\u00e1 com inscri\u00e7\u00f5es abertas para vagas de est\u00e1gio para estudantes de p\u00f3s-gradua\u00e7\u00e3o em direito. A bolsa-aux\u00edlio \u00e9 de R$ 1.700 e o trabalho \u00e9 no formato h\u00edbrido (presencial e remoto). Ao todo, s\u00e3o 39 oportunidades, sendo seis vagas para in\u00edcio imediato e mais seis\u2026","rel":"","context":"In &quot;Not\u00edcias de Ribeir\u00e3o Preto-SP e Regi\u00e3o&quot;","block_context":{"text":"Not\u00edcias de Ribeir\u00e3o Preto-SP e Regi\u00e3o","link":"https:\/\/noticiasribeiraopreto.com.br\/index.php\/category\/noticias-de-ribeirao-preto-sp-e-regiao-ismael-colosi\/"},"img":{"alt_text":"","src":"https:\/\/i0.wp.com\/noticiasribeiraopreto.com.br\/wp-content\/uploads\/2024\/04\/Copia-de-Copia-de-TAMANHO-EXATO-PARA-FOTOS-NO-SISTEMA-NOVO-1.jpg?fit=1200%2C675&ssl=1&resize=350%2C200","width":350,"height":200,"srcset":"https:\/\/i0.wp.com\/noticiasribeiraopreto.com.br\/wp-content\/uploads\/2024\/04\/Copia-de-Copia-de-TAMANHO-EXATO-PARA-FOTOS-NO-SISTEMA-NOVO-1.jpg?fit=1200%2C675&ssl=1&resize=350%2C200 1x, https:\/\/i0.wp.com\/noticiasribeiraopreto.com.br\/wp-content\/uploads\/2024\/04\/Copia-de-Copia-de-TAMANHO-EXATO-PARA-FOTOS-NO-SISTEMA-NOVO-1.jpg?fit=1200%2C675&ssl=1&resize=525%2C300 1.5x, https:\/\/i0.wp.com\/noticiasribeiraopreto.com.br\/wp-content\/uploads\/2024\/04\/Copia-de-Copia-de-TAMANHO-EXATO-PARA-FOTOS-NO-SISTEMA-NOVO-1.jpg?fit=1200%2C675&ssl=1&resize=700%2C400 2x, https:\/\/i0.wp.com\/noticiasribeiraopreto.com.br\/wp-content\/uploads\/2024\/04\/Copia-de-Copia-de-TAMANHO-EXATO-PARA-FOTOS-NO-SISTEMA-NOVO-1.jpg?fit=1200%2C675&ssl=1&resize=1050%2C600 3x"},"classes":[]},{"id":21888,"url":"https:\/\/noticiasribeiraopreto.com.br\/index.php\/2023\/12\/28\/agibank-oferta-35-vagas-em-processo-seletivo-veja-como-participar\/","url_meta":{"origin":21487,"position":5},"title":"Agibank oferta 35 vagas em processo seletivo; veja como participar","author":"noticiasribeiraopreto.com.br","date":"28 de December de 2023","format":false,"excerpt":"Est\u00e3o abertas as inscri\u00e7\u00f5es para o processo seletivo da Agibank, que oferece 35 vagas em diversas \u00e1reas na regi\u00e3o de S\u00e3o Paulo. Os interessados t\u00eam at\u00e9 22 de janeiro do pr\u00f3ximo ano para se candidatar. O novo programa de est\u00e1gio da Agibank, chamado \u201cCEO do Futuro\u201d, tem como objetivo recrutar\u2026","rel":"","context":"In &quot;Vagas de Emprego em Ribeir\u00e3o Preto-SP&quot;","block_context":{"text":"Vagas de Emprego em Ribeir\u00e3o Preto-SP","link":"https:\/\/noticiasribeiraopreto.com.br\/index.php\/category\/empregos-classificados-vagas-trabalho\/vagas-de-empregos-em-ribeirao-preto-regiao-brasil\/"},"img":{"alt_text":"","src":"https:\/\/i0.wp.com\/noticiasribeiraopreto.com.br\/wp-content\/uploads\/2023\/12\/agi-agibank-novo-divulgacao.jpg?fit=1200%2C675&ssl=1&resize=350%2C200","width":350,"height":200,"srcset":"https:\/\/i0.wp.com\/noticiasribeiraopreto.com.br\/wp-content\/uploads\/2023\/12\/agi-agibank-novo-divulgacao.jpg?fit=1200%2C675&ssl=1&resize=350%2C200 1x, https:\/\/i0.wp.com\/noticiasribeiraopreto.com.br\/wp-content\/uploads\/2023\/12\/agi-agibank-novo-divulgacao.jpg?fit=1200%2C675&ssl=1&resize=525%2C300 1.5x, https:\/\/i0.wp.com\/noticiasribeiraopreto.com.br\/wp-content\/uploads\/2023\/12\/agi-agibank-novo-divulgacao.jpg?fit=1200%2C675&ssl=1&resize=700%2C400 2x, https:\/\/i0.wp.com\/noticiasribeiraopreto.com.br\/wp-content\/uploads\/2023\/12\/agi-agibank-novo-divulgacao.jpg?fit=1200%2C675&ssl=1&resize=1050%2C600 3x"},"classes":[]}],"jetpack_sharing_enabled":true,"jetpack_shortlink":"https:\/\/wp.me\/peQAOb-5Az","_links":{"self":[{"href":"https:\/\/noticiasribeiraopreto.com.br\/index.php\/wp-json\/wp\/v2\/posts\/21487","targetHints":{"allow":["GET"]}}],"collection":[{"href":"https:\/\/noticiasribeiraopreto.com.br\/index.php\/wp-json\/wp\/v2\/posts"}],"about":[{"href":"https:\/\/noticiasribeiraopreto.com.br\/index.php\/wp-json\/wp\/v2\/types\/post"}],"author":[{"embeddable":true,"href":"https:\/\/noticiasribeiraopreto.com.br\/index.php\/wp-json\/wp\/v2\/users\/1"}],"replies":[{"embeddable":true,"href":"https:\/\/noticiasribeiraopreto.com.br\/index.php\/wp-json\/wp\/v2\/comments?post=21487"}],"version-history":[{"count":0,"href":"https:\/\/noticiasribeiraopreto.com.br\/index.php\/wp-json\/wp\/v2\/posts\/21487\/revisions"}],"wp:featuredmedia":[{"embeddable":true,"href":"https:\/\/noticiasribeiraopreto.com.br\/index.php\/wp-json\/wp\/v2\/media\/21488"}],"wp:attachment":[{"href":"https:\/\/noticiasribeiraopreto.com.br\/index.php\/wp-json\/wp\/v2\/media?parent=21487"}],"wp:term":[{"taxonomy":"category","embeddable":true,"href":"https:\/\/noticiasribeiraopreto.com.br\/index.php\/wp-json\/wp\/v2\/categories?post=21487"},{"taxonomy":"post_tag","embeddable":true,"href":"https:\/\/noticiasribeiraopreto.com.br\/index.php\/wp-json\/wp\/v2\/tags?post=21487"}],"curies":[{"name":"wp","href":"https:\/\/api.w.org\/{rel}","templated":true}]}}