{"id":21491,"date":"2023-12-27T22:11:21","date_gmt":"2023-12-28T01:11:21","guid":{"rendered":"https:\/\/noticiasribeiraopreto.com.br\/index.php\/2023\/12\/27\/ciencia-descobre-solucao-para-mau-halito-causado-pelo-alho\/"},"modified":"2023-12-27T22:11:21","modified_gmt":"2023-12-28T01:11:21","slug":"ciencia-descobre-solucao-para-mau-halito-causado-pelo-alho","status":"publish","type":"post","link":"https:\/\/noticiasribeiraopreto.com.br\/index.php\/2023\/12\/27\/ciencia-descobre-solucao-para-mau-halito-causado-pelo-alho\/","title":{"rendered":"Ci\u00eancia descobre solu\u00e7\u00e3o para mau h\u00e1lito causado pelo alho"},"content":{"rendered":"<div class='code-block code-block-1' style='margin: 8px 0 8px auto; text-align: right; display: block; clear: both;'>\n<p><a href=\"https:\/\/wa.link\/vpicfd\"><img data-recalc-dims=\"1\" class=\"wp-image-4922\" style=\"aspect-ratio: 2.0253164556962027; width: 561px; height: auto;\" src=\"https:\/\/i0.wp.com\/ismaelcolosi.com.br\/wp-content\/uploads\/2023\/11\/grupo-de-empregos-whatsapp-e-facebook-ismael-colosi-vagas.jpg?ssl=1\" alt=\"\" \/><\/a><\/p>\n<!-- \/wp:image -->\n<\/div>\n<p> <br \/>\n<\/p>\n<div>\n<div id=\"attachment_2184715\" class=\"wp-caption alignnone\">\n<div class=\"d-flex justify-content-center\" data-attachment-id=\"2184715\">\n<div class=\"position-relative d-inline-block\"><img data-recalc-dims=\"1\" data-portal-copyright=\"Kamonwan Wankaew\/istcok\" fetchpriority=\"high\" decoding=\"async\" class=\"wp-image-2184715 size-full\" src=\"https:\/\/i0.wp.com\/catracalivre.com.br\/wp-content\/uploads\/2021\/10\/mau-halito-pela-manha.jpg?resize=1254%2C836&#038;ssl=1\" alt=\"Estudo conduzido nos EUA destaca propriedade reparadora do iogurte contra o mau h\u00e1lito causado pelo alho \u2013 iStock\/Getty Images\" width=\"1254\" height=\"836\" srcset=\"https:\/\/catracalivre.com.br\/wp-content\/uploads\/2021\/10\/mau-halito-pela-manha.jpg 1254w, https:\/\/catracalivre.com.br\/wp-content\/uploads\/2021\/10\/mau-halito-pela-manha-450x300.jpg 450w, https:\/\/catracalivre.com.br\/wp-content\/uploads\/2021\/10\/mau-halito-pela-manha-768x512.jpg 768w\" sizes=\"(max-width: 1254px) 100vw, 1254px\"\/><\/p>\n<p>Cr\u00e9ditos: Kamonwan Wankaew\/istcok<\/p>\n<\/div>\n<\/div>\n<p><span class=\"post-imagem__legenda\">Estudo conduzido nos EUA destaca propriedade reparadora do iogurte contra o mau h\u00e1lito causado pelo alho \u2013 iStock\/Getty Images<\/span><\/p>\n<\/div>\n<p>Se voc\u00ea \u00e9 amante de alho, mas n\u00e3o aguenta o h\u00e1lito que ele deixa, a ci\u00eancia tem uma boa not\u00edcia para voc\u00ea. Estudo conduzido pelos cientistas Manpreet Kaur e Sheryl Barringer, do Departamento de Ci\u00eancia e Tecnologia de Alimentos da <strong><a href=\"https:\/\/www.osu.edu\/\" target=\"_blank\" rel=\"noopener\">Universidade Estadual de Ohio<\/a><\/strong>, nos Estados Unidos, descobriu que o iogurte natural pode ser a resposta para este inc\u00f4modo.<\/p>\n<p>Publicado na revista Molecules, o experimento realizou diversos testes e medi\u00e7\u00f5es com alho cru e frito em laborat\u00f3rio. Primeiramente, os dentes de alho foram descascados e cortados em fatias.<\/p>\n<p>A ideia, de acordo com os especialistas, era observar a libera\u00e7\u00e3o de compostos vol\u00e1teis \u00e0 base de enxofre que s\u00e3o detect\u00e1veis ao <strong><a href=\"https:\/\/catracalivre.com.br\/saude-bem-estar\/estudo-liga-a-perda-de-olfato-a-depressao-entenda\/\" target=\"_blank\" rel=\"noopener\">olfato humano.<\/a><\/strong> Na fase seguinte, o processo incluiu a fritura e o tratamento dos dentes de alho com iogurte natural e compostos isolados do lactic\u00ednio.<\/p>\n<h2>O poder do iogurte<\/h2>\n<p>O iogurte conseguiu reduzir 99% dos principais compostos vol\u00e1teis presentes no alho cru, respons\u00e1veis pelo mau cheiro. Tal fato levou os cientistas a acreditarem que alimentos ricos em prote\u00ednas poderiam um dia ser formulados especificamente para combater o h\u00e1lito de alho. Como afirmou a autora s\u00eanior do estudo, Barringer, \u201co alto teor de prote\u00edna \u00e9 algo que tem despertado bastante interesse no momento\u201d.<\/p>\n<p>Al\u00e9m disso, eles descobriram que a desodoriza\u00e7\u00e3o do alho foi menos efetiva quando o pH do iogurte foi alterado para se tornar menos \u00e1cido. Barringer explica que \u201cconforme voc\u00ea altera o pH, voc\u00ea altera a configura\u00e7\u00e3o das prote\u00ednas e sua capacidade de liga\u00e7\u00e3o\u201d.<\/p>\n<h2>E no dia a dia<\/h2>\n<p>Diante das evid\u00eancias obtidas, a professora Barringer destaca o potencial do iogurte grego, mais rico em prote\u00ednas que o iogurte normal, que o torna capaz de neutralizar o mau cheiro do alho. Al\u00e9m disso, ela refor\u00e7a que\u00a0iogurtes com sabor de frutas provavelmente tamb\u00e9m funcionem, mas o consumo deve ser imediato ap\u00f3s a ingest\u00e3o do alho.<\/p>\n<p>Anteriormente, Barringer tamb\u00e9m identificou outros alimentos que podem combater este tipo de mau h\u00e1lito \u2013 entre eles, a ma\u00e7\u00e3, leite, hortel\u00e3 e alface.<\/p>\n<\/div>\n<p><script>\n\t\t! function(f, b, e, v, n, t, s) {\n\t\t\tif (f.fbq) return;\n\t\t\tn = f.fbq = function() {\n\t\t\t\tn.callMethod ?\n\t\t\t\t\tn.callMethod.apply(n, arguments) : n.queue.push(arguments)\n\t\t\t};\n\t\t\tif (!f._fbq) f._fbq = n;\n\t\t\tn.push = n;\n\t\t\tn.loaded = !0;\n\t\t\tn.version = '2.0';\n\t\t\tn.queue = [];\n\t\t\tt = b.createElement(e);\n\t\t\tt.async = !0;\n\t\t\tt.src = v;\n\t\t\ts = b.getElementsByTagName(e)[0];\n\t\t\ts.parentNode.insertBefore(t, s)\n\t\t}(window, document, 'script',\n\t\t\t'https:\/\/connect.facebook.net\/en_US\/fbevents.js');\n\t\tfbq('init', '338315473262380');\n\t\tfbq('track', 'PageView');\n\t<\/script><br \/>\n<br \/><br \/>\n<br \/><a href=\"https:\/\/catracalivre.com.br\/saude-bem-estar\/ciencia-descobre-solucao-para-mau-halito-causado-pelo-alho\/\">Source link <\/a><\/p>\n<!-- CONTENT END 1 -->\n","protected":false},"excerpt":{"rendered":"<p>Cr\u00e9ditos: Kamonwan Wankaew\/istcok Estudo conduzido nos EUA destaca propriedade reparadora do iogurte contra o mau h\u00e1lito causado pelo alho \u2013 iStock\/Getty Images Se voc\u00ea \u00e9&#8230;<\/p>\n","protected":false},"author":1,"featured_media":21492,"comment_status":"open","ping_status":"open","sticky":false,"template":"","format":"standard","meta":{"advanced_seo_description":"","jetpack_seo_html_title":"","jetpack_seo_noindex":false,"jetpack_post_was_ever_published":false,"_jetpack_newsletter_access":"","_jetpack_dont_email_post_to_subs":false,"_jetpack_newsletter_tier_id":0,"_jetpack_memberships_contains_paywalled_content":false,"_jetpack_memberships_contains_paid_content":false,"footnotes":"","jetpack_publicize_message":"","jetpack_publicize_feature_enabled":true,"jetpack_social_post_already_shared":true,"jetpack_social_options":{"image_generator_settings":{"template":"highway","default_image_id":0,"font":"","enabled":false},"version":2}},"categories":[19],"tags":[],"class_list":["post-21491","post","type-post","status-publish","format-standard","has-post-thumbnail","hentry","category-variedades"],"jetpack_publicize_connections":[],"jetpack_featured_media_url":"https:\/\/i0.wp.com\/noticiasribeiraopreto.com.br\/wp-content\/uploads\/2023\/12\/mau-halito-pela-manha.jpg?fit=1200%2C638&ssl=1","jetpack-related-posts":[{"id":68244,"url":"https:\/\/noticiasribeiraopreto.com.br\/index.php\/2025\/04\/23\/jornal-da-franca-aprenda-a-combater-em-casa-o-tao-temido-mau-halito-questao-de-saude-e-convivencia\/","url_meta":{"origin":21491,"position":0},"title":"Jornal da Franca &#8211; Aprenda a combater em casa o t\u00e3o temido mau h\u00e1lito; quest\u00e3o de sa\u00fade e conviv\u00eancia","author":"noticiasribeiraopreto.com.br","date":"23 de April de 2025","format":false,"excerpt":"compartilhar no whatsapp compartilhar no telegram compartilhar no facebook compartilhar no linkedin Muita gente tem, nem percebe e passa vergonha perto de outras pessoas Voc\u00ea acorda de manh\u00e3, sente aquele gosto estranho na boca e logo sente o mau h\u00e1lito. Apesar de inc\u00f4modo, o mau h\u00e1lito matinal \u00e9 considerado uma\u2026","rel":"","context":"In &quot;Not\u00edcias de Franca-SP&quot;","block_context":{"text":"Not\u00edcias de Franca-SP","link":"https:\/\/noticiasribeiraopreto.com.br\/index.php\/category\/noticias-de-ribeirao-preto-sp-e-regiao-ismael-colosi\/noticias-franca-sp\/"},"img":{"alt_text":"","src":"https:\/\/i0.wp.com\/noticiasribeiraopreto.com.br\/wp-content\/uploads\/2025\/04\/images-5-1.jpeg?fit=652%2C408&ssl=1&resize=350%2C200","width":350,"height":200,"srcset":"https:\/\/i0.wp.com\/noticiasribeiraopreto.com.br\/wp-content\/uploads\/2025\/04\/images-5-1.jpeg?fit=652%2C408&ssl=1&resize=350%2C200 1x, https:\/\/i0.wp.com\/noticiasribeiraopreto.com.br\/wp-content\/uploads\/2025\/04\/images-5-1.jpeg?fit=652%2C408&ssl=1&resize=525%2C300 1.5x"},"classes":[]},{"id":72320,"url":"https:\/\/noticiasribeiraopreto.com.br\/index.php\/2025\/06\/16\/jornal-da-franca-conheca-uma-fruta-que-combate-o-mau-halito-e-ainda-protege-seus-dentes\/","url_meta":{"origin":21491,"position":1},"title":"Jornal da Franca &#8211; Conhe\u00e7a uma fruta que combate o mau h\u00e1lito e ainda protege seus dentes","author":"noticiasribeiraopreto.com.br","date":"16 de June de 2025","format":false,"excerpt":"compartilhar no whatsapp compartilhar no telegram compartilhar no facebook compartilhar no linkedin Segundo alguns especialistas, a fruta n\u00e3o substitui uma boa escova\u00e7\u00e3o dos dentes, mas \u00e9 salvadora para quem sofre de halitose Voc\u00ea sabia que uma fruta comum pode ser a solu\u00e7\u00e3o para o mau h\u00e1lito? Dentistas revelam que a\u2026","rel":"","context":"In &quot;Not\u00edcias de Franca-SP&quot;","block_context":{"text":"Not\u00edcias de Franca-SP","link":"https:\/\/noticiasribeiraopreto.com.br\/index.php\/category\/noticias-de-ribeirao-preto-sp-e-regiao-ismael-colosi\/noticias-franca-sp\/"},"img":{"alt_text":"","src":"https:\/\/i0.wp.com\/noticiasribeiraopreto.com.br\/wp-content\/uploads\/2025\/06\/899.jpg?fit=1000%2C667&ssl=1&resize=350%2C200","width":350,"height":200,"srcset":"https:\/\/i0.wp.com\/noticiasribeiraopreto.com.br\/wp-content\/uploads\/2025\/06\/899.jpg?fit=1000%2C667&ssl=1&resize=350%2C200 1x, https:\/\/i0.wp.com\/noticiasribeiraopreto.com.br\/wp-content\/uploads\/2025\/06\/899.jpg?fit=1000%2C667&ssl=1&resize=525%2C300 1.5x, https:\/\/i0.wp.com\/noticiasribeiraopreto.com.br\/wp-content\/uploads\/2025\/06\/899.jpg?fit=1000%2C667&ssl=1&resize=700%2C400 2x"},"classes":[]},{"id":67359,"url":"https:\/\/noticiasribeiraopreto.com.br\/index.php\/2025\/04\/13\/jornal-da-franca-lentes-de-resina-causam-mau-halito-especialista-esclarece\/","url_meta":{"origin":21491,"position":2},"title":"Jornal da Franca &#8211; Lentes de resina causam mau h\u00e1lito? Especialista esclarece!","author":"noticiasribeiraopreto.com.br","date":"13 de April de 2025","format":false,"excerpt":"compartilhar no whatsapp compartilhar no telegram compartilhar no facebook compartilhar no linkedin \u00c9 essencial desconstruir mitos e entender que as lentes de resina, quando bem aplicadas e cuidadas, n\u00e3o causam mau h\u00e1lito Ser\u00e1 que as lentes de resina provocam mau h\u00e1lito como muitas pessoas pensam? Foto Arquivo \u00a0 As lentes\u2026","rel":"","context":"In &quot;Not\u00edcias de Franca-SP&quot;","block_context":{"text":"Not\u00edcias de Franca-SP","link":"https:\/\/noticiasribeiraopreto.com.br\/index.php\/category\/noticias-de-ribeirao-preto-sp-e-regiao-ismael-colosi\/noticias-franca-sp\/"},"img":{"alt_text":"","src":"https:\/\/i0.wp.com\/noticiasribeiraopreto.com.br\/wp-content\/uploads\/2025\/04\/crlarear-os-dentes-scaled.jpg?fit=1200%2C800&ssl=1&resize=350%2C200","width":350,"height":200,"srcset":"https:\/\/i0.wp.com\/noticiasribeiraopreto.com.br\/wp-content\/uploads\/2025\/04\/crlarear-os-dentes-scaled.jpg?fit=1200%2C800&ssl=1&resize=350%2C200 1x, https:\/\/i0.wp.com\/noticiasribeiraopreto.com.br\/wp-content\/uploads\/2025\/04\/crlarear-os-dentes-scaled.jpg?fit=1200%2C800&ssl=1&resize=525%2C300 1.5x, https:\/\/i0.wp.com\/noticiasribeiraopreto.com.br\/wp-content\/uploads\/2025\/04\/crlarear-os-dentes-scaled.jpg?fit=1200%2C800&ssl=1&resize=700%2C400 2x, https:\/\/i0.wp.com\/noticiasribeiraopreto.com.br\/wp-content\/uploads\/2025\/04\/crlarear-os-dentes-scaled.jpg?fit=1200%2C800&ssl=1&resize=1050%2C600 3x"},"classes":[]},{"id":65101,"url":"https:\/\/noticiasribeiraopreto.com.br\/index.php\/2025\/03\/15\/jornal-da-franca-pedra-nas-amigdalas-pode-causar-mau-halito-e-tem-relacao-com-outros-problemas\/","url_meta":{"origin":21491,"position":3},"title":"Jornal da Franca &#8211; Pedra nas am\u00edgdalas pode causar mau h\u00e1lito e tem rela\u00e7\u00e3o com outros problemas","author":"noticiasribeiraopreto.com.br","date":"15 de March de 2025","format":false,"excerpt":"compartilhar no whatsapp compartilhar no telegram compartilhar no facebook compartilhar no linkedin Doen\u00e7as respirat\u00f3rias das vias a\u00e9reas superiores, como rinites e sinusites, al\u00e9m do refluxo gastroesof\u00e1gico, s\u00e3o considerados fatores ligados ao problema Problema pode ser bastante inc\u00f4modo, gerando mau h\u00e1lito, dor e dificuldade para engolir \u2013 foto Freepik \u00a0 Pedras\u2026","rel":"","context":"In &quot;Not\u00edcias de Franca-SP&quot;","block_context":{"text":"Not\u00edcias de Franca-SP","link":"https:\/\/noticiasribeiraopreto.com.br\/index.php\/category\/noticias-de-ribeirao-preto-sp-e-regiao-ismael-colosi\/noticias-franca-sp\/"},"img":{"alt_text":"","src":"https:\/\/i0.wp.com\/noticiasribeiraopreto.com.br\/wp-content\/uploads\/2025\/03\/pedra-nas-amigdalas-scaled.jpg?fit=1200%2C800&ssl=1&resize=350%2C200","width":350,"height":200,"srcset":"https:\/\/i0.wp.com\/noticiasribeiraopreto.com.br\/wp-content\/uploads\/2025\/03\/pedra-nas-amigdalas-scaled.jpg?fit=1200%2C800&ssl=1&resize=350%2C200 1x, https:\/\/i0.wp.com\/noticiasribeiraopreto.com.br\/wp-content\/uploads\/2025\/03\/pedra-nas-amigdalas-scaled.jpg?fit=1200%2C800&ssl=1&resize=525%2C300 1.5x, https:\/\/i0.wp.com\/noticiasribeiraopreto.com.br\/wp-content\/uploads\/2025\/03\/pedra-nas-amigdalas-scaled.jpg?fit=1200%2C800&ssl=1&resize=700%2C400 2x, https:\/\/i0.wp.com\/noticiasribeiraopreto.com.br\/wp-content\/uploads\/2025\/03\/pedra-nas-amigdalas-scaled.jpg?fit=1200%2C800&ssl=1&resize=1050%2C600 3x"},"classes":[]},{"id":67948,"url":"https:\/\/noticiasribeiraopreto.com.br\/index.php\/2025\/04\/21\/jornal-da-franca-chocolate-em-excesso-pode-gerar-caries-gengivite-e-ate-perda-dentaria\/","url_meta":{"origin":21491,"position":4},"title":"Jornal da Franca &#8211; Chocolate em excesso pode gerar c\u00e1ries, gengivite e at\u00e9 perda dent\u00e1ria","author":"noticiasribeiraopreto.com.br","date":"21 de April de 2025","format":false,"excerpt":"compartilhar no whatsapp compartilhar no telegram compartilhar no facebook compartilhar no linkedin O consumo de chocolate em excesso pode trazer s\u00e9rias consequ\u00eancias para a sa\u00fade bucal Comer chocolate demais pode ser uma verdadeira armadilha para os dentes \u2013 foto Arquivo \u00a0 Especialistas j\u00e1 alertaram para os perigos do consumo excessivo\u2026","rel":"","context":"In &quot;Not\u00edcias de Franca-SP&quot;","block_context":{"text":"Not\u00edcias de Franca-SP","link":"https:\/\/noticiasribeiraopreto.com.br\/index.php\/category\/noticias-de-ribeirao-preto-sp-e-regiao-ismael-colosi\/noticias-franca-sp\/"},"img":{"alt_text":"","src":"https:\/\/i0.wp.com\/noticiasribeiraopreto.com.br\/wp-content\/uploads\/2025\/04\/chocolate-mulher-comendo.jpg?fit=799%2C449&ssl=1&resize=350%2C200","width":350,"height":200,"srcset":"https:\/\/i0.wp.com\/noticiasribeiraopreto.com.br\/wp-content\/uploads\/2025\/04\/chocolate-mulher-comendo.jpg?fit=799%2C449&ssl=1&resize=350%2C200 1x, https:\/\/i0.wp.com\/noticiasribeiraopreto.com.br\/wp-content\/uploads\/2025\/04\/chocolate-mulher-comendo.jpg?fit=799%2C449&ssl=1&resize=525%2C300 1.5x, https:\/\/i0.wp.com\/noticiasribeiraopreto.com.br\/wp-content\/uploads\/2025\/04\/chocolate-mulher-comendo.jpg?fit=799%2C449&ssl=1&resize=700%2C400 2x"},"classes":[]},{"id":70185,"url":"https:\/\/noticiasribeiraopreto.com.br\/index.php\/2025\/05\/23\/jornal-da-franca-ubss-de-franca-realizam-acoes-contra-o-cancer-bucal-durante-campanha-maio-vermelho\/","url_meta":{"origin":21491,"position":5},"title":"Jornal da Franca &#8211; UBSs de Franca realizam a\u00e7\u00f5es contra o c\u00e2ncer bucal durante campanha Maio Vermelho","author":"noticiasribeiraopreto.com.br","date":"23 de May de 2025","format":false,"excerpt":"compartilhar no whatsapp compartilhar no telegram compartilhar no facebook compartilhar no linkedin Campanha envolve profissionais e estudantes em orienta\u00e7\u00f5es gratuitas \u00e0 popula\u00e7\u00e3o Atividades acontecem nos dias 26 e 29 de maio com apoio da Unifran nas UBSs \u00a0 A Secretaria de Sa\u00fade de Franca, por meio do Setor de Sa\u00fade\u2026","rel":"","context":"In &quot;Not\u00edcias de Franca-SP&quot;","block_context":{"text":"Not\u00edcias de Franca-SP","link":"https:\/\/noticiasribeiraopreto.com.br\/index.php\/category\/noticias-de-ribeirao-preto-sp-e-regiao-ismael-colosi\/noticias-franca-sp\/"},"img":{"alt_text":"","src":"https:\/\/i0.wp.com\/noticiasribeiraopreto.com.br\/wp-content\/uploads\/2025\/05\/exame-saude-bucal.jpeg?fit=1200%2C794&ssl=1&resize=350%2C200","width":350,"height":200,"srcset":"https:\/\/i0.wp.com\/noticiasribeiraopreto.com.br\/wp-content\/uploads\/2025\/05\/exame-saude-bucal.jpeg?fit=1200%2C794&ssl=1&resize=350%2C200 1x, https:\/\/i0.wp.com\/noticiasribeiraopreto.com.br\/wp-content\/uploads\/2025\/05\/exame-saude-bucal.jpeg?fit=1200%2C794&ssl=1&resize=525%2C300 1.5x, https:\/\/i0.wp.com\/noticiasribeiraopreto.com.br\/wp-content\/uploads\/2025\/05\/exame-saude-bucal.jpeg?fit=1200%2C794&ssl=1&resize=700%2C400 2x, https:\/\/i0.wp.com\/noticiasribeiraopreto.com.br\/wp-content\/uploads\/2025\/05\/exame-saude-bucal.jpeg?fit=1200%2C794&ssl=1&resize=1050%2C600 3x"},"classes":[]}],"jetpack_sharing_enabled":true,"jetpack_shortlink":"https:\/\/wp.me\/peQAOb-5AD","_links":{"self":[{"href":"https:\/\/noticiasribeiraopreto.com.br\/index.php\/wp-json\/wp\/v2\/posts\/21491","targetHints":{"allow":["GET"]}}],"collection":[{"href":"https:\/\/noticiasribeiraopreto.com.br\/index.php\/wp-json\/wp\/v2\/posts"}],"about":[{"href":"https:\/\/noticiasribeiraopreto.com.br\/index.php\/wp-json\/wp\/v2\/types\/post"}],"author":[{"embeddable":true,"href":"https:\/\/noticiasribeiraopreto.com.br\/index.php\/wp-json\/wp\/v2\/users\/1"}],"replies":[{"embeddable":true,"href":"https:\/\/noticiasribeiraopreto.com.br\/index.php\/wp-json\/wp\/v2\/comments?post=21491"}],"version-history":[{"count":0,"href":"https:\/\/noticiasribeiraopreto.com.br\/index.php\/wp-json\/wp\/v2\/posts\/21491\/revisions"}],"wp:featuredmedia":[{"embeddable":true,"href":"https:\/\/noticiasribeiraopreto.com.br\/index.php\/wp-json\/wp\/v2\/media\/21492"}],"wp:attachment":[{"href":"https:\/\/noticiasribeiraopreto.com.br\/index.php\/wp-json\/wp\/v2\/media?parent=21491"}],"wp:term":[{"taxonomy":"category","embeddable":true,"href":"https:\/\/noticiasribeiraopreto.com.br\/index.php\/wp-json\/wp\/v2\/categories?post=21491"},{"taxonomy":"post_tag","embeddable":true,"href":"https:\/\/noticiasribeiraopreto.com.br\/index.php\/wp-json\/wp\/v2\/tags?post=21491"}],"curies":[{"name":"wp","href":"https:\/\/api.w.org\/{rel}","templated":true}]}}