{"id":21665,"date":"2023-12-28T08:40:57","date_gmt":"2023-12-28T11:40:57","guid":{"rendered":"https:\/\/noticiasribeiraopreto.com.br\/index.php\/2023\/12\/28\/farmacia-de-rp-recebe-autorizacao-para-manipular-cannabis\/"},"modified":"2023-12-28T08:40:57","modified_gmt":"2023-12-28T11:40:57","slug":"farmacia-de-rp-recebe-autorizacao-para-manipular-cannabis","status":"publish","type":"post","link":"https:\/\/noticiasribeiraopreto.com.br\/index.php\/2023\/12\/28\/farmacia-de-rp-recebe-autorizacao-para-manipular-cannabis\/","title":{"rendered":"Farm\u00e1cia de RP recebe autoriza\u00e7\u00e3o para manipular cannabis"},"content":{"rendered":"<div class='code-block code-block-1' style='margin: 8px 0 8px auto; text-align: right; display: block; clear: both;'>\n<p><a href=\"https:\/\/wa.link\/vpicfd\"><img data-recalc-dims=\"1\" class=\"wp-image-4922\" style=\"aspect-ratio: 2.0253164556962027; width: 561px; height: auto;\" src=\"https:\/\/i0.wp.com\/ismaelcolosi.com.br\/wp-content\/uploads\/2023\/11\/grupo-de-empregos-whatsapp-e-facebook-ismael-colosi-vagas.jpg?ssl=1\" alt=\"\" \/><\/a><\/p>\n<!-- \/wp:image -->\n<\/div>\n<p> <br \/>\n<\/p>\n<div id=\"\">\n<p> <span class=\"entry-meta-item penci-posted-on\"><i class=\"fa fa-clock-o\"\/><time class=\"entry-date published\" datetime=\"2023-12-28T08:35:24-03:00\">28 de dezembro de 2023 | 8:35<\/time><time class=\"updated\" datetime=\"2023-12-27T19:38:05-03:00\">27 de dezembro de 2023 | 19:38<\/time><\/span><\/p>\n<p> <span class=\"penci-social-buttons penci-social-share-footer\"><a href=\"#\" class=\"penci-post-like penci_post-meta_item  single-like-button penci-social-item like\" data-post_id=\"368619\" title=\"Like\" data-like=\"Like\" data-unlike=\"Unlike\"><i class=\"fa fa-thumbs-o-up\"\/><span class=\"penci-share-number\">0<\/span><\/a><i class=\"fa fa-facebook\"\/><a class=\"penci-social-item twitter\" target=\"_blank\" rel=\"noopener\" title=\"\" href=\"https:\/\/twitter.com\/intent\/tweet?text=Farm\u00e1cia%20de%20RP%20recebe%20autoriza\u00e7\u00e3o%20para%20manipular%20cannabis%20-%20https:\/\/www.tribunaribeirao.com.br\/site\/farmacia-de-rp-recebe-autorizacao-para-manipular-cannabis\/\"><i class=\"fa fa-twitter\"\/><\/a><i class=\"fa fa-whatsapp\"\/><\/span><\/div>\n<div>\n<p>O juiz federal Peter de Paula Pires, da 5\u00aa Vara Federal de Ribeir\u00e3o Preto, autorizou uma farm\u00e1cia de manipula\u00e7\u00e3o a fabricar no Brasil produtos \u00e0 base da planta cannabis, popularmente conhecida como maconha. A condi\u00e7\u00e3o \u00e9 que esses produtos tenham a comercializa\u00e7\u00e3o autorizada pela Ag\u00eancia Nacional de Vigil\u00e2ncia Sanit\u00e1ria (Anvisa).\u00a0 <noscript><img data-recalc-dims=\"1\" decoding=\"async\" src=\"https:\/\/i0.wp.com\/agenciabrasil.ebc.com.br\/ebc.png?ssl=1\"\/><\/noscript><img data-recalc-dims=\"1\" decoding=\"async\" src=\"https:\/\/i0.wp.com\/agenciabrasil.ebc.com.br\/ebc.gif?ssl=1\" class=\"lazyload\"\/><noscript><img data-recalc-dims=\"1\" decoding=\"async\" src=\"https:\/\/i0.wp.com\/agenciabrasil.ebc.com.br\/ebc.gif?ssl=1\"\/><\/noscript><\/p>\n<p>Na decis\u00e3o, assinada em 14 de dezembro, o magistrado frisou que a Anvisa j\u00e1 autoriza a comercializa\u00e7\u00e3o e a importa\u00e7\u00e3o de produtos derivados da maconha, motivo pelo qual n\u00e3o seria razo\u00e1vel impedir sua produ\u00e7\u00e3o por farm\u00e1cia de manipula\u00e7\u00e3o.<\/p>\n<p>\u201cN\u00e3o \u00e9 justificada a reserva de mercado para produtores internacionais que podem comercializar para o territ\u00f3rio nacional livremente o que fabricam\u201d, escreveu o juiz. Ele citou que a Anvisa j\u00e1 autorizou ao menos uma empresa brasileira a produzir um produto derivado de maconha em territ\u00f3rio nacional.<\/p>\n<p>O magistrado tamb\u00e9m mencionou a jurisprud\u00eancia do Superior Tribunal de Justi\u00e7a (STJ), que nos \u00faltimos anos tem dado decis\u00f5es frequentes para autorizar a importa\u00e7\u00e3o de sementes de cannabis, o seu plantio e a obten\u00e7\u00e3o artesanal de produtos para fins medicinais.<\/p>\n<p>\u201cA autoriza\u00e7\u00e3o jurisprudencial para que pessoas f\u00edsicas obtenham tais produtos de forma artesanal torna incompat\u00edvel impedir a autora, com longa expertise na fabrica\u00e7\u00e3o de medicamentos, de fabric\u00e1-los de forma profissional, mediante a orienta\u00e7\u00e3o de t\u00e9cnicos habilitados e registrados que j\u00e1 atuam em seu laborat\u00f3rio\u201d, escreveu o juiz.<\/p>\n<p>Ele concedeu o pedido \u00e0 Farm\u00e1cia Homeop\u00e1tica Homeocenter, que buscou na Justi\u00e7a uma autoriza\u00e7\u00e3o pr\u00e9via para a fabrica\u00e7\u00e3o de derivados de maconha, de modo a barrar o munic\u00edpio de Ribeir\u00e3o Preto ou a Anvisa de puni-la. Isso porque, em resolu\u00e7\u00e3o aprovada em 2019 sobre a cannabis, a Anvisa pro\u00edbe a comercializa\u00e7\u00e3o de produtos derivados da maconha em farm\u00e1cias de manipula\u00e7\u00e3o, bem como veda a manipula\u00e7\u00e3o de \u201cf\u00f3rmulas magistrais\u201d contendo derivados ou fitof\u00e1rmacos \u00e0 base de cannabis spp.<\/p>\n<p>As f\u00f3rmulas magistrais s\u00e3o aquelas feitas a partir de uma prescri\u00e7\u00e3o m\u00e9dica, com uma formula\u00e7\u00e3o \u00fanica dos componentes, para atender a necessidades espec\u00edficas de um paciente.<\/p>\n<p>O juiz federal afastou as veda\u00e7\u00f5es, desde que a fabrica\u00e7\u00e3o atenda aos crit\u00e9rios da pr\u00f3pria Anvisa, que autoriza somente produtos predominantemente com a subst\u00e2ncia canabidiol e no m\u00e1ximo 0,2% de tetrahidrocanabinol (THC), subst\u00e2ncia psicoativa da maconha.<\/p>\n<p>Mesmo com uma primeira vit\u00f3ria na Justi\u00e7a, a farm\u00e1cia de manipula\u00e7\u00e3o ainda precisar\u00e1 esperar, pois o juiz respons\u00e1vel determinou que a decis\u00e3o s\u00f3 deve entrar em vigor ap\u00f3s o tr\u00e2nsito em julgado da a\u00e7\u00e3o, ou seja, quando n\u00e3o houver mais possibilidade de recurso.<\/p>\n<p>No processo, a Anvisa defendeu a improced\u00eancia do pedido feito pela farm\u00e1cia. Um dos argumentos \u00e9 que \u00e9 necess\u00e1rio o atendimento a uma s\u00e9rie de boas pr\u00e1ticas na fabrica\u00e7\u00e3o de medicamentos, que somente poderiam ser atendidos por empresas farmac\u00eauticas.<\/p>\n<p>\u00a0<\/p>\n<\/div>\n<p><script async src=\"\/\/platform.twitter.com\/widgets.js\" charset=\"utf-8\"><\/script><br \/>\n<br \/><br \/>\n<br \/><a href=\"https:\/\/www.tribunaribeirao.com.br\/site\/farmacia-de-rp-recebe-autorizacao-para-manipular-cannabis\/\">Source link <\/a><\/p>\n<!-- CONTENT END 1 -->\n","protected":false},"excerpt":{"rendered":"<p>28 de dezembro de 2023 | 8:3527 de dezembro de 2023 | 19:38 0 O juiz federal Peter de Paula Pires, da 5\u00aa Vara Federal&#8230;<\/p>\n","protected":false},"author":1,"featured_media":21666,"comment_status":"open","ping_status":"open","sticky":false,"template":"","format":"standard","meta":{"advanced_seo_description":"","jetpack_seo_html_title":"","jetpack_seo_noindex":false,"jetpack_post_was_ever_published":false,"_jetpack_newsletter_access":"","_jetpack_dont_email_post_to_subs":false,"_jetpack_newsletter_tier_id":0,"_jetpack_memberships_contains_paywalled_content":false,"_jetpack_memberships_contains_paid_content":false,"footnotes":"","jetpack_publicize_message":"","jetpack_publicize_feature_enabled":true,"jetpack_social_post_already_shared":true,"jetpack_social_options":{"image_generator_settings":{"template":"highway","default_image_id":0,"font":"","enabled":false},"version":2}},"categories":[11],"tags":[1691,2679,1119,2740,71,407],"class_list":["post-21665","post","type-post","status-publish","format-standard","has-post-thumbnail","hentry","category-noticias-de-ribeirao-preto-sp-e-regiao-ismael-colosi","tag-autorizacao","tag-cannabis","tag-farmacia","tag-manipular","tag-para","tag-recebe"],"jetpack_publicize_connections":[],"jetpack_featured_media_url":"https:\/\/i0.wp.com\/noticiasribeiraopreto.com.br\/wp-content\/uploads\/2023\/12\/be7d8921-d7c4-4f54-832a-380c47f5b3f5-scaled.jpg?fit=1000%2C598&ssl=1","jetpack-related-posts":[{"id":21789,"url":"https:\/\/noticiasribeiraopreto.com.br\/index.php\/2023\/12\/28\/juiz-de-ribeirao-autoriza-que-farmacia-fabrique-produtos-a-base-de-cannabis\/","url_meta":{"origin":21665,"position":0},"title":"Juiz de Ribeir\u00e3o autoriza que farm\u00e1cia fabrique produtos \u00e0 base de cannabis","author":"noticiasribeiraopreto.com.br","date":"28 de December de 2023","format":false,"excerpt":"O juiz federal Peter de Paula Pires, da 5\u00aa Vara Federal de Ribeir\u00e3o Preto, autorizou uma farm\u00e1cia de manipula\u00e7\u00e3o a fabricar no Brasil produtos \u00e0 base da planta cannabis, popularmente conhecida como maconha. A condi\u00e7\u00e3o \u00e9 que esses produtos tenham a comercializa\u00e7\u00e3o autorizada pela Anvisa (Ag\u00eancia Nacional de Vigil\u00e2ncia Sanit\u00e1ria).\u00a0\u2026","rel":"","context":"In &quot;Not\u00edcias de Ribeir\u00e3o Preto-SP e Regi\u00e3o&quot;","block_context":{"text":"Not\u00edcias de Ribeir\u00e3o Preto-SP e Regi\u00e3o","link":"https:\/\/noticiasribeiraopreto.com.br\/index.php\/category\/noticias-de-ribeirao-preto-sp-e-regiao-ismael-colosi\/"},"img":{"alt_text":"","src":"https:\/\/i0.wp.com\/noticiasribeiraopreto.com.br\/wp-content\/uploads\/2023\/12\/oleo-de-cannabis.jpg?fit=1200%2C800&ssl=1&resize=350%2C200","width":350,"height":200,"srcset":"https:\/\/i0.wp.com\/noticiasribeiraopreto.com.br\/wp-content\/uploads\/2023\/12\/oleo-de-cannabis.jpg?fit=1200%2C800&ssl=1&resize=350%2C200 1x, https:\/\/i0.wp.com\/noticiasribeiraopreto.com.br\/wp-content\/uploads\/2023\/12\/oleo-de-cannabis.jpg?fit=1200%2C800&ssl=1&resize=525%2C300 1.5x, https:\/\/i0.wp.com\/noticiasribeiraopreto.com.br\/wp-content\/uploads\/2023\/12\/oleo-de-cannabis.jpg?fit=1200%2C800&ssl=1&resize=700%2C400 2x, https:\/\/i0.wp.com\/noticiasribeiraopreto.com.br\/wp-content\/uploads\/2023\/12\/oleo-de-cannabis.jpg?fit=1200%2C800&ssl=1&resize=1050%2C600 3x"},"classes":[]},{"id":35996,"url":"https:\/\/noticiasribeiraopreto.com.br\/index.php\/2024\/02\/08\/atencao-pessoas-cadastradas-no-cadunico-tem-direito-a-novo-beneficio-veja-se-voce-pode-receber\/","url_meta":{"origin":21665,"position":1},"title":"Aten\u00e7\u00e3o! Pessoas cadastradas no Cad\u00danico t\u00eam direito a novo benef\u00edcio; Veja se voc\u00ea pode receber","author":"noticiasribeiraopreto.com.br","date":"8 de February de 2024","format":false,"excerpt":"Desde o dia 22 de janeiro, o Programa de Promo\u00e7\u00e3o e Prote\u00e7\u00e3o \u00e0 Dignidade da Menstrua\u00e7\u00e3o garante o direito de acesso a absorventes higi\u00eanicos a quem menstrua e est\u00e1 cadastrado no Cadastro \u00danico de Programas Sociais do Governo Federal (Cad \u00danico). Por isso, o p\u00fablico-alvo do programa s\u00e3o pessoas de\u2026","rel":"","context":"In &quot;Dinheiro e Investimento&quot;","block_context":{"text":"Dinheiro e Investimento","link":"https:\/\/noticiasribeiraopreto.com.br\/index.php\/category\/dinheiro-e-investimento-como-fazer-como-ganhar\/"},"img":{"alt_text":"","src":"https:\/\/i0.wp.com\/noticiasribeiraopreto.com.br\/wp-content\/uploads\/2024\/02\/Design-sem-nome-54.png?fit=1200%2C630&ssl=1&resize=350%2C200","width":350,"height":200,"srcset":"https:\/\/i0.wp.com\/noticiasribeiraopreto.com.br\/wp-content\/uploads\/2024\/02\/Design-sem-nome-54.png?fit=1200%2C630&ssl=1&resize=350%2C200 1x, https:\/\/i0.wp.com\/noticiasribeiraopreto.com.br\/wp-content\/uploads\/2024\/02\/Design-sem-nome-54.png?fit=1200%2C630&ssl=1&resize=525%2C300 1.5x, https:\/\/i0.wp.com\/noticiasribeiraopreto.com.br\/wp-content\/uploads\/2024\/02\/Design-sem-nome-54.png?fit=1200%2C630&ssl=1&resize=700%2C400 2x, https:\/\/i0.wp.com\/noticiasribeiraopreto.com.br\/wp-content\/uploads\/2024\/02\/Design-sem-nome-54.png?fit=1200%2C630&ssl=1&resize=1050%2C600 3x"},"classes":[]},{"id":12118,"url":"https:\/\/noticiasribeiraopreto.com.br\/index.php\/2023\/12\/07\/voo-de-repatriacao-de-brasileiros-em-gaza-aguarda-autorizacao\/","url_meta":{"origin":21665,"position":2},"title":"Voo de repatria\u00e7\u00e3o de brasileiros em Gaza aguarda autoriza\u00e7\u00e3o","author":"noticiasribeiraopreto.com.br","date":"7 de December de 2023","format":false,"excerpt":"7 de dezembro de 2023 | 13:007 de dezembro de 2023 | 9:03 0Uma aeronave KC-30 (Airbus A330 200) aguarda autoriza\u00e7\u00e3o para decolar da Base A\u00e9rea do Gale\u00e3o, no Rio de Janeiro, para fazer a repatria\u00e7\u00e3o de mais brasileiros que est\u00e3o na Faixa de Gaza. De acordo com a For\u00e7a\u2026","rel":"","context":"In &quot;Not\u00edcias de Ribeir\u00e3o Preto-SP e Regi\u00e3o&quot;","block_context":{"text":"Not\u00edcias de Ribeir\u00e3o Preto-SP e Regi\u00e3o","link":"https:\/\/noticiasribeiraopreto.com.br\/index.php\/category\/noticias-de-ribeirao-preto-sp-e-regiao-ismael-colosi\/"},"img":{"alt_text":"","src":"https:\/\/i0.wp.com\/noticiasribeiraopreto.com.br\/wp-content\/uploads\/2023\/12\/fab-scaled.jpg?fit=1000%2C598&ssl=1&resize=350%2C200","width":350,"height":200,"srcset":"https:\/\/i0.wp.com\/noticiasribeiraopreto.com.br\/wp-content\/uploads\/2023\/12\/fab-scaled.jpg?fit=1000%2C598&ssl=1&resize=350%2C200 1x, https:\/\/i0.wp.com\/noticiasribeiraopreto.com.br\/wp-content\/uploads\/2023\/12\/fab-scaled.jpg?fit=1000%2C598&ssl=1&resize=525%2C300 1.5x, https:\/\/i0.wp.com\/noticiasribeiraopreto.com.br\/wp-content\/uploads\/2023\/12\/fab-scaled.jpg?fit=1000%2C598&ssl=1&resize=700%2C400 2x"},"classes":[]},{"id":33194,"url":"https:\/\/noticiasribeiraopreto.com.br\/index.php\/2024\/01\/28\/programa-distribui-absorventes-para-mulheres-em-vulnerabilidade\/","url_meta":{"origin":21665,"position":3},"title":"Programa distribui absorventes para mulheres em vulnerabilidade","author":"noticiasribeiraopreto.com.br","date":"28 de January de 2024","format":false,"excerpt":"28 de janeiro de 2024 | 13:0027 de janeiro de 2024 | 19:30 0O programa Farm\u00e1cia Popular, do Governo Federal, disponibiliza absorventes gratuitamente para popula\u00e7\u00e3o em situa\u00e7\u00e3o de vulnerabilidade social em mais de 31 mil unidades credenciadas em todo pa\u00eds. No Estado de S\u00e3o Paulo, 6.445 farm\u00e1cias est\u00e3o credenciadas para\u2026","rel":"","context":"In &quot;Not\u00edcias de Ribeir\u00e3o Preto-SP e Regi\u00e3o&quot;","block_context":{"text":"Not\u00edcias de Ribeir\u00e3o Preto-SP e Regi\u00e3o","link":"https:\/\/noticiasribeiraopreto.com.br\/index.php\/category\/noticias-de-ribeirao-preto-sp-e-regiao-ismael-colosi\/"},"img":{"alt_text":"","src":"https:\/\/i0.wp.com\/noticiasribeiraopreto.com.br\/wp-content\/uploads\/2024\/01\/fotoabsorventes.png?fit=768%2C354&ssl=1&resize=350%2C200","width":350,"height":200,"srcset":"https:\/\/i0.wp.com\/noticiasribeiraopreto.com.br\/wp-content\/uploads\/2024\/01\/fotoabsorventes.png?fit=768%2C354&ssl=1&resize=350%2C200 1x, https:\/\/i0.wp.com\/noticiasribeiraopreto.com.br\/wp-content\/uploads\/2024\/01\/fotoabsorventes.png?fit=768%2C354&ssl=1&resize=525%2C300 1.5x, https:\/\/i0.wp.com\/noticiasribeiraopreto.com.br\/wp-content\/uploads\/2024\/01\/fotoabsorventes.png?fit=768%2C354&ssl=1&resize=700%2C400 2x"},"classes":[]},{"id":13475,"url":"https:\/\/noticiasribeiraopreto.com.br\/index.php\/2023\/12\/10\/mec-suspende-autorizacao-para-17-cursos-a-distancia\/","url_meta":{"origin":21665,"position":4},"title":"MEC suspende autoriza\u00e7\u00e3o para 17 cursos \u00e0 dist\u00e2ncia\u00a0","author":"noticiasribeiraopreto.com.br","date":"10 de December de 2023","format":false,"excerpt":"10 de dezembro de 2023 | 11:009 de dezembro de 2023 | 18:01 0O Minist\u00e9rio da Educa\u00e7\u00e3o (MEC) suspendeu os processos de autoriza\u00e7\u00e3o de novos cursos \u00e0 dist\u00e2ncia de 17 \u00e1reas, entre elas: direito, medicina e todas as licenciaturas. O pa\u00eds teve uma explos\u00e3o de cursos no ensino na modalidade\u2026","rel":"","context":"In &quot;Not\u00edcias de Ribeir\u00e3o Preto-SP e Regi\u00e3o&quot;","block_context":{"text":"Not\u00edcias de Ribeir\u00e3o Preto-SP e Regi\u00e3o","link":"https:\/\/noticiasribeiraopreto.com.br\/index.php\/category\/noticias-de-ribeirao-preto-sp-e-regiao-ismael-colosi\/"},"img":{"alt_text":"","src":"https:\/\/i0.wp.com\/noticiasribeiraopreto.com.br\/wp-content\/uploads\/2023\/12\/distancia.jpg?fit=832%2C437&ssl=1&resize=350%2C200","width":350,"height":200,"srcset":"https:\/\/i0.wp.com\/noticiasribeiraopreto.com.br\/wp-content\/uploads\/2023\/12\/distancia.jpg?fit=832%2C437&ssl=1&resize=350%2C200 1x, https:\/\/i0.wp.com\/noticiasribeiraopreto.com.br\/wp-content\/uploads\/2023\/12\/distancia.jpg?fit=832%2C437&ssl=1&resize=525%2C300 1.5x, https:\/\/i0.wp.com\/noticiasribeiraopreto.com.br\/wp-content\/uploads\/2023\/12\/distancia.jpg?fit=832%2C437&ssl=1&resize=700%2C400 2x"},"classes":[]},{"id":29188,"url":"https:\/\/noticiasribeiraopreto.com.br\/index.php\/2024\/01\/17\/farmacia-popular-comeca-a-distribuir-absorventes-gratuitos\/","url_meta":{"origin":21665,"position":5},"title":"Farm\u00e1cia Popular come\u00e7a a distribuir absorventes gratuitos \u2013 Folha de Ribeir\u00e3o","author":"noticiasribeiraopreto.com.br","date":"17 de January de 2024","format":false,"excerpt":"Mais de 31 mil unidades credenciadas no programa Farm\u00e1cia Popular come\u00e7aram a distribuir absorventes para a popula\u00e7\u00e3o em situa\u00e7\u00e3o de vulnerabilidade social. Segundo o Minist\u00e9rio da Sa\u00fade, a oferta \u00e9 direcionada a grupos que vivem abaixo da linha da pobreza e est\u00e3o matriculados em escolas p\u00fablicas, em situa\u00e7\u00e3o de rua\u2026","rel":"","context":"In &quot;Not\u00edcias de Ribeir\u00e3o Preto-SP e Regi\u00e3o&quot;","block_context":{"text":"Not\u00edcias de Ribeir\u00e3o Preto-SP e Regi\u00e3o","link":"https:\/\/noticiasribeiraopreto.com.br\/index.php\/category\/noticias-de-ribeirao-preto-sp-e-regiao-ismael-colosi\/"},"img":{"alt_text":"","src":"","width":0,"height":0},"classes":[]}],"jetpack_sharing_enabled":true,"jetpack_shortlink":"https:\/\/wp.me\/peQAOb-5Dr","_links":{"self":[{"href":"https:\/\/noticiasribeiraopreto.com.br\/index.php\/wp-json\/wp\/v2\/posts\/21665","targetHints":{"allow":["GET"]}}],"collection":[{"href":"https:\/\/noticiasribeiraopreto.com.br\/index.php\/wp-json\/wp\/v2\/posts"}],"about":[{"href":"https:\/\/noticiasribeiraopreto.com.br\/index.php\/wp-json\/wp\/v2\/types\/post"}],"author":[{"embeddable":true,"href":"https:\/\/noticiasribeiraopreto.com.br\/index.php\/wp-json\/wp\/v2\/users\/1"}],"replies":[{"embeddable":true,"href":"https:\/\/noticiasribeiraopreto.com.br\/index.php\/wp-json\/wp\/v2\/comments?post=21665"}],"version-history":[{"count":0,"href":"https:\/\/noticiasribeiraopreto.com.br\/index.php\/wp-json\/wp\/v2\/posts\/21665\/revisions"}],"wp:featuredmedia":[{"embeddable":true,"href":"https:\/\/noticiasribeiraopreto.com.br\/index.php\/wp-json\/wp\/v2\/media\/21666"}],"wp:attachment":[{"href":"https:\/\/noticiasribeiraopreto.com.br\/index.php\/wp-json\/wp\/v2\/media?parent=21665"}],"wp:term":[{"taxonomy":"category","embeddable":true,"href":"https:\/\/noticiasribeiraopreto.com.br\/index.php\/wp-json\/wp\/v2\/categories?post=21665"},{"taxonomy":"post_tag","embeddable":true,"href":"https:\/\/noticiasribeiraopreto.com.br\/index.php\/wp-json\/wp\/v2\/tags?post=21665"}],"curies":[{"name":"wp","href":"https:\/\/api.w.org\/{rel}","templated":true}]}}