{"id":21796,"date":"2023-12-28T14:28:49","date_gmt":"2023-12-28T17:28:49","guid":{"rendered":"https:\/\/noticiasribeiraopreto.com.br\/index.php\/2023\/12\/28\/ultimo-dia-para-trabalhador-com-carteira-assinada-sacar-bonus-de-ate-r-1-320\/"},"modified":"2023-12-28T14:28:49","modified_gmt":"2023-12-28T17:28:49","slug":"ultimo-dia-para-trabalhador-com-carteira-assinada-sacar-bonus-de-ate-r-1-320","status":"publish","type":"post","link":"https:\/\/noticiasribeiraopreto.com.br\/index.php\/2023\/12\/28\/ultimo-dia-para-trabalhador-com-carteira-assinada-sacar-bonus-de-ate-r-1-320\/","title":{"rendered":"\u00daLTIMO DIA para trabalhador com carteira assinada sacar b\u00f4nus de at\u00e9 R$ 1.320"},"content":{"rendered":"<div class='code-block code-block-1' style='margin: 8px 0 8px auto; text-align: right; display: block; clear: both;'>\n<p><a href=\"https:\/\/wa.link\/vpicfd\"><img data-recalc-dims=\"1\" class=\"wp-image-4922\" style=\"aspect-ratio: 2.0253164556962027; width: 561px; height: auto;\" src=\"https:\/\/i0.wp.com\/ismaelcolosi.com.br\/wp-content\/uploads\/2023\/11\/grupo-de-empregos-whatsapp-e-facebook-ismael-colosi-vagas.jpg?ssl=1\" alt=\"\" \/><\/a><\/p>\n<!-- \/wp:image -->\n<\/div>\n<p> <br \/>\n<\/p>\n<div>\n<p>Nesta quinta-feira (28) \u00e9 o <strong>\u00faltimo dia para o trabalhador com carteira assinada realizar o saque do b\u00f4nus de at\u00e9 R$ 1.320<\/strong>. O <a href=\"https:\/\/jcconcursos.com.br\/tags\/abono-salarial\" rel=\"noopener\" target=\"_blank\">Pis 2023<\/a> \u00e9 pago aos profissionais que receberam, em m\u00e9dia, at\u00e9 dois sal\u00e1rios m\u00ednimos mensais e cumpriram os requisitos estabelecidos na lei.<\/p>\n<p>Al\u00e9m deste grupo, os herdeiros do trabalhador falecido tamb\u00e9m podem receber o abono salarial. Caso ambos os grupos n\u00e3o resgatem o dinheiro no prazo informado, ele voltar\u00e1 para o Fundo de Amparo ao Trabalhador (FAT), segundo as regras do programa.<\/p>\n<p>At\u00e9 o momento, 22 milh\u00f5es de parcelas foram pagas, totalizando R$ 21,8 bilh\u00f5es. <strong>Ainda restam cerca de 88,8 mil parcelas a serem recebidas, no valor aproximado de R$ 75,5 milh\u00f5es<\/strong>.<\/p>\n<p><a href=\"https:\/\/jcconcursos.com.br\/noticia\/brasil\/previa-da-inflacao-oficial-surpreende-e-fecha-2023-abaixo-da-meta-120457\" rel=\"noopener\" target=\"_blank\">+ Pr\u00e9via da infla\u00e7\u00e3o oficial surpreende e fecha 2023 abaixo da meta<\/a><\/p>\n<h2>Herdeiros podem receber; Saiba como\u00a0<\/h2>\n<p>Os herdeiros de trabalhadores falecidos tamb\u00e9m podem sacar o benef\u00edcio. Para isso, \u00e9 necess\u00e1rio apresentar os seguintes documentos:<\/p>\n<ul>\n<li aria-level=\"1\" style=\"font-weight: 400;\">Documento de identidade do benefici\u00e1rio;<\/li>\n<li aria-level=\"1\" style=\"font-weight: 400;\">Certid\u00e3o PIS\/Pasep\/FGTS emitida pela Previd\u00eancia Social com a rela\u00e7\u00e3o de dependentes habilitados \u00e0 pens\u00e3o por morte; ou<\/li>\n<li aria-level=\"1\" style=\"font-weight: 400;\">Declara\u00e7\u00e3o de dependentes habilitados \u00e0 pens\u00e3o emitida pelo \u00f3rg\u00e3o pagador do benef\u00edcio.<\/li>\n<\/ul>\n<p>O saque pode ser feito pelo aplicativo FGTS, sem necessidade de comparecer a uma ag\u00eancia da Caixa. Basta abrir o aplicativo, selecionar a op\u00e7\u00e3o \u201cMeus Saques\u201d, depois \u201cOutras Situa\u00e7\u00f5es de Saque\u201d e, em seguida, \u201cPIS\/Pasep \u2013 Falecimento do Trabalhador\u201d.<\/p>\n<h2>Quem pode receber?\u00a0<\/h2>\n<p>Tem direito a sacar o benef\u00edcio, os trabalhadores com pelo menos cinco anos inscrito no PIS e tenha trabalhado com carteira assinada por no m\u00ednimo 30 dias no ano anterior e remunera\u00e7\u00e3o mensal m\u00e9dia de at\u00e9 dois sal\u00e1rios m\u00ednimos. Veja requisitos:\u00a0<\/p>\n<ul>\n<li aria-level=\"1\" style=\"font-weight: 400;\">Cadastrado no PIS h\u00e1 pelo menos cinco anos<\/li>\n<li aria-level=\"1\" style=\"font-weight: 400;\">Receber remunera\u00e7\u00e3o mensal m\u00e9dia de at\u00e9 dois sal\u00e1rios m\u00ednimos com carteira assinada no ano-base<\/li>\n<li aria-level=\"1\" style=\"font-weight: 400;\">Ter exercido atividade remunerada para pessoa jur\u00eddica, durante pelo menos 30 dias, consecutivos ou n\u00e3o, no ano-base considerado para apura\u00e7\u00e3o<\/li>\n<li aria-level=\"1\" style=\"font-weight: 400;\">Ter os dados informados pelo empregador corretamente na Rela\u00e7\u00e3o Anual de Informa\u00e7\u00f5es Sociais (RAIS)\/eSocial<\/li>\n<\/ul>\n<p>No caso do benef\u00edcio, o valor \u00e9 cumulativo segundo a quantidade de meses trabalhados durante o ano-base at\u00e9 chegar ao sal\u00e1rio m\u00ednimo, fixado como teto do Pis em 2023 e j\u00e1 segue o reajuste feito pelo Governo Federal anualmente.<\/p>\n<h2>Como consultar o Pis?<\/h2>\n<p>A consulta deve ser feita por meio do <a href=\"https:\/\/www.gov.br\/pt-br\" rel=\"noopener\" target=\"_blank\">site Gov.br<\/a> e pelo aplicativo <a href=\"https:\/\/www.gov.br\/pt-br\/temas\/carteira-de-trabalho-digital\" rel=\"noopener\" target=\"_blank\">Carteira de Trabalho Digital<\/a>. Os trabalhadores tamb\u00e9m podem saber se tem dinheiro no aplicativo Caixa Tem, Aplicativo Caixa Trabalhador, atendimento Caixa ao Cidad\u00e3o, pelo n\u00famero 0800 726 0207, e na Central Al\u00f4 Trabalho no n\u00famero 158 ou no portal do Banco do Brasil.\u00a0<\/p>\n<p>+ Acompanhe as principais informa\u00e7\u00f5es sobre <a href=\"https:\/\/jcconcursos.com.br\/noticia\/brasil\/\" rel=\"noopener\" target=\"_blank\">Sociedade e Brasil no JC Concursos<\/a><\/p>\n<p><a id=\"gnews_btn\" href=\"https:\/\/news.google.com\/publications\/CAAqBwgKMOixlQswuZWrAw\" target=\"_blank\" class=\"border_jc_blue link_hover_bg_jc_blue font_85 d-block d-md-inline-block px-2 py-1 mr-0 mr-md-2 mb-3 w-100 text-center\" rel=\"noopener\"><span class=\"text_jc_blue\">Siga o <strong>JC Concursos no Google News<\/strong><\/span><\/a><a href=\"https:\/\/jcconcursos.com.br\/noticia\/brasil\/\" class=\"badge badge-light\">Sociedade<\/a><a href=\"https:\/\/jcconcursos.com.br\/noticia\/brasil\/\" class=\"badge badge-light\">Brasil<\/a><\/p>\n<\/div>\n<p><br \/>\n<br \/><a href=\"https:\/\/ismaelcolosi.com.br\/ultimo-dia-para-trabalhador-com-carteira-assinada-sacar-bonus-de-ate-r-1-320\/\">Source link <\/a><\/p>\n<!-- CONTENT END 1 -->\n","protected":false},"excerpt":{"rendered":"<p>Nesta quinta-feira (28) \u00e9 o \u00faltimo dia para o trabalhador com carteira assinada realizar o saque do b\u00f4nus de at\u00e9 R$ 1.320. O Pis 2023&#8230;<\/p>\n","protected":false},"author":1,"featured_media":21797,"comment_status":"open","ping_status":"open","sticky":false,"template":"","format":"standard","meta":{"advanced_seo_description":"","jetpack_seo_html_title":"","jetpack_seo_noindex":false,"jetpack_post_was_ever_published":false,"_jetpack_newsletter_access":"","_jetpack_dont_email_post_to_subs":false,"_jetpack_newsletter_tier_id":0,"_jetpack_memberships_contains_paywalled_content":false,"_jetpack_memberships_contains_paid_content":false,"footnotes":"","jetpack_publicize_message":"","jetpack_publicize_feature_enabled":true,"jetpack_social_post_already_shared":true,"jetpack_social_options":{"image_generator_settings":{"template":"highway","default_image_id":0,"font":"","enabled":false},"version":2}},"categories":[7],"tags":[],"class_list":["post-21796","post","type-post","status-publish","format-standard","has-post-thumbnail","hentry","category-vagas-de-empregos-em-ribeirao-preto-regiao-brasil"],"jetpack_publicize_connections":[],"jetpack_featured_media_url":"https:\/\/i0.wp.com\/noticiasribeiraopreto.com.br\/wp-content\/uploads\/2023\/12\/1703784535_dinheiro-novo-agencia-brasil-1.jpg?fit=1920%2C1080&ssl=1","jetpack-related-posts":[{"id":14189,"url":"https:\/\/noticiasribeiraopreto.com.br\/index.php\/2023\/12\/11\/herdeiros-podem-sacar-ate-r-1-320-veja-como\/","url_meta":{"origin":21796,"position":0},"title":"herdeiros podem sacar at\u00e9 R$ 1.320; veja como","author":"noticiasribeiraopreto.com.br","date":"11 de December de 2023","format":false,"excerpt":"O prazo para sacar o abono salarial PIS 2023 termina em 28 de dezembro. O benef\u00edcio \u00e9 pago aos trabalhadores que receberam, em m\u00e9dia, at\u00e9 dois sal\u00e1rios m\u00ednimos mensais com carteira assinada e cumpriram os requisitos estabelecidos na lei. Com isso, os herdeiros podem receber at\u00e9 R$ 1.320 do trabalhador\u2026","rel":"","context":"In &quot;Vagas de Emprego em Ribeir\u00e3o Preto-SP&quot;","block_context":{"text":"Vagas de Emprego em Ribeir\u00e3o Preto-SP","link":"https:\/\/noticiasribeiraopreto.com.br\/index.php\/category\/empregos-classificados-vagas-trabalho\/vagas-de-empregos-em-ribeirao-preto-regiao-brasil\/"},"img":{"alt_text":"","src":"https:\/\/i0.wp.com\/noticiasribeiraopreto.com.br\/wp-content\/uploads\/2023\/12\/abono-salarial-pis-pasep-divulgacao-mte.png?fit=1200%2C675&ssl=1&resize=350%2C200","width":350,"height":200,"srcset":"https:\/\/i0.wp.com\/noticiasribeiraopreto.com.br\/wp-content\/uploads\/2023\/12\/abono-salarial-pis-pasep-divulgacao-mte.png?fit=1200%2C675&ssl=1&resize=350%2C200 1x, https:\/\/i0.wp.com\/noticiasribeiraopreto.com.br\/wp-content\/uploads\/2023\/12\/abono-salarial-pis-pasep-divulgacao-mte.png?fit=1200%2C675&ssl=1&resize=525%2C300 1.5x, https:\/\/i0.wp.com\/noticiasribeiraopreto.com.br\/wp-content\/uploads\/2023\/12\/abono-salarial-pis-pasep-divulgacao-mte.png?fit=1200%2C675&ssl=1&resize=700%2C400 2x, https:\/\/i0.wp.com\/noticiasribeiraopreto.com.br\/wp-content\/uploads\/2023\/12\/abono-salarial-pis-pasep-divulgacao-mte.png?fit=1200%2C675&ssl=1&resize=1050%2C600 3x"},"classes":[]},{"id":20806,"url":"https:\/\/noticiasribeiraopreto.com.br\/index.php\/2023\/12\/26\/atencao-prazo-para-86-mil-brasileiros-sacarem-o-pis-2023-termina-nesta-quinta-feira-28-2\/","url_meta":{"origin":21796,"position":1},"title":"ATEN\u00c7\u00c3O! Prazo para 86 mil brasileiros sacarem o Pis 2023 termina nesta quinta-feira (28)","author":"noticiasribeiraopreto.com.br","date":"26 de December de 2023","format":false,"excerpt":"O prazo para sacar o abono salarial PIS 2023 termina em 28 de dezembro, nesta quinta-feira, para 86 mil brasileiros. O benef\u00edcio \u00e9 pago aos trabalhadores que receberam, em m\u00e9dia, at\u00e9 dois sal\u00e1rios m\u00ednimos mensais com carteira assinada e cumpriram os requisitos estabelecidos na lei. Com isso, os herdeiros podem\u2026","rel":"","context":"In &quot;Vagas de Emprego em Ribeir\u00e3o Preto-SP&quot;","block_context":{"text":"Vagas de Emprego em Ribeir\u00e3o Preto-SP","link":"https:\/\/noticiasribeiraopreto.com.br\/index.php\/category\/empregos-classificados-vagas-trabalho\/vagas-de-empregos-em-ribeirao-preto-regiao-brasil\/"},"img":{"alt_text":"","src":"https:\/\/i0.wp.com\/noticiasribeiraopreto.com.br\/wp-content\/uploads\/2023\/12\/1703613678_real-notas-de-dinheiro-60.jpg?fit=1200%2C675&ssl=1&resize=350%2C200","width":350,"height":200,"srcset":"https:\/\/i0.wp.com\/noticiasribeiraopreto.com.br\/wp-content\/uploads\/2023\/12\/1703613678_real-notas-de-dinheiro-60.jpg?fit=1200%2C675&ssl=1&resize=350%2C200 1x, https:\/\/i0.wp.com\/noticiasribeiraopreto.com.br\/wp-content\/uploads\/2023\/12\/1703613678_real-notas-de-dinheiro-60.jpg?fit=1200%2C675&ssl=1&resize=525%2C300 1.5x, https:\/\/i0.wp.com\/noticiasribeiraopreto.com.br\/wp-content\/uploads\/2023\/12\/1703613678_real-notas-de-dinheiro-60.jpg?fit=1200%2C675&ssl=1&resize=700%2C400 2x, https:\/\/i0.wp.com\/noticiasribeiraopreto.com.br\/wp-content\/uploads\/2023\/12\/1703613678_real-notas-de-dinheiro-60.jpg?fit=1200%2C675&ssl=1&resize=1050%2C600 3x"},"classes":[]},{"id":17121,"url":"https:\/\/noticiasribeiraopreto.com.br\/index.php\/2023\/12\/17\/otima-noticia-para-trabalhadores-que-recebem-ate-dois-salarios-minimos-2\/","url_meta":{"origin":21796,"position":2},"title":"\u00d3tima not\u00edcia para trabalhadores que recebem at\u00e9 dois sal\u00e1rios m\u00ednimos","author":"noticiasribeiraopreto.com.br","date":"17 de December de 2023","format":false,"excerpt":"Os trabalhadores com carteira assinada que recebem at\u00e9 dois sal\u00e1rios m\u00ednimos (R$ 2.640) ainda podem resgatar o abono salarial do Pis\/Pasep de at\u00e9 R$ 1.320 at\u00e9 o dia 28 de dezembro.\u00a0 O Programa de Integra\u00e7\u00e3o Social (PIS) \u00e9 pago aos profissionais da iniciativa privada, j\u00e1 os servidores p\u00fablicos t\u00eam direito\u2026","rel":"","context":"In &quot;Vagas de Emprego em Ribeir\u00e3o Preto-SP&quot;","block_context":{"text":"Vagas de Emprego em Ribeir\u00e3o Preto-SP","link":"https:\/\/noticiasribeiraopreto.com.br\/index.php\/category\/empregos-classificados-vagas-trabalho\/vagas-de-empregos-em-ribeirao-preto-regiao-brasil\/"},"img":{"alt_text":"","src":"https:\/\/i0.wp.com\/noticiasribeiraopreto.com.br\/wp-content\/uploads\/2023\/12\/1702837107_dinheiro-50-agenciabr.jpg?fit=1200%2C675&ssl=1&resize=350%2C200","width":350,"height":200,"srcset":"https:\/\/i0.wp.com\/noticiasribeiraopreto.com.br\/wp-content\/uploads\/2023\/12\/1702837107_dinheiro-50-agenciabr.jpg?fit=1200%2C675&ssl=1&resize=350%2C200 1x, https:\/\/i0.wp.com\/noticiasribeiraopreto.com.br\/wp-content\/uploads\/2023\/12\/1702837107_dinheiro-50-agenciabr.jpg?fit=1200%2C675&ssl=1&resize=525%2C300 1.5x, https:\/\/i0.wp.com\/noticiasribeiraopreto.com.br\/wp-content\/uploads\/2023\/12\/1702837107_dinheiro-50-agenciabr.jpg?fit=1200%2C675&ssl=1&resize=700%2C400 2x, https:\/\/i0.wp.com\/noticiasribeiraopreto.com.br\/wp-content\/uploads\/2023\/12\/1702837107_dinheiro-50-agenciabr.jpg?fit=1200%2C675&ssl=1&resize=1050%2C600 3x"},"classes":[]},{"id":18068,"url":"https:\/\/noticiasribeiraopreto.com.br\/index.php\/2023\/12\/19\/ultimos-dias-para-fim-do-prazo-da-2a-parcela-do-13o-saiba-o-que-fazer-se-voce-nao-recebeu\/","url_meta":{"origin":21796,"position":3},"title":"\u00daLTIMOS DIAS para fim do prazo da 2\u00aa parcela do 13\u00ba; Saiba o que fazer se voc\u00ea n\u00e3o recebeu","author":"noticiasribeiraopreto.com.br","date":"19 de December de 2023","format":false,"excerpt":"A segunda parcela do 13\u00ba sal\u00e1rio dos trabalhadores com carteira assinada deve ser paga at\u00e9 quarta-feira (20). O prazo para o pagamento da primeira parcela ou dep\u00f3sito \u00fanico foi em 30 de novembro. Cerca de 87,7 milh\u00f5es de brasileiros ser\u00e3o beneficiados com o benef\u00edcio, que tem valor m\u00e9dio de R$\u2026","rel":"","context":"In &quot;Vagas de Emprego em Ribeir\u00e3o Preto-SP&quot;","block_context":{"text":"Vagas de Emprego em Ribeir\u00e3o Preto-SP","link":"https:\/\/noticiasribeiraopreto.com.br\/index.php\/category\/empregos-classificados-vagas-trabalho\/vagas-de-empregos-em-ribeirao-preto-regiao-brasil\/"},"img":{"alt_text":"","src":"https:\/\/i0.wp.com\/noticiasribeiraopreto.com.br\/wp-content\/uploads\/2023\/12\/1703017601_carteira-trabalho-seguro-desemprego_.jpg?fit=1200%2C675&ssl=1&resize=350%2C200","width":350,"height":200,"srcset":"https:\/\/i0.wp.com\/noticiasribeiraopreto.com.br\/wp-content\/uploads\/2023\/12\/1703017601_carteira-trabalho-seguro-desemprego_.jpg?fit=1200%2C675&ssl=1&resize=350%2C200 1x, https:\/\/i0.wp.com\/noticiasribeiraopreto.com.br\/wp-content\/uploads\/2023\/12\/1703017601_carteira-trabalho-seguro-desemprego_.jpg?fit=1200%2C675&ssl=1&resize=525%2C300 1.5x, https:\/\/i0.wp.com\/noticiasribeiraopreto.com.br\/wp-content\/uploads\/2023\/12\/1703017601_carteira-trabalho-seguro-desemprego_.jpg?fit=1200%2C675&ssl=1&resize=700%2C400 2x, https:\/\/i0.wp.com\/noticiasribeiraopreto.com.br\/wp-content\/uploads\/2023\/12\/1703017601_carteira-trabalho-seguro-desemprego_.jpg?fit=1200%2C675&ssl=1&resize=1050%2C600 3x"},"classes":[]},{"id":21556,"url":"https:\/\/noticiasribeiraopreto.com.br\/index.php\/2023\/12\/28\/ultimo-dia-para-sacar-valor-do-pis-pasep-2023\/","url_meta":{"origin":21796,"position":4},"title":"\u00daLTIMO DIA para sacar valor do PIS\/Pasep 2023","author":"noticiasribeiraopreto.com.br","date":"28 de December de 2023","format":false,"excerpt":"Chegou o \u00faltimo dia de pagamento do PIS\/Pasep de 2023. Nesta quinta-feira (28), os trabalhadores do pa\u00eds que ainda n\u00e3o sacaram o abono salarial ter\u00e3o uma \u00faltima oportunidade para retirarem os valores que lhes pertencem. Em resumo, o abono salarial foi pago pela Caixa Econ\u00f4mica Federal e pelo Banco do\u2026","rel":"","context":"In &quot;Vagas de Emprego em Ribeir\u00e3o Preto-SP&quot;","block_context":{"text":"Vagas de Emprego em Ribeir\u00e3o Preto-SP","link":"https:\/\/noticiasribeiraopreto.com.br\/index.php\/category\/empregos-classificados-vagas-trabalho\/vagas-de-empregos-em-ribeirao-preto-regiao-brasil\/"},"img":{"alt_text":"","src":"https:\/\/i0.wp.com\/noticiasribeiraopreto.com.br\/wp-content\/uploads\/2023\/12\/noticiasconcursos.com_.br-ultimo-dia-para-sacar-valor-do-pispasep-2023-salario-canva-750x430.jpeg?fit=750%2C430&ssl=1&resize=350%2C200","width":350,"height":200,"srcset":"https:\/\/i0.wp.com\/noticiasribeiraopreto.com.br\/wp-content\/uploads\/2023\/12\/noticiasconcursos.com_.br-ultimo-dia-para-sacar-valor-do-pispasep-2023-salario-canva-750x430.jpeg?fit=750%2C430&ssl=1&resize=350%2C200 1x, https:\/\/i0.wp.com\/noticiasribeiraopreto.com.br\/wp-content\/uploads\/2023\/12\/noticiasconcursos.com_.br-ultimo-dia-para-sacar-valor-do-pispasep-2023-salario-canva-750x430.jpeg?fit=750%2C430&ssl=1&resize=525%2C300 1.5x, https:\/\/i0.wp.com\/noticiasribeiraopreto.com.br\/wp-content\/uploads\/2023\/12\/noticiasconcursos.com_.br-ultimo-dia-para-sacar-valor-do-pispasep-2023-salario-canva-750x430.jpeg?fit=750%2C430&ssl=1&resize=700%2C400 2x"},"classes":[]},{"id":18475,"url":"https:\/\/noticiasribeiraopreto.com.br\/index.php\/2023\/12\/20\/confira-valor-calendario-e-quem-tem-direito-ao-abono\/","url_meta":{"origin":21796,"position":5},"title":"Confira valor, calend\u00e1rio e quem tem direito ao abono","author":"noticiasribeiraopreto.com.br","date":"20 de December de 2023","format":false,"excerpt":"Os trabalhadores do pa\u00eds aguardam a chegada de 2024 para come\u00e7arem a receber o pagamento do PIS\/Pasep. A expectativa cresce entre os profissionais, que estavam acostumados at\u00e9 pouco tempo atr\u00e1s com o repasse do abono salarial no ano seguinte ao trabalhado. Contudo, nos \u00faltimos anos, houve um atraso no calend\u00e1rio\u2026","rel":"","context":"In &quot;Vagas de Emprego em Ribeir\u00e3o Preto-SP&quot;","block_context":{"text":"Vagas de Emprego em Ribeir\u00e3o Preto-SP","link":"https:\/\/noticiasribeiraopreto.com.br\/index.php\/category\/empregos-classificados-vagas-trabalho\/vagas-de-empregos-em-ribeirao-preto-regiao-brasil\/"},"img":{"alt_text":"","src":"https:\/\/i0.wp.com\/noticiasribeiraopreto.com.br\/wp-content\/uploads\/2023\/12\/noticiasconcursos.com_.br-pispasep-2024-veja-novidades-do-abono-e-quando-sera-pago-no-brasil-pis-pasep-divulgacao-750x430.jpg?fit=750%2C430&ssl=1&resize=350%2C200","width":350,"height":200,"srcset":"https:\/\/i0.wp.com\/noticiasribeiraopreto.com.br\/wp-content\/uploads\/2023\/12\/noticiasconcursos.com_.br-pispasep-2024-veja-novidades-do-abono-e-quando-sera-pago-no-brasil-pis-pasep-divulgacao-750x430.jpg?fit=750%2C430&ssl=1&resize=350%2C200 1x, https:\/\/i0.wp.com\/noticiasribeiraopreto.com.br\/wp-content\/uploads\/2023\/12\/noticiasconcursos.com_.br-pispasep-2024-veja-novidades-do-abono-e-quando-sera-pago-no-brasil-pis-pasep-divulgacao-750x430.jpg?fit=750%2C430&ssl=1&resize=525%2C300 1.5x, https:\/\/i0.wp.com\/noticiasribeiraopreto.com.br\/wp-content\/uploads\/2023\/12\/noticiasconcursos.com_.br-pispasep-2024-veja-novidades-do-abono-e-quando-sera-pago-no-brasil-pis-pasep-divulgacao-750x430.jpg?fit=750%2C430&ssl=1&resize=700%2C400 2x"},"classes":[]}],"jetpack_sharing_enabled":true,"jetpack_shortlink":"https:\/\/wp.me\/peQAOb-5Fy","_links":{"self":[{"href":"https:\/\/noticiasribeiraopreto.com.br\/index.php\/wp-json\/wp\/v2\/posts\/21796","targetHints":{"allow":["GET"]}}],"collection":[{"href":"https:\/\/noticiasribeiraopreto.com.br\/index.php\/wp-json\/wp\/v2\/posts"}],"about":[{"href":"https:\/\/noticiasribeiraopreto.com.br\/index.php\/wp-json\/wp\/v2\/types\/post"}],"author":[{"embeddable":true,"href":"https:\/\/noticiasribeiraopreto.com.br\/index.php\/wp-json\/wp\/v2\/users\/1"}],"replies":[{"embeddable":true,"href":"https:\/\/noticiasribeiraopreto.com.br\/index.php\/wp-json\/wp\/v2\/comments?post=21796"}],"version-history":[{"count":0,"href":"https:\/\/noticiasribeiraopreto.com.br\/index.php\/wp-json\/wp\/v2\/posts\/21796\/revisions"}],"wp:featuredmedia":[{"embeddable":true,"href":"https:\/\/noticiasribeiraopreto.com.br\/index.php\/wp-json\/wp\/v2\/media\/21797"}],"wp:attachment":[{"href":"https:\/\/noticiasribeiraopreto.com.br\/index.php\/wp-json\/wp\/v2\/media?parent=21796"}],"wp:term":[{"taxonomy":"category","embeddable":true,"href":"https:\/\/noticiasribeiraopreto.com.br\/index.php\/wp-json\/wp\/v2\/categories?post=21796"},{"taxonomy":"post_tag","embeddable":true,"href":"https:\/\/noticiasribeiraopreto.com.br\/index.php\/wp-json\/wp\/v2\/tags?post=21796"}],"curies":[{"name":"wp","href":"https:\/\/api.w.org\/{rel}","templated":true}]}}