{"id":21807,"date":"2023-12-28T14:54:50","date_gmt":"2023-12-28T17:54:50","guid":{"rendered":"https:\/\/noticiasribeiraopreto.com.br\/index.php\/2023\/12\/28\/segundo-pesquisa-brasileiros-gostariam-de-passar-mais-tempo-ao-ar-livre\/"},"modified":"2023-12-28T14:54:50","modified_gmt":"2023-12-28T17:54:50","slug":"segundo-pesquisa-brasileiros-gostariam-de-passar-mais-tempo-ao-ar-livre","status":"publish","type":"post","link":"https:\/\/noticiasribeiraopreto.com.br\/index.php\/2023\/12\/28\/segundo-pesquisa-brasileiros-gostariam-de-passar-mais-tempo-ao-ar-livre\/","title":{"rendered":"Segundo pesquisa, brasileiros gostariam de passar mais tempo ao ar livre"},"content":{"rendered":"<div class='code-block code-block-1' style='margin: 8px 0 8px auto; text-align: right; display: block; clear: both;'>\n<p><a href=\"https:\/\/wa.link\/vpicfd\"><img data-recalc-dims=\"1\" class=\"wp-image-4922\" style=\"aspect-ratio: 2.0253164556962027; width: 561px; height: auto;\" src=\"https:\/\/i0.wp.com\/ismaelcolosi.com.br\/wp-content\/uploads\/2023\/11\/grupo-de-empregos-whatsapp-e-facebook-ismael-colosi-vagas.jpg?ssl=1\" alt=\"\" \/><\/a><\/p>\n<!-- \/wp:image -->\n<\/div>\n<p> <br \/>\n<\/p>\n<div>\n<p>Quais s\u00e3o seus desejos para 2024? Pelo que parece, para muita gente se envolver sol, praia, viagens em meio a natureza, festivais de m\u00fasica e rol\u00eas perfeitos com a galera j\u00e1 \u00e9 o ideal pra buscar a t\u00e3o sonhada sa\u00fade mental neste ano novo!<\/p>\n<p>E, de acordo com uma pesquisa de opini\u00e3o* realizada pelo Instituto Ipsos a pedido da <a href=\"https:\/\/www.instagram.com\/coronabrasil\/\" target=\"_blank\" rel=\"noopener\">cerveja Corona<\/a>, cuidar da sa\u00fade mental \u00e9 a meta de 35% das 800 pessoas entrevistadas pelo levantamento.<\/p>\n<div id=\"attachment_2331275\" class=\"wp-caption alignnone\">\n<div class=\"d-flex justify-content-center\" data-attachment-id=\"2331275\">\n<div class=\"position-relative d-inline-block\"><img data-recalc-dims=\"1\" data-portal-copyright=\"Corona | Divulga\u00e7\u00e3o\" fetchpriority=\"high\" decoding=\"async\" class=\"size-full wp-image-2331275\" src=\"https:\/\/i0.wp.com\/catracalivre.com.br\/wp-content\/uploads\/2023\/12\/corona-foto-6-1-scaled.jpg?resize=2560%2C1440&#038;ssl=1\" alt=\"E, de acordo com uma pesquisa de opini\u00e3o* realizada pelo Instituto Ipsos a pedido da cerveja Corona, cuidar da sa\u00fade mental \u00e9 a meta de 35% das 800 pessoas entrevistadas pelo levantamento\" width=\"2560\" height=\"1440\" srcset=\"https:\/\/catracalivre.com.br\/wp-content\/uploads\/2023\/12\/corona-foto-6-1-scaled.jpg 2560w, https:\/\/catracalivre.com.br\/wp-content\/uploads\/2023\/12\/corona-foto-6-1-450x253.jpg 450w, https:\/\/catracalivre.com.br\/wp-content\/uploads\/2023\/12\/corona-foto-6-1-768x432.jpg 768w\" sizes=\"(max-width: 2560px) 100vw, 2560px\"\/><\/p>\n<p>Cr\u00e9ditos: Corona | Divulga\u00e7\u00e3o<\/p>\n<\/div>\n<\/div>\n<p><span class=\"post-imagem__legenda\">E, de acordo com uma pesquisa de opini\u00e3o* realizada pelo Instituto Ipsos a pedido da cerveja Corona, cuidar da sa\u00fade mental \u00e9 a meta de 35% das 800 pessoas entrevistadas pelo levantamento<\/span><\/p>\n<\/div>\n<p>Ainda segundo o estudo, em 2023, os brasileiros tiveram como principais atividades trabalhar (41%), cuidar da fam\u00edlia (29%) e assistir a TV, filmes e s\u00e9ries (29%).<\/p>\n<p>Por outro lado, eles gostariam mesmo era de ter realizado outras coisas, como viajar (39%), fazer exerc\u00edcios (29%) e relaxar (24%).<\/p>\n<p>Isso s\u00f3 prova que as pessoas precisam urgentemente de um tempo pra descomprimir, escapar de suas rotinas atribuladas e viver um pouco mais do \u201clado de fora\u201d.<\/p>\n<p>Sempre pensando em como ajudar as pessoas a se reconectar com o sol e a natureza, Corona est\u00e1 criando v\u00e1rias experi\u00eancias incr\u00edveis para garantir mais momentos \u00fanicos a c\u00e9u aberto.<\/p>\n<p>Entre elas, est\u00e3o eventos de Reveill\u00f3n espalhados pelo Brasil e uma s\u00e9rie de guias online para viagens, roteiros urbanos e dicas de atividades ao ar livre. Esse conte\u00fado estar\u00e1 dispon\u00edvel em suas redes sociais e nas p\u00e1ginas de formadores de opini\u00e3o parceiros da marca.<\/p>\n<p>\u201cQueremos convidar as pessoas a se conectarem com a natureza e aproveitarem a vida ao ar livre e sob o sol. E n\u00e3o h\u00e1 momento mais prop\u00edcio para isso do que agora, com a chegada do Ver\u00e3o. Queremos que a marca n\u00e3o apenas inspire, mas tamb\u00e9m viabilize a concretiza\u00e7\u00e3o das resolu\u00e7\u00f5es para um 2024 mais ao ar livre\u201d, revela Gabriela Gallo, Head de Corona no Brasil.<\/p>\n<h3>Corona Sunsets<\/h3>\n<p>Uma dessas experi\u00eancias criadas pela cerveja \u00e9 o <a href=\"https:\/\/www.corona.com\/pt-br\/sunsets\" target=\"_blank\" rel=\"noopener\">Corona Sunsets World Tour Experience<\/a>, um festival incr\u00edvel que mistura m\u00fasica, gastronomia, esporte e momentos de relaxamento para celebrar a chegada de 2024 na paradis\u00edaca praia de Pre\u00e1, no Cear\u00e1.<\/p>\n<p>O evento, que acontece de 27 a 29 de dezembro, tem um line-up maravilhoso composto por feras como <strong>Luedji Luna, Rooftime, DJ Marky, Criolo, SOJA e DJ Aline Rocha.<\/strong><\/p>\n<p>Al\u00e9m disso, v\u00e3o rolar sess\u00f5es para curtir o p\u00f4r do sol; atividades de relaxamento; conversas sobre concentra\u00e7\u00e3o e mindfullness; pr\u00e1ticas de yoga para todos os n\u00edveis; music meditation; oficinas de reciclagem; workshop de Tie-Dye e Screenprinting; e a\u00e7\u00f5es ligadas \u00e0 preserva\u00e7\u00e3o dos oceanos.<\/p>\n<p>Todas essas atra\u00e7\u00f5es s\u00e3o conduzidas pelos especialistas de <strong>Mengalam Wellness<\/strong>, refer\u00eancia na ind\u00fastria de bem-estar; <strong>Renata Mozzini<\/strong>, fundadora da Escola Internacional Yoganaya; e os projetos de conscientiza\u00e7\u00e3o para sustentabilidade <strong>Ocean Academy<\/strong> e <strong>The Ocean Pledge<\/strong>.<\/p>\n<p>Outro destaque s\u00e3o atividades ligadas \u00e0 gastronomia como uma sess\u00e3o de live cooking de frutos do mar com o chef <strong>Thiago Castanho<\/strong>, do Sororoca Bar; uma oficina pr\u00e1tica de cozinha consciente com o chef belga <strong>Herv\u00e9 Witmeur<\/strong>; e uma instala\u00e7\u00e3o de arte org\u00e2nica produzida pelo <strong>Jardim Sintropical By La Reserva Fazenda<\/strong>.<\/p>\n<p>Curtiu? Ent\u00e3o, <a href=\"https:\/\/www.ingresse.com\/coronasunsetsprea\" target=\"_blank\" rel=\"noopener\">clique aqui para garantir seu ingresso para o Corona Sunsets World Tour Experience.<\/a><\/p>\n<h3>A Vida \u00e9 Aqui Fora!<\/h3>\n<p>Defensora do estilo de vida ao ar livre, da reconex\u00e3o com a natureza e da descompress\u00e3o na rotina, Corona \u00e9 a cerveja mexicana mais vendida em todo mundo e est\u00e1 presente em mais de 150 pa\u00edses.<\/p>\n<p>Criada em 1925, a cerveja \u00e9 feita com ingredientes 100% naturais e possui cor clara, sabor leve e bastante refrescante. S\u00f3 n\u00e3o se esque\u00e7a: beba sempre com modera\u00e7\u00e3o!<\/p>\n<p>A marca tamb\u00e9m \u00e9 grande fomentadora da sustentabilidade, patrocinadora de esportes, sobretudo de atletas e competi\u00e7\u00f5es a c\u00e9u aberto, como surfe e kiteboarding.<\/p>\n<hr\/>\n<h6><em>*Este estudo on-line foi realizado pela Ipsos a pedido de AMBEV no Brasil entre 05\/12\/2023 e 07\/12\/2023. Foram realizadas 800 entrevistas online entre homens e mulheres, de 18 anos ou mais, classes ABC. Margem de erro de 3,5p.p.<\/em><\/h6>\n<\/div>\n<p><script>\n\t\t! function(f, b, e, v, n, t, s) {\n\t\t\tif (f.fbq) return;\n\t\t\tn = f.fbq = function() {\n\t\t\t\tn.callMethod ?\n\t\t\t\t\tn.callMethod.apply(n, arguments) : n.queue.push(arguments)\n\t\t\t};\n\t\t\tif (!f._fbq) f._fbq = n;\n\t\t\tn.push = n;\n\t\t\tn.loaded = !0;\n\t\t\tn.version = '2.0';\n\t\t\tn.queue = [];\n\t\t\tt = b.createElement(e);\n\t\t\tt.async = !0;\n\t\t\tt.src = v;\n\t\t\ts = b.getElementsByTagName(e)[0];\n\t\t\ts.parentNode.insertBefore(t, s)\n\t\t}(window, document, 'script',\n\t\t\t'https:\/\/connect.facebook.net\/en_US\/fbevents.js');\n\t\tfbq('init', '338315473262380');\n\t\tfbq('track', 'PageView');\n\t<\/script><script async src=\"\/\/www.instagram.com\/embed.js\"><\/script><br \/>\n<br \/><br \/>\n<br \/><a href=\"https:\/\/catracalivre.com.br\/mais\/qual-e-a-sua-meta-para-2024-de-acordo-com-pesquisa-brasileiros-gostariam-de-passar-mais-tempo-ao-ar-livre-e-tem-ate-festival-para-isso\/\">Source link <\/a><\/p>\n<!-- CONTENT END 1 -->\n","protected":false},"excerpt":{"rendered":"<p>Quais s\u00e3o seus desejos para 2024? Pelo que parece, para muita gente se envolver sol, praia, viagens em meio a natureza, festivais de m\u00fasica e&#8230;<\/p>\n","protected":false},"author":1,"featured_media":21808,"comment_status":"open","ping_status":"open","sticky":false,"template":"","format":"standard","meta":{"advanced_seo_description":"","jetpack_seo_html_title":"","jetpack_seo_noindex":false,"jetpack_post_was_ever_published":false,"_jetpack_newsletter_access":"","_jetpack_dont_email_post_to_subs":false,"_jetpack_newsletter_tier_id":0,"_jetpack_memberships_contains_paywalled_content":false,"_jetpack_memberships_contains_paid_content":false,"footnotes":"","jetpack_publicize_message":"","jetpack_publicize_feature_enabled":true,"jetpack_social_post_already_shared":true,"jetpack_social_options":{"image_generator_settings":{"template":"highway","default_image_id":0,"font":"","enabled":false},"version":2}},"categories":[19],"tags":[],"class_list":["post-21807","post","type-post","status-publish","format-standard","has-post-thumbnail","hentry","category-variedades"],"jetpack_publicize_connections":[],"jetpack_featured_media_url":"https:\/\/i0.wp.com\/noticiasribeiraopreto.com.br\/wp-content\/uploads\/2023\/12\/corona-foto-6-1-scaled.jpg?fit=1200%2C638&ssl=1","jetpack-related-posts":[{"id":69407,"url":"https:\/\/noticiasribeiraopreto.com.br\/index.php\/2025\/05\/05\/jornal-da-franca-adolescentes-com-pior-saude-mental-passam-mais-tempo-nas-redes-sociais\/","url_meta":{"origin":21807,"position":0},"title":"Jornal da Franca &#8211; Adolescentes com pior sa\u00fade mental passam mais tempo nas redes sociais","author":"noticiasribeiraopreto.com.br","date":"5 de May de 2025","format":false,"excerpt":"compartilhar no whatsapp compartilhar no telegram compartilhar no facebook compartilhar no linkedin Novo estudo mostra tamb\u00e9m menor satisfa\u00e7\u00e3o com o n\u00famero de amigos nas m\u00eddias sociais, em compara\u00e7\u00e3o com adolescentes sem condi\u00e7\u00f5es de sa\u00fade mental Adolescentes com pior sa\u00fade mental s\u00e3o os que mais usam as redes sociais \u2013 foto\u2026","rel":"","context":"In &quot;Not\u00edcias de Franca-SP&quot;","block_context":{"text":"Not\u00edcias de Franca-SP","link":"https:\/\/noticiasribeiraopreto.com.br\/index.php\/category\/noticias-de-ribeirao-preto-sp-e-regiao-ismael-colosi\/noticias-franca-sp\/"},"img":{"alt_text":"","src":"https:\/\/i0.wp.com\/noticiasribeiraopreto.com.br\/wp-content\/uploads\/2025\/05\/adolescente-com-celular.jpg?fit=1200%2C675&ssl=1&resize=350%2C200","width":350,"height":200,"srcset":"https:\/\/i0.wp.com\/noticiasribeiraopreto.com.br\/wp-content\/uploads\/2025\/05\/adolescente-com-celular.jpg?fit=1200%2C675&ssl=1&resize=350%2C200 1x, https:\/\/i0.wp.com\/noticiasribeiraopreto.com.br\/wp-content\/uploads\/2025\/05\/adolescente-com-celular.jpg?fit=1200%2C675&ssl=1&resize=525%2C300 1.5x, https:\/\/i0.wp.com\/noticiasribeiraopreto.com.br\/wp-content\/uploads\/2025\/05\/adolescente-com-celular.jpg?fit=1200%2C675&ssl=1&resize=700%2C400 2x, https:\/\/i0.wp.com\/noticiasribeiraopreto.com.br\/wp-content\/uploads\/2025\/05\/adolescente-com-celular.jpg?fit=1200%2C675&ssl=1&resize=1050%2C600 3x"},"classes":[]},{"id":67345,"url":"https:\/\/noticiasribeiraopreto.com.br\/index.php\/2025\/04\/12\/jornal-da-franca-saude-mental-saiba-o-que-e-fomo-folo-e-nomofobia\/","url_meta":{"origin":21807,"position":1},"title":"Jornal da Franca &#8211; Sa\u00fade mental: saiba o que \u00e9 FOMO, FOLO e nomofobia","author":"noticiasribeiraopreto.com.br","date":"12 de April de 2025","format":false,"excerpt":"compartilhar no whatsapp compartilhar no telegram compartilhar no facebook compartilhar no linkedin Problemas est\u00e3o relacionados ao excesso de tecnologia e tem impacto significativo na sa\u00fade mental de adultos O excesso no uso de conex\u00f5es digitais tem impactado a sa\u00fade mental da popula\u00e7\u00e3o \u2013 foto Arquivo \u00a0 O uso excessivo de\u2026","rel":"","context":"In &quot;Not\u00edcias de Franca-SP&quot;","block_context":{"text":"Not\u00edcias de Franca-SP","link":"https:\/\/noticiasribeiraopreto.com.br\/index.php\/category\/noticias-de-ribeirao-preto-sp-e-regiao-ismael-colosi\/noticias-franca-sp\/"},"img":{"alt_text":"","src":"https:\/\/i0.wp.com\/noticiasribeiraopreto.com.br\/wp-content\/uploads\/2025\/04\/homem-mexendo-no-celular-antes-de-dormir.jpg?fit=900%2C607&ssl=1&resize=350%2C200","width":350,"height":200,"srcset":"https:\/\/i0.wp.com\/noticiasribeiraopreto.com.br\/wp-content\/uploads\/2025\/04\/homem-mexendo-no-celular-antes-de-dormir.jpg?fit=900%2C607&ssl=1&resize=350%2C200 1x, https:\/\/i0.wp.com\/noticiasribeiraopreto.com.br\/wp-content\/uploads\/2025\/04\/homem-mexendo-no-celular-antes-de-dormir.jpg?fit=900%2C607&ssl=1&resize=525%2C300 1.5x, https:\/\/i0.wp.com\/noticiasribeiraopreto.com.br\/wp-content\/uploads\/2025\/04\/homem-mexendo-no-celular-antes-de-dormir.jpg?fit=900%2C607&ssl=1&resize=700%2C400 2x"},"classes":[]},{"id":15865,"url":"https:\/\/noticiasribeiraopreto.com.br\/index.php\/2023\/12\/14\/sobrecarga-e-falta-de-descanso-sao-principais-causas-de-estresse-no-trabalho-2\/","url_meta":{"origin":21807,"position":2},"title":"sobrecarga e falta de descanso s\u00e3o principais causas de estresse no trabalho","author":"noticiasribeiraopreto.com.br","date":"14 de December de 2023","format":false,"excerpt":"Uma recente pesquisa da plataforma de conhecimento sobre gest\u00e3o de pessoas, Think Work, apontou que a esmagadora maioria dos trabalhadores brasileiros (90%) considera que seus empregos geram algum n\u00edvel de estresse. Os dados da pesquisa \u201cSa\u00fade Mental no Trabalho 2023\u201d tamb\u00e9m revelam que 63% dos entrevistados enfrentaram crises emocionais nos\u2026","rel":"","context":"In &quot;Vagas de Emprego em Ribeir\u00e3o Preto-SP&quot;","block_context":{"text":"Vagas de Emprego em Ribeir\u00e3o Preto-SP","link":"https:\/\/noticiasribeiraopreto.com.br\/index.php\/category\/empregos-classificados-vagas-trabalho\/vagas-de-empregos-em-ribeirao-preto-regiao-brasil\/"},"img":{"alt_text":"","src":"https:\/\/i0.wp.com\/noticiasribeiraopreto.com.br\/wp-content\/uploads\/2023\/12\/sobrecarga-trabalho-freepik.jpg?fit=1200%2C675&ssl=1&resize=350%2C200","width":350,"height":200,"srcset":"https:\/\/i0.wp.com\/noticiasribeiraopreto.com.br\/wp-content\/uploads\/2023\/12\/sobrecarga-trabalho-freepik.jpg?fit=1200%2C675&ssl=1&resize=350%2C200 1x, https:\/\/i0.wp.com\/noticiasribeiraopreto.com.br\/wp-content\/uploads\/2023\/12\/sobrecarga-trabalho-freepik.jpg?fit=1200%2C675&ssl=1&resize=525%2C300 1.5x, https:\/\/i0.wp.com\/noticiasribeiraopreto.com.br\/wp-content\/uploads\/2023\/12\/sobrecarga-trabalho-freepik.jpg?fit=1200%2C675&ssl=1&resize=700%2C400 2x, https:\/\/i0.wp.com\/noticiasribeiraopreto.com.br\/wp-content\/uploads\/2023\/12\/sobrecarga-trabalho-freepik.jpg?fit=1200%2C675&ssl=1&resize=1050%2C600 3x"},"classes":[]},{"id":73114,"url":"https:\/\/noticiasribeiraopreto.com.br\/index.php\/2025\/06\/25\/evento-em-ribeirao-debate-saude-mental-com-augusto-cury-e-hudson-de-araujo\/","url_meta":{"origin":21807,"position":3},"title":"Evento em Ribeir\u00e3o debate sa\u00fade mental com Augusto Cury e Hudson de Ara\u00fajo","author":"noticiasribeiraopreto.com.br","date":"25 de June de 2025","format":false,"excerpt":"O psiquiatra Augusto Cury e o m\u00e9dico do trabalho Hudson de Ara\u00fajo participam de um encontro em Ribeir\u00e3o Preto, nesta quarta-feira (25), para discutir sobre sa\u00fade mental no ambiente corporativo. Com o tema \u201cSa\u00fade Mental e o Ambiente nas Empresas: riscos psicossociais\u201d, o evento acontece a partir das 19h30, no\u2026","rel":"","context":"In &quot;Not\u00edcias de Ribeir\u00e3o Preto-SP e Regi\u00e3o&quot;","block_context":{"text":"Not\u00edcias de Ribeir\u00e3o Preto-SP e Regi\u00e3o","link":"https:\/\/noticiasribeiraopreto.com.br\/index.php\/category\/noticias-de-ribeirao-preto-sp-e-regiao-ismael-colosi\/"},"img":{"alt_text":"","src":"https:\/\/i0.wp.com\/noticiasribeiraopreto.com.br\/wp-content\/uploads\/2025\/06\/handsome-business-man-working-desk_2025-06-25_14-07-48.webp.webp?fit=1200%2C800&ssl=1&resize=350%2C200","width":350,"height":200,"srcset":"https:\/\/i0.wp.com\/noticiasribeiraopreto.com.br\/wp-content\/uploads\/2025\/06\/handsome-business-man-working-desk_2025-06-25_14-07-48.webp.webp?fit=1200%2C800&ssl=1&resize=350%2C200 1x, https:\/\/i0.wp.com\/noticiasribeiraopreto.com.br\/wp-content\/uploads\/2025\/06\/handsome-business-man-working-desk_2025-06-25_14-07-48.webp.webp?fit=1200%2C800&ssl=1&resize=525%2C300 1.5x, https:\/\/i0.wp.com\/noticiasribeiraopreto.com.br\/wp-content\/uploads\/2025\/06\/handsome-business-man-working-desk_2025-06-25_14-07-48.webp.webp?fit=1200%2C800&ssl=1&resize=700%2C400 2x, https:\/\/i0.wp.com\/noticiasribeiraopreto.com.br\/wp-content\/uploads\/2025\/06\/handsome-business-man-working-desk_2025-06-25_14-07-48.webp.webp?fit=1200%2C800&ssl=1&resize=1050%2C600 3x"},"classes":[]},{"id":18198,"url":"https:\/\/noticiasribeiraopreto.com.br\/index.php\/2023\/12\/19\/resolucoes-para-2024-brasileiros-querem-viver-mais-ao-ar-livre-diz-pesquisa\/","url_meta":{"origin":21807,"position":4},"title":"Resolu\u00e7\u00f5es para 2024? Brasileiros querem viver mais ao ar livre, diz pesquisa","author":"noticiasribeiraopreto.com.br","date":"19 de December de 2023","format":false,"excerpt":"J\u00e1 fez suas resolu\u00e7\u00f5es para 2024? Sete em cada dez brasileiros j\u00e1 fizeram sua cl\u00e1ssica lista de metas para o Ano Novo. Apesar da vontade de cuidar da sa\u00fade mental, atividades ao ar livre e lazer n\u00e3o aparecem como principais metas na lista da maioria das pessoas. \u00c9 o que\u2026","rel":"","context":"In &quot;Variedades&quot;","block_context":{"text":"Variedades","link":"https:\/\/noticiasribeiraopreto.com.br\/index.php\/category\/variedades\/"},"img":{"alt_text":"","src":"https:\/\/i0.wp.com\/noticiasribeiraopreto.com.br\/wp-content\/uploads\/2023\/12\/1703036944_seguro-viagem.jpg?fit=1200%2C638&ssl=1&resize=350%2C200","width":350,"height":200,"srcset":"https:\/\/i0.wp.com\/noticiasribeiraopreto.com.br\/wp-content\/uploads\/2023\/12\/1703036944_seguro-viagem.jpg?fit=1200%2C638&ssl=1&resize=350%2C200 1x, https:\/\/i0.wp.com\/noticiasribeiraopreto.com.br\/wp-content\/uploads\/2023\/12\/1703036944_seguro-viagem.jpg?fit=1200%2C638&ssl=1&resize=525%2C300 1.5x, https:\/\/i0.wp.com\/noticiasribeiraopreto.com.br\/wp-content\/uploads\/2023\/12\/1703036944_seguro-viagem.jpg?fit=1200%2C638&ssl=1&resize=700%2C400 2x, https:\/\/i0.wp.com\/noticiasribeiraopreto.com.br\/wp-content\/uploads\/2023\/12\/1703036944_seguro-viagem.jpg?fit=1200%2C638&ssl=1&resize=1050%2C600 3x"},"classes":[]},{"id":69242,"url":"https:\/\/noticiasribeiraopreto.com.br\/index.php\/2025\/05\/03\/jornal-da-franca-fumar-beber-e-sedentarismo-danos-a-saude-surgem-antes-dos-40-diz-estudo\/","url_meta":{"origin":21807,"position":5},"title":"Jornal da Franca &#8211; Fumar, beber e sedentarismo: danos \u00e0 sa\u00fade surgem antes dos 40, diz estudo","author":"noticiasribeiraopreto.com.br","date":"3 de May de 2025","format":false,"excerpt":"compartilhar no whatsapp compartilhar no telegram compartilhar no facebook compartilhar no linkedin Estudo refor\u00e7a que maus h\u00e1bitos de sa\u00fade devem ser combatidos o mais cedo poss\u00edvel para ter um envelhecimento saud\u00e1vel \u00c1lcool, tabagismo e falta de exerc\u00edcios \u00e9 uma combina\u00e7\u00e3o bomb\u00e1stica contra a sa\u00fade \u2013 foto Freepik \u00a0 Os efeitos\u2026","rel":"","context":"In &quot;Not\u00edcias de Franca-SP&quot;","block_context":{"text":"Not\u00edcias de Franca-SP","link":"https:\/\/noticiasribeiraopreto.com.br\/index.php\/category\/noticias-de-ribeirao-preto-sp-e-regiao-ismael-colosi\/noticias-franca-sp\/"},"img":{"alt_text":"","src":"https:\/\/i0.wp.com\/noticiasribeiraopreto.com.br\/wp-content\/uploads\/2025\/05\/feche-mao-de-um-homem-arabe-bonito-e-bem-vestido-com-copo-de-uisque-e-charuto-posado-no-pub-scaled.jpg?fit=1200%2C798&ssl=1&resize=350%2C200","width":350,"height":200,"srcset":"https:\/\/i0.wp.com\/noticiasribeiraopreto.com.br\/wp-content\/uploads\/2025\/05\/feche-mao-de-um-homem-arabe-bonito-e-bem-vestido-com-copo-de-uisque-e-charuto-posado-no-pub-scaled.jpg?fit=1200%2C798&ssl=1&resize=350%2C200 1x, https:\/\/i0.wp.com\/noticiasribeiraopreto.com.br\/wp-content\/uploads\/2025\/05\/feche-mao-de-um-homem-arabe-bonito-e-bem-vestido-com-copo-de-uisque-e-charuto-posado-no-pub-scaled.jpg?fit=1200%2C798&ssl=1&resize=525%2C300 1.5x, https:\/\/i0.wp.com\/noticiasribeiraopreto.com.br\/wp-content\/uploads\/2025\/05\/feche-mao-de-um-homem-arabe-bonito-e-bem-vestido-com-copo-de-uisque-e-charuto-posado-no-pub-scaled.jpg?fit=1200%2C798&ssl=1&resize=700%2C400 2x, https:\/\/i0.wp.com\/noticiasribeiraopreto.com.br\/wp-content\/uploads\/2025\/05\/feche-mao-de-um-homem-arabe-bonito-e-bem-vestido-com-copo-de-uisque-e-charuto-posado-no-pub-scaled.jpg?fit=1200%2C798&ssl=1&resize=1050%2C600 3x"},"classes":[]}],"jetpack_sharing_enabled":true,"jetpack_shortlink":"https:\/\/wp.me\/peQAOb-5FJ","_links":{"self":[{"href":"https:\/\/noticiasribeiraopreto.com.br\/index.php\/wp-json\/wp\/v2\/posts\/21807","targetHints":{"allow":["GET"]}}],"collection":[{"href":"https:\/\/noticiasribeiraopreto.com.br\/index.php\/wp-json\/wp\/v2\/posts"}],"about":[{"href":"https:\/\/noticiasribeiraopreto.com.br\/index.php\/wp-json\/wp\/v2\/types\/post"}],"author":[{"embeddable":true,"href":"https:\/\/noticiasribeiraopreto.com.br\/index.php\/wp-json\/wp\/v2\/users\/1"}],"replies":[{"embeddable":true,"href":"https:\/\/noticiasribeiraopreto.com.br\/index.php\/wp-json\/wp\/v2\/comments?post=21807"}],"version-history":[{"count":0,"href":"https:\/\/noticiasribeiraopreto.com.br\/index.php\/wp-json\/wp\/v2\/posts\/21807\/revisions"}],"wp:featuredmedia":[{"embeddable":true,"href":"https:\/\/noticiasribeiraopreto.com.br\/index.php\/wp-json\/wp\/v2\/media\/21808"}],"wp:attachment":[{"href":"https:\/\/noticiasribeiraopreto.com.br\/index.php\/wp-json\/wp\/v2\/media?parent=21807"}],"wp:term":[{"taxonomy":"category","embeddable":true,"href":"https:\/\/noticiasribeiraopreto.com.br\/index.php\/wp-json\/wp\/v2\/categories?post=21807"},{"taxonomy":"post_tag","embeddable":true,"href":"https:\/\/noticiasribeiraopreto.com.br\/index.php\/wp-json\/wp\/v2\/tags?post=21807"}],"curies":[{"name":"wp","href":"https:\/\/api.w.org\/{rel}","templated":true}]}}