{"id":21809,"date":"2023-12-28T15:00:34","date_gmt":"2023-12-28T18:00:34","guid":{"rendered":"https:\/\/noticiasribeiraopreto.com.br\/index.php\/2023\/12\/28\/nissan-sentra-advance-2024-chega-ao-brasil-trazendo-uma-mistura-de-economia-japonesa-porte-americano-e-dinamica-de-direcao-europeia\/"},"modified":"2023-12-28T15:00:34","modified_gmt":"2023-12-28T18:00:34","slug":"nissan-sentra-advance-2024-chega-ao-brasil-trazendo-uma-mistura-de-economia-japonesa-porte-americano-e-dinamica-de-direcao-europeia","status":"publish","type":"post","link":"https:\/\/noticiasribeiraopreto.com.br\/index.php\/2023\/12\/28\/nissan-sentra-advance-2024-chega-ao-brasil-trazendo-uma-mistura-de-economia-japonesa-porte-americano-e-dinamica-de-direcao-europeia\/","title":{"rendered":"Nissan Sentra Advance 2024 chega ao Brasil trazendo uma mistura de economia japonesa, porte americano e din\u00e2mica de dire\u00e7\u00e3o europeia"},"content":{"rendered":"<div class='code-block code-block-1' style='margin: 8px 0 8px auto; text-align: right; display: block; clear: both;'>\n<p><a href=\"https:\/\/wa.link\/vpicfd\"><img data-recalc-dims=\"1\" class=\"wp-image-4922\" style=\"aspect-ratio: 2.0253164556962027; width: 561px; height: auto;\" src=\"https:\/\/i0.wp.com\/ismaelcolosi.com.br\/wp-content\/uploads\/2023\/11\/grupo-de-empregos-whatsapp-e-facebook-ismael-colosi-vagas.jpg?ssl=1\" alt=\"\" \/><\/a><\/p>\n<!-- \/wp:image -->\n<\/div>\n<p> <br \/>\n<\/p>\n<div>\n<figure><picture><source srcset=\"https:\/\/clickpetroleoegas.com.br\/wp-content\/uploads\/2023\/12\/Nissan-Sentra-Advance-2024-chega-ao-Brasil-trazendo-uma-mistura-de-economia-japonesa-porte-americano-e-dinamica-de-direcao-europeia-830x450.jpg.webp\" type=\"image\/webp\"><img data-recalc-dims=\"1\" loading=\"lazy\" width=\"830\" height=\"450\" src=\"https:\/\/i0.wp.com\/clickpetroleoegas.com.br\/wp-content\/uploads\/2023\/12\/Nissan-Sentra-Advance-2024-chega-ao-Brasil-trazendo-uma-mistura-de-economia-japonesa-porte-americano-e-dinamica-de-direcao-europeia-830x450.jpg?resize=830%2C450&#038;ssl=1\" class=\"fdnw-post-thumbnail fdnw-first-card-thumbnail wp-post-image\" alt=\"Nissan Sentra Advance 2024 chega ao Brasil trazendo uma mistura de economia japonesa, porte americano e din\u00e2mica de dire\u00e7\u00e3o europeia\" decoding=\"async\" data-eio=\"p\"\/><\/source><\/picture><figcaption class=\"fdnw-image-caption\">Foto: Divulga\u00e7\u00e3o\/Nissan Sentra 2024<\/figcaption><\/figure>\n<h2 class=\"wp-block-heading\" id=\"h-combinando-eficiencia-estilo-e-conforto-o-nissan-sentra-advance-2024-emerge-como-um-competidor-intrigante-contra-gigantes-como-o-toyota-corolla-embora-lute-para-se-estabelecer-firmemente-no-mercado-brasileiro\">Combinando efici\u00eancia, estilo e conforto, o Nissan Sentra Advance 2024 emerge como um competidor intrigante contra gigantes como o Toyota Corolla, embora lute para se estabelecer firmemente no mercado brasileiro.<\/h2>\n<p>O Nissan Sentra Advance 2024, lan\u00e7ado com um pouco de atraso em rela\u00e7\u00e3o ao mercado internacional, chega ao Brasil trazendo uma mistura intrigante de economia japonesa, porte americano e din\u00e2mica de dire\u00e7\u00e3o europeia. Mas a pergunta que persiste \u00e9: ele tem o necess\u00e1rio para enfrentar concorrentes como o Volkswagen Virtus Exclusive e o Toyota Corolla X? Vamos desvendar o mist\u00e9rio deste sed\u00e3 que, apesar de suas muitas qualidades, ainda luta para ganhar o cora\u00e7\u00e3o do consumidor brasileiro.<\/p>\n<p>O Sentra Advance, comercializado por cerca de R$ 150.000, prop\u00f5e um desafio interessante no <a href=\"https:\/\/clickpetroleoegas.com.br\/toyota-corolla-gr-s-2024-chega-ao-mercado-renovado-versoes-hibridas-prometem-ate-14-de-economia-de-combustivel-as-versoes-flex-chegam-a-ate-9-de-economia\/\">segmento de sed\u00e3s<\/a>. Ele combina efici\u00eancia aerodin\u00e2mica com um design moderno, marcado por linhas bem definidas e far\u00f3is full LED. No entanto, algumas caracter\u00edsticas, como a aus\u00eancia de LEDs nas lanternas traseiras, parecem uma oportunidade perdida para refor\u00e7ar seu apelo premium.<\/p>\n<p> <span class=\"fdnw-card-article-related\"> <span class=\"h4 fdnw-card-article-related-title\">Artigos recomendados<\/span> <\/span> <\/p>\n<h2 class=\"wp-block-heading\" id=\"h-motor-e-consumo-do-novo-nissan-sentra\">Motor e consumo do novo Nissan Sentra<\/h2>\n<p>Apesar de seu motor <a href=\"https:\/\/www.torquecars.com\/nissan\/mr20dd-tuning.php\" class=\"external\" rel=\"nofollow noopener\" target=\"_blank\">MR20 DD<\/a> ter sido otimizado para maior efici\u00eancia e pot\u00eancia, entregando 11 cavalos a mais que a gera\u00e7\u00e3o anterior, sua performance ainda fica atr\u00e1s de rivais como o Corolla e o Virtus. No entanto, compensa com um consumo impressionante de combust\u00edvel, alcan\u00e7ando at\u00e9 16,8 km\/l na estrada.<\/p>\n<p>Internamente, o Sentra Advance oferece uma cabine espa\u00e7osa com um acabamento que equilibra bem o conforto e a qualidade. A <strong>posi\u00e7\u00e3o de dirigir \u00e9 um ponto alto<\/strong>, proporcionando uma experi\u00eancia de condu\u00e7\u00e3o que valoriza a ess\u00eancia de um sed\u00e3. Embora o modelo possua um bom n\u00edvel de equipamentos, a aus\u00eancia de recursos como um retrovisor eletrocr\u00f4mico pode ser sentida.<\/p>\n<figure class=\"wp-block-embed is-type-video is-provider-youtube wp-block-embed-youtube wp-embed-aspect-16-9 wp-has-aspect-ratio\">\n<p><noscript><iframe loading=\"lazy\" title=\"Nissan Sentra Advance 2024 - MELHOR QUE O COROLLA? POR QUE MUITA GENTE GOSTA E POUCA GENTE COMPRA?\" width=\"500\" height=\"281\" src=\"https:\/\/www.youtube.com\/embed\/kOpinqMAhE0?feature=oembed\" frameborder=\"0\" allow=\"accelerometer; autoplay; clipboard-write; encrypted-media; gyroscope; picture-in-picture; web-share\" referrerpolicy=\"strict-origin-when-cross-origin\" allowfullscreen><\/iframe><\/noscript><\/p>\n<\/figure>\n<p>O Nissan Sentra Advance 2024 \u00e9 uma op\u00e7\u00e3o s\u00f3lida para quem procura um sed\u00e3 verdadeiro, que oferece uma \u00f3tima mistura de conforto, efici\u00eancia e prazer de dirigir. Seu desafio maior \u00e9 conquistar a confian\u00e7a do consumidor, que ainda pode estar reticente devido \u00e0 interrup\u00e7\u00e3o tempor\u00e1ria de sua venda no Brasil. Para os entusiastas de sed\u00e3s que buscam uma alternativa ao Corolla ou ao Virtus, o Sentra Advance surge como uma escolha interessante, apesar de suas limita\u00e7\u00f5es. Ele representa uma <a href=\"https:\/\/clickpetroleoegas.com.br\/seda-mais-vendido-do-brasil-continua-a-impressionar-veja-detalhes-do-chevrolet-onix-plus-2024\/\">proposta valiosa no segmento<\/a>, merecendo considera\u00e7\u00e3o por parte dos compradores de sed\u00e3s.<\/p>\n<div class=\"code-block code-block-10\" style=\"margin: 8px auto; text-align: center; display: block; clear: both;\">\n<hr class=\"wp-block-separator has-alpha-channel-opacity is-style-wide\"\/>\n<p>Voc\u00ea quer receber apenas not\u00edcias e vagas de emprego do seu interesse? A solu\u00e7\u00e3o chegou atrav\u00e9s do app <a href=\"https:\/\/play.google.com\/store\/apps\/details?id=com.clickpetroleoapp&amp;hl=pt&amp;gl=US\" class=\"external\" rel=\"nofollow noopener\" target=\"_blank\"><strong>CPG VAGAS E NOT\u00cdCIAS!<\/strong><\/a> Se voc\u00ea \u00e9 pintor, vai receber no seu celular apenas oportunidades neste cargo. E ser\u00e1 assim com pedreiro, t\u00e9cnico, engenheiro e etc\u2026.. N\u00e3o perca nada do que acontece no mercado de trabalho e econ\u00f4mico do Brasil, baixe agora o app <a href=\"https:\/\/play.google.com\/store\/apps\/details?id=com.clickpetroleoapp&amp;hl=pt&amp;gl=US\" class=\"external\" rel=\"nofollow noopener\" target=\"_blank\">CPG VAGAS E NOT\u00cdCIAS, dispon\u00edvel para Android e IOS!<\/a><\/p>\n<figure class=\"wp-block-image aligncenter size-full\"><a href=\"https:\/\/play.google.com\/store\/apps\/details?id=com.clickpetroleoapp&amp;hl=pt&amp;gl=US\" target=\"_blank\" rel=\"noreferrer noopener nofollow\" class=\"external\"><img data-recalc-dims=\"1\" loading=\"lazy\" decoding=\"async\" width=\"1280\" height=\"387\" http=\"\" alt=\"APP CPG VAGAS E NOT\u00cdCIAS\" class=\"wp-image-105306 ewww_webp_lazy_load\" src=\"https:\/\/i0.wp.com\/clickpetroleoegas.com.br\/wp-content\/uploads\/2023\/09\/Aplicativo-de-vagas-de-empregos-e-noticias-da-sua-regiao.jpg?resize=1280%2C387&#038;ssl=1\" src-webp=\"https:\/\/clickpetroleoegas.com.br\/wp-content\/uploads\/2023\/09\/Aplicativo-de-vagas-de-empregos-e-noticias-da-sua-regiao.jpg.webp\"\/><noscript><img data-recalc-dims=\"1\" loading=\"lazy\" decoding=\"async\" width=\"1280\" height=\"387\" src=\"https:\/\/i0.wp.com\/clickpetroleoegas.com.br\/wp-content\/uploads\/2023\/09\/Aplicativo-de-vagas-de-empregos-e-noticias-da-sua-regiao.jpg?resize=1280%2C387&#038;ssl=1\" alt=\"APP CPG VAGAS E NOT\u00cdCIAS\" class=\"wp-image-105306\"\/><\/noscript><\/a><\/figure>\n<\/p><\/div>\n<\/p><\/div>\n<p><script type=\"text\/plain\" data-service=\"facebook\" data-category=\"marketing\">\n!function(f,b,e,v,n,t,s)\n{if(f.fbq)return;n=f.fbq=function(){n.callMethod?\nn.callMethod.apply(n,arguments):n.queue.push(arguments)};\nif(!f._fbq)f._fbq=n;n.push=n;n.loaded=!0;n.version='2.0';\nn.queue=[];t=b.createElement(e);t.async=!0;\nt.src=v;s=b.getElementsByTagName(e)[0];\ns.parentNode.insertBefore(t,s)}(window, document,'script',\n'https:\/\/connect.facebook.net\/en_US\/fbevents.js');\nfbq('init', '5536651029690406');\nfbq('track', 'PageView');\n<\/script><script type=\"text\/plain\" data-service=\"facebook\" data-category=\"marketing\" async defer crossorigin=\"anonymous\" data-rocket-data-cmplz-src=\"https:\/\/connect.facebook.net\/en_US\/sdk.js#xfbml=1&#038;version=v12.0&amp;appId=1127332727839552&#038;autoLogAppEvents=1\">\n<\/script><br \/>\n<br \/><br \/>\n<br \/><a href=\"https:\/\/ismaelcolosi.com.br\/nissan-sentra-advance-2024-chega-ao-brasil-trazendo-uma-mistura-de-economia-japonesa-porte-americano-e-dinamica-de-direcao-europeia\/\">Source link <\/a><\/p>\n<!-- CONTENT END 1 -->\n","protected":false},"excerpt":{"rendered":"<p>Foto: Divulga\u00e7\u00e3o\/Nissan Sentra 2024 Combinando efici\u00eancia, estilo e conforto, o Nissan Sentra Advance 2024 emerge como um competidor intrigante contra gigantes como o Toyota Corolla,&#8230;<\/p>\n","protected":false},"author":1,"featured_media":21810,"comment_status":"open","ping_status":"open","sticky":false,"template":"","format":"standard","meta":{"advanced_seo_description":"","jetpack_seo_html_title":"","jetpack_seo_noindex":false,"jetpack_post_was_ever_published":false,"_jetpack_newsletter_access":"","_jetpack_dont_email_post_to_subs":false,"_jetpack_newsletter_tier_id":0,"_jetpack_memberships_contains_paywalled_content":false,"_jetpack_memberships_contains_paid_content":false,"footnotes":"","jetpack_publicize_message":"","jetpack_publicize_feature_enabled":true,"jetpack_social_post_already_shared":true,"jetpack_social_options":{"image_generator_settings":{"template":"highway","default_image_id":0,"font":"","enabled":false},"version":2}},"categories":[7],"tags":[],"class_list":["post-21809","post","type-post","status-publish","format-standard","has-post-thumbnail","hentry","category-vagas-de-empregos-em-ribeirao-preto-regiao-brasil"],"jetpack_publicize_connections":[],"jetpack_featured_media_url":"https:\/\/i0.wp.com\/noticiasribeiraopreto.com.br\/wp-content\/uploads\/2023\/12\/Nissan-Sentra-Advance-2024-chega-ao-Brasil-trazendo-uma-mistura-de-economia-japonesa-porte-americano-e-dinamica-de-direcao-europeia-830x450.jpg?fit=830%2C450&ssl=1","jetpack-related-posts":[{"id":16118,"url":"https:\/\/noticiasribeiraopreto.com.br\/index.php\/2023\/12\/15\/com-design-espetacular-e-tecnologia-avancada-o-novo-ford-focus-2024-entra-no-mercado-global-para-competir-com-os-lideres-da-categoria\/","url_meta":{"origin":21809,"position":0},"title":"Com design espetacular e tecnologia avan\u00e7ada, o novo Ford Focus 2024 entra no mercado global para competir com os l\u00edderes da categoria","author":"noticiasribeiraopreto.com.br","date":"15 de December de 2023","format":false,"excerpt":"Foto: Divulga\u00e7\u00e3o\/Ford O novo Ford Focus 2024 \u00e9 uma demonstra\u00e7\u00e3o de que os sed\u00e3s m\u00e9dios ainda t\u00eam muito a oferecer. Combinando design, desempenho e tecnologia avan\u00e7ada, este carro promete ser uma escolha popular entre os entusiastas de autom\u00f3veis que procuram algo al\u00e9m do SUV tradicional. O mercado global de sedans\u2026","rel":"","context":"In &quot;Vagas de Emprego em Ribeir\u00e3o Preto-SP&quot;","block_context":{"text":"Vagas de Emprego em Ribeir\u00e3o Preto-SP","link":"https:\/\/noticiasribeiraopreto.com.br\/index.php\/category\/empregos-classificados-vagas-trabalho\/vagas-de-empregos-em-ribeirao-preto-regiao-brasil\/"},"img":{"alt_text":"","src":"https:\/\/i0.wp.com\/noticiasribeiraopreto.com.br\/wp-content\/uploads\/2023\/12\/Com-design-espetacular-e-tecnologia-avancada-o-novo-Ford-Focus-2024-entra-no-mercado-global-para-competir-com-os-lideres-da-categoria-830x450.jpg?fit=830%2C450&ssl=1&resize=350%2C200","width":350,"height":200,"srcset":"https:\/\/i0.wp.com\/noticiasribeiraopreto.com.br\/wp-content\/uploads\/2023\/12\/Com-design-espetacular-e-tecnologia-avancada-o-novo-Ford-Focus-2024-entra-no-mercado-global-para-competir-com-os-lideres-da-categoria-830x450.jpg?fit=830%2C450&ssl=1&resize=350%2C200 1x, https:\/\/i0.wp.com\/noticiasribeiraopreto.com.br\/wp-content\/uploads\/2023\/12\/Com-design-espetacular-e-tecnologia-avancada-o-novo-Ford-Focus-2024-entra-no-mercado-global-para-competir-com-os-lideres-da-categoria-830x450.jpg?fit=830%2C450&ssl=1&resize=525%2C300 1.5x, https:\/\/i0.wp.com\/noticiasribeiraopreto.com.br\/wp-content\/uploads\/2023\/12\/Com-design-espetacular-e-tecnologia-avancada-o-novo-Ford-Focus-2024-entra-no-mercado-global-para-competir-com-os-lideres-da-categoria-830x450.jpg?fit=830%2C450&ssl=1&resize=700%2C400 2x"},"classes":[]},{"id":18738,"url":"https:\/\/noticiasribeiraopreto.com.br\/index.php\/2023\/12\/20\/nissan-desafia-a-lideranca-da-fiat-toro-com-nova-picape-revolucionaria\/","url_meta":{"origin":21809,"position":1},"title":"Nissan desafia a lideran\u00e7a da Fiat Toro com nova picape revolucion\u00e1ria","author":"noticiasribeiraopreto.com.br","date":"20 de December de 2023","format":false,"excerpt":"Foto: Renan Bandeira\/Autoesporte Conhe\u00e7a os detalhes do modelo que promete abalar as estruturas do segmento automotivo Segundo o site Auto Esporte, a Nissan est\u00e1 prestes a revolucionar o mercado automotivo com o an\u00fancio oficial de uma nova picape, posicionada estrategicamente abaixo da Frontier. Descubra todos os detalhes e novidades sobre\u2026","rel":"","context":"In &quot;Vagas de Emprego em Ribeir\u00e3o Preto-SP&quot;","block_context":{"text":"Vagas de Emprego em Ribeir\u00e3o Preto-SP","link":"https:\/\/noticiasribeiraopreto.com.br\/index.php\/category\/empregos-classificados-vagas-trabalho\/vagas-de-empregos-em-ribeirao-preto-regiao-brasil\/"},"img":{"alt_text":"","src":"https:\/\/i0.wp.com\/noticiasribeiraopreto.com.br\/wp-content\/uploads\/2023\/12\/capaaa-1-830x450.jpg?fit=830%2C450&ssl=1&resize=350%2C200","width":350,"height":200,"srcset":"https:\/\/i0.wp.com\/noticiasribeiraopreto.com.br\/wp-content\/uploads\/2023\/12\/capaaa-1-830x450.jpg?fit=830%2C450&ssl=1&resize=350%2C200 1x, https:\/\/i0.wp.com\/noticiasribeiraopreto.com.br\/wp-content\/uploads\/2023\/12\/capaaa-1-830x450.jpg?fit=830%2C450&ssl=1&resize=525%2C300 1.5x, https:\/\/i0.wp.com\/noticiasribeiraopreto.com.br\/wp-content\/uploads\/2023\/12\/capaaa-1-830x450.jpg?fit=830%2C450&ssl=1&resize=700%2C400 2x"},"classes":[]},{"id":63335,"url":"https:\/\/noticiasribeiraopreto.com.br\/index.php\/2025\/02\/10\/novo-leilao-da-receita-tem-carros-a-partir-de-r-800-saiba-como-participar\/","url_meta":{"origin":21809,"position":2},"title":"Novo leil\u00e3o da Receita tem carros a partir de R$ 800; saiba como participar","author":"noticiasribeiraopreto.com.br","date":"10 de February de 2025","format":false,"excerpt":"A Receita Federal vai realizar um leil\u00e3o regional de ve\u00edculos em S\u00e3o Paulo, neste m\u00eas. Ser\u00e3o 83 lotes dispon\u00edveis, que incluem autom\u00f3veis, SUVs, caminhonetes, caminh\u00f5es, cavalos mec\u00e2nicos, carretas, semirreboques, tratores, furg\u00f5es, \u00f4nibus e micro-\u00f4nibus com valores a partir de R$ 800. O leil\u00e3o vai acontecer de forma 100% eletr\u00f4nica e\u2026","rel":"","context":"In &quot;Not\u00edcias de Ribeir\u00e3o Preto-SP e Regi\u00e3o&quot;","block_context":{"text":"Not\u00edcias de Ribeir\u00e3o Preto-SP e Regi\u00e3o","link":"https:\/\/noticiasribeiraopreto.com.br\/index.php\/category\/noticias-de-ribeirao-preto-sp-e-regiao-ismael-colosi\/"},"img":{"alt_text":"","src":"https:\/\/i0.wp.com\/noticiasribeiraopreto.com.br\/wp-content\/uploads\/2025\/02\/Copia-de-Copia-de-Copia-de-TAMANHO-EXATO-PARA-FOTOS-NO-SISTEMA-NOVO-2025-02-10T164013.603_2025-02-10_19-48-55_png_2025-02-10_19-48-55.webp.webp?fit=1200%2C675&ssl=1&resize=350%2C200","width":350,"height":200,"srcset":"https:\/\/i0.wp.com\/noticiasribeiraopreto.com.br\/wp-content\/uploads\/2025\/02\/Copia-de-Copia-de-Copia-de-TAMANHO-EXATO-PARA-FOTOS-NO-SISTEMA-NOVO-2025-02-10T164013.603_2025-02-10_19-48-55_png_2025-02-10_19-48-55.webp.webp?fit=1200%2C675&ssl=1&resize=350%2C200 1x, https:\/\/i0.wp.com\/noticiasribeiraopreto.com.br\/wp-content\/uploads\/2025\/02\/Copia-de-Copia-de-Copia-de-TAMANHO-EXATO-PARA-FOTOS-NO-SISTEMA-NOVO-2025-02-10T164013.603_2025-02-10_19-48-55_png_2025-02-10_19-48-55.webp.webp?fit=1200%2C675&ssl=1&resize=525%2C300 1.5x, https:\/\/i0.wp.com\/noticiasribeiraopreto.com.br\/wp-content\/uploads\/2025\/02\/Copia-de-Copia-de-Copia-de-TAMANHO-EXATO-PARA-FOTOS-NO-SISTEMA-NOVO-2025-02-10T164013.603_2025-02-10_19-48-55_png_2025-02-10_19-48-55.webp.webp?fit=1200%2C675&ssl=1&resize=700%2C400 2x, https:\/\/i0.wp.com\/noticiasribeiraopreto.com.br\/wp-content\/uploads\/2025\/02\/Copia-de-Copia-de-Copia-de-TAMANHO-EXATO-PARA-FOTOS-NO-SISTEMA-NOVO-2025-02-10T164013.603_2025-02-10_19-48-55_png_2025-02-10_19-48-55.webp.webp?fit=1200%2C675&ssl=1&resize=1050%2C600 3x"},"classes":[]},{"id":82357,"url":"https:\/\/noticiasribeiraopreto.com.br\/index.php\/2026\/02\/11\/rp-mobi-fara-leilao-de-veiculos\/","url_meta":{"origin":21809,"position":3},"title":"RP Mobi far\u00e1 leil\u00e3o de ve\u00edculos","author":"noticiasribeiraopreto.com.br","date":"11 de February de 2026","format":false,"excerpt":"\r \r \r 11 de fevereiro de 2026 16:25 \r Compartilhar0 Carros e motos conservados, al\u00e9m de sucatas est\u00e3o apreendidos no p\u00e1tio da empresa municipal, respons\u00e1vel pelo tr\u00e2nsito na cidade A RP Mobi \u2013 Empresa de Mobilidade Urbana de Ribeir\u00e3o Preto S.A, a antiga Transerp, respons\u00e1vel pelo tr\u00e2nsito e transporte\u2026","rel":"","context":"In &quot;Not\u00edcias de Ribeir\u00e3o Preto-SP e Regi\u00e3o&quot;","block_context":{"text":"Not\u00edcias de Ribeir\u00e3o Preto-SP e Regi\u00e3o","link":"https:\/\/noticiasribeiraopreto.com.br\/index.php\/category\/noticias-de-ribeirao-preto-sp-e-regiao-ismael-colosi\/"},"img":{"alt_text":"","src":"https:\/\/i0.wp.com\/noticiasribeiraopreto.com.br\/wp-content\/uploads\/2026\/02\/WhatsApp-Image-2026-02-11-at-16.13.46-scaled.jpeg?fit=1170%2C780&ssl=1&resize=350%2C200","width":350,"height":200,"srcset":"https:\/\/i0.wp.com\/noticiasribeiraopreto.com.br\/wp-content\/uploads\/2026\/02\/WhatsApp-Image-2026-02-11-at-16.13.46-scaled.jpeg?fit=1170%2C780&ssl=1&resize=350%2C200 1x, https:\/\/i0.wp.com\/noticiasribeiraopreto.com.br\/wp-content\/uploads\/2026\/02\/WhatsApp-Image-2026-02-11-at-16.13.46-scaled.jpeg?fit=1170%2C780&ssl=1&resize=525%2C300 1.5x, https:\/\/i0.wp.com\/noticiasribeiraopreto.com.br\/wp-content\/uploads\/2026\/02\/WhatsApp-Image-2026-02-11-at-16.13.46-scaled.jpeg?fit=1170%2C780&ssl=1&resize=700%2C400 2x, https:\/\/i0.wp.com\/noticiasribeiraopreto.com.br\/wp-content\/uploads\/2026\/02\/WhatsApp-Image-2026-02-11-at-16.13.46-scaled.jpeg?fit=1170%2C780&ssl=1&resize=1050%2C600 3x"},"classes":[]},{"id":80683,"url":"https:\/\/noticiasribeiraopreto.com.br\/index.php\/2025\/12\/10\/video-empresario-e-sequestrado-em-rp\/","url_meta":{"origin":21809,"position":4},"title":"V\u00cdDEO &#8211; Empres\u00e1rio \u00e9 sequestrado em RP","author":"noticiasribeiraopreto.com.br","date":"10 de December de 2025","format":false,"excerpt":"\r V\u00edtima de 44 anos foi rendido na zona Sul e levado por homens encapuzados e armados que chegaram em duas caminhonetes\r \r 10 de dezembro de 2025 12:32 \r Compartilhar3 Por: Adalberto Luque Um homem de 44 anos foi supostamente sequestrado, na noite desta segunda-feira (9). Ele foi rendido\u2026","rel":"","context":"In &quot;Not\u00edcias de Ribeir\u00e3o Preto-SP e Regi\u00e3o&quot;","block_context":{"text":"Not\u00edcias de Ribeir\u00e3o Preto-SP e Regi\u00e3o","link":"https:\/\/noticiasribeiraopreto.com.br\/index.php\/category\/noticias-de-ribeirao-preto-sp-e-regiao-ismael-colosi\/"},"img":{"alt_text":"","src":"https:\/\/i0.wp.com\/noticiasribeiraopreto.com.br\/wp-content\/uploads\/2025\/12\/10-dez-2025-sequestroempresario-scaled.jpg?fit=1200%2C664&ssl=1&resize=350%2C200","width":350,"height":200,"srcset":"https:\/\/i0.wp.com\/noticiasribeiraopreto.com.br\/wp-content\/uploads\/2025\/12\/10-dez-2025-sequestroempresario-scaled.jpg?fit=1200%2C664&ssl=1&resize=350%2C200 1x, https:\/\/i0.wp.com\/noticiasribeiraopreto.com.br\/wp-content\/uploads\/2025\/12\/10-dez-2025-sequestroempresario-scaled.jpg?fit=1200%2C664&ssl=1&resize=525%2C300 1.5x, https:\/\/i0.wp.com\/noticiasribeiraopreto.com.br\/wp-content\/uploads\/2025\/12\/10-dez-2025-sequestroempresario-scaled.jpg?fit=1200%2C664&ssl=1&resize=700%2C400 2x, https:\/\/i0.wp.com\/noticiasribeiraopreto.com.br\/wp-content\/uploads\/2025\/12\/10-dez-2025-sequestroempresario-scaled.jpg?fit=1200%2C664&ssl=1&resize=1050%2C600 3x"},"classes":[]},{"id":36830,"url":"https:\/\/noticiasribeiraopreto.com.br\/index.php\/2024\/02\/12\/motociclista-e-socorrido-com-suspeita-de-fratura-na-lagoinha\/","url_meta":{"origin":21809,"position":5},"title":"Motociclista \u00e9 socorrido com suspeita de fratura na Lagoinha","author":"noticiasribeiraopreto.com.br","date":"12 de February de 2024","format":false,"excerpt":"Moto teria batido contra ve\u00edculo SUV que seguia por avenida do bairro 12 de fevereiro de 2024 | 14:05 0Por: Adalberto LuqueDuas pessoas ficaram feridas, na manh\u00e3 deste domingo (11), ap\u00f3s um acidente envolvendo uma motocicleta e um SUV Nissan Kicks. O acidente ocorreu no cruzamento da Avenida Jos\u00e9 Gomes\u2026","rel":"","context":"In &quot;Not\u00edcias de Ribeir\u00e3o Preto-SP e Regi\u00e3o&quot;","block_context":{"text":"Not\u00edcias de Ribeir\u00e3o Preto-SP e Regi\u00e3o","link":"https:\/\/noticiasribeiraopreto.com.br\/index.php\/category\/noticias-de-ribeirao-preto-sp-e-regiao-ismael-colosi\/"},"img":{"alt_text":"","src":"https:\/\/i0.wp.com\/noticiasribeiraopreto.com.br\/wp-content\/uploads\/2024\/02\/00-12-fev-2024-acidente-lagoinha-01-foto-max-gallao-mesquita-scaled.jpg?fit=988%2C645&ssl=1&resize=350%2C200","width":350,"height":200,"srcset":"https:\/\/i0.wp.com\/noticiasribeiraopreto.com.br\/wp-content\/uploads\/2024\/02\/00-12-fev-2024-acidente-lagoinha-01-foto-max-gallao-mesquita-scaled.jpg?fit=988%2C645&ssl=1&resize=350%2C200 1x, https:\/\/i0.wp.com\/noticiasribeiraopreto.com.br\/wp-content\/uploads\/2024\/02\/00-12-fev-2024-acidente-lagoinha-01-foto-max-gallao-mesquita-scaled.jpg?fit=988%2C645&ssl=1&resize=525%2C300 1.5x, https:\/\/i0.wp.com\/noticiasribeiraopreto.com.br\/wp-content\/uploads\/2024\/02\/00-12-fev-2024-acidente-lagoinha-01-foto-max-gallao-mesquita-scaled.jpg?fit=988%2C645&ssl=1&resize=700%2C400 2x"},"classes":[]}],"jetpack_sharing_enabled":true,"jetpack_shortlink":"https:\/\/wp.me\/peQAOb-5FL","_links":{"self":[{"href":"https:\/\/noticiasribeiraopreto.com.br\/index.php\/wp-json\/wp\/v2\/posts\/21809","targetHints":{"allow":["GET"]}}],"collection":[{"href":"https:\/\/noticiasribeiraopreto.com.br\/index.php\/wp-json\/wp\/v2\/posts"}],"about":[{"href":"https:\/\/noticiasribeiraopreto.com.br\/index.php\/wp-json\/wp\/v2\/types\/post"}],"author":[{"embeddable":true,"href":"https:\/\/noticiasribeiraopreto.com.br\/index.php\/wp-json\/wp\/v2\/users\/1"}],"replies":[{"embeddable":true,"href":"https:\/\/noticiasribeiraopreto.com.br\/index.php\/wp-json\/wp\/v2\/comments?post=21809"}],"version-history":[{"count":0,"href":"https:\/\/noticiasribeiraopreto.com.br\/index.php\/wp-json\/wp\/v2\/posts\/21809\/revisions"}],"wp:featuredmedia":[{"embeddable":true,"href":"https:\/\/noticiasribeiraopreto.com.br\/index.php\/wp-json\/wp\/v2\/media\/21810"}],"wp:attachment":[{"href":"https:\/\/noticiasribeiraopreto.com.br\/index.php\/wp-json\/wp\/v2\/media?parent=21809"}],"wp:term":[{"taxonomy":"category","embeddable":true,"href":"https:\/\/noticiasribeiraopreto.com.br\/index.php\/wp-json\/wp\/v2\/categories?post=21809"},{"taxonomy":"post_tag","embeddable":true,"href":"https:\/\/noticiasribeiraopreto.com.br\/index.php\/wp-json\/wp\/v2\/tags?post=21809"}],"curies":[{"name":"wp","href":"https:\/\/api.w.org\/{rel}","templated":true}]}}