{"id":21811,"date":"2023-12-28T15:01:54","date_gmt":"2023-12-28T18:01:54","guid":{"rendered":"https:\/\/noticiasribeiraopreto.com.br\/index.php\/2023\/12\/28\/reclamacoes-contra-planos-de-saude-cresceram-quase-50-em-2023\/"},"modified":"2023-12-28T15:01:54","modified_gmt":"2023-12-28T18:01:54","slug":"reclamacoes-contra-planos-de-saude-cresceram-quase-50-em-2023","status":"publish","type":"post","link":"https:\/\/noticiasribeiraopreto.com.br\/index.php\/2023\/12\/28\/reclamacoes-contra-planos-de-saude-cresceram-quase-50-em-2023\/","title":{"rendered":"Reclama\u00e7\u00f5es contra planos de sa\u00fade cresceram quase 50% em 2023"},"content":{"rendered":"<div class='code-block code-block-1' style='margin: 8px 0 8px auto; text-align: right; display: block; clear: both;'>\n<p><a href=\"https:\/\/wa.link\/vpicfd\"><img data-recalc-dims=\"1\" class=\"wp-image-4922\" style=\"aspect-ratio: 2.0253164556962027; width: 561px; height: auto;\" src=\"https:\/\/i0.wp.com\/ismaelcolosi.com.br\/wp-content\/uploads\/2023\/11\/grupo-de-empregos-whatsapp-e-facebook-ismael-colosi-vagas.jpg?ssl=1\" alt=\"\" \/><\/a><\/p>\n<!-- \/wp:image -->\n<\/div>\n<p> <br \/>\n<\/p>\n<div id=\"\">\n<p> <span class=\"entry-meta-item penci-posted-on\"><i class=\"fa fa-clock-o\"\/><time class=\"entry-date published\" datetime=\"2023-12-28T15:00:04-03:00\">28 de dezembro de 2023 | 15:00<\/time><time class=\"updated\" datetime=\"2023-12-27T15:29:32-03:00\">27 de dezembro de 2023 | 15:29<\/time><\/span><\/p>\n<p> <span class=\"penci-social-buttons penci-social-share-footer\"><a href=\"#\" class=\"penci-post-like penci_post-meta_item  single-like-button penci-social-item like\" data-post_id=\"368576\" title=\"Like\" data-like=\"Like\" data-unlike=\"Unlike\"><i class=\"fa fa-thumbs-o-up\"\/><span class=\"penci-share-number\">0<\/span><\/a><i class=\"fa fa-facebook\"\/><a class=\"penci-social-item twitter\" target=\"_blank\" rel=\"noopener\" title=\"\" href=\"https:\/\/twitter.com\/intent\/tweet?text=Reclama\u00e7\u00f5es%20contra%20planos%20de%20sa\u00fade%20cresceram%20quase%2050%20em%202023%20-%20https:\/\/www.tribunaribeirao.com.br\/site\/reclamacoes-contra-planos-de-saude-cresceram-quase-50-em-2023\/\"><i class=\"fa fa-twitter\"\/><\/a><i class=\"fa fa-whatsapp\"\/><\/span><\/div>\n<div>\n<p>As reclama\u00e7\u00f5es de usu\u00e1rios de planos de sa\u00fade tiveram crescimento de 49,7% nos primeiros dez meses de 2023. Os dados foram divulgados nesta quarta-feira (27) pela Ag\u00eancia Nacional de Sa\u00fade Suplementar (ANS).\u00a0<noscript><img data-recalc-dims=\"1\" decoding=\"async\" src=\"https:\/\/i0.wp.com\/agenciabrasil.ebc.com.br\/ebc.png?ssl=1\"\/><\/noscript><img data-recalc-dims=\"1\" decoding=\"async\" src=\"https:\/\/i0.wp.com\/agenciabrasil.ebc.com.br\/ebc.gif?ssl=1\" class=\"lazyload\"\/><noscript><img data-recalc-dims=\"1\" decoding=\"async\" src=\"https:\/\/i0.wp.com\/agenciabrasil.ebc.com.br\/ebc.gif?ssl=1\"\/><\/noscript><\/p>\n<p>Segundo a ag\u00eancia reguladora, o n\u00famero de reclama\u00e7\u00f5es assistenciais e n\u00e3o assistenciais em 2023 superou os tr\u00eas anos anteriores em todos os meses do ano e chegou ao maior patamar em agosto, com 36.799 notifica\u00e7\u00f5es de usu\u00e1rios dos planos de sa\u00fade. As reclama\u00e7\u00f5es referentes \u00e0 assist\u00eancia dos planos somaram 82,7% das notifica\u00e7\u00f5es registradas pela ag\u00eancia at\u00e9 outubro.<\/p>\n<p>Os dados da ANS permitem calcular o \u00cdndice Geral de Reclama\u00e7\u00f5es, que aumenta conforme a insatisfa\u00e7\u00e3o dos usu\u00e1rios. Segundo a ag\u00eancia, os planos de assist\u00eancia m\u00e9dica tiveram 55,1 reclama\u00e7\u00f5es para cada 100 mil benefici\u00e1rios. Essa propor\u00e7\u00e3o era de 24,1 em 2020; de 30,2 em 2021 e de 36,8 em 2022.<\/p>\n<p>J\u00e1 os planos exclusivamente odontol\u00f3gicos tiveram em m\u00e9dia 1,3 reclama\u00e7\u00e3o para a mesma quantidade de benefici\u00e1rios nos primeiros 10 meses de 2023 e propor\u00e7\u00f5es semelhantes nos anos anteriores.<\/p>\n<p><strong>Outros dados<\/strong> \u2013 O \u00a0Boletim Panorama \u2013 Sa\u00fade Suplementar da ANS mostra que os planos de sa\u00fade tinham 50,9 milh\u00f5es de usu\u00e1rios de assist\u00eancia m\u00e9dica e 32,2 milh\u00f5es de clientes de planos exclusivamente odontol\u00f3gicos em outubro de 2023, o que representa um aumento de 1,9% em rela\u00e7\u00e3o a outubro de 2022.<\/p>\n<p>Segundo a ANS, apenas os planos coletivos empresariais apresentaram crescimento positivo (3,57%), enquanto os planos individuais registraram varia\u00e7\u00e3o negativa (-1,30%), assim como os coletivos por ades\u00e3o (-2,44%).<\/p>\n<p>A ANS tamb\u00e9m informa que, nos \u00faltimos cinco anos, das mais de 11 milh\u00f5es de interna\u00e7\u00f5es anuais no \u00e2mbito do SUS, cerca de 1,6% ocorreram em pacientes cobertos por planos privados de sa\u00fade com assist\u00eancia m\u00e9dica. J\u00e1 os atendimentos ambulatoriais somaram, em m\u00e9dia, 26,6 milh\u00f5es de procedimentos anuais no SUS, dos quais 4,3% identificados como prestados a benefici\u00e1rios.<\/p>\n<\/div>\n<p><script async src=\"\/\/platform.twitter.com\/widgets.js\" charset=\"utf-8\"><\/script><br \/>\n<br \/><br \/>\n<br \/><a href=\"https:\/\/www.tribunaribeirao.com.br\/site\/reclamacoes-contra-planos-de-saude-cresceram-quase-50-em-2023\/\">Source link <\/a><\/p>\n<!-- CONTENT END 1 -->\n","protected":false},"excerpt":{"rendered":"<p>28 de dezembro de 2023 | 15:0027 de dezembro de 2023 | 15:29 0 As reclama\u00e7\u00f5es de usu\u00e1rios de planos de sa\u00fade tiveram crescimento de&#8230;<\/p>\n","protected":false},"author":1,"featured_media":21812,"comment_status":"open","ping_status":"open","sticky":false,"template":"","format":"standard","meta":{"advanced_seo_description":"","jetpack_seo_html_title":"","jetpack_seo_noindex":false,"jetpack_post_was_ever_published":false,"_jetpack_newsletter_access":"","_jetpack_dont_email_post_to_subs":false,"_jetpack_newsletter_tier_id":0,"_jetpack_memberships_contains_paywalled_content":false,"_jetpack_memberships_contains_paid_content":false,"footnotes":"","jetpack_publicize_message":"","jetpack_publicize_feature_enabled":true,"jetpack_social_post_already_shared":true,"jetpack_social_options":{"image_generator_settings":{"template":"highway","default_image_id":0,"font":"","enabled":false},"version":2}},"categories":[11],"tags":[109,2759,2758,349,2757,158],"class_list":["post-21811","post","type-post","status-publish","format-standard","has-post-thumbnail","hentry","category-noticias-de-ribeirao-preto-sp-e-regiao-ismael-colosi","tag-contra","tag-cresceram","tag-planos","tag-quase","tag-reclamacoes","tag-saude"],"jetpack_publicize_connections":[],"jetpack_featured_media_url":"https:\/\/i0.wp.com\/noticiasribeiraopreto.com.br\/wp-content\/uploads\/2023\/12\/5c1defa3-8dc9-4eb2-80fa-55ca5a37853a-scaled.jpg?fit=967%2C645&ssl=1","jetpack-related-posts":[{"id":32876,"url":"https:\/\/noticiasribeiraopreto.com.br\/index.php\/2024\/01\/26\/metade-de-rp-tem-plano-de-saude\/","url_meta":{"origin":21811,"position":0},"title":"Metade de RP tem\u00a0plano de sa\u00fade\u00a0","author":"noticiasribeiraopreto.com.br","date":"26 de January de 2024","format":false,"excerpt":"26 de janeiro de 2024 | 18:0026 de janeiro de 2024 | 12:32 0Segundo a Ag\u00eancia Nacional de Sa\u00fade Suplementar (ANS), Ribeir\u00e3o Preto fechou o ano passado com 332.952 usu\u00e1rios de planos de assist\u00eancia m\u00e9dica-hospitalar, alta de 1,47% e 4.821 benefici\u00e1rios a mais que os 328.131 de dezembro de 2022.\u2026","rel":"","context":"In &quot;Not\u00edcias de Ribeir\u00e3o Preto-SP e Regi\u00e3o&quot;","block_context":{"text":"Not\u00edcias de Ribeir\u00e3o Preto-SP e Regi\u00e3o","link":"https:\/\/noticiasribeiraopreto.com.br\/index.php\/category\/noticias-de-ribeirao-preto-sp-e-regiao-ismael-colosi\/"},"img":{"alt_text":"","src":"https:\/\/i0.wp.com\/noticiasribeiraopreto.com.br\/wp-content\/uploads\/2024\/01\/PlanoANS-Marcello-Casal-Jr.-Ag.Br_-scaled.jpg?fit=1000%2C598&ssl=1&resize=350%2C200","width":350,"height":200,"srcset":"https:\/\/i0.wp.com\/noticiasribeiraopreto.com.br\/wp-content\/uploads\/2024\/01\/PlanoANS-Marcello-Casal-Jr.-Ag.Br_-scaled.jpg?fit=1000%2C598&ssl=1&resize=350%2C200 1x, https:\/\/i0.wp.com\/noticiasribeiraopreto.com.br\/wp-content\/uploads\/2024\/01\/PlanoANS-Marcello-Casal-Jr.-Ag.Br_-scaled.jpg?fit=1000%2C598&ssl=1&resize=525%2C300 1.5x, https:\/\/i0.wp.com\/noticiasribeiraopreto.com.br\/wp-content\/uploads\/2024\/01\/PlanoANS-Marcello-Casal-Jr.-Ag.Br_-scaled.jpg?fit=1000%2C598&ssl=1&resize=700%2C400 2x"},"classes":[]},{"id":12218,"url":"https:\/\/noticiasribeiraopreto.com.br\/index.php\/2023\/12\/07\/plenario-do-stf-julgara-vinculo-com-aplicativo\/","url_meta":{"origin":21811,"position":1},"title":"Plen\u00e1rio do STF julgar\u00e1 v\u00ednculo com aplicativo\u00a0","author":"noticiasribeiraopreto.com.br","date":"7 de December de 2023","format":false,"excerpt":"7 de dezembro de 2023 | 17:007 de dezembro de 2023 | 10:54 0A decis\u00e3o da Primeira Turma do Supremo Tribunal Federal (STF) que afastou v\u00ednculo de emprego entre um entregador e o aplicativo Cabify ser\u00e1 submetida ao plen\u00e1rio da Corte. \u00c9 a primeira vez que os ministros do STF\u2026","rel":"","context":"In &quot;Not\u00edcias de Ribeir\u00e3o Preto-SP e Regi\u00e3o&quot;","block_context":{"text":"Not\u00edcias de Ribeir\u00e3o Preto-SP e Regi\u00e3o","link":"https:\/\/noticiasribeiraopreto.com.br\/index.php\/category\/noticias-de-ribeirao-preto-sp-e-regiao-ismael-colosi\/"},"img":{"alt_text":"","src":"https:\/\/i0.wp.com\/noticiasribeiraopreto.com.br\/wp-content\/uploads\/2023\/12\/uber-scaled.jpg?fit=1000%2C616&ssl=1&resize=350%2C200","width":350,"height":200,"srcset":"https:\/\/i0.wp.com\/noticiasribeiraopreto.com.br\/wp-content\/uploads\/2023\/12\/uber-scaled.jpg?fit=1000%2C616&ssl=1&resize=350%2C200 1x, https:\/\/i0.wp.com\/noticiasribeiraopreto.com.br\/wp-content\/uploads\/2023\/12\/uber-scaled.jpg?fit=1000%2C616&ssl=1&resize=525%2C300 1.5x, https:\/\/i0.wp.com\/noticiasribeiraopreto.com.br\/wp-content\/uploads\/2023\/12\/uber-scaled.jpg?fit=1000%2C616&ssl=1&resize=700%2C400 2x"},"classes":[]},{"id":69087,"url":"https:\/\/noticiasribeiraopreto.com.br\/index.php\/2025\/05\/02\/jornal-da-franca-saiba-quais-sao-os-10-tipos-de-golpes-mais-aplicados-contra-clientes-bancarios\/","url_meta":{"origin":21811,"position":2},"title":"Jornal da Franca &#8211; Saiba quais s\u00e3o os 10 tipos de golpes mais aplicados contra clientes banc\u00e1rios","author":"noticiasribeiraopreto.com.br","date":"2 de May de 2025","format":false,"excerpt":"compartilhar no whatsapp compartilhar no telegram compartilhar no facebook compartilhar no linkedin Os golpes do WhatsApp, das falsas vendas e da falsa central\/falso funcion\u00e1rio de banco foram as principais armadilhas aplicadas em clientes de bancos Golpes envolvendo contas banc\u00e1rias est\u00e3o cada vez mais sofisticados \u2013 foto Arquivo \u00a0 Os golpes\u2026","rel":"","context":"In &quot;Not\u00edcias de Franca-SP&quot;","block_context":{"text":"Not\u00edcias de Franca-SP","link":"https:\/\/noticiasribeiraopreto.com.br\/index.php\/category\/noticias-de-ribeirao-preto-sp-e-regiao-ismael-colosi\/noticias-franca-sp\/"},"img":{"alt_text":"","src":"https:\/\/i0.wp.com\/noticiasribeiraopreto.com.br\/wp-content\/uploads\/2025\/05\/Jornal-da-Franca-Tecnologia-Golpes-virtuais-00.jpg?fit=1200%2C675&ssl=1&resize=350%2C200","width":350,"height":200,"srcset":"https:\/\/i0.wp.com\/noticiasribeiraopreto.com.br\/wp-content\/uploads\/2025\/05\/Jornal-da-Franca-Tecnologia-Golpes-virtuais-00.jpg?fit=1200%2C675&ssl=1&resize=350%2C200 1x, https:\/\/i0.wp.com\/noticiasribeiraopreto.com.br\/wp-content\/uploads\/2025\/05\/Jornal-da-Franca-Tecnologia-Golpes-virtuais-00.jpg?fit=1200%2C675&ssl=1&resize=525%2C300 1.5x, https:\/\/i0.wp.com\/noticiasribeiraopreto.com.br\/wp-content\/uploads\/2025\/05\/Jornal-da-Franca-Tecnologia-Golpes-virtuais-00.jpg?fit=1200%2C675&ssl=1&resize=700%2C400 2x, https:\/\/i0.wp.com\/noticiasribeiraopreto.com.br\/wp-content\/uploads\/2025\/05\/Jornal-da-Franca-Tecnologia-Golpes-virtuais-00.jpg?fit=1200%2C675&ssl=1&resize=1050%2C600 3x"},"classes":[]},{"id":11232,"url":"https:\/\/noticiasribeiraopreto.com.br\/index.php\/2023\/12\/05\/plano-de-saude-tem-que-cobrir-cirurgia-de-redesignacao-sexual\/","url_meta":{"origin":21811,"position":3},"title":"Plano de sa\u00fade tem que cobrir cirurgia de redesigna\u00e7\u00e3o sexual","author":"noticiasribeiraopreto.com.br","date":"5 de December de 2023","format":false,"excerpt":"5 de dezembro de 2023 | 17:305 de dezembro de 2023 | 15:01 1A Terceira Turma do Superior Tribunal de Justi\u00e7a (STJ) decidiu, por unanimidade, que as operadoras de plano de sa\u00fade s\u00e3o obrigadas a cobrir as cirurgias de redesigna\u00e7\u00e3o sexual.Os cinco ministros que comp\u00f5em a turma, especializada em Direito\u2026","rel":"","context":"In &quot;Not\u00edcias de Ribeir\u00e3o Preto-SP e Regi\u00e3o&quot;","block_context":{"text":"Not\u00edcias de Ribeir\u00e3o Preto-SP e Regi\u00e3o","link":"https:\/\/noticiasribeiraopreto.com.br\/index.php\/category\/noticias-de-ribeirao-preto-sp-e-regiao-ismael-colosi\/"},"img":{"alt_text":"","src":"https:\/\/i0.wp.com\/noticiasribeiraopreto.com.br\/wp-content\/uploads\/2023\/12\/sexo-scaled.jpg?fit=1000%2C598&ssl=1&resize=350%2C200","width":350,"height":200,"srcset":"https:\/\/i0.wp.com\/noticiasribeiraopreto.com.br\/wp-content\/uploads\/2023\/12\/sexo-scaled.jpg?fit=1000%2C598&ssl=1&resize=350%2C200 1x, https:\/\/i0.wp.com\/noticiasribeiraopreto.com.br\/wp-content\/uploads\/2023\/12\/sexo-scaled.jpg?fit=1000%2C598&ssl=1&resize=525%2C300 1.5x, https:\/\/i0.wp.com\/noticiasribeiraopreto.com.br\/wp-content\/uploads\/2023\/12\/sexo-scaled.jpg?fit=1000%2C598&ssl=1&resize=700%2C400 2x"},"classes":[]},{"id":32687,"url":"https:\/\/noticiasribeiraopreto.com.br\/index.php\/2024\/01\/26\/numero-de-usuarios-de-planos-de-saude-passa-de-51-milhoes-em-2023\/","url_meta":{"origin":21811,"position":4},"title":"N\u00famero de usu\u00e1rios de planos de sa\u00fade passa de 51 milh\u00f5es em 2023","author":"noticiasribeiraopreto.com.br","date":"26 de January de 2024","format":false,"excerpt":"25 de janeiro de 2024 | 14:0025 de janeiro de 2024 | 10:38 0Levantamento divulgado nesta quarta-feira (24) pela Ag\u00eancia Nacional de Sa\u00fade Suplementar (ANS) revela que o setor totalizou, em dezembro do ano passado, 51.081.018 usu\u00e1rios de planos de assist\u00eancia m\u00e9dica, superando, pela primeira vez, a marca de 51\u2026","rel":"","context":"In &quot;Not\u00edcias de Ribeir\u00e3o Preto-SP e Regi\u00e3o&quot;","block_context":{"text":"Not\u00edcias de Ribeir\u00e3o Preto-SP e Regi\u00e3o","link":"https:\/\/noticiasribeiraopreto.com.br\/index.php\/category\/noticias-de-ribeirao-preto-sp-e-regiao-ismael-colosi\/"},"img":{"alt_text":"","src":"https:\/\/i0.wp.com\/noticiasribeiraopreto.com.br\/wp-content\/uploads\/2024\/01\/9b8960ba-45c7-4867-92fa-3d2a6bf5aae5.jpg?fit=724%2C483&ssl=1&resize=350%2C200","width":350,"height":200,"srcset":"https:\/\/i0.wp.com\/noticiasribeiraopreto.com.br\/wp-content\/uploads\/2024\/01\/9b8960ba-45c7-4867-92fa-3d2a6bf5aae5.jpg?fit=724%2C483&ssl=1&resize=350%2C200 1x, https:\/\/i0.wp.com\/noticiasribeiraopreto.com.br\/wp-content\/uploads\/2024\/01\/9b8960ba-45c7-4867-92fa-3d2a6bf5aae5.jpg?fit=724%2C483&ssl=1&resize=525%2C300 1.5x, https:\/\/i0.wp.com\/noticiasribeiraopreto.com.br\/wp-content\/uploads\/2024\/01\/9b8960ba-45c7-4867-92fa-3d2a6bf5aae5.jpg?fit=724%2C483&ssl=1&resize=700%2C400 2x"},"classes":[]},{"id":16992,"url":"https:\/\/noticiasribeiraopreto.com.br\/index.php\/2023\/12\/17\/desafios-na-cobertura-de-tratamento-para-autistas-e-as-negativas-de-plano-de-saude\/","url_meta":{"origin":21811,"position":5},"title":"Desafios na cobertura de tratamento para autistas e as negativas de plano de sa\u00fade\u00a0","author":"noticiasribeiraopreto.com.br","date":"17 de December de 2023","format":false,"excerpt":"17 de dezembro de 2023 | 8:2016 de dezembro de 2023 | 13:43 0Jos\u00e9 dos Santos Santana J\u00fanior*\u00a0\u00c9 crescente a preocupa\u00e7\u00e3o em rela\u00e7\u00e3o as negativas de tratamento para indiv\u00edduos autistas por parte dos planos de sa\u00fade. Essa problem\u00e1tica levanta quest\u00f5es essenciais sobre a equidade no acesso aos cuidados de sa\u00fade\u2026","rel":"","context":"In &quot;Not\u00edcias de Ribeir\u00e3o Preto-SP e Regi\u00e3o&quot;","block_context":{"text":"Not\u00edcias de Ribeir\u00e3o Preto-SP e Regi\u00e3o","link":"https:\/\/noticiasribeiraopreto.com.br\/index.php\/category\/noticias-de-ribeirao-preto-sp-e-regiao-ismael-colosi\/"},"img":{"alt_text":"","src":"https:\/\/i0.wp.com\/noticiasribeiraopreto.com.br\/wp-content\/uploads\/2023\/12\/Jose-dos-Santos-Santana-Junior-scaled.jpg?fit=444%2C645&ssl=1&resize=350%2C200","width":350,"height":200},"classes":[]}],"jetpack_sharing_enabled":true,"jetpack_shortlink":"https:\/\/wp.me\/peQAOb-5FN","_links":{"self":[{"href":"https:\/\/noticiasribeiraopreto.com.br\/index.php\/wp-json\/wp\/v2\/posts\/21811","targetHints":{"allow":["GET"]}}],"collection":[{"href":"https:\/\/noticiasribeiraopreto.com.br\/index.php\/wp-json\/wp\/v2\/posts"}],"about":[{"href":"https:\/\/noticiasribeiraopreto.com.br\/index.php\/wp-json\/wp\/v2\/types\/post"}],"author":[{"embeddable":true,"href":"https:\/\/noticiasribeiraopreto.com.br\/index.php\/wp-json\/wp\/v2\/users\/1"}],"replies":[{"embeddable":true,"href":"https:\/\/noticiasribeiraopreto.com.br\/index.php\/wp-json\/wp\/v2\/comments?post=21811"}],"version-history":[{"count":0,"href":"https:\/\/noticiasribeiraopreto.com.br\/index.php\/wp-json\/wp\/v2\/posts\/21811\/revisions"}],"wp:featuredmedia":[{"embeddable":true,"href":"https:\/\/noticiasribeiraopreto.com.br\/index.php\/wp-json\/wp\/v2\/media\/21812"}],"wp:attachment":[{"href":"https:\/\/noticiasribeiraopreto.com.br\/index.php\/wp-json\/wp\/v2\/media?parent=21811"}],"wp:term":[{"taxonomy":"category","embeddable":true,"href":"https:\/\/noticiasribeiraopreto.com.br\/index.php\/wp-json\/wp\/v2\/categories?post=21811"},{"taxonomy":"post_tag","embeddable":true,"href":"https:\/\/noticiasribeiraopreto.com.br\/index.php\/wp-json\/wp\/v2\/tags?post=21811"}],"curies":[{"name":"wp","href":"https:\/\/api.w.org\/{rel}","templated":true}]}}