{"id":21817,"date":"2023-12-28T15:20:36","date_gmt":"2023-12-28T18:20:36","guid":{"rendered":"https:\/\/noticiasribeiraopreto.com.br\/index.php\/2023\/12\/28\/de-olho-na-folga-governo-decreta-os-feriados-e-pontos-facultativos-de-2024-veja-as-datas\/"},"modified":"2023-12-28T15:20:36","modified_gmt":"2023-12-28T18:20:36","slug":"de-olho-na-folga-governo-decreta-os-feriados-e-pontos-facultativos-de-2024-veja-as-datas","status":"publish","type":"post","link":"https:\/\/noticiasribeiraopreto.com.br\/index.php\/2023\/12\/28\/de-olho-na-folga-governo-decreta-os-feriados-e-pontos-facultativos-de-2024-veja-as-datas\/","title":{"rendered":"De olho na folga: Governo decreta os feriados e pontos facultativos de 2024; veja as datas"},"content":{"rendered":"<div class='code-block code-block-1' style='margin: 8px 0 8px auto; text-align: right; display: block; clear: both;'>\n<p><a href=\"https:\/\/wa.link\/vpicfd\"><img data-recalc-dims=\"1\" class=\"wp-image-4922\" style=\"aspect-ratio: 2.0253164556962027; width: 561px; height: auto;\" src=\"https:\/\/i0.wp.com\/ismaelcolosi.com.br\/wp-content\/uploads\/2023\/11\/grupo-de-empregos-whatsapp-e-facebook-ismael-colosi-vagas.jpg?ssl=1\" alt=\"\" \/><\/a><\/p>\n<!-- \/wp:image -->\n<\/div>\n<p> <br \/>\n<\/p>\n<div id=\"js-first-letter\">\n<p>Com o recesso de fim de ano e a proximidade de um <strong>calend\u00e1rio<\/strong> novo e vazio em m\u00e3os, procurar os dias de \u201cfolga\u201d de 2024 \u00e9 quase uma tarefa obrigat\u00f3ria \u2014 seja para programar as f\u00e9rias, viagens ou apenas um dia a mais de descanso.\u00a0<\/p>\n<p>O governo brasileiro divulgou nesta quinta-feira (28), o calend\u00e1rio oficial com os feriados e pontos facultativos do pr\u00f3ximo ano. Ao todo, ser\u00e3o nove feriados nacionais \u2014 incluindo o Dia Nacional de Zumbi e da Consci\u00eancia Negra.\u00a0<\/p>\n<p>A maioria das datas comemorativas, por sua vez, ser\u00e3o no s\u00e1bado ou domingo, o que significa menos pontos facultativos \u2014 sete no total.\u00a0<\/p>\n<p>Contudo, a depender do Estado, munic\u00edpio ou distrito, poder\u00e1 haver mais dias de folga, j\u00e1 que o calend\u00e1rio divulgado pelo governo estabelece apenas feriados nacionais.\u00a0<\/p>\n<h2 class=\"wp-block-heading\" id=\"h-feriados-em-2024\"><strong>Feriados em 2024<\/strong><\/h2>\n<p>Os feriados universais, ou seja, comuns em todo o planeta, est\u00e3o inclu\u00eddos na agenda nacional. Confira o calend\u00e1rio de 2024:\u00a0<\/p>\n<ul>\n<li>1\u00ba de janeiro, Confraterniza\u00e7\u00e3o Universal (segunda-feira);<\/li>\n<li>29 de mar\u00e7o, Paix\u00e3o de Cristo (sexta-feira);\u00a0<\/li>\n<li>21 de abril, Tiradentes (domingo);\u00a0<\/li>\n<li>1\u00ba de maio, Dia Mundial do Trabalho (quarta-feira);\u00a0<\/li>\n<li>7 de setembro, Independ\u00eancia do Brasil (s\u00e1bado);\u00a0<\/li>\n<li>12 de outubro, Nossa Senhora Aparecida (s\u00e1bado);<\/li>\n<li>2 de novembro, Finados (s\u00e1bado);\u00a0<\/li>\n<li>15 de novembro, Proclama\u00e7\u00e3o da Rep\u00fablica (sexta-feira);\u00a0<\/li>\n<li>20 de novembro, Dia Nacional de Zumbi e da Consci\u00eancia Negra (quarta-feira).<\/li>\n<\/ul>\n<h2 class=\"wp-block-heading\" id=\"h-pontos-facultativos-nbsp\"><strong>Pontos facultativos\u00a0<\/strong><\/h2>\n<p>Os pontos facultativos s\u00e3o as famosas \u201cemendas\u201d de feriados que os \u00f3rg\u00e3os p\u00fablicos ficam sem expediente. Ou seja, nesses dias espec\u00edficos n\u00e3o h\u00e1 obrigatoriedade da folga dos funcion\u00e1rios \u2014 isso fica a crit\u00e9rio das empresas.\u00a0<\/p>\n<p>Confira os pontos facultativos estabelecidos pelo governo:\u00a0<\/p>\n<ul>\n<li>12 de fevereiro, Carnaval (ter\u00e7a-feira);<\/li>\n<li>13 de fevereiro, Carnaval (quarta-feira);<\/li>\n<li>14 de fevereiro, Quarta-Feira de Cinzas (at\u00e9 as 14 horas);<\/li>\n<li>30 de maio, Corpus Christi (quinta-feira);<\/li>\n<li>31 de maio (sexta-feira);<\/li>\n<li>28 de outubro, Dia do Servidor P\u00fablico federal (segunda-feira);<\/li>\n<li>24 de dezembro, V\u00e9spera do Natal (quinta-feira, ap\u00f3s as 14 horas). <\/li>\n<\/ul>\n<p><a href=\"https:\/\/youtu.be\/hD-b4j8kMm8\">A DINHEIRISTA &#8211; ELE FOI TRA\u00cdDO PELA NOIVA E AGORA ELA AINDA QUER FICAR COM TUDO<\/a><\/p>\n<figure class=\"wp-block-embed is-type-video is-provider-youtube wp-block-embed-youtube wp-embed-aspect-16-9 wp-has-aspect-ratio\">\n<p>\n<iframe loading=\"lazy\" title=\"ELE FOI TRA\u00cdDO PELA NOIVA E AGORA ELA AINDA QUER FICAR COM TUDO! I ESPECIAL DE NATAL A DINHEIRISTA\" width=\"500\" height=\"281\" src=\"https:\/\/www.youtube.com\/embed\/hD-b4j8kMm8?feature=oembed\" frameborder=\"0\" allow=\"accelerometer; autoplay; clipboard-write; encrypted-media; gyroscope; picture-in-picture; web-share\" referrerpolicy=\"strict-origin-when-cross-origin\" allowfullscreen><\/iframe>\n<\/p>\n<\/figure>\n<h2 class=\"wp-block-heading\" id=\"h-funcionamento-da-b3-nbsp\"><strong>Funcionamento da B3\u00a0<\/strong><\/h2>\n<p>A B3 ter\u00e1 <a href=\"https:\/\/www.seudinheiro.com\/2023\/economia\/calendario-de-2024-tera-menos-feriados-que-o-de-2023-mas-b3-analisa-atualizar-datas-de-funcionamento-davs\/\" target=\"_blank\" rel=\"noreferrer noopener\">quatro feriados a menos do que em 2023, em raz\u00e3o das datas comemorativas nos finais de semana.\u00a0<\/a><\/p>\n<p>A bolsa de valores brasileira vai funcionar de junho at\u00e9 15 de novembro sem interrup\u00e7\u00f5es, apenas com as tradicionais pausas nos finais de semana. Confira o calend\u00e1rio de feriados confirmados da bolsa brasileira em 2024:<\/p>\n<ul>\n<li>Ano novo: 1\u00ba de janeiro (segunda-feira)<\/li>\n<li>Carnaval: 12 e 13 de fevereiro (segunda e ter\u00e7a-feira)<\/li>\n<li>Paix\u00e3o de Cristo: 29 de mar\u00e7o (sexta-feira)<\/li>\n<li>Dia do Trabalhador: 1\u00ba de maio (quarta-feira)<\/li>\n<li>Corpus Christi: 30 de maio (quinta-feira)<\/li>\n<li>Proclama\u00e7\u00e3o da Rep\u00fablica: 15 de novembro (sexta-feira)<\/li>\n<li>Natal: 24 e 25 de dezembro (ter\u00e7a e quarta-feira)<\/li>\n<li>Ano novo: 31 de dezembro (ter\u00e7a-feira)<\/li>\n<\/ul>\n<p>Com a inclus\u00e3o do Dia de Zumbi e da Consci\u00eancia Negra como feriado, o calend\u00e1rio da B3 ainda pode sofrer altera\u00e7\u00f5es sobre as negocia\u00e7\u00f5es na bolsa em 20 de novembro de 2024.\u00a0<\/p>\n<\/div>\n<p><br \/>\n<br \/><a href=\"https:\/\/www.seudinheiro.com\/2023\/empresas\/de-olho-na-folga-governo-decreta-os-feriados-e-pontos-facultativos-de-2024-veja-as-datas-lils\/\">Source link <\/a><\/p>\n<!-- CONTENT END 1 -->\n","protected":false},"excerpt":{"rendered":"<p>Com o recesso de fim de ano e a proximidade de um calend\u00e1rio novo e vazio em m\u00e3os, procurar os dias de \u201cfolga\u201d de 2024&#8230;<\/p>\n","protected":false},"author":1,"featured_media":21818,"comment_status":"open","ping_status":"open","sticky":false,"template":"","format":"standard","meta":{"advanced_seo_description":"","jetpack_seo_html_title":"","jetpack_seo_noindex":false,"jetpack_post_was_ever_published":false,"_jetpack_newsletter_access":"","_jetpack_dont_email_post_to_subs":false,"_jetpack_newsletter_tier_id":0,"_jetpack_memberships_contains_paywalled_content":false,"_jetpack_memberships_contains_paid_content":false,"footnotes":"","jetpack_publicize_message":"","jetpack_publicize_feature_enabled":true,"jetpack_social_post_already_shared":true,"jetpack_social_options":{"image_generator_settings":{"template":"highway","default_image_id":0,"font":"","enabled":false},"version":2}},"categories":[1235],"tags":[],"class_list":["post-21817","post","type-post","status-publish","format-standard","has-post-thumbnail","hentry","category-dinheiro-e-investimento-como-fazer-como-ganhar"],"jetpack_publicize_connections":[],"jetpack_featured_media_url":"https:\/\/i0.wp.com\/noticiasribeiraopreto.com.br\/wp-content\/uploads\/2023\/12\/3d-calendario-planejador-diario-lapis-despertador-2-715x402.jpg?fit=715%2C402&ssl=1","jetpack-related-posts":[{"id":61979,"url":"https:\/\/noticiasribeiraopreto.com.br\/index.php\/2024\/12\/30\/calendario-oficial-de-feriados-de-2025-e-divulgado-saiba-quando-tem-folga-prolongada\/","url_meta":{"origin":21817,"position":0},"title":"Calend\u00e1rio oficial de feriados de 2025 \u00e9 divulgado; Saiba quando tem folga prolongada","author":"noticiasribeiraopreto.com.br","date":"30 de December de 2024","format":false,"excerpt":"O Governo Federal publicou na edi\u00e7\u00e3o desta segunda-feira (30) o calend\u00e1rio oficial de feriados nacionais para 2025. Segundo a portaria, publicada pelo Minist\u00e9rio da Gest\u00e3o e da Inova\u00e7\u00e3o em Servi\u00e7os P\u00fablicos, ser\u00e3o quatro folgas prolongas no pr\u00f3ximo ano. O calend\u00e1rio estabelece os dias de ponto facultativo, al\u00e9m dos feriados, para\u2026","rel":"","context":"In &quot;Not\u00edcias de Ribeir\u00e3o Preto-SP e Regi\u00e3o&quot;","block_context":{"text":"Not\u00edcias de Ribeir\u00e3o Preto-SP e Regi\u00e3o","link":"https:\/\/noticiasribeiraopreto.com.br\/index.php\/category\/noticias-de-ribeirao-preto-sp-e-regiao-ismael-colosi\/"},"img":{"alt_text":"","src":"https:\/\/i0.wp.com\/noticiasribeiraopreto.com.br\/wp-content\/uploads\/2024\/12\/feriado-prolongado.jpg?fit=1200%2C800&ssl=1&resize=350%2C200","width":350,"height":200,"srcset":"https:\/\/i0.wp.com\/noticiasribeiraopreto.com.br\/wp-content\/uploads\/2024\/12\/feriado-prolongado.jpg?fit=1200%2C800&ssl=1&resize=350%2C200 1x, https:\/\/i0.wp.com\/noticiasribeiraopreto.com.br\/wp-content\/uploads\/2024\/12\/feriado-prolongado.jpg?fit=1200%2C800&ssl=1&resize=525%2C300 1.5x, https:\/\/i0.wp.com\/noticiasribeiraopreto.com.br\/wp-content\/uploads\/2024\/12\/feriado-prolongado.jpg?fit=1200%2C800&ssl=1&resize=700%2C400 2x, https:\/\/i0.wp.com\/noticiasribeiraopreto.com.br\/wp-content\/uploads\/2024\/12\/feriado-prolongado.jpg?fit=1200%2C800&ssl=1&resize=1050%2C600 3x"},"classes":[]},{"id":21830,"url":"https:\/\/noticiasribeiraopreto.com.br\/index.php\/2023\/12\/28\/confira-o-calendario-completo-e-planeje-suas-folgas-2\/","url_meta":{"origin":21817,"position":1},"title":"confira o calend\u00e1rio completo e planeje suas folgas","author":"noticiasribeiraopreto.com.br","date":"28 de December de 2023","format":false,"excerpt":"Voc\u00ea j\u00e1 est\u00e1 pensando nas suas pr\u00f3ximas f\u00e9rias? Ent\u00e3o, prepare-se para conferir o calend\u00e1rio de feriados de 2024 e planejar suas viagens, passeios e descansos. O governo federal divulgou, nesta quinta-feira (28), os dias de feriados nacionais e estabeleceu os dias de ponto facultativo, para o ano de 2024. De\u2026","rel":"","context":"In &quot;Vagas de Emprego em Ribeir\u00e3o Preto-SP&quot;","block_context":{"text":"Vagas de Emprego em Ribeir\u00e3o Preto-SP","link":"https:\/\/noticiasribeiraopreto.com.br\/index.php\/category\/empregos-classificados-vagas-trabalho\/vagas-de-empregos-em-ribeirao-preto-regiao-brasil\/"},"img":{"alt_text":"","src":"https:\/\/i0.wp.com\/noticiasribeiraopreto.com.br\/wp-content\/uploads\/2023\/12\/praia-rj-agencia-brasil.jpg?fit=1200%2C675&ssl=1&resize=350%2C200","width":350,"height":200,"srcset":"https:\/\/i0.wp.com\/noticiasribeiraopreto.com.br\/wp-content\/uploads\/2023\/12\/praia-rj-agencia-brasil.jpg?fit=1200%2C675&ssl=1&resize=350%2C200 1x, https:\/\/i0.wp.com\/noticiasribeiraopreto.com.br\/wp-content\/uploads\/2023\/12\/praia-rj-agencia-brasil.jpg?fit=1200%2C675&ssl=1&resize=525%2C300 1.5x, https:\/\/i0.wp.com\/noticiasribeiraopreto.com.br\/wp-content\/uploads\/2023\/12\/praia-rj-agencia-brasil.jpg?fit=1200%2C675&ssl=1&resize=700%2C400 2x, https:\/\/i0.wp.com\/noticiasribeiraopreto.com.br\/wp-content\/uploads\/2023\/12\/praia-rj-agencia-brasil.jpg?fit=1200%2C675&ssl=1&resize=1050%2C600 3x"},"classes":[]},{"id":23752,"url":"https:\/\/noticiasribeiraopreto.com.br\/index.php\/2024\/01\/02\/brasil-tera-novo-feriado-a-partir-deste-ano-meu-valor-digital\/","url_meta":{"origin":21817,"position":2},"title":"Brasil ter\u00e1 novo feriado a partir deste ano &#8211; Meu Valor Digital","author":"noticiasribeiraopreto.com.br","date":"2 de January de 2024","format":false,"excerpt":"Muitos brasileiros podem achar que o pa\u00eds j\u00e1 tem feriado demais! Para desagrado dessa parcela de cidad\u00e3os, em 2024, teremos mais um feriado nacional. Teremos dez feriados nacionais, sendo que apenas tr\u00eas v\u00e3o cair pr\u00f3ximos a um fim de semana, ou seja, na segunda-feira ou na sexta-feira. Essas s\u00e3o aquelas\u2026","rel":"","context":"In &quot;Vagas de Emprego em Ribeir\u00e3o Preto-SP&quot;","block_context":{"text":"Vagas de Emprego em Ribeir\u00e3o Preto-SP","link":"https:\/\/noticiasribeiraopreto.com.br\/index.php\/category\/empregos-classificados-vagas-trabalho\/vagas-de-empregos-em-ribeirao-preto-regiao-brasil\/"},"img":{"alt_text":"","src":"https:\/\/i0.wp.com\/noticiasribeiraopreto.com.br\/wp-content\/uploads\/2024\/01\/4-feriado.jpg?fit=1200%2C800&ssl=1&resize=350%2C200","width":350,"height":200,"srcset":"https:\/\/i0.wp.com\/noticiasribeiraopreto.com.br\/wp-content\/uploads\/2024\/01\/4-feriado.jpg?fit=1200%2C800&ssl=1&resize=350%2C200 1x, https:\/\/i0.wp.com\/noticiasribeiraopreto.com.br\/wp-content\/uploads\/2024\/01\/4-feriado.jpg?fit=1200%2C800&ssl=1&resize=525%2C300 1.5x, https:\/\/i0.wp.com\/noticiasribeiraopreto.com.br\/wp-content\/uploads\/2024\/01\/4-feriado.jpg?fit=1200%2C800&ssl=1&resize=700%2C400 2x, https:\/\/i0.wp.com\/noticiasribeiraopreto.com.br\/wp-content\/uploads\/2024\/01\/4-feriado.jpg?fit=1200%2C800&ssl=1&resize=1050%2C600 3x"},"classes":[]},{"id":19738,"url":"https:\/\/noticiasribeiraopreto.com.br\/index.php\/2023\/12\/23\/programe-se-para-os-feriados-nacionais-saiba-quais-serao-prolongados-2\/","url_meta":{"origin":21817,"position":3},"title":"programe-se para os feriados nacionais; Saiba quais ser\u00e3o prolongados","author":"noticiasribeiraopreto.com.br","date":"23 de December de 2023","format":false,"excerpt":"O presidente Luiz In\u00e1cio Lula da Silva sancionou uma medida hist\u00f3rica na \u00faltima quinta (21), marcando uma conquista significativa na luta pela igualdade racial no Brasil. O Dia Nacional de Zumbi e da Consci\u00eancia Negra, celebrado em 20 de novembro, foi oficializado como um novo feriado nacional. Com essa adi\u00e7\u00e3o,\u2026","rel":"","context":"In &quot;Vagas de Emprego em Ribeir\u00e3o Preto-SP&quot;","block_context":{"text":"Vagas de Emprego em Ribeir\u00e3o Preto-SP","link":"https:\/\/noticiasribeiraopreto.com.br\/index.php\/category\/empregos-classificados-vagas-trabalho\/vagas-de-empregos-em-ribeirao-preto-regiao-brasil\/"},"img":{"alt_text":"","src":"https:\/\/i0.wp.com\/noticiasribeiraopreto.com.br\/wp-content\/uploads\/2023\/12\/concursos-publicos-abertos-feriado-12-outubro-.jpg?fit=1200%2C675&ssl=1&resize=350%2C200","width":350,"height":200,"srcset":"https:\/\/i0.wp.com\/noticiasribeiraopreto.com.br\/wp-content\/uploads\/2023\/12\/concursos-publicos-abertos-feriado-12-outubro-.jpg?fit=1200%2C675&ssl=1&resize=350%2C200 1x, https:\/\/i0.wp.com\/noticiasribeiraopreto.com.br\/wp-content\/uploads\/2023\/12\/concursos-publicos-abertos-feriado-12-outubro-.jpg?fit=1200%2C675&ssl=1&resize=525%2C300 1.5x, https:\/\/i0.wp.com\/noticiasribeiraopreto.com.br\/wp-content\/uploads\/2023\/12\/concursos-publicos-abertos-feriado-12-outubro-.jpg?fit=1200%2C675&ssl=1&resize=700%2C400 2x, https:\/\/i0.wp.com\/noticiasribeiraopreto.com.br\/wp-content\/uploads\/2023\/12\/concursos-publicos-abertos-feriado-12-outubro-.jpg?fit=1200%2C675&ssl=1&resize=1050%2C600 3x"},"classes":[]},{"id":23807,"url":"https:\/\/noticiasribeiraopreto.com.br\/index.php\/2024\/01\/03\/veja-quando-sera-o-proximo-feriado-nacional\/","url_meta":{"origin":21817,"position":4},"title":"veja quando ser\u00e1 o pr\u00f3ximo feriado nacional","author":"noticiasribeiraopreto.com.br","date":"3 de January de 2024","format":false,"excerpt":"Esta ter\u00e7a-feira (2), \u00e9 o primeiro dia \u00fatil do ano de 2024. Para boa parte dos trabalhadores, esta \u00e9 a data de retorno aos trabalhos. Quem n\u00e3o est\u00e1 curtindo as f\u00e9rias, certamente j\u00e1 est\u00e1 de olho nos pr\u00f3ximos feriados. Mas afinal de contas, falta muito para a pr\u00f3xima folga? Em\u2026","rel":"","context":"In &quot;Vagas de Emprego em Ribeir\u00e3o Preto-SP&quot;","block_context":{"text":"Vagas de Emprego em Ribeir\u00e3o Preto-SP","link":"https:\/\/noticiasribeiraopreto.com.br\/index.php\/category\/empregos-classificados-vagas-trabalho\/vagas-de-empregos-em-ribeirao-preto-regiao-brasil\/"},"img":{"alt_text":"","src":"https:\/\/i0.wp.com\/noticiasribeiraopreto.com.br\/wp-content\/uploads\/2024\/01\/noticiasconcursos.com_.br-calendario-veja-quando-sera-o-proximo-feriado-nacional-nc-12.jpg?fit=800%2C400&ssl=1&resize=350%2C200","width":350,"height":200,"srcset":"https:\/\/i0.wp.com\/noticiasribeiraopreto.com.br\/wp-content\/uploads\/2024\/01\/noticiasconcursos.com_.br-calendario-veja-quando-sera-o-proximo-feriado-nacional-nc-12.jpg?fit=800%2C400&ssl=1&resize=350%2C200 1x, https:\/\/i0.wp.com\/noticiasribeiraopreto.com.br\/wp-content\/uploads\/2024\/01\/noticiasconcursos.com_.br-calendario-veja-quando-sera-o-proximo-feriado-nacional-nc-12.jpg?fit=800%2C400&ssl=1&resize=525%2C300 1.5x, https:\/\/i0.wp.com\/noticiasribeiraopreto.com.br\/wp-content\/uploads\/2024\/01\/noticiasconcursos.com_.br-calendario-veja-quando-sera-o-proximo-feriado-nacional-nc-12.jpg?fit=800%2C400&ssl=1&resize=700%2C400 2x"},"classes":[]},{"id":51261,"url":"https:\/\/noticiasribeiraopreto.com.br\/index.php\/2024\/05\/24\/corpus-christi-e-feriado-ou-ponto-facultativo-entenda-regras-sobre-folgas\/","url_meta":{"origin":21817,"position":5},"title":"Corpus Christi \u00e9 feriado ou ponto facultativo? Entenda regras sobre folgas","author":"noticiasribeiraopreto.com.br","date":"24 de May de 2024","format":false,"excerpt":"Tha\u00eds Matosi Tha\u00eds Matos 24\/05\/2024 - 15:57 Embora muitas celebra\u00e7\u00f5es cat\u00f3licas tenham sido incorporadas ao calend\u00e1rio de feriados nacionais, como a Paix\u00e3o de Cristo, algumas no entanto n\u00e3o entraram na lista. \u00c9 o caso do Corpus Christi, que ser\u00e1 celebrado, na pr\u00f3xima quinta-feira, 30.Celebrado na quinta-feira imediatamente depois do domingo\u2026","rel":"","context":"In &quot;Empregos - Classificados&quot;","block_context":{"text":"Empregos - Classificados","link":"https:\/\/noticiasribeiraopreto.com.br\/index.php\/category\/empregos-classificados-vagas-trabalho\/"},"img":{"alt_text":"","src":"https:\/\/i0.wp.com\/noticiasribeiraopreto.com.br\/wp-content\/uploads\/2024\/05\/962354-tapete-corpus-cristi-rj-4-e1655295026947.jpg?fit=640%2C383&ssl=1&resize=350%2C200","width":350,"height":200,"srcset":"https:\/\/i0.wp.com\/noticiasribeiraopreto.com.br\/wp-content\/uploads\/2024\/05\/962354-tapete-corpus-cristi-rj-4-e1655295026947.jpg?fit=640%2C383&ssl=1&resize=350%2C200 1x, https:\/\/i0.wp.com\/noticiasribeiraopreto.com.br\/wp-content\/uploads\/2024\/05\/962354-tapete-corpus-cristi-rj-4-e1655295026947.jpg?fit=640%2C383&ssl=1&resize=525%2C300 1.5x"},"classes":[]}],"jetpack_sharing_enabled":true,"jetpack_shortlink":"https:\/\/wp.me\/peQAOb-5FT","_links":{"self":[{"href":"https:\/\/noticiasribeiraopreto.com.br\/index.php\/wp-json\/wp\/v2\/posts\/21817","targetHints":{"allow":["GET"]}}],"collection":[{"href":"https:\/\/noticiasribeiraopreto.com.br\/index.php\/wp-json\/wp\/v2\/posts"}],"about":[{"href":"https:\/\/noticiasribeiraopreto.com.br\/index.php\/wp-json\/wp\/v2\/types\/post"}],"author":[{"embeddable":true,"href":"https:\/\/noticiasribeiraopreto.com.br\/index.php\/wp-json\/wp\/v2\/users\/1"}],"replies":[{"embeddable":true,"href":"https:\/\/noticiasribeiraopreto.com.br\/index.php\/wp-json\/wp\/v2\/comments?post=21817"}],"version-history":[{"count":0,"href":"https:\/\/noticiasribeiraopreto.com.br\/index.php\/wp-json\/wp\/v2\/posts\/21817\/revisions"}],"wp:featuredmedia":[{"embeddable":true,"href":"https:\/\/noticiasribeiraopreto.com.br\/index.php\/wp-json\/wp\/v2\/media\/21818"}],"wp:attachment":[{"href":"https:\/\/noticiasribeiraopreto.com.br\/index.php\/wp-json\/wp\/v2\/media?parent=21817"}],"wp:term":[{"taxonomy":"category","embeddable":true,"href":"https:\/\/noticiasribeiraopreto.com.br\/index.php\/wp-json\/wp\/v2\/categories?post=21817"},{"taxonomy":"post_tag","embeddable":true,"href":"https:\/\/noticiasribeiraopreto.com.br\/index.php\/wp-json\/wp\/v2\/tags?post=21817"}],"curies":[{"name":"wp","href":"https:\/\/api.w.org\/{rel}","templated":true}]}}