{"id":21819,"date":"2023-12-28T15:25:14","date_gmt":"2023-12-28T18:25:14","guid":{"rendered":"https:\/\/noticiasribeiraopreto.com.br\/index.php\/2023\/12\/28\/viu-um-possivel-bloqueio-no-instagram-aprenda-agora-como-confirmar\/"},"modified":"2023-12-28T15:25:14","modified_gmt":"2023-12-28T18:25:14","slug":"viu-um-possivel-bloqueio-no-instagram-aprenda-agora-como-confirmar","status":"publish","type":"post","link":"https:\/\/noticiasribeiraopreto.com.br\/index.php\/2023\/12\/28\/viu-um-possivel-bloqueio-no-instagram-aprenda-agora-como-confirmar\/","title":{"rendered":"Viu um poss\u00edvel bloqueio no Instagram? Aprenda agora como confirmar"},"content":{"rendered":"<div class='code-block code-block-1' style='margin: 8px 0 8px auto; text-align: right; display: block; clear: both;'>\n<p><a href=\"https:\/\/wa.link\/vpicfd\"><img data-recalc-dims=\"1\" class=\"wp-image-4922\" style=\"aspect-ratio: 2.0253164556962027; width: 561px; height: auto;\" src=\"https:\/\/i0.wp.com\/ismaelcolosi.com.br\/wp-content\/uploads\/2023\/11\/grupo-de-empregos-whatsapp-e-facebook-ismael-colosi-vagas.jpg?ssl=1\" alt=\"\" \/><\/a><\/p>\n<!-- \/wp:image -->\n<\/div>\n<p> <br \/>\n<\/p>\n<div>\n<div id=\"attachment_2329052\" class=\"wp-caption alignnone\">\n<div class=\"d-flex justify-content-center\" data-attachment-id=\"2329052\">\n<div class=\"position-relative d-inline-block\"><img data-recalc-dims=\"1\" data-portal-copyright=\"Depositphotos\/rafapress\" fetchpriority=\"high\" decoding=\"async\" class=\"size-full wp-image-2329052\" src=\"https:\/\/i0.wp.com\/catracalivre.com.br\/wp-content\/uploads\/2023\/12\/depositphotos-396530480-xl-scaled.jpg?resize=2560%2C1707&#038;ssl=1\" alt=\"Tire suas d\u00favidas sobre um poss\u00edvel bloqueio no Instagram\" width=\"2560\" height=\"1707\" srcset=\"https:\/\/catracalivre.com.br\/wp-content\/uploads\/2023\/12\/depositphotos-396530480-xl-scaled.jpg 2560w, https:\/\/catracalivre.com.br\/wp-content\/uploads\/2023\/12\/depositphotos-396530480-xl-450x300.jpg 450w, https:\/\/catracalivre.com.br\/wp-content\/uploads\/2023\/12\/depositphotos-396530480-xl-768x512.jpg 768w\" sizes=\"(max-width: 2560px) 100vw, 2560px\"\/><\/p>\n<p>Cr\u00e9ditos: Depositphotos\/rafapress<\/p>\n<\/div>\n<\/div>\n<p><span class=\"post-imagem__legenda\">Tire suas d\u00favidas sobre um poss\u00edvel bloqueio no Instagram<\/span><\/p>\n<\/div>\n<p>O Instagram figura como uma das redes sociais mais populares e tem estado cada vez mais presente na <a href=\"https:\/\/catracalivre.com.br\/entretenimento\/aprenda-a-tirar-o-visto-por-ultimo-do-instagram-com-o-passo-a-passo\/\" target=\"_blank\" rel=\"noopener\">rotina dos milhares de usu\u00e1rios<\/a>.<\/p>\n<p>Sua capacidade de <a href=\"https:\/\/catracalivre.com.br\/entretenimento\/veja-como-rever-todos-os-stories-que-voce-ja-postou-no-instagram\/\" target=\"_blank\" rel=\"noopener\">aproximar pessoas distantes<\/a> tamb\u00e9m \u00e9 reconhecida. Por\u00e9m, na mesma medida, a ferramenta tem sido usada para romper rela\u00e7\u00f5es, atrav\u00e9s do <a href=\"https:\/\/catracalivre.com.br\/entretenimento\/descubra-agora-se-voce-foi-bloqueado-no-whatsapp-com-estes-passos\/\" target=\"_blank\" rel=\"noopener\">bloqueio de contas<\/a>.<\/p>\n<p>O bloqueio, que promove a interrup\u00e7\u00e3o de intera\u00e7\u00e3o com determinadas contas, ocorre sem notificar o usu\u00e1rio bloqueado, permitindo d\u00favidas sobre sua realiza\u00e7\u00e3o. Sendo assim, \u00e9 poss\u00edvel usar <a href=\"https:\/\/catracalivre.com.br\/entretenimento\/aprenda-a-ocultar-e-bloquear-com-senha-uma-conversa-especifica-no-whatsapp\/\" target=\"_blank\" rel=\"noopener\">m\u00e9todos de confirma\u00e7\u00e3o<\/a> para averiguar se determinada conta deu \u201cblock\u201d ou n\u00e3o.<\/p>\n<h2>Como confirmar um bloqueio no Instagram?<\/h2>\n<p>O m\u00e9todo mais direto de fazer isso \u00e9 a realiza\u00e7\u00e3o de uma <strong>busca pelo nome da conta<\/strong> suspeita no Instagram. O n\u00e3o aparecimento do perfil poderia sugerir um poss\u00edvel bloqueio, embora tamb\u00e9m possa significar que a conta foi deletada ou que houve uma mudan\u00e7a no username.<\/p>\n<p>Uma outra t\u00e9cnica segura \u00e9 a <strong>checagem das mensagens diretas<\/strong>. Ao buscar as intera\u00e7\u00f5es, caso o perfil apare\u00e7a como \u201cUsu\u00e1rio do Instagram\u201d e n\u00e3o exiba seus seguidores ou postagens, provavelmente voc\u00ea est\u00e1 bloqueado por ele.<\/p>\n<div id=\"attachment_2329051\" class=\"wp-caption alignnone\">\n<div class=\"d-flex justify-content-center\" data-attachment-id=\"2329051\">\n<div class=\"position-relative d-inline-block\"><img data-recalc-dims=\"1\" loading=\"lazy\" data-portal-copyright=\"Captura de tela do Instagram\" decoding=\"async\" class=\"size-full wp-image-2329051\" src=\"https:\/\/i0.wp.com\/catracalivre.com.br\/wp-content\/uploads\/2023\/12\/img-20231218-wa0463.jpg?resize=828%2C375&#038;ssl=1\" alt=\"Truques para confirmar um bloqueio no Instagram\" width=\"828\" height=\"375\" srcset=\"https:\/\/catracalivre.com.br\/wp-content\/uploads\/2023\/12\/img-20231218-wa0463.jpg 828w, https:\/\/catracalivre.com.br\/wp-content\/uploads\/2023\/12\/img-20231218-wa0463-450x204.jpg 450w, https:\/\/catracalivre.com.br\/wp-content\/uploads\/2023\/12\/img-20231218-wa0463-768x348.jpg 768w\" sizes=\"auto, (max-width: 828px) 100vw, 828px\"\/><\/p>\n<p>Cr\u00e9ditos: Captura de tela do Instagram<\/p>\n<\/div>\n<\/div>\n<p><span class=\"post-imagem__legenda\">Truques para confirmar um bloqueio no Instagram<\/span><\/p>\n<\/div>\n<h2>Existem outras maneiras de verificar um bloqueio?<\/h2>\n<p>Um \u00faltimo recurso para tentar, caso voc\u00ea possua, \u00e9 a <strong>verifica\u00e7\u00e3o do link direto do perfil <\/strong>em\u00a0<a href=\"https:\/\/instagram.com\/\" target=\"_blank\" rel=\"noopener\">instagram.com\/<\/a>[Nome da conta]. Quando acessado no navegador, o browser deveria exibir o perfil. Se, no entanto, voc\u00ea recebe a mensagem de p\u00e1gina indispon\u00edvel, existe a possibilidade de que voc\u00ea tenha levado um \u201cblock\u201d.<\/p>\n<p>Experimente tamb\u00e9m usar um modo de navega\u00e7\u00e3o an\u00f4nima e colar a URL do perfil que deseja checar. Aqui, independente de um bloqueio, voc\u00ea dever\u00e1 ter visibilidade do perfil.<\/p>\n<p>Caso apare\u00e7a novamente a mensagem de p\u00e1gina indispon\u00edvel, tome isso como forte ind\u00edcio de que o perfil n\u00e3o existe mais. Por outro lado, se aparecer o perfil normalmente, pode significar que sua conta, especificamente, acabou sendo bloqueada pelo usu\u00e1rio.<\/p>\n<p>Vale considerar por fim que, se algu\u00e9m n\u00e3o quer mais interagir com voc\u00ea no Instagram, isso deve permanecer como uma escolha individual. Respeitar essa decis\u00e3o \u00e9 o caminho mais sensato a se optar.<\/p>\n<\/div>\n<p><script>\n\t\t! function(f, b, e, v, n, t, s) {\n\t\t\tif (f.fbq) return;\n\t\t\tn = f.fbq = function() {\n\t\t\t\tn.callMethod ?\n\t\t\t\t\tn.callMethod.apply(n, arguments) : n.queue.push(arguments)\n\t\t\t};\n\t\t\tif (!f._fbq) f._fbq = n;\n\t\t\tn.push = n;\n\t\t\tn.loaded = !0;\n\t\t\tn.version = '2.0';\n\t\t\tn.queue = [];\n\t\t\tt = b.createElement(e);\n\t\t\tt.async = !0;\n\t\t\tt.src = v;\n\t\t\ts = b.getElementsByTagName(e)[0];\n\t\t\ts.parentNode.insertBefore(t, s)\n\t\t}(window, document, 'script',\n\t\t\t'https:\/\/connect.facebook.net\/en_US\/fbevents.js');\n\t\tfbq('init', '338315473262380');\n\t\tfbq('track', 'PageView');\n\t<\/script><script async src=\"\/\/www.instagram.com\/embed.js\"><\/script><br \/>\n<br \/><br \/>\n<br \/><a href=\"https:\/\/catracalivre.com.br\/entretenimento\/recebeu-block-no-instagram-aprenda-como-confirmar\/\">Source link <\/a><\/p>\n<!-- CONTENT END 1 -->\n","protected":false},"excerpt":{"rendered":"<p>Cr\u00e9ditos: Depositphotos\/rafapress Tire suas d\u00favidas sobre um poss\u00edvel bloqueio no Instagram O Instagram figura como uma das redes sociais mais populares e tem estado cada&#8230;<\/p>\n","protected":false},"author":1,"featured_media":21820,"comment_status":"open","ping_status":"open","sticky":false,"template":"","format":"standard","meta":{"advanced_seo_description":"","jetpack_seo_html_title":"","jetpack_seo_noindex":false,"jetpack_post_was_ever_published":false,"_jetpack_newsletter_access":"","_jetpack_dont_email_post_to_subs":false,"_jetpack_newsletter_tier_id":0,"_jetpack_memberships_contains_paywalled_content":false,"_jetpack_memberships_contains_paid_content":false,"footnotes":"","jetpack_publicize_message":"","jetpack_publicize_feature_enabled":true,"jetpack_social_post_already_shared":true,"jetpack_social_options":{"image_generator_settings":{"template":"highway","default_image_id":0,"font":"","enabled":false},"version":2}},"categories":[19],"tags":[],"class_list":["post-21819","post","type-post","status-publish","format-standard","has-post-thumbnail","hentry","category-variedades"],"jetpack_publicize_connections":[],"jetpack_featured_media_url":"https:\/\/i0.wp.com\/noticiasribeiraopreto.com.br\/wp-content\/uploads\/2023\/12\/depositphotos-396530480-xl-scaled.jpg?fit=1200%2C638&ssl=1","jetpack-related-posts":[{"id":27319,"url":"https:\/\/noticiasribeiraopreto.com.br\/index.php\/2024\/01\/11\/motorista-fura-bloqueio-no-rs-e-caminhao-quase-cai-de-ponte-que-foi-destruida-por-tempestade\/","url_meta":{"origin":21819,"position":0},"title":"Motorista fura bloqueio no RS e caminh\u00e3o quase cai de ponte que foi destru\u00edda por tempestade","author":"noticiasribeiraopreto.com.br","date":"11 de January de 2024","format":false,"excerpt":"Em uma manh\u00e3 que quase se transformou em trag\u00e9dia, um motorista por pouco n\u00e3o caiu de uma ponte na ERS-431, ligando Bento Gon\u00e7alves a S\u00e3o Valentim do Sul, no Rio Grande do Sul.O incidente, ocorrido na \u00faltima quarta, dia 10 de janeiro, colocou em evid\u00eancia o perigo de ignorar bloqueios\u2026","rel":"","context":"In &quot;Blog&quot;","block_context":{"text":"Blog","link":"https:\/\/noticiasribeiraopreto.com.br\/index.php\/category\/blog\/"},"img":{"alt_text":"","src":"https:\/\/i0.wp.com\/noticiasribeiraopreto.com.br\/wp-content\/uploads\/2024\/01\/postimg-65a0a4782ff9c1310.jpg?fit=1200%2C628&ssl=1&resize=350%2C200","width":350,"height":200,"srcset":"https:\/\/i0.wp.com\/noticiasribeiraopreto.com.br\/wp-content\/uploads\/2024\/01\/postimg-65a0a4782ff9c1310.jpg?fit=1200%2C628&ssl=1&resize=350%2C200 1x, https:\/\/i0.wp.com\/noticiasribeiraopreto.com.br\/wp-content\/uploads\/2024\/01\/postimg-65a0a4782ff9c1310.jpg?fit=1200%2C628&ssl=1&resize=525%2C300 1.5x, https:\/\/i0.wp.com\/noticiasribeiraopreto.com.br\/wp-content\/uploads\/2024\/01\/postimg-65a0a4782ff9c1310.jpg?fit=1200%2C628&ssl=1&resize=700%2C400 2x, https:\/\/i0.wp.com\/noticiasribeiraopreto.com.br\/wp-content\/uploads\/2024\/01\/postimg-65a0a4782ff9c1310.jpg?fit=1200%2C628&ssl=1&resize=1050%2C600 3x"},"classes":[]},{"id":46778,"url":"https:\/\/noticiasribeiraopreto.com.br\/index.php\/2024\/04\/15\/caminhao-arranca-semaforo-na-via-francisco-maggioni-em-ribeirao-ha-bloqueio-no-transito\/","url_meta":{"origin":21819,"position":1},"title":"Caminh\u00e3o arranca sem\u00e1foro na Via Francisco Maggioni em Ribeir\u00e3o; H\u00e1 bloqueio no tr\u00e2nsito","author":"noticiasribeiraopreto.com.br","date":"15 de April de 2024","format":false,"excerpt":"A Via Francisco Maggioni amanheceu sem o sem\u00e1foro nesta segunda-feira (15), na altura da rua Municipal, logo ap\u00f3s a rotat\u00f3ria Anim Calil, no sentido Centro-bairro, em Ribeir\u00e3o Preto. Segundo a RP Mobi, um caminh\u00e3o danificou a estrutura do equipamento e levou o porta foco, aparelho com as luzes do sem\u00e1foro.\u2026","rel":"","context":"In &quot;Not\u00edcias de Ribeir\u00e3o Preto-SP e Regi\u00e3o&quot;","block_context":{"text":"Not\u00edcias de Ribeir\u00e3o Preto-SP e Regi\u00e3o","link":"https:\/\/noticiasribeiraopreto.com.br\/index.php\/category\/noticias-de-ribeirao-preto-sp-e-regiao-ismael-colosi\/"},"img":{"alt_text":"","src":"https:\/\/i0.wp.com\/noticiasribeiraopreto.com.br\/wp-content\/uploads\/2024\/04\/WhatsApp-Image-2024-04-15-at-07.50.06-scaled.webp.webp?fit=1200%2C900&ssl=1&resize=350%2C200","width":350,"height":200,"srcset":"https:\/\/i0.wp.com\/noticiasribeiraopreto.com.br\/wp-content\/uploads\/2024\/04\/WhatsApp-Image-2024-04-15-at-07.50.06-scaled.webp.webp?fit=1200%2C900&ssl=1&resize=350%2C200 1x, https:\/\/i0.wp.com\/noticiasribeiraopreto.com.br\/wp-content\/uploads\/2024\/04\/WhatsApp-Image-2024-04-15-at-07.50.06-scaled.webp.webp?fit=1200%2C900&ssl=1&resize=525%2C300 1.5x, https:\/\/i0.wp.com\/noticiasribeiraopreto.com.br\/wp-content\/uploads\/2024\/04\/WhatsApp-Image-2024-04-15-at-07.50.06-scaled.webp.webp?fit=1200%2C900&ssl=1&resize=700%2C400 2x, https:\/\/i0.wp.com\/noticiasribeiraopreto.com.br\/wp-content\/uploads\/2024\/04\/WhatsApp-Image-2024-04-15-at-07.50.06-scaled.webp.webp?fit=1200%2C900&ssl=1&resize=1050%2C600 3x"},"classes":[]},{"id":69426,"url":"https:\/\/noticiasribeiraopreto.com.br\/index.php\/2025\/05\/06\/veranico-no-outono-entenda-o-bloqueio-que-causa-temperaturas-elevadas-no-interior-de-sp\/","url_meta":{"origin":21819,"position":2},"title":"Veranico no outono: Entenda o bloqueio que causa temperaturas elevadas no interior de SP","author":"noticiasribeiraopreto.com.br","date":"6 de May de 2025","format":false,"excerpt":"Um bloqueio atmosf\u00e9rico dificulta o deslocamento normal das frentes frias para o Sudeste, reduz a umidade do ar e diminui as condi\u00e7\u00f5es de chuva nesta semana. Segundo a Climatempo, as temperaturas ter\u00e3o uma grande eleva\u00e7\u00e3o nos pr\u00f3ximos dias. No interior de S\u00e3o Paulo, a previs\u00e3o aponta entre 3\u00b0C a 5\u00b0C\u2026","rel":"","context":"In &quot;Not\u00edcias de Ribeir\u00e3o Preto-SP e Regi\u00e3o&quot;","block_context":{"text":"Not\u00edcias de Ribeir\u00e3o Preto-SP e Regi\u00e3o","link":"https:\/\/noticiasribeiraopreto.com.br\/index.php\/category\/noticias-de-ribeirao-preto-sp-e-regiao-ismael-colosi\/"},"img":{"alt_text":"","src":"https:\/\/i0.wp.com\/noticiasribeiraopreto.com.br\/wp-content\/uploads\/2024\/09\/Imagem-do-WhatsApp-de-2024-09-05-as-12.42.28_b99b5e7f_2024-09-05_15-43-27_jpg_2024-09-05_15-43-28-scaled.webp.webp?fit=1200%2C494&ssl=1&resize=350%2C200","width":350,"height":200,"srcset":"https:\/\/i0.wp.com\/noticiasribeiraopreto.com.br\/wp-content\/uploads\/2024\/09\/Imagem-do-WhatsApp-de-2024-09-05-as-12.42.28_b99b5e7f_2024-09-05_15-43-27_jpg_2024-09-05_15-43-28-scaled.webp.webp?fit=1200%2C494&ssl=1&resize=350%2C200 1x, https:\/\/i0.wp.com\/noticiasribeiraopreto.com.br\/wp-content\/uploads\/2024\/09\/Imagem-do-WhatsApp-de-2024-09-05-as-12.42.28_b99b5e7f_2024-09-05_15-43-27_jpg_2024-09-05_15-43-28-scaled.webp.webp?fit=1200%2C494&ssl=1&resize=525%2C300 1.5x, https:\/\/i0.wp.com\/noticiasribeiraopreto.com.br\/wp-content\/uploads\/2024\/09\/Imagem-do-WhatsApp-de-2024-09-05-as-12.42.28_b99b5e7f_2024-09-05_15-43-27_jpg_2024-09-05_15-43-28-scaled.webp.webp?fit=1200%2C494&ssl=1&resize=700%2C400 2x, https:\/\/i0.wp.com\/noticiasribeiraopreto.com.br\/wp-content\/uploads\/2024\/09\/Imagem-do-WhatsApp-de-2024-09-05-as-12.42.28_b99b5e7f_2024-09-05_15-43-27_jpg_2024-09-05_15-43-28-scaled.webp.webp?fit=1200%2C494&ssl=1&resize=1050%2C600 3x"},"classes":[]},{"id":67656,"url":"https:\/\/noticiasribeiraopreto.com.br\/index.php\/2025\/04\/16\/jornal-da-franca-cansado-do-celular-conheca-7-aplicativos-para-monitorar-e-reduzir-o-tempo-de-tela\/","url_meta":{"origin":21819,"position":3},"title":"Jornal da Franca &#8211; Cansado do celular? Conhe\u00e7a 7 aplicativos para monitorar e reduzir o tempo de tela","author":"noticiasribeiraopreto.com.br","date":"16 de April de 2025","format":false,"excerpt":"compartilhar no whatsapp compartilhar no telegram compartilhar no facebook compartilhar no linkedin Aplicativos ajudam a monitorar e reduzir o tempo de tela em aparelhos iPhone e Android Al\u00e9m de ajudar na produtividade, alguns apps tamb\u00e9m s\u00e3o ideais para diminuir o tempo de tela no celular \u2013 foto Freepik \u00a0 Aplicativos\u2026","rel":"","context":"In &quot;Not\u00edcias de Franca-SP&quot;","block_context":{"text":"Not\u00edcias de Franca-SP","link":"https:\/\/noticiasribeiraopreto.com.br\/index.php\/category\/noticias-de-ribeirao-preto-sp-e-regiao-ismael-colosi\/noticias-franca-sp\/"},"img":{"alt_text":"","src":"https:\/\/i0.wp.com\/noticiasribeiraopreto.com.br\/wp-content\/uploads\/2025\/04\/aplicativos-de-celular-mulher-usando-scaled.jpg?fit=1200%2C921&ssl=1&resize=350%2C200","width":350,"height":200,"srcset":"https:\/\/i0.wp.com\/noticiasribeiraopreto.com.br\/wp-content\/uploads\/2025\/04\/aplicativos-de-celular-mulher-usando-scaled.jpg?fit=1200%2C921&ssl=1&resize=350%2C200 1x, https:\/\/i0.wp.com\/noticiasribeiraopreto.com.br\/wp-content\/uploads\/2025\/04\/aplicativos-de-celular-mulher-usando-scaled.jpg?fit=1200%2C921&ssl=1&resize=525%2C300 1.5x, https:\/\/i0.wp.com\/noticiasribeiraopreto.com.br\/wp-content\/uploads\/2025\/04\/aplicativos-de-celular-mulher-usando-scaled.jpg?fit=1200%2C921&ssl=1&resize=700%2C400 2x, https:\/\/i0.wp.com\/noticiasribeiraopreto.com.br\/wp-content\/uploads\/2025\/04\/aplicativos-de-celular-mulher-usando-scaled.jpg?fit=1200%2C921&ssl=1&resize=1050%2C600 3x"},"classes":[]},{"id":57075,"url":"https:\/\/noticiasribeiraopreto.com.br\/index.php\/2024\/08\/22\/incendio-de-grandes-proporcoes-provoca-bloqueio-de-rodovia-na-regiao-de-ribeirao-video\/","url_meta":{"origin":21819,"position":4},"title":"Inc\u00eandio de grandes propor\u00e7\u00f5es provoca bloqueio de rodovia na regi\u00e3o de Ribeir\u00e3o; V\u00eddeo","author":"noticiasribeiraopreto.com.br","date":"22 de August de 2024","format":false,"excerpt":"Um inc\u00eandio de grandes propor\u00e7\u00f5es foi registrado no in\u00edcio da tarde desta quinta-feira (22), \u00e0s margens da rodovia Armando de Salles Oliveira, entre Pitangueiras e Bebedouro, na regi\u00e3o de Ribeir\u00e3o Preto. Segundo o Corpo de Bombeiros, por conta do inc\u00eandio, aconteceu um engavetamento com 7 ve\u00edculos. A rodovia est\u00e1 fechada\u2026","rel":"","context":"In &quot;Not\u00edcias de Ribeir\u00e3o Preto-SP e Regi\u00e3o&quot;","block_context":{"text":"Not\u00edcias de Ribeir\u00e3o Preto-SP e Regi\u00e3o","link":"https:\/\/noticiasribeiraopreto.com.br\/index.php\/category\/noticias-de-ribeirao-preto-sp-e-regiao-ismael-colosi\/"},"img":{"alt_text":"","src":"https:\/\/i0.wp.com\/noticiasribeiraopreto.com.br\/wp-content\/uploads\/2024\/08\/fogo-armando-sales3_2024-08-22_16-22-05_jpg_2024-08-22_16-22-06.webp.webp?fit=1200%2C674&ssl=1&resize=350%2C200","width":350,"height":200,"srcset":"https:\/\/i0.wp.com\/noticiasribeiraopreto.com.br\/wp-content\/uploads\/2024\/08\/fogo-armando-sales3_2024-08-22_16-22-05_jpg_2024-08-22_16-22-06.webp.webp?fit=1200%2C674&ssl=1&resize=350%2C200 1x, https:\/\/i0.wp.com\/noticiasribeiraopreto.com.br\/wp-content\/uploads\/2024\/08\/fogo-armando-sales3_2024-08-22_16-22-05_jpg_2024-08-22_16-22-06.webp.webp?fit=1200%2C674&ssl=1&resize=525%2C300 1.5x, https:\/\/i0.wp.com\/noticiasribeiraopreto.com.br\/wp-content\/uploads\/2024\/08\/fogo-armando-sales3_2024-08-22_16-22-05_jpg_2024-08-22_16-22-06.webp.webp?fit=1200%2C674&ssl=1&resize=700%2C400 2x, https:\/\/i0.wp.com\/noticiasribeiraopreto.com.br\/wp-content\/uploads\/2024\/08\/fogo-armando-sales3_2024-08-22_16-22-05_jpg_2024-08-22_16-22-06.webp.webp?fit=1200%2C674&ssl=1&resize=1050%2C600 3x"},"classes":[]},{"id":36958,"url":"https:\/\/noticiasribeiraopreto.com.br\/index.php\/2024\/02\/13\/celular-seguro-20-mil-aparelhos-sao-bloqueados-apos-envio-de-alertas\/","url_meta":{"origin":21819,"position":5},"title":"Celular Seguro: 20 mil aparelhos s\u00e3o bloqueados ap\u00f3s envio de alertas","author":"noticiasribeiraopreto.com.br","date":"13 de February de 2024","format":false,"excerpt":"13 de fevereiro de 2024 | 8:0012 de fevereiro de 2024 | 11:55 0O Programa Celular Seguro j\u00e1 recebeu 20.055 mil alertas de bloqueios de usu\u00e1rios que j\u00e1 instalaram o aplicativo em seus telefones m\u00f3veis. Lan\u00e7ado em dezembro do ano passado pelo Minist\u00e9rio da Justi\u00e7a e Seguran\u00e7a P\u00fablica (MJSP), o\u2026","rel":"","context":"In &quot;Not\u00edcias de Ribeir\u00e3o Preto-SP e Regi\u00e3o&quot;","block_context":{"text":"Not\u00edcias de Ribeir\u00e3o Preto-SP e Regi\u00e3o","link":"https:\/\/noticiasribeiraopreto.com.br\/index.php\/category\/noticias-de-ribeirao-preto-sp-e-regiao-ismael-colosi\/"},"img":{"alt_text":"","src":"https:\/\/i0.wp.com\/noticiasribeiraopreto.com.br\/wp-content\/uploads\/2024\/02\/1f02933a-5080-43fd-a7e7-33da3367fedf-scaled.jpg?fit=1000%2C598&ssl=1&resize=350%2C200","width":350,"height":200,"srcset":"https:\/\/i0.wp.com\/noticiasribeiraopreto.com.br\/wp-content\/uploads\/2024\/02\/1f02933a-5080-43fd-a7e7-33da3367fedf-scaled.jpg?fit=1000%2C598&ssl=1&resize=350%2C200 1x, https:\/\/i0.wp.com\/noticiasribeiraopreto.com.br\/wp-content\/uploads\/2024\/02\/1f02933a-5080-43fd-a7e7-33da3367fedf-scaled.jpg?fit=1000%2C598&ssl=1&resize=525%2C300 1.5x, https:\/\/i0.wp.com\/noticiasribeiraopreto.com.br\/wp-content\/uploads\/2024\/02\/1f02933a-5080-43fd-a7e7-33da3367fedf-scaled.jpg?fit=1000%2C598&ssl=1&resize=700%2C400 2x"},"classes":[]}],"jetpack_sharing_enabled":true,"jetpack_shortlink":"https:\/\/wp.me\/peQAOb-5FV","_links":{"self":[{"href":"https:\/\/noticiasribeiraopreto.com.br\/index.php\/wp-json\/wp\/v2\/posts\/21819","targetHints":{"allow":["GET"]}}],"collection":[{"href":"https:\/\/noticiasribeiraopreto.com.br\/index.php\/wp-json\/wp\/v2\/posts"}],"about":[{"href":"https:\/\/noticiasribeiraopreto.com.br\/index.php\/wp-json\/wp\/v2\/types\/post"}],"author":[{"embeddable":true,"href":"https:\/\/noticiasribeiraopreto.com.br\/index.php\/wp-json\/wp\/v2\/users\/1"}],"replies":[{"embeddable":true,"href":"https:\/\/noticiasribeiraopreto.com.br\/index.php\/wp-json\/wp\/v2\/comments?post=21819"}],"version-history":[{"count":0,"href":"https:\/\/noticiasribeiraopreto.com.br\/index.php\/wp-json\/wp\/v2\/posts\/21819\/revisions"}],"wp:featuredmedia":[{"embeddable":true,"href":"https:\/\/noticiasribeiraopreto.com.br\/index.php\/wp-json\/wp\/v2\/media\/21820"}],"wp:attachment":[{"href":"https:\/\/noticiasribeiraopreto.com.br\/index.php\/wp-json\/wp\/v2\/media?parent=21819"}],"wp:term":[{"taxonomy":"category","embeddable":true,"href":"https:\/\/noticiasribeiraopreto.com.br\/index.php\/wp-json\/wp\/v2\/categories?post=21819"},{"taxonomy":"post_tag","embeddable":true,"href":"https:\/\/noticiasribeiraopreto.com.br\/index.php\/wp-json\/wp\/v2\/tags?post=21819"}],"curies":[{"name":"wp","href":"https:\/\/api.w.org\/{rel}","templated":true}]}}