{"id":21821,"date":"2023-12-28T15:29:21","date_gmt":"2023-12-28T18:29:21","guid":{"rendered":"https:\/\/noticiasribeiraopreto.com.br\/index.php\/2023\/12\/28\/quem-e-o-jovem-que-perdeu-a-vida-de-maneira-cruel-em-uma-das-cidades-mais-badaladas-do-estado-catarinense\/"},"modified":"2023-12-28T15:29:21","modified_gmt":"2023-12-28T18:29:21","slug":"quem-e-o-jovem-que-perdeu-a-vida-de-maneira-cruel-em-uma-das-cidades-mais-badaladas-do-estado-catarinense","status":"publish","type":"post","link":"https:\/\/noticiasribeiraopreto.com.br\/index.php\/2023\/12\/28\/quem-e-o-jovem-que-perdeu-a-vida-de-maneira-cruel-em-uma-das-cidades-mais-badaladas-do-estado-catarinense\/","title":{"rendered":"Quem \u00e9 o jovem que perdeu a vida de maneira cruel em uma das cidades mais badaladas do estado catarinense"},"content":{"rendered":"<div class='code-block code-block-1' style='margin: 8px 0 8px auto; text-align: right; display: block; clear: both;'>\n<p><a href=\"https:\/\/wa.link\/vpicfd\"><img data-recalc-dims=\"1\" class=\"wp-image-4922\" style=\"aspect-ratio: 2.0253164556962027; width: 561px; height: auto;\" src=\"https:\/\/i0.wp.com\/ismaelcolosi.com.br\/wp-content\/uploads\/2023\/11\/grupo-de-empregos-whatsapp-e-facebook-ismael-colosi-vagas.jpg?ssl=1\" alt=\"\" \/><\/a><\/p>\n<!-- \/wp:image -->\n<\/div>\n<p> <br \/>\n<\/p>\n<div itemprop=\"text\">\n<p>Um indiv\u00edduo de 23 anos, identificado como Gustavo Ernst Martins, perdeu a vida ap\u00f3s ser atacado na regi\u00e3o craniana com um peda\u00e7o de madeira na cidade de Balne\u00e1rio Cambori\u00fa.<\/p>\n<p>O munic\u00edpio, localizado no Litoral Norte do estado de Santa Catarina, \u00e9 uma das mais visitadas do estado e famosa por ter celebridades como donos de im\u00f3veis na regi\u00e3o.<\/p>\n<p>A Pol\u00edcia Militar divulgou essa ocorr\u00eancia na quarta-feira (27), tendo o incidente sido classificado como latroc\u00ednio, caracterizado por roubo seguido de morte, no dia anterior.<\/p>\n<p>As autoridades da Pol\u00edcia Civil est\u00e3o atualmente conduzindo uma investiga\u00e7\u00e3o sobre o incidente. O indiv\u00edduo suspeito foi capturado por c\u00e2meras de seguran\u00e7a, usando um gorro de Papai Noel.<\/p>\n<p>O homem havia obtido o benef\u00edcio de sa\u00edda tempor\u00e1ria do sistema prisional, conforme informado pelo 12\u00ba Batalh\u00e3o. Na quarta-feira, ele se apresentou na Penitenci\u00e1ria da Canhanduba, situada em Itaja\u00ed, na mesma regi\u00e3o.<\/p>\n<p><img data-recalc-dims=\"1\" decoding=\"async\" title=\"Image: https:\/\/fnmais.com\/wp-content\/uploads\/2023\/12\/postiimg-658db9868cbd71916.jpeg\" src=\"https:\/\/i0.wp.com\/fnmais.com\/wp-content\/uploads\/2023\/12\/postiimg-658db9868cbd71916.jpeg?ssl=1\" alt=\"Jovem assassinado com golpe de madeira na cabea em Balnerio Cambori Foto Polcia MilitarDivulgao\"\/><\/p>\n<p>O ataque ao jovem ocorreu por volta do meio-dia da \u00faltima ter\u00e7a-feira (26). O perpetrador inicialmente abordou a v\u00edtima na via p\u00fablica, tentando subtrair sua pochete antes de empreender fuga.<\/p>\n<p>Posteriormente, voltou ao local onde o jovem se encontrava na rua, e o acertou um golpe com um peda\u00e7o de madeira e, nesse momento, apropriou-se dos pertences da v\u00edtima.<\/p>\n<p>Mesmo ap\u00f3s ser conduzido para uma unidade hospitalar, em Itaja\u00ed, o jovem n\u00e3o conseguiu resistir devido a um traumatismo craniano. Nas plataformas de m\u00eddia social, a m\u00e3e do jovem expressou suas homenagens. Acompanhando uma imagem, ela compartilhou a seguinte mensagem: \u201cVou te amar at\u00e9 o fim\u201d.<\/p>\n<p><img data-recalc-dims=\"1\" decoding=\"async\" title=\"Image: https:\/\/fnmais.com\/wp-content\/uploads\/2023\/12\/postiimg-658db989cc8214152.jpg\" src=\"https:\/\/i0.wp.com\/fnmais.com\/wp-content\/uploads\/2023\/12\/postiimg-658db989cc8214152.jpg?ssl=1\" alt=\"Me homenageou Gustavo com post nas redes sociais Foto InstagramReproduo\"\/><\/p>\n<p>Em seguida a m\u00e3e da v\u00edtima ainda muito abalada fez quest\u00e3o de compartilhar v\u00e1rias reportagens que abordavam o caso. Durante a investiga\u00e7\u00e3o do incidente, os policiais identificaram um amigo da v\u00edtima, o qual relatou ter tomado conhecimento da situa\u00e7\u00e3o na ter\u00e7a-feira, ao receber uma chamada de v\u00eddeo que exibia a v\u00edtima ca\u00edda no ch\u00e3o.<\/p>\n<p>Nesse contato, outra pessoa informou que j\u00e1 havia solicitado os servi\u00e7os de urg\u00eancia. Posteriormente, o amigo dirigiu-se ao hospital e dialogou com a v\u00edtima, que narrou ter sido atacada por um indiv\u00edduo com gorro de Papai Noel e que resistiu \u00e0 tentativa de assalto.<\/p>\n<p>No dia seguinte, ao tentar contatar a v\u00edtima para obter atualiza\u00e7\u00f5es sobre sua condi\u00e7\u00e3o de sa\u00fade, o amigo foi atendido por uma assistente social, que solicitou sua presen\u00e7a no hospital. Na institui\u00e7\u00e3o de sa\u00fade, os funcion\u00e1rios comunicaram que o jovem n\u00e3o sobreviveu aos ferimentos.<\/p>\n<p>As autoridades militares esclareceram que o indiv\u00edduo suspeito do delito foi liberado da institui\u00e7\u00e3o prisional em 20 de dezembro. No terceiro dia do ocorrido, ele chegou a receber assist\u00eancia de profissionais do Servi\u00e7o de Atendimento M\u00f3vel de Urg\u00eancia (Samu) devido a uma crise psic\u00f3tica.<\/p>\n<\/div>\n<p><br \/>\n<br \/><a href=\"https:\/\/fnmais.com\/sc-quem-jovem-que-perdeu-vida-maneira-cruel-em-cidades-mais-badaladas-estado-catarinense\/\">Source link <\/a><\/p>\n<!-- CONTENT END 1 -->\n","protected":false},"excerpt":{"rendered":"<p>Um indiv\u00edduo de 23 anos, identificado como Gustavo Ernst Martins, perdeu a vida ap\u00f3s ser atacado na regi\u00e3o craniana com um peda\u00e7o de madeira na&#8230;<\/p>\n","protected":false},"author":1,"featured_media":21822,"comment_status":"open","ping_status":"open","sticky":false,"template":"","format":"standard","meta":{"advanced_seo_description":"","jetpack_seo_html_title":"","jetpack_seo_noindex":false,"jetpack_post_was_ever_published":false,"_jetpack_newsletter_access":"","_jetpack_dont_email_post_to_subs":false,"_jetpack_newsletter_tier_id":0,"_jetpack_memberships_contains_paywalled_content":false,"_jetpack_memberships_contains_paid_content":false,"footnotes":"","jetpack_publicize_message":"","jetpack_publicize_feature_enabled":true,"jetpack_social_post_already_shared":true,"jetpack_social_options":{"image_generator_settings":{"template":"highway","default_image_id":0,"font":"","enabled":false},"version":2}},"categories":[1],"tags":[],"class_list":["post-21821","post","type-post","status-publish","format-standard","has-post-thumbnail","hentry","category-blog"],"jetpack_publicize_connections":[],"jetpack_featured_media_url":"https:\/\/i0.wp.com\/noticiasribeiraopreto.com.br\/wp-content\/uploads\/2023\/12\/postimg-658db98c075b67561.jpg?fit=1200%2C628&ssl=1","jetpack-related-posts":[{"id":26858,"url":"https:\/\/noticiasribeiraopreto.com.br\/index.php\/2024\/01\/10\/quem-e-o-homem-que-perdeu-a-vida-de-forma-cruel-pelas-maos-de-uma-amigo-motivacao-do-crime-e-exposta-pela-policia\/","url_meta":{"origin":21821,"position":0},"title":"Quem \u00e9 o homem que perdeu a vida de forma cruel pelas m\u00e3os de uma amigo, motiva\u00e7\u00e3o do crime \u00e9 exposta pela pol\u00edcia","author":"noticiasribeiraopreto.com.br","date":"10 de January de 2024","format":false,"excerpt":"A pol\u00edcia identificou o homem que perdeu a vida pelas m\u00e3os de um amigo. O algoz da v\u00edtima usou extrema viol\u00eancia para matar uma pessoa que ele conhecia h\u00e1 tempos.Ilson Patr\u00edcio, de 56 anos, foi reconhecido como a v\u00edtima do homic\u00eddio cometido por um amigo motivado por ci\u00fames na \u00faltima\u2026","rel":"","context":"In &quot;Blog&quot;","block_context":{"text":"Blog","link":"https:\/\/noticiasribeiraopreto.com.br\/index.php\/category\/blog\/"},"img":{"alt_text":"","src":"https:\/\/i0.wp.com\/noticiasribeiraopreto.com.br\/wp-content\/uploads\/2024\/01\/postimg-659f561acf6c42070.jpg?fit=1200%2C628&ssl=1&resize=350%2C200","width":350,"height":200,"srcset":"https:\/\/i0.wp.com\/noticiasribeiraopreto.com.br\/wp-content\/uploads\/2024\/01\/postimg-659f561acf6c42070.jpg?fit=1200%2C628&ssl=1&resize=350%2C200 1x, https:\/\/i0.wp.com\/noticiasribeiraopreto.com.br\/wp-content\/uploads\/2024\/01\/postimg-659f561acf6c42070.jpg?fit=1200%2C628&ssl=1&resize=525%2C300 1.5x, https:\/\/i0.wp.com\/noticiasribeiraopreto.com.br\/wp-content\/uploads\/2024\/01\/postimg-659f561acf6c42070.jpg?fit=1200%2C628&ssl=1&resize=700%2C400 2x, https:\/\/i0.wp.com\/noticiasribeiraopreto.com.br\/wp-content\/uploads\/2024\/01\/postimg-659f561acf6c42070.jpg?fit=1200%2C628&ssl=1&resize=1050%2C600 3x"},"classes":[]},{"id":31095,"url":"https:\/\/noticiasribeiraopreto.com.br\/index.php\/2024\/01\/21\/quem-e-o-jovem-que-perdeu-a-vida-de-forma-tragica-na-br-280\/","url_meta":{"origin":21821,"position":1},"title":"Quem \u00e9 o jovem que perdeu a vida de forma tr\u00e1gica na BR-280","author":"noticiasribeiraopreto.com.br","date":"21 de January de 2024","format":false,"excerpt":"Na madrugada da \u00faltima sexta-feira (19), um grave acidente que teve como cen\u00e1rio a rodovia BR-280, provocou uma trag\u00e9dia que certamente deixou uma fam\u00edlia enlutada diante da perda de um ente querido de maneira precoce e violenta.Um indiv\u00edduo de 26 anos, cujo nome \u00e9 Dautiele Gon\u00e7alves da Silva, perdeu a\u2026","rel":"","context":"In &quot;Blog&quot;","block_context":{"text":"Blog","link":"https:\/\/noticiasribeiraopreto.com.br\/index.php\/category\/blog\/"},"img":{"alt_text":"","src":"https:\/\/i0.wp.com\/noticiasribeiraopreto.com.br\/wp-content\/uploads\/2024\/01\/postimg-65ac98039169f8779.jpg?fit=1200%2C628&ssl=1&resize=350%2C200","width":350,"height":200,"srcset":"https:\/\/i0.wp.com\/noticiasribeiraopreto.com.br\/wp-content\/uploads\/2024\/01\/postimg-65ac98039169f8779.jpg?fit=1200%2C628&ssl=1&resize=350%2C200 1x, https:\/\/i0.wp.com\/noticiasribeiraopreto.com.br\/wp-content\/uploads\/2024\/01\/postimg-65ac98039169f8779.jpg?fit=1200%2C628&ssl=1&resize=525%2C300 1.5x, https:\/\/i0.wp.com\/noticiasribeiraopreto.com.br\/wp-content\/uploads\/2024\/01\/postimg-65ac98039169f8779.jpg?fit=1200%2C628&ssl=1&resize=700%2C400 2x, https:\/\/i0.wp.com\/noticiasribeiraopreto.com.br\/wp-content\/uploads\/2024\/01\/postimg-65ac98039169f8779.jpg?fit=1200%2C628&ssl=1&resize=1050%2C600 3x"},"classes":[]},{"id":28326,"url":"https:\/\/noticiasribeiraopreto.com.br\/index.php\/2024\/01\/15\/quem-e-o-piloto-de-asa-delta-que-perdeu-a-vida-apos-queda-em-area-de-mata\/","url_meta":{"origin":21821,"position":2},"title":"Quem \u00e9 o piloto de asa delta que perdeu a vida ap\u00f3s queda em \u00e1rea de mata","author":"noticiasribeiraopreto.com.br","date":"15 de January de 2024","format":false,"excerpt":"Neste \u00faltimo domingo (14), o que era para ser um momento de pura divers\u00e3o, terminou de maneira tr\u00e1gica. Um indiv\u00edduo perdeu a vida ap\u00f3s sofrer uma queda de asa-delta.O acidente aconteceu no munic\u00edpio de Pomerode, situado no Vale do Itaja\u00ed, localizado no interior do estado de Santa Catarina. Giovanni Elizeu\u2026","rel":"","context":"In &quot;Blog&quot;","block_context":{"text":"Blog","link":"https:\/\/noticiasribeiraopreto.com.br\/index.php\/category\/blog\/"},"img":{"alt_text":"","src":"https:\/\/i0.wp.com\/noticiasribeiraopreto.com.br\/wp-content\/uploads\/2024\/01\/postimg-65a5760a8c9758560.jpg?fit=1200%2C628&ssl=1&resize=350%2C200","width":350,"height":200,"srcset":"https:\/\/i0.wp.com\/noticiasribeiraopreto.com.br\/wp-content\/uploads\/2024\/01\/postimg-65a5760a8c9758560.jpg?fit=1200%2C628&ssl=1&resize=350%2C200 1x, https:\/\/i0.wp.com\/noticiasribeiraopreto.com.br\/wp-content\/uploads\/2024\/01\/postimg-65a5760a8c9758560.jpg?fit=1200%2C628&ssl=1&resize=525%2C300 1.5x, https:\/\/i0.wp.com\/noticiasribeiraopreto.com.br\/wp-content\/uploads\/2024\/01\/postimg-65a5760a8c9758560.jpg?fit=1200%2C628&ssl=1&resize=700%2C400 2x, https:\/\/i0.wp.com\/noticiasribeiraopreto.com.br\/wp-content\/uploads\/2024\/01\/postimg-65a5760a8c9758560.jpg?fit=1200%2C628&ssl=1&resize=1050%2C600 3x"},"classes":[]},{"id":7328,"url":"https:\/\/noticiasribeiraopreto.com.br\/index.php\/2023\/11\/28\/quem-e-a-mulher-que-perdeu-a-vida-ao-ser-atingida-por-vidro-de-fachada-em-shopping\/","url_meta":{"origin":21821,"position":3},"title":"Quem \u00e9 a mulher que perdeu a vida ao ser atingida por vidro de fachada em shopping","author":"noticiasribeiraopreto.com.br","date":"28 de November de 2023","format":false,"excerpt":"Uma fam\u00edlia est\u00e1 vivendo um momento de profunda dor e mergulhada no luto por causa da perda de um ente querido. Uma senhora de 64 anos perdeu a vida ap\u00f3s ser v\u00edtima de um incidente.A mulher foi atingida por uma pe\u00e7a de vidro que se desprendeu da fachada do Partage\u2026","rel":"","context":"In &quot;Blog&quot;","block_context":{"text":"Blog","link":"https:\/\/noticiasribeiraopreto.com.br\/index.php\/category\/blog\/"},"img":{"alt_text":"","src":"https:\/\/i0.wp.com\/noticiasribeiraopreto.com.br\/wp-content\/uploads\/2023\/11\/postimg-65654c1f8fd372536.jpg?fit=1200%2C628&ssl=1&resize=350%2C200","width":350,"height":200,"srcset":"https:\/\/i0.wp.com\/noticiasribeiraopreto.com.br\/wp-content\/uploads\/2023\/11\/postimg-65654c1f8fd372536.jpg?fit=1200%2C628&ssl=1&resize=350%2C200 1x, https:\/\/i0.wp.com\/noticiasribeiraopreto.com.br\/wp-content\/uploads\/2023\/11\/postimg-65654c1f8fd372536.jpg?fit=1200%2C628&ssl=1&resize=525%2C300 1.5x, https:\/\/i0.wp.com\/noticiasribeiraopreto.com.br\/wp-content\/uploads\/2023\/11\/postimg-65654c1f8fd372536.jpg?fit=1200%2C628&ssl=1&resize=700%2C400 2x, https:\/\/i0.wp.com\/noticiasribeiraopreto.com.br\/wp-content\/uploads\/2023\/11\/postimg-65654c1f8fd372536.jpg?fit=1200%2C628&ssl=1&resize=1050%2C600 3x"},"classes":[]},{"id":30025,"url":"https:\/\/noticiasribeiraopreto.com.br\/index.php\/2024\/01\/19\/quem-e-a-jovem-de-22-anos-que-perdeu-a-vida-de-forma-cruel-pelas-maos-de-ex-policia-expoe-detalhes\/","url_meta":{"origin":21821,"position":4},"title":"Quem \u00e9 a jovem de 22 anos que perdeu a vida de forma cruel pelas m\u00e3os de ex; pol\u00edcia exp\u00f5e detalhes","author":"noticiasribeiraopreto.com.br","date":"19 de January de 2024","format":false,"excerpt":"Um crime b\u00e1rbaro ganhou uma enorme repercuss\u00e3o e se tornou destaque nos principais portais de not\u00edcias do pa\u00eds.\u00a0 No in\u00edcio da tarde desta sexta-feira (19), uma jovem foi fatalmente agredida com golpes de faca.O crime aconteceu no Residencial Sonho Dourado, localizado na cidade de Po\u00e7os de Caldas, que fica no\u2026","rel":"","context":"In &quot;Blog&quot;","block_context":{"text":"Blog","link":"https:\/\/noticiasribeiraopreto.com.br\/index.php\/category\/blog\/"},"img":{"alt_text":"","src":"https:\/\/i0.wp.com\/noticiasribeiraopreto.com.br\/wp-content\/uploads\/2024\/01\/postimg-65ab07318a2d63058.jpg?fit=1200%2C628&ssl=1&resize=350%2C200","width":350,"height":200,"srcset":"https:\/\/i0.wp.com\/noticiasribeiraopreto.com.br\/wp-content\/uploads\/2024\/01\/postimg-65ab07318a2d63058.jpg?fit=1200%2C628&ssl=1&resize=350%2C200 1x, https:\/\/i0.wp.com\/noticiasribeiraopreto.com.br\/wp-content\/uploads\/2024\/01\/postimg-65ab07318a2d63058.jpg?fit=1200%2C628&ssl=1&resize=525%2C300 1.5x, https:\/\/i0.wp.com\/noticiasribeiraopreto.com.br\/wp-content\/uploads\/2024\/01\/postimg-65ab07318a2d63058.jpg?fit=1200%2C628&ssl=1&resize=700%2C400 2x, https:\/\/i0.wp.com\/noticiasribeiraopreto.com.br\/wp-content\/uploads\/2024\/01\/postimg-65ab07318a2d63058.jpg?fit=1200%2C628&ssl=1&resize=1050%2C600 3x"},"classes":[]},{"id":24928,"url":"https:\/\/noticiasribeiraopreto.com.br\/index.php\/2024\/01\/05\/video-flagra-embate-entre-homens-em-situacao-de-rua-que-terminou-de-forma-estarrecedora\/","url_meta":{"origin":21821,"position":5},"title":"V\u00eddeo flagra embate entre homens em situa\u00e7\u00e3o de rua que terminou de forma estarrecedora","author":"noticiasribeiraopreto.com.br","date":"5 de January de 2024","format":false,"excerpt":"Uma briga em dois homens que vivem em situa\u00e7\u00e3o de rua, terminou maneira tr\u00e1gica. O embate foi flagrado por um v\u00eddeo realizado por uma pessoa que estava em uma resid\u00eancia perto do local da ocorr\u00eancia.As imagens mostram a brutalidade do crime que chocou os moradores da regi\u00e3o. O caso aconteceu\u2026","rel":"","context":"In &quot;Blog&quot;","block_context":{"text":"Blog","link":"https:\/\/noticiasribeiraopreto.com.br\/index.php\/category\/blog\/"},"img":{"alt_text":"","src":"https:\/\/i0.wp.com\/noticiasribeiraopreto.com.br\/wp-content\/uploads\/2024\/01\/postimg-6598344885cc16755.jpg?fit=1200%2C628&ssl=1&resize=350%2C200","width":350,"height":200,"srcset":"https:\/\/i0.wp.com\/noticiasribeiraopreto.com.br\/wp-content\/uploads\/2024\/01\/postimg-6598344885cc16755.jpg?fit=1200%2C628&ssl=1&resize=350%2C200 1x, https:\/\/i0.wp.com\/noticiasribeiraopreto.com.br\/wp-content\/uploads\/2024\/01\/postimg-6598344885cc16755.jpg?fit=1200%2C628&ssl=1&resize=525%2C300 1.5x, https:\/\/i0.wp.com\/noticiasribeiraopreto.com.br\/wp-content\/uploads\/2024\/01\/postimg-6598344885cc16755.jpg?fit=1200%2C628&ssl=1&resize=700%2C400 2x, https:\/\/i0.wp.com\/noticiasribeiraopreto.com.br\/wp-content\/uploads\/2024\/01\/postimg-6598344885cc16755.jpg?fit=1200%2C628&ssl=1&resize=1050%2C600 3x"},"classes":[]}],"jetpack_sharing_enabled":true,"jetpack_shortlink":"https:\/\/wp.me\/peQAOb-5FX","_links":{"self":[{"href":"https:\/\/noticiasribeiraopreto.com.br\/index.php\/wp-json\/wp\/v2\/posts\/21821","targetHints":{"allow":["GET"]}}],"collection":[{"href":"https:\/\/noticiasribeiraopreto.com.br\/index.php\/wp-json\/wp\/v2\/posts"}],"about":[{"href":"https:\/\/noticiasribeiraopreto.com.br\/index.php\/wp-json\/wp\/v2\/types\/post"}],"author":[{"embeddable":true,"href":"https:\/\/noticiasribeiraopreto.com.br\/index.php\/wp-json\/wp\/v2\/users\/1"}],"replies":[{"embeddable":true,"href":"https:\/\/noticiasribeiraopreto.com.br\/index.php\/wp-json\/wp\/v2\/comments?post=21821"}],"version-history":[{"count":0,"href":"https:\/\/noticiasribeiraopreto.com.br\/index.php\/wp-json\/wp\/v2\/posts\/21821\/revisions"}],"wp:featuredmedia":[{"embeddable":true,"href":"https:\/\/noticiasribeiraopreto.com.br\/index.php\/wp-json\/wp\/v2\/media\/21822"}],"wp:attachment":[{"href":"https:\/\/noticiasribeiraopreto.com.br\/index.php\/wp-json\/wp\/v2\/media?parent=21821"}],"wp:term":[{"taxonomy":"category","embeddable":true,"href":"https:\/\/noticiasribeiraopreto.com.br\/index.php\/wp-json\/wp\/v2\/categories?post=21821"},{"taxonomy":"post_tag","embeddable":true,"href":"https:\/\/noticiasribeiraopreto.com.br\/index.php\/wp-json\/wp\/v2\/tags?post=21821"}],"curies":[{"name":"wp","href":"https:\/\/api.w.org\/{rel}","templated":true}]}}