{"id":21823,"date":"2023-12-28T15:31:51","date_gmt":"2023-12-28T18:31:51","guid":{"rendered":"https:\/\/noticiasribeiraopreto.com.br\/index.php\/2023\/12\/28\/inss-vai-pagar-novo-salario-minimo-a-aposentados-em-2024-confira-valor\/"},"modified":"2023-12-28T15:31:51","modified_gmt":"2023-12-28T18:31:51","slug":"inss-vai-pagar-novo-salario-minimo-a-aposentados-em-2024-confira-valor","status":"publish","type":"post","link":"https:\/\/noticiasribeiraopreto.com.br\/index.php\/2023\/12\/28\/inss-vai-pagar-novo-salario-minimo-a-aposentados-em-2024-confira-valor\/","title":{"rendered":"INSS vai pagar NOVO Sal\u00e1rio M\u00ednimo a Aposentados em 2024; confira valor"},"content":{"rendered":"<div class='code-block code-block-1' style='margin: 8px 0 8px auto; text-align: right; display: block; clear: both;'>\n<p><a href=\"https:\/\/wa.link\/vpicfd\"><img data-recalc-dims=\"1\" class=\"wp-image-4922\" style=\"aspect-ratio: 2.0253164556962027; width: 561px; height: auto;\" src=\"https:\/\/i0.wp.com\/ismaelcolosi.com.br\/wp-content\/uploads\/2023\/11\/grupo-de-empregos-whatsapp-e-facebook-ismael-colosi-vagas.jpg?ssl=1\" alt=\"\" \/><\/a><\/p>\n<!-- \/wp:image -->\n<\/div>\n<p> <br \/>\n<\/p>\n<div>\n<p>O governo brasileiro anunciou recentemente que o valor do sal\u00e1rio m\u00ednimo em 2024 ser\u00e1 de R$ 1.412, um aumento de R$ 92 em rela\u00e7\u00e3o ao valor atual de R$ 1.320. Este ajuste n\u00e3o s\u00f3 afeta aqueles que recebem o sal\u00e1rio m\u00ednimo, mas tamb\u00e9m ter\u00e1 um impacto significativo em v\u00e1rias outras \u00e1reas, incluindo as pens\u00f5es pagas pelo <a href=\"https:\/\/noticiasconcursos.com.br\/inss-lula-nao-conseguiu-cumprir-promessa-de-zerar-fila-em-2023\/\"><strong>INSS<\/strong><\/a>.<\/p>\n<h2>Sal\u00e1rio M\u00ednimo e o INSS<\/h2>\n<p>As pens\u00f5es do <strong>INSS<\/strong> (Instituto Nacional do Seguro Social) seguem o sal\u00e1rio m\u00ednimo como base para pagamento. Isso significa que a partir de 2024, todos os pensionistas receber\u00e3o pelo menos R$ 1.421.<\/p>\n<h3>Reajuste das Pens\u00f5es INSS<\/h3>\n<p>Os benef\u00edcios do INSS s\u00e3o reajustados pelo \u00cdndice Nacional de Pre\u00e7os ao Consumidor (INPC), que considera apenas a infla\u00e7\u00e3o. No entanto, a regra de reajuste do sal\u00e1rio m\u00ednimo leva em conta n\u00e3o s\u00f3 a infla\u00e7\u00e3o, mas tamb\u00e9m o crescimento do PIB. Isso resulta em um reajuste percentual maior, garantindo uma valoriza\u00e7\u00e3o do sal\u00e1rio m\u00ednimo.<\/p>\n<h3>Impacto no Abono PIS\/Pasep<\/h3>\n<p>O abono salarial <a href=\"https:\/\/noticiasconcursos.com.br\/ultimo-dia-para-sacar-valor-do-pis-pasep-2023\/\"><strong>PIS\/Pasep<\/strong><\/a>, que \u00e9 concedido a trabalhadores com carteira assinada e servidores p\u00fablicos, tamb\u00e9m ser\u00e1 afetado pelo novo sal\u00e1rio m\u00ednimo. Aqueles que receberem a parcela do abono em 2023 ter\u00e3o o valor baseado no novo m\u00ednimo de R$ 1.412.<\/p>\n<h3>BPC\/Loas e o Novo Sal\u00e1rio M\u00ednimo<\/h3>\n<p>O Benef\u00edcio de Presta\u00e7\u00e3o Continuada (BPC\/Loas) \u00e9 pago pelo <a href=\"https:\/\/noticiasconcursos.com.br\/bpc-saque-extra\/\"><strong>INSS<\/strong><\/a> a idosos carentes acima de 65 anos e pessoas com defici\u00eancia que impedem o trabalho de baixa renda. Com o novo sal\u00e1rio m\u00ednimo, o valor do benef\u00edcio tamb\u00e9m ser\u00e1 de R$ 1.412.<\/p>\n<div class=\"bs-irp left bs-irp-thumbnail-1\">\n<p>&#13;<br \/><span class=\"h-text heading-typo\">Voc\u00ea tamb\u00e9m pode gostar:<\/span>&#13; <\/p>\n<\/p><\/div>\n<h2>Impacto do Novo Sal\u00e1rio M\u00ednimo em Outros Benef\u00edcios<\/h2>\n<p>O reajuste do sal\u00e1rio m\u00ednimo n\u00e3o afeta apenas as pens\u00f5es do <strong>INSS<\/strong> e os benefici\u00e1rios de PIS\/Pasep. V\u00e1rios outros pagamentos tamb\u00e9m ser\u00e3o alterados.<\/p>\n<h3>Seguro-Desemprego<\/h3>\n<p>A primeira faixa do seguro-desemprego, que oferece assist\u00eancia tempor\u00e1ria ao trabalhador dispensado sem justa causa, tamb\u00e9m segue o sal\u00e1rio m\u00ednimo. Portanto, o valor m\u00ednimo deste benef\u00edcio ser\u00e1 de R$ 1.412.<\/p>\n<h3>Cad\u00danico<\/h3>\n<p>O Cadastro \u00danico (Cad\u00danico), que \u00e9 a porta de entrada de programas sociais do governo federal, considera como de baixa renda as fam\u00edlias que possuem renda mensal per capita de at\u00e9 meio sal\u00e1rio m\u00ednimo. Com o novo sal\u00e1rio m\u00ednimo, essa faixa passar\u00e1 de R$ 660 para R$ 706.<\/p>\n<h2>Trabalho intermitente<\/h2>\n<p>Os trabalhadores intermitentes tamb\u00e9m t\u00eam como base o sal\u00e1rio m\u00ednimo. Essa modalidade de trabalho ocorre esporadicamente, em dias alternados ou por algumas horas, e \u00e9 remunerado por per\u00edodo trabalhado, ou seja, de forma proporcional. O trabalhador receber\u00e1 o chamado sal\u00e1rio-hora, que n\u00e3o poder\u00e1 ser inferior ao sal\u00e1rio m\u00ednimo ou ao dos profissionais que exer\u00e7am a mesma fun\u00e7\u00e3o na empresa. Com o aumento para R$ 1.412, os valores de refer\u00eancia di\u00e1rio e por hora para as remunera\u00e7\u00f5es vinculadas ao sal\u00e1rio m\u00ednimo devem ser de R$ 47,07 e de R$ 5,88, respectivamente.<\/p>\n<h2>Seguro-defeso<\/h2>\n<p>O seguro-defeso \u00e9 um benef\u00edcio de um\u00a0<a href=\"https:\/\/noticiasconcursos.com.br\/direitos-trabalhador\/salario-minimo\/\"><strong>sal\u00e1rio m\u00ednimo<\/strong><\/a>\u00a0pago para os pescadores que exercem atividade exclusiva e de forma artesanal. O valor \u00e9 concedido nos per\u00edodos em que a pesca \u00e9 proibida para permitir a reprodu\u00e7\u00e3o da esp\u00e9cie.<\/p>\n<h3>MEIs e o Novo Sal\u00e1rio M\u00ednimo<\/h3>\n<p>Os microempreendedores individuais (MEIs) tamb\u00e9m ser\u00e3o afetados pelo reajuste do sal\u00e1rio m\u00ednimo. Por m\u00eas, eles recolhem 5% sobre o valor do sal\u00e1rio m\u00ednimo para o INSS, o que lhes d\u00e1 direito a aposentadoria, aux\u00edlio-doen\u00e7a, aux\u00edlio-maternidade, pens\u00e3o por morte para os dependentes e aux\u00edlio-reclus\u00e3o. Com o novo sal\u00e1rio m\u00ednimo, esse recolhimento mensal aumentar\u00e1 de R$ 66 para R$ 70,60.<\/p>\n<p>O reajuste do sal\u00e1rio m\u00ednimo para 2024 ter\u00e1 um impacto significativo em v\u00e1rias \u00e1reas, incluindo as pens\u00f5es do <strong>INSS<\/strong>. Os pensionistas e benefici\u00e1rios de v\u00e1rios programas sociais precisar\u00e3o se ajustar a essas mudan\u00e7as.<\/p>\n<\/p><\/div>\n<p><br \/>\n<br \/><a href=\"https:\/\/ismaelcolosi.com.br\/inss-vai-pagar-novo-salario-minimo-a-aposentados-em-2024-confira-valor\/\">Source link <\/a><\/p>\n<!-- CONTENT END 1 -->\n","protected":false},"excerpt":{"rendered":"<p>O governo brasileiro anunciou recentemente que o valor do sal\u00e1rio m\u00ednimo em 2024 ser\u00e1 de R$ 1.412, um aumento de R$ 92 em rela\u00e7\u00e3o ao&#8230;<\/p>\n","protected":false},"author":1,"featured_media":0,"comment_status":"open","ping_status":"open","sticky":false,"template":"","format":"standard","meta":{"advanced_seo_description":"","jetpack_seo_html_title":"","jetpack_seo_noindex":false,"jetpack_post_was_ever_published":false,"_jetpack_newsletter_access":"","_jetpack_dont_email_post_to_subs":false,"_jetpack_newsletter_tier_id":0,"_jetpack_memberships_contains_paywalled_content":false,"_jetpack_memberships_contains_paid_content":false,"footnotes":"","jetpack_publicize_message":"","jetpack_publicize_feature_enabled":true,"jetpack_social_post_already_shared":true,"jetpack_social_options":{"image_generator_settings":{"template":"highway","default_image_id":0,"font":"","enabled":false},"version":2}},"categories":[7],"tags":[],"class_list":["post-21823","post","type-post","status-publish","format-standard","hentry","category-vagas-de-empregos-em-ribeirao-preto-regiao-brasil"],"jetpack_publicize_connections":[],"jetpack_featured_media_url":"","jetpack-related-posts":[{"id":22652,"url":"https:\/\/noticiasribeiraopreto.com.br\/index.php\/2023\/12\/30\/reajuste-para-aposentados-do-inss-em-2024-e-anunciado-confira\/","url_meta":{"origin":21823,"position":0},"title":"Reajuste para Aposentados do INSS em 2024 \u00e9 ANUNCIADO; confira","author":"noticiasribeiraopreto.com.br","date":"30 de December de 2023","format":false,"excerpt":"O INSS (Instituto Nacional do Seguro Social) \u00e9 uma institui\u00e7\u00e3o crucial para os cidad\u00e3os brasileiros. Ele garante direitos como aposentadoria, pens\u00f5es e outros benef\u00edcios. Nesta mat\u00e9ria do Not\u00edcias Concursos vamos explorar o impacto da recente mudan\u00e7a no valor do sal\u00e1rio m\u00ednimo sobre os benef\u00edcios concedidos pelo INSS, especialmente para os\u2026","rel":"","context":"In &quot;Vagas de Emprego em Ribeir\u00e3o Preto-SP&quot;","block_context":{"text":"Vagas de Emprego em Ribeir\u00e3o Preto-SP","link":"https:\/\/noticiasribeiraopreto.com.br\/index.php\/category\/empregos-classificados-vagas-trabalho\/vagas-de-empregos-em-ribeirao-preto-regiao-brasil\/"},"img":{"alt_text":"","src":"","width":0,"height":0},"classes":[]},{"id":22939,"url":"https:\/\/noticiasribeiraopreto.com.br\/index.php\/2023\/12\/31\/salario-minimo-de-r-1-412-deve-injetar-r-699-bilhoes-no-brasil\/","url_meta":{"origin":21823,"position":1},"title":"Sal\u00e1rio m\u00ednimo de R$ 1.412 deve injetar R$ 69,9 bilh\u00f5es no Brasil","author":"noticiasribeiraopreto.com.br","date":"31 de December de 2023","format":false,"excerpt":"Um levantamento realizado pelo Departamento Intersindical de Estat\u00edstica e Estudos Socioecon\u00f4micos (Dieese), apontou que o novo sal\u00e1rio m\u00ednimo dever\u00e1 injetar R$ 69,9 bilh\u00f5es na economia brasileira em 2024. A saber, o presidente Luiz In\u00e1cio Lula da Silva assinou um decreto na \u00faltima quarta-feira (27) que reajustar\u00e1 o valor do sal\u00e1rio\u2026","rel":"","context":"In &quot;Vagas de Emprego em Ribeir\u00e3o Preto-SP&quot;","block_context":{"text":"Vagas de Emprego em Ribeir\u00e3o Preto-SP","link":"https:\/\/noticiasribeiraopreto.com.br\/index.php\/category\/empregos-classificados-vagas-trabalho\/vagas-de-empregos-em-ribeirao-preto-regiao-brasil\/"},"img":{"alt_text":"","src":"https:\/\/i0.wp.com\/noticiasribeiraopreto.com.br\/wp-content\/uploads\/2023\/12\/noticiasconcursos.com_.br-salario-minimo-de-r-1-412-deve-injetar-r-699-bilhoes-na-economia-brasileira-real-pixabay-750x430.jpg?fit=750%2C430&ssl=1&resize=350%2C200","width":350,"height":200,"srcset":"https:\/\/i0.wp.com\/noticiasribeiraopreto.com.br\/wp-content\/uploads\/2023\/12\/noticiasconcursos.com_.br-salario-minimo-de-r-1-412-deve-injetar-r-699-bilhoes-na-economia-brasileira-real-pixabay-750x430.jpg?fit=750%2C430&ssl=1&resize=350%2C200 1x, https:\/\/i0.wp.com\/noticiasribeiraopreto.com.br\/wp-content\/uploads\/2023\/12\/noticiasconcursos.com_.br-salario-minimo-de-r-1-412-deve-injetar-r-699-bilhoes-na-economia-brasileira-real-pixabay-750x430.jpg?fit=750%2C430&ssl=1&resize=525%2C300 1.5x, https:\/\/i0.wp.com\/noticiasribeiraopreto.com.br\/wp-content\/uploads\/2023\/12\/noticiasconcursos.com_.br-salario-minimo-de-r-1-412-deve-injetar-r-699-bilhoes-na-economia-brasileira-real-pixabay-750x430.jpg?fit=750%2C430&ssl=1&resize=700%2C400 2x"},"classes":[]},{"id":82046,"url":"https:\/\/noticiasribeiraopreto.com.br\/index.php\/2026\/02\/02\/salario-minimo-de-r-1-621-comeca-a-ser-pago-nesta-segunda\/","url_meta":{"origin":21823,"position":2},"title":"Sal\u00e1rio m\u00ednimo de R$ 1.621 come\u00e7a a ser pago nesta segunda","author":"noticiasribeiraopreto.com.br","date":"2 de February de 2026","format":false,"excerpt":"O novo sal\u00e1rio m\u00ednimo de R$ 1.621 come\u00e7a a ser pago nesta segunda-feira (2) aos trabalhadores. O valor pode ser conferido no contracheque referente a janeiro. O reajuste de 6,79%, equivalente a R$ 103, foi oficializado pelo Decreto 12.797\/2025. O aumento segue a pol\u00edtica de valoriza\u00e7\u00e3o do sal\u00e1rio m\u00ednimo, que\u2026","rel":"","context":"In &quot;Not\u00edcias de Ribeir\u00e3o Preto-SP e Regi\u00e3o&quot;","block_context":{"text":"Not\u00edcias de Ribeir\u00e3o Preto-SP e Regi\u00e3o","link":"https:\/\/noticiasribeiraopreto.com.br\/index.php\/category\/noticias-de-ribeirao-preto-sp-e-regiao-ismael-colosi\/"},"img":{"alt_text":"","src":"https:\/\/i0.wp.com\/noticiasribeiraopreto.com.br\/wp-content\/uploads\/2026\/02\/0d8a1308.webp.webp?fit=1170%2C700&ssl=1&resize=350%2C200","width":350,"height":200,"srcset":"https:\/\/i0.wp.com\/noticiasribeiraopreto.com.br\/wp-content\/uploads\/2026\/02\/0d8a1308.webp.webp?fit=1170%2C700&ssl=1&resize=350%2C200 1x, https:\/\/i0.wp.com\/noticiasribeiraopreto.com.br\/wp-content\/uploads\/2026\/02\/0d8a1308.webp.webp?fit=1170%2C700&ssl=1&resize=525%2C300 1.5x, https:\/\/i0.wp.com\/noticiasribeiraopreto.com.br\/wp-content\/uploads\/2026\/02\/0d8a1308.webp.webp?fit=1170%2C700&ssl=1&resize=700%2C400 2x, https:\/\/i0.wp.com\/noticiasribeiraopreto.com.br\/wp-content\/uploads\/2026\/02\/0d8a1308.webp.webp?fit=1170%2C700&ssl=1&resize=1050%2C600 3x"},"classes":[]},{"id":27445,"url":"https:\/\/noticiasribeiraopreto.com.br\/index.php\/2024\/01\/12\/teto-do-inss-supera-os-r-7-700-com-reajuste-para-aposentadorias-acima-do-salario-minimo\/","url_meta":{"origin":21823,"position":3},"title":"Teto do INSS supera os R$ 7.700 com reajuste para aposentadorias acima do sal\u00e1rio m\u00ednimo","author":"noticiasribeiraopreto.com.br","date":"12 de January de 2024","format":false,"excerpt":"A portaria que reajusta em 3,71% os benef\u00edcios do Instituto Nacional do Seguro Social (INSS) acima de um sal\u00e1rio m\u00ednimo foi publicada nesta sexta-feira (12) no Di\u00e1rio Oficial da Uni\u00e3o. Com a defini\u00e7\u00e3o do \u00edndice de reajuste \u2014 que segue o \u00cdndice Nacional de Pre\u00e7os ao Consumidor (INPC) do ano\u2026","rel":"","context":"In &quot;Dinheiro e Investimento&quot;","block_context":{"text":"Dinheiro e Investimento","link":"https:\/\/noticiasribeiraopreto.com.br\/index.php\/category\/dinheiro-e-investimento-como-fazer-como-ganhar\/"},"img":{"alt_text":"","src":"https:\/\/i0.wp.com\/noticiasribeiraopreto.com.br\/wp-content\/uploads\/2024\/01\/inss-628x353.jpg?fit=628%2C353&ssl=1&resize=350%2C200","width":350,"height":200,"srcset":"https:\/\/i0.wp.com\/noticiasribeiraopreto.com.br\/wp-content\/uploads\/2024\/01\/inss-628x353.jpg?fit=628%2C353&ssl=1&resize=350%2C200 1x, https:\/\/i0.wp.com\/noticiasribeiraopreto.com.br\/wp-content\/uploads\/2024\/01\/inss-628x353.jpg?fit=628%2C353&ssl=1&resize=525%2C300 1.5x"},"classes":[]},{"id":27266,"url":"https:\/\/noticiasribeiraopreto.com.br\/index.php\/2024\/01\/11\/beneficios-do-inss-acima-do-minimo-terao-reajuste-de-371\/","url_meta":{"origin":21823,"position":4},"title":"Benef\u00edcios do INSS acima do m\u00ednimo ter\u00e3o reajuste de 3,71% \u2013 Folha de Ribeir\u00e3o","author":"noticiasribeiraopreto.com.br","date":"11 de January de 2024","format":false,"excerpt":"Os benef\u00edcios do Instituto Nacional do Seguro Social (INSS) acima de um sal\u00e1rio m\u00ednimo subir\u00e3o 3,71% neste ano, confirmou hoje (11) o Minist\u00e9rio da Previd\u00eancia Social. O reajuste seguir\u00e1 o \u00cdndice Nacional de Pre\u00e7os ao Consumidor (INPC) do ano passado, divulgado mais cedo pelo Instituto Brasileiro de Geografia e Estat\u00edstica\u2026","rel":"","context":"In &quot;Not\u00edcias de Ribeir\u00e3o Preto-SP e Regi\u00e3o&quot;","block_context":{"text":"Not\u00edcias de Ribeir\u00e3o Preto-SP e Regi\u00e3o","link":"https:\/\/noticiasribeiraopreto.com.br\/index.php\/category\/noticias-de-ribeirao-preto-sp-e-regiao-ismael-colosi\/"},"img":{"alt_text":"","src":"","width":0,"height":0},"classes":[]},{"id":27919,"url":"https:\/\/noticiasribeiraopreto.com.br\/index.php\/2024\/01\/13\/beneficios-do-inss-avancam-371\/","url_meta":{"origin":21823,"position":5},"title":"Benef\u00edcios do INSS\u00a0avan\u00e7am 3,71% \u00a0","author":"noticiasribeiraopreto.com.br","date":"13 de January de 2024","format":false,"excerpt":"Os minist\u00e9rios da Previd\u00eancia Social e da Fazenda editaram Portaria Interministerial, publicada no Di\u00e1rio Oficial da Uni\u00e3o desta sexta-feira, 12 de janeiro, que disp\u00f5e sobre o reajuste dos benef\u00edcios pagos pelo Instituto Nacional do Seguro Social (INSS) e demais valores constantes do Regulamento da Previd\u00eancia Social (RPS). De acordo com\u2026","rel":"","context":"In &quot;Not\u00edcias de Ribeir\u00e3o Preto-SP e Regi\u00e3o&quot;","block_context":{"text":"Not\u00edcias de Ribeir\u00e3o Preto-SP e Regi\u00e3o","link":"https:\/\/noticiasribeiraopreto.com.br\/index.php\/category\/noticias-de-ribeirao-preto-sp-e-regiao-ismael-colosi\/"},"img":{"alt_text":"","src":"https:\/\/i0.wp.com\/noticiasribeiraopreto.com.br\/wp-content\/uploads\/2024\/01\/INSS-Tony-Winston-Agencia-Brasilia-scaled.jpeg?fit=1000%2C598&ssl=1&resize=350%2C200","width":350,"height":200,"srcset":"https:\/\/i0.wp.com\/noticiasribeiraopreto.com.br\/wp-content\/uploads\/2024\/01\/INSS-Tony-Winston-Agencia-Brasilia-scaled.jpeg?fit=1000%2C598&ssl=1&resize=350%2C200 1x, https:\/\/i0.wp.com\/noticiasribeiraopreto.com.br\/wp-content\/uploads\/2024\/01\/INSS-Tony-Winston-Agencia-Brasilia-scaled.jpeg?fit=1000%2C598&ssl=1&resize=525%2C300 1.5x, https:\/\/i0.wp.com\/noticiasribeiraopreto.com.br\/wp-content\/uploads\/2024\/01\/INSS-Tony-Winston-Agencia-Brasilia-scaled.jpeg?fit=1000%2C598&ssl=1&resize=700%2C400 2x"},"classes":[]}],"jetpack_sharing_enabled":true,"jetpack_shortlink":"https:\/\/wp.me\/peQAOb-5FZ","_links":{"self":[{"href":"https:\/\/noticiasribeiraopreto.com.br\/index.php\/wp-json\/wp\/v2\/posts\/21823","targetHints":{"allow":["GET"]}}],"collection":[{"href":"https:\/\/noticiasribeiraopreto.com.br\/index.php\/wp-json\/wp\/v2\/posts"}],"about":[{"href":"https:\/\/noticiasribeiraopreto.com.br\/index.php\/wp-json\/wp\/v2\/types\/post"}],"author":[{"embeddable":true,"href":"https:\/\/noticiasribeiraopreto.com.br\/index.php\/wp-json\/wp\/v2\/users\/1"}],"replies":[{"embeddable":true,"href":"https:\/\/noticiasribeiraopreto.com.br\/index.php\/wp-json\/wp\/v2\/comments?post=21823"}],"version-history":[{"count":0,"href":"https:\/\/noticiasribeiraopreto.com.br\/index.php\/wp-json\/wp\/v2\/posts\/21823\/revisions"}],"wp:attachment":[{"href":"https:\/\/noticiasribeiraopreto.com.br\/index.php\/wp-json\/wp\/v2\/media?parent=21823"}],"wp:term":[{"taxonomy":"category","embeddable":true,"href":"https:\/\/noticiasribeiraopreto.com.br\/index.php\/wp-json\/wp\/v2\/categories?post=21823"},{"taxonomy":"post_tag","embeddable":true,"href":"https:\/\/noticiasribeiraopreto.com.br\/index.php\/wp-json\/wp\/v2\/tags?post=21823"}],"curies":[{"name":"wp","href":"https:\/\/api.w.org\/{rel}","templated":true}]}}