{"id":21912,"date":"2023-12-28T19:22:38","date_gmt":"2023-12-28T22:22:38","guid":{"rendered":"https:\/\/noticiasribeiraopreto.com.br\/index.php\/2023\/12\/28\/pelaipe-confirma-botafogo-ativo-no-mercado-faltam-ainda-dois-ou-tres-atletas\/"},"modified":"2023-12-28T19:22:38","modified_gmt":"2023-12-28T22:22:38","slug":"pelaipe-confirma-botafogo-ativo-no-mercado-faltam-ainda-dois-ou-tres-atletas","status":"publish","type":"post","link":"https:\/\/noticiasribeiraopreto.com.br\/index.php\/2023\/12\/28\/pelaipe-confirma-botafogo-ativo-no-mercado-faltam-ainda-dois-ou-tres-atletas\/","title":{"rendered":"Pelaipe confirma Botafogo ativo no mercado: \u2018Faltam ainda dois ou tr\u00eas atletas\u2019\u00a0"},"content":{"rendered":"<div class='code-block code-block-1' style='margin: 8px 0 8px auto; text-align: right; display: block; clear: both;'>\n<p><a href=\"https:\/\/wa.link\/vpicfd\"><img data-recalc-dims=\"1\" class=\"wp-image-4922\" style=\"aspect-ratio: 2.0253164556962027; width: 561px; height: auto;\" src=\"https:\/\/i0.wp.com\/ismaelcolosi.com.br\/wp-content\/uploads\/2023\/11\/grupo-de-empregos-whatsapp-e-facebook-ismael-colosi-vagas.jpg?ssl=1\" alt=\"\" \/><\/a><\/p>\n<!-- \/wp:image -->\n<\/div>\n<p> <br \/>\n<\/p>\n<div id=\"\">\n<p> <span class=\"entry-meta-item penci-posted-on\"><i class=\"fa fa-clock-o\"\/><time class=\"entry-date published\" datetime=\"2023-12-28T16:00:56-03:00\">28 de dezembro de 2023 | 16:00<\/time><time class=\"updated\" datetime=\"2023-12-28T09:43:32-03:00\">28 de dezembro de 2023 | 9:43<\/time><\/span><\/p>\n<p> <span class=\"penci-social-buttons penci-social-share-footer\"><a href=\"#\" class=\"penci-post-like penci_post-meta_item  single-like-button penci-social-item like\" data-post_id=\"368646\" title=\"Like\" data-like=\"Like\" data-unlike=\"Unlike\"><i class=\"fa fa-thumbs-o-up\"\/><span class=\"penci-share-number\">0<\/span><\/a><i class=\"fa fa-facebook\"\/><a class=\"penci-social-item twitter\" target=\"_blank\" rel=\"noopener\" title=\"\" href=\"https:\/\/twitter.com\/intent\/tweet?text=Pelaipe%20confirma%20Botafogo%20ativo%20no%20mercado:%20\u2018Faltam%20ainda%20dois%20ou%20tr\u00eas%20atletas\u00a0%20-%20https:\/\/www.tribunaribeirao.com.br\/site\/pelaipe-confirma-botafogo-ativo-no-mercado-faltam-ainda-dois-ou-tres-atletas\/\"><i class=\"fa fa-twitter\"\/><\/a><i class=\"fa fa-whatsapp\"\/><\/span><\/div>\n<div>\n<p><span data-contrast=\"auto\">O Botafogo est\u00e1 ativo no mercado e j\u00e1 fechou a contrata\u00e7\u00e3o de 10 jogadores visando a temporada de 2024. Entretanto, mais nomes ainda devem chegar ao Pantera. Isso \u00e9 o que diz o diretor de futebol do clube, Paulo Pelaipe.\u00a0<\/span><span data-ccp-props=\"{&quot;201341983&quot;:0,&quot;335551550&quot;:6,&quot;335551620&quot;:6,&quot;335559739&quot;:200,&quot;335559740&quot;:276}\">\u00a0<\/span><\/p>\n<p><span data-contrast=\"auto\">Segundo o dirigente, o Tricolor ainda busca de dois a tr\u00eas refor\u00e7os. A tend\u00eancia \u00e9 que dois meias e mais um zagueiro sejam contratados. A posi\u00e7\u00e3o mais escassa de op\u00e7\u00f5es \u00e9 no meio. A reposi\u00e7\u00e3o na defesa \u00e9 para suprir a utiliza\u00e7\u00e3o de Ericson pela direita.\u00a0<\/span><span data-ccp-props=\"{&quot;201341983&quot;:0,&quot;335551550&quot;:6,&quot;335551620&quot;:6,&quot;335559739&quot;:200,&quot;335559740&quot;:276}\">\u00a0<\/span><\/p>\n<p><span data-contrast=\"auto\">\u201cFaltam ainda dois ou tr\u00eas atletas, porque n\u00f3s temos o foco em alguns jogadores. Estamos em negocia\u00e7\u00e3o, existe as vezes outros clubes interessados, as vezes o empres\u00e1rio d\u00e1 uma segurada a mais porque quer levar o jogador para fora do pa\u00eds ou quer colocar o atleta na S\u00e9rie A\u201d, analisou Pelaipe.<\/span><span data-ccp-props=\"{&quot;201341983&quot;:0,&quot;335551550&quot;:6,&quot;335551620&quot;:6,&quot;335559739&quot;:200,&quot;335559740&quot;:276}\">\u00a0<\/span><\/p>\n<p><span data-contrast=\"auto\">\u201cTodos os jogadores que trouxemos para o Botafogo t\u00eam condi\u00e7\u00f5es de jogar na S\u00e9rie A. eles v\u00e3o jogar a S\u00e9rie B, mas tem condi\u00e7\u00f5es. Alguns j\u00e1 jogaram, outros vieram de l\u00e1. Ent\u00e3o \u00e9 muito mais dif\u00edcil o trabalho de convencimento, voc\u00ea mostrar que o Botafogo paga em dia. Que hoje o quinto dia do m\u00eas \u00e9 sagrado, que n\u00f3s honramos todos os compromissos. Desde 2019, quando a SA entrou no clube, n\u00e3o temos nenhuma divida com atleta. Isso come\u00e7a a ganhar corpo, aparecer no mercado. Ter credibilidade no mercado \u00e9 fundamental e n\u00f3s temos. Tudo o que oferecemos para os profissionais que vem aqui \u00e9 cumprido\u201d, completou.\u00a0<\/span><span data-ccp-props=\"{&quot;201341983&quot;:0,&quot;335551550&quot;:6,&quot;335551620&quot;:6,&quot;335559739&quot;:200,&quot;335559740&quot;:276}\">\u00a0<\/span><\/p>\n<p><b><span data-contrast=\"auto\">Venda de Madruga\u00a0<\/span><\/b><span data-ccp-props=\"{&quot;201341983&quot;:0,&quot;335551550&quot;:6,&quot;335551620&quot;:6,&quot;335559739&quot;:200,&quot;335559740&quot;:276}\">\u00a0<\/span><\/p>\n<p><span data-contrast=\"auto\">O Botafogo est\u00e1 muito pr\u00f3ximo de fechar a venda do volante Guilherme Madruga para o Cuiab\u00e1. Segundo o jornalista Ven\u00ea Casagrande, os valores giram em torno de R$ 4 milh\u00f5es por 60% do passe do jogador.\u00a0<\/span><span data-ccp-props=\"{&quot;201341983&quot;:0,&quot;335551550&quot;:6,&quot;335551620&quot;:6,&quot;335559739&quot;:200,&quot;335559740&quot;:276}\">\u00a0<\/span><\/p>\n<p><span data-contrast=\"auto\">O Pantera ainda deve ficar com 40% do jogador para uma futura negocia\u00e7\u00e3o. Madruga chega ao Cuiab\u00e1 para suprir a sa\u00edda de Raniele, que foi vendido ao Corinthians por 2,5 milh\u00f5es de euros. A t\u00edtulo de curiosidade, Raniele tamb\u00e9m passou pelo Botafogo, em 2020.\u00a0<\/span><span data-ccp-props=\"{&quot;201341983&quot;:0,&quot;335551550&quot;:6,&quot;335551620&quot;:6,&quot;335559739&quot;:200,&quot;335559740&quot;:276}\">\u00a0<\/span><\/p>\n<p><span data-contrast=\"auto\">O Botafogo ainda n\u00e3o confirma a negocia\u00e7\u00e3o, mas segunda apura\u00e7\u00e3o do Tribuna, as tratativas est\u00e3o muito avan\u00e7adas e o an\u00fancio deve ser feito muito em breve. Madruga n\u00e3o se reapresentou com o elenco na \u00faltima ter\u00e7a.\u00a0<\/span><span data-ccp-props=\"{&quot;201341983&quot;:0,&quot;335551550&quot;:6,&quot;335551620&quot;:6,&quot;335559739&quot;:200,&quot;335559740&quot;:276}\">\u00a0<\/span><\/p>\n<p>\u00a0<\/p>\n<p><span data-ccp-props=\"{&quot;201341983&quot;:0,&quot;335551550&quot;:6,&quot;335551620&quot;:6,&quot;335559739&quot;:200,&quot;335559740&quot;:276}\">\u00a0<\/span><\/p>\n<\/div>\n<p><script async src=\"\/\/platform.twitter.com\/widgets.js\" charset=\"utf-8\"><\/script><br \/>\n<br \/><br \/>\n<br \/><a href=\"https:\/\/www.tribunaribeirao.com.br\/site\/pelaipe-confirma-botafogo-ativo-no-mercado-faltam-ainda-dois-ou-tres-atletas\/\">Source link <\/a><\/p>\n<!-- CONTENT END 1 -->\n","protected":false},"excerpt":{"rendered":"<p>28 de dezembro de 2023 | 16:0028 de dezembro de 2023 | 9:43 0 O Botafogo est\u00e1 ativo no mercado e j\u00e1 fechou a contrata\u00e7\u00e3o&#8230;<\/p>\n","protected":false},"author":1,"featured_media":21913,"comment_status":"open","ping_status":"open","sticky":false,"template":"","format":"standard","meta":{"advanced_seo_description":"","jetpack_seo_html_title":"","jetpack_seo_noindex":false,"jetpack_post_was_ever_published":false,"_jetpack_newsletter_access":"","_jetpack_dont_email_post_to_subs":false,"_jetpack_newsletter_tier_id":0,"_jetpack_memberships_contains_paywalled_content":false,"_jetpack_memberships_contains_paid_content":false,"footnotes":"","jetpack_publicize_message":"","jetpack_publicize_feature_enabled":true,"jetpack_social_post_already_shared":true,"jetpack_social_options":{"image_generator_settings":{"template":"highway","default_image_id":0,"font":"","enabled":false},"version":2}},"categories":[11],"tags":[368,2769,479,52,1675,618,2770,879,2768,639],"class_list":["post-21912","post","type-post","status-publish","format-standard","has-post-thumbnail","hentry","category-noticias-de-ribeirao-preto-sp-e-regiao-ismael-colosi","tag-ainda","tag-ativo","tag-atletas","tag-botafogo","tag-confirma","tag-dois","tag-faltam","tag-mercado","tag-pelaipe","tag-tres"],"jetpack_publicize_connections":[],"jetpack_featured_media_url":"https:\/\/i0.wp.com\/noticiasribeiraopreto.com.br\/wp-content\/uploads\/2023\/12\/Botafogo-2-4-scaled.jpg?fit=967%2C645&ssl=1","jetpack-related-posts":[{"id":39732,"url":"https:\/\/noticiasribeiraopreto.com.br\/index.php\/2024\/02\/27\/apos-vitoria-botafogo-comeca-pensar-planejamento-para-serie-b\/","url_meta":{"origin":21912,"position":0},"title":"Ap\u00f3s vit\u00f3ria, Botafogo come\u00e7a pensar planejamento para S\u00e9rie B\u00a0\u00a0","author":"noticiasribeiraopreto.com.br","date":"27 de February de 2024","format":false,"excerpt":"27 de fevereiro de 2024 | 17:0027 de fevereiro de 2024 | 10:07 0O Botafogo bateu a Portuguesa com o placar de 2 a 1 no \u00faltimo domingo e praticamente confirmou sua perman\u00eancia na elite do futebol paulista. Os gols da partida foram anotados por Douglas Baggio e Patrick Brey.\u00a0\u00a0Com\u2026","rel":"","context":"In &quot;Not\u00edcias de Ribeir\u00e3o Preto-SP e Regi\u00e3o&quot;","block_context":{"text":"Not\u00edcias de Ribeir\u00e3o Preto-SP e Regi\u00e3o","link":"https:\/\/noticiasribeiraopreto.com.br\/index.php\/category\/noticias-de-ribeirao-preto-sp-e-regiao-ismael-colosi\/"},"img":{"alt_text":"","src":"https:\/\/i0.wp.com\/noticiasribeiraopreto.com.br\/wp-content\/uploads\/2024\/02\/Botafogo-2-16-scaled.jpg?fit=967%2C645&ssl=1&resize=350%2C200","width":350,"height":200,"srcset":"https:\/\/i0.wp.com\/noticiasribeiraopreto.com.br\/wp-content\/uploads\/2024\/02\/Botafogo-2-16-scaled.jpg?fit=967%2C645&ssl=1&resize=350%2C200 1x, https:\/\/i0.wp.com\/noticiasribeiraopreto.com.br\/wp-content\/uploads\/2024\/02\/Botafogo-2-16-scaled.jpg?fit=967%2C645&ssl=1&resize=525%2C300 1.5x, https:\/\/i0.wp.com\/noticiasribeiraopreto.com.br\/wp-content\/uploads\/2024\/02\/Botafogo-2-16-scaled.jpg?fit=967%2C645&ssl=1&resize=700%2C400 2x"},"classes":[]},{"id":7678,"url":"https:\/\/noticiasribeiraopreto.com.br\/index.php\/2023\/11\/28\/pantera-contrata-sergio-dimas-para-cargo-de-executivo-de-futebol\/","url_meta":{"origin":21912,"position":1},"title":"Pantera contrata S\u00e9rgio Dimas para cargo de executivo de futebol\u00a0\u00a0","author":"noticiasribeiraopreto.com.br","date":"28 de November de 2023","format":false,"excerpt":"28 de novembro de 2023 | 16:3328 de novembro de 2023 | 14:30 0O Botafogo tem um novo profissional no seu departamento de futebol. Trata-se de S\u00e9rgio Dimas, de 43 anos, que exercer\u00e1 o cargo de gerente executivo de futebol.\u00a0Ele trabalhar\u00e1 juntamente com Paulo Pelaipe, atual diretor de futebol do\u2026","rel":"","context":"In &quot;Not\u00edcias de Ribeir\u00e3o Preto-SP e Regi\u00e3o&quot;","block_context":{"text":"Not\u00edcias de Ribeir\u00e3o Preto-SP e Regi\u00e3o","link":"https:\/\/noticiasribeiraopreto.com.br\/index.php\/category\/noticias-de-ribeirao-preto-sp-e-regiao-ismael-colosi\/"},"img":{"alt_text":"","src":"https:\/\/i0.wp.com\/noticiasribeiraopreto.com.br\/wp-content\/uploads\/2023\/11\/Botafogoo.jpg?fit=1200%2C601&ssl=1&resize=350%2C200","width":350,"height":200,"srcset":"https:\/\/i0.wp.com\/noticiasribeiraopreto.com.br\/wp-content\/uploads\/2023\/11\/Botafogoo.jpg?fit=1200%2C601&ssl=1&resize=350%2C200 1x, https:\/\/i0.wp.com\/noticiasribeiraopreto.com.br\/wp-content\/uploads\/2023\/11\/Botafogoo.jpg?fit=1200%2C601&ssl=1&resize=525%2C300 1.5x, https:\/\/i0.wp.com\/noticiasribeiraopreto.com.br\/wp-content\/uploads\/2023\/11\/Botafogoo.jpg?fit=1200%2C601&ssl=1&resize=700%2C400 2x, https:\/\/i0.wp.com\/noticiasribeiraopreto.com.br\/wp-content\/uploads\/2023\/11\/Botafogoo.jpg?fit=1200%2C601&ssl=1&resize=1050%2C600 3x"},"classes":[]},{"id":21534,"url":"https:\/\/noticiasribeiraopreto.com.br\/index.php\/2023\/12\/27\/botafogo-inicia-pre-temporada-visando-2024\/","url_meta":{"origin":21912,"position":2},"title":"Botafogo inicia pr\u00e9-temporada visando 2024\u00a0\u00a0","author":"noticiasribeiraopreto.com.br","date":"27 de December de 2023","format":false,"excerpt":"O Botafogo iniciou oficialmente nesta ter\u00e7a-feira (26) a prepara\u00e7\u00e3o para a pr\u00f3xima temporada.\u00a0No per\u00edodo da manh\u00e3, Paulo Pelaipe, diretor de futebol do Botafogo, se reuniu com a comiss\u00e3o t\u00e9cnica e o departamento de futebol no audit\u00f3rio do Hotel Z, inaugurado em maio do ano passado.\u00a0Logo ap\u00f3s o almo\u00e7o, o novo\u2026","rel":"","context":"In &quot;Not\u00edcias de Ribeir\u00e3o Preto-SP e Regi\u00e3o&quot;","block_context":{"text":"Not\u00edcias de Ribeir\u00e3o Preto-SP e Regi\u00e3o","link":"https:\/\/noticiasribeiraopreto.com.br\/index.php\/category\/noticias-de-ribeirao-preto-sp-e-regiao-ismael-colosi\/"},"img":{"alt_text":"","src":"https:\/\/i0.wp.com\/noticiasribeiraopreto.com.br\/wp-content\/uploads\/2023\/12\/Botafogo-2-3-scaled.jpg?fit=967%2C645&ssl=1&resize=350%2C200","width":350,"height":200,"srcset":"https:\/\/i0.wp.com\/noticiasribeiraopreto.com.br\/wp-content\/uploads\/2023\/12\/Botafogo-2-3-scaled.jpg?fit=967%2C645&ssl=1&resize=350%2C200 1x, https:\/\/i0.wp.com\/noticiasribeiraopreto.com.br\/wp-content\/uploads\/2023\/12\/Botafogo-2-3-scaled.jpg?fit=967%2C645&ssl=1&resize=525%2C300 1.5x, https:\/\/i0.wp.com\/noticiasribeiraopreto.com.br\/wp-content\/uploads\/2023\/12\/Botafogo-2-3-scaled.jpg?fit=967%2C645&ssl=1&resize=700%2C400 2x"},"classes":[]},{"id":9118,"url":"https:\/\/noticiasribeiraopreto.com.br\/index.php\/2023\/12\/01\/botafogo-pode-ter-atacante-com-salario-na-faixa-de-r-150-mil\/","url_meta":{"origin":21912,"position":3},"title":"Botafogo pode ter atacante com sal\u00e1rio na faixa de R$ 150 mil\u00a0\u00a0","author":"noticiasribeiraopreto.com.br","date":"1 de December de 2023","format":false,"excerpt":"1 de dezembro de 2023 | 14:001 de dezembro de 2023 | 8:54 0Depois de anunciar a contrata\u00e7\u00e3o de Paulo Gomes como treinador e S\u00e9rgio Dimas para ocupar o cargo de executivo de futebol, o Pantera agora est\u00e1 de olho no mercado de transfer\u00eancias para buscar novas pe\u00e7as para o\u2026","rel":"","context":"In &quot;Not\u00edcias de Ribeir\u00e3o Preto-SP e Regi\u00e3o&quot;","block_context":{"text":"Not\u00edcias de Ribeir\u00e3o Preto-SP e Regi\u00e3o","link":"https:\/\/noticiasribeiraopreto.com.br\/index.php\/category\/noticias-de-ribeirao-preto-sp-e-regiao-ismael-colosi\/"},"img":{"alt_text":"","src":"https:\/\/i0.wp.com\/noticiasribeiraopreto.com.br\/wp-content\/uploads\/2023\/12\/botafogo.jpg?fit=967%2C645&ssl=1&resize=350%2C200","width":350,"height":200,"srcset":"https:\/\/i0.wp.com\/noticiasribeiraopreto.com.br\/wp-content\/uploads\/2023\/12\/botafogo.jpg?fit=967%2C645&ssl=1&resize=350%2C200 1x, https:\/\/i0.wp.com\/noticiasribeiraopreto.com.br\/wp-content\/uploads\/2023\/12\/botafogo.jpg?fit=967%2C645&ssl=1&resize=525%2C300 1.5x, https:\/\/i0.wp.com\/noticiasribeiraopreto.com.br\/wp-content\/uploads\/2023\/12\/botafogo.jpg?fit=967%2C645&ssl=1&resize=700%2C400 2x"},"classes":[]},{"id":41502,"url":"https:\/\/noticiasribeiraopreto.com.br\/index.php\/2024\/03\/08\/botafogo-perde-gerente-de-futebol-para-selecao-brasileira-entenda\/","url_meta":{"origin":21912,"position":4},"title":"Botafogo perde gerente de futebol para sele\u00e7\u00e3o brasileira; Entenda","author":"noticiasribeiraopreto.com.br","date":"8 de March de 2024","format":false,"excerpt":"O gerente executivo de futebol do Botafogo, S\u00e9rgio Dimas, acertou a sa\u00edda do clube de Ribeir\u00e3o Preto para virar o supervisor geral de sele\u00e7\u00f5es masculinas da CBF (Confedera\u00e7\u00e3o Brasileira de Futebol). S\u00e9rgio Dimas foi indicado pelo novo t\u00e9cnico da sele\u00e7\u00e3o e, ex-jogador do Botafogo, Dorival J\u00fanior. \u201cO Botafogo Futebol SA\u2026","rel":"","context":"In &quot;Not\u00edcias de Ribeir\u00e3o Preto-SP e Regi\u00e3o&quot;","block_context":{"text":"Not\u00edcias de Ribeir\u00e3o Preto-SP e Regi\u00e3o","link":"https:\/\/noticiasribeiraopreto.com.br\/index.php\/category\/noticias-de-ribeirao-preto-sp-e-regiao-ismael-colosi\/"},"img":{"alt_text":"","src":"https:\/\/i0.wp.com\/noticiasribeiraopreto.com.br\/wp-content\/uploads\/2024\/03\/sergio-dimas.jpg?fit=960%2C539&ssl=1&resize=350%2C200","width":350,"height":200,"srcset":"https:\/\/i0.wp.com\/noticiasribeiraopreto.com.br\/wp-content\/uploads\/2024\/03\/sergio-dimas.jpg?fit=960%2C539&ssl=1&resize=350%2C200 1x, https:\/\/i0.wp.com\/noticiasribeiraopreto.com.br\/wp-content\/uploads\/2024\/03\/sergio-dimas.jpg?fit=960%2C539&ssl=1&resize=525%2C300 1.5x, https:\/\/i0.wp.com\/noticiasribeiraopreto.com.br\/wp-content\/uploads\/2024\/03\/sergio-dimas.jpg?fit=960%2C539&ssl=1&resize=700%2C400 2x"},"classes":[]},{"id":80942,"url":"https:\/\/noticiasribeiraopreto.com.br\/index.php\/2025\/12\/18\/botafogo-renova-contrato-de-atacante\/","url_meta":{"origin":21912,"position":5},"title":"Botafogo renova contrato de atacante","author":"noticiasribeiraopreto.com.br","date":"18 de December de 2025","format":false,"excerpt":"\r Jefferson Nem tinha v\u00ednculo com Pantera at\u00e9 abril de 2026\r \r 18 de dezembro de 2025 15:08 \r Compartilhar0 Por Hugo Luque Ainda em processo de reformula\u00e7\u00e3o e montagem de elenco para a pr\u00f3xima temporada, o Botafogo oficializou, nesta quinta-feira (18), a renova\u00e7\u00e3o contratual do atacante Jefferson Nem. O\u2026","rel":"","context":"In &quot;Not\u00edcias de Ribeir\u00e3o Preto-SP e Regi\u00e3o&quot;","block_context":{"text":"Not\u00edcias de Ribeir\u00e3o Preto-SP e Regi\u00e3o","link":"https:\/\/noticiasribeiraopreto.com.br\/index.php\/category\/noticias-de-ribeirao-preto-sp-e-regiao-ismael-colosi\/"},"img":{"alt_text":"","src":"https:\/\/i0.wp.com\/noticiasribeiraopreto.com.br\/wp-content\/uploads\/2025\/12\/ATA-Jefferson-Nem-Luiz-Fernando-Cosenzo_Agencia-Botafogo.jpg?fit=799%2C533&ssl=1&resize=350%2C200","width":350,"height":200,"srcset":"https:\/\/i0.wp.com\/noticiasribeiraopreto.com.br\/wp-content\/uploads\/2025\/12\/ATA-Jefferson-Nem-Luiz-Fernando-Cosenzo_Agencia-Botafogo.jpg?fit=799%2C533&ssl=1&resize=350%2C200 1x, https:\/\/i0.wp.com\/noticiasribeiraopreto.com.br\/wp-content\/uploads\/2025\/12\/ATA-Jefferson-Nem-Luiz-Fernando-Cosenzo_Agencia-Botafogo.jpg?fit=799%2C533&ssl=1&resize=525%2C300 1.5x, https:\/\/i0.wp.com\/noticiasribeiraopreto.com.br\/wp-content\/uploads\/2025\/12\/ATA-Jefferson-Nem-Luiz-Fernando-Cosenzo_Agencia-Botafogo.jpg?fit=799%2C533&ssl=1&resize=700%2C400 2x"},"classes":[]}],"jetpack_sharing_enabled":true,"jetpack_shortlink":"https:\/\/wp.me\/peQAOb-5Hq","_links":{"self":[{"href":"https:\/\/noticiasribeiraopreto.com.br\/index.php\/wp-json\/wp\/v2\/posts\/21912","targetHints":{"allow":["GET"]}}],"collection":[{"href":"https:\/\/noticiasribeiraopreto.com.br\/index.php\/wp-json\/wp\/v2\/posts"}],"about":[{"href":"https:\/\/noticiasribeiraopreto.com.br\/index.php\/wp-json\/wp\/v2\/types\/post"}],"author":[{"embeddable":true,"href":"https:\/\/noticiasribeiraopreto.com.br\/index.php\/wp-json\/wp\/v2\/users\/1"}],"replies":[{"embeddable":true,"href":"https:\/\/noticiasribeiraopreto.com.br\/index.php\/wp-json\/wp\/v2\/comments?post=21912"}],"version-history":[{"count":0,"href":"https:\/\/noticiasribeiraopreto.com.br\/index.php\/wp-json\/wp\/v2\/posts\/21912\/revisions"}],"wp:featuredmedia":[{"embeddable":true,"href":"https:\/\/noticiasribeiraopreto.com.br\/index.php\/wp-json\/wp\/v2\/media\/21913"}],"wp:attachment":[{"href":"https:\/\/noticiasribeiraopreto.com.br\/index.php\/wp-json\/wp\/v2\/media?parent=21912"}],"wp:term":[{"taxonomy":"category","embeddable":true,"href":"https:\/\/noticiasribeiraopreto.com.br\/index.php\/wp-json\/wp\/v2\/categories?post=21912"},{"taxonomy":"post_tag","embeddable":true,"href":"https:\/\/noticiasribeiraopreto.com.br\/index.php\/wp-json\/wp\/v2\/tags?post=21912"}],"curies":[{"name":"wp","href":"https:\/\/api.w.org\/{rel}","templated":true}]}}