{"id":21938,"date":"2023-12-28T20:29:12","date_gmt":"2023-12-28T23:29:12","guid":{"rendered":"https:\/\/noticiasribeiraopreto.com.br\/index.php\/2023\/12\/28\/ipva-2024-ja-esta-disponivel-para-consulta-e-pagamento\/"},"modified":"2023-12-28T20:29:12","modified_gmt":"2023-12-28T23:29:12","slug":"ipva-2024-ja-esta-disponivel-para-consulta-e-pagamento","status":"publish","type":"post","link":"https:\/\/noticiasribeiraopreto.com.br\/index.php\/2023\/12\/28\/ipva-2024-ja-esta-disponivel-para-consulta-e-pagamento\/","title":{"rendered":"IPVA 2024 j\u00e1 est\u00e1 dispon\u00edvel para consulta e pagamento"},"content":{"rendered":"<div class='code-block code-block-1' style='margin: 8px 0 8px auto; text-align: right; display: block; clear: both;'>\n<p><a href=\"https:\/\/wa.link\/vpicfd\"><img data-recalc-dims=\"1\" class=\"wp-image-4922\" style=\"aspect-ratio: 2.0253164556962027; width: 561px; height: auto;\" src=\"https:\/\/i0.wp.com\/ismaelcolosi.com.br\/wp-content\/uploads\/2023\/11\/grupo-de-empregos-whatsapp-e-facebook-ismael-colosi-vagas.jpg?ssl=1\" alt=\"\" \/><\/a><\/p>\n<!-- \/wp:image -->\n<\/div>\n<p> <br \/>\n<\/p>\n<div>\n<p><span data-contrast=\"auto\"><noscript><img data-recalc-dims=\"1\" loading=\"lazy\" decoding=\"async\" class=\"size-medium wp-image-368643 alignleft\" src=\"https:\/\/i0.wp.com\/www.tribunaribeirao.com.br\/site\/wp-content\/uploads\/2023\/12\/3-tabela-IPVA-300x133.jpeg?resize=300%2C133&#038;ssl=1\" alt=\"\" width=\"300\" height=\"133\" srcset=\"https:\/\/www.tribunaribeirao.com.br\/site\/wp-content\/uploads\/2023\/12\/3-tabela-IPVA-300x133.jpeg 300w, https:\/\/www.tribunaribeirao.com.br\/site\/wp-content\/uploads\/2023\/12\/3-tabela-IPVA-768x341.jpeg 768w, https:\/\/www.tribunaribeirao.com.br\/site\/wp-content\/uploads\/2023\/12\/3-tabela-IPVA-585x260.jpeg 585w, https:\/\/www.tribunaribeirao.com.br\/site\/wp-content\/uploads\/2023\/12\/3-tabela-IPVA.jpeg 827w\" sizes=\"auto, (max-width: 300px) 100vw, 300px\"\/><\/noscript>Os propriet\u00e1rios de ve\u00edculos registrados no Estado de S\u00e3o Paulo j\u00e1 podem conferir o valor do Imposto sobre a Propriedade de Ve\u00edculos Automotores (IPVA) de 2024 em toda a rede banc\u00e1ria. A consulta pode ser realizada nos terminais de autoatendimento, internet banking e aplicativos de celular disponibilizados pelos bancos, bastando informar o n\u00famero do Renavam.<\/span><span data-ccp-props=\"{&quot;201341983&quot;:0,&quot;335559739&quot;:0,&quot;335559740&quot;:240}\">\u00a0<\/span><\/p>\n<p><span data-contrast=\"auto\">Tamb\u00e9m \u00e9 poss\u00edvel verificar diretamente no portal da Secretaria da Fazenda e Planejamento (Sefaz-SP), acessando o site https:\/\/www.ipva.fazenda.sp.gov.br\/IPVANET_Consulta\/Consulta.aspx, mediante o n\u00famero do Renavam e placa do ve\u00edculo.<\/span><span data-ccp-props=\"{&quot;201341983&quot;:0,&quot;335559739&quot;:0,&quot;335559740&quot;:240}\">\u00a0<\/span><\/p>\n<p><span data-contrast=\"auto\">A Sefaz-SP disponibiliza, ainda, consulta ao valor venal do autom\u00f3vel para 2024 no Sistema de Ve\u00edculos (Sivei), bastando ao propriet\u00e1rio informar a placa do ve\u00edculo.<\/span><span data-ccp-props=\"{&quot;201341983&quot;:0,&quot;335559739&quot;:0,&quot;335559740&quot;:240}\">\u00a0<\/span><\/p>\n<p><span data-contrast=\"auto\">O propriet\u00e1rio tem at\u00e9 a data de vencimento da placa (veja tabela) para quitar o imposto. Em janeiro, \u00e9 poss\u00edvel antecipar o pagamento em cota \u00fanica, com desconto de 3% \u2013 essa op\u00e7\u00e3o \u00e9 atrativa, pois apresenta um rendimento maior que o da poupan\u00e7a, por exemplo. Tamb\u00e9m em janeiro \u00e9 a data para quem decidir pagar tributo parcelado, devendo recolher a primeira parcela. \u00c9 poss\u00edvel pagar o imposto em at\u00e9 cinco vezes.<\/span><span data-ccp-props=\"{&quot;201341983&quot;:0,&quot;335559739&quot;:0,&quot;335559740&quot;:240}\">\u00a0<\/span><\/p>\n<p><b><span data-contrast=\"auto\">Formas de pagamento<\/span><\/b><span data-ccp-props=\"{&quot;201341983&quot;:0,&quot;335559739&quot;:0,&quot;335559740&quot;:240}\">\u00a0<\/span><\/p>\n<p><span data-contrast=\"auto\">A novidade para 2024 \u00e9 o pagamento via Pix. A Sefaz-SP tornou mais r\u00e1pido, facilitado e imediato o pagamento do IPVA, permitindo o recolhimento por meio de QR code junto a cerca de 800 institui\u00e7\u00f5es financeiras. Esse aumento na rede arrecadadora \u00e9 o principal benef\u00edcio do Pix para os cidad\u00e3os, especialmente para os \u201cdesbancarizados\u201d e para aqueles que n\u00e3o mant\u00eam conta nos grandes e tradicionais bancos, preferindo bancos digitais.<\/span><span data-ccp-props=\"{&quot;201341983&quot;:0,&quot;335559739&quot;:0,&quot;335559740&quot;:240}\">\u00a0<\/span><\/p>\n<p><span data-contrast=\"auto\">Para utilizar a modalidade, \u00e9 necess\u00e1rio acessar a p\u00e1gina do IPVA no portal da Sefaz-SP, informar os dados do ve\u00edculo e gerar um QR code, que servir\u00e1 para o pagamento. O QR code Pix tem validade de 15 minutos, ap\u00f3s o qual expira. N\u00e3o tendo sido pago, ser\u00e1 necess\u00e1rio emitir um novo QR code (sempre pelo site da Sefaz-SP). Na tela do QR code, h\u00e1 um contador temporal de \u201ctempo restante\u201d indicando quando o c\u00f3digo expirar\u00e1. Ao ler o QR code com o aplicativo de banco ou institui\u00e7\u00e3o de pagamento, aparecer\u00e1 a informa\u00e7\u00e3o de que o pagamento \u00e9 destinado \u00e0 \u201cSecretaria da Fazenda e Planejamento\u201d, sob o CNPJ 46.377.222\/0003-90 em conta do Banco do Brasil.<\/span><span data-ccp-props=\"{&quot;201341983&quot;:0,&quot;335559739&quot;:0,&quot;335559740&quot;:240}\">\u00a0<\/span><\/p>\n<p><span data-contrast=\"auto\">Continuam valendo as demais op\u00e7\u00f5es de recolhimento diretamente na rede banc\u00e1ria. Para efetuar o pagamento do IPVA 2024, basta o contribuinte utilizar o n\u00famero do RENAVAM (Registro Nacional de Ve\u00edculo Automotor). \u00c9 poss\u00edvel efetuar o pela internet ou d\u00e9bito agendado, nos terminais de autoatendimento ou outros canais oferecidos pela institui\u00e7\u00e3o banc\u00e1ria. Tamb\u00e9m \u00e9 poss\u00edvel realizar o pagamento em casas lot\u00e9ricas e com cart\u00e3o de cr\u00e9dito, nas empresas credenciadas \u00e0 Secretaria da Fazenda e Planejamento.<\/span><span data-ccp-props=\"{&quot;201341983&quot;:0,&quot;335559739&quot;:0,&quot;335559740&quot;:240}\">\u00a0<\/span><\/p>\n<p><b><span data-contrast=\"auto\">Frota total de ve\u00edculos e al\u00edquotas<\/span><\/b><span data-ccp-props=\"{&quot;201341983&quot;:0,&quot;335559739&quot;:0,&quot;335559740&quot;:240}\">\u00a0<\/span><\/p>\n<p><span data-contrast=\"auto\">A frota total no Estado de S\u00e3o Paulo \u00e9 de aproximadamente 28,3 milh\u00f5es de ve\u00edculos. Desses, 18,5 milh\u00f5es est\u00e3o sujeitos ao recolhimento do IPVA e 8,9 milh\u00f5es est\u00e3o isentos por terem mais de 20 anos de fabrica\u00e7\u00e3o. Cerca de 900 mil ve\u00edculos s\u00e3o considerados isentos, imunes ou dispensados do pagamento (como taxistas, pessoas com defici\u00eancia, igrejas, entidades sem fins lucrativos, ve\u00edculos oficiais e \u00f4nibus\/micro-\u00f4nibus urbanos).<\/span><span data-ccp-props=\"{&quot;201341983&quot;:0,&quot;335559739&quot;:0,&quot;335559740&quot;:240}\">\u00a0<\/span><\/p>\n<p><span data-contrast=\"auto\">A Fazenda prev\u00ea arrecadar R<\/span><span data-contrast=\"auto\">\uff04<\/span><span data-contrast=\"auto\"> 27,6 bilh\u00f5es com o IPVA em 2024. Deste total, descontadas as destina\u00e7\u00f5es constitucionais (como o Fundeb), o valor restante \u00e9 repartido metade para os munic\u00edpios de registro dos ve\u00edculos, que devem corresponder ao local de domic\u00edlio ou resid\u00eancia dos respectivos propriet\u00e1rios, e a outra metade para o Estado. Os recursos do imposto s\u00e3o investidos pelo governo estadual em obras de infraestrutura e melhoria na presta\u00e7\u00e3o de servi\u00e7os p\u00fablicos como os de sa\u00fade e educa\u00e7\u00e3o.<\/span><span data-ccp-props=\"{&quot;201341983&quot;:0,&quot;335559739&quot;:0,&quot;335559740&quot;:240}\">\u00a0<\/span><\/p>\n<p><span data-contrast=\"auto\">As al\u00edquotas do imposto para ve\u00edculos particulares novos e usados permanecem as mesmas: 4% para carros de passeio; 2% para motocicletas e similares, caminhonetes cabine simples, micro-\u00f4nibus, \u00f4nibus e maquin\u00e1rio pesado; al\u00e9m de 1,5% para caminh\u00f5es e 1% para os ve\u00edculos de locadoras, registrados em S\u00e3o Paulo.<\/span><span data-ccp-props=\"{&quot;201341983&quot;:0,&quot;335559739&quot;:0,&quot;335559740&quot;:240}\">\u00a0<\/span><\/p>\n<p><b><span data-contrast=\"auto\">Calend\u00e1rio de pagamento\u00a0<\/span><\/b><span data-ccp-props=\"{&quot;201341983&quot;:0,&quot;335559739&quot;:0,&quot;335559740&quot;:240}\">\u00a0<\/span><\/p>\n<p><span data-contrast=\"auto\">Os propriet\u00e1rios poder\u00e3o escolher entre as seguintes formas de pagamento com vencimentos de acordo com o final de placa:<\/span><span data-ccp-props=\"{&quot;201341983&quot;:0,&quot;335559739&quot;:0,&quot;335559740&quot;:240}\">\u00a0<\/span><\/p>\n<p><b><span data-contrast=\"auto\">\u00c0 vista<\/span><\/b><span data-ccp-props=\"{&quot;201341983&quot;:0,&quot;335559739&quot;:0,&quot;335559740&quot;:240}\">\u00a0<\/span><\/p>\n<p><span data-contrast=\"auto\">\u2013 Cota \u00fanica em janeiro com desconto de 3%;<\/span><span data-ccp-props=\"{&quot;201341983&quot;:0,&quot;335559739&quot;:0,&quot;335559740&quot;:240}\">\u00a0<\/span><\/p>\n<p><span data-contrast=\"auto\">\u2013 Cota \u00fanica em fevereiro, sem desconto;<\/span><span data-ccp-props=\"{&quot;201341983&quot;:0,&quot;335559739&quot;:0,&quot;335559740&quot;:240}\">\u00a0<\/span><\/p>\n<p><span data-ccp-props=\"{&quot;201341983&quot;:0,&quot;335559739&quot;:0,&quot;335559740&quot;:240}\">\u00a0<\/span><\/p>\n<p><b><span data-contrast=\"auto\">Parcelamento, sem desconto, cota m\u00ednima de R$ 70,72<\/span><\/b><span data-ccp-props=\"{&quot;201341983&quot;:0,&quot;335559739&quot;:0,&quot;335559740&quot;:240}\">\u00a0<\/span><\/p>\n<p><span data-contrast=\"auto\">\u2013 Em 3 vezes, de janeiro a mar\u00e7o (IPVA entre R$ 212,16 e R<\/span><span data-contrast=\"auto\">\uff04<\/span><span data-contrast=\"auto\"> 282,87);<\/span><span data-ccp-props=\"{&quot;201341983&quot;:0,&quot;335559739&quot;:0,&quot;335559740&quot;:240}\">\u00a0<\/span><\/p>\n<p><span data-contrast=\"auto\">\u2013 Em 4 vezes, de janeiro a abril (IPVA entre R$ 282,88 e R<\/span><span data-contrast=\"auto\">\uff04<\/span><span data-contrast=\"auto\"> 353,59);<\/span><span data-ccp-props=\"{&quot;201341983&quot;:0,&quot;335559739&quot;:0,&quot;335559740&quot;:240}\">\u00a0<\/span><\/p>\n<p><span data-contrast=\"auto\">\u2013 Em 5 vezes, de janeiro a maio (IPVA acima de R$ 353,60).<\/span><span data-ccp-props=\"{&quot;201341983&quot;:0,&quot;335559739&quot;:0,&quot;335559740&quot;:240}\">\u00a0<\/span><\/p>\n<p><span data-ccp-props=\"{&quot;201341983&quot;:0,&quot;335559739&quot;:0,&quot;335559740&quot;:240}\">\u00a0<\/span><\/p>\n<p><span data-contrast=\"auto\">Os caminh\u00f5es t\u00eam prazos diferenciados: para o pagamento integral em janeiro \u00e9 concedido desconto de 3%. Aos que escolherem pagar em cota \u00fanica, sem desconto, o vencimento ser\u00e1 em 19 de abril. Para os propriet\u00e1rios que optarem pelo parcelamento em tr\u00eas, quatro ou cinco vezes, sem desconto, os vencimentos s\u00e3o em 20 de mar\u00e7o, 20 de maio, 20 de julho, 20 de agosto e 20 de setembro (ver tabelas).<\/span><span data-ccp-props=\"{&quot;201341983&quot;:0,&quot;335559739&quot;:0,&quot;335559740&quot;:240}\">\u00a0<\/span><\/p>\n<p><b><span data-contrast=\"auto\">Atraso de pagamento<\/span><\/b><span data-ccp-props=\"{&quot;201341983&quot;:0,&quot;335559739&quot;:0,&quot;335559740&quot;:240}\">\u00a0<\/span><\/p>\n<p><span data-contrast=\"auto\">O contribuinte que deixar de recolher o imposto fica sujeito a multa de 0,33% por dia de atraso e juros de mora com base na taxa Selic. Passados 60 dias, o percentual da multa fixa-se em 20% do valor do imposto.<\/span><span data-ccp-props=\"{&quot;201341983&quot;:0,&quot;335559739&quot;:0,&quot;335559740&quot;:240}\">\u00a0<\/span><\/p>\n<p><span data-contrast=\"auto\">Permanecendo a inadimpl\u00eancia do IPVA, o d\u00e9bito ser\u00e1 inscrito na D\u00edvida Ativa, al\u00e9m da inclus\u00e3o do nome do propriet\u00e1rio no Cadin Estadual, impedindo-o de aproveitar eventual cr\u00e9dito que possua por solicitar a Nota Fiscal Paulista. A partir do momento em que o d\u00e9bito de IPVA estiver inscrito, a Procuradoria Geral do Estado poder\u00e1 vir a cobr\u00e1-lo mediante protesto.<\/span><span data-ccp-props=\"{&quot;201341983&quot;:0,&quot;335559739&quot;:0,&quot;335559740&quot;:240}\">\u00a0<\/span><\/p>\n<p><span data-contrast=\"auto\">A inadimpl\u00eancia do IPVA impede o novo licenciamento do ve\u00edculo. Ap\u00f3s a data limite fixada pelo Detran para o licenciamento, o ve\u00edculo poder\u00e1 vir a ser apreendido, com multa aplicada pela autoridade de tr\u00e2nsito e sete pontos na Carteira Nacional de Habilita\u00e7\u00e3o (CNH).<\/span><span data-ccp-props=\"{&quot;201341983&quot;:0,&quot;335559739&quot;:0,&quot;335559740&quot;:240}\">\u00a0<\/span><\/p>\n<p><span data-contrast=\"auto\">Todas as informa\u00e7\u00f5es sobre IPVA podem ser consultadas na p\u00e1gina do IPVA no portal da Sefaz-SP (portal.fazenda.sp.gov.br).<\/span><span data-ccp-props=\"{&quot;201341983&quot;:0,&quot;335559739&quot;:0,&quot;335559740&quot;:240}\">\u00a0<\/span><\/p>\n<p><span data-ccp-props=\"{&quot;201341983&quot;:0,&quot;335559739&quot;:0,&quot;335559740&quot;:240}\">\u00a0<\/span><\/p>\n<\/div>\n<p><br \/>\n<br \/><a href=\"https:\/\/www.tribunaribeirao.com.br\/site\/ipva-2024-ja-esta-disponivel-para-consulta-e-pagamento\/\">Source link <\/a><\/p>\n<!-- CONTENT END 1 -->\n","protected":false},"excerpt":{"rendered":"<p>Os propriet\u00e1rios de ve\u00edculos registrados no Estado de S\u00e3o Paulo j\u00e1 podem conferir o valor do Imposto sobre a Propriedade de Ve\u00edculos Automotores (IPVA) de&#8230;<\/p>\n","protected":false},"author":1,"featured_media":21939,"comment_status":"open","ping_status":"open","sticky":false,"template":"","format":"standard","meta":{"advanced_seo_description":"","jetpack_seo_html_title":"","jetpack_seo_noindex":false,"jetpack_post_was_ever_published":false,"_jetpack_newsletter_access":"","_jetpack_dont_email_post_to_subs":false,"_jetpack_newsletter_tier_id":0,"_jetpack_memberships_contains_paywalled_content":false,"_jetpack_memberships_contains_paid_content":false,"footnotes":"","jetpack_publicize_message":"","jetpack_publicize_feature_enabled":true,"jetpack_social_post_already_shared":true,"jetpack_social_options":{"image_generator_settings":{"template":"highway","default_image_id":0,"font":"","enabled":false},"version":2}},"categories":[11],"tags":[1437,1780,656,2773,292,1232,71],"class_list":["post-21938","post","type-post","status-publish","format-standard","has-post-thumbnail","hentry","category-noticias-de-ribeirao-preto-sp-e-regiao-ismael-colosi","tag-consulta","tag-disponivel","tag-esta","tag-ipva","tag-ja","tag-pagamento","tag-para"],"jetpack_publicize_connections":[],"jetpack_featured_media_url":"https:\/\/i0.wp.com\/noticiasribeiraopreto.com.br\/wp-content\/uploads\/2023\/12\/carros-ipva.jpg?fit=700%2C450&ssl=1","jetpack-related-posts":[{"id":22932,"url":"https:\/\/noticiasribeiraopreto.com.br\/index.php\/2023\/12\/31\/qual-e-a-melhor-opcao-para-pagar-o-ipva-2024-a-vista-ou-parcelado\/","url_meta":{"origin":21938,"position":0},"title":"Qual \u00e9 a melhor op\u00e7\u00e3o para pagar o IPVA 2024: \u00e0 vista ou parcelado?","author":"noticiasribeiraopreto.com.br","date":"31 de December de 2023","format":false,"excerpt":"O Imposto sobre a Propriedade de Ve\u00edculos Automotores (IPVA) \u00e9 uma despesa comum em janeiro para os motoristas brasileiros. Decidir entre o pagamento \u00e0 vista ou parcelado pode ser uma quest\u00e3o importante. Esse tributo obrigat\u00f3rio \u00e9 calculado com base na Tabela FIPE e nas al\u00edquotas estaduais, variando de acordo com\u2026","rel":"","context":"In &quot;Vagas de Emprego em Ribeir\u00e3o Preto-SP&quot;","block_context":{"text":"Vagas de Emprego em Ribeir\u00e3o Preto-SP","link":"https:\/\/noticiasribeiraopreto.com.br\/index.php\/category\/empregos-classificados-vagas-trabalho\/vagas-de-empregos-em-ribeirao-preto-regiao-brasil\/"},"img":{"alt_text":"","src":"","width":0,"height":0},"classes":[]},{"id":61466,"url":"https:\/\/noticiasribeiraopreto.com.br\/index.php\/2024\/12\/13\/ipva-2025-governo-de-sao-paulo-divulga-regras-e-calendario-de-pagamento\/","url_meta":{"origin":21938,"position":1},"title":"IPVA 2025: Governo de S\u00e3o Paulo Divulga Regras e Calend\u00e1rio de Pagamento","author":"noticiasribeiraopreto.com.br","date":"13 de December de 2024","format":false,"excerpt":"O Governo do Estado de S\u00e3o Paulo publicou nesta sexta-feira (13) as regras e o calend\u00e1rio para o pagamento do Imposto sobre a Propriedade de Ve\u00edculos Automotores (IPVA) em 2025. Propriet\u00e1rios de ve\u00edculos registrados no estado j\u00e1 podem se planejar para quitar o tributo, que \u00e9 uma das principais fontes\u2026","rel":"","context":"In &quot;Not\u00edcias de Ribeir\u00e3o Preto-SP e Regi\u00e3o&quot;","block_context":{"text":"Not\u00edcias de Ribeir\u00e3o Preto-SP e Regi\u00e3o","link":"https:\/\/noticiasribeiraopreto.com.br\/index.php\/category\/noticias-de-ribeirao-preto-sp-e-regiao-ismael-colosi\/"},"img":{"alt_text":"","src":"https:\/\/i0.wp.com\/noticiasribeiraopreto.com.br\/wp-content\/uploads\/2024\/12\/rovros_abr_04122018-_9660.webp.webp?fit=1170%2C700&ssl=1&resize=350%2C200","width":350,"height":200,"srcset":"https:\/\/i0.wp.com\/noticiasribeiraopreto.com.br\/wp-content\/uploads\/2024\/12\/rovros_abr_04122018-_9660.webp.webp?fit=1170%2C700&ssl=1&resize=350%2C200 1x, https:\/\/i0.wp.com\/noticiasribeiraopreto.com.br\/wp-content\/uploads\/2024\/12\/rovros_abr_04122018-_9660.webp.webp?fit=1170%2C700&ssl=1&resize=525%2C300 1.5x, https:\/\/i0.wp.com\/noticiasribeiraopreto.com.br\/wp-content\/uploads\/2024\/12\/rovros_abr_04122018-_9660.webp.webp?fit=1170%2C700&ssl=1&resize=700%2C400 2x, https:\/\/i0.wp.com\/noticiasribeiraopreto.com.br\/wp-content\/uploads\/2024\/12\/rovros_abr_04122018-_9660.webp.webp?fit=1170%2C700&ssl=1&resize=1050%2C600 3x"},"classes":[]},{"id":81625,"url":"https:\/\/noticiasribeiraopreto.com.br\/index.php\/2026\/01\/12\/calendario-de-pagamento-do-ipva-2026-comeca-nesta-segunda-feira-confira\/","url_meta":{"origin":21938,"position":2},"title":"Calend\u00e1rio de pagamento do IPVA 2026 come\u00e7a nesta segunda-feira; Confira","author":"noticiasribeiraopreto.com.br","date":"12 de January de 2026","format":false,"excerpt":"O calend\u00e1rio de pagamento do IPVA (Imposto sobre a Propriedade de Ve\u00edculos Automotores) 2026 come\u00e7a nesta segunda-feira (12), no estado de S\u00e3o Paulo. Os propriet\u00e1rios de ve\u00edculos com final de placa 1 t\u00eam at\u00e9 esta segunda para quitar a cota \u00fanica, com desconto de 3%, ou a primeira parcela. Veja\u2026","rel":"","context":"In &quot;Not\u00edcias de Ribeir\u00e3o Preto-SP e Regi\u00e3o&quot;","block_context":{"text":"Not\u00edcias de Ribeir\u00e3o Preto-SP e Regi\u00e3o","link":"https:\/\/noticiasribeiraopreto.com.br\/index.php\/category\/noticias-de-ribeirao-preto-sp-e-regiao-ismael-colosi\/"},"img":{"alt_text":"","src":"https:\/\/i0.wp.com\/noticiasribeiraopreto.com.br\/wp-content\/uploads\/2026\/01\/anhanguera_2025-11-19_11-50-49.webp.webp?fit=1200%2C641&ssl=1&resize=350%2C200","width":350,"height":200,"srcset":"https:\/\/i0.wp.com\/noticiasribeiraopreto.com.br\/wp-content\/uploads\/2026\/01\/anhanguera_2025-11-19_11-50-49.webp.webp?fit=1200%2C641&ssl=1&resize=350%2C200 1x, https:\/\/i0.wp.com\/noticiasribeiraopreto.com.br\/wp-content\/uploads\/2026\/01\/anhanguera_2025-11-19_11-50-49.webp.webp?fit=1200%2C641&ssl=1&resize=525%2C300 1.5x, https:\/\/i0.wp.com\/noticiasribeiraopreto.com.br\/wp-content\/uploads\/2026\/01\/anhanguera_2025-11-19_11-50-49.webp.webp?fit=1200%2C641&ssl=1&resize=700%2C400 2x, https:\/\/i0.wp.com\/noticiasribeiraopreto.com.br\/wp-content\/uploads\/2026\/01\/anhanguera_2025-11-19_11-50-49.webp.webp?fit=1200%2C641&ssl=1&resize=1050%2C600 3x"},"classes":[]},{"id":4030,"url":"https:\/\/noticiasribeiraopreto.com.br\/index.php\/2023\/11\/20\/lista-de-carros-isentos-de-ipva-para-2024-e-divulgada\/","url_meta":{"origin":21938,"position":3},"title":"Lista de carros isentos de IPVA para 2024 \u00e9 divulgada","author":"noticiasribeiraopreto.com.br","date":"20 de November de 2023","format":false,"excerpt":"Cr\u00e9ditos: Divulga\u00e7\u00e3o\/ PixabayO pagamento do IPVA \u00e9 feito todo in\u00edcio de ano.A t\u00e3o aguardada lista de carros isentos de IPVA para o ano de 2024 foi oficialmente divulgada. No entanto, \u00e9 fundamental estar ciente de que as isen\u00e7\u00f5es podem variar de acordo com o estado em que o ve\u00edculo est\u00e1\u2026","rel":"","context":"In &quot;Variedades&quot;","block_context":{"text":"Variedades","link":"https:\/\/noticiasribeiraopreto.com.br\/index.php\/category\/variedades\/"},"img":{"alt_text":"","src":"https:\/\/i0.wp.com\/noticiasribeiraopreto.com.br\/wp-content\/uploads\/2023\/11\/ipva-1.jpg?fit=1200%2C638&ssl=1&resize=350%2C200","width":350,"height":200,"srcset":"https:\/\/i0.wp.com\/noticiasribeiraopreto.com.br\/wp-content\/uploads\/2023\/11\/ipva-1.jpg?fit=1200%2C638&ssl=1&resize=350%2C200 1x, https:\/\/i0.wp.com\/noticiasribeiraopreto.com.br\/wp-content\/uploads\/2023\/11\/ipva-1.jpg?fit=1200%2C638&ssl=1&resize=525%2C300 1.5x, https:\/\/i0.wp.com\/noticiasribeiraopreto.com.br\/wp-content\/uploads\/2023\/11\/ipva-1.jpg?fit=1200%2C638&ssl=1&resize=700%2C400 2x, https:\/\/i0.wp.com\/noticiasribeiraopreto.com.br\/wp-content\/uploads\/2023\/11\/ipva-1.jpg?fit=1200%2C638&ssl=1&resize=1050%2C600 3x"},"classes":[]},{"id":22489,"url":"https:\/\/noticiasribeiraopreto.com.br\/index.php\/2023\/12\/29\/veja-calendario-e-novas-formas-de-pagamento\/","url_meta":{"origin":21938,"position":4},"title":"veja calend\u00e1rio e novas formas de pagamento","author":"noticiasribeiraopreto.com.br","date":"29 de December de 2023","format":false,"excerpt":"Os propriet\u00e1rios de ve\u00edculos registrados no Estado de S\u00e3o Paulo j\u00e1 podem conferir o valor do Imposto sobre a Propriedade de Ve\u00edculos Automotores (IPVA) de 2024 em toda a rede banc\u00e1ria. A consulta pode ser realizada nos terminais de autoatendimento, internet banking e aplicativos de celular disponibilizados pelos bancos, bastando\u2026","rel":"","context":"In &quot;Variedades&quot;","block_context":{"text":"Variedades","link":"https:\/\/noticiasribeiraopreto.com.br\/index.php\/category\/variedades\/"},"img":{"alt_text":"","src":"https:\/\/i0.wp.com\/noticiasribeiraopreto.com.br\/wp-content\/uploads\/2023\/12\/1703904404_istock-472213201.jpg?fit=1200%2C638&ssl=1&resize=350%2C200","width":350,"height":200,"srcset":"https:\/\/i0.wp.com\/noticiasribeiraopreto.com.br\/wp-content\/uploads\/2023\/12\/1703904404_istock-472213201.jpg?fit=1200%2C638&ssl=1&resize=350%2C200 1x, https:\/\/i0.wp.com\/noticiasribeiraopreto.com.br\/wp-content\/uploads\/2023\/12\/1703904404_istock-472213201.jpg?fit=1200%2C638&ssl=1&resize=525%2C300 1.5x, https:\/\/i0.wp.com\/noticiasribeiraopreto.com.br\/wp-content\/uploads\/2023\/12\/1703904404_istock-472213201.jpg?fit=1200%2C638&ssl=1&resize=700%2C400 2x, https:\/\/i0.wp.com\/noticiasribeiraopreto.com.br\/wp-content\/uploads\/2023\/12\/1703904404_istock-472213201.jpg?fit=1200%2C638&ssl=1&resize=1050%2C600 3x"},"classes":[]},{"id":67071,"url":"https:\/\/noticiasribeiraopreto.com.br\/index.php\/2025\/04\/09\/jornal-da-franca-sp-fara-restituicao-de-ipva-a-donos-de-veiculos-roubados-ou-furtados-em-2024\/","url_meta":{"origin":21938,"position":5},"title":"Jornal da Franca &#8211; SP far\u00e1 restitui\u00e7\u00e3o de IPVA a donos de ve\u00edculos roubados ou furtados em 2024","author":"noticiasribeiraopreto.com.br","date":"9 de April de 2025","format":false,"excerpt":"compartilhar no whatsapp compartilhar no telegram compartilhar no facebook compartilhar no linkedin Secretaria da Fazenda e Planejamento reembolsar\u00e1 mais de R$ 24 milh\u00f5es divididos em quatro lotes, que teve in\u00edcio na \u00faltima segunda-feira, 7 Propriet\u00e1rios que tiveram seus ve\u00edculos roubados ou furtados em 2024 no estado de SP podem receber\u2026","rel":"","context":"In &quot;Not\u00edcias de Franca-SP&quot;","block_context":{"text":"Not\u00edcias de Franca-SP","link":"https:\/\/noticiasribeiraopreto.com.br\/index.php\/category\/noticias-de-ribeirao-preto-sp-e-regiao-ismael-colosi\/noticias-franca-sp\/"},"img":{"alt_text":"","src":"https:\/\/i0.wp.com\/noticiasribeiraopreto.com.br\/wp-content\/uploads\/2025\/04\/carros-Freepik-scaled.jpg?fit=1200%2C770&ssl=1&resize=350%2C200","width":350,"height":200,"srcset":"https:\/\/i0.wp.com\/noticiasribeiraopreto.com.br\/wp-content\/uploads\/2025\/04\/carros-Freepik-scaled.jpg?fit=1200%2C770&ssl=1&resize=350%2C200 1x, https:\/\/i0.wp.com\/noticiasribeiraopreto.com.br\/wp-content\/uploads\/2025\/04\/carros-Freepik-scaled.jpg?fit=1200%2C770&ssl=1&resize=525%2C300 1.5x, https:\/\/i0.wp.com\/noticiasribeiraopreto.com.br\/wp-content\/uploads\/2025\/04\/carros-Freepik-scaled.jpg?fit=1200%2C770&ssl=1&resize=700%2C400 2x, https:\/\/i0.wp.com\/noticiasribeiraopreto.com.br\/wp-content\/uploads\/2025\/04\/carros-Freepik-scaled.jpg?fit=1200%2C770&ssl=1&resize=1050%2C600 3x"},"classes":[]}],"jetpack_sharing_enabled":true,"jetpack_shortlink":"https:\/\/wp.me\/peQAOb-5HQ","_links":{"self":[{"href":"https:\/\/noticiasribeiraopreto.com.br\/index.php\/wp-json\/wp\/v2\/posts\/21938","targetHints":{"allow":["GET"]}}],"collection":[{"href":"https:\/\/noticiasribeiraopreto.com.br\/index.php\/wp-json\/wp\/v2\/posts"}],"about":[{"href":"https:\/\/noticiasribeiraopreto.com.br\/index.php\/wp-json\/wp\/v2\/types\/post"}],"author":[{"embeddable":true,"href":"https:\/\/noticiasribeiraopreto.com.br\/index.php\/wp-json\/wp\/v2\/users\/1"}],"replies":[{"embeddable":true,"href":"https:\/\/noticiasribeiraopreto.com.br\/index.php\/wp-json\/wp\/v2\/comments?post=21938"}],"version-history":[{"count":0,"href":"https:\/\/noticiasribeiraopreto.com.br\/index.php\/wp-json\/wp\/v2\/posts\/21938\/revisions"}],"wp:featuredmedia":[{"embeddable":true,"href":"https:\/\/noticiasribeiraopreto.com.br\/index.php\/wp-json\/wp\/v2\/media\/21939"}],"wp:attachment":[{"href":"https:\/\/noticiasribeiraopreto.com.br\/index.php\/wp-json\/wp\/v2\/media?parent=21938"}],"wp:term":[{"taxonomy":"category","embeddable":true,"href":"https:\/\/noticiasribeiraopreto.com.br\/index.php\/wp-json\/wp\/v2\/categories?post=21938"},{"taxonomy":"post_tag","embeddable":true,"href":"https:\/\/noticiasribeiraopreto.com.br\/index.php\/wp-json\/wp\/v2\/tags?post=21938"}],"curies":[{"name":"wp","href":"https:\/\/api.w.org\/{rel}","templated":true}]}}