{"id":22011,"date":"2023-12-29T00:25:26","date_gmt":"2023-12-29T03:25:26","guid":{"rendered":"https:\/\/noticiasribeiraopreto.com.br\/index.php\/2023\/12\/29\/mulher-e-presa-apos-furto-de-roupas-no-centro-de-ribeirao-preto\/"},"modified":"2023-12-29T00:25:26","modified_gmt":"2023-12-29T03:25:26","slug":"mulher-e-presa-apos-furto-de-roupas-no-centro-de-ribeirao-preto","status":"publish","type":"post","link":"https:\/\/noticiasribeiraopreto.com.br\/index.php\/2023\/12\/29\/mulher-e-presa-apos-furto-de-roupas-no-centro-de-ribeirao-preto\/","title":{"rendered":"Mulher \u00e9 presa ap\u00f3s furto de roupas no Centro de Ribeir\u00e3o Preto"},"content":{"rendered":"<div class='code-block code-block-1' style='margin: 8px 0 8px auto; text-align: right; display: block; clear: both;'>\n<p><a href=\"https:\/\/wa.link\/vpicfd\"><img data-recalc-dims=\"1\" class=\"wp-image-4922\" style=\"aspect-ratio: 2.0253164556962027; width: 561px; height: auto;\" src=\"https:\/\/i0.wp.com\/ismaelcolosi.com.br\/wp-content\/uploads\/2023\/11\/grupo-de-empregos-whatsapp-e-facebook-ismael-colosi-vagas.jpg?ssl=1\" alt=\"\" \/><\/a><\/p>\n<!-- \/wp:image -->\n<\/div>\n<p> <br \/>\n<\/p>\n<div data-td-block-uid=\"tdi_104\">\n<div class=\"tdb-block-inner td-fix-index\">\n<p><mark style=\"background-color:#fcb900\" class=\"has-inline-color has-black-color\">Uma mulher de 30 anos foi presa ap\u00f3s furtar 20 pe\u00e7as de roupas e uma bolsa em lojas no <strong>Centro de Ribeir\u00e3o Preto<\/strong><\/mark>, na \u00faltima quarta-feira (27). De acordo com o<strong> B.O. (Boletim de ocorr\u00eancia)<\/strong>, a acusada estava com duas crian\u00e7as, sendo que uma delas era o filho dela e a outra o enteado.<\/p>\n<p>Com a mulher, foram encontradas <mark style=\"background-color:#fcb900\" class=\"has-inline-color has-black-color\">nove camisetas infantis, quatro bermudas infantis, quatro bermudas para adultos e tr\u00eas pacotes de cueca para crian\u00e7as.<\/mark> Todas as pe\u00e7as estavam com etiquetas e sensores de alarme.<\/p>\n<p>Al\u00e9m das roupas, a mulher teria furtado uma bolsa em outro estabelecimento. Segundo o B.O., ao ser questionada pelos seguran\u00e7as de uma das lojas, a mulher teria empurrado um dos funcion\u00e1rios e fugido.<\/p>\n<p>Os seguran\u00e7as chamaram a <strong>Pol\u00edcia Militar<\/strong> e apontaram as caracter\u00edsticas da suspeita. Os agentes encontraram a mulher no Cal\u00e7ad\u00e3o. As roupas furtadas pela acusada estavam dentro de uma mochila.<\/p>\n<p>Foi dada voz de pris\u00e3o em flagrante e aplicada fian\u00e7a de R$ 1,5 mil, que n\u00e3o foi paga pega mulher e, por isso, ela foi encaminhada para audi\u00eancia de cust\u00f3dia. As crian\u00e7as foram entregues para a m\u00e3e do enteado da suspeita e as roupas foram devolvidas para as lojas.<\/p>\n<p>VEJA TAMB\u00c9M<\/p>\n<p>Vai passar a virada no litoral de SP? Veja as praias impr\u00f3prias para banho<\/p>\n<h4 class=\"wp-block-heading\"><strong>FIQUE ON<\/strong><\/h4>\n<p>Fique ligado em tudo que acontece em Ribeir\u00e3o Preto e regi\u00e3o. Siga os perfis do <strong>acidade on<\/strong> no <a href=\"https:\/\/www.instagram.com\/acidadeonribeirao\" target=\"_blank\" rel=\"noreferrer noopener nofollow\">Instagram<\/a> e no <a href=\"https:\/\/www.facebook.com\/acidadeonribeirao\" target=\"_blank\" rel=\"noreferrer noopener nofollow\">Facebook<\/a>.<\/p>\n<p>Receba not\u00edcias do <strong>acidade on<\/strong> no WhatsApp. <a href=\"https:\/\/chat.whatsapp.com\/Bnv2w66ZT4VDyZW3oiZ69n\" target=\"_blank\" rel=\"noreferrer noopener nofollow\">Para entrar no grupo, basta clicar aqui.<\/a><\/p>\n<p>Fa\u00e7a uma den\u00fancia ou sugira uma reportagem sobre a Ribeir\u00e3o Preto e regi\u00e3o pelo WhatsApp: (16) 99117 7802.<\/p>\n<p>LEIA MAIS<\/p>\n<p>R\u00e9veillon 2023: Como vai ser o clima durante o Ano Novo?<\/p>\n<p><!-- AI CONTENT END 1 -->\n<\/div>\n<\/div>\n<p><script async src=\"\/\/www.instagram.com\/embed.js\"><\/script><br \/>\n<br \/><br \/>\n<br \/><a href=\"https:\/\/www.acidadeon.com\/ribeiraopreto\/cotidiano\/mulher-e-presa-apos-furto-de-roupas-no-centro-de-ribeirao-preto\/\">Source link <\/a><\/p>\n<!-- CONTENT END 1 -->\n","protected":false},"excerpt":{"rendered":"<p>Uma mulher de 30 anos foi presa ap\u00f3s furtar 20 pe\u00e7as de roupas e uma bolsa em lojas no Centro de Ribeir\u00e3o Preto, na \u00faltima&#8230;<\/p>\n","protected":false},"author":1,"featured_media":22012,"comment_status":"open","ping_status":"open","sticky":false,"template":"","format":"standard","meta":{"advanced_seo_description":"","jetpack_seo_html_title":"","jetpack_seo_noindex":false,"jetpack_post_was_ever_published":false,"_jetpack_newsletter_access":"","_jetpack_dont_email_post_to_subs":false,"_jetpack_newsletter_tier_id":0,"_jetpack_memberships_contains_paywalled_content":false,"_jetpack_memberships_contains_paid_content":false,"footnotes":"","jetpack_publicize_message":"","jetpack_publicize_feature_enabled":true,"jetpack_social_post_already_shared":true,"jetpack_social_options":{"image_generator_settings":{"template":"highway","default_image_id":0,"font":"","enabled":false},"version":2}},"categories":[11],"tags":[37,418,2782,325,182,27,26,2113],"class_list":["post-22011","post","type-post","status-publish","format-standard","has-post-thumbnail","hentry","category-noticias-de-ribeirao-preto-sp-e-regiao-ismael-colosi","tag-apos","tag-centro","tag-furto","tag-mulher","tag-presa","tag-preto","tag-ribeirao","tag-roupas"],"jetpack_publicize_connections":[],"jetpack_featured_media_url":"https:\/\/i0.wp.com\/noticiasribeiraopreto.com.br\/wp-content\/uploads\/2023\/12\/loja-de-roupa.jpg?fit=2000%2C1333&ssl=1","jetpack-related-posts":[{"id":80540,"url":"https:\/\/noticiasribeiraopreto.com.br\/index.php\/2025\/12\/05\/mulher-e-detida-usando-crianca-e-bebe-em-furto-no-calcadao\/","url_meta":{"origin":22011,"position":0},"title":"Mulher \u00e9 detida usando crian\u00e7a e beb\u00ea em furto no cal\u00e7ad\u00e3o","author":"noticiasribeiraopreto.com.br","date":"5 de December de 2025","format":false,"excerpt":"\r Ela havia furtado dois vestidos, uma bermuda e uma blusa, usando a crian\u00e7a mais velha para esconder as roupas no carrinho do beb\u00ea\r \r 5 de dezembro de 2025 10:07 \r Compartilhar1 Por: Adalberto Luque Uma mulher foi presa, no in\u00edcio da noite desta quinta-feira (4), por furto. Ela\u2026","rel":"","context":"In &quot;Not\u00edcias de Ribeir\u00e3o Preto-SP e Regi\u00e3o&quot;","block_context":{"text":"Not\u00edcias de Ribeir\u00e3o Preto-SP e Regi\u00e3o","link":"https:\/\/noticiasribeiraopreto.com.br\/index.php\/category\/noticias-de-ribeirao-preto-sp-e-regiao-ismael-colosi\/"},"img":{"alt_text":"","src":"https:\/\/i0.wp.com\/noticiasribeiraopreto.com.br\/wp-content\/uploads\/2025\/12\/05-dez-2025-furtocalcadao1-scaled.jpg?fit=1200%2C503&ssl=1&resize=350%2C200","width":350,"height":200,"srcset":"https:\/\/i0.wp.com\/noticiasribeiraopreto.com.br\/wp-content\/uploads\/2025\/12\/05-dez-2025-furtocalcadao1-scaled.jpg?fit=1200%2C503&ssl=1&resize=350%2C200 1x, https:\/\/i0.wp.com\/noticiasribeiraopreto.com.br\/wp-content\/uploads\/2025\/12\/05-dez-2025-furtocalcadao1-scaled.jpg?fit=1200%2C503&ssl=1&resize=525%2C300 1.5x, https:\/\/i0.wp.com\/noticiasribeiraopreto.com.br\/wp-content\/uploads\/2025\/12\/05-dez-2025-furtocalcadao1-scaled.jpg?fit=1200%2C503&ssl=1&resize=700%2C400 2x, https:\/\/i0.wp.com\/noticiasribeiraopreto.com.br\/wp-content\/uploads\/2025\/12\/05-dez-2025-furtocalcadao1-scaled.jpg?fit=1200%2C503&ssl=1&resize=1050%2C600 3x"},"classes":[]},{"id":60743,"url":"https:\/\/noticiasribeiraopreto.com.br\/index.php\/2024\/11\/24\/tres-mulheres-sao-presas-por-furto-de-roupas-em-loja-no-centro-de-ribeirao\/","url_meta":{"origin":22011,"position":1},"title":"Tr\u00eas mulheres s\u00e3o presas por furto de roupas em loja no Centro de Ribeir\u00e3o","author":"noticiasribeiraopreto.com.br","date":"24 de November de 2024","format":false,"excerpt":"A GCM (Guarda Civil Metropolitana) prendeu tr\u00eas mulheres neste s\u00e1bado (23), entre as quais uma gr\u00e1vida, suspeitas de furto de roupas em uma loja no Cal\u00e7ad\u00e3o do Centro de Ribeir\u00e3o Preto. Uma cliente avisou uma das vendedoras sobre a a\u00e7\u00e3o no estabelecimento. As roupas, avaliadas em R$ 4 mil, n\u00e3o\u2026","rel":"","context":"In &quot;Not\u00edcias de Ribeir\u00e3o Preto-SP e Regi\u00e3o&quot;","block_context":{"text":"Not\u00edcias de Ribeir\u00e3o Preto-SP e Regi\u00e3o","link":"https:\/\/noticiasribeiraopreto.com.br\/index.php\/category\/noticias-de-ribeirao-preto-sp-e-regiao-ismael-colosi\/"},"img":{"alt_text":"","src":"https:\/\/i0.wp.com\/noticiasribeiraopreto.com.br\/wp-content\/uploads\/2024\/11\/cpj_policia_1024x576_21012021082231.jpg?fit=1024%2C576&ssl=1&resize=350%2C200","width":350,"height":200,"srcset":"https:\/\/i0.wp.com\/noticiasribeiraopreto.com.br\/wp-content\/uploads\/2024\/11\/cpj_policia_1024x576_21012021082231.jpg?fit=1024%2C576&ssl=1&resize=350%2C200 1x, https:\/\/i0.wp.com\/noticiasribeiraopreto.com.br\/wp-content\/uploads\/2024\/11\/cpj_policia_1024x576_21012021082231.jpg?fit=1024%2C576&ssl=1&resize=525%2C300 1.5x, https:\/\/i0.wp.com\/noticiasribeiraopreto.com.br\/wp-content\/uploads\/2024\/11\/cpj_policia_1024x576_21012021082231.jpg?fit=1024%2C576&ssl=1&resize=700%2C400 2x"},"classes":[]},{"id":15530,"url":"https:\/\/noticiasribeiraopreto.com.br\/index.php\/2023\/12\/13\/quatro-pessoas-sao-presas-suspeitas-de-furtarem-r-50-mil-em-roupas-de-shopping-da-zona-sul-de-ribeirao\/","url_meta":{"origin":22011,"position":2},"title":"Quatro pessoas s\u00e3o presas suspeitas de furtarem R$ 50 mil em roupas de shopping da zona Sul de Ribeir\u00e3o","author":"noticiasribeiraopreto.com.br","date":"13 de December de 2023","format":false,"excerpt":"Uma quadrilha suspeita de furtar roupas em um shopping da zona Sul de Ribeir\u00e3o Preto foi presa, nesta quarta-feira (13). Junto com os integrantes, uma adolescente de 17 anos tamb\u00e9m foi apreendida. De acordo com a Pol\u00edcia Civil, pelo menos duas lojas do Ribeir\u00e3o Shopping foram furtadas. Cerca de R$\u2026","rel":"","context":"In &quot;Not\u00edcias de Ribeir\u00e3o Preto-SP e Regi\u00e3o&quot;","block_context":{"text":"Not\u00edcias de Ribeir\u00e3o Preto-SP e Regi\u00e3o","link":"https:\/\/noticiasribeiraopreto.com.br\/index.php\/category\/noticias-de-ribeirao-preto-sp-e-regiao-ismael-colosi\/"},"img":{"alt_text":"","src":"https:\/\/i0.wp.com\/noticiasribeiraopreto.com.br\/wp-content\/uploads\/2023\/12\/Copia-de-Copia-de-TAMANHO-EXATO-PARA-FOTOS-NO-SISTEMA-NOVO-21.png?fit=1200%2C675&ssl=1&resize=350%2C200","width":350,"height":200,"srcset":"https:\/\/i0.wp.com\/noticiasribeiraopreto.com.br\/wp-content\/uploads\/2023\/12\/Copia-de-Copia-de-TAMANHO-EXATO-PARA-FOTOS-NO-SISTEMA-NOVO-21.png?fit=1200%2C675&ssl=1&resize=350%2C200 1x, https:\/\/i0.wp.com\/noticiasribeiraopreto.com.br\/wp-content\/uploads\/2023\/12\/Copia-de-Copia-de-TAMANHO-EXATO-PARA-FOTOS-NO-SISTEMA-NOVO-21.png?fit=1200%2C675&ssl=1&resize=525%2C300 1.5x, https:\/\/i0.wp.com\/noticiasribeiraopreto.com.br\/wp-content\/uploads\/2023\/12\/Copia-de-Copia-de-TAMANHO-EXATO-PARA-FOTOS-NO-SISTEMA-NOVO-21.png?fit=1200%2C675&ssl=1&resize=700%2C400 2x, https:\/\/i0.wp.com\/noticiasribeiraopreto.com.br\/wp-content\/uploads\/2023\/12\/Copia-de-Copia-de-TAMANHO-EXATO-PARA-FOTOS-NO-SISTEMA-NOVO-21.png?fit=1200%2C675&ssl=1&resize=1050%2C600 3x"},"classes":[]},{"id":46365,"url":"https:\/\/noticiasribeiraopreto.com.br\/index.php\/2024\/04\/11\/empresario-acusa-enteada-de-furto-de-joias-avaliadas-em-r-40-mil-em-ribeirao\/","url_meta":{"origin":22011,"position":3},"title":"Empres\u00e1rio acusa enteada de furto de joias avaliadas em R$ 40 mil em Ribeir\u00e3o","author":"noticiasribeiraopreto.com.br","date":"11 de April de 2024","format":false,"excerpt":"Um empres\u00e1rio de 55 anos acusa a enteada de furtar joias avaliadas em R$ 40 mil do apartamento da fam\u00edlia, no Centro de Ribeir\u00e3o Preto. De acordo com o B.O. (boletim de ocorr\u00eancia), os furtos aconteceram no final de mar\u00e7o e na \u00faltima quarta-feira (10). O relato aponta que a\u2026","rel":"","context":"In &quot;Not\u00edcias de Ribeir\u00e3o Preto-SP e Regi\u00e3o&quot;","block_context":{"text":"Not\u00edcias de Ribeir\u00e3o Preto-SP e Regi\u00e3o","link":"https:\/\/noticiasribeiraopreto.com.br\/index.php\/category\/noticias-de-ribeirao-preto-sp-e-regiao-ismael-colosi\/"},"img":{"alt_text":"","src":"https:\/\/i0.wp.com\/noticiasribeiraopreto.com.br\/wp-content\/uploads\/2024\/04\/1712843395_cpj_1024x576_04082020121137.jpg?fit=1024%2C575&ssl=1&resize=350%2C200","width":350,"height":200,"srcset":"https:\/\/i0.wp.com\/noticiasribeiraopreto.com.br\/wp-content\/uploads\/2024\/04\/1712843395_cpj_1024x576_04082020121137.jpg?fit=1024%2C575&ssl=1&resize=350%2C200 1x, https:\/\/i0.wp.com\/noticiasribeiraopreto.com.br\/wp-content\/uploads\/2024\/04\/1712843395_cpj_1024x576_04082020121137.jpg?fit=1024%2C575&ssl=1&resize=525%2C300 1.5x, https:\/\/i0.wp.com\/noticiasribeiraopreto.com.br\/wp-content\/uploads\/2024\/04\/1712843395_cpj_1024x576_04082020121137.jpg?fit=1024%2C575&ssl=1&resize=700%2C400 2x"},"classes":[]},{"id":78061,"url":"https:\/\/noticiasribeiraopreto.com.br\/index.php\/2025\/10\/01\/mulher-e-presa-suspeita-de-tentar-sequestrar-crianca-em-ribeirao-preto\/","url_meta":{"origin":22011,"position":4},"title":"Mulher \u00e9 presa suspeita de tentar sequestrar crian\u00e7a em Ribeir\u00e3o Preto","author":"noticiasribeiraopreto.com.br","date":"1 de October de 2025","format":false,"excerpt":"Uma mulher de 43 anos foi presa na tarde desta ter\u00e7a-feira (30), suspeita de tentar sequestrar uma menina de 10 anos, no Jardim Paiva, zona Oeste de Ribeir\u00e3o Preto. Segundo o boletim de ocorr\u00eancia (BO), a crian\u00e7a aguardava por uma prima em um ponto de \u00f4nibus na rua V\u00edtor Jo\u00e3o\u2026","rel":"","context":"In &quot;Not\u00edcias de Ribeir\u00e3o Preto-SP e Regi\u00e3o&quot;","block_context":{"text":"Not\u00edcias de Ribeir\u00e3o Preto-SP e Regi\u00e3o","link":"https:\/\/noticiasribeiraopreto.com.br\/index.php\/category\/noticias-de-ribeirao-preto-sp-e-regiao-ismael-colosi\/"},"img":{"alt_text":"","src":"https:\/\/i0.wp.com\/noticiasribeiraopreto.com.br\/wp-content\/uploads\/2025\/06\/policia-militar-nova-2_2025-04-24_13-01-57.webp.webp?fit=1200%2C799&ssl=1&resize=350%2C200","width":350,"height":200,"srcset":"https:\/\/i0.wp.com\/noticiasribeiraopreto.com.br\/wp-content\/uploads\/2025\/06\/policia-militar-nova-2_2025-04-24_13-01-57.webp.webp?fit=1200%2C799&ssl=1&resize=350%2C200 1x, https:\/\/i0.wp.com\/noticiasribeiraopreto.com.br\/wp-content\/uploads\/2025\/06\/policia-militar-nova-2_2025-04-24_13-01-57.webp.webp?fit=1200%2C799&ssl=1&resize=525%2C300 1.5x, https:\/\/i0.wp.com\/noticiasribeiraopreto.com.br\/wp-content\/uploads\/2025\/06\/policia-militar-nova-2_2025-04-24_13-01-57.webp.webp?fit=1200%2C799&ssl=1&resize=700%2C400 2x, https:\/\/i0.wp.com\/noticiasribeiraopreto.com.br\/wp-content\/uploads\/2025\/06\/policia-militar-nova-2_2025-04-24_13-01-57.webp.webp?fit=1200%2C799&ssl=1&resize=1050%2C600 3x"},"classes":[]},{"id":43476,"url":"https:\/\/noticiasribeiraopreto.com.br\/index.php\/2024\/03\/21\/veja-o-que-diz-a-defesa-da-mulher-presa-apos-confusao-em-loja-de-conveniencia-de-ribeirao\/","url_meta":{"origin":22011,"position":5},"title":"Veja o que diz a defesa da mulher presa ap\u00f3s confus\u00e3o em loja de conveni\u00eancia de Ribeir\u00e3o","author":"noticiasribeiraopreto.com.br","date":"21 de March de 2024","format":false,"excerpt":"A defesa da engenheira agr\u00f4noma Ana Paula Junqueira, que foi presa na noite do \u00faltimo s\u00e1bado (16), ap\u00f3s uma confus\u00e3o em uma loja de conveni\u00eancia de um posto de combust\u00edveis no Jardim Paulista, em Ribeir\u00e3o Preto, pediu para Justi\u00e7a a liberdade da mulher. A defesa alega que Ana Paula faz\u2026","rel":"","context":"In &quot;Not\u00edcias de Ribeir\u00e3o Preto-SP e Regi\u00e3o&quot;","block_context":{"text":"Not\u00edcias de Ribeir\u00e3o Preto-SP e Regi\u00e3o","link":"https:\/\/noticiasribeiraopreto.com.br\/index.php\/category\/noticias-de-ribeirao-preto-sp-e-regiao-ismael-colosi\/"},"img":{"alt_text":"","src":"https:\/\/i0.wp.com\/noticiasribeiraopreto.com.br\/wp-content\/uploads\/2024\/03\/ENGENHEIRA.jpg?fit=1200%2C809&ssl=1&resize=350%2C200","width":350,"height":200,"srcset":"https:\/\/i0.wp.com\/noticiasribeiraopreto.com.br\/wp-content\/uploads\/2024\/03\/ENGENHEIRA.jpg?fit=1200%2C809&ssl=1&resize=350%2C200 1x, https:\/\/i0.wp.com\/noticiasribeiraopreto.com.br\/wp-content\/uploads\/2024\/03\/ENGENHEIRA.jpg?fit=1200%2C809&ssl=1&resize=525%2C300 1.5x, https:\/\/i0.wp.com\/noticiasribeiraopreto.com.br\/wp-content\/uploads\/2024\/03\/ENGENHEIRA.jpg?fit=1200%2C809&ssl=1&resize=700%2C400 2x, https:\/\/i0.wp.com\/noticiasribeiraopreto.com.br\/wp-content\/uploads\/2024\/03\/ENGENHEIRA.jpg?fit=1200%2C809&ssl=1&resize=1050%2C600 3x"},"classes":[]}],"jetpack_sharing_enabled":true,"jetpack_shortlink":"https:\/\/wp.me\/peQAOb-5J1","_links":{"self":[{"href":"https:\/\/noticiasribeiraopreto.com.br\/index.php\/wp-json\/wp\/v2\/posts\/22011","targetHints":{"allow":["GET"]}}],"collection":[{"href":"https:\/\/noticiasribeiraopreto.com.br\/index.php\/wp-json\/wp\/v2\/posts"}],"about":[{"href":"https:\/\/noticiasribeiraopreto.com.br\/index.php\/wp-json\/wp\/v2\/types\/post"}],"author":[{"embeddable":true,"href":"https:\/\/noticiasribeiraopreto.com.br\/index.php\/wp-json\/wp\/v2\/users\/1"}],"replies":[{"embeddable":true,"href":"https:\/\/noticiasribeiraopreto.com.br\/index.php\/wp-json\/wp\/v2\/comments?post=22011"}],"version-history":[{"count":0,"href":"https:\/\/noticiasribeiraopreto.com.br\/index.php\/wp-json\/wp\/v2\/posts\/22011\/revisions"}],"wp:featuredmedia":[{"embeddable":true,"href":"https:\/\/noticiasribeiraopreto.com.br\/index.php\/wp-json\/wp\/v2\/media\/22012"}],"wp:attachment":[{"href":"https:\/\/noticiasribeiraopreto.com.br\/index.php\/wp-json\/wp\/v2\/media?parent=22011"}],"wp:term":[{"taxonomy":"category","embeddable":true,"href":"https:\/\/noticiasribeiraopreto.com.br\/index.php\/wp-json\/wp\/v2\/categories?post=22011"},{"taxonomy":"post_tag","embeddable":true,"href":"https:\/\/noticiasribeiraopreto.com.br\/index.php\/wp-json\/wp\/v2\/tags?post=22011"}],"curies":[{"name":"wp","href":"https:\/\/api.w.org\/{rel}","templated":true}]}}