{"id":22114,"date":"2023-12-29T07:51:16","date_gmt":"2023-12-29T10:51:16","guid":{"rendered":"https:\/\/noticiasribeiraopreto.com.br\/index.php\/2023\/12\/29\/os-10-destinos-mais-buscados-pelos-brasileiros-no-google\/"},"modified":"2023-12-29T07:51:16","modified_gmt":"2023-12-29T10:51:16","slug":"os-10-destinos-mais-buscados-pelos-brasileiros-no-google","status":"publish","type":"post","link":"https:\/\/noticiasribeiraopreto.com.br\/index.php\/2023\/12\/29\/os-10-destinos-mais-buscados-pelos-brasileiros-no-google\/","title":{"rendered":"Os 10 destinos mais buscados pelos brasileiros no Google"},"content":{"rendered":"<div class='code-block code-block-1' style='margin: 8px 0 8px auto; text-align: right; display: block; clear: both;'>\n<p><a href=\"https:\/\/wa.link\/vpicfd\"><img data-recalc-dims=\"1\" class=\"wp-image-4922\" style=\"aspect-ratio: 2.0253164556962027; width: 561px; height: auto;\" src=\"https:\/\/i0.wp.com\/ismaelcolosi.com.br\/wp-content\/uploads\/2023\/11\/grupo-de-empregos-whatsapp-e-facebook-ismael-colosi-vagas.jpg?ssl=1\" alt=\"\" \/><\/a><\/p>\n<!-- \/wp:image -->\n<\/div>\n<p> <br \/>\n<\/p>\n<div>\n<p>Levantamento do <a href=\"https:\/\/trends.google.com.br\/trends\/yis\/2023\/BR\/?hl=pt-BR\" target=\"_blank\" rel=\"noopener\">Google<\/a> apontou os dez destinos tur\u00edsticos mais buscados pelos brasileiros na plataforma entre os meses de janeiro e in\u00edcio de dezembro de 2023.<\/p>\n<p>A pesquisa, publicada no portal <a href=\"https:\/\/g1.globo.com\/turismo-e-viagem\/noticia\/2023\/12\/25\/destinos-turisticos-google-2023.ghtml\" target=\"_blank\" rel=\"noopener\">G1<\/a>, revela que das dez cidades da lista, cinco est\u00e3o no <a href=\"https:\/\/catracalivre.com.br\/viagem-livre\/carmel-tem-resorts-em-destinos-paradisiacos-no-litoral-do-ceara\/\">Nordeste<\/a>, duas do Sudeste e duas do Sul, al\u00e9m de uma dos Estados Unidos.<\/p>\n<div id=\"attachment_2267381\" class=\"wp-caption aligncenter\">\n<div class=\"d-flex justify-content-center\" data-attachment-id=\"2267381\">\n<div class=\"position-relative d-inline-block\"><img data-recalc-dims=\"1\" data-portal-copyright=\"Divulga\u00e7\u00e3o\/CVC\" fetchpriority=\"high\" decoding=\"async\" class=\"size-large wp-image-2267381\" src=\"https:\/\/i0.wp.com\/catracalivre.com.br\/wp-content\/uploads\/2023\/04\/porto-seguro-divulgacao-cvc-910x465.jpg?resize=910%2C465&#038;ssl=1\" alt=\"Porto Seguro (BA) est\u00e1 entre os destinos mais pesquisados pelos brasileiros no Google\" width=\"910\" height=\"465\" srcset=\"https:\/\/catracalivre.com.br\/wp-content\/uploads\/2023\/04\/porto-seguro-divulgacao-cvc-910x465.jpg 910w, https:\/\/catracalivre.com.br\/wp-content\/uploads\/2023\/04\/porto-seguro-divulgacao-cvc-450x230.jpg 450w, https:\/\/catracalivre.com.br\/wp-content\/uploads\/2023\/04\/porto-seguro-divulgacao-cvc-768x393.jpg 768w\" sizes=\"(max-width: 910px) 100vw, 910px\"\/><\/p>\n<p>Cr\u00e9ditos: Divulga\u00e7\u00e3o\/CVC<\/p>\n<\/div>\n<\/div>\n<p><span class=\"post-imagem__legenda\">Porto Seguro (BA) est\u00e1 entre os destinos mais pesquisados pelos brasileiros no Google<\/span><\/p>\n<\/div>\n<p>O destino mais buscado pelos brasileiros foi o Rio de Janeiro, seguido de S\u00e3o Paulo e Porto Seguro, no sul da Bahia.<\/p>\n<p>Completam o ranking, Orlando (EUA), Gramado (RS), Fortaleza (CE), Salvador (BA), Curitiba (PR), Porto de Galinhas (PE) e Macei\u00f3 (AL).<\/p>\n<p>A lista pode ser uma inspira\u00e7\u00e3o para viajar nos feriados de 2024 (confira as datas <a href=\"https:\/\/catracalivre.com.br\/viagem-livre\/feriados-em-2024-confira-as-datas-e-planeje-suas-viagens\/\">aqui<\/a>).<\/p>\n<h2>10 destinos mais buscados pelos brasileiros no Google<\/h2>\n<ol>\n<li>Rio de Janeiro<\/li>\n<li>S\u00e3o Paulo<\/li>\n<li>Porto Seguro<\/li>\n<li>Orlando<\/li>\n<li>Gramado<\/li>\n<li>Fortaleza<\/li>\n<li>Salvador<\/li>\n<li>Curitiba<\/li>\n<li>Ipojuca<\/li>\n<li>Macei\u00f3<\/li>\n<\/ol>\n<h2>Bahia, destino favorito dos brasileiros<\/h2>\n<p>Recentemente, a Preply, plataforma de estudos de idiomas online, fez uma pesquisa para descobrir quais s\u00e3o os destinos favoritos dos brasileiros para <a href=\"https:\/\/catracalivre.com.br\/viagem-livre\/catraca-livre-revela-quais-sao-os-10-destinos-de-viagem-favoritos-dos-brasileiros\/\">viajar nos pr\u00f3ximos meses<\/a>. A Bahia liderou a lista.<\/p>\n<div id=\"attachment_2328504\" class=\"wp-caption aligncenter\">\n<div class=\"d-flex justify-content-center\" data-attachment-id=\"2328504\">\n<div class=\"position-relative d-inline-block\"><img data-recalc-dims=\"1\" loading=\"lazy\" data-portal-copyright=\"Camila1111\/iStock\" decoding=\"async\" class=\"size-large wp-image-2328504\" src=\"https:\/\/i0.wp.com\/catracalivre.com.br\/wp-content\/uploads\/2023\/12\/itacare-bahia-910x589.jpg?resize=910%2C589&#038;ssl=1\" alt=\"Praia da Engenhoca, em Itacar\u00e9, no sul da Bahia; estado \u00e9 o destino preferidos dos viajantes brasileiros\" width=\"910\" height=\"589\" srcset=\"https:\/\/catracalivre.com.br\/wp-content\/uploads\/2023\/12\/itacare-bahia-910x589.jpg 910w, https:\/\/catracalivre.com.br\/wp-content\/uploads\/2023\/12\/itacare-bahia-450x292.jpg 450w, https:\/\/catracalivre.com.br\/wp-content\/uploads\/2023\/12\/itacare-bahia-768x498.jpg 768w\" sizes=\"auto, (max-width: 910px) 100vw, 910px\"\/><\/p>\n<p>Cr\u00e9ditos: Camila1111\/iStock<\/p>\n<\/div>\n<\/div>\n<p><span class=\"post-imagem__legenda\">Praia da Engenhoca, em Itacar\u00e9, no sul da Bahia; estado \u00e9 o destino preferidos dos viajantes brasileiros<\/span><\/p>\n<\/div>\n<p>O estado foi escolhido por 27% dos entrevistados, enquanto Santa Catarina e Rio de Janeiro ficaram com a segunda e a terceira coloca\u00e7\u00f5es com 25% e 23% das inten\u00e7\u00f5es, respectivamente.<\/p>\n<p>Os principais motivos, segundo os entrevistados, est\u00e3o o ritmo do ax\u00e9 e os sabores t\u00edpicos da gastronomia baiana.<\/p>\n<p>Completam o top 10 Cear\u00e1 (22%); Rio Grande do Sul (20%); S\u00e3o Paulo, Minas Gerais e Pernambuco (16%);<br \/>Alagoas e Rio Grande do Norte (13%); Maranh\u00e3o (11%); Amazonas (10%) e Paran\u00e1 (8%).<\/p>\n<\/div>\n<p><script>\n\t\t! function(f, b, e, v, n, t, s) {\n\t\t\tif (f.fbq) return;\n\t\t\tn = f.fbq = function() {\n\t\t\t\tn.callMethod ?\n\t\t\t\t\tn.callMethod.apply(n, arguments) : n.queue.push(arguments)\n\t\t\t};\n\t\t\tif (!f._fbq) f._fbq = n;\n\t\t\tn.push = n;\n\t\t\tn.loaded = !0;\n\t\t\tn.version = '2.0';\n\t\t\tn.queue = [];\n\t\t\tt = b.createElement(e);\n\t\t\tt.async = !0;\n\t\t\tt.src = v;\n\t\t\ts = b.getElementsByTagName(e)[0];\n\t\t\ts.parentNode.insertBefore(t, s)\n\t\t}(window, document, 'script',\n\t\t\t'https:\/\/connect.facebook.net\/en_US\/fbevents.js');\n\t\tfbq('init', '338315473262380');\n\t\tfbq('track', 'PageView');\n\t<\/script><br \/>\n<br \/><br \/>\n<br \/><a href=\"https:\/\/catracalivre.com.br\/viagem-livre\/os-10-destinos-mais-buscados-pelos-brasileiros-no-google\/\">Source link <\/a><\/p>\n<!-- CONTENT END 1 -->\n","protected":false},"excerpt":{"rendered":"<p>Levantamento do Google apontou os dez destinos tur\u00edsticos mais buscados pelos brasileiros na plataforma entre os meses de janeiro e in\u00edcio de dezembro de 2023&#8230;.<\/p>\n","protected":false},"author":1,"featured_media":22115,"comment_status":"open","ping_status":"open","sticky":false,"template":"","format":"standard","meta":{"advanced_seo_description":"","jetpack_seo_html_title":"","jetpack_seo_noindex":false,"jetpack_post_was_ever_published":false,"_jetpack_newsletter_access":"","_jetpack_dont_email_post_to_subs":false,"_jetpack_newsletter_tier_id":0,"_jetpack_memberships_contains_paywalled_content":false,"_jetpack_memberships_contains_paid_content":false,"footnotes":"","jetpack_publicize_message":"","jetpack_publicize_feature_enabled":true,"jetpack_social_post_already_shared":true,"jetpack_social_options":{"image_generator_settings":{"template":"highway","default_image_id":0,"font":"","enabled":false},"version":2}},"categories":[19],"tags":[],"class_list":["post-22114","post","type-post","status-publish","format-standard","has-post-thumbnail","hentry","category-variedades"],"jetpack_publicize_connections":[],"jetpack_featured_media_url":"https:\/\/i0.wp.com\/noticiasribeiraopreto.com.br\/wp-content\/uploads\/2023\/12\/porto-seguro-divulgacao-cvc-scaled.jpg?fit=1200%2C638&ssl=1","jetpack-related-posts":[{"id":31167,"url":"https:\/\/noticiasribeiraopreto.com.br\/index.php\/2024\/01\/21\/top-10-destinos-internacionais-mais-visitados-pelos-brasileiros\/","url_meta":{"origin":22114,"position":0},"title":"Top 10 destinos internacionais mais visitados pelos brasileiros","author":"noticiasribeiraopreto.com.br","date":"21 de January de 2024","format":false,"excerpt":"Nos \u00faltimos anos, os brasileiros t\u00eam expandido cada vez mais seus horizontes ao decidir para onde ir\u00e3o em suas f\u00e9rias. O gosto pela aventura, a busca por novas culturas e experi\u00eancias, a melhoria do poder de compra, a facilidade de acesso a informa\u00e7\u00f5es e a crescente conectividade a\u00e9rea contribu\u00edram para\u2026","rel":"","context":"In &quot;Blog&quot;","block_context":{"text":"Blog","link":"https:\/\/noticiasribeiraopreto.com.br\/index.php\/category\/blog\/"},"img":{"alt_text":"","src":"https:\/\/i0.wp.com\/noticiasribeiraopreto.com.br\/wp-content\/uploads\/2024\/01\/viagens-internacionais.png?fit=600%2C384&ssl=1&resize=350%2C200","width":350,"height":200,"srcset":"https:\/\/i0.wp.com\/noticiasribeiraopreto.com.br\/wp-content\/uploads\/2024\/01\/viagens-internacionais.png?fit=600%2C384&ssl=1&resize=350%2C200 1x, https:\/\/i0.wp.com\/noticiasribeiraopreto.com.br\/wp-content\/uploads\/2024\/01\/viagens-internacionais.png?fit=600%2C384&ssl=1&resize=525%2C300 1.5x"},"classes":[]},{"id":16894,"url":"https:\/\/noticiasribeiraopreto.com.br\/index.php\/2023\/12\/16\/catraca-livre-revela-quais-sao-os-10-destinos-de-viagem-favoritos-dos-brasileiros\/","url_meta":{"origin":22114,"position":1},"title":"Catraca Livre revela quais s\u00e3o os 10 destinos de viagem favoritos dos brasileiros","author":"noticiasribeiraopreto.com.br","date":"16 de December de 2023","format":false,"excerpt":"Fernando de Noronha, Pantanal ou Amaz\u00f4nia? A Preply, plataforma de estudos de idiomas online, fez uma pesquisa para descobrir quais s\u00e3o os destinos favorito dos brasileiros? Esque\u00e7a as tr\u00eas op\u00e7\u00f5es listadas no come\u00e7o. A queridinha da vez \u00e9 a Bahia! Destino multicultural, o estado nordestino lidera a prefer\u00eancia dos brasileiros\u2026","rel":"","context":"In &quot;Variedades&quot;","block_context":{"text":"Variedades","link":"https:\/\/noticiasribeiraopreto.com.br\/index.php\/category\/variedades\/"},"img":{"alt_text":"","src":"https:\/\/i0.wp.com\/noticiasribeiraopreto.com.br\/wp-content\/uploads\/2023\/12\/itacare-bahia.jpg?fit=1200%2C638&ssl=1&resize=350%2C200","width":350,"height":200,"srcset":"https:\/\/i0.wp.com\/noticiasribeiraopreto.com.br\/wp-content\/uploads\/2023\/12\/itacare-bahia.jpg?fit=1200%2C638&ssl=1&resize=350%2C200 1x, https:\/\/i0.wp.com\/noticiasribeiraopreto.com.br\/wp-content\/uploads\/2023\/12\/itacare-bahia.jpg?fit=1200%2C638&ssl=1&resize=525%2C300 1.5x, https:\/\/i0.wp.com\/noticiasribeiraopreto.com.br\/wp-content\/uploads\/2023\/12\/itacare-bahia.jpg?fit=1200%2C638&ssl=1&resize=700%2C400 2x, https:\/\/i0.wp.com\/noticiasribeiraopreto.com.br\/wp-content\/uploads\/2023\/12\/itacare-bahia.jpg?fit=1200%2C638&ssl=1&resize=1050%2C600 3x"},"classes":[]},{"id":21332,"url":"https:\/\/noticiasribeiraopreto.com.br\/index.php\/2023\/12\/27\/destinos-exoticos-estao-no-radar-dos-brasileiros-em-2024\/","url_meta":{"origin":22114,"position":2},"title":"Destinos ex\u00f3ticos est\u00e3o no radar dos brasileiros em 2024","author":"noticiasribeiraopreto.com.br","date":"27 de December de 2023","format":false,"excerpt":"A busca por destinos ex\u00f3ticos \u00e9 uma tend\u00eancia dos \u00faltimos anos. Desde 2020, o mercado do turismo observou a consolida\u00e7\u00e3o do turismo de experi\u00eancia, que vinha sendo destacado pela Organiza\u00e7\u00e3o Mundial do Turismo (OMT) desde 1997. Segundo relat\u00f3rio de Tend\u00eancias globais de viagem para 2024 divulgado pela Visa, 28% dos\u2026","rel":"","context":"In &quot;Variedades&quot;","block_context":{"text":"Variedades","link":"https:\/\/noticiasribeiraopreto.com.br\/index.php\/category\/variedades\/"},"img":{"alt_text":"","src":"https:\/\/i0.wp.com\/noticiasribeiraopreto.com.br\/wp-content\/uploads\/2023\/12\/campo-coberto-de-vegetacao-cercado-por-zebras-sob-a-luz-do-sol-e-um-ceu-azul.jpg?fit=1200%2C638&ssl=1&resize=350%2C200","width":350,"height":200,"srcset":"https:\/\/i0.wp.com\/noticiasribeiraopreto.com.br\/wp-content\/uploads\/2023\/12\/campo-coberto-de-vegetacao-cercado-por-zebras-sob-a-luz-do-sol-e-um-ceu-azul.jpg?fit=1200%2C638&ssl=1&resize=350%2C200 1x, https:\/\/i0.wp.com\/noticiasribeiraopreto.com.br\/wp-content\/uploads\/2023\/12\/campo-coberto-de-vegetacao-cercado-por-zebras-sob-a-luz-do-sol-e-um-ceu-azul.jpg?fit=1200%2C638&ssl=1&resize=525%2C300 1.5x, https:\/\/i0.wp.com\/noticiasribeiraopreto.com.br\/wp-content\/uploads\/2023\/12\/campo-coberto-de-vegetacao-cercado-por-zebras-sob-a-luz-do-sol-e-um-ceu-azul.jpg?fit=1200%2C638&ssl=1&resize=700%2C400 2x, https:\/\/i0.wp.com\/noticiasribeiraopreto.com.br\/wp-content\/uploads\/2023\/12\/campo-coberto-de-vegetacao-cercado-por-zebras-sob-a-luz-do-sol-e-um-ceu-azul.jpg?fit=1200%2C638&ssl=1&resize=1050%2C600 3x"},"classes":[]},{"id":20338,"url":"https:\/\/noticiasribeiraopreto.com.br\/index.php\/2023\/12\/25\/estes-sao-os-destinos-mais-desejados-pelos-brasileiros-para-os-proximos-meses\/","url_meta":{"origin":22114,"position":3},"title":"Estes s\u00e3o os destinos mais desejados pelos brasileiros para os pr\u00f3ximos meses","author":"noticiasribeiraopreto.com.br","date":"25 de December de 2023","format":false,"excerpt":"Pesquisa revelou quais os destinos mais desejados pelos brasileiros para viajar nos pr\u00f3ximos meses. Esque\u00e7a as praias paradis\u00edacas do Nordeste ou as belezas naturais do Norte e Centro-Oeste. Rio de Janeiro, S\u00e3o Paulo e Belo Horizonte se destacam no levantamento realizado pelo Instituto Qualibest. As prefer\u00eancias revelam n\u00e3o apenas as\u2026","rel":"","context":"In &quot;Variedades&quot;","block_context":{"text":"Variedades","link":"https:\/\/noticiasribeiraopreto.com.br\/index.php\/category\/variedades\/"},"img":{"alt_text":"","src":"https:\/\/i0.wp.com\/noticiasribeiraopreto.com.br\/wp-content\/uploads\/2023\/12\/praia-de-copacabana.jpg?fit=1200%2C638&ssl=1&resize=350%2C200","width":350,"height":200,"srcset":"https:\/\/i0.wp.com\/noticiasribeiraopreto.com.br\/wp-content\/uploads\/2023\/12\/praia-de-copacabana.jpg?fit=1200%2C638&ssl=1&resize=350%2C200 1x, https:\/\/i0.wp.com\/noticiasribeiraopreto.com.br\/wp-content\/uploads\/2023\/12\/praia-de-copacabana.jpg?fit=1200%2C638&ssl=1&resize=525%2C300 1.5x, https:\/\/i0.wp.com\/noticiasribeiraopreto.com.br\/wp-content\/uploads\/2023\/12\/praia-de-copacabana.jpg?fit=1200%2C638&ssl=1&resize=700%2C400 2x, https:\/\/i0.wp.com\/noticiasribeiraopreto.com.br\/wp-content\/uploads\/2023\/12\/praia-de-copacabana.jpg?fit=1200%2C638&ssl=1&resize=1050%2C600 3x"},"classes":[]},{"id":776,"url":"https:\/\/noticiasribeiraopreto.com.br\/index.php\/2023\/11\/09\/celular-e-o-desejo-de-consumo-do-brasileiro-na-black-friday\/","url_meta":{"origin":22114,"position":4},"title":"Celular \u00e9 o desejo de consumo do brasileiro na Black Friday","author":"noticiasribeiraopreto.com.br","date":"9 de November de 2023","format":false,"excerpt":"Uma pesquisa apontou que o celular \u00e9 o produto preferido dos brasileiros para as compras da Black Friday. Em 2024, a promo\u00e7\u00e3o acontece no dia 24 de novembro. A pesquisa foi feita em julho deste ano pela Offerwise a pedido do Google. Consoles e jogos tamb\u00e9m se destacaram no levantamento.\u2026","rel":"","context":"In &quot;Not\u00edcias de Ribeir\u00e3o Preto-SP e Regi\u00e3o&quot;","block_context":{"text":"Not\u00edcias de Ribeir\u00e3o Preto-SP e Regi\u00e3o","link":"https:\/\/noticiasribeiraopreto.com.br\/index.php\/category\/noticias-de-ribeirao-preto-sp-e-regiao-ismael-colosi\/"},"img":{"alt_text":"","src":"https:\/\/i0.wp.com\/noticiasribeiraopreto.com.br\/wp-content\/uploads\/2023\/11\/samsung-1283938_1280.jpg?fit=1200%2C800&ssl=1&resize=350%2C200","width":350,"height":200,"srcset":"https:\/\/i0.wp.com\/noticiasribeiraopreto.com.br\/wp-content\/uploads\/2023\/11\/samsung-1283938_1280.jpg?fit=1200%2C800&ssl=1&resize=350%2C200 1x, https:\/\/i0.wp.com\/noticiasribeiraopreto.com.br\/wp-content\/uploads\/2023\/11\/samsung-1283938_1280.jpg?fit=1200%2C800&ssl=1&resize=525%2C300 1.5x, https:\/\/i0.wp.com\/noticiasribeiraopreto.com.br\/wp-content\/uploads\/2023\/11\/samsung-1283938_1280.jpg?fit=1200%2C800&ssl=1&resize=700%2C400 2x, https:\/\/i0.wp.com\/noticiasribeiraopreto.com.br\/wp-content\/uploads\/2023\/11\/samsung-1283938_1280.jpg?fit=1200%2C800&ssl=1&resize=1050%2C600 3x"},"classes":[]},{"id":66178,"url":"https:\/\/noticiasribeiraopreto.com.br\/index.php\/2025\/03\/28\/jornal-da-franca-com-uso-excessivo-de-telas-miopia-em-criancas-tem-mostrado-alteracao-em-franca\/","url_meta":{"origin":22114,"position":5},"title":"Jornal da Franca &#8211; Com uso excessivo de telas, miopia em crian\u00e7as tem mostrado altera\u00e7\u00e3o em Franca","author":"noticiasribeiraopreto.com.br","date":"28 de March de 2025","format":false,"excerpt":"compartilhar no whatsapp compartilhar no telegram compartilhar no facebook compartilhar no linkedin Dados do Conselho Brasileiro de Oftalmologia apontam que em 70% dos entrevistados houve progress\u00e3o de grau Sete em cada dez m\u00e9dicos entrevistados em um levantamento do Conselho Brasileiro de Oftalmologia (CBO) identificaram progress\u00e3o de miopia em crian\u00e7as. Em\u2026","rel":"","context":"In &quot;Not\u00edcias de Franca-SP&quot;","block_context":{"text":"Not\u00edcias de Franca-SP","link":"https:\/\/noticiasribeiraopreto.com.br\/index.php\/category\/noticias-de-ribeirao-preto-sp-e-regiao-ismael-colosi\/noticias-franca-sp\/"},"img":{"alt_text":"","src":"https:\/\/i0.wp.com\/noticiasribeiraopreto.com.br\/wp-content\/uploads\/2025\/03\/IMG-20210802-WA0030.jpg?fit=1170%2C700&ssl=1&resize=350%2C200","width":350,"height":200,"srcset":"https:\/\/i0.wp.com\/noticiasribeiraopreto.com.br\/wp-content\/uploads\/2025\/03\/IMG-20210802-WA0030.jpg?fit=1170%2C700&ssl=1&resize=350%2C200 1x, https:\/\/i0.wp.com\/noticiasribeiraopreto.com.br\/wp-content\/uploads\/2025\/03\/IMG-20210802-WA0030.jpg?fit=1170%2C700&ssl=1&resize=525%2C300 1.5x, https:\/\/i0.wp.com\/noticiasribeiraopreto.com.br\/wp-content\/uploads\/2025\/03\/IMG-20210802-WA0030.jpg?fit=1170%2C700&ssl=1&resize=700%2C400 2x, https:\/\/i0.wp.com\/noticiasribeiraopreto.com.br\/wp-content\/uploads\/2025\/03\/IMG-20210802-WA0030.jpg?fit=1170%2C700&ssl=1&resize=1050%2C600 3x"},"classes":[]}],"jetpack_sharing_enabled":true,"jetpack_shortlink":"https:\/\/wp.me\/peQAOb-5KG","_links":{"self":[{"href":"https:\/\/noticiasribeiraopreto.com.br\/index.php\/wp-json\/wp\/v2\/posts\/22114","targetHints":{"allow":["GET"]}}],"collection":[{"href":"https:\/\/noticiasribeiraopreto.com.br\/index.php\/wp-json\/wp\/v2\/posts"}],"about":[{"href":"https:\/\/noticiasribeiraopreto.com.br\/index.php\/wp-json\/wp\/v2\/types\/post"}],"author":[{"embeddable":true,"href":"https:\/\/noticiasribeiraopreto.com.br\/index.php\/wp-json\/wp\/v2\/users\/1"}],"replies":[{"embeddable":true,"href":"https:\/\/noticiasribeiraopreto.com.br\/index.php\/wp-json\/wp\/v2\/comments?post=22114"}],"version-history":[{"count":0,"href":"https:\/\/noticiasribeiraopreto.com.br\/index.php\/wp-json\/wp\/v2\/posts\/22114\/revisions"}],"wp:featuredmedia":[{"embeddable":true,"href":"https:\/\/noticiasribeiraopreto.com.br\/index.php\/wp-json\/wp\/v2\/media\/22115"}],"wp:attachment":[{"href":"https:\/\/noticiasribeiraopreto.com.br\/index.php\/wp-json\/wp\/v2\/media?parent=22114"}],"wp:term":[{"taxonomy":"category","embeddable":true,"href":"https:\/\/noticiasribeiraopreto.com.br\/index.php\/wp-json\/wp\/v2\/categories?post=22114"},{"taxonomy":"post_tag","embeddable":true,"href":"https:\/\/noticiasribeiraopreto.com.br\/index.php\/wp-json\/wp\/v2\/tags?post=22114"}],"curies":[{"name":"wp","href":"https:\/\/api.w.org\/{rel}","templated":true}]}}